{"id":24820,"date":"2024-01-11T11:00:28","date_gmt":"2024-01-11T10:00:28","guid":{"rendered":"https:\/\/radioleinewelle.de\/?p=24820"},"modified":"2024-01-11T11:00:30","modified_gmt":"2024-01-11T10:00:30","slug":"nach-der-demonstration-kommt-der-dialog","status":"publish","type":"post","link":"https:\/\/radioleinewelle.de\/index.php\/2024\/01\/11\/nach-der-demonstration-kommt-der-dialog\/","title":{"rendered":"Nach der Demonstration kommt der Dialog"},"content":{"rendered":"\n<p>Die gro\u00dfe Bauerndemonstration am Montag in G\u00f6ttingen hat gezeigt, das auch in S\u00fcdniedersachsen der Unmut \u00fcber die Streichung der Agrarsubventionen gro\u00df ist. Die Beteiligung zahlreicher Fuhrunternehmer und Handwerksbetriebe am Protest belegen grundlegende strukturelle Probleme im unternehmerischen Mittelstand. Probleme, die Berufsgruppen \u00fcbergreifend genannt wurden:<br>&#8211; erh\u00f6hter Kostendruck durch internationalen Wettbewerb<br>&#8211; steigende Kosten durch steuerliche Abgaben<br>&#8211; zunehmende B\u00fcrokratie, die Arbeitskraft bindet<br>&#8211; Regulierungswut und undurchschaubare Gesetzgebung, insbesondere durch die EU<br>&#8211; Fachkr\u00e4ftemangel<br>&#8211; Wegfall von notwendiger Infrastruktur im s\u00fcdnieders\u00e4chsischen Raum (z.B. Futtermittel- Verarbeitung)<br>Alles Themen, die weit \u00fcber den aktuellen Anlass der Bauernproteste hinausgehen. In der Region sind zun\u00e4chst keine weiteren Aktionen geplant, au\u00dfer die der Teilnahme an Gro\u00dfkundgebungen in Hannover und Berlin. <\/p>\n\n\n\n<figure class=\"wp-block-gallery has-nested-images columns-default is-cropped wp-block-gallery-1 is-layout-flex wp-block-gallery-is-layout-flex\">\n<figure class=\"wp-block-image size-large\"><img loading=\"lazy\" decoding=\"async\" width=\"640\" height=\"480\" data-id=\"24821\" src=\"https:\/\/radioleinewelle.de\/wp-content\/uploads\/2024\/01\/Trcker5.jpg\" alt=\"\" class=\"wp-image-24821\" srcset=\"https:\/\/radioleinewelle.de\/wp-content\/uploads\/2024\/01\/Trcker5.jpg 640w, https:\/\/radioleinewelle.de\/wp-content\/uploads\/2024\/01\/Trcker5-300x225.jpg 300w\" sizes=\"(max-width: 640px) 100vw, 640px\" \/><\/figure>\n\n\n\n<figure class=\"wp-block-image size-large\"><img loading=\"lazy\" decoding=\"async\" width=\"640\" height=\"360\" data-id=\"24822\" src=\"https:\/\/radioleinewelle.de\/wp-content\/uploads\/2024\/01\/Trecker4.jpg\" alt=\"\" class=\"wp-image-24822\" srcset=\"https:\/\/radioleinewelle.de\/wp-content\/uploads\/2024\/01\/Trecker4.jpg 640w, https:\/\/radioleinewelle.de\/wp-content\/uploads\/2024\/01\/Trecker4-300x169.jpg 300w\" sizes=\"(max-width: 640px) 100vw, 640px\" \/><\/figure>\n\n\n\n<figure class=\"wp-block-image size-large\"><img loading=\"lazy\" decoding=\"async\" width=\"640\" height=\"480\" data-id=\"24823\" src=\"https:\/\/radioleinewelle.de\/wp-content\/uploads\/2024\/01\/Trecker3.jpg\" alt=\"\" class=\"wp-image-24823\" srcset=\"https:\/\/radioleinewelle.de\/wp-content\/uploads\/2024\/01\/Trecker3.jpg 640w, https:\/\/radioleinewelle.de\/wp-content\/uploads\/2024\/01\/Trecker3-300x225.jpg 300w\" sizes=\"(max-width: 640px) 100vw, 640px\" \/><\/figure>\n\n\n\n<figure class=\"wp-block-image size-large\"><img loading=\"lazy\" decoding=\"async\" width=\"640\" height=\"480\" data-id=\"24825\" src=\"https:\/\/radioleinewelle.de\/wp-content\/uploads\/2024\/01\/Trecker2.jpg\" alt=\"\" class=\"wp-image-24825\" srcset=\"https:\/\/radioleinewelle.de\/wp-content\/uploads\/2024\/01\/Trecker2.jpg 640w, https:\/\/radioleinewelle.de\/wp-content\/uploads\/2024\/01\/Trecker2-300x225.jpg 300w\" sizes=\"(max-width: 640px) 100vw, 640px\" \/><\/figure>\n\n\n\n<figure class=\"wp-block-image size-large\"><img loading=\"lazy\" decoding=\"async\" width=\"640\" height=\"480\" data-id=\"24824\" src=\"https:\/\/radioleinewelle.de\/wp-content\/uploads\/2024\/01\/Trecker1.jpg\" alt=\"\" class=\"wp-image-24824\" srcset=\"https:\/\/radioleinewelle.de\/wp-content\/uploads\/2024\/01\/Trecker1.jpg 640w, https:\/\/radioleinewelle.de\/wp-content\/uploads\/2024\/01\/Trecker1-300x225.jpg 300w\" sizes=\"(max-width: 640px) 100vw, 640px\" \/><\/figure>\n<\/figure>\n\n\n\n<p><\/p>\n\n\n\n<p>Zudem laufen erste Gespr\u00e4che mit den Abgeordneten aus der Region. Am vergangenen Dienstag den 09. 01.  fand ein vertrauensvolles Gespr\u00e4ch zwischen den Vertreterinnen und Vertretern des Landvolk Northeim-Osterode Kreisbauernverband e. V. und politischen Mandatstr\u00e4gern in Einbeck statt.  Der Verband mit ca. 2.200 Mitgliedern vertritt die Interessen der Landwirtschaft im Landkreis Northeim und dem Altkreis Osterode. Seitens der politischen Mandatstr\u00e4ger nahmen Frauke Heiligenstadt MdB (SPD), Sebastian Penno MdL (SPD) und Karolin Otte MdB (B\u00fcndnis90\/Die Gr\u00fcnen) an dem Gespr\u00e4ch teil.<\/p>\n\n\n\n<p>Herr Hartmann als Vorsitzender und Herr Bartens als Gesch\u00e4ftsf\u00fchrer erl\u00e4uterten die aktuelle Situation und Auswirkungen der geplanten Ma\u00dfnahmen auf die Betriebe. &#8222;Die Landwirtschaft leistet einen wichtigen Beitrag zur Sicherung einer nachhaltigen Ern\u00e4hrung. Gleichzeitig \u00fcbernehmen die landwirtschaftlichen Betriebe wichtige gesamtgesellschaftliche Aufgaben wie z. B. aktuell bei der Bew\u00e4ltigung der Hochwasserlagen. Frauke Heiligenstadt abschlie\u00dfend: <br><em>&#8222;Die Landwirtschaft ist ein wichtiger Akteur, gerade im l\u00e4ndlichen Raum. Deshalb gilt es Rahmenbedingungen zu schaffen, die einfach, verst\u00e4ndlich, praktikabel, nachhaltig, gesellschaftlich gerecht und \u00f6konomisch vern\u00fcnftig sind. Demokratie lebt vom Dialog, nicht von Aggression. Mein Verst\u00e4ndnis nach langj\u00e4hriger Erfahrung in politischen Aushandlungsprozessen ist eindeutig: Politik geht nur im Dialog.&#8220;<\/em><\/p>\n\n\n\n<p>Politik im Dialog scheint in S\u00fcdniedersachsen zu funktionieren, eine Teilnahme, bzw. der Versuch einer Unterwanderung  der gro\u00dfen Demonstration am Montag durch Rechtsradikale, war nicht zu sehen.<br>Ulf Engelmayer<\/p>\n\n\n\n<p><\/p>\n\n\n\n<p><strong>Fotos:<\/strong> \u00a9Radio Leinewelle <em>Jutta Engelmayer<\/em><\/p>\n","protected":false},"excerpt":{"rendered":"<p>Die gro\u00dfe Bauerndemonstration am Montag in G\u00f6ttingen hat gezeigt, das auch in S\u00fcdniedersachsen der Unmut \u00fcber die Streichung der Agrarsubventionen gro\u00df ist. Die Beteiligung zahlreicher Fuhrunternehmer und Handwerksbetriebe am Protest belegen grundlegende strukturelle Probleme im unternehmerischen Mittelstand. Probleme, die Berufsgruppen \u00fcbergreifend genannt wurden:&#8211; erh\u00f6hter Kostendruck durch internationalen Wettbewerb&#8211; steigende Kosten durch steuerliche Abgaben&#8211; zunehmende B\u00fcrokratie, [&hellip;]<\/p>\n","protected":false},"author":1,"featured_media":24830,"comment_status":"open","ping_status":"open","sticky":true,"template":"","format":"standard","meta":{"saved_in_kubio":false,"footnotes":""},"categories":[53],"tags":[4129],"class_list":["post-24820","post","type-post","status-publish","format-standard","has-post-thumbnail","hentry","category-gesellschaft","tag-bauernproteste"],"yoast_head":"<!-- This site is optimized with the Yoast SEO plugin v27.4 - https:\/\/yoast.com\/product\/yoast-seo-wordpress\/ -->\n<title>Nach der Demonstration kommt der Dialog - Radio Leinewelle<\/title>\n<meta name=\"robots\" content=\"index, follow, max-snippet:-1, max-image-preview:large, max-video-preview:-1\" \/>\n<link rel=\"canonical\" href=\"https:\/\/radioleinewelle.de\/index.php\/2024\/01\/11\/nach-der-demonstration-kommt-der-dialog\/\" \/>\n<meta property=\"og:locale\" content=\"de_DE\" \/>\n<meta property=\"og:type\" content=\"article\" \/>\n<meta property=\"og:title\" content=\"Nach der Demonstration kommt der Dialog - Radio Leinewelle\" \/>\n<meta property=\"og:description\" content=\"Die gro\u00dfe Bauerndemonstration am Montag in G\u00f6ttingen hat gezeigt, das auch in S\u00fcdniedersachsen der Unmut \u00fcber die Streichung der Agrarsubventionen gro\u00df ist. Die Beteiligung zahlreicher Fuhrunternehmer und Handwerksbetriebe am Protest belegen grundlegende strukturelle Probleme im unternehmerischen Mittelstand. Probleme, die Berufsgruppen \u00fcbergreifend genannt wurden:&#8211; erh\u00f6hter Kostendruck durch internationalen Wettbewerb&#8211; steigende Kosten durch steuerliche Abgaben&#8211; zunehmende B\u00fcrokratie, [&hellip;]\" \/>\n<meta property=\"og:url\" content=\"https:\/\/radioleinewelle.de\/index.php\/2024\/01\/11\/nach-der-demonstration-kommt-der-dialog\/\" \/>\n<meta property=\"og:site_name\" content=\"Radio Leinewelle\" \/>\n<meta property=\"article:publisher\" content=\"https:\/\/www.facebook.com\/radioleinewelle\" \/>\n<meta property=\"article:author\" content=\"https:\/\/www.facebook.com\/radioleinewelle\" \/>\n<meta property=\"article:published_time\" content=\"2024-01-11T10:00:28+00:00\" \/>\n<meta property=\"article:modified_time\" content=\"2024-01-11T10:00:30+00:00\" \/>\n<meta property=\"og:image\" content=\"https:\/\/radioleinewelle.de\/wp-content\/uploads\/2024\/01\/Bauerndemo-Schuetzenplatz-Goettingen-Sony-JE-101-scaled-e1704967145647.jpg\" \/>\n\t<meta property=\"og:image:width\" content=\"843\" \/>\n\t<meta property=\"og:image:height\" content=\"598\" \/>\n\t<meta property=\"og:image:type\" content=\"image\/jpeg\" \/>\n<meta name=\"author\" content=\"Leinewelle\" \/>\n<meta name=\"twitter:card\" content=\"summary_large_image\" \/>\n<meta name=\"twitter:creator\" content=\"@https:\/\/twitter.com\/RLeinewelle?ref_src=twsrcgoogletwcampserptwgrauthor\" \/>\n<meta name=\"twitter:site\" content=\"@RLeinewelle\" \/>\n<meta name=\"twitter:label1\" content=\"Verfasst von\" \/>\n\t<meta name=\"twitter:data1\" content=\"Leinewelle\" \/>\n\t<meta name=\"twitter:label2\" content=\"Gesch\u00e4tzte Lesezeit\" \/>\n\t<meta name=\"twitter:data2\" content=\"3\u00a0Minuten\" \/>\n<script type=\"application\/ld+json\" class=\"yoast-schema-graph\">{\"@context\":\"https:\\\/\\\/schema.org\",\"@graph\":[{\"@type\":\"Article\",\"@id\":\"https:\\\/\\\/radioleinewelle.de\\\/index.php\\\/2024\\\/01\\\/11\\\/nach-der-demonstration-kommt-der-dialog\\\/#article\",\"isPartOf\":{\"@id\":\"https:\\\/\\\/radioleinewelle.de\\\/index.php\\\/2024\\\/01\\\/11\\\/nach-der-demonstration-kommt-der-dialog\\\/\"},\"author\":{\"name\":\"Leinewelle\",\"@id\":\"https:\\\/\\\/radioleinewelle.de\\\/#\\\/schema\\\/person\\\/45606f348637df637192dc1b68399a63\"},\"headline\":\"Nach der Demonstration kommt der Dialog\",\"datePublished\":\"2024-01-11T10:00:28+00:00\",\"dateModified\":\"2024-01-11T10:00:30+00:00\",\"mainEntityOfPage\":{\"@id\":\"https:\\\/\\\/radioleinewelle.de\\\/index.php\\\/2024\\\/01\\\/11\\\/nach-der-demonstration-kommt-der-dialog\\\/\"},\"wordCount\":357,\"commentCount\":0,\"publisher\":{\"@id\":\"https:\\\/\\\/radioleinewelle.de\\\/#organization\"},\"image\":{\"@id\":\"https:\\\/\\\/radioleinewelle.de\\\/index.php\\\/2024\\\/01\\\/11\\\/nach-der-demonstration-kommt-der-dialog\\\/#primaryimage\"},\"thumbnailUrl\":\"https:\\\/\\\/radioleinewelle.de\\\/wp-content\\\/uploads\\\/2024\\\/01\\\/Bauerndemo-Schuetzenplatz-Goettingen-Sony-JE-101-scaled-e1704967145647.jpg\",\"keywords\":[\"Bauernproteste\"],\"articleSection\":[\"Gesellschaft\"],\"inLanguage\":\"de\",\"potentialAction\":[{\"@type\":\"CommentAction\",\"name\":\"Comment\",\"target\":[\"https:\\\/\\\/radioleinewelle.de\\\/index.php\\\/2024\\\/01\\\/11\\\/nach-der-demonstration-kommt-der-dialog\\\/#respond\"]}]},{\"@type\":\"WebPage\",\"@id\":\"https:\\\/\\\/radioleinewelle.de\\\/index.php\\\/2024\\\/01\\\/11\\\/nach-der-demonstration-kommt-der-dialog\\\/\",\"url\":\"https:\\\/\\\/radioleinewelle.de\\\/index.php\\\/2024\\\/01\\\/11\\\/nach-der-demonstration-kommt-der-dialog\\\/\",\"name\":\"Nach der Demonstration kommt der Dialog - Radio Leinewelle\",\"isPartOf\":{\"@id\":\"https:\\\/\\\/radioleinewelle.de\\\/#website\"},\"primaryImageOfPage\":{\"@id\":\"https:\\\/\\\/radioleinewelle.de\\\/index.php\\\/2024\\\/01\\\/11\\\/nach-der-demonstration-kommt-der-dialog\\\/#primaryimage\"},\"image\":{\"@id\":\"https:\\\/\\\/radioleinewelle.de\\\/index.php\\\/2024\\\/01\\\/11\\\/nach-der-demonstration-kommt-der-dialog\\\/#primaryimage\"},\"thumbnailUrl\":\"https:\\\/\\\/radioleinewelle.de\\\/wp-content\\\/uploads\\\/2024\\\/01\\\/Bauerndemo-Schuetzenplatz-Goettingen-Sony-JE-101-scaled-e1704967145647.jpg\",\"datePublished\":\"2024-01-11T10:00:28+00:00\",\"dateModified\":\"2024-01-11T10:00:30+00:00\",\"breadcrumb\":{\"@id\":\"https:\\\/\\\/radioleinewelle.de\\\/index.php\\\/2024\\\/01\\\/11\\\/nach-der-demonstration-kommt-der-dialog\\\/#breadcrumb\"},\"inLanguage\":\"de\",\"potentialAction\":[{\"@type\":\"ReadAction\",\"target\":[\"https:\\\/\\\/radioleinewelle.de\\\/index.php\\\/2024\\\/01\\\/11\\\/nach-der-demonstration-kommt-der-dialog\\\/\"]}]},{\"@type\":\"ImageObject\",\"inLanguage\":\"de\",\"@id\":\"https:\\\/\\\/radioleinewelle.de\\\/index.php\\\/2024\\\/01\\\/11\\\/nach-der-demonstration-kommt-der-dialog\\\/#primaryimage\",\"url\":\"https:\\\/\\\/radioleinewelle.de\\\/wp-content\\\/uploads\\\/2024\\\/01\\\/Bauerndemo-Schuetzenplatz-Goettingen-Sony-JE-101-scaled-e1704967145647.jpg\",\"contentUrl\":\"https:\\\/\\\/radioleinewelle.de\\\/wp-content\\\/uploads\\\/2024\\\/01\\\/Bauerndemo-Schuetzenplatz-Goettingen-Sony-JE-101-scaled-e1704967145647.jpg\",\"width\":843,\"height\":598},{\"@type\":\"BreadcrumbList\",\"@id\":\"https:\\\/\\\/radioleinewelle.de\\\/index.php\\\/2024\\\/01\\\/11\\\/nach-der-demonstration-kommt-der-dialog\\\/#breadcrumb\",\"itemListElement\":[{\"@type\":\"ListItem\",\"position\":1,\"name\":\"Startseite\",\"item\":\"https:\\\/\\\/radioleinewelle.de\\\/\"},{\"@type\":\"ListItem\",\"position\":2,\"name\":\"Nach der Demonstration kommt der Dialog\"}]},{\"@type\":\"WebSite\",\"@id\":\"https:\\\/\\\/radioleinewelle.de\\\/#website\",\"url\":\"https:\\\/\\\/radioleinewelle.de\\\/\",\"name\":\"Radio Leinewelle\",\"description\":\"\",\"publisher\":{\"@id\":\"https:\\\/\\\/radioleinewelle.de\\\/#organization\"},\"potentialAction\":[{\"@type\":\"SearchAction\",\"target\":{\"@type\":\"EntryPoint\",\"urlTemplate\":\"https:\\\/\\\/radioleinewelle.de\\\/?s={search_term_string}\"},\"query-input\":{\"@type\":\"PropertyValueSpecification\",\"valueRequired\":true,\"valueName\":\"search_term_string\"}}],\"inLanguage\":\"de\"},{\"@type\":\"Organization\",\"@id\":\"https:\\\/\\\/radioleinewelle.de\\\/#organization\",\"name\":\"Radio Leinewelle\",\"alternateName\":\"Mein Radio f\u00fcr S\u00fcdniedersachsen\",\"url\":\"https:\\\/\\\/radioleinewelle.de\\\/\",\"logo\":{\"@type\":\"ImageObject\",\"inLanguage\":\"de\",\"@id\":\"https:\\\/\\\/radioleinewelle.de\\\/#\\\/schema\\\/logo\\\/image\\\/\",\"url\":\"https:\\\/\\\/radioleinewelle.de\\\/wp-content\\\/uploads\\\/2023\\\/11\\\/cropped-Leinewelle_Logo_weiss.png\",\"contentUrl\":\"https:\\\/\\\/radioleinewelle.de\\\/wp-content\\\/uploads\\\/2023\\\/11\\\/cropped-Leinewelle_Logo_weiss.png\",\"width\":854,\"height\":260,\"caption\":\"Radio Leinewelle\"},\"image\":{\"@id\":\"https:\\\/\\\/radioleinewelle.de\\\/#\\\/schema\\\/logo\\\/image\\\/\"},\"sameAs\":[\"https:\\\/\\\/www.facebook.com\\\/radioleinewelle\",\"https:\\\/\\\/x.com\\\/RLeinewelle\",\"https:\\\/\\\/www.instagram.com\\\/radioleinewelle\\\/?hl=de\"]},{\"@type\":\"Person\",\"@id\":\"https:\\\/\\\/radioleinewelle.de\\\/#\\\/schema\\\/person\\\/45606f348637df637192dc1b68399a63\",\"name\":\"Leinewelle\",\"image\":{\"@type\":\"ImageObject\",\"inLanguage\":\"de\",\"@id\":\"https:\\\/\\\/secure.gravatar.com\\\/avatar\\\/05c9a17bc973052ee5d91549bd32fb4dd0dc85b7b85ae94b2e2b4943476bbea5?s=96&d=blank&r=g\",\"url\":\"https:\\\/\\\/secure.gravatar.com\\\/avatar\\\/05c9a17bc973052ee5d91549bd32fb4dd0dc85b7b85ae94b2e2b4943476bbea5?s=96&d=blank&r=g\",\"contentUrl\":\"https:\\\/\\\/secure.gravatar.com\\\/avatar\\\/05c9a17bc973052ee5d91549bd32fb4dd0dc85b7b85ae94b2e2b4943476bbea5?s=96&d=blank&r=g\",\"caption\":\"Leinewelle\"},\"sameAs\":[\"http:\\\/\\\/localhost\\\/radio%20leinewelle\\\/wordpress\",\"https:\\\/\\\/www.facebook.com\\\/radioleinewelle\",\"https:\\\/\\\/www.instagram.com\\\/radioleinewelle\",\"https:\\\/\\\/x.com\\\/https:\\\/\\\/twitter.com\\\/RLeinewelle?ref_src=twsrcgoogletwcampserptwgrauthor\",\"https:\\\/\\\/soundcloud.com\\\/foerderverein-lokalradio?utm_source=clipboard&utm_medium=text&utm_campaign=social_sharing\"],\"url\":\"https:\\\/\\\/radioleinewelle.de\\\/index.php\\\/author\\\/leinewelle\\\/\"}]}<\/script>\n<!-- \/ Yoast SEO plugin. -->","yoast_head_json":{"title":"Nach der Demonstration kommt der Dialog - Radio Leinewelle","robots":{"index":"index","follow":"follow","max-snippet":"max-snippet:-1","max-image-preview":"max-image-preview:large","max-video-preview":"max-video-preview:-1"},"canonical":"https:\/\/radioleinewelle.de\/index.php\/2024\/01\/11\/nach-der-demonstration-kommt-der-dialog\/","og_locale":"de_DE","og_type":"article","og_title":"Nach der Demonstration kommt der Dialog - Radio Leinewelle","og_description":"Die gro\u00dfe Bauerndemonstration am Montag in G\u00f6ttingen hat gezeigt, das auch in S\u00fcdniedersachsen der Unmut \u00fcber die Streichung der Agrarsubventionen gro\u00df ist. Die Beteiligung zahlreicher Fuhrunternehmer und Handwerksbetriebe am Protest belegen grundlegende strukturelle Probleme im unternehmerischen Mittelstand. Probleme, die Berufsgruppen \u00fcbergreifend genannt wurden:&#8211; erh\u00f6hter Kostendruck durch internationalen Wettbewerb&#8211; steigende Kosten durch steuerliche Abgaben&#8211; zunehmende B\u00fcrokratie, [&hellip;]","og_url":"https:\/\/radioleinewelle.de\/index.php\/2024\/01\/11\/nach-der-demonstration-kommt-der-dialog\/","og_site_name":"Radio Leinewelle","article_publisher":"https:\/\/www.facebook.com\/radioleinewelle","article_author":"https:\/\/www.facebook.com\/radioleinewelle","article_published_time":"2024-01-11T10:00:28+00:00","article_modified_time":"2024-01-11T10:00:30+00:00","og_image":[{"width":843,"height":598,"url":"https:\/\/radioleinewelle.de\/wp-content\/uploads\/2024\/01\/Bauerndemo-Schuetzenplatz-Goettingen-Sony-JE-101-scaled-e1704967145647.jpg","type":"image\/jpeg"}],"author":"Leinewelle","twitter_card":"summary_large_image","twitter_creator":"@https:\/\/twitter.com\/RLeinewelle?ref_src=twsrcgoogletwcampserptwgrauthor","twitter_site":"@RLeinewelle","twitter_misc":{"Verfasst von":"Leinewelle","Gesch\u00e4tzte Lesezeit":"3\u00a0Minuten"},"schema":{"@context":"https:\/\/schema.org","@graph":[{"@type":"Article","@id":"https:\/\/radioleinewelle.de\/index.php\/2024\/01\/11\/nach-der-demonstration-kommt-der-dialog\/#article","isPartOf":{"@id":"https:\/\/radioleinewelle.de\/index.php\/2024\/01\/11\/nach-der-demonstration-kommt-der-dialog\/"},"author":{"name":"Leinewelle","@id":"https:\/\/radioleinewelle.de\/#\/schema\/person\/45606f348637df637192dc1b68399a63"},"headline":"Nach der Demonstration kommt der Dialog","datePublished":"2024-01-11T10:00:28+00:00","dateModified":"2024-01-11T10:00:30+00:00","mainEntityOfPage":{"@id":"https:\/\/radioleinewelle.de\/index.php\/2024\/01\/11\/nach-der-demonstration-kommt-der-dialog\/"},"wordCount":357,"commentCount":0,"publisher":{"@id":"https:\/\/radioleinewelle.de\/#organization"},"image":{"@id":"https:\/\/radioleinewelle.de\/index.php\/2024\/01\/11\/nach-der-demonstration-kommt-der-dialog\/#primaryimage"},"thumbnailUrl":"https:\/\/radioleinewelle.de\/wp-content\/uploads\/2024\/01\/Bauerndemo-Schuetzenplatz-Goettingen-Sony-JE-101-scaled-e1704967145647.jpg","keywords":["Bauernproteste"],"articleSection":["Gesellschaft"],"inLanguage":"de","potentialAction":[{"@type":"CommentAction","name":"Comment","target":["https:\/\/radioleinewelle.de\/index.php\/2024\/01\/11\/nach-der-demonstration-kommt-der-dialog\/#respond"]}]},{"@type":"WebPage","@id":"https:\/\/radioleinewelle.de\/index.php\/2024\/01\/11\/nach-der-demonstration-kommt-der-dialog\/","url":"https:\/\/radioleinewelle.de\/index.php\/2024\/01\/11\/nach-der-demonstration-kommt-der-dialog\/","name":"Nach der Demonstration kommt der Dialog - Radio Leinewelle","isPartOf":{"@id":"https:\/\/radioleinewelle.de\/#website"},"primaryImageOfPage":{"@id":"https:\/\/radioleinewelle.de\/index.php\/2024\/01\/11\/nach-der-demonstration-kommt-der-dialog\/#primaryimage"},"image":{"@id":"https:\/\/radioleinewelle.de\/index.php\/2024\/01\/11\/nach-der-demonstration-kommt-der-dialog\/#primaryimage"},"thumbnailUrl":"https:\/\/radioleinewelle.de\/wp-content\/uploads\/2024\/01\/Bauerndemo-Schuetzenplatz-Goettingen-Sony-JE-101-scaled-e1704967145647.jpg","datePublished":"2024-01-11T10:00:28+00:00","dateModified":"2024-01-11T10:00:30+00:00","breadcrumb":{"@id":"https:\/\/radioleinewelle.de\/index.php\/2024\/01\/11\/nach-der-demonstration-kommt-der-dialog\/#breadcrumb"},"inLanguage":"de","potentialAction":[{"@type":"ReadAction","target":["https:\/\/radioleinewelle.de\/index.php\/2024\/01\/11\/nach-der-demonstration-kommt-der-dialog\/"]}]},{"@type":"ImageObject","inLanguage":"de","@id":"https:\/\/radioleinewelle.de\/index.php\/2024\/01\/11\/nach-der-demonstration-kommt-der-dialog\/#primaryimage","url":"https:\/\/radioleinewelle.de\/wp-content\/uploads\/2024\/01\/Bauerndemo-Schuetzenplatz-Goettingen-Sony-JE-101-scaled-e1704967145647.jpg","contentUrl":"https:\/\/radioleinewelle.de\/wp-content\/uploads\/2024\/01\/Bauerndemo-Schuetzenplatz-Goettingen-Sony-JE-101-scaled-e1704967145647.jpg","width":843,"height":598},{"@type":"BreadcrumbList","@id":"https:\/\/radioleinewelle.de\/index.php\/2024\/01\/11\/nach-der-demonstration-kommt-der-dialog\/#breadcrumb","itemListElement":[{"@type":"ListItem","position":1,"name":"Startseite","item":"https:\/\/radioleinewelle.de\/"},{"@type":"ListItem","position":2,"name":"Nach der Demonstration kommt der Dialog"}]},{"@type":"WebSite","@id":"https:\/\/radioleinewelle.de\/#website","url":"https:\/\/radioleinewelle.de\/","name":"Radio Leinewelle","description":"","publisher":{"@id":"https:\/\/radioleinewelle.de\/#organization"},"potentialAction":[{"@type":"SearchAction","target":{"@type":"EntryPoint","urlTemplate":"https:\/\/radioleinewelle.de\/?s={search_term_string}"},"query-input":{"@type":"PropertyValueSpecification","valueRequired":true,"valueName":"search_term_string"}}],"inLanguage":"de"},{"@type":"Organization","@id":"https:\/\/radioleinewelle.de\/#organization","name":"Radio Leinewelle","alternateName":"Mein Radio f\u00fcr S\u00fcdniedersachsen","url":"https:\/\/radioleinewelle.de\/","logo":{"@type":"ImageObject","inLanguage":"de","@id":"https:\/\/radioleinewelle.de\/#\/schema\/logo\/image\/","url":"https:\/\/radioleinewelle.de\/wp-content\/uploads\/2023\/11\/cropped-Leinewelle_Logo_weiss.png","contentUrl":"https:\/\/radioleinewelle.de\/wp-content\/uploads\/2023\/11\/cropped-Leinewelle_Logo_weiss.png","width":854,"height":260,"caption":"Radio Leinewelle"},"image":{"@id":"https:\/\/radioleinewelle.de\/#\/schema\/logo\/image\/"},"sameAs":["https:\/\/www.facebook.com\/radioleinewelle","https:\/\/x.com\/RLeinewelle","https:\/\/www.instagram.com\/radioleinewelle\/?hl=de"]},{"@type":"Person","@id":"https:\/\/radioleinewelle.de\/#\/schema\/person\/45606f348637df637192dc1b68399a63","name":"Leinewelle","image":{"@type":"ImageObject","inLanguage":"de","@id":"https:\/\/secure.gravatar.com\/avatar\/05c9a17bc973052ee5d91549bd32fb4dd0dc85b7b85ae94b2e2b4943476bbea5?s=96&d=blank&r=g","url":"https:\/\/secure.gravatar.com\/avatar\/05c9a17bc973052ee5d91549bd32fb4dd0dc85b7b85ae94b2e2b4943476bbea5?s=96&d=blank&r=g","contentUrl":"https:\/\/secure.gravatar.com\/avatar\/05c9a17bc973052ee5d91549bd32fb4dd0dc85b7b85ae94b2e2b4943476bbea5?s=96&d=blank&r=g","caption":"Leinewelle"},"sameAs":["http:\/\/localhost\/radio%20leinewelle\/wordpress","https:\/\/www.facebook.com\/radioleinewelle","https:\/\/www.instagram.com\/radioleinewelle","https:\/\/x.com\/https:\/\/twitter.com\/RLeinewelle?ref_src=twsrcgoogletwcampserptwgrauthor","https:\/\/soundcloud.com\/foerderverein-lokalradio?utm_source=clipboard&utm_medium=text&utm_campaign=social_sharing"],"url":"https:\/\/radioleinewelle.de\/index.php\/author\/leinewelle\/"}]}},"_links":{"self":[{"href":"https:\/\/radioleinewelle.de\/index.php\/wp-json\/wp\/v2\/posts\/24820","targetHints":{"allow":["GET"]}}],"collection":[{"href":"https:\/\/radioleinewelle.de\/index.php\/wp-json\/wp\/v2\/posts"}],"about":[{"href":"https:\/\/radioleinewelle.de\/index.php\/wp-json\/wp\/v2\/types\/post"}],"author":[{"embeddable":true,"href":"https:\/\/radioleinewelle.de\/index.php\/wp-json\/wp\/v2\/users\/1"}],"replies":[{"embeddable":true,"href":"https:\/\/radioleinewelle.de\/index.php\/wp-json\/wp\/v2\/comments?post=24820"}],"version-history":[{"count":4,"href":"https:\/\/radioleinewelle.de\/index.php\/wp-json\/wp\/v2\/posts\/24820\/revisions"}],"predecessor-version":[{"id":24829,"href":"https:\/\/radioleinewelle.de\/index.php\/wp-json\/wp\/v2\/posts\/24820\/revisions\/24829"}],"wp:featuredmedia":[{"embeddable":true,"href":"https:\/\/radioleinewelle.de\/index.php\/wp-json\/wp\/v2\/media\/24830"}],"wp:attachment":[{"href":"https:\/\/radioleinewelle.de\/index.php\/wp-json\/wp\/v2\/media?parent=24820"}],"wp:term":[{"taxonomy":"category","embeddable":true,"href":"https:\/\/radioleinewelle.de\/index.php\/wp-json\/wp\/v2\/categories?post=24820"},{"taxonomy":"post_tag","embeddable":true,"href":"https:\/\/radioleinewelle.de\/index.php\/wp-json\/wp\/v2\/tags?post=24820"}],"curies":[{"name":"wp","href":"https:\/\/api.w.org\/{rel}","templated":true}]}}