{"id":2489,"date":"2020-10-22T05:39:06","date_gmt":"2020-10-22T03:39:06","guid":{"rendered":"https:\/\/radioleinewelle.de\/?p=2489"},"modified":"2020-10-22T05:39:06","modified_gmt":"2020-10-22T03:39:06","slug":"inside-usa-arte-schwerpunkt-zur-us-wahl-2020","status":"publish","type":"post","link":"https:\/\/radioleinewelle.de\/index.php\/2020\/10\/22\/inside-usa-arte-schwerpunkt-zur-us-wahl-2020\/","title":{"rendered":"&#8222;Inside USA&#8220;: ARTE-Schwerpunkt zur US-Wahl 2020"},"content":{"rendered":"<p><span class=\"b\">Der 3. November 2020 stellt die USA vor die Wahl: ein &#8222;Weiter so&#8220; unter Donald Trump oder doch lieber ein vermeintlicher Neustart mit Joe Biden? Das Ergebnis entscheidet nicht nur \u00fcber die Zukunft der Vereinigten Staaten von Amerika, sondern wird Auswirkungen auf die ganze Welt haben. W\u00e4hrend der letzten Wochen des erbitterten US-Wahlkampfs wirft ARTE in dem umfangreichen Programmschwerpunkt &#8222;Inside USA&#8220; einen tiefgreifenden Blick auf Land und Leute.\u00a0<\/span>Der ARTE-Schwerpunkt &#8222;Inside USA&#8220; zeichnet ab dem 13. Oktober auf den TV-Bildschirmen und bereits jetzt in der ARTE Mediathek ein vielf\u00e4ltiges Portr\u00e4t der USA: Wer sind die B\u00fcrger der m\u00e4chtigsten Demokratie der Welt und wie reagieren sie auf die gesellschaftliche Spaltung, Rassismus und grassierende Korruption? Abseits des lauten politischen Kampfs in den St\u00e4dten l\u00e4sst ARTE zudem den Blick schweifen: auf die amerikanische Kultur und die Weite des Landes mit seiner einzigartig sch\u00f6nen Natur.<\/p>\n<p>Der Zweiteiler &#8222;Der Ku-Klux-Klan &#8211; Eine Geschichte des Hasses&#8220; beleuchtete am 13. Oktober in der Primetime die derzeitige Renaissance einer Bewegung, die mit ihrem Programm seit \u00fcber 150 Jahren Hass, Gewalt und Rassismus propagiert. Am 20. Oktober blickt ARTE dann hinter die Kulissen der &#8222;Black Panthers&#8220;, die bereits seit 1967 gegen Gewalt und Rassismus k\u00e4mpfen. THEMA am Dienstag widmet sich am 27. Oktober in &#8222;Amerika hat die Wahl: Trump gegen Biden&#8220; dem Leben der beiden Kandidaten und portr\u00e4tiert im Anschluss in der Doku-Reihe &#8222;Aus der Traum? &#8211; Die Amerikaner im Wahljahr&#8220; Amerikaner jenseits der gro\u00dfen Politik &#8211; ein Blick auf eine tief gespaltene Gesellschaft. Neben der Analyse des politischen Tagesgeschehens und der Wahlergebnisse, die das ARTE Journal t\u00e4glich begleiten wird, nimmt ARTE die Zuschauer im Vierteiler &#8222;Die Wildnis der USA &#8211; Vier Jahreszeiten&#8220; (Donnerstag 15. und 22. Oktober) und in &#8222;Die Pr\u00e4rie &#8211; R\u00fcckkehr der Wildnis&#8220; (Freitag 30. Oktober) mit in die atemberaubende Natur des Landes. Die\u00a0<span class=\"i\">H\u00f6hepunkte finden sich\u00a0 exklusiv in der ARTE-Mediathek<\/span><\/p>\n<p>\u00dcber das TV-Programm hinaus stellt ARTE den Usern zahlreiche Dokumentationen, Dokumentarfilme, Reportagen und Kurzbeitr\u00e4ge auf\u00a0<a class=\"uri-ext outbound event-trigger\" href=\"https:\/\/www.arte.tv\/de\/\" target=\"_blank\" data-category=\"story-outlink\" data-label=\"4714581\" data-action=\"click\" data-callback=\"link\" rel=\"noopener\">arte.tv<\/a>\u00a0zur Verf\u00fcgung. Einige davon liefen bereits mit gro\u00dfem Erfolg im ARTE-TV-Programm, wie der Oscar-pr\u00e4mierte F\u00fcnfteiler &#8222;O.J. Simpson &#8211; Made in America&#8220; (online ab 1. Oktober). Andere zeigt ARTE exklusiv in seiner Mediathek, etwa den mit dem Emmy-Award ausgezeichneten Dokumentarfilm &#8222;Freedom Riders&#8220; (online ab 1. Oktober) von Stanley Nelson. Die Web-Kollektion &#8222;<a class=\"uri-ext outbound event-trigger\" href=\"https:\/\/www.arte.tv\/de\/videos\/RC-019640\/black-lives-matter\/\" target=\"_blank\" data-category=\"story-outlink\" data-label=\"4714581\" data-action=\"click\" data-callback=\"link\" rel=\"noopener\">Black Lives Matter<\/a>&#8220; zeigt au\u00dferdem zahlreiche nur online verf\u00fcgbare Programme, denen ein \u00fcbergreifendes Thema zugrunde liegt: Polizeigewalt und systemischer Rassismus.<\/p>\n<hr \/>\n<p>Foto: Entlang der Route 66 im Herzen Arizonas (aus &#8222;America&#8220; von Claus Drexel \/ ARTE-Programmschwerpunkt &#8222;Inside USA&#8220;)\u00a0obs\/ARTE G.E.I.E.\/Alle Rechte vorbehalten<\/p>\n","protected":false},"excerpt":{"rendered":"<p>Der 3. November 2020 stellt die USA vor die Wahl: ein &#8222;Weiter so&#8220; unter Donald Trump oder doch lieber ein vermeintlicher Neustart mit Joe Biden? Das Ergebnis entscheidet nicht nur \u00fcber die Zukunft der Vereinigten Staaten von Amerika, sondern wird Auswirkungen auf die ganze Welt haben. W\u00e4hrend der letzten Wochen des erbitterten US-Wahlkampfs wirft ARTE [&hellip;]<\/p>\n","protected":false},"author":1,"featured_media":0,"comment_status":"closed","ping_status":"closed","sticky":false,"template":"","format":"standard","meta":{"saved_in_kubio":false,"footnotes":""},"categories":[45],"tags":[],"class_list":["post-2489","post","type-post","status-publish","format-standard","hentry","category-kultur"],"yoast_head":"<!-- This site is optimized with the Yoast SEO plugin v27.5 - https:\/\/yoast.com\/product\/yoast-seo-wordpress\/ -->\n<title>&quot;Inside USA&quot;: ARTE-Schwerpunkt zur US-Wahl 2020 - Radio Leinewelle<\/title>\n<meta name=\"robots\" content=\"index, follow, max-snippet:-1, max-image-preview:large, max-video-preview:-1\" \/>\n<link rel=\"canonical\" href=\"https:\/\/radioleinewelle.de\/index.php\/2020\/10\/22\/inside-usa-arte-schwerpunkt-zur-us-wahl-2020\/\" \/>\n<meta property=\"og:locale\" content=\"de_DE\" \/>\n<meta property=\"og:type\" content=\"article\" \/>\n<meta property=\"og:title\" content=\"&quot;Inside USA&quot;: ARTE-Schwerpunkt zur US-Wahl 2020 - Radio Leinewelle\" \/>\n<meta property=\"og:description\" content=\"Der 3. November 2020 stellt die USA vor die Wahl: ein &#8222;Weiter so&#8220; unter Donald Trump oder doch lieber ein vermeintlicher Neustart mit Joe Biden? Das Ergebnis entscheidet nicht nur \u00fcber die Zukunft der Vereinigten Staaten von Amerika, sondern wird Auswirkungen auf die ganze Welt haben. W\u00e4hrend der letzten Wochen des erbitterten US-Wahlkampfs wirft ARTE [&hellip;]\" \/>\n<meta property=\"og:url\" content=\"https:\/\/radioleinewelle.de\/index.php\/2020\/10\/22\/inside-usa-arte-schwerpunkt-zur-us-wahl-2020\/\" \/>\n<meta property=\"og:site_name\" content=\"Radio Leinewelle\" \/>\n<meta property=\"article:publisher\" content=\"https:\/\/www.facebook.com\/radioleinewelle\" \/>\n<meta property=\"article:author\" content=\"https:\/\/www.facebook.com\/radioleinewelle\" \/>\n<meta property=\"article:published_time\" content=\"2020-10-22T03:39:06+00:00\" \/>\n<meta name=\"author\" content=\"Leinewelle\" \/>\n<meta name=\"twitter:card\" content=\"summary_large_image\" \/>\n<meta name=\"twitter:creator\" content=\"@https:\/\/twitter.com\/RLeinewelle?ref_src=twsrcgoogletwcampserptwgrauthor\" \/>\n<meta name=\"twitter:site\" content=\"@RLeinewelle\" \/>\n<meta name=\"twitter:label1\" content=\"Verfasst von\" \/>\n\t<meta name=\"twitter:data1\" content=\"Leinewelle\" \/>\n\t<meta name=\"twitter:label2\" content=\"Gesch\u00e4tzte Lesezeit\" \/>\n\t<meta name=\"twitter:data2\" content=\"2\u00a0Minuten\" \/>\n<script type=\"application\/ld+json\" class=\"yoast-schema-graph\">{\"@context\":\"https:\\\/\\\/schema.org\",\"@graph\":[{\"@type\":\"Article\",\"@id\":\"https:\\\/\\\/radioleinewelle.de\\\/index.php\\\/2020\\\/10\\\/22\\\/inside-usa-arte-schwerpunkt-zur-us-wahl-2020\\\/#article\",\"isPartOf\":{\"@id\":\"https:\\\/\\\/radioleinewelle.de\\\/index.php\\\/2020\\\/10\\\/22\\\/inside-usa-arte-schwerpunkt-zur-us-wahl-2020\\\/\"},\"author\":{\"name\":\"Leinewelle\",\"@id\":\"https:\\\/\\\/radioleinewelle.de\\\/#\\\/schema\\\/person\\\/45606f348637df637192dc1b68399a63\"},\"headline\":\"&#8222;Inside USA&#8220;: ARTE-Schwerpunkt zur US-Wahl 2020\",\"datePublished\":\"2020-10-22T03:39:06+00:00\",\"mainEntityOfPage\":{\"@id\":\"https:\\\/\\\/radioleinewelle.de\\\/index.php\\\/2020\\\/10\\\/22\\\/inside-usa-arte-schwerpunkt-zur-us-wahl-2020\\\/\"},\"wordCount\":431,\"publisher\":{\"@id\":\"https:\\\/\\\/radioleinewelle.de\\\/#organization\"},\"articleSection\":[\"Kultur\"],\"inLanguage\":\"de\"},{\"@type\":\"WebPage\",\"@id\":\"https:\\\/\\\/radioleinewelle.de\\\/index.php\\\/2020\\\/10\\\/22\\\/inside-usa-arte-schwerpunkt-zur-us-wahl-2020\\\/\",\"url\":\"https:\\\/\\\/radioleinewelle.de\\\/index.php\\\/2020\\\/10\\\/22\\\/inside-usa-arte-schwerpunkt-zur-us-wahl-2020\\\/\",\"name\":\"\\\"Inside USA\\\": ARTE-Schwerpunkt zur US-Wahl 2020 - Radio Leinewelle\",\"isPartOf\":{\"@id\":\"https:\\\/\\\/radioleinewelle.de\\\/#website\"},\"datePublished\":\"2020-10-22T03:39:06+00:00\",\"breadcrumb\":{\"@id\":\"https:\\\/\\\/radioleinewelle.de\\\/index.php\\\/2020\\\/10\\\/22\\\/inside-usa-arte-schwerpunkt-zur-us-wahl-2020\\\/#breadcrumb\"},\"inLanguage\":\"de\",\"potentialAction\":[{\"@type\":\"ReadAction\",\"target\":[\"https:\\\/\\\/radioleinewelle.de\\\/index.php\\\/2020\\\/10\\\/22\\\/inside-usa-arte-schwerpunkt-zur-us-wahl-2020\\\/\"]}]},{\"@type\":\"BreadcrumbList\",\"@id\":\"https:\\\/\\\/radioleinewelle.de\\\/index.php\\\/2020\\\/10\\\/22\\\/inside-usa-arte-schwerpunkt-zur-us-wahl-2020\\\/#breadcrumb\",\"itemListElement\":[{\"@type\":\"ListItem\",\"position\":1,\"name\":\"Startseite\",\"item\":\"https:\\\/\\\/radioleinewelle.de\\\/\"},{\"@type\":\"ListItem\",\"position\":2,\"name\":\"&#8222;Inside USA&#8220;: ARTE-Schwerpunkt zur US-Wahl 2020\"}]},{\"@type\":\"WebSite\",\"@id\":\"https:\\\/\\\/radioleinewelle.de\\\/#website\",\"url\":\"https:\\\/\\\/radioleinewelle.de\\\/\",\"name\":\"Radio Leinewelle\",\"description\":\"\",\"publisher\":{\"@id\":\"https:\\\/\\\/radioleinewelle.de\\\/#organization\"},\"potentialAction\":[{\"@type\":\"SearchAction\",\"target\":{\"@type\":\"EntryPoint\",\"urlTemplate\":\"https:\\\/\\\/radioleinewelle.de\\\/?s={search_term_string}\"},\"query-input\":{\"@type\":\"PropertyValueSpecification\",\"valueRequired\":true,\"valueName\":\"search_term_string\"}}],\"inLanguage\":\"de\"},{\"@type\":\"Organization\",\"@id\":\"https:\\\/\\\/radioleinewelle.de\\\/#organization\",\"name\":\"Radio Leinewelle\",\"alternateName\":\"Mein Radio f\u00fcr S\u00fcdniedersachsen\",\"url\":\"https:\\\/\\\/radioleinewelle.de\\\/\",\"logo\":{\"@type\":\"ImageObject\",\"inLanguage\":\"de\",\"@id\":\"https:\\\/\\\/radioleinewelle.de\\\/#\\\/schema\\\/logo\\\/image\\\/\",\"url\":\"https:\\\/\\\/radioleinewelle.de\\\/wp-content\\\/uploads\\\/2023\\\/11\\\/cropped-Leinewelle_Logo_weiss.png\",\"contentUrl\":\"https:\\\/\\\/radioleinewelle.de\\\/wp-content\\\/uploads\\\/2023\\\/11\\\/cropped-Leinewelle_Logo_weiss.png\",\"width\":854,\"height\":260,\"caption\":\"Radio Leinewelle\"},\"image\":{\"@id\":\"https:\\\/\\\/radioleinewelle.de\\\/#\\\/schema\\\/logo\\\/image\\\/\"},\"sameAs\":[\"https:\\\/\\\/www.facebook.com\\\/radioleinewelle\",\"https:\\\/\\\/x.com\\\/RLeinewelle\",\"https:\\\/\\\/www.instagram.com\\\/radioleinewelle\\\/?hl=de\"]},{\"@type\":\"Person\",\"@id\":\"https:\\\/\\\/radioleinewelle.de\\\/#\\\/schema\\\/person\\\/45606f348637df637192dc1b68399a63\",\"name\":\"Leinewelle\",\"image\":{\"@type\":\"ImageObject\",\"inLanguage\":\"de\",\"@id\":\"https:\\\/\\\/secure.gravatar.com\\\/avatar\\\/05c9a17bc973052ee5d91549bd32fb4dd0dc85b7b85ae94b2e2b4943476bbea5?s=96&d=blank&r=g\",\"url\":\"https:\\\/\\\/secure.gravatar.com\\\/avatar\\\/05c9a17bc973052ee5d91549bd32fb4dd0dc85b7b85ae94b2e2b4943476bbea5?s=96&d=blank&r=g\",\"contentUrl\":\"https:\\\/\\\/secure.gravatar.com\\\/avatar\\\/05c9a17bc973052ee5d91549bd32fb4dd0dc85b7b85ae94b2e2b4943476bbea5?s=96&d=blank&r=g\",\"caption\":\"Leinewelle\"},\"sameAs\":[\"http:\\\/\\\/localhost\\\/radio%20leinewelle\\\/wordpress\",\"https:\\\/\\\/www.facebook.com\\\/radioleinewelle\",\"https:\\\/\\\/www.instagram.com\\\/radioleinewelle\",\"https:\\\/\\\/x.com\\\/https:\\\/\\\/twitter.com\\\/RLeinewelle?ref_src=twsrcgoogletwcampserptwgrauthor\",\"https:\\\/\\\/soundcloud.com\\\/foerderverein-lokalradio?utm_source=clipboard&utm_medium=text&utm_campaign=social_sharing\"],\"url\":\"https:\\\/\\\/radioleinewelle.de\\\/index.php\\\/author\\\/leinewelle\\\/\"}]}<\/script>\n<!-- \/ Yoast SEO plugin. -->","yoast_head_json":{"title":"\"Inside USA\": ARTE-Schwerpunkt zur US-Wahl 2020 - Radio Leinewelle","robots":{"index":"index","follow":"follow","max-snippet":"max-snippet:-1","max-image-preview":"max-image-preview:large","max-video-preview":"max-video-preview:-1"},"canonical":"https:\/\/radioleinewelle.de\/index.php\/2020\/10\/22\/inside-usa-arte-schwerpunkt-zur-us-wahl-2020\/","og_locale":"de_DE","og_type":"article","og_title":"\"Inside USA\": ARTE-Schwerpunkt zur US-Wahl 2020 - Radio Leinewelle","og_description":"Der 3. November 2020 stellt die USA vor die Wahl: ein &#8222;Weiter so&#8220; unter Donald Trump oder doch lieber ein vermeintlicher Neustart mit Joe Biden? Das Ergebnis entscheidet nicht nur \u00fcber die Zukunft der Vereinigten Staaten von Amerika, sondern wird Auswirkungen auf die ganze Welt haben. W\u00e4hrend der letzten Wochen des erbitterten US-Wahlkampfs wirft ARTE [&hellip;]","og_url":"https:\/\/radioleinewelle.de\/index.php\/2020\/10\/22\/inside-usa-arte-schwerpunkt-zur-us-wahl-2020\/","og_site_name":"Radio Leinewelle","article_publisher":"https:\/\/www.facebook.com\/radioleinewelle","article_author":"https:\/\/www.facebook.com\/radioleinewelle","article_published_time":"2020-10-22T03:39:06+00:00","author":"Leinewelle","twitter_card":"summary_large_image","twitter_creator":"@https:\/\/twitter.com\/RLeinewelle?ref_src=twsrcgoogletwcampserptwgrauthor","twitter_site":"@RLeinewelle","twitter_misc":{"Verfasst von":"Leinewelle","Gesch\u00e4tzte Lesezeit":"2\u00a0Minuten"},"schema":{"@context":"https:\/\/schema.org","@graph":[{"@type":"Article","@id":"https:\/\/radioleinewelle.de\/index.php\/2020\/10\/22\/inside-usa-arte-schwerpunkt-zur-us-wahl-2020\/#article","isPartOf":{"@id":"https:\/\/radioleinewelle.de\/index.php\/2020\/10\/22\/inside-usa-arte-schwerpunkt-zur-us-wahl-2020\/"},"author":{"name":"Leinewelle","@id":"https:\/\/radioleinewelle.de\/#\/schema\/person\/45606f348637df637192dc1b68399a63"},"headline":"&#8222;Inside USA&#8220;: ARTE-Schwerpunkt zur US-Wahl 2020","datePublished":"2020-10-22T03:39:06+00:00","mainEntityOfPage":{"@id":"https:\/\/radioleinewelle.de\/index.php\/2020\/10\/22\/inside-usa-arte-schwerpunkt-zur-us-wahl-2020\/"},"wordCount":431,"publisher":{"@id":"https:\/\/radioleinewelle.de\/#organization"},"articleSection":["Kultur"],"inLanguage":"de"},{"@type":"WebPage","@id":"https:\/\/radioleinewelle.de\/index.php\/2020\/10\/22\/inside-usa-arte-schwerpunkt-zur-us-wahl-2020\/","url":"https:\/\/radioleinewelle.de\/index.php\/2020\/10\/22\/inside-usa-arte-schwerpunkt-zur-us-wahl-2020\/","name":"\"Inside USA\": ARTE-Schwerpunkt zur US-Wahl 2020 - Radio Leinewelle","isPartOf":{"@id":"https:\/\/radioleinewelle.de\/#website"},"datePublished":"2020-10-22T03:39:06+00:00","breadcrumb":{"@id":"https:\/\/radioleinewelle.de\/index.php\/2020\/10\/22\/inside-usa-arte-schwerpunkt-zur-us-wahl-2020\/#breadcrumb"},"inLanguage":"de","potentialAction":[{"@type":"ReadAction","target":["https:\/\/radioleinewelle.de\/index.php\/2020\/10\/22\/inside-usa-arte-schwerpunkt-zur-us-wahl-2020\/"]}]},{"@type":"BreadcrumbList","@id":"https:\/\/radioleinewelle.de\/index.php\/2020\/10\/22\/inside-usa-arte-schwerpunkt-zur-us-wahl-2020\/#breadcrumb","itemListElement":[{"@type":"ListItem","position":1,"name":"Startseite","item":"https:\/\/radioleinewelle.de\/"},{"@type":"ListItem","position":2,"name":"&#8222;Inside USA&#8220;: ARTE-Schwerpunkt zur US-Wahl 2020"}]},{"@type":"WebSite","@id":"https:\/\/radioleinewelle.de\/#website","url":"https:\/\/radioleinewelle.de\/","name":"Radio Leinewelle","description":"","publisher":{"@id":"https:\/\/radioleinewelle.de\/#organization"},"potentialAction":[{"@type":"SearchAction","target":{"@type":"EntryPoint","urlTemplate":"https:\/\/radioleinewelle.de\/?s={search_term_string}"},"query-input":{"@type":"PropertyValueSpecification","valueRequired":true,"valueName":"search_term_string"}}],"inLanguage":"de"},{"@type":"Organization","@id":"https:\/\/radioleinewelle.de\/#organization","name":"Radio Leinewelle","alternateName":"Mein Radio f\u00fcr S\u00fcdniedersachsen","url":"https:\/\/radioleinewelle.de\/","logo":{"@type":"ImageObject","inLanguage":"de","@id":"https:\/\/radioleinewelle.de\/#\/schema\/logo\/image\/","url":"https:\/\/radioleinewelle.de\/wp-content\/uploads\/2023\/11\/cropped-Leinewelle_Logo_weiss.png","contentUrl":"https:\/\/radioleinewelle.de\/wp-content\/uploads\/2023\/11\/cropped-Leinewelle_Logo_weiss.png","width":854,"height":260,"caption":"Radio Leinewelle"},"image":{"@id":"https:\/\/radioleinewelle.de\/#\/schema\/logo\/image\/"},"sameAs":["https:\/\/www.facebook.com\/radioleinewelle","https:\/\/x.com\/RLeinewelle","https:\/\/www.instagram.com\/radioleinewelle\/?hl=de"]},{"@type":"Person","@id":"https:\/\/radioleinewelle.de\/#\/schema\/person\/45606f348637df637192dc1b68399a63","name":"Leinewelle","image":{"@type":"ImageObject","inLanguage":"de","@id":"https:\/\/secure.gravatar.com\/avatar\/05c9a17bc973052ee5d91549bd32fb4dd0dc85b7b85ae94b2e2b4943476bbea5?s=96&d=blank&r=g","url":"https:\/\/secure.gravatar.com\/avatar\/05c9a17bc973052ee5d91549bd32fb4dd0dc85b7b85ae94b2e2b4943476bbea5?s=96&d=blank&r=g","contentUrl":"https:\/\/secure.gravatar.com\/avatar\/05c9a17bc973052ee5d91549bd32fb4dd0dc85b7b85ae94b2e2b4943476bbea5?s=96&d=blank&r=g","caption":"Leinewelle"},"sameAs":["http:\/\/localhost\/radio%20leinewelle\/wordpress","https:\/\/www.facebook.com\/radioleinewelle","https:\/\/www.instagram.com\/radioleinewelle","https:\/\/x.com\/https:\/\/twitter.com\/RLeinewelle?ref_src=twsrcgoogletwcampserptwgrauthor","https:\/\/soundcloud.com\/foerderverein-lokalradio?utm_source=clipboard&utm_medium=text&utm_campaign=social_sharing"],"url":"https:\/\/radioleinewelle.de\/index.php\/author\/leinewelle\/"}]}},"_links":{"self":[{"href":"https:\/\/radioleinewelle.de\/index.php\/wp-json\/wp\/v2\/posts\/2489","targetHints":{"allow":["GET"]}}],"collection":[{"href":"https:\/\/radioleinewelle.de\/index.php\/wp-json\/wp\/v2\/posts"}],"about":[{"href":"https:\/\/radioleinewelle.de\/index.php\/wp-json\/wp\/v2\/types\/post"}],"author":[{"embeddable":true,"href":"https:\/\/radioleinewelle.de\/index.php\/wp-json\/wp\/v2\/users\/1"}],"replies":[{"embeddable":true,"href":"https:\/\/radioleinewelle.de\/index.php\/wp-json\/wp\/v2\/comments?post=2489"}],"version-history":[{"count":0,"href":"https:\/\/radioleinewelle.de\/index.php\/wp-json\/wp\/v2\/posts\/2489\/revisions"}],"wp:attachment":[{"href":"https:\/\/radioleinewelle.de\/index.php\/wp-json\/wp\/v2\/media?parent=2489"}],"wp:term":[{"taxonomy":"category","embeddable":true,"href":"https:\/\/radioleinewelle.de\/index.php\/wp-json\/wp\/v2\/categories?post=2489"},{"taxonomy":"post_tag","embeddable":true,"href":"https:\/\/radioleinewelle.de\/index.php\/wp-json\/wp\/v2\/tags?post=2489"}],"curies":[{"name":"wp","href":"https:\/\/api.w.org\/{rel}","templated":true}]}}