{"id":24915,"date":"2024-01-31T10:10:09","date_gmt":"2024-01-31T09:10:09","guid":{"rendered":"https:\/\/radioleinewelle.de\/?p=24915"},"modified":"2024-01-31T10:12:16","modified_gmt":"2024-01-31T09:12:16","slug":"bauern-demonstrieren-heute-am-maschpark-in-goettingen","status":"publish","type":"post","link":"https:\/\/radioleinewelle.de\/index.php\/2024\/01\/31\/bauern-demonstrieren-heute-am-maschpark-in-goettingen\/","title":{"rendered":"Bauern demonstrieren heute am Maschpark in G\u00f6ttingen"},"content":{"rendered":"\n<p><\/p>\n\n\n\n<p>Unter dem Motto \u201eAgrardiesel und Wettbewerbsf\u00e4higkeit erhalten! &#8211; Kurswechsel in der  Agrarpolitik\u201c demonstrieren die Bauern aus der Region heute Mittag noch einmal in G\u00f6ttingen. Aus diesem Grund ist der Parkplatz am Maschpark gesperrt. Das Landvolk G\u00f6ttingen hat hier eine Versammlung mit 100 Traktoren und 200 Personen in der Zeit von 11:30  &#8211; 13:00 Uhr angezeigt. Heute findet keine Treckerrundfahrt statt, sondern nur eine station\u00e4re Kundgebung mit regionalen Vertreter*innen der Bauernschaft. Die Veranstaltung steht im Zusammenhang mit den abschlie\u00dfenden Verhandlungen in Berlin \u00fcber die Agrardieselbesteuerung. Der Forderungskatalog der Bauern umfasst aber noch weitere Punkte:<br><strong>Steuerliche Entlastung der Landwirtschaft<\/strong><br>\u2022 Einf\u00fchrung einer steuerfreien Risikoausgleichsr\u00fccklage\u00a0<br>\u2022 Weiterf\u00fchren der ausgelaufenen Regelung zur steuerlichen Gewinngl\u00e4ttung<br>\u2022 Steuerbefreiung f\u00fcr nicht-fossile Kraftstoffe<\/p>\n\n\n\n<p><strong>Moratorium f\u00fcr zus\u00e4tzliche nationale Auflagen, z.B.\u00a0<\/strong><br>\u2022 Pflanzenschutzrecht<br>\u2022 Tierschutz\/ (z.B. Besatzdichte)<\/p>\n\n\n\n<p><strong>R\u00fccknahme von deutschen \u00dcberregulierungen<\/strong><br>\u2022 beim D\u00fcngerecht (\u201eRote Gebiete\u201c, Gr\u00fcnland und Zwischenfruchtanbau)<br>\u2022 bei der gemeinsamen EU-Agrarpolitik (GL\u00d6Z-Standards, \u00d6koregelungen)<\/p>\n\n\n\n<p><strong>Foto:<\/strong> \u00a9Radio Leinewelle (je)<\/p>\n","protected":false},"excerpt":{"rendered":"<p>Unter dem Motto \u201eAgrardiesel und Wettbewerbsf\u00e4higkeit erhalten! &#8211; Kurswechsel in der Agrarpolitik\u201c demonstrieren die Bauern aus der Region heute Mittag noch einmal in G\u00f6ttingen. Aus diesem Grund ist der Parkplatz am Maschpark gesperrt. Das Landvolk G\u00f6ttingen hat hier eine Versammlung mit 100 Traktoren und 200 Personen in der Zeit von 11:30 &#8211; 13:00 Uhr angezeigt. [&hellip;]<\/p>\n","protected":false},"author":1,"featured_media":24916,"comment_status":"open","ping_status":"open","sticky":true,"template":"","format":"standard","meta":{"saved_in_kubio":false,"footnotes":""},"categories":[24],"tags":[],"class_list":["post-24915","post","type-post","status-publish","format-standard","has-post-thumbnail","hentry","category-news"],"yoast_head":"<!-- This site is optimized with the Yoast SEO plugin v27.4 - https:\/\/yoast.com\/product\/yoast-seo-wordpress\/ -->\n<title>Bauern demonstrieren heute am Maschpark in G\u00f6ttingen - Radio Leinewelle<\/title>\n<meta name=\"robots\" content=\"index, follow, max-snippet:-1, max-image-preview:large, max-video-preview:-1\" \/>\n<link rel=\"canonical\" href=\"https:\/\/radioleinewelle.de\/index.php\/2024\/01\/31\/bauern-demonstrieren-heute-am-maschpark-in-goettingen\/\" \/>\n<meta property=\"og:locale\" content=\"de_DE\" \/>\n<meta property=\"og:type\" content=\"article\" \/>\n<meta property=\"og:title\" content=\"Bauern demonstrieren heute am Maschpark in G\u00f6ttingen - Radio Leinewelle\" \/>\n<meta property=\"og:description\" content=\"Unter dem Motto \u201eAgrardiesel und Wettbewerbsf\u00e4higkeit erhalten! &#8211; Kurswechsel in der Agrarpolitik\u201c demonstrieren die Bauern aus der Region heute Mittag noch einmal in G\u00f6ttingen. Aus diesem Grund ist der Parkplatz am Maschpark gesperrt. Das Landvolk G\u00f6ttingen hat hier eine Versammlung mit 100 Traktoren und 200 Personen in der Zeit von 11:30 &#8211; 13:00 Uhr angezeigt. [&hellip;]\" \/>\n<meta property=\"og:url\" content=\"https:\/\/radioleinewelle.de\/index.php\/2024\/01\/31\/bauern-demonstrieren-heute-am-maschpark-in-goettingen\/\" \/>\n<meta property=\"og:site_name\" content=\"Radio Leinewelle\" \/>\n<meta property=\"article:publisher\" content=\"https:\/\/www.facebook.com\/radioleinewelle\" \/>\n<meta property=\"article:author\" content=\"https:\/\/www.facebook.com\/radioleinewelle\" \/>\n<meta property=\"article:published_time\" content=\"2024-01-31T09:10:09+00:00\" \/>\n<meta property=\"article:modified_time\" content=\"2024-01-31T09:12:16+00:00\" \/>\n<meta property=\"og:image\" content=\"https:\/\/radioleinewelle.de\/wp-content\/uploads\/2024\/01\/Bauerndemo-Schuetzenplatz-e1706691327530.jpg\" \/>\n\t<meta property=\"og:image:width\" content=\"1000\" \/>\n\t<meta property=\"og:image:height\" content=\"734\" \/>\n\t<meta property=\"og:image:type\" content=\"image\/jpeg\" \/>\n<meta name=\"author\" content=\"Leinewelle\" \/>\n<meta name=\"twitter:card\" content=\"summary_large_image\" \/>\n<meta name=\"twitter:creator\" content=\"@https:\/\/twitter.com\/RLeinewelle?ref_src=twsrcgoogletwcampserptwgrauthor\" \/>\n<meta name=\"twitter:site\" content=\"@RLeinewelle\" \/>\n<meta name=\"twitter:label1\" content=\"Verfasst von\" \/>\n\t<meta name=\"twitter:data1\" content=\"Leinewelle\" \/>\n\t<meta name=\"twitter:label2\" content=\"Gesch\u00e4tzte Lesezeit\" \/>\n\t<meta name=\"twitter:data2\" content=\"2\u00a0Minuten\" \/>\n<script type=\"application\/ld+json\" class=\"yoast-schema-graph\">{\"@context\":\"https:\\\/\\\/schema.org\",\"@graph\":[{\"@type\":\"Article\",\"@id\":\"https:\\\/\\\/radioleinewelle.de\\\/index.php\\\/2024\\\/01\\\/31\\\/bauern-demonstrieren-heute-am-maschpark-in-goettingen\\\/#article\",\"isPartOf\":{\"@id\":\"https:\\\/\\\/radioleinewelle.de\\\/index.php\\\/2024\\\/01\\\/31\\\/bauern-demonstrieren-heute-am-maschpark-in-goettingen\\\/\"},\"author\":{\"name\":\"Leinewelle\",\"@id\":\"https:\\\/\\\/radioleinewelle.de\\\/#\\\/schema\\\/person\\\/45606f348637df637192dc1b68399a63\"},\"headline\":\"Bauern demonstrieren heute am Maschpark in G\u00f6ttingen\",\"datePublished\":\"2024-01-31T09:10:09+00:00\",\"dateModified\":\"2024-01-31T09:12:16+00:00\",\"mainEntityOfPage\":{\"@id\":\"https:\\\/\\\/radioleinewelle.de\\\/index.php\\\/2024\\\/01\\\/31\\\/bauern-demonstrieren-heute-am-maschpark-in-goettingen\\\/\"},\"wordCount\":166,\"commentCount\":0,\"publisher\":{\"@id\":\"https:\\\/\\\/radioleinewelle.de\\\/#organization\"},\"image\":{\"@id\":\"https:\\\/\\\/radioleinewelle.de\\\/index.php\\\/2024\\\/01\\\/31\\\/bauern-demonstrieren-heute-am-maschpark-in-goettingen\\\/#primaryimage\"},\"thumbnailUrl\":\"https:\\\/\\\/radioleinewelle.de\\\/wp-content\\\/uploads\\\/2024\\\/01\\\/Bauerndemo-Schuetzenplatz-e1706691327530.jpg\",\"articleSection\":[\"Aktuelle Nachrichten\"],\"inLanguage\":\"de\",\"potentialAction\":[{\"@type\":\"CommentAction\",\"name\":\"Comment\",\"target\":[\"https:\\\/\\\/radioleinewelle.de\\\/index.php\\\/2024\\\/01\\\/31\\\/bauern-demonstrieren-heute-am-maschpark-in-goettingen\\\/#respond\"]}]},{\"@type\":\"WebPage\",\"@id\":\"https:\\\/\\\/radioleinewelle.de\\\/index.php\\\/2024\\\/01\\\/31\\\/bauern-demonstrieren-heute-am-maschpark-in-goettingen\\\/\",\"url\":\"https:\\\/\\\/radioleinewelle.de\\\/index.php\\\/2024\\\/01\\\/31\\\/bauern-demonstrieren-heute-am-maschpark-in-goettingen\\\/\",\"name\":\"Bauern demonstrieren heute am Maschpark in G\u00f6ttingen - Radio Leinewelle\",\"isPartOf\":{\"@id\":\"https:\\\/\\\/radioleinewelle.de\\\/#website\"},\"primaryImageOfPage\":{\"@id\":\"https:\\\/\\\/radioleinewelle.de\\\/index.php\\\/2024\\\/01\\\/31\\\/bauern-demonstrieren-heute-am-maschpark-in-goettingen\\\/#primaryimage\"},\"image\":{\"@id\":\"https:\\\/\\\/radioleinewelle.de\\\/index.php\\\/2024\\\/01\\\/31\\\/bauern-demonstrieren-heute-am-maschpark-in-goettingen\\\/#primaryimage\"},\"thumbnailUrl\":\"https:\\\/\\\/radioleinewelle.de\\\/wp-content\\\/uploads\\\/2024\\\/01\\\/Bauerndemo-Schuetzenplatz-e1706691327530.jpg\",\"datePublished\":\"2024-01-31T09:10:09+00:00\",\"dateModified\":\"2024-01-31T09:12:16+00:00\",\"breadcrumb\":{\"@id\":\"https:\\\/\\\/radioleinewelle.de\\\/index.php\\\/2024\\\/01\\\/31\\\/bauern-demonstrieren-heute-am-maschpark-in-goettingen\\\/#breadcrumb\"},\"inLanguage\":\"de\",\"potentialAction\":[{\"@type\":\"ReadAction\",\"target\":[\"https:\\\/\\\/radioleinewelle.de\\\/index.php\\\/2024\\\/01\\\/31\\\/bauern-demonstrieren-heute-am-maschpark-in-goettingen\\\/\"]}]},{\"@type\":\"ImageObject\",\"inLanguage\":\"de\",\"@id\":\"https:\\\/\\\/radioleinewelle.de\\\/index.php\\\/2024\\\/01\\\/31\\\/bauern-demonstrieren-heute-am-maschpark-in-goettingen\\\/#primaryimage\",\"url\":\"https:\\\/\\\/radioleinewelle.de\\\/wp-content\\\/uploads\\\/2024\\\/01\\\/Bauerndemo-Schuetzenplatz-e1706691327530.jpg\",\"contentUrl\":\"https:\\\/\\\/radioleinewelle.de\\\/wp-content\\\/uploads\\\/2024\\\/01\\\/Bauerndemo-Schuetzenplatz-e1706691327530.jpg\",\"width\":1000,\"height\":734},{\"@type\":\"BreadcrumbList\",\"@id\":\"https:\\\/\\\/radioleinewelle.de\\\/index.php\\\/2024\\\/01\\\/31\\\/bauern-demonstrieren-heute-am-maschpark-in-goettingen\\\/#breadcrumb\",\"itemListElement\":[{\"@type\":\"ListItem\",\"position\":1,\"name\":\"Startseite\",\"item\":\"https:\\\/\\\/radioleinewelle.de\\\/\"},{\"@type\":\"ListItem\",\"position\":2,\"name\":\"Bauern demonstrieren heute am Maschpark in G\u00f6ttingen\"}]},{\"@type\":\"WebSite\",\"@id\":\"https:\\\/\\\/radioleinewelle.de\\\/#website\",\"url\":\"https:\\\/\\\/radioleinewelle.de\\\/\",\"name\":\"Radio Leinewelle\",\"description\":\"\",\"publisher\":{\"@id\":\"https:\\\/\\\/radioleinewelle.de\\\/#organization\"},\"potentialAction\":[{\"@type\":\"SearchAction\",\"target\":{\"@type\":\"EntryPoint\",\"urlTemplate\":\"https:\\\/\\\/radioleinewelle.de\\\/?s={search_term_string}\"},\"query-input\":{\"@type\":\"PropertyValueSpecification\",\"valueRequired\":true,\"valueName\":\"search_term_string\"}}],\"inLanguage\":\"de\"},{\"@type\":\"Organization\",\"@id\":\"https:\\\/\\\/radioleinewelle.de\\\/#organization\",\"name\":\"Radio Leinewelle\",\"alternateName\":\"Mein Radio f\u00fcr S\u00fcdniedersachsen\",\"url\":\"https:\\\/\\\/radioleinewelle.de\\\/\",\"logo\":{\"@type\":\"ImageObject\",\"inLanguage\":\"de\",\"@id\":\"https:\\\/\\\/radioleinewelle.de\\\/#\\\/schema\\\/logo\\\/image\\\/\",\"url\":\"https:\\\/\\\/radioleinewelle.de\\\/wp-content\\\/uploads\\\/2023\\\/11\\\/cropped-Leinewelle_Logo_weiss.png\",\"contentUrl\":\"https:\\\/\\\/radioleinewelle.de\\\/wp-content\\\/uploads\\\/2023\\\/11\\\/cropped-Leinewelle_Logo_weiss.png\",\"width\":854,\"height\":260,\"caption\":\"Radio Leinewelle\"},\"image\":{\"@id\":\"https:\\\/\\\/radioleinewelle.de\\\/#\\\/schema\\\/logo\\\/image\\\/\"},\"sameAs\":[\"https:\\\/\\\/www.facebook.com\\\/radioleinewelle\",\"https:\\\/\\\/x.com\\\/RLeinewelle\",\"https:\\\/\\\/www.instagram.com\\\/radioleinewelle\\\/?hl=de\"]},{\"@type\":\"Person\",\"@id\":\"https:\\\/\\\/radioleinewelle.de\\\/#\\\/schema\\\/person\\\/45606f348637df637192dc1b68399a63\",\"name\":\"Leinewelle\",\"image\":{\"@type\":\"ImageObject\",\"inLanguage\":\"de\",\"@id\":\"https:\\\/\\\/secure.gravatar.com\\\/avatar\\\/05c9a17bc973052ee5d91549bd32fb4dd0dc85b7b85ae94b2e2b4943476bbea5?s=96&d=blank&r=g\",\"url\":\"https:\\\/\\\/secure.gravatar.com\\\/avatar\\\/05c9a17bc973052ee5d91549bd32fb4dd0dc85b7b85ae94b2e2b4943476bbea5?s=96&d=blank&r=g\",\"contentUrl\":\"https:\\\/\\\/secure.gravatar.com\\\/avatar\\\/05c9a17bc973052ee5d91549bd32fb4dd0dc85b7b85ae94b2e2b4943476bbea5?s=96&d=blank&r=g\",\"caption\":\"Leinewelle\"},\"sameAs\":[\"http:\\\/\\\/localhost\\\/radio%20leinewelle\\\/wordpress\",\"https:\\\/\\\/www.facebook.com\\\/radioleinewelle\",\"https:\\\/\\\/www.instagram.com\\\/radioleinewelle\",\"https:\\\/\\\/x.com\\\/https:\\\/\\\/twitter.com\\\/RLeinewelle?ref_src=twsrcgoogletwcampserptwgrauthor\",\"https:\\\/\\\/soundcloud.com\\\/foerderverein-lokalradio?utm_source=clipboard&utm_medium=text&utm_campaign=social_sharing\"],\"url\":\"https:\\\/\\\/radioleinewelle.de\\\/index.php\\\/author\\\/leinewelle\\\/\"}]}<\/script>\n<!-- \/ Yoast SEO plugin. -->","yoast_head_json":{"title":"Bauern demonstrieren heute am Maschpark in G\u00f6ttingen - Radio Leinewelle","robots":{"index":"index","follow":"follow","max-snippet":"max-snippet:-1","max-image-preview":"max-image-preview:large","max-video-preview":"max-video-preview:-1"},"canonical":"https:\/\/radioleinewelle.de\/index.php\/2024\/01\/31\/bauern-demonstrieren-heute-am-maschpark-in-goettingen\/","og_locale":"de_DE","og_type":"article","og_title":"Bauern demonstrieren heute am Maschpark in G\u00f6ttingen - Radio Leinewelle","og_description":"Unter dem Motto \u201eAgrardiesel und Wettbewerbsf\u00e4higkeit erhalten! &#8211; Kurswechsel in der Agrarpolitik\u201c demonstrieren die Bauern aus der Region heute Mittag noch einmal in G\u00f6ttingen. Aus diesem Grund ist der Parkplatz am Maschpark gesperrt. Das Landvolk G\u00f6ttingen hat hier eine Versammlung mit 100 Traktoren und 200 Personen in der Zeit von 11:30 &#8211; 13:00 Uhr angezeigt. [&hellip;]","og_url":"https:\/\/radioleinewelle.de\/index.php\/2024\/01\/31\/bauern-demonstrieren-heute-am-maschpark-in-goettingen\/","og_site_name":"Radio Leinewelle","article_publisher":"https:\/\/www.facebook.com\/radioleinewelle","article_author":"https:\/\/www.facebook.com\/radioleinewelle","article_published_time":"2024-01-31T09:10:09+00:00","article_modified_time":"2024-01-31T09:12:16+00:00","og_image":[{"width":1000,"height":734,"url":"https:\/\/radioleinewelle.de\/wp-content\/uploads\/2024\/01\/Bauerndemo-Schuetzenplatz-e1706691327530.jpg","type":"image\/jpeg"}],"author":"Leinewelle","twitter_card":"summary_large_image","twitter_creator":"@https:\/\/twitter.com\/RLeinewelle?ref_src=twsrcgoogletwcampserptwgrauthor","twitter_site":"@RLeinewelle","twitter_misc":{"Verfasst von":"Leinewelle","Gesch\u00e4tzte Lesezeit":"2\u00a0Minuten"},"schema":{"@context":"https:\/\/schema.org","@graph":[{"@type":"Article","@id":"https:\/\/radioleinewelle.de\/index.php\/2024\/01\/31\/bauern-demonstrieren-heute-am-maschpark-in-goettingen\/#article","isPartOf":{"@id":"https:\/\/radioleinewelle.de\/index.php\/2024\/01\/31\/bauern-demonstrieren-heute-am-maschpark-in-goettingen\/"},"author":{"name":"Leinewelle","@id":"https:\/\/radioleinewelle.de\/#\/schema\/person\/45606f348637df637192dc1b68399a63"},"headline":"Bauern demonstrieren heute am Maschpark in G\u00f6ttingen","datePublished":"2024-01-31T09:10:09+00:00","dateModified":"2024-01-31T09:12:16+00:00","mainEntityOfPage":{"@id":"https:\/\/radioleinewelle.de\/index.php\/2024\/01\/31\/bauern-demonstrieren-heute-am-maschpark-in-goettingen\/"},"wordCount":166,"commentCount":0,"publisher":{"@id":"https:\/\/radioleinewelle.de\/#organization"},"image":{"@id":"https:\/\/radioleinewelle.de\/index.php\/2024\/01\/31\/bauern-demonstrieren-heute-am-maschpark-in-goettingen\/#primaryimage"},"thumbnailUrl":"https:\/\/radioleinewelle.de\/wp-content\/uploads\/2024\/01\/Bauerndemo-Schuetzenplatz-e1706691327530.jpg","articleSection":["Aktuelle Nachrichten"],"inLanguage":"de","potentialAction":[{"@type":"CommentAction","name":"Comment","target":["https:\/\/radioleinewelle.de\/index.php\/2024\/01\/31\/bauern-demonstrieren-heute-am-maschpark-in-goettingen\/#respond"]}]},{"@type":"WebPage","@id":"https:\/\/radioleinewelle.de\/index.php\/2024\/01\/31\/bauern-demonstrieren-heute-am-maschpark-in-goettingen\/","url":"https:\/\/radioleinewelle.de\/index.php\/2024\/01\/31\/bauern-demonstrieren-heute-am-maschpark-in-goettingen\/","name":"Bauern demonstrieren heute am Maschpark in G\u00f6ttingen - Radio Leinewelle","isPartOf":{"@id":"https:\/\/radioleinewelle.de\/#website"},"primaryImageOfPage":{"@id":"https:\/\/radioleinewelle.de\/index.php\/2024\/01\/31\/bauern-demonstrieren-heute-am-maschpark-in-goettingen\/#primaryimage"},"image":{"@id":"https:\/\/radioleinewelle.de\/index.php\/2024\/01\/31\/bauern-demonstrieren-heute-am-maschpark-in-goettingen\/#primaryimage"},"thumbnailUrl":"https:\/\/radioleinewelle.de\/wp-content\/uploads\/2024\/01\/Bauerndemo-Schuetzenplatz-e1706691327530.jpg","datePublished":"2024-01-31T09:10:09+00:00","dateModified":"2024-01-31T09:12:16+00:00","breadcrumb":{"@id":"https:\/\/radioleinewelle.de\/index.php\/2024\/01\/31\/bauern-demonstrieren-heute-am-maschpark-in-goettingen\/#breadcrumb"},"inLanguage":"de","potentialAction":[{"@type":"ReadAction","target":["https:\/\/radioleinewelle.de\/index.php\/2024\/01\/31\/bauern-demonstrieren-heute-am-maschpark-in-goettingen\/"]}]},{"@type":"ImageObject","inLanguage":"de","@id":"https:\/\/radioleinewelle.de\/index.php\/2024\/01\/31\/bauern-demonstrieren-heute-am-maschpark-in-goettingen\/#primaryimage","url":"https:\/\/radioleinewelle.de\/wp-content\/uploads\/2024\/01\/Bauerndemo-Schuetzenplatz-e1706691327530.jpg","contentUrl":"https:\/\/radioleinewelle.de\/wp-content\/uploads\/2024\/01\/Bauerndemo-Schuetzenplatz-e1706691327530.jpg","width":1000,"height":734},{"@type":"BreadcrumbList","@id":"https:\/\/radioleinewelle.de\/index.php\/2024\/01\/31\/bauern-demonstrieren-heute-am-maschpark-in-goettingen\/#breadcrumb","itemListElement":[{"@type":"ListItem","position":1,"name":"Startseite","item":"https:\/\/radioleinewelle.de\/"},{"@type":"ListItem","position":2,"name":"Bauern demonstrieren heute am Maschpark in G\u00f6ttingen"}]},{"@type":"WebSite","@id":"https:\/\/radioleinewelle.de\/#website","url":"https:\/\/radioleinewelle.de\/","name":"Radio Leinewelle","description":"","publisher":{"@id":"https:\/\/radioleinewelle.de\/#organization"},"potentialAction":[{"@type":"SearchAction","target":{"@type":"EntryPoint","urlTemplate":"https:\/\/radioleinewelle.de\/?s={search_term_string}"},"query-input":{"@type":"PropertyValueSpecification","valueRequired":true,"valueName":"search_term_string"}}],"inLanguage":"de"},{"@type":"Organization","@id":"https:\/\/radioleinewelle.de\/#organization","name":"Radio Leinewelle","alternateName":"Mein Radio f\u00fcr S\u00fcdniedersachsen","url":"https:\/\/radioleinewelle.de\/","logo":{"@type":"ImageObject","inLanguage":"de","@id":"https:\/\/radioleinewelle.de\/#\/schema\/logo\/image\/","url":"https:\/\/radioleinewelle.de\/wp-content\/uploads\/2023\/11\/cropped-Leinewelle_Logo_weiss.png","contentUrl":"https:\/\/radioleinewelle.de\/wp-content\/uploads\/2023\/11\/cropped-Leinewelle_Logo_weiss.png","width":854,"height":260,"caption":"Radio Leinewelle"},"image":{"@id":"https:\/\/radioleinewelle.de\/#\/schema\/logo\/image\/"},"sameAs":["https:\/\/www.facebook.com\/radioleinewelle","https:\/\/x.com\/RLeinewelle","https:\/\/www.instagram.com\/radioleinewelle\/?hl=de"]},{"@type":"Person","@id":"https:\/\/radioleinewelle.de\/#\/schema\/person\/45606f348637df637192dc1b68399a63","name":"Leinewelle","image":{"@type":"ImageObject","inLanguage":"de","@id":"https:\/\/secure.gravatar.com\/avatar\/05c9a17bc973052ee5d91549bd32fb4dd0dc85b7b85ae94b2e2b4943476bbea5?s=96&d=blank&r=g","url":"https:\/\/secure.gravatar.com\/avatar\/05c9a17bc973052ee5d91549bd32fb4dd0dc85b7b85ae94b2e2b4943476bbea5?s=96&d=blank&r=g","contentUrl":"https:\/\/secure.gravatar.com\/avatar\/05c9a17bc973052ee5d91549bd32fb4dd0dc85b7b85ae94b2e2b4943476bbea5?s=96&d=blank&r=g","caption":"Leinewelle"},"sameAs":["http:\/\/localhost\/radio%20leinewelle\/wordpress","https:\/\/www.facebook.com\/radioleinewelle","https:\/\/www.instagram.com\/radioleinewelle","https:\/\/x.com\/https:\/\/twitter.com\/RLeinewelle?ref_src=twsrcgoogletwcampserptwgrauthor","https:\/\/soundcloud.com\/foerderverein-lokalradio?utm_source=clipboard&utm_medium=text&utm_campaign=social_sharing"],"url":"https:\/\/radioleinewelle.de\/index.php\/author\/leinewelle\/"}]}},"_links":{"self":[{"href":"https:\/\/radioleinewelle.de\/index.php\/wp-json\/wp\/v2\/posts\/24915","targetHints":{"allow":["GET"]}}],"collection":[{"href":"https:\/\/radioleinewelle.de\/index.php\/wp-json\/wp\/v2\/posts"}],"about":[{"href":"https:\/\/radioleinewelle.de\/index.php\/wp-json\/wp\/v2\/types\/post"}],"author":[{"embeddable":true,"href":"https:\/\/radioleinewelle.de\/index.php\/wp-json\/wp\/v2\/users\/1"}],"replies":[{"embeddable":true,"href":"https:\/\/radioleinewelle.de\/index.php\/wp-json\/wp\/v2\/comments?post=24915"}],"version-history":[{"count":2,"href":"https:\/\/radioleinewelle.de\/index.php\/wp-json\/wp\/v2\/posts\/24915\/revisions"}],"predecessor-version":[{"id":24919,"href":"https:\/\/radioleinewelle.de\/index.php\/wp-json\/wp\/v2\/posts\/24915\/revisions\/24919"}],"wp:featuredmedia":[{"embeddable":true,"href":"https:\/\/radioleinewelle.de\/index.php\/wp-json\/wp\/v2\/media\/24916"}],"wp:attachment":[{"href":"https:\/\/radioleinewelle.de\/index.php\/wp-json\/wp\/v2\/media?parent=24915"}],"wp:term":[{"taxonomy":"category","embeddable":true,"href":"https:\/\/radioleinewelle.de\/index.php\/wp-json\/wp\/v2\/categories?post=24915"},{"taxonomy":"post_tag","embeddable":true,"href":"https:\/\/radioleinewelle.de\/index.php\/wp-json\/wp\/v2\/tags?post=24915"}],"curies":[{"name":"wp","href":"https:\/\/api.w.org\/{rel}","templated":true}]}}