{"id":24949,"date":"2024-02-11T11:11:36","date_gmt":"2024-02-11T10:11:36","guid":{"rendered":"https:\/\/radioleinewelle.de\/?p=24949"},"modified":"2024-02-13T21:36:49","modified_gmt":"2024-02-13T20:36:49","slug":"goettinger-figurentheatertage-starten-am-samstag","status":"publish","type":"post","link":"https:\/\/radioleinewelle.de\/index.php\/2024\/02\/11\/goettinger-figurentheatertage-starten-am-samstag\/","title":{"rendered":"G\u00f6ttinger Figurentheatertage mit Umzug er\u00f6ffnet"},"content":{"rendered":"\n<p><strong>Die 39. G\u00f6ttinger Figurentheatertage <\/strong><a href=\"https:\/\/radioleinewelle.de\/wp-admin\/post.php?post=24631&amp;action=edit\">(Bericht vom 15.12.23)<\/a><strong> wurden gestern, am Samstag, 10. Februar 2024, mit einem Maskenumzug durch die G\u00f6ttinger Innenstadt er\u00f6ffnet worden. Bis Sonntag, 25. Februar 2024, gibt es insgesamt 27 Auff\u00fchrungen zu erleben.&nbsp;<\/strong><\/p>\n\n\n\n<p>Der Maskenumzug startete um 11.00 Uhr vor dem Neuen Rathaus und zog mit Masken und einem Katzen-Walk-Act vom Theater der Nacht (Northeim) zum Alten Rathaus. Begleitet wurde das bunte Treiben von der Trommelgruppe Sambatida und Mitgliedern des F\u00f6rdervereins. Zahlreiche Passanten blieben stehen, um das bunte Treiben an sich vor\u00fcberziehen zu lassen.<\/p>\n\n\n\n<figure class=\"wp-block-gallery has-nested-images columns-default is-cropped wp-block-gallery-1 is-layout-flex wp-block-gallery-is-layout-flex\">\n<figure class=\"wp-block-image size-large\"><img loading=\"lazy\" decoding=\"async\" width=\"1024\" height=\"768\" data-id=\"24996\" src=\"https:\/\/radioleinewelle.de\/wp-content\/uploads\/2024\/02\/FTT3-1024x768.jpg\" alt=\"\" class=\"wp-image-24996\" srcset=\"https:\/\/radioleinewelle.de\/wp-content\/uploads\/2024\/02\/FTT3-1024x768.jpg 1024w, https:\/\/radioleinewelle.de\/wp-content\/uploads\/2024\/02\/FTT3-300x225.jpg 300w, https:\/\/radioleinewelle.de\/wp-content\/uploads\/2024\/02\/FTT3-768x576.jpg 768w, https:\/\/radioleinewelle.de\/wp-content\/uploads\/2024\/02\/FTT3-1536x1152.jpg 1536w, https:\/\/radioleinewelle.de\/wp-content\/uploads\/2024\/02\/FTT3-1440x1080.jpg 1440w, https:\/\/radioleinewelle.de\/wp-content\/uploads\/2024\/02\/FTT3.jpg 2016w\" sizes=\"(max-width: 1024px) 100vw, 1024px\" \/><\/figure>\n\n\n\n<figure class=\"wp-block-image size-large\"><img loading=\"lazy\" decoding=\"async\" width=\"1024\" height=\"683\" data-id=\"24998\" src=\"https:\/\/radioleinewelle.de\/wp-content\/uploads\/2024\/02\/Figurentheatertage-Trommelumzug-Goe-Nikon-6-1024x683.jpg\" alt=\"\" class=\"wp-image-24998\" srcset=\"https:\/\/radioleinewelle.de\/wp-content\/uploads\/2024\/02\/Figurentheatertage-Trommelumzug-Goe-Nikon-6-1024x683.jpg 1024w, https:\/\/radioleinewelle.de\/wp-content\/uploads\/2024\/02\/Figurentheatertage-Trommelumzug-Goe-Nikon-6-300x200.jpg 300w, https:\/\/radioleinewelle.de\/wp-content\/uploads\/2024\/02\/Figurentheatertage-Trommelumzug-Goe-Nikon-6-768x512.jpg 768w, https:\/\/radioleinewelle.de\/wp-content\/uploads\/2024\/02\/Figurentheatertage-Trommelumzug-Goe-Nikon-6-1536x1024.jpg 1536w, https:\/\/radioleinewelle.de\/wp-content\/uploads\/2024\/02\/Figurentheatertage-Trommelumzug-Goe-Nikon-6-2048x1365.jpg 2048w, https:\/\/radioleinewelle.de\/wp-content\/uploads\/2024\/02\/Figurentheatertage-Trommelumzug-Goe-Nikon-6-1620x1080.jpg 1620w\" sizes=\"(max-width: 1024px) 100vw, 1024px\" \/><\/figure>\n\n\n\n<figure class=\"wp-block-image size-large\"><img loading=\"lazy\" decoding=\"async\" width=\"683\" height=\"1024\" data-id=\"24999\" src=\"https:\/\/radioleinewelle.de\/wp-content\/uploads\/2024\/02\/Figurentheatertage-Trommelumzug-Goe-Nikon-35-683x1024.jpg\" alt=\"\" class=\"wp-image-24999\" srcset=\"https:\/\/radioleinewelle.de\/wp-content\/uploads\/2024\/02\/Figurentheatertage-Trommelumzug-Goe-Nikon-35-683x1024.jpg 683w, https:\/\/radioleinewelle.de\/wp-content\/uploads\/2024\/02\/Figurentheatertage-Trommelumzug-Goe-Nikon-35-200x300.jpg 200w, https:\/\/radioleinewelle.de\/wp-content\/uploads\/2024\/02\/Figurentheatertage-Trommelumzug-Goe-Nikon-35-768x1152.jpg 768w, https:\/\/radioleinewelle.de\/wp-content\/uploads\/2024\/02\/Figurentheatertage-Trommelumzug-Goe-Nikon-35-1024x1536.jpg 1024w, https:\/\/radioleinewelle.de\/wp-content\/uploads\/2024\/02\/Figurentheatertage-Trommelumzug-Goe-Nikon-35-1365x2048.jpg 1365w, https:\/\/radioleinewelle.de\/wp-content\/uploads\/2024\/02\/Figurentheatertage-Trommelumzug-Goe-Nikon-35-720x1080.jpg 720w, https:\/\/radioleinewelle.de\/wp-content\/uploads\/2024\/02\/Figurentheatertage-Trommelumzug-Goe-Nikon-35-scaled.jpg 1707w\" sizes=\"(max-width: 683px) 100vw, 683px\" \/><\/figure>\n\n\n\n<figure class=\"wp-block-image size-large\"><img loading=\"lazy\" decoding=\"async\" width=\"1024\" height=\"683\" data-id=\"25000\" src=\"https:\/\/radioleinewelle.de\/wp-content\/uploads\/2024\/02\/Figurentheatertage-Trommelumzug-Goe-Nikon-22-1024x683.jpg\" alt=\"\" class=\"wp-image-25000\" srcset=\"https:\/\/radioleinewelle.de\/wp-content\/uploads\/2024\/02\/Figurentheatertage-Trommelumzug-Goe-Nikon-22-1024x683.jpg 1024w, https:\/\/radioleinewelle.de\/wp-content\/uploads\/2024\/02\/Figurentheatertage-Trommelumzug-Goe-Nikon-22-300x200.jpg 300w, https:\/\/radioleinewelle.de\/wp-content\/uploads\/2024\/02\/Figurentheatertage-Trommelumzug-Goe-Nikon-22-768x512.jpg 768w, https:\/\/radioleinewelle.de\/wp-content\/uploads\/2024\/02\/Figurentheatertage-Trommelumzug-Goe-Nikon-22-1536x1024.jpg 1536w, https:\/\/radioleinewelle.de\/wp-content\/uploads\/2024\/02\/Figurentheatertage-Trommelumzug-Goe-Nikon-22-2048x1365.jpg 2048w, https:\/\/radioleinewelle.de\/wp-content\/uploads\/2024\/02\/Figurentheatertage-Trommelumzug-Goe-Nikon-22-1620x1080.jpg 1620w\" sizes=\"(max-width: 1024px) 100vw, 1024px\" \/><\/figure>\n\n\n\n<figure class=\"wp-block-image size-large\"><img loading=\"lazy\" decoding=\"async\" width=\"1024\" height=\"768\" data-id=\"25001\" src=\"https:\/\/radioleinewelle.de\/wp-content\/uploads\/2024\/02\/FTT2-1024x768.jpg\" alt=\"\" class=\"wp-image-25001\" srcset=\"https:\/\/radioleinewelle.de\/wp-content\/uploads\/2024\/02\/FTT2-1024x768.jpg 1024w, https:\/\/radioleinewelle.de\/wp-content\/uploads\/2024\/02\/FTT2-300x225.jpg 300w, https:\/\/radioleinewelle.de\/wp-content\/uploads\/2024\/02\/FTT2-768x576.jpg 768w, https:\/\/radioleinewelle.de\/wp-content\/uploads\/2024\/02\/FTT2-1536x1152.jpg 1536w, https:\/\/radioleinewelle.de\/wp-content\/uploads\/2024\/02\/FTT2-1440x1080.jpg 1440w, https:\/\/radioleinewelle.de\/wp-content\/uploads\/2024\/02\/FTT2.jpg 2016w\" sizes=\"(max-width: 1024px) 100vw, 1024px\" \/><\/figure>\n\n\n\n<figure class=\"wp-block-image size-large\"><img loading=\"lazy\" decoding=\"async\" width=\"1024\" height=\"683\" data-id=\"25003\" src=\"https:\/\/radioleinewelle.de\/wp-content\/uploads\/2024\/02\/Figurentheatertage-Trommelumzug-Goe-Nikon-23-1024x683.jpg\" alt=\"\" class=\"wp-image-25003\" srcset=\"https:\/\/radioleinewelle.de\/wp-content\/uploads\/2024\/02\/Figurentheatertage-Trommelumzug-Goe-Nikon-23-1024x683.jpg 1024w, https:\/\/radioleinewelle.de\/wp-content\/uploads\/2024\/02\/Figurentheatertage-Trommelumzug-Goe-Nikon-23-300x200.jpg 300w, https:\/\/radioleinewelle.de\/wp-content\/uploads\/2024\/02\/Figurentheatertage-Trommelumzug-Goe-Nikon-23-768x512.jpg 768w, https:\/\/radioleinewelle.de\/wp-content\/uploads\/2024\/02\/Figurentheatertage-Trommelumzug-Goe-Nikon-23-1536x1024.jpg 1536w, https:\/\/radioleinewelle.de\/wp-content\/uploads\/2024\/02\/Figurentheatertage-Trommelumzug-Goe-Nikon-23-2048x1365.jpg 2048w, https:\/\/radioleinewelle.de\/wp-content\/uploads\/2024\/02\/Figurentheatertage-Trommelumzug-Goe-Nikon-23-1620x1080.jpg 1620w\" sizes=\"(max-width: 1024px) 100vw, 1024px\" \/><\/figure>\n\n\n\n<figure class=\"wp-block-image size-large\"><img loading=\"lazy\" decoding=\"async\" width=\"1024\" height=\"683\" data-id=\"25004\" src=\"https:\/\/radioleinewelle.de\/wp-content\/uploads\/2024\/02\/Figurentheatertage-Trommelumzug-Goe-Nikon-1024x683.jpg\" alt=\"\" class=\"wp-image-25004\" srcset=\"https:\/\/radioleinewelle.de\/wp-content\/uploads\/2024\/02\/Figurentheatertage-Trommelumzug-Goe-Nikon-1024x683.jpg 1024w, https:\/\/radioleinewelle.de\/wp-content\/uploads\/2024\/02\/Figurentheatertage-Trommelumzug-Goe-Nikon-300x200.jpg 300w, https:\/\/radioleinewelle.de\/wp-content\/uploads\/2024\/02\/Figurentheatertage-Trommelumzug-Goe-Nikon-768x512.jpg 768w, https:\/\/radioleinewelle.de\/wp-content\/uploads\/2024\/02\/Figurentheatertage-Trommelumzug-Goe-Nikon-1536x1024.jpg 1536w, https:\/\/radioleinewelle.de\/wp-content\/uploads\/2024\/02\/Figurentheatertage-Trommelumzug-Goe-Nikon-2048x1365.jpg 2048w, https:\/\/radioleinewelle.de\/wp-content\/uploads\/2024\/02\/Figurentheatertage-Trommelumzug-Goe-Nikon-1620x1080.jpg 1620w\" sizes=\"(max-width: 1024px) 100vw, 1024px\" \/><\/figure>\n\n\n\n<figure class=\"wp-block-image size-large\"><img loading=\"lazy\" decoding=\"async\" width=\"683\" height=\"1024\" data-id=\"24997\" src=\"https:\/\/radioleinewelle.de\/wp-content\/uploads\/2024\/02\/Figurentheatertage-Trommelumzug-Goe-Nikon-4-683x1024.jpg\" alt=\"\" class=\"wp-image-24997\" srcset=\"https:\/\/radioleinewelle.de\/wp-content\/uploads\/2024\/02\/Figurentheatertage-Trommelumzug-Goe-Nikon-4-683x1024.jpg 683w, https:\/\/radioleinewelle.de\/wp-content\/uploads\/2024\/02\/Figurentheatertage-Trommelumzug-Goe-Nikon-4-200x300.jpg 200w, https:\/\/radioleinewelle.de\/wp-content\/uploads\/2024\/02\/Figurentheatertage-Trommelumzug-Goe-Nikon-4-768x1152.jpg 768w, https:\/\/radioleinewelle.de\/wp-content\/uploads\/2024\/02\/Figurentheatertage-Trommelumzug-Goe-Nikon-4-1024x1536.jpg 1024w, https:\/\/radioleinewelle.de\/wp-content\/uploads\/2024\/02\/Figurentheatertage-Trommelumzug-Goe-Nikon-4-1365x2048.jpg 1365w, https:\/\/radioleinewelle.de\/wp-content\/uploads\/2024\/02\/Figurentheatertage-Trommelumzug-Goe-Nikon-4-720x1080.jpg 720w, https:\/\/radioleinewelle.de\/wp-content\/uploads\/2024\/02\/Figurentheatertage-Trommelumzug-Goe-Nikon-4-scaled.jpg 1707w\" sizes=\"(max-width: 683px) 100vw, 683px\" \/><\/figure>\n<\/figure>\n\n\n\n<p>15 renommierte B\u00fchnen aus dem gesamten Bundesgebiet pr\u00e4sentieren dann vom 10. bis 25. Februar in 27 Auff\u00fchrungen auf acht B\u00fchnen die Vielfalt dieser besonderen Theaterform f\u00fcr Kinder, Jugendliche und Erwachsene. Gespielt wird im Alten Rathaus, im Kinotheater Lumi\u00e8re, im Deutschen Theater, im Jungen Theater, im GDA Wohnstift, im Literaturhaus G\u00f6ttingen, in der Musa sowie im Theater der Nacht (Northeim).&nbsp;<\/p>\n\n\n\n<p>Einige Abend-und Familienveranstaltungen sind bereits ausverkauft. Wenige Karten gibt es noch f\u00fcr \u201eAufzeichnungen aus dem Kellerloch\u201c am Samstag, 24. Februar 2024, um 20.00 Uhr in der Musa, \u201eDon Carlos, der Infanterist von Spanien\u201c am Sonntag, 25. Februar 2024, um 20.00 Uhr im Alten Rathaus, f\u00fcr \u201eDer merkw\u00fcrdige Herr Bruckner\u201c am Donnerstag, 15. Februar 2024, und \u201eDon Camillo und Peppone\u201c am Donnerstag, 22. Februar 2024, jeweils um 18.30 Uhr im GDA Wohnstift und f\u00fcr \u201eAbsender verzogen \u2013 Empf\u00e4nger unbekannt\u201c am Freitag, 23. Februar 2024, um 20.00 Uhr im Literaturhaus G\u00f6ttingen.<\/p>\n\n\n\n<p>Bei den Familienveranstaltungen gibt es noch wenige Karten f\u00fcr \u201eEnte, Tod und Tulpe\u201c (ab 5 Jahren) am Samstag, 10. Februar 2024, und \u201eEin Schaf f\u00fcr\u2018s Leben\u201c (ab 5 Jahren) am Samstag, 24. Februar 2024, jeweils um 15.00 Uhr im Kinotheater Lumi\u00e8re.<\/p>\n\n\n\n<h5 class=\"wp-block-heading\">Kartenvorverkauf<\/h5>\n\n\n\n<p>Kartenvorverkauf f\u00fcr Veranstaltungen im Alten Rathaus, im Jungen Theater, in der Musa, im GDA Wohnstift, im Literaturhaus G\u00f6ttingen und im Kinotheater Lumi\u00e8re:<\/p>\n\n\n\n<p><strong>Tourist-Information G\u00f6ttingen&nbsp;<br><\/strong>Markt 9, G\u00f6ttingen<strong><br><\/strong>Telefon: 0551 \/ 499 80 31<strong><br><\/strong>\u00d6ffnungszeiten: Mo &#8211; Sa 10.00 &#8211; 18.00 Uhr&nbsp;<strong><br><\/strong>sowie bei weiteren G\u00f6ttinger Vorverkaufsstellen und unter&nbsp;<a href=\"https:\/\/shop.reservix.de\/?id=cf86062768bb13a04efeb22df62e729745097b8762a0163bea951f445e2c54d3d7100477cb16b12ac962fec68dddca6f&amp;vID=6037&amp;eventGrpID=454978\">www.reservix.de<\/a><\/p>\n\n\n\n<p>Kartenvorverkauf f\u00fcr die Veranstaltung im Deutschen Theater:<\/p>\n\n\n\n<p><strong>Theaterkasse Deutsches Theater&nbsp;&nbsp;<br><\/strong>Telefon: 0551 \/ 4969-300<strong><br><\/strong>\u00d6ffnungszeiten: Mo &#8211; Fr 10.00 &#8211; 19.00 Uhr, Sa 11.00 &#8211; 14.00 Uhr<strong><br><\/strong>sowie unter&nbsp;<a href=\"http:\/\/www.dt-goettingen.de\/\">www.dt-goettingen.de<\/a>.<\/p>\n\n\n\n<p>Weitere Informationen zum Programm und zu den Veranstaltungen gibt es online unter&nbsp;<a href=\"https:\/\/figurentheatertage.goettingen.de\/startseite\/\">figurentheatertage.goettingen.de<\/a><strong>.<\/strong><\/p>\n\n\n\n<p><strong>Foto:<\/strong> \u00a9Radio Leinewelle (ue)<\/p>\n","protected":false},"excerpt":{"rendered":"<p>Die 39. G\u00f6ttinger Figurentheatertage (Bericht vom 15.12.23) wurden gestern, am Samstag, 10. Februar 2024, mit einem Maskenumzug durch die G\u00f6ttinger Innenstadt er\u00f6ffnet worden. Bis Sonntag, 25. Februar 2024, gibt es insgesamt 27 Auff\u00fchrungen zu erleben.&nbsp; Der Maskenumzug startete um 11.00 Uhr vor dem Neuen Rathaus und zog mit Masken und einem Katzen-Walk-Act vom Theater der [&hellip;]<\/p>\n","protected":false},"author":1,"featured_media":24984,"comment_status":"open","ping_status":"open","sticky":true,"template":"","format":"standard","meta":{"saved_in_kubio":false,"footnotes":""},"categories":[41],"tags":[],"class_list":["post-24949","post","type-post","status-publish","format-standard","has-post-thumbnail","hentry","category-veranstaltungen"],"yoast_head":"<!-- This site is optimized with the Yoast SEO plugin v27.5 - https:\/\/yoast.com\/product\/yoast-seo-wordpress\/ -->\n<title>G\u00f6ttinger Figurentheatertage mit Umzug er\u00f6ffnet - Radio Leinewelle<\/title>\n<meta name=\"robots\" content=\"index, follow, max-snippet:-1, max-image-preview:large, max-video-preview:-1\" \/>\n<link rel=\"canonical\" href=\"https:\/\/radioleinewelle.de\/index.php\/2024\/02\/11\/goettinger-figurentheatertage-starten-am-samstag\/\" \/>\n<meta property=\"og:locale\" content=\"de_DE\" \/>\n<meta property=\"og:type\" content=\"article\" \/>\n<meta property=\"og:title\" content=\"G\u00f6ttinger Figurentheatertage mit Umzug er\u00f6ffnet - Radio Leinewelle\" \/>\n<meta property=\"og:description\" content=\"Die 39. G\u00f6ttinger Figurentheatertage (Bericht vom 15.12.23) wurden gestern, am Samstag, 10. Februar 2024, mit einem Maskenumzug durch die G\u00f6ttinger Innenstadt er\u00f6ffnet worden. Bis Sonntag, 25. Februar 2024, gibt es insgesamt 27 Auff\u00fchrungen zu erleben.&nbsp; Der Maskenumzug startete um 11.00 Uhr vor dem Neuen Rathaus und zog mit Masken und einem Katzen-Walk-Act vom Theater der [&hellip;]\" \/>\n<meta property=\"og:url\" content=\"https:\/\/radioleinewelle.de\/index.php\/2024\/02\/11\/goettinger-figurentheatertage-starten-am-samstag\/\" \/>\n<meta property=\"og:site_name\" content=\"Radio Leinewelle\" \/>\n<meta property=\"article:publisher\" content=\"https:\/\/www.facebook.com\/radioleinewelle\" \/>\n<meta property=\"article:author\" content=\"https:\/\/www.facebook.com\/radioleinewelle\" \/>\n<meta property=\"article:published_time\" content=\"2024-02-11T10:11:36+00:00\" \/>\n<meta property=\"article:modified_time\" content=\"2024-02-13T20:36:49+00:00\" \/>\n<meta property=\"og:image\" content=\"https:\/\/radioleinewelle.de\/wp-content\/uploads\/2024\/02\/FTT1-e1707669229395.jpg\" \/>\n\t<meta property=\"og:image:width\" content=\"1000\" \/>\n\t<meta property=\"og:image:height\" content=\"662\" \/>\n\t<meta property=\"og:image:type\" content=\"image\/jpeg\" \/>\n<meta name=\"author\" content=\"Leinewelle\" \/>\n<meta name=\"twitter:card\" content=\"summary_large_image\" \/>\n<meta name=\"twitter:creator\" content=\"@https:\/\/twitter.com\/RLeinewelle?ref_src=twsrcgoogletwcampserptwgrauthor\" \/>\n<meta name=\"twitter:site\" content=\"@RLeinewelle\" \/>\n<meta name=\"twitter:label1\" content=\"Verfasst von\" \/>\n\t<meta name=\"twitter:data1\" content=\"Leinewelle\" \/>\n\t<meta name=\"twitter:label2\" content=\"Gesch\u00e4tzte Lesezeit\" \/>\n\t<meta name=\"twitter:data2\" content=\"3\u00a0Minuten\" \/>\n<script type=\"application\/ld+json\" class=\"yoast-schema-graph\">{\"@context\":\"https:\\\/\\\/schema.org\",\"@graph\":[{\"@type\":\"Article\",\"@id\":\"https:\\\/\\\/radioleinewelle.de\\\/index.php\\\/2024\\\/02\\\/11\\\/goettinger-figurentheatertage-starten-am-samstag\\\/#article\",\"isPartOf\":{\"@id\":\"https:\\\/\\\/radioleinewelle.de\\\/index.php\\\/2024\\\/02\\\/11\\\/goettinger-figurentheatertage-starten-am-samstag\\\/\"},\"author\":{\"name\":\"Leinewelle\",\"@id\":\"https:\\\/\\\/radioleinewelle.de\\\/#\\\/schema\\\/person\\\/45606f348637df637192dc1b68399a63\"},\"headline\":\"G\u00f6ttinger Figurentheatertage mit Umzug er\u00f6ffnet\",\"datePublished\":\"2024-02-11T10:11:36+00:00\",\"dateModified\":\"2024-02-13T20:36:49+00:00\",\"mainEntityOfPage\":{\"@id\":\"https:\\\/\\\/radioleinewelle.de\\\/index.php\\\/2024\\\/02\\\/11\\\/goettinger-figurentheatertage-starten-am-samstag\\\/\"},\"wordCount\":376,\"commentCount\":0,\"publisher\":{\"@id\":\"https:\\\/\\\/radioleinewelle.de\\\/#organization\"},\"image\":{\"@id\":\"https:\\\/\\\/radioleinewelle.de\\\/index.php\\\/2024\\\/02\\\/11\\\/goettinger-figurentheatertage-starten-am-samstag\\\/#primaryimage\"},\"thumbnailUrl\":\"https:\\\/\\\/radioleinewelle.de\\\/wp-content\\\/uploads\\\/2024\\\/02\\\/FTT1-e1707669229395.jpg\",\"articleSection\":[\"Veranstaltungen\"],\"inLanguage\":\"de\",\"potentialAction\":[{\"@type\":\"CommentAction\",\"name\":\"Comment\",\"target\":[\"https:\\\/\\\/radioleinewelle.de\\\/index.php\\\/2024\\\/02\\\/11\\\/goettinger-figurentheatertage-starten-am-samstag\\\/#respond\"]}]},{\"@type\":\"WebPage\",\"@id\":\"https:\\\/\\\/radioleinewelle.de\\\/index.php\\\/2024\\\/02\\\/11\\\/goettinger-figurentheatertage-starten-am-samstag\\\/\",\"url\":\"https:\\\/\\\/radioleinewelle.de\\\/index.php\\\/2024\\\/02\\\/11\\\/goettinger-figurentheatertage-starten-am-samstag\\\/\",\"name\":\"G\u00f6ttinger Figurentheatertage mit Umzug er\u00f6ffnet - Radio Leinewelle\",\"isPartOf\":{\"@id\":\"https:\\\/\\\/radioleinewelle.de\\\/#website\"},\"primaryImageOfPage\":{\"@id\":\"https:\\\/\\\/radioleinewelle.de\\\/index.php\\\/2024\\\/02\\\/11\\\/goettinger-figurentheatertage-starten-am-samstag\\\/#primaryimage\"},\"image\":{\"@id\":\"https:\\\/\\\/radioleinewelle.de\\\/index.php\\\/2024\\\/02\\\/11\\\/goettinger-figurentheatertage-starten-am-samstag\\\/#primaryimage\"},\"thumbnailUrl\":\"https:\\\/\\\/radioleinewelle.de\\\/wp-content\\\/uploads\\\/2024\\\/02\\\/FTT1-e1707669229395.jpg\",\"datePublished\":\"2024-02-11T10:11:36+00:00\",\"dateModified\":\"2024-02-13T20:36:49+00:00\",\"breadcrumb\":{\"@id\":\"https:\\\/\\\/radioleinewelle.de\\\/index.php\\\/2024\\\/02\\\/11\\\/goettinger-figurentheatertage-starten-am-samstag\\\/#breadcrumb\"},\"inLanguage\":\"de\",\"potentialAction\":[{\"@type\":\"ReadAction\",\"target\":[\"https:\\\/\\\/radioleinewelle.de\\\/index.php\\\/2024\\\/02\\\/11\\\/goettinger-figurentheatertage-starten-am-samstag\\\/\"]}]},{\"@type\":\"ImageObject\",\"inLanguage\":\"de\",\"@id\":\"https:\\\/\\\/radioleinewelle.de\\\/index.php\\\/2024\\\/02\\\/11\\\/goettinger-figurentheatertage-starten-am-samstag\\\/#primaryimage\",\"url\":\"https:\\\/\\\/radioleinewelle.de\\\/wp-content\\\/uploads\\\/2024\\\/02\\\/FTT1-e1707669229395.jpg\",\"contentUrl\":\"https:\\\/\\\/radioleinewelle.de\\\/wp-content\\\/uploads\\\/2024\\\/02\\\/FTT1-e1707669229395.jpg\",\"width\":1000,\"height\":662},{\"@type\":\"BreadcrumbList\",\"@id\":\"https:\\\/\\\/radioleinewelle.de\\\/index.php\\\/2024\\\/02\\\/11\\\/goettinger-figurentheatertage-starten-am-samstag\\\/#breadcrumb\",\"itemListElement\":[{\"@type\":\"ListItem\",\"position\":1,\"name\":\"Startseite\",\"item\":\"https:\\\/\\\/radioleinewelle.de\\\/\"},{\"@type\":\"ListItem\",\"position\":2,\"name\":\"G\u00f6ttinger Figurentheatertage mit Umzug er\u00f6ffnet\"}]},{\"@type\":\"WebSite\",\"@id\":\"https:\\\/\\\/radioleinewelle.de\\\/#website\",\"url\":\"https:\\\/\\\/radioleinewelle.de\\\/\",\"name\":\"Radio Leinewelle\",\"description\":\"\",\"publisher\":{\"@id\":\"https:\\\/\\\/radioleinewelle.de\\\/#organization\"},\"potentialAction\":[{\"@type\":\"SearchAction\",\"target\":{\"@type\":\"EntryPoint\",\"urlTemplate\":\"https:\\\/\\\/radioleinewelle.de\\\/?s={search_term_string}\"},\"query-input\":{\"@type\":\"PropertyValueSpecification\",\"valueRequired\":true,\"valueName\":\"search_term_string\"}}],\"inLanguage\":\"de\"},{\"@type\":\"Organization\",\"@id\":\"https:\\\/\\\/radioleinewelle.de\\\/#organization\",\"name\":\"Radio Leinewelle\",\"alternateName\":\"Mein Radio f\u00fcr S\u00fcdniedersachsen\",\"url\":\"https:\\\/\\\/radioleinewelle.de\\\/\",\"logo\":{\"@type\":\"ImageObject\",\"inLanguage\":\"de\",\"@id\":\"https:\\\/\\\/radioleinewelle.de\\\/#\\\/schema\\\/logo\\\/image\\\/\",\"url\":\"https:\\\/\\\/radioleinewelle.de\\\/wp-content\\\/uploads\\\/2023\\\/11\\\/cropped-Leinewelle_Logo_weiss.png\",\"contentUrl\":\"https:\\\/\\\/radioleinewelle.de\\\/wp-content\\\/uploads\\\/2023\\\/11\\\/cropped-Leinewelle_Logo_weiss.png\",\"width\":854,\"height\":260,\"caption\":\"Radio Leinewelle\"},\"image\":{\"@id\":\"https:\\\/\\\/radioleinewelle.de\\\/#\\\/schema\\\/logo\\\/image\\\/\"},\"sameAs\":[\"https:\\\/\\\/www.facebook.com\\\/radioleinewelle\",\"https:\\\/\\\/x.com\\\/RLeinewelle\",\"https:\\\/\\\/www.instagram.com\\\/radioleinewelle\\\/?hl=de\"]},{\"@type\":\"Person\",\"@id\":\"https:\\\/\\\/radioleinewelle.de\\\/#\\\/schema\\\/person\\\/45606f348637df637192dc1b68399a63\",\"name\":\"Leinewelle\",\"image\":{\"@type\":\"ImageObject\",\"inLanguage\":\"de\",\"@id\":\"https:\\\/\\\/secure.gravatar.com\\\/avatar\\\/05c9a17bc973052ee5d91549bd32fb4dd0dc85b7b85ae94b2e2b4943476bbea5?s=96&d=blank&r=g\",\"url\":\"https:\\\/\\\/secure.gravatar.com\\\/avatar\\\/05c9a17bc973052ee5d91549bd32fb4dd0dc85b7b85ae94b2e2b4943476bbea5?s=96&d=blank&r=g\",\"contentUrl\":\"https:\\\/\\\/secure.gravatar.com\\\/avatar\\\/05c9a17bc973052ee5d91549bd32fb4dd0dc85b7b85ae94b2e2b4943476bbea5?s=96&d=blank&r=g\",\"caption\":\"Leinewelle\"},\"sameAs\":[\"http:\\\/\\\/localhost\\\/radio%20leinewelle\\\/wordpress\",\"https:\\\/\\\/www.facebook.com\\\/radioleinewelle\",\"https:\\\/\\\/www.instagram.com\\\/radioleinewelle\",\"https:\\\/\\\/x.com\\\/https:\\\/\\\/twitter.com\\\/RLeinewelle?ref_src=twsrcgoogletwcampserptwgrauthor\",\"https:\\\/\\\/soundcloud.com\\\/foerderverein-lokalradio?utm_source=clipboard&utm_medium=text&utm_campaign=social_sharing\"],\"url\":\"https:\\\/\\\/radioleinewelle.de\\\/index.php\\\/author\\\/leinewelle\\\/\"}]}<\/script>\n<!-- \/ Yoast SEO plugin. -->","yoast_head_json":{"title":"G\u00f6ttinger Figurentheatertage mit Umzug er\u00f6ffnet - Radio Leinewelle","robots":{"index":"index","follow":"follow","max-snippet":"max-snippet:-1","max-image-preview":"max-image-preview:large","max-video-preview":"max-video-preview:-1"},"canonical":"https:\/\/radioleinewelle.de\/index.php\/2024\/02\/11\/goettinger-figurentheatertage-starten-am-samstag\/","og_locale":"de_DE","og_type":"article","og_title":"G\u00f6ttinger Figurentheatertage mit Umzug er\u00f6ffnet - Radio Leinewelle","og_description":"Die 39. G\u00f6ttinger Figurentheatertage (Bericht vom 15.12.23) wurden gestern, am Samstag, 10. Februar 2024, mit einem Maskenumzug durch die G\u00f6ttinger Innenstadt er\u00f6ffnet worden. Bis Sonntag, 25. Februar 2024, gibt es insgesamt 27 Auff\u00fchrungen zu erleben.&nbsp; Der Maskenumzug startete um 11.00 Uhr vor dem Neuen Rathaus und zog mit Masken und einem Katzen-Walk-Act vom Theater der [&hellip;]","og_url":"https:\/\/radioleinewelle.de\/index.php\/2024\/02\/11\/goettinger-figurentheatertage-starten-am-samstag\/","og_site_name":"Radio Leinewelle","article_publisher":"https:\/\/www.facebook.com\/radioleinewelle","article_author":"https:\/\/www.facebook.com\/radioleinewelle","article_published_time":"2024-02-11T10:11:36+00:00","article_modified_time":"2024-02-13T20:36:49+00:00","og_image":[{"width":1000,"height":662,"url":"https:\/\/radioleinewelle.de\/wp-content\/uploads\/2024\/02\/FTT1-e1707669229395.jpg","type":"image\/jpeg"}],"author":"Leinewelle","twitter_card":"summary_large_image","twitter_creator":"@https:\/\/twitter.com\/RLeinewelle?ref_src=twsrcgoogletwcampserptwgrauthor","twitter_site":"@RLeinewelle","twitter_misc":{"Verfasst von":"Leinewelle","Gesch\u00e4tzte Lesezeit":"3\u00a0Minuten"},"schema":{"@context":"https:\/\/schema.org","@graph":[{"@type":"Article","@id":"https:\/\/radioleinewelle.de\/index.php\/2024\/02\/11\/goettinger-figurentheatertage-starten-am-samstag\/#article","isPartOf":{"@id":"https:\/\/radioleinewelle.de\/index.php\/2024\/02\/11\/goettinger-figurentheatertage-starten-am-samstag\/"},"author":{"name":"Leinewelle","@id":"https:\/\/radioleinewelle.de\/#\/schema\/person\/45606f348637df637192dc1b68399a63"},"headline":"G\u00f6ttinger Figurentheatertage mit Umzug er\u00f6ffnet","datePublished":"2024-02-11T10:11:36+00:00","dateModified":"2024-02-13T20:36:49+00:00","mainEntityOfPage":{"@id":"https:\/\/radioleinewelle.de\/index.php\/2024\/02\/11\/goettinger-figurentheatertage-starten-am-samstag\/"},"wordCount":376,"commentCount":0,"publisher":{"@id":"https:\/\/radioleinewelle.de\/#organization"},"image":{"@id":"https:\/\/radioleinewelle.de\/index.php\/2024\/02\/11\/goettinger-figurentheatertage-starten-am-samstag\/#primaryimage"},"thumbnailUrl":"https:\/\/radioleinewelle.de\/wp-content\/uploads\/2024\/02\/FTT1-e1707669229395.jpg","articleSection":["Veranstaltungen"],"inLanguage":"de","potentialAction":[{"@type":"CommentAction","name":"Comment","target":["https:\/\/radioleinewelle.de\/index.php\/2024\/02\/11\/goettinger-figurentheatertage-starten-am-samstag\/#respond"]}]},{"@type":"WebPage","@id":"https:\/\/radioleinewelle.de\/index.php\/2024\/02\/11\/goettinger-figurentheatertage-starten-am-samstag\/","url":"https:\/\/radioleinewelle.de\/index.php\/2024\/02\/11\/goettinger-figurentheatertage-starten-am-samstag\/","name":"G\u00f6ttinger Figurentheatertage mit Umzug er\u00f6ffnet - Radio Leinewelle","isPartOf":{"@id":"https:\/\/radioleinewelle.de\/#website"},"primaryImageOfPage":{"@id":"https:\/\/radioleinewelle.de\/index.php\/2024\/02\/11\/goettinger-figurentheatertage-starten-am-samstag\/#primaryimage"},"image":{"@id":"https:\/\/radioleinewelle.de\/index.php\/2024\/02\/11\/goettinger-figurentheatertage-starten-am-samstag\/#primaryimage"},"thumbnailUrl":"https:\/\/radioleinewelle.de\/wp-content\/uploads\/2024\/02\/FTT1-e1707669229395.jpg","datePublished":"2024-02-11T10:11:36+00:00","dateModified":"2024-02-13T20:36:49+00:00","breadcrumb":{"@id":"https:\/\/radioleinewelle.de\/index.php\/2024\/02\/11\/goettinger-figurentheatertage-starten-am-samstag\/#breadcrumb"},"inLanguage":"de","potentialAction":[{"@type":"ReadAction","target":["https:\/\/radioleinewelle.de\/index.php\/2024\/02\/11\/goettinger-figurentheatertage-starten-am-samstag\/"]}]},{"@type":"ImageObject","inLanguage":"de","@id":"https:\/\/radioleinewelle.de\/index.php\/2024\/02\/11\/goettinger-figurentheatertage-starten-am-samstag\/#primaryimage","url":"https:\/\/radioleinewelle.de\/wp-content\/uploads\/2024\/02\/FTT1-e1707669229395.jpg","contentUrl":"https:\/\/radioleinewelle.de\/wp-content\/uploads\/2024\/02\/FTT1-e1707669229395.jpg","width":1000,"height":662},{"@type":"BreadcrumbList","@id":"https:\/\/radioleinewelle.de\/index.php\/2024\/02\/11\/goettinger-figurentheatertage-starten-am-samstag\/#breadcrumb","itemListElement":[{"@type":"ListItem","position":1,"name":"Startseite","item":"https:\/\/radioleinewelle.de\/"},{"@type":"ListItem","position":2,"name":"G\u00f6ttinger Figurentheatertage mit Umzug er\u00f6ffnet"}]},{"@type":"WebSite","@id":"https:\/\/radioleinewelle.de\/#website","url":"https:\/\/radioleinewelle.de\/","name":"Radio Leinewelle","description":"","publisher":{"@id":"https:\/\/radioleinewelle.de\/#organization"},"potentialAction":[{"@type":"SearchAction","target":{"@type":"EntryPoint","urlTemplate":"https:\/\/radioleinewelle.de\/?s={search_term_string}"},"query-input":{"@type":"PropertyValueSpecification","valueRequired":true,"valueName":"search_term_string"}}],"inLanguage":"de"},{"@type":"Organization","@id":"https:\/\/radioleinewelle.de\/#organization","name":"Radio Leinewelle","alternateName":"Mein Radio f\u00fcr S\u00fcdniedersachsen","url":"https:\/\/radioleinewelle.de\/","logo":{"@type":"ImageObject","inLanguage":"de","@id":"https:\/\/radioleinewelle.de\/#\/schema\/logo\/image\/","url":"https:\/\/radioleinewelle.de\/wp-content\/uploads\/2023\/11\/cropped-Leinewelle_Logo_weiss.png","contentUrl":"https:\/\/radioleinewelle.de\/wp-content\/uploads\/2023\/11\/cropped-Leinewelle_Logo_weiss.png","width":854,"height":260,"caption":"Radio Leinewelle"},"image":{"@id":"https:\/\/radioleinewelle.de\/#\/schema\/logo\/image\/"},"sameAs":["https:\/\/www.facebook.com\/radioleinewelle","https:\/\/x.com\/RLeinewelle","https:\/\/www.instagram.com\/radioleinewelle\/?hl=de"]},{"@type":"Person","@id":"https:\/\/radioleinewelle.de\/#\/schema\/person\/45606f348637df637192dc1b68399a63","name":"Leinewelle","image":{"@type":"ImageObject","inLanguage":"de","@id":"https:\/\/secure.gravatar.com\/avatar\/05c9a17bc973052ee5d91549bd32fb4dd0dc85b7b85ae94b2e2b4943476bbea5?s=96&d=blank&r=g","url":"https:\/\/secure.gravatar.com\/avatar\/05c9a17bc973052ee5d91549bd32fb4dd0dc85b7b85ae94b2e2b4943476bbea5?s=96&d=blank&r=g","contentUrl":"https:\/\/secure.gravatar.com\/avatar\/05c9a17bc973052ee5d91549bd32fb4dd0dc85b7b85ae94b2e2b4943476bbea5?s=96&d=blank&r=g","caption":"Leinewelle"},"sameAs":["http:\/\/localhost\/radio%20leinewelle\/wordpress","https:\/\/www.facebook.com\/radioleinewelle","https:\/\/www.instagram.com\/radioleinewelle","https:\/\/x.com\/https:\/\/twitter.com\/RLeinewelle?ref_src=twsrcgoogletwcampserptwgrauthor","https:\/\/soundcloud.com\/foerderverein-lokalradio?utm_source=clipboard&utm_medium=text&utm_campaign=social_sharing"],"url":"https:\/\/radioleinewelle.de\/index.php\/author\/leinewelle\/"}]}},"_links":{"self":[{"href":"https:\/\/radioleinewelle.de\/index.php\/wp-json\/wp\/v2\/posts\/24949","targetHints":{"allow":["GET"]}}],"collection":[{"href":"https:\/\/radioleinewelle.de\/index.php\/wp-json\/wp\/v2\/posts"}],"about":[{"href":"https:\/\/radioleinewelle.de\/index.php\/wp-json\/wp\/v2\/types\/post"}],"author":[{"embeddable":true,"href":"https:\/\/radioleinewelle.de\/index.php\/wp-json\/wp\/v2\/users\/1"}],"replies":[{"embeddable":true,"href":"https:\/\/radioleinewelle.de\/index.php\/wp-json\/wp\/v2\/comments?post=24949"}],"version-history":[{"count":8,"href":"https:\/\/radioleinewelle.de\/index.php\/wp-json\/wp\/v2\/posts\/24949\/revisions"}],"predecessor-version":[{"id":25005,"href":"https:\/\/radioleinewelle.de\/index.php\/wp-json\/wp\/v2\/posts\/24949\/revisions\/25005"}],"wp:featuredmedia":[{"embeddable":true,"href":"https:\/\/radioleinewelle.de\/index.php\/wp-json\/wp\/v2\/media\/24984"}],"wp:attachment":[{"href":"https:\/\/radioleinewelle.de\/index.php\/wp-json\/wp\/v2\/media?parent=24949"}],"wp:term":[{"taxonomy":"category","embeddable":true,"href":"https:\/\/radioleinewelle.de\/index.php\/wp-json\/wp\/v2\/categories?post=24949"},{"taxonomy":"post_tag","embeddable":true,"href":"https:\/\/radioleinewelle.de\/index.php\/wp-json\/wp\/v2\/tags?post=24949"}],"curies":[{"name":"wp","href":"https:\/\/api.w.org\/{rel}","templated":true}]}}