{"id":25039,"date":"2024-02-24T08:35:46","date_gmt":"2024-02-24T07:35:46","guid":{"rendered":"https:\/\/radioleinewelle.de\/?p=25039"},"modified":"2024-02-26T08:40:02","modified_gmt":"2024-02-26T07:40:02","slug":"autofahrer-rast-alkoholisiert-in-tankanlage","status":"publish","type":"post","link":"https:\/\/radioleinewelle.de\/index.php\/2024\/02\/24\/autofahrer-rast-alkoholisiert-in-tankanlage\/","title":{"rendered":"Autofahrer rast alkoholisiert in Tankanlage"},"content":{"rendered":"\n<p>Ein mutma\u00dflich erheblich alkoholisierter Autofahrer aus Bayern hat am vergangenen Donnerstagnachmittag auf der Rastanlage G\u00f6ttingen-Ost an der Autobahn 7 einen Unfall mit hohem Sachschaden verursacht. Wie durch ein Wunder wurden keine Menschen verletzt und auch der 58-J\u00e4hrige trug nur leichte Verletzungen davon. Ersthelfer befreiten den Autofahrer aus seinem besch\u00e4digten Nissan-Gel\u00e4ndewagen. Der Verletzte wurde mit dem Rettungswagen in ein Krankenhaus transportiert.<\/p>\n\n\n\n<p>W\u00e4hrend der Unfallaufnahme stellte die Autobahnpolizei bei dem Mann Alkoholgeruch in der Atemluft fest. Ein freiwilliger Atemalkoholtest ergab einen Wert im Bereich der absoluten Fahrunt\u00fcchtigkeit. Dem 58-J\u00e4hrigen wurde eine Blutprobe entnommen und sein F\u00fchrerschein beschlagnahmt. Die Beamten leiteten ein Ermittlungsverfahren wegen Gef\u00e4hrdung des Stra\u00dfenverkehrs gegen ihn ein.<\/p>\n\n\n\n<p>Ersten Erkenntnissen zufolge, fuhr der 58-J\u00e4hrige gegen 15.55 Uhr an der Rastanlage G\u00f6ttingen-Ost mit mutma\u00dflich deutlich \u00fcberh\u00f6hter Geschwindigkeit von der Autobahn ab und verlor kurz danach aus bislang unbekannter Ursache die Kontrolle \u00fcber seinen Wagen. Das Auto streifte zun\u00e4chst ein Werbeschild und mehrere Fahnenmasten, prallte gegen zwei am Rand des Tankstellengel\u00e4ndes geparkte LKW und zwei Dieselzapfs\u00e4ulen, die bei dem Aufprall v\u00f6llig zerst\u00f6rt wurden, und blieb schlie\u00dflich stehen.<\/p>\n\n\n\n<p>F\u00fcr die Dauer der Bergungsarbeiten und die Unfallaufnahme musste die Zufahrt zur Rastanlage vor\u00fcbergehend gesperrt werden. Auch der Tankstellenbetrieb war kurzzeitig eingestellt. (jk)<\/p>\n\n\n\n<p><strong>Foto:<\/strong> Polizeiinspektion G\u00f6ttingen<\/p>\n","protected":false},"excerpt":{"rendered":"<p>Ein mutma\u00dflich erheblich alkoholisierter Autofahrer aus Bayern hat am vergangenen Donnerstagnachmittag auf der Rastanlage G\u00f6ttingen-Ost an der Autobahn 7 einen Unfall mit hohem Sachschaden verursacht. Wie durch ein Wunder wurden keine Menschen verletzt und auch der 58-J\u00e4hrige trug nur leichte Verletzungen davon. Ersthelfer befreiten den Autofahrer aus seinem besch\u00e4digten Nissan-Gel\u00e4ndewagen. Der Verletzte wurde mit dem [&hellip;]<\/p>\n","protected":false},"author":1,"featured_media":25041,"comment_status":"open","ping_status":"open","sticky":true,"template":"","format":"standard","meta":{"saved_in_kubio":false,"footnotes":""},"categories":[24],"tags":[],"class_list":["post-25039","post","type-post","status-publish","format-standard","has-post-thumbnail","hentry","category-news"],"yoast_head":"<!-- This site is optimized with the Yoast SEO plugin v27.5 - https:\/\/yoast.com\/product\/yoast-seo-wordpress\/ -->\n<title>Autofahrer rast alkoholisiert in Tankanlage - Radio Leinewelle<\/title>\n<meta name=\"robots\" content=\"index, follow, max-snippet:-1, max-image-preview:large, max-video-preview:-1\" \/>\n<link rel=\"canonical\" href=\"https:\/\/radioleinewelle.de\/index.php\/2024\/02\/24\/autofahrer-rast-alkoholisiert-in-tankanlage\/\" \/>\n<meta property=\"og:locale\" content=\"de_DE\" \/>\n<meta property=\"og:type\" content=\"article\" \/>\n<meta property=\"og:title\" content=\"Autofahrer rast alkoholisiert in Tankanlage - Radio Leinewelle\" \/>\n<meta property=\"og:description\" content=\"Ein mutma\u00dflich erheblich alkoholisierter Autofahrer aus Bayern hat am vergangenen Donnerstagnachmittag auf der Rastanlage G\u00f6ttingen-Ost an der Autobahn 7 einen Unfall mit hohem Sachschaden verursacht. Wie durch ein Wunder wurden keine Menschen verletzt und auch der 58-J\u00e4hrige trug nur leichte Verletzungen davon. Ersthelfer befreiten den Autofahrer aus seinem besch\u00e4digten Nissan-Gel\u00e4ndewagen. Der Verletzte wurde mit dem [&hellip;]\" \/>\n<meta property=\"og:url\" content=\"https:\/\/radioleinewelle.de\/index.php\/2024\/02\/24\/autofahrer-rast-alkoholisiert-in-tankanlage\/\" \/>\n<meta property=\"og:site_name\" content=\"Radio Leinewelle\" \/>\n<meta property=\"article:publisher\" content=\"https:\/\/www.facebook.com\/radioleinewelle\" \/>\n<meta property=\"article:author\" content=\"https:\/\/www.facebook.com\/radioleinewelle\" \/>\n<meta property=\"article:published_time\" content=\"2024-02-24T07:35:46+00:00\" \/>\n<meta property=\"article:modified_time\" content=\"2024-02-26T07:40:02+00:00\" \/>\n<meta property=\"og:image\" content=\"https:\/\/radioleinewelle.de\/wp-content\/uploads\/2024\/02\/Rastanlage-scaled-e1708933085988.jpg\" \/>\n\t<meta property=\"og:image:width\" content=\"1000\" \/>\n\t<meta property=\"og:image:height\" content=\"557\" \/>\n\t<meta property=\"og:image:type\" content=\"image\/jpeg\" \/>\n<meta name=\"author\" content=\"Leinewelle\" \/>\n<meta name=\"twitter:card\" content=\"summary_large_image\" \/>\n<meta name=\"twitter:creator\" content=\"@https:\/\/twitter.com\/RLeinewelle?ref_src=twsrcgoogletwcampserptwgrauthor\" \/>\n<meta name=\"twitter:site\" content=\"@RLeinewelle\" \/>\n<meta name=\"twitter:label1\" content=\"Verfasst von\" \/>\n\t<meta name=\"twitter:data1\" content=\"Leinewelle\" \/>\n\t<meta name=\"twitter:label2\" content=\"Gesch\u00e4tzte Lesezeit\" \/>\n\t<meta name=\"twitter:data2\" content=\"2\u00a0Minuten\" \/>\n<script type=\"application\/ld+json\" class=\"yoast-schema-graph\">{\"@context\":\"https:\\\/\\\/schema.org\",\"@graph\":[{\"@type\":\"Article\",\"@id\":\"https:\\\/\\\/radioleinewelle.de\\\/index.php\\\/2024\\\/02\\\/24\\\/autofahrer-rast-alkoholisiert-in-tankanlage\\\/#article\",\"isPartOf\":{\"@id\":\"https:\\\/\\\/radioleinewelle.de\\\/index.php\\\/2024\\\/02\\\/24\\\/autofahrer-rast-alkoholisiert-in-tankanlage\\\/\"},\"author\":{\"name\":\"Leinewelle\",\"@id\":\"https:\\\/\\\/radioleinewelle.de\\\/#\\\/schema\\\/person\\\/45606f348637df637192dc1b68399a63\"},\"headline\":\"Autofahrer rast alkoholisiert in Tankanlage\",\"datePublished\":\"2024-02-24T07:35:46+00:00\",\"dateModified\":\"2024-02-26T07:40:02+00:00\",\"mainEntityOfPage\":{\"@id\":\"https:\\\/\\\/radioleinewelle.de\\\/index.php\\\/2024\\\/02\\\/24\\\/autofahrer-rast-alkoholisiert-in-tankanlage\\\/\"},\"wordCount\":227,\"commentCount\":0,\"publisher\":{\"@id\":\"https:\\\/\\\/radioleinewelle.de\\\/#organization\"},\"image\":{\"@id\":\"https:\\\/\\\/radioleinewelle.de\\\/index.php\\\/2024\\\/02\\\/24\\\/autofahrer-rast-alkoholisiert-in-tankanlage\\\/#primaryimage\"},\"thumbnailUrl\":\"https:\\\/\\\/radioleinewelle.de\\\/wp-content\\\/uploads\\\/2024\\\/02\\\/Rastanlage-scaled-e1708933085988.jpg\",\"articleSection\":[\"Aktuelle Nachrichten\"],\"inLanguage\":\"de\",\"potentialAction\":[{\"@type\":\"CommentAction\",\"name\":\"Comment\",\"target\":[\"https:\\\/\\\/radioleinewelle.de\\\/index.php\\\/2024\\\/02\\\/24\\\/autofahrer-rast-alkoholisiert-in-tankanlage\\\/#respond\"]}]},{\"@type\":\"WebPage\",\"@id\":\"https:\\\/\\\/radioleinewelle.de\\\/index.php\\\/2024\\\/02\\\/24\\\/autofahrer-rast-alkoholisiert-in-tankanlage\\\/\",\"url\":\"https:\\\/\\\/radioleinewelle.de\\\/index.php\\\/2024\\\/02\\\/24\\\/autofahrer-rast-alkoholisiert-in-tankanlage\\\/\",\"name\":\"Autofahrer rast alkoholisiert in Tankanlage - Radio Leinewelle\",\"isPartOf\":{\"@id\":\"https:\\\/\\\/radioleinewelle.de\\\/#website\"},\"primaryImageOfPage\":{\"@id\":\"https:\\\/\\\/radioleinewelle.de\\\/index.php\\\/2024\\\/02\\\/24\\\/autofahrer-rast-alkoholisiert-in-tankanlage\\\/#primaryimage\"},\"image\":{\"@id\":\"https:\\\/\\\/radioleinewelle.de\\\/index.php\\\/2024\\\/02\\\/24\\\/autofahrer-rast-alkoholisiert-in-tankanlage\\\/#primaryimage\"},\"thumbnailUrl\":\"https:\\\/\\\/radioleinewelle.de\\\/wp-content\\\/uploads\\\/2024\\\/02\\\/Rastanlage-scaled-e1708933085988.jpg\",\"datePublished\":\"2024-02-24T07:35:46+00:00\",\"dateModified\":\"2024-02-26T07:40:02+00:00\",\"breadcrumb\":{\"@id\":\"https:\\\/\\\/radioleinewelle.de\\\/index.php\\\/2024\\\/02\\\/24\\\/autofahrer-rast-alkoholisiert-in-tankanlage\\\/#breadcrumb\"},\"inLanguage\":\"de\",\"potentialAction\":[{\"@type\":\"ReadAction\",\"target\":[\"https:\\\/\\\/radioleinewelle.de\\\/index.php\\\/2024\\\/02\\\/24\\\/autofahrer-rast-alkoholisiert-in-tankanlage\\\/\"]}]},{\"@type\":\"ImageObject\",\"inLanguage\":\"de\",\"@id\":\"https:\\\/\\\/radioleinewelle.de\\\/index.php\\\/2024\\\/02\\\/24\\\/autofahrer-rast-alkoholisiert-in-tankanlage\\\/#primaryimage\",\"url\":\"https:\\\/\\\/radioleinewelle.de\\\/wp-content\\\/uploads\\\/2024\\\/02\\\/Rastanlage-scaled-e1708933085988.jpg\",\"contentUrl\":\"https:\\\/\\\/radioleinewelle.de\\\/wp-content\\\/uploads\\\/2024\\\/02\\\/Rastanlage-scaled-e1708933085988.jpg\",\"width\":1000,\"height\":557,\"caption\":\"Besch\u00e4digte Zapfs\u00e4ulen\"},{\"@type\":\"BreadcrumbList\",\"@id\":\"https:\\\/\\\/radioleinewelle.de\\\/index.php\\\/2024\\\/02\\\/24\\\/autofahrer-rast-alkoholisiert-in-tankanlage\\\/#breadcrumb\",\"itemListElement\":[{\"@type\":\"ListItem\",\"position\":1,\"name\":\"Startseite\",\"item\":\"https:\\\/\\\/radioleinewelle.de\\\/\"},{\"@type\":\"ListItem\",\"position\":2,\"name\":\"Autofahrer rast alkoholisiert in Tankanlage\"}]},{\"@type\":\"WebSite\",\"@id\":\"https:\\\/\\\/radioleinewelle.de\\\/#website\",\"url\":\"https:\\\/\\\/radioleinewelle.de\\\/\",\"name\":\"Radio Leinewelle\",\"description\":\"\",\"publisher\":{\"@id\":\"https:\\\/\\\/radioleinewelle.de\\\/#organization\"},\"potentialAction\":[{\"@type\":\"SearchAction\",\"target\":{\"@type\":\"EntryPoint\",\"urlTemplate\":\"https:\\\/\\\/radioleinewelle.de\\\/?s={search_term_string}\"},\"query-input\":{\"@type\":\"PropertyValueSpecification\",\"valueRequired\":true,\"valueName\":\"search_term_string\"}}],\"inLanguage\":\"de\"},{\"@type\":\"Organization\",\"@id\":\"https:\\\/\\\/radioleinewelle.de\\\/#organization\",\"name\":\"Radio Leinewelle\",\"alternateName\":\"Mein Radio f\u00fcr S\u00fcdniedersachsen\",\"url\":\"https:\\\/\\\/radioleinewelle.de\\\/\",\"logo\":{\"@type\":\"ImageObject\",\"inLanguage\":\"de\",\"@id\":\"https:\\\/\\\/radioleinewelle.de\\\/#\\\/schema\\\/logo\\\/image\\\/\",\"url\":\"https:\\\/\\\/radioleinewelle.de\\\/wp-content\\\/uploads\\\/2023\\\/11\\\/cropped-Leinewelle_Logo_weiss.png\",\"contentUrl\":\"https:\\\/\\\/radioleinewelle.de\\\/wp-content\\\/uploads\\\/2023\\\/11\\\/cropped-Leinewelle_Logo_weiss.png\",\"width\":854,\"height\":260,\"caption\":\"Radio Leinewelle\"},\"image\":{\"@id\":\"https:\\\/\\\/radioleinewelle.de\\\/#\\\/schema\\\/logo\\\/image\\\/\"},\"sameAs\":[\"https:\\\/\\\/www.facebook.com\\\/radioleinewelle\",\"https:\\\/\\\/x.com\\\/RLeinewelle\",\"https:\\\/\\\/www.instagram.com\\\/radioleinewelle\\\/?hl=de\"]},{\"@type\":\"Person\",\"@id\":\"https:\\\/\\\/radioleinewelle.de\\\/#\\\/schema\\\/person\\\/45606f348637df637192dc1b68399a63\",\"name\":\"Leinewelle\",\"image\":{\"@type\":\"ImageObject\",\"inLanguage\":\"de\",\"@id\":\"https:\\\/\\\/secure.gravatar.com\\\/avatar\\\/05c9a17bc973052ee5d91549bd32fb4dd0dc85b7b85ae94b2e2b4943476bbea5?s=96&d=blank&r=g\",\"url\":\"https:\\\/\\\/secure.gravatar.com\\\/avatar\\\/05c9a17bc973052ee5d91549bd32fb4dd0dc85b7b85ae94b2e2b4943476bbea5?s=96&d=blank&r=g\",\"contentUrl\":\"https:\\\/\\\/secure.gravatar.com\\\/avatar\\\/05c9a17bc973052ee5d91549bd32fb4dd0dc85b7b85ae94b2e2b4943476bbea5?s=96&d=blank&r=g\",\"caption\":\"Leinewelle\"},\"sameAs\":[\"http:\\\/\\\/localhost\\\/radio%20leinewelle\\\/wordpress\",\"https:\\\/\\\/www.facebook.com\\\/radioleinewelle\",\"https:\\\/\\\/www.instagram.com\\\/radioleinewelle\",\"https:\\\/\\\/x.com\\\/https:\\\/\\\/twitter.com\\\/RLeinewelle?ref_src=twsrcgoogletwcampserptwgrauthor\",\"https:\\\/\\\/soundcloud.com\\\/foerderverein-lokalradio?utm_source=clipboard&utm_medium=text&utm_campaign=social_sharing\"],\"url\":\"https:\\\/\\\/radioleinewelle.de\\\/index.php\\\/author\\\/leinewelle\\\/\"}]}<\/script>\n<!-- \/ Yoast SEO plugin. -->","yoast_head_json":{"title":"Autofahrer rast alkoholisiert in Tankanlage - Radio Leinewelle","robots":{"index":"index","follow":"follow","max-snippet":"max-snippet:-1","max-image-preview":"max-image-preview:large","max-video-preview":"max-video-preview:-1"},"canonical":"https:\/\/radioleinewelle.de\/index.php\/2024\/02\/24\/autofahrer-rast-alkoholisiert-in-tankanlage\/","og_locale":"de_DE","og_type":"article","og_title":"Autofahrer rast alkoholisiert in Tankanlage - Radio Leinewelle","og_description":"Ein mutma\u00dflich erheblich alkoholisierter Autofahrer aus Bayern hat am vergangenen Donnerstagnachmittag auf der Rastanlage G\u00f6ttingen-Ost an der Autobahn 7 einen Unfall mit hohem Sachschaden verursacht. Wie durch ein Wunder wurden keine Menschen verletzt und auch der 58-J\u00e4hrige trug nur leichte Verletzungen davon. Ersthelfer befreiten den Autofahrer aus seinem besch\u00e4digten Nissan-Gel\u00e4ndewagen. Der Verletzte wurde mit dem [&hellip;]","og_url":"https:\/\/radioleinewelle.de\/index.php\/2024\/02\/24\/autofahrer-rast-alkoholisiert-in-tankanlage\/","og_site_name":"Radio Leinewelle","article_publisher":"https:\/\/www.facebook.com\/radioleinewelle","article_author":"https:\/\/www.facebook.com\/radioleinewelle","article_published_time":"2024-02-24T07:35:46+00:00","article_modified_time":"2024-02-26T07:40:02+00:00","og_image":[{"width":1000,"height":557,"url":"https:\/\/radioleinewelle.de\/wp-content\/uploads\/2024\/02\/Rastanlage-scaled-e1708933085988.jpg","type":"image\/jpeg"}],"author":"Leinewelle","twitter_card":"summary_large_image","twitter_creator":"@https:\/\/twitter.com\/RLeinewelle?ref_src=twsrcgoogletwcampserptwgrauthor","twitter_site":"@RLeinewelle","twitter_misc":{"Verfasst von":"Leinewelle","Gesch\u00e4tzte Lesezeit":"2\u00a0Minuten"},"schema":{"@context":"https:\/\/schema.org","@graph":[{"@type":"Article","@id":"https:\/\/radioleinewelle.de\/index.php\/2024\/02\/24\/autofahrer-rast-alkoholisiert-in-tankanlage\/#article","isPartOf":{"@id":"https:\/\/radioleinewelle.de\/index.php\/2024\/02\/24\/autofahrer-rast-alkoholisiert-in-tankanlage\/"},"author":{"name":"Leinewelle","@id":"https:\/\/radioleinewelle.de\/#\/schema\/person\/45606f348637df637192dc1b68399a63"},"headline":"Autofahrer rast alkoholisiert in Tankanlage","datePublished":"2024-02-24T07:35:46+00:00","dateModified":"2024-02-26T07:40:02+00:00","mainEntityOfPage":{"@id":"https:\/\/radioleinewelle.de\/index.php\/2024\/02\/24\/autofahrer-rast-alkoholisiert-in-tankanlage\/"},"wordCount":227,"commentCount":0,"publisher":{"@id":"https:\/\/radioleinewelle.de\/#organization"},"image":{"@id":"https:\/\/radioleinewelle.de\/index.php\/2024\/02\/24\/autofahrer-rast-alkoholisiert-in-tankanlage\/#primaryimage"},"thumbnailUrl":"https:\/\/radioleinewelle.de\/wp-content\/uploads\/2024\/02\/Rastanlage-scaled-e1708933085988.jpg","articleSection":["Aktuelle Nachrichten"],"inLanguage":"de","potentialAction":[{"@type":"CommentAction","name":"Comment","target":["https:\/\/radioleinewelle.de\/index.php\/2024\/02\/24\/autofahrer-rast-alkoholisiert-in-tankanlage\/#respond"]}]},{"@type":"WebPage","@id":"https:\/\/radioleinewelle.de\/index.php\/2024\/02\/24\/autofahrer-rast-alkoholisiert-in-tankanlage\/","url":"https:\/\/radioleinewelle.de\/index.php\/2024\/02\/24\/autofahrer-rast-alkoholisiert-in-tankanlage\/","name":"Autofahrer rast alkoholisiert in Tankanlage - Radio Leinewelle","isPartOf":{"@id":"https:\/\/radioleinewelle.de\/#website"},"primaryImageOfPage":{"@id":"https:\/\/radioleinewelle.de\/index.php\/2024\/02\/24\/autofahrer-rast-alkoholisiert-in-tankanlage\/#primaryimage"},"image":{"@id":"https:\/\/radioleinewelle.de\/index.php\/2024\/02\/24\/autofahrer-rast-alkoholisiert-in-tankanlage\/#primaryimage"},"thumbnailUrl":"https:\/\/radioleinewelle.de\/wp-content\/uploads\/2024\/02\/Rastanlage-scaled-e1708933085988.jpg","datePublished":"2024-02-24T07:35:46+00:00","dateModified":"2024-02-26T07:40:02+00:00","breadcrumb":{"@id":"https:\/\/radioleinewelle.de\/index.php\/2024\/02\/24\/autofahrer-rast-alkoholisiert-in-tankanlage\/#breadcrumb"},"inLanguage":"de","potentialAction":[{"@type":"ReadAction","target":["https:\/\/radioleinewelle.de\/index.php\/2024\/02\/24\/autofahrer-rast-alkoholisiert-in-tankanlage\/"]}]},{"@type":"ImageObject","inLanguage":"de","@id":"https:\/\/radioleinewelle.de\/index.php\/2024\/02\/24\/autofahrer-rast-alkoholisiert-in-tankanlage\/#primaryimage","url":"https:\/\/radioleinewelle.de\/wp-content\/uploads\/2024\/02\/Rastanlage-scaled-e1708933085988.jpg","contentUrl":"https:\/\/radioleinewelle.de\/wp-content\/uploads\/2024\/02\/Rastanlage-scaled-e1708933085988.jpg","width":1000,"height":557,"caption":"Besch\u00e4digte Zapfs\u00e4ulen"},{"@type":"BreadcrumbList","@id":"https:\/\/radioleinewelle.de\/index.php\/2024\/02\/24\/autofahrer-rast-alkoholisiert-in-tankanlage\/#breadcrumb","itemListElement":[{"@type":"ListItem","position":1,"name":"Startseite","item":"https:\/\/radioleinewelle.de\/"},{"@type":"ListItem","position":2,"name":"Autofahrer rast alkoholisiert in Tankanlage"}]},{"@type":"WebSite","@id":"https:\/\/radioleinewelle.de\/#website","url":"https:\/\/radioleinewelle.de\/","name":"Radio Leinewelle","description":"","publisher":{"@id":"https:\/\/radioleinewelle.de\/#organization"},"potentialAction":[{"@type":"SearchAction","target":{"@type":"EntryPoint","urlTemplate":"https:\/\/radioleinewelle.de\/?s={search_term_string}"},"query-input":{"@type":"PropertyValueSpecification","valueRequired":true,"valueName":"search_term_string"}}],"inLanguage":"de"},{"@type":"Organization","@id":"https:\/\/radioleinewelle.de\/#organization","name":"Radio Leinewelle","alternateName":"Mein Radio f\u00fcr S\u00fcdniedersachsen","url":"https:\/\/radioleinewelle.de\/","logo":{"@type":"ImageObject","inLanguage":"de","@id":"https:\/\/radioleinewelle.de\/#\/schema\/logo\/image\/","url":"https:\/\/radioleinewelle.de\/wp-content\/uploads\/2023\/11\/cropped-Leinewelle_Logo_weiss.png","contentUrl":"https:\/\/radioleinewelle.de\/wp-content\/uploads\/2023\/11\/cropped-Leinewelle_Logo_weiss.png","width":854,"height":260,"caption":"Radio Leinewelle"},"image":{"@id":"https:\/\/radioleinewelle.de\/#\/schema\/logo\/image\/"},"sameAs":["https:\/\/www.facebook.com\/radioleinewelle","https:\/\/x.com\/RLeinewelle","https:\/\/www.instagram.com\/radioleinewelle\/?hl=de"]},{"@type":"Person","@id":"https:\/\/radioleinewelle.de\/#\/schema\/person\/45606f348637df637192dc1b68399a63","name":"Leinewelle","image":{"@type":"ImageObject","inLanguage":"de","@id":"https:\/\/secure.gravatar.com\/avatar\/05c9a17bc973052ee5d91549bd32fb4dd0dc85b7b85ae94b2e2b4943476bbea5?s=96&d=blank&r=g","url":"https:\/\/secure.gravatar.com\/avatar\/05c9a17bc973052ee5d91549bd32fb4dd0dc85b7b85ae94b2e2b4943476bbea5?s=96&d=blank&r=g","contentUrl":"https:\/\/secure.gravatar.com\/avatar\/05c9a17bc973052ee5d91549bd32fb4dd0dc85b7b85ae94b2e2b4943476bbea5?s=96&d=blank&r=g","caption":"Leinewelle"},"sameAs":["http:\/\/localhost\/radio%20leinewelle\/wordpress","https:\/\/www.facebook.com\/radioleinewelle","https:\/\/www.instagram.com\/radioleinewelle","https:\/\/x.com\/https:\/\/twitter.com\/RLeinewelle?ref_src=twsrcgoogletwcampserptwgrauthor","https:\/\/soundcloud.com\/foerderverein-lokalradio?utm_source=clipboard&utm_medium=text&utm_campaign=social_sharing"],"url":"https:\/\/radioleinewelle.de\/index.php\/author\/leinewelle\/"}]}},"_links":{"self":[{"href":"https:\/\/radioleinewelle.de\/index.php\/wp-json\/wp\/v2\/posts\/25039","targetHints":{"allow":["GET"]}}],"collection":[{"href":"https:\/\/radioleinewelle.de\/index.php\/wp-json\/wp\/v2\/posts"}],"about":[{"href":"https:\/\/radioleinewelle.de\/index.php\/wp-json\/wp\/v2\/types\/post"}],"author":[{"embeddable":true,"href":"https:\/\/radioleinewelle.de\/index.php\/wp-json\/wp\/v2\/users\/1"}],"replies":[{"embeddable":true,"href":"https:\/\/radioleinewelle.de\/index.php\/wp-json\/wp\/v2\/comments?post=25039"}],"version-history":[{"count":2,"href":"https:\/\/radioleinewelle.de\/index.php\/wp-json\/wp\/v2\/posts\/25039\/revisions"}],"predecessor-version":[{"id":25042,"href":"https:\/\/radioleinewelle.de\/index.php\/wp-json\/wp\/v2\/posts\/25039\/revisions\/25042"}],"wp:featuredmedia":[{"embeddable":true,"href":"https:\/\/radioleinewelle.de\/index.php\/wp-json\/wp\/v2\/media\/25041"}],"wp:attachment":[{"href":"https:\/\/radioleinewelle.de\/index.php\/wp-json\/wp\/v2\/media?parent=25039"}],"wp:term":[{"taxonomy":"category","embeddable":true,"href":"https:\/\/radioleinewelle.de\/index.php\/wp-json\/wp\/v2\/categories?post=25039"},{"taxonomy":"post_tag","embeddable":true,"href":"https:\/\/radioleinewelle.de\/index.php\/wp-json\/wp\/v2\/tags?post=25039"}],"curies":[{"name":"wp","href":"https:\/\/api.w.org\/{rel}","templated":true}]}}