{"id":25081,"date":"2024-03-10T09:55:30","date_gmt":"2024-03-10T08:55:30","guid":{"rendered":"https:\/\/radioleinewelle.de\/?p=25081"},"modified":"2024-03-11T10:08:56","modified_gmt":"2024-03-11T09:08:56","slug":"deutsches-theater-goettingen-erneute-lesung-ueber-die-correctiv-recherchen","status":"publish","type":"post","link":"https:\/\/radioleinewelle.de\/index.php\/2024\/03\/10\/deutsches-theater-goettingen-erneute-lesung-ueber-die-correctiv-recherchen\/","title":{"rendered":"Deutsches Theater G\u00f6ttingen: erneute Lesung \u00fcber die Correctiv-Recherchen"},"content":{"rendered":"\n<p>Ein weiteres Mal gibt es die Lesung der CORRECTIV-Recherche im dt.2 des Deutschen Theater G\u00f6ttingen.\u00a0Am 10. Januar ver\u00f6ffentlicht die investigative Redaktion von CORRECTIV die Ergebnisse ihrer Recherche zu einem geheimen Treffen, das sich Ende November 2023 in einem Hotel bei Potsdam abspielt. Politiker*innen der AfD, der CDU und finanzstarke Unternehmer*innen treffen auf prominente Neonazis, um einen sogenannten \u00bbMasterplan\u00ab f\u00fcr Deutschland zu besprechen.\u00a0 Dieser Plan umfasst unter anderem die Deportation von 25 Millionen Asylbewerber*innen, Ausl\u00e4nder*innen mit Bleiberecht und deutschen Staatsb\u00fcrger*innen mit Migrationsgeschichte \u2013 was nicht weniger als einen v\u00f6lkisch-rassistischen Angriff auf das Grundgesetz darstellt.\u00a0<\/p>\n\n\n\n<p>Dem Deutschen Theater G\u00f6ttingen ist es ein Anliegen, die Rechercheergebnisse \u00fcber das akute Medieninteresse hinaus im Bewusstsein unseres Publikums und der Stadtgesellschaft zu halten und uns nachhaltig gegen die Neue Rechte zu positionieren.<\/p>\n\n\n\n<p>Nach zwei ausgebuchten Abenden bringt das Ensemble den CORRECTIV-Bericht am 11. M\u00e4rz erneut als szenische Lesung auf die B\u00fchne des dt.2.<\/p>\n\n\n\n<p>Der Eintritt ist frei. An der Theaterkasse k\u00f6nnen Z\u00e4hlkarten reserviert und abgeholt werden. Spenden zur Unterst\u00fctzung der unabh\u00e4ngigen Berichterstattung von CORRECTIV werden vor Ort m\u00f6glich sein.<\/p>\n\n\n\n<p><strong><u>Lesung am Mo, 11.3. \u00bbGeheimplan gegen Deutschland\u00ab um 20.00 Uhr im dt.2 des Deutschen Theater G\u00f6ttingen.<\/u><\/strong><\/p>\n\n\n\n<p>Weitere Termine auf der Webseite\u00a0<a href=\"http:\/\/www.dt-goettingen.de\/\"><strong>www.dt-goettingen.<\/strong>de<\/a><\/p>\n\n\n\n<p>Karten und Infos unter 0551.49 69-300<\/p>\n\n\n\n<p><strong>Foto:<\/strong> Ausschnitt Correctiv Brosch\u00fcre<\/p>\n","protected":false},"excerpt":{"rendered":"<p>Ein weiteres Mal gibt es die Lesung der CORRECTIV-Recherche im dt.2 des Deutschen Theater G\u00f6ttingen.\u00a0Am 10. Januar ver\u00f6ffentlicht die investigative Redaktion von CORRECTIV die Ergebnisse ihrer Recherche zu einem geheimen Treffen, das sich Ende November 2023 in einem Hotel bei Potsdam abspielt. Politiker*innen der AfD, der CDU und finanzstarke Unternehmer*innen treffen auf prominente Neonazis, um [&hellip;]<\/p>\n","protected":false},"author":1,"featured_media":25082,"comment_status":"open","ping_status":"open","sticky":true,"template":"","format":"standard","meta":{"saved_in_kubio":false,"footnotes":""},"categories":[53],"tags":[],"class_list":["post-25081","post","type-post","status-publish","format-standard","has-post-thumbnail","hentry","category-gesellschaft"],"yoast_head":"<!-- This site is optimized with the Yoast SEO plugin v27.5 - https:\/\/yoast.com\/product\/yoast-seo-wordpress\/ -->\n<title>Deutsches Theater G\u00f6ttingen: erneute Lesung \u00fcber die Correctiv-Recherchen - Radio Leinewelle<\/title>\n<meta name=\"robots\" content=\"index, follow, max-snippet:-1, max-image-preview:large, max-video-preview:-1\" \/>\n<link rel=\"canonical\" href=\"https:\/\/radioleinewelle.de\/index.php\/2024\/03\/10\/deutsches-theater-goettingen-erneute-lesung-ueber-die-correctiv-recherchen\/\" \/>\n<meta property=\"og:locale\" content=\"de_DE\" \/>\n<meta property=\"og:type\" content=\"article\" \/>\n<meta property=\"og:title\" content=\"Deutsches Theater G\u00f6ttingen: erneute Lesung \u00fcber die Correctiv-Recherchen - Radio Leinewelle\" \/>\n<meta property=\"og:description\" content=\"Ein weiteres Mal gibt es die Lesung der CORRECTIV-Recherche im dt.2 des Deutschen Theater G\u00f6ttingen.\u00a0Am 10. Januar ver\u00f6ffentlicht die investigative Redaktion von CORRECTIV die Ergebnisse ihrer Recherche zu einem geheimen Treffen, das sich Ende November 2023 in einem Hotel bei Potsdam abspielt. Politiker*innen der AfD, der CDU und finanzstarke Unternehmer*innen treffen auf prominente Neonazis, um [&hellip;]\" \/>\n<meta property=\"og:url\" content=\"https:\/\/radioleinewelle.de\/index.php\/2024\/03\/10\/deutsches-theater-goettingen-erneute-lesung-ueber-die-correctiv-recherchen\/\" \/>\n<meta property=\"og:site_name\" content=\"Radio Leinewelle\" \/>\n<meta property=\"article:publisher\" content=\"https:\/\/www.facebook.com\/radioleinewelle\" \/>\n<meta property=\"article:author\" content=\"https:\/\/www.facebook.com\/radioleinewelle\" \/>\n<meta property=\"article:published_time\" content=\"2024-03-10T08:55:30+00:00\" \/>\n<meta property=\"article:modified_time\" content=\"2024-03-11T09:08:56+00:00\" \/>\n<meta property=\"og:image\" content=\"https:\/\/radioleinewelle.de\/wp-content\/uploads\/2024\/03\/Correctiv-Broschuere-e1710148087634.jpg\" \/>\n\t<meta property=\"og:image:width\" content=\"656\" \/>\n\t<meta property=\"og:image:height\" content=\"615\" \/>\n\t<meta property=\"og:image:type\" content=\"image\/jpeg\" \/>\n<meta name=\"author\" content=\"Leinewelle\" \/>\n<meta name=\"twitter:card\" content=\"summary_large_image\" \/>\n<meta name=\"twitter:creator\" content=\"@https:\/\/twitter.com\/RLeinewelle?ref_src=twsrcgoogletwcampserptwgrauthor\" \/>\n<meta name=\"twitter:site\" content=\"@RLeinewelle\" \/>\n<meta name=\"twitter:label1\" content=\"Verfasst von\" \/>\n\t<meta name=\"twitter:data1\" content=\"Leinewelle\" \/>\n\t<meta name=\"twitter:label2\" content=\"Gesch\u00e4tzte Lesezeit\" \/>\n\t<meta name=\"twitter:data2\" content=\"2\u00a0Minuten\" \/>\n<script type=\"application\/ld+json\" class=\"yoast-schema-graph\">{\"@context\":\"https:\\\/\\\/schema.org\",\"@graph\":[{\"@type\":\"Article\",\"@id\":\"https:\\\/\\\/radioleinewelle.de\\\/index.php\\\/2024\\\/03\\\/10\\\/deutsches-theater-goettingen-erneute-lesung-ueber-die-correctiv-recherchen\\\/#article\",\"isPartOf\":{\"@id\":\"https:\\\/\\\/radioleinewelle.de\\\/index.php\\\/2024\\\/03\\\/10\\\/deutsches-theater-goettingen-erneute-lesung-ueber-die-correctiv-recherchen\\\/\"},\"author\":{\"name\":\"Leinewelle\",\"@id\":\"https:\\\/\\\/radioleinewelle.de\\\/#\\\/schema\\\/person\\\/45606f348637df637192dc1b68399a63\"},\"headline\":\"Deutsches Theater G\u00f6ttingen: erneute Lesung \u00fcber die Correctiv-Recherchen\",\"datePublished\":\"2024-03-10T08:55:30+00:00\",\"dateModified\":\"2024-03-11T09:08:56+00:00\",\"mainEntityOfPage\":{\"@id\":\"https:\\\/\\\/radioleinewelle.de\\\/index.php\\\/2024\\\/03\\\/10\\\/deutsches-theater-goettingen-erneute-lesung-ueber-die-correctiv-recherchen\\\/\"},\"wordCount\":230,\"commentCount\":0,\"publisher\":{\"@id\":\"https:\\\/\\\/radioleinewelle.de\\\/#organization\"},\"image\":{\"@id\":\"https:\\\/\\\/radioleinewelle.de\\\/index.php\\\/2024\\\/03\\\/10\\\/deutsches-theater-goettingen-erneute-lesung-ueber-die-correctiv-recherchen\\\/#primaryimage\"},\"thumbnailUrl\":\"https:\\\/\\\/radioleinewelle.de\\\/wp-content\\\/uploads\\\/2024\\\/03\\\/Correctiv-Broschuere-e1710148087634.jpg\",\"articleSection\":[\"Gesellschaft\"],\"inLanguage\":\"de\",\"potentialAction\":[{\"@type\":\"CommentAction\",\"name\":\"Comment\",\"target\":[\"https:\\\/\\\/radioleinewelle.de\\\/index.php\\\/2024\\\/03\\\/10\\\/deutsches-theater-goettingen-erneute-lesung-ueber-die-correctiv-recherchen\\\/#respond\"]}]},{\"@type\":\"WebPage\",\"@id\":\"https:\\\/\\\/radioleinewelle.de\\\/index.php\\\/2024\\\/03\\\/10\\\/deutsches-theater-goettingen-erneute-lesung-ueber-die-correctiv-recherchen\\\/\",\"url\":\"https:\\\/\\\/radioleinewelle.de\\\/index.php\\\/2024\\\/03\\\/10\\\/deutsches-theater-goettingen-erneute-lesung-ueber-die-correctiv-recherchen\\\/\",\"name\":\"Deutsches Theater G\u00f6ttingen: erneute Lesung \u00fcber die Correctiv-Recherchen - Radio Leinewelle\",\"isPartOf\":{\"@id\":\"https:\\\/\\\/radioleinewelle.de\\\/#website\"},\"primaryImageOfPage\":{\"@id\":\"https:\\\/\\\/radioleinewelle.de\\\/index.php\\\/2024\\\/03\\\/10\\\/deutsches-theater-goettingen-erneute-lesung-ueber-die-correctiv-recherchen\\\/#primaryimage\"},\"image\":{\"@id\":\"https:\\\/\\\/radioleinewelle.de\\\/index.php\\\/2024\\\/03\\\/10\\\/deutsches-theater-goettingen-erneute-lesung-ueber-die-correctiv-recherchen\\\/#primaryimage\"},\"thumbnailUrl\":\"https:\\\/\\\/radioleinewelle.de\\\/wp-content\\\/uploads\\\/2024\\\/03\\\/Correctiv-Broschuere-e1710148087634.jpg\",\"datePublished\":\"2024-03-10T08:55:30+00:00\",\"dateModified\":\"2024-03-11T09:08:56+00:00\",\"breadcrumb\":{\"@id\":\"https:\\\/\\\/radioleinewelle.de\\\/index.php\\\/2024\\\/03\\\/10\\\/deutsches-theater-goettingen-erneute-lesung-ueber-die-correctiv-recherchen\\\/#breadcrumb\"},\"inLanguage\":\"de\",\"potentialAction\":[{\"@type\":\"ReadAction\",\"target\":[\"https:\\\/\\\/radioleinewelle.de\\\/index.php\\\/2024\\\/03\\\/10\\\/deutsches-theater-goettingen-erneute-lesung-ueber-die-correctiv-recherchen\\\/\"]}]},{\"@type\":\"ImageObject\",\"inLanguage\":\"de\",\"@id\":\"https:\\\/\\\/radioleinewelle.de\\\/index.php\\\/2024\\\/03\\\/10\\\/deutsches-theater-goettingen-erneute-lesung-ueber-die-correctiv-recherchen\\\/#primaryimage\",\"url\":\"https:\\\/\\\/radioleinewelle.de\\\/wp-content\\\/uploads\\\/2024\\\/03\\\/Correctiv-Broschuere-e1710148087634.jpg\",\"contentUrl\":\"https:\\\/\\\/radioleinewelle.de\\\/wp-content\\\/uploads\\\/2024\\\/03\\\/Correctiv-Broschuere-e1710148087634.jpg\",\"width\":656,\"height\":615},{\"@type\":\"BreadcrumbList\",\"@id\":\"https:\\\/\\\/radioleinewelle.de\\\/index.php\\\/2024\\\/03\\\/10\\\/deutsches-theater-goettingen-erneute-lesung-ueber-die-correctiv-recherchen\\\/#breadcrumb\",\"itemListElement\":[{\"@type\":\"ListItem\",\"position\":1,\"name\":\"Startseite\",\"item\":\"https:\\\/\\\/radioleinewelle.de\\\/\"},{\"@type\":\"ListItem\",\"position\":2,\"name\":\"Deutsches Theater G\u00f6ttingen: erneute Lesung \u00fcber die Correctiv-Recherchen\"}]},{\"@type\":\"WebSite\",\"@id\":\"https:\\\/\\\/radioleinewelle.de\\\/#website\",\"url\":\"https:\\\/\\\/radioleinewelle.de\\\/\",\"name\":\"Radio Leinewelle\",\"description\":\"\",\"publisher\":{\"@id\":\"https:\\\/\\\/radioleinewelle.de\\\/#organization\"},\"potentialAction\":[{\"@type\":\"SearchAction\",\"target\":{\"@type\":\"EntryPoint\",\"urlTemplate\":\"https:\\\/\\\/radioleinewelle.de\\\/?s={search_term_string}\"},\"query-input\":{\"@type\":\"PropertyValueSpecification\",\"valueRequired\":true,\"valueName\":\"search_term_string\"}}],\"inLanguage\":\"de\"},{\"@type\":\"Organization\",\"@id\":\"https:\\\/\\\/radioleinewelle.de\\\/#organization\",\"name\":\"Radio Leinewelle\",\"alternateName\":\"Mein Radio f\u00fcr S\u00fcdniedersachsen\",\"url\":\"https:\\\/\\\/radioleinewelle.de\\\/\",\"logo\":{\"@type\":\"ImageObject\",\"inLanguage\":\"de\",\"@id\":\"https:\\\/\\\/radioleinewelle.de\\\/#\\\/schema\\\/logo\\\/image\\\/\",\"url\":\"https:\\\/\\\/radioleinewelle.de\\\/wp-content\\\/uploads\\\/2023\\\/11\\\/cropped-Leinewelle_Logo_weiss.png\",\"contentUrl\":\"https:\\\/\\\/radioleinewelle.de\\\/wp-content\\\/uploads\\\/2023\\\/11\\\/cropped-Leinewelle_Logo_weiss.png\",\"width\":854,\"height\":260,\"caption\":\"Radio Leinewelle\"},\"image\":{\"@id\":\"https:\\\/\\\/radioleinewelle.de\\\/#\\\/schema\\\/logo\\\/image\\\/\"},\"sameAs\":[\"https:\\\/\\\/www.facebook.com\\\/radioleinewelle\",\"https:\\\/\\\/x.com\\\/RLeinewelle\",\"https:\\\/\\\/www.instagram.com\\\/radioleinewelle\\\/?hl=de\"]},{\"@type\":\"Person\",\"@id\":\"https:\\\/\\\/radioleinewelle.de\\\/#\\\/schema\\\/person\\\/45606f348637df637192dc1b68399a63\",\"name\":\"Leinewelle\",\"image\":{\"@type\":\"ImageObject\",\"inLanguage\":\"de\",\"@id\":\"https:\\\/\\\/secure.gravatar.com\\\/avatar\\\/05c9a17bc973052ee5d91549bd32fb4dd0dc85b7b85ae94b2e2b4943476bbea5?s=96&d=blank&r=g\",\"url\":\"https:\\\/\\\/secure.gravatar.com\\\/avatar\\\/05c9a17bc973052ee5d91549bd32fb4dd0dc85b7b85ae94b2e2b4943476bbea5?s=96&d=blank&r=g\",\"contentUrl\":\"https:\\\/\\\/secure.gravatar.com\\\/avatar\\\/05c9a17bc973052ee5d91549bd32fb4dd0dc85b7b85ae94b2e2b4943476bbea5?s=96&d=blank&r=g\",\"caption\":\"Leinewelle\"},\"sameAs\":[\"http:\\\/\\\/localhost\\\/radio%20leinewelle\\\/wordpress\",\"https:\\\/\\\/www.facebook.com\\\/radioleinewelle\",\"https:\\\/\\\/www.instagram.com\\\/radioleinewelle\",\"https:\\\/\\\/x.com\\\/https:\\\/\\\/twitter.com\\\/RLeinewelle?ref_src=twsrcgoogletwcampserptwgrauthor\",\"https:\\\/\\\/soundcloud.com\\\/foerderverein-lokalradio?utm_source=clipboard&utm_medium=text&utm_campaign=social_sharing\"],\"url\":\"https:\\\/\\\/radioleinewelle.de\\\/index.php\\\/author\\\/leinewelle\\\/\"}]}<\/script>\n<!-- \/ Yoast SEO plugin. -->","yoast_head_json":{"title":"Deutsches Theater G\u00f6ttingen: erneute Lesung \u00fcber die Correctiv-Recherchen - Radio Leinewelle","robots":{"index":"index","follow":"follow","max-snippet":"max-snippet:-1","max-image-preview":"max-image-preview:large","max-video-preview":"max-video-preview:-1"},"canonical":"https:\/\/radioleinewelle.de\/index.php\/2024\/03\/10\/deutsches-theater-goettingen-erneute-lesung-ueber-die-correctiv-recherchen\/","og_locale":"de_DE","og_type":"article","og_title":"Deutsches Theater G\u00f6ttingen: erneute Lesung \u00fcber die Correctiv-Recherchen - Radio Leinewelle","og_description":"Ein weiteres Mal gibt es die Lesung der CORRECTIV-Recherche im dt.2 des Deutschen Theater G\u00f6ttingen.\u00a0Am 10. Januar ver\u00f6ffentlicht die investigative Redaktion von CORRECTIV die Ergebnisse ihrer Recherche zu einem geheimen Treffen, das sich Ende November 2023 in einem Hotel bei Potsdam abspielt. Politiker*innen der AfD, der CDU und finanzstarke Unternehmer*innen treffen auf prominente Neonazis, um [&hellip;]","og_url":"https:\/\/radioleinewelle.de\/index.php\/2024\/03\/10\/deutsches-theater-goettingen-erneute-lesung-ueber-die-correctiv-recherchen\/","og_site_name":"Radio Leinewelle","article_publisher":"https:\/\/www.facebook.com\/radioleinewelle","article_author":"https:\/\/www.facebook.com\/radioleinewelle","article_published_time":"2024-03-10T08:55:30+00:00","article_modified_time":"2024-03-11T09:08:56+00:00","og_image":[{"width":656,"height":615,"url":"https:\/\/radioleinewelle.de\/wp-content\/uploads\/2024\/03\/Correctiv-Broschuere-e1710148087634.jpg","type":"image\/jpeg"}],"author":"Leinewelle","twitter_card":"summary_large_image","twitter_creator":"@https:\/\/twitter.com\/RLeinewelle?ref_src=twsrcgoogletwcampserptwgrauthor","twitter_site":"@RLeinewelle","twitter_misc":{"Verfasst von":"Leinewelle","Gesch\u00e4tzte Lesezeit":"2\u00a0Minuten"},"schema":{"@context":"https:\/\/schema.org","@graph":[{"@type":"Article","@id":"https:\/\/radioleinewelle.de\/index.php\/2024\/03\/10\/deutsches-theater-goettingen-erneute-lesung-ueber-die-correctiv-recherchen\/#article","isPartOf":{"@id":"https:\/\/radioleinewelle.de\/index.php\/2024\/03\/10\/deutsches-theater-goettingen-erneute-lesung-ueber-die-correctiv-recherchen\/"},"author":{"name":"Leinewelle","@id":"https:\/\/radioleinewelle.de\/#\/schema\/person\/45606f348637df637192dc1b68399a63"},"headline":"Deutsches Theater G\u00f6ttingen: erneute Lesung \u00fcber die Correctiv-Recherchen","datePublished":"2024-03-10T08:55:30+00:00","dateModified":"2024-03-11T09:08:56+00:00","mainEntityOfPage":{"@id":"https:\/\/radioleinewelle.de\/index.php\/2024\/03\/10\/deutsches-theater-goettingen-erneute-lesung-ueber-die-correctiv-recherchen\/"},"wordCount":230,"commentCount":0,"publisher":{"@id":"https:\/\/radioleinewelle.de\/#organization"},"image":{"@id":"https:\/\/radioleinewelle.de\/index.php\/2024\/03\/10\/deutsches-theater-goettingen-erneute-lesung-ueber-die-correctiv-recherchen\/#primaryimage"},"thumbnailUrl":"https:\/\/radioleinewelle.de\/wp-content\/uploads\/2024\/03\/Correctiv-Broschuere-e1710148087634.jpg","articleSection":["Gesellschaft"],"inLanguage":"de","potentialAction":[{"@type":"CommentAction","name":"Comment","target":["https:\/\/radioleinewelle.de\/index.php\/2024\/03\/10\/deutsches-theater-goettingen-erneute-lesung-ueber-die-correctiv-recherchen\/#respond"]}]},{"@type":"WebPage","@id":"https:\/\/radioleinewelle.de\/index.php\/2024\/03\/10\/deutsches-theater-goettingen-erneute-lesung-ueber-die-correctiv-recherchen\/","url":"https:\/\/radioleinewelle.de\/index.php\/2024\/03\/10\/deutsches-theater-goettingen-erneute-lesung-ueber-die-correctiv-recherchen\/","name":"Deutsches Theater G\u00f6ttingen: erneute Lesung \u00fcber die Correctiv-Recherchen - Radio Leinewelle","isPartOf":{"@id":"https:\/\/radioleinewelle.de\/#website"},"primaryImageOfPage":{"@id":"https:\/\/radioleinewelle.de\/index.php\/2024\/03\/10\/deutsches-theater-goettingen-erneute-lesung-ueber-die-correctiv-recherchen\/#primaryimage"},"image":{"@id":"https:\/\/radioleinewelle.de\/index.php\/2024\/03\/10\/deutsches-theater-goettingen-erneute-lesung-ueber-die-correctiv-recherchen\/#primaryimage"},"thumbnailUrl":"https:\/\/radioleinewelle.de\/wp-content\/uploads\/2024\/03\/Correctiv-Broschuere-e1710148087634.jpg","datePublished":"2024-03-10T08:55:30+00:00","dateModified":"2024-03-11T09:08:56+00:00","breadcrumb":{"@id":"https:\/\/radioleinewelle.de\/index.php\/2024\/03\/10\/deutsches-theater-goettingen-erneute-lesung-ueber-die-correctiv-recherchen\/#breadcrumb"},"inLanguage":"de","potentialAction":[{"@type":"ReadAction","target":["https:\/\/radioleinewelle.de\/index.php\/2024\/03\/10\/deutsches-theater-goettingen-erneute-lesung-ueber-die-correctiv-recherchen\/"]}]},{"@type":"ImageObject","inLanguage":"de","@id":"https:\/\/radioleinewelle.de\/index.php\/2024\/03\/10\/deutsches-theater-goettingen-erneute-lesung-ueber-die-correctiv-recherchen\/#primaryimage","url":"https:\/\/radioleinewelle.de\/wp-content\/uploads\/2024\/03\/Correctiv-Broschuere-e1710148087634.jpg","contentUrl":"https:\/\/radioleinewelle.de\/wp-content\/uploads\/2024\/03\/Correctiv-Broschuere-e1710148087634.jpg","width":656,"height":615},{"@type":"BreadcrumbList","@id":"https:\/\/radioleinewelle.de\/index.php\/2024\/03\/10\/deutsches-theater-goettingen-erneute-lesung-ueber-die-correctiv-recherchen\/#breadcrumb","itemListElement":[{"@type":"ListItem","position":1,"name":"Startseite","item":"https:\/\/radioleinewelle.de\/"},{"@type":"ListItem","position":2,"name":"Deutsches Theater G\u00f6ttingen: erneute Lesung \u00fcber die Correctiv-Recherchen"}]},{"@type":"WebSite","@id":"https:\/\/radioleinewelle.de\/#website","url":"https:\/\/radioleinewelle.de\/","name":"Radio Leinewelle","description":"","publisher":{"@id":"https:\/\/radioleinewelle.de\/#organization"},"potentialAction":[{"@type":"SearchAction","target":{"@type":"EntryPoint","urlTemplate":"https:\/\/radioleinewelle.de\/?s={search_term_string}"},"query-input":{"@type":"PropertyValueSpecification","valueRequired":true,"valueName":"search_term_string"}}],"inLanguage":"de"},{"@type":"Organization","@id":"https:\/\/radioleinewelle.de\/#organization","name":"Radio Leinewelle","alternateName":"Mein Radio f\u00fcr S\u00fcdniedersachsen","url":"https:\/\/radioleinewelle.de\/","logo":{"@type":"ImageObject","inLanguage":"de","@id":"https:\/\/radioleinewelle.de\/#\/schema\/logo\/image\/","url":"https:\/\/radioleinewelle.de\/wp-content\/uploads\/2023\/11\/cropped-Leinewelle_Logo_weiss.png","contentUrl":"https:\/\/radioleinewelle.de\/wp-content\/uploads\/2023\/11\/cropped-Leinewelle_Logo_weiss.png","width":854,"height":260,"caption":"Radio Leinewelle"},"image":{"@id":"https:\/\/radioleinewelle.de\/#\/schema\/logo\/image\/"},"sameAs":["https:\/\/www.facebook.com\/radioleinewelle","https:\/\/x.com\/RLeinewelle","https:\/\/www.instagram.com\/radioleinewelle\/?hl=de"]},{"@type":"Person","@id":"https:\/\/radioleinewelle.de\/#\/schema\/person\/45606f348637df637192dc1b68399a63","name":"Leinewelle","image":{"@type":"ImageObject","inLanguage":"de","@id":"https:\/\/secure.gravatar.com\/avatar\/05c9a17bc973052ee5d91549bd32fb4dd0dc85b7b85ae94b2e2b4943476bbea5?s=96&d=blank&r=g","url":"https:\/\/secure.gravatar.com\/avatar\/05c9a17bc973052ee5d91549bd32fb4dd0dc85b7b85ae94b2e2b4943476bbea5?s=96&d=blank&r=g","contentUrl":"https:\/\/secure.gravatar.com\/avatar\/05c9a17bc973052ee5d91549bd32fb4dd0dc85b7b85ae94b2e2b4943476bbea5?s=96&d=blank&r=g","caption":"Leinewelle"},"sameAs":["http:\/\/localhost\/radio%20leinewelle\/wordpress","https:\/\/www.facebook.com\/radioleinewelle","https:\/\/www.instagram.com\/radioleinewelle","https:\/\/x.com\/https:\/\/twitter.com\/RLeinewelle?ref_src=twsrcgoogletwcampserptwgrauthor","https:\/\/soundcloud.com\/foerderverein-lokalradio?utm_source=clipboard&utm_medium=text&utm_campaign=social_sharing"],"url":"https:\/\/radioleinewelle.de\/index.php\/author\/leinewelle\/"}]}},"_links":{"self":[{"href":"https:\/\/radioleinewelle.de\/index.php\/wp-json\/wp\/v2\/posts\/25081","targetHints":{"allow":["GET"]}}],"collection":[{"href":"https:\/\/radioleinewelle.de\/index.php\/wp-json\/wp\/v2\/posts"}],"about":[{"href":"https:\/\/radioleinewelle.de\/index.php\/wp-json\/wp\/v2\/types\/post"}],"author":[{"embeddable":true,"href":"https:\/\/radioleinewelle.de\/index.php\/wp-json\/wp\/v2\/users\/1"}],"replies":[{"embeddable":true,"href":"https:\/\/radioleinewelle.de\/index.php\/wp-json\/wp\/v2\/comments?post=25081"}],"version-history":[{"count":1,"href":"https:\/\/radioleinewelle.de\/index.php\/wp-json\/wp\/v2\/posts\/25081\/revisions"}],"predecessor-version":[{"id":25083,"href":"https:\/\/radioleinewelle.de\/index.php\/wp-json\/wp\/v2\/posts\/25081\/revisions\/25083"}],"wp:featuredmedia":[{"embeddable":true,"href":"https:\/\/radioleinewelle.de\/index.php\/wp-json\/wp\/v2\/media\/25082"}],"wp:attachment":[{"href":"https:\/\/radioleinewelle.de\/index.php\/wp-json\/wp\/v2\/media?parent=25081"}],"wp:term":[{"taxonomy":"category","embeddable":true,"href":"https:\/\/radioleinewelle.de\/index.php\/wp-json\/wp\/v2\/categories?post=25081"},{"taxonomy":"post_tag","embeddable":true,"href":"https:\/\/radioleinewelle.de\/index.php\/wp-json\/wp\/v2\/tags?post=25081"}],"curies":[{"name":"wp","href":"https:\/\/api.w.org\/{rel}","templated":true}]}}