{"id":25091,"date":"2024-03-12T16:49:43","date_gmt":"2024-03-12T15:49:43","guid":{"rendered":"https:\/\/radioleinewelle.de\/?p=25091"},"modified":"2024-03-13T10:10:15","modified_gmt":"2024-03-13T09:10:15","slug":"ehrenamtliche-mitarbeit-im-weltladencafe-einstiegsabend-13-maerz-2024","status":"publish","type":"post","link":"https:\/\/radioleinewelle.de\/index.php\/2024\/03\/12\/ehrenamtliche-mitarbeit-im-weltladencafe-einstiegsabend-13-maerz-2024\/","title":{"rendered":"Ehrenamtliche Mitarbeit im Weltladencafe: Einstiegsabend 13. M\u00e4rz 2024"},"content":{"rendered":"\n<p><strong>Pers\u00f6nlich wachsen und dabei die Welt gerechter gestalten!&nbsp;<\/strong>Diese M\u00f6glichkeit bietet das Weltladencaf\u00e9 in der Nikolaistr. 10 in G\u00f6ttingen kreativen K\u00f6pfen und zupackenden H\u00e4nden.&nbsp;<\/p>\n\n\n\n<p>Seit 1975 verkauft der Weltladen fair gehandelte Waren aus den L\u00e4ndern des Globalen S\u00fcdens und betreibt Bildungs- und \u00d6ffentlichkeitsarbeit zu fairem Handel, Globalisierung und Entwicklungszusammenarbeit durch den Tr\u00e4gerverein Arbeitskreis Solidarische Welt e.V.. Das gem\u00fctliche Caf\u00e9 mit selbstgebackenen Kuchen ist ein sozialer Ort der Begegnung. Das Weltladen-Team arbeitet rein ehrenamtlich als Kollektiv und freut sich immer \u00fcber tatkr\u00e4ftige Unterst\u00fctzung!<\/p>\n\n\n\n<p><strong>Einsatzbereiche: Verkauf, Service, Bildungsarbeit, LateLa<\/strong><\/p>\n\n\n\n<p>Vordringlich in folgenden Bereichen wird ehrenamtliche Unterst\u00fctzung gesucht:<\/p>\n\n\n\n<ul class=\"wp-block-list\">\n<li><strong>Ladendienste<\/strong>&nbsp;(damit wir wortw\u00f6rtlich ein&nbsp;<em>offener<\/em>&nbsp;Ort bleiben k\u00f6nnen)<\/li>\n\n\n\n<li><strong>Bildungsarbeit:<\/strong>&nbsp;Konzeption, Organisation und Durchf\u00fchrung von Veranstaltungen zu Themen des Fairen Handels z.B. auch f\u00fcr Schulen<\/li>\n\n\n\n<li>\u00d6ffentlichkeitsarbeit \u2013&nbsp;<strong>Social Media<\/strong><\/li>\n\n\n\n<li><strong>Veranstaltungen im Rahmen des LateLa<\/strong>&nbsp;(LateLaden). Jeweils mittwochs von ca. 18:15 bis 20:00 Uhr ist der Laden zus\u00e4tzlich ge\u00f6ffnet und bietet M\u00f6glichkeiten der Begegnung. Ob Musik, Lesung, Spieleabend, Vortrag oder einfach Treff zum Kl\u00f6nen \u2013 auch diese Abende wollen vorbereitet sein und warten auf kreative und organisationsfreudige Menschen.<\/li>\n<\/ul>\n\n\n\n<p><strong>Einstiegsabend<\/strong><\/p>\n\n\n\n<p>Wer also Zeit und Lust hat, Schichten im Laden und im Caf\u00e9 zu \u00fcbernehmen, in einer Projektgruppe mitzuarbeiten oder sich in der Bildungsarbeit zu engagieren, ist herzlich willkommen!&nbsp;Deshalb l\u00e4dt das Weltladencaf\u00e9 alle Interessierten zu einem Einstiegsabend am Mittwoch, 13. M\u00e4rz 2024, 18:15 Uhr ein in die Nikolaistr. 10.&nbsp;<\/p>\n\n\n\n<p>Ein Interview mit Mitgliedern des Vorstands des Weltladens kann man <strong><a href=\"https:\/\/radioleinewelle.de\/index.php\/2024\/03\/10\/goettingen-und-die-region-kompakt-zum-nachhoeren\/\">hier<\/a><\/strong> h\u00f6ren<\/p>\n\n\n\n<p><strong>Foto:<\/strong> Weltladencafe \u00a9Radio Leinewelle (ue)<\/p>\n","protected":false},"excerpt":{"rendered":"<p>Pers\u00f6nlich wachsen und dabei die Welt gerechter gestalten!&nbsp;Diese M\u00f6glichkeit bietet das Weltladencaf\u00e9 in der Nikolaistr. 10 in G\u00f6ttingen kreativen K\u00f6pfen und zupackenden H\u00e4nden.&nbsp; Seit 1975 verkauft der Weltladen fair gehandelte Waren aus den L\u00e4ndern des Globalen S\u00fcdens und betreibt Bildungs- und \u00d6ffentlichkeitsarbeit zu fairem Handel, Globalisierung und Entwicklungszusammenarbeit durch den Tr\u00e4gerverein Arbeitskreis Solidarische Welt e.V.. [&hellip;]<\/p>\n","protected":false},"author":1,"featured_media":25093,"comment_status":"open","ping_status":"open","sticky":true,"template":"","format":"standard","meta":{"saved_in_kubio":false,"footnotes":""},"categories":[3255],"tags":[],"class_list":["post-25091","post","type-post","status-publish","format-standard","has-post-thumbnail","hentry","category-ehrenamtliches-engagement"],"yoast_head":"<!-- This site is optimized with the Yoast SEO plugin v27.5 - https:\/\/yoast.com\/product\/yoast-seo-wordpress\/ -->\n<title>Ehrenamtliche Mitarbeit im Weltladencafe: Einstiegsabend 13. M\u00e4rz 2024 - Radio Leinewelle<\/title>\n<meta name=\"robots\" content=\"index, follow, max-snippet:-1, max-image-preview:large, max-video-preview:-1\" \/>\n<link rel=\"canonical\" href=\"https:\/\/radioleinewelle.de\/index.php\/2024\/03\/12\/ehrenamtliche-mitarbeit-im-weltladencafe-einstiegsabend-13-maerz-2024\/\" \/>\n<meta property=\"og:locale\" content=\"de_DE\" \/>\n<meta property=\"og:type\" content=\"article\" \/>\n<meta property=\"og:title\" content=\"Ehrenamtliche Mitarbeit im Weltladencafe: Einstiegsabend 13. M\u00e4rz 2024 - Radio Leinewelle\" \/>\n<meta property=\"og:description\" content=\"Pers\u00f6nlich wachsen und dabei die Welt gerechter gestalten!&nbsp;Diese M\u00f6glichkeit bietet das Weltladencaf\u00e9 in der Nikolaistr. 10 in G\u00f6ttingen kreativen K\u00f6pfen und zupackenden H\u00e4nden.&nbsp; Seit 1975 verkauft der Weltladen fair gehandelte Waren aus den L\u00e4ndern des Globalen S\u00fcdens und betreibt Bildungs- und \u00d6ffentlichkeitsarbeit zu fairem Handel, Globalisierung und Entwicklungszusammenarbeit durch den Tr\u00e4gerverein Arbeitskreis Solidarische Welt e.V.. [&hellip;]\" \/>\n<meta property=\"og:url\" content=\"https:\/\/radioleinewelle.de\/index.php\/2024\/03\/12\/ehrenamtliche-mitarbeit-im-weltladencafe-einstiegsabend-13-maerz-2024\/\" \/>\n<meta property=\"og:site_name\" content=\"Radio Leinewelle\" \/>\n<meta property=\"article:publisher\" content=\"https:\/\/www.facebook.com\/radioleinewelle\" \/>\n<meta property=\"article:author\" content=\"https:\/\/www.facebook.com\/radioleinewelle\" \/>\n<meta property=\"article:published_time\" content=\"2024-03-12T15:49:43+00:00\" \/>\n<meta property=\"article:modified_time\" content=\"2024-03-13T09:10:15+00:00\" \/>\n<meta property=\"og:image\" content=\"https:\/\/radioleinewelle.de\/wp-content\/uploads\/2024\/03\/Weltladencafe-innen.jpg\" \/>\n\t<meta property=\"og:image:width\" content=\"2016\" \/>\n\t<meta property=\"og:image:height\" content=\"1512\" \/>\n\t<meta property=\"og:image:type\" content=\"image\/jpeg\" \/>\n<meta name=\"author\" content=\"Leinewelle\" \/>\n<meta name=\"twitter:card\" content=\"summary_large_image\" \/>\n<meta name=\"twitter:creator\" content=\"@https:\/\/twitter.com\/RLeinewelle?ref_src=twsrcgoogletwcampserptwgrauthor\" \/>\n<meta name=\"twitter:site\" content=\"@RLeinewelle\" \/>\n<meta name=\"twitter:label1\" content=\"Verfasst von\" \/>\n\t<meta name=\"twitter:data1\" content=\"Leinewelle\" \/>\n\t<meta name=\"twitter:label2\" content=\"Gesch\u00e4tzte Lesezeit\" \/>\n\t<meta name=\"twitter:data2\" content=\"2\u00a0Minuten\" \/>\n<script type=\"application\/ld+json\" class=\"yoast-schema-graph\">{\"@context\":\"https:\\\/\\\/schema.org\",\"@graph\":[{\"@type\":\"Article\",\"@id\":\"https:\\\/\\\/radioleinewelle.de\\\/index.php\\\/2024\\\/03\\\/12\\\/ehrenamtliche-mitarbeit-im-weltladencafe-einstiegsabend-13-maerz-2024\\\/#article\",\"isPartOf\":{\"@id\":\"https:\\\/\\\/radioleinewelle.de\\\/index.php\\\/2024\\\/03\\\/12\\\/ehrenamtliche-mitarbeit-im-weltladencafe-einstiegsabend-13-maerz-2024\\\/\"},\"author\":{\"name\":\"Leinewelle\",\"@id\":\"https:\\\/\\\/radioleinewelle.de\\\/#\\\/schema\\\/person\\\/45606f348637df637192dc1b68399a63\"},\"headline\":\"Ehrenamtliche Mitarbeit im Weltladencafe: Einstiegsabend 13. M\u00e4rz 2024\",\"datePublished\":\"2024-03-12T15:49:43+00:00\",\"dateModified\":\"2024-03-13T09:10:15+00:00\",\"mainEntityOfPage\":{\"@id\":\"https:\\\/\\\/radioleinewelle.de\\\/index.php\\\/2024\\\/03\\\/12\\\/ehrenamtliche-mitarbeit-im-weltladencafe-einstiegsabend-13-maerz-2024\\\/\"},\"wordCount\":271,\"commentCount\":0,\"publisher\":{\"@id\":\"https:\\\/\\\/radioleinewelle.de\\\/#organization\"},\"image\":{\"@id\":\"https:\\\/\\\/radioleinewelle.de\\\/index.php\\\/2024\\\/03\\\/12\\\/ehrenamtliche-mitarbeit-im-weltladencafe-einstiegsabend-13-maerz-2024\\\/#primaryimage\"},\"thumbnailUrl\":\"https:\\\/\\\/radioleinewelle.de\\\/wp-content\\\/uploads\\\/2024\\\/03\\\/Weltladencafe-innen.jpg\",\"articleSection\":[\"Ehrenamtliches Engagement\"],\"inLanguage\":\"de\",\"potentialAction\":[{\"@type\":\"CommentAction\",\"name\":\"Comment\",\"target\":[\"https:\\\/\\\/radioleinewelle.de\\\/index.php\\\/2024\\\/03\\\/12\\\/ehrenamtliche-mitarbeit-im-weltladencafe-einstiegsabend-13-maerz-2024\\\/#respond\"]}]},{\"@type\":\"WebPage\",\"@id\":\"https:\\\/\\\/radioleinewelle.de\\\/index.php\\\/2024\\\/03\\\/12\\\/ehrenamtliche-mitarbeit-im-weltladencafe-einstiegsabend-13-maerz-2024\\\/\",\"url\":\"https:\\\/\\\/radioleinewelle.de\\\/index.php\\\/2024\\\/03\\\/12\\\/ehrenamtliche-mitarbeit-im-weltladencafe-einstiegsabend-13-maerz-2024\\\/\",\"name\":\"Ehrenamtliche Mitarbeit im Weltladencafe: Einstiegsabend 13. M\u00e4rz 2024 - Radio Leinewelle\",\"isPartOf\":{\"@id\":\"https:\\\/\\\/radioleinewelle.de\\\/#website\"},\"primaryImageOfPage\":{\"@id\":\"https:\\\/\\\/radioleinewelle.de\\\/index.php\\\/2024\\\/03\\\/12\\\/ehrenamtliche-mitarbeit-im-weltladencafe-einstiegsabend-13-maerz-2024\\\/#primaryimage\"},\"image\":{\"@id\":\"https:\\\/\\\/radioleinewelle.de\\\/index.php\\\/2024\\\/03\\\/12\\\/ehrenamtliche-mitarbeit-im-weltladencafe-einstiegsabend-13-maerz-2024\\\/#primaryimage\"},\"thumbnailUrl\":\"https:\\\/\\\/radioleinewelle.de\\\/wp-content\\\/uploads\\\/2024\\\/03\\\/Weltladencafe-innen.jpg\",\"datePublished\":\"2024-03-12T15:49:43+00:00\",\"dateModified\":\"2024-03-13T09:10:15+00:00\",\"breadcrumb\":{\"@id\":\"https:\\\/\\\/radioleinewelle.de\\\/index.php\\\/2024\\\/03\\\/12\\\/ehrenamtliche-mitarbeit-im-weltladencafe-einstiegsabend-13-maerz-2024\\\/#breadcrumb\"},\"inLanguage\":\"de\",\"potentialAction\":[{\"@type\":\"ReadAction\",\"target\":[\"https:\\\/\\\/radioleinewelle.de\\\/index.php\\\/2024\\\/03\\\/12\\\/ehrenamtliche-mitarbeit-im-weltladencafe-einstiegsabend-13-maerz-2024\\\/\"]}]},{\"@type\":\"ImageObject\",\"inLanguage\":\"de\",\"@id\":\"https:\\\/\\\/radioleinewelle.de\\\/index.php\\\/2024\\\/03\\\/12\\\/ehrenamtliche-mitarbeit-im-weltladencafe-einstiegsabend-13-maerz-2024\\\/#primaryimage\",\"url\":\"https:\\\/\\\/radioleinewelle.de\\\/wp-content\\\/uploads\\\/2024\\\/03\\\/Weltladencafe-innen.jpg\",\"contentUrl\":\"https:\\\/\\\/radioleinewelle.de\\\/wp-content\\\/uploads\\\/2024\\\/03\\\/Weltladencafe-innen.jpg\",\"width\":2016,\"height\":1512},{\"@type\":\"BreadcrumbList\",\"@id\":\"https:\\\/\\\/radioleinewelle.de\\\/index.php\\\/2024\\\/03\\\/12\\\/ehrenamtliche-mitarbeit-im-weltladencafe-einstiegsabend-13-maerz-2024\\\/#breadcrumb\",\"itemListElement\":[{\"@type\":\"ListItem\",\"position\":1,\"name\":\"Startseite\",\"item\":\"https:\\\/\\\/radioleinewelle.de\\\/\"},{\"@type\":\"ListItem\",\"position\":2,\"name\":\"Ehrenamtliche Mitarbeit im Weltladencafe: Einstiegsabend 13. M\u00e4rz 2024\"}]},{\"@type\":\"WebSite\",\"@id\":\"https:\\\/\\\/radioleinewelle.de\\\/#website\",\"url\":\"https:\\\/\\\/radioleinewelle.de\\\/\",\"name\":\"Radio Leinewelle\",\"description\":\"\",\"publisher\":{\"@id\":\"https:\\\/\\\/radioleinewelle.de\\\/#organization\"},\"potentialAction\":[{\"@type\":\"SearchAction\",\"target\":{\"@type\":\"EntryPoint\",\"urlTemplate\":\"https:\\\/\\\/radioleinewelle.de\\\/?s={search_term_string}\"},\"query-input\":{\"@type\":\"PropertyValueSpecification\",\"valueRequired\":true,\"valueName\":\"search_term_string\"}}],\"inLanguage\":\"de\"},{\"@type\":\"Organization\",\"@id\":\"https:\\\/\\\/radioleinewelle.de\\\/#organization\",\"name\":\"Radio Leinewelle\",\"alternateName\":\"Mein Radio f\u00fcr S\u00fcdniedersachsen\",\"url\":\"https:\\\/\\\/radioleinewelle.de\\\/\",\"logo\":{\"@type\":\"ImageObject\",\"inLanguage\":\"de\",\"@id\":\"https:\\\/\\\/radioleinewelle.de\\\/#\\\/schema\\\/logo\\\/image\\\/\",\"url\":\"https:\\\/\\\/radioleinewelle.de\\\/wp-content\\\/uploads\\\/2023\\\/11\\\/cropped-Leinewelle_Logo_weiss.png\",\"contentUrl\":\"https:\\\/\\\/radioleinewelle.de\\\/wp-content\\\/uploads\\\/2023\\\/11\\\/cropped-Leinewelle_Logo_weiss.png\",\"width\":854,\"height\":260,\"caption\":\"Radio Leinewelle\"},\"image\":{\"@id\":\"https:\\\/\\\/radioleinewelle.de\\\/#\\\/schema\\\/logo\\\/image\\\/\"},\"sameAs\":[\"https:\\\/\\\/www.facebook.com\\\/radioleinewelle\",\"https:\\\/\\\/x.com\\\/RLeinewelle\",\"https:\\\/\\\/www.instagram.com\\\/radioleinewelle\\\/?hl=de\"]},{\"@type\":\"Person\",\"@id\":\"https:\\\/\\\/radioleinewelle.de\\\/#\\\/schema\\\/person\\\/45606f348637df637192dc1b68399a63\",\"name\":\"Leinewelle\",\"image\":{\"@type\":\"ImageObject\",\"inLanguage\":\"de\",\"@id\":\"https:\\\/\\\/secure.gravatar.com\\\/avatar\\\/05c9a17bc973052ee5d91549bd32fb4dd0dc85b7b85ae94b2e2b4943476bbea5?s=96&d=blank&r=g\",\"url\":\"https:\\\/\\\/secure.gravatar.com\\\/avatar\\\/05c9a17bc973052ee5d91549bd32fb4dd0dc85b7b85ae94b2e2b4943476bbea5?s=96&d=blank&r=g\",\"contentUrl\":\"https:\\\/\\\/secure.gravatar.com\\\/avatar\\\/05c9a17bc973052ee5d91549bd32fb4dd0dc85b7b85ae94b2e2b4943476bbea5?s=96&d=blank&r=g\",\"caption\":\"Leinewelle\"},\"sameAs\":[\"http:\\\/\\\/localhost\\\/radio%20leinewelle\\\/wordpress\",\"https:\\\/\\\/www.facebook.com\\\/radioleinewelle\",\"https:\\\/\\\/www.instagram.com\\\/radioleinewelle\",\"https:\\\/\\\/x.com\\\/https:\\\/\\\/twitter.com\\\/RLeinewelle?ref_src=twsrcgoogletwcampserptwgrauthor\",\"https:\\\/\\\/soundcloud.com\\\/foerderverein-lokalradio?utm_source=clipboard&utm_medium=text&utm_campaign=social_sharing\"],\"url\":\"https:\\\/\\\/radioleinewelle.de\\\/index.php\\\/author\\\/leinewelle\\\/\"}]}<\/script>\n<!-- \/ Yoast SEO plugin. -->","yoast_head_json":{"title":"Ehrenamtliche Mitarbeit im Weltladencafe: Einstiegsabend 13. M\u00e4rz 2024 - Radio Leinewelle","robots":{"index":"index","follow":"follow","max-snippet":"max-snippet:-1","max-image-preview":"max-image-preview:large","max-video-preview":"max-video-preview:-1"},"canonical":"https:\/\/radioleinewelle.de\/index.php\/2024\/03\/12\/ehrenamtliche-mitarbeit-im-weltladencafe-einstiegsabend-13-maerz-2024\/","og_locale":"de_DE","og_type":"article","og_title":"Ehrenamtliche Mitarbeit im Weltladencafe: Einstiegsabend 13. M\u00e4rz 2024 - Radio Leinewelle","og_description":"Pers\u00f6nlich wachsen und dabei die Welt gerechter gestalten!&nbsp;Diese M\u00f6glichkeit bietet das Weltladencaf\u00e9 in der Nikolaistr. 10 in G\u00f6ttingen kreativen K\u00f6pfen und zupackenden H\u00e4nden.&nbsp; Seit 1975 verkauft der Weltladen fair gehandelte Waren aus den L\u00e4ndern des Globalen S\u00fcdens und betreibt Bildungs- und \u00d6ffentlichkeitsarbeit zu fairem Handel, Globalisierung und Entwicklungszusammenarbeit durch den Tr\u00e4gerverein Arbeitskreis Solidarische Welt e.V.. [&hellip;]","og_url":"https:\/\/radioleinewelle.de\/index.php\/2024\/03\/12\/ehrenamtliche-mitarbeit-im-weltladencafe-einstiegsabend-13-maerz-2024\/","og_site_name":"Radio Leinewelle","article_publisher":"https:\/\/www.facebook.com\/radioleinewelle","article_author":"https:\/\/www.facebook.com\/radioleinewelle","article_published_time":"2024-03-12T15:49:43+00:00","article_modified_time":"2024-03-13T09:10:15+00:00","og_image":[{"width":2016,"height":1512,"url":"https:\/\/radioleinewelle.de\/wp-content\/uploads\/2024\/03\/Weltladencafe-innen.jpg","type":"image\/jpeg"}],"author":"Leinewelle","twitter_card":"summary_large_image","twitter_creator":"@https:\/\/twitter.com\/RLeinewelle?ref_src=twsrcgoogletwcampserptwgrauthor","twitter_site":"@RLeinewelle","twitter_misc":{"Verfasst von":"Leinewelle","Gesch\u00e4tzte Lesezeit":"2\u00a0Minuten"},"schema":{"@context":"https:\/\/schema.org","@graph":[{"@type":"Article","@id":"https:\/\/radioleinewelle.de\/index.php\/2024\/03\/12\/ehrenamtliche-mitarbeit-im-weltladencafe-einstiegsabend-13-maerz-2024\/#article","isPartOf":{"@id":"https:\/\/radioleinewelle.de\/index.php\/2024\/03\/12\/ehrenamtliche-mitarbeit-im-weltladencafe-einstiegsabend-13-maerz-2024\/"},"author":{"name":"Leinewelle","@id":"https:\/\/radioleinewelle.de\/#\/schema\/person\/45606f348637df637192dc1b68399a63"},"headline":"Ehrenamtliche Mitarbeit im Weltladencafe: Einstiegsabend 13. M\u00e4rz 2024","datePublished":"2024-03-12T15:49:43+00:00","dateModified":"2024-03-13T09:10:15+00:00","mainEntityOfPage":{"@id":"https:\/\/radioleinewelle.de\/index.php\/2024\/03\/12\/ehrenamtliche-mitarbeit-im-weltladencafe-einstiegsabend-13-maerz-2024\/"},"wordCount":271,"commentCount":0,"publisher":{"@id":"https:\/\/radioleinewelle.de\/#organization"},"image":{"@id":"https:\/\/radioleinewelle.de\/index.php\/2024\/03\/12\/ehrenamtliche-mitarbeit-im-weltladencafe-einstiegsabend-13-maerz-2024\/#primaryimage"},"thumbnailUrl":"https:\/\/radioleinewelle.de\/wp-content\/uploads\/2024\/03\/Weltladencafe-innen.jpg","articleSection":["Ehrenamtliches Engagement"],"inLanguage":"de","potentialAction":[{"@type":"CommentAction","name":"Comment","target":["https:\/\/radioleinewelle.de\/index.php\/2024\/03\/12\/ehrenamtliche-mitarbeit-im-weltladencafe-einstiegsabend-13-maerz-2024\/#respond"]}]},{"@type":"WebPage","@id":"https:\/\/radioleinewelle.de\/index.php\/2024\/03\/12\/ehrenamtliche-mitarbeit-im-weltladencafe-einstiegsabend-13-maerz-2024\/","url":"https:\/\/radioleinewelle.de\/index.php\/2024\/03\/12\/ehrenamtliche-mitarbeit-im-weltladencafe-einstiegsabend-13-maerz-2024\/","name":"Ehrenamtliche Mitarbeit im Weltladencafe: Einstiegsabend 13. M\u00e4rz 2024 - Radio Leinewelle","isPartOf":{"@id":"https:\/\/radioleinewelle.de\/#website"},"primaryImageOfPage":{"@id":"https:\/\/radioleinewelle.de\/index.php\/2024\/03\/12\/ehrenamtliche-mitarbeit-im-weltladencafe-einstiegsabend-13-maerz-2024\/#primaryimage"},"image":{"@id":"https:\/\/radioleinewelle.de\/index.php\/2024\/03\/12\/ehrenamtliche-mitarbeit-im-weltladencafe-einstiegsabend-13-maerz-2024\/#primaryimage"},"thumbnailUrl":"https:\/\/radioleinewelle.de\/wp-content\/uploads\/2024\/03\/Weltladencafe-innen.jpg","datePublished":"2024-03-12T15:49:43+00:00","dateModified":"2024-03-13T09:10:15+00:00","breadcrumb":{"@id":"https:\/\/radioleinewelle.de\/index.php\/2024\/03\/12\/ehrenamtliche-mitarbeit-im-weltladencafe-einstiegsabend-13-maerz-2024\/#breadcrumb"},"inLanguage":"de","potentialAction":[{"@type":"ReadAction","target":["https:\/\/radioleinewelle.de\/index.php\/2024\/03\/12\/ehrenamtliche-mitarbeit-im-weltladencafe-einstiegsabend-13-maerz-2024\/"]}]},{"@type":"ImageObject","inLanguage":"de","@id":"https:\/\/radioleinewelle.de\/index.php\/2024\/03\/12\/ehrenamtliche-mitarbeit-im-weltladencafe-einstiegsabend-13-maerz-2024\/#primaryimage","url":"https:\/\/radioleinewelle.de\/wp-content\/uploads\/2024\/03\/Weltladencafe-innen.jpg","contentUrl":"https:\/\/radioleinewelle.de\/wp-content\/uploads\/2024\/03\/Weltladencafe-innen.jpg","width":2016,"height":1512},{"@type":"BreadcrumbList","@id":"https:\/\/radioleinewelle.de\/index.php\/2024\/03\/12\/ehrenamtliche-mitarbeit-im-weltladencafe-einstiegsabend-13-maerz-2024\/#breadcrumb","itemListElement":[{"@type":"ListItem","position":1,"name":"Startseite","item":"https:\/\/radioleinewelle.de\/"},{"@type":"ListItem","position":2,"name":"Ehrenamtliche Mitarbeit im Weltladencafe: Einstiegsabend 13. M\u00e4rz 2024"}]},{"@type":"WebSite","@id":"https:\/\/radioleinewelle.de\/#website","url":"https:\/\/radioleinewelle.de\/","name":"Radio Leinewelle","description":"","publisher":{"@id":"https:\/\/radioleinewelle.de\/#organization"},"potentialAction":[{"@type":"SearchAction","target":{"@type":"EntryPoint","urlTemplate":"https:\/\/radioleinewelle.de\/?s={search_term_string}"},"query-input":{"@type":"PropertyValueSpecification","valueRequired":true,"valueName":"search_term_string"}}],"inLanguage":"de"},{"@type":"Organization","@id":"https:\/\/radioleinewelle.de\/#organization","name":"Radio Leinewelle","alternateName":"Mein Radio f\u00fcr S\u00fcdniedersachsen","url":"https:\/\/radioleinewelle.de\/","logo":{"@type":"ImageObject","inLanguage":"de","@id":"https:\/\/radioleinewelle.de\/#\/schema\/logo\/image\/","url":"https:\/\/radioleinewelle.de\/wp-content\/uploads\/2023\/11\/cropped-Leinewelle_Logo_weiss.png","contentUrl":"https:\/\/radioleinewelle.de\/wp-content\/uploads\/2023\/11\/cropped-Leinewelle_Logo_weiss.png","width":854,"height":260,"caption":"Radio Leinewelle"},"image":{"@id":"https:\/\/radioleinewelle.de\/#\/schema\/logo\/image\/"},"sameAs":["https:\/\/www.facebook.com\/radioleinewelle","https:\/\/x.com\/RLeinewelle","https:\/\/www.instagram.com\/radioleinewelle\/?hl=de"]},{"@type":"Person","@id":"https:\/\/radioleinewelle.de\/#\/schema\/person\/45606f348637df637192dc1b68399a63","name":"Leinewelle","image":{"@type":"ImageObject","inLanguage":"de","@id":"https:\/\/secure.gravatar.com\/avatar\/05c9a17bc973052ee5d91549bd32fb4dd0dc85b7b85ae94b2e2b4943476bbea5?s=96&d=blank&r=g","url":"https:\/\/secure.gravatar.com\/avatar\/05c9a17bc973052ee5d91549bd32fb4dd0dc85b7b85ae94b2e2b4943476bbea5?s=96&d=blank&r=g","contentUrl":"https:\/\/secure.gravatar.com\/avatar\/05c9a17bc973052ee5d91549bd32fb4dd0dc85b7b85ae94b2e2b4943476bbea5?s=96&d=blank&r=g","caption":"Leinewelle"},"sameAs":["http:\/\/localhost\/radio%20leinewelle\/wordpress","https:\/\/www.facebook.com\/radioleinewelle","https:\/\/www.instagram.com\/radioleinewelle","https:\/\/x.com\/https:\/\/twitter.com\/RLeinewelle?ref_src=twsrcgoogletwcampserptwgrauthor","https:\/\/soundcloud.com\/foerderverein-lokalradio?utm_source=clipboard&utm_medium=text&utm_campaign=social_sharing"],"url":"https:\/\/radioleinewelle.de\/index.php\/author\/leinewelle\/"}]}},"_links":{"self":[{"href":"https:\/\/radioleinewelle.de\/index.php\/wp-json\/wp\/v2\/posts\/25091","targetHints":{"allow":["GET"]}}],"collection":[{"href":"https:\/\/radioleinewelle.de\/index.php\/wp-json\/wp\/v2\/posts"}],"about":[{"href":"https:\/\/radioleinewelle.de\/index.php\/wp-json\/wp\/v2\/types\/post"}],"author":[{"embeddable":true,"href":"https:\/\/radioleinewelle.de\/index.php\/wp-json\/wp\/v2\/users\/1"}],"replies":[{"embeddable":true,"href":"https:\/\/radioleinewelle.de\/index.php\/wp-json\/wp\/v2\/comments?post=25091"}],"version-history":[{"count":4,"href":"https:\/\/radioleinewelle.de\/index.php\/wp-json\/wp\/v2\/posts\/25091\/revisions"}],"predecessor-version":[{"id":25098,"href":"https:\/\/radioleinewelle.de\/index.php\/wp-json\/wp\/v2\/posts\/25091\/revisions\/25098"}],"wp:featuredmedia":[{"embeddable":true,"href":"https:\/\/radioleinewelle.de\/index.php\/wp-json\/wp\/v2\/media\/25093"}],"wp:attachment":[{"href":"https:\/\/radioleinewelle.de\/index.php\/wp-json\/wp\/v2\/media?parent=25091"}],"wp:term":[{"taxonomy":"category","embeddable":true,"href":"https:\/\/radioleinewelle.de\/index.php\/wp-json\/wp\/v2\/categories?post=25091"},{"taxonomy":"post_tag","embeddable":true,"href":"https:\/\/radioleinewelle.de\/index.php\/wp-json\/wp\/v2\/tags?post=25091"}],"curies":[{"name":"wp","href":"https:\/\/api.w.org\/{rel}","templated":true}]}}