{"id":25122,"date":"2024-03-15T11:43:32","date_gmt":"2024-03-15T10:43:32","guid":{"rendered":"https:\/\/radioleinewelle.de\/?p=25122"},"modified":"2024-03-15T11:43:34","modified_gmt":"2024-03-15T10:43:34","slug":"buendnis-gegen-rechts-goettingen-ruft-zur-demonstration-auf","status":"publish","type":"post","link":"https:\/\/radioleinewelle.de\/index.php\/2024\/03\/15\/buendnis-gegen-rechts-goettingen-ruft-zur-demonstration-auf\/","title":{"rendered":"B\u00fcndnis gegen Rechts G\u00f6ttingen ruft zur Demonstration auf"},"content":{"rendered":"\n<p>Das B\u00fcndnis gegen Rechts G\u00f6ttingen ruft am 16.3. erneut zur Demonstration auf. Das breite zivilgesellschaftliche B\u00fcndnis startet um 12 Uhr mit einer Kundgebung auf dem gro\u00dfen Platz vor dem Auditorium. Der Demozug soll\u00a0\u00a0mit einer Abschlusskundgebung am Neuen Rathaus enden. Erwartet werden ca. 3.000 Teilnehmer*innen.<\/p>\n\n\n\n<p>Seit der Ver\u00f6ffentlichung der Correctiv-Recherche <a href=\"https:\/\/radioleinewelle.de\/index.php\/2024\/03\/10\/deutsches-theater-goettingen-erneute-lesung-ueber-die-correctiv-recherchen\/\">(s.a. Lesungen im DT)<\/a> \u00fcber die Deportationspl\u00e4ne f\u00fchrender rechter Akteure, sind in Deutschland in den vergangenen Monaten Millionen Menschen auf die Stra\u00dfe gegangen. Breite B\u00fcndnisse aus zivilgesellschaftlichen Initiativen, politischen Gruppen und Parteien, Kirchen und Gewerkschaften tragen vielerorts den Protest gegen AfD und Co. auf die Stra\u00dfe.<br>So ruft auch das B\u00fcndnis gegen Rechts G\u00f6ttingen am 16.3. zur Demonstration auf. Es geht um die Verteidigung der Demokratie vor dem Faschismus. Um das Streiten f\u00fcr eine Gesellschaft, in der niemand Angst vor rassistischen Angriffen haben muss. F\u00fcr eine Gesellschaft der Menschlichkeit und der Solidarit\u00e4t.<br>15.000 G\u00f6ttingerinnen und G\u00f6ttinger haben bereits im Januar gezeigt, dass sie der Niedertracht des Faschismus nichts abgewinnen k\u00f6nnen.<br><\/p>\n","protected":false},"excerpt":{"rendered":"<p>Das B\u00fcndnis gegen Rechts G\u00f6ttingen ruft am 16.3. erneut zur Demonstration auf. Das breite zivilgesellschaftliche B\u00fcndnis startet um 12 Uhr mit einer Kundgebung auf dem gro\u00dfen Platz vor dem Auditorium. Der Demozug soll\u00a0\u00a0mit einer Abschlusskundgebung am Neuen Rathaus enden. Erwartet werden ca. 3.000 Teilnehmer*innen. Seit der Ver\u00f6ffentlichung der Correctiv-Recherche (s.a. Lesungen im DT) \u00fcber die [&hellip;]<\/p>\n","protected":false},"author":1,"featured_media":25126,"comment_status":"open","ping_status":"open","sticky":true,"template":"","format":"standard","meta":{"saved_in_kubio":false,"footnotes":""},"categories":[53],"tags":[],"class_list":["post-25122","post","type-post","status-publish","format-standard","has-post-thumbnail","hentry","category-gesellschaft"],"yoast_head":"<!-- This site is optimized with the Yoast SEO plugin v27.5 - https:\/\/yoast.com\/product\/yoast-seo-wordpress\/ -->\n<title>B\u00fcndnis gegen Rechts G\u00f6ttingen ruft zur Demonstration auf - Radio Leinewelle<\/title>\n<meta name=\"robots\" content=\"index, follow, max-snippet:-1, max-image-preview:large, max-video-preview:-1\" \/>\n<link rel=\"canonical\" href=\"https:\/\/radioleinewelle.de\/index.php\/2024\/03\/15\/buendnis-gegen-rechts-goettingen-ruft-zur-demonstration-auf\/\" \/>\n<meta property=\"og:locale\" content=\"de_DE\" \/>\n<meta property=\"og:type\" content=\"article\" \/>\n<meta property=\"og:title\" content=\"B\u00fcndnis gegen Rechts G\u00f6ttingen ruft zur Demonstration auf - Radio Leinewelle\" \/>\n<meta property=\"og:description\" content=\"Das B\u00fcndnis gegen Rechts G\u00f6ttingen ruft am 16.3. erneut zur Demonstration auf. Das breite zivilgesellschaftliche B\u00fcndnis startet um 12 Uhr mit einer Kundgebung auf dem gro\u00dfen Platz vor dem Auditorium. Der Demozug soll\u00a0\u00a0mit einer Abschlusskundgebung am Neuen Rathaus enden. Erwartet werden ca. 3.000 Teilnehmer*innen. Seit der Ver\u00f6ffentlichung der Correctiv-Recherche (s.a. Lesungen im DT) \u00fcber die [&hellip;]\" \/>\n<meta property=\"og:url\" content=\"https:\/\/radioleinewelle.de\/index.php\/2024\/03\/15\/buendnis-gegen-rechts-goettingen-ruft-zur-demonstration-auf\/\" \/>\n<meta property=\"og:site_name\" content=\"Radio Leinewelle\" \/>\n<meta property=\"article:publisher\" content=\"https:\/\/www.facebook.com\/radioleinewelle\" \/>\n<meta property=\"article:author\" content=\"https:\/\/www.facebook.com\/radioleinewelle\" \/>\n<meta property=\"article:published_time\" content=\"2024-03-15T10:43:32+00:00\" \/>\n<meta property=\"article:modified_time\" content=\"2024-03-15T10:43:34+00:00\" \/>\n<meta property=\"og:image\" content=\"https:\/\/radioleinewelle.de\/wp-content\/uploads\/2024\/03\/Unbenannt.jpg\" \/>\n\t<meta property=\"og:image:width\" content=\"908\" \/>\n\t<meta property=\"og:image:height\" content=\"1280\" \/>\n\t<meta property=\"og:image:type\" content=\"image\/jpeg\" \/>\n<meta name=\"author\" content=\"Leinewelle\" \/>\n<meta name=\"twitter:card\" content=\"summary_large_image\" \/>\n<meta name=\"twitter:creator\" content=\"@https:\/\/twitter.com\/RLeinewelle?ref_src=twsrcgoogletwcampserptwgrauthor\" \/>\n<meta name=\"twitter:site\" content=\"@RLeinewelle\" \/>\n<meta name=\"twitter:label1\" content=\"Verfasst von\" \/>\n\t<meta name=\"twitter:data1\" content=\"Leinewelle\" \/>\n\t<meta name=\"twitter:label2\" content=\"Gesch\u00e4tzte Lesezeit\" \/>\n\t<meta name=\"twitter:data2\" content=\"2\u00a0Minuten\" \/>\n<script type=\"application\/ld+json\" class=\"yoast-schema-graph\">{\"@context\":\"https:\\\/\\\/schema.org\",\"@graph\":[{\"@type\":\"Article\",\"@id\":\"https:\\\/\\\/radioleinewelle.de\\\/index.php\\\/2024\\\/03\\\/15\\\/buendnis-gegen-rechts-goettingen-ruft-zur-demonstration-auf\\\/#article\",\"isPartOf\":{\"@id\":\"https:\\\/\\\/radioleinewelle.de\\\/index.php\\\/2024\\\/03\\\/15\\\/buendnis-gegen-rechts-goettingen-ruft-zur-demonstration-auf\\\/\"},\"author\":{\"name\":\"Leinewelle\",\"@id\":\"https:\\\/\\\/radioleinewelle.de\\\/#\\\/schema\\\/person\\\/45606f348637df637192dc1b68399a63\"},\"headline\":\"B\u00fcndnis gegen Rechts G\u00f6ttingen ruft zur Demonstration auf\",\"datePublished\":\"2024-03-15T10:43:32+00:00\",\"dateModified\":\"2024-03-15T10:43:34+00:00\",\"mainEntityOfPage\":{\"@id\":\"https:\\\/\\\/radioleinewelle.de\\\/index.php\\\/2024\\\/03\\\/15\\\/buendnis-gegen-rechts-goettingen-ruft-zur-demonstration-auf\\\/\"},\"wordCount\":185,\"commentCount\":0,\"publisher\":{\"@id\":\"https:\\\/\\\/radioleinewelle.de\\\/#organization\"},\"image\":{\"@id\":\"https:\\\/\\\/radioleinewelle.de\\\/index.php\\\/2024\\\/03\\\/15\\\/buendnis-gegen-rechts-goettingen-ruft-zur-demonstration-auf\\\/#primaryimage\"},\"thumbnailUrl\":\"https:\\\/\\\/radioleinewelle.de\\\/wp-content\\\/uploads\\\/2024\\\/03\\\/Unbenannt.jpg\",\"articleSection\":[\"Gesellschaft\"],\"inLanguage\":\"de\",\"potentialAction\":[{\"@type\":\"CommentAction\",\"name\":\"Comment\",\"target\":[\"https:\\\/\\\/radioleinewelle.de\\\/index.php\\\/2024\\\/03\\\/15\\\/buendnis-gegen-rechts-goettingen-ruft-zur-demonstration-auf\\\/#respond\"]}]},{\"@type\":\"WebPage\",\"@id\":\"https:\\\/\\\/radioleinewelle.de\\\/index.php\\\/2024\\\/03\\\/15\\\/buendnis-gegen-rechts-goettingen-ruft-zur-demonstration-auf\\\/\",\"url\":\"https:\\\/\\\/radioleinewelle.de\\\/index.php\\\/2024\\\/03\\\/15\\\/buendnis-gegen-rechts-goettingen-ruft-zur-demonstration-auf\\\/\",\"name\":\"B\u00fcndnis gegen Rechts G\u00f6ttingen ruft zur Demonstration auf - Radio Leinewelle\",\"isPartOf\":{\"@id\":\"https:\\\/\\\/radioleinewelle.de\\\/#website\"},\"primaryImageOfPage\":{\"@id\":\"https:\\\/\\\/radioleinewelle.de\\\/index.php\\\/2024\\\/03\\\/15\\\/buendnis-gegen-rechts-goettingen-ruft-zur-demonstration-auf\\\/#primaryimage\"},\"image\":{\"@id\":\"https:\\\/\\\/radioleinewelle.de\\\/index.php\\\/2024\\\/03\\\/15\\\/buendnis-gegen-rechts-goettingen-ruft-zur-demonstration-auf\\\/#primaryimage\"},\"thumbnailUrl\":\"https:\\\/\\\/radioleinewelle.de\\\/wp-content\\\/uploads\\\/2024\\\/03\\\/Unbenannt.jpg\",\"datePublished\":\"2024-03-15T10:43:32+00:00\",\"dateModified\":\"2024-03-15T10:43:34+00:00\",\"breadcrumb\":{\"@id\":\"https:\\\/\\\/radioleinewelle.de\\\/index.php\\\/2024\\\/03\\\/15\\\/buendnis-gegen-rechts-goettingen-ruft-zur-demonstration-auf\\\/#breadcrumb\"},\"inLanguage\":\"de\",\"potentialAction\":[{\"@type\":\"ReadAction\",\"target\":[\"https:\\\/\\\/radioleinewelle.de\\\/index.php\\\/2024\\\/03\\\/15\\\/buendnis-gegen-rechts-goettingen-ruft-zur-demonstration-auf\\\/\"]}]},{\"@type\":\"ImageObject\",\"inLanguage\":\"de\",\"@id\":\"https:\\\/\\\/radioleinewelle.de\\\/index.php\\\/2024\\\/03\\\/15\\\/buendnis-gegen-rechts-goettingen-ruft-zur-demonstration-auf\\\/#primaryimage\",\"url\":\"https:\\\/\\\/radioleinewelle.de\\\/wp-content\\\/uploads\\\/2024\\\/03\\\/Unbenannt.jpg\",\"contentUrl\":\"https:\\\/\\\/radioleinewelle.de\\\/wp-content\\\/uploads\\\/2024\\\/03\\\/Unbenannt.jpg\",\"width\":908,\"height\":1280},{\"@type\":\"BreadcrumbList\",\"@id\":\"https:\\\/\\\/radioleinewelle.de\\\/index.php\\\/2024\\\/03\\\/15\\\/buendnis-gegen-rechts-goettingen-ruft-zur-demonstration-auf\\\/#breadcrumb\",\"itemListElement\":[{\"@type\":\"ListItem\",\"position\":1,\"name\":\"Startseite\",\"item\":\"https:\\\/\\\/radioleinewelle.de\\\/\"},{\"@type\":\"ListItem\",\"position\":2,\"name\":\"B\u00fcndnis gegen Rechts G\u00f6ttingen ruft zur Demonstration auf\"}]},{\"@type\":\"WebSite\",\"@id\":\"https:\\\/\\\/radioleinewelle.de\\\/#website\",\"url\":\"https:\\\/\\\/radioleinewelle.de\\\/\",\"name\":\"Radio Leinewelle\",\"description\":\"\",\"publisher\":{\"@id\":\"https:\\\/\\\/radioleinewelle.de\\\/#organization\"},\"potentialAction\":[{\"@type\":\"SearchAction\",\"target\":{\"@type\":\"EntryPoint\",\"urlTemplate\":\"https:\\\/\\\/radioleinewelle.de\\\/?s={search_term_string}\"},\"query-input\":{\"@type\":\"PropertyValueSpecification\",\"valueRequired\":true,\"valueName\":\"search_term_string\"}}],\"inLanguage\":\"de\"},{\"@type\":\"Organization\",\"@id\":\"https:\\\/\\\/radioleinewelle.de\\\/#organization\",\"name\":\"Radio Leinewelle\",\"alternateName\":\"Mein Radio f\u00fcr S\u00fcdniedersachsen\",\"url\":\"https:\\\/\\\/radioleinewelle.de\\\/\",\"logo\":{\"@type\":\"ImageObject\",\"inLanguage\":\"de\",\"@id\":\"https:\\\/\\\/radioleinewelle.de\\\/#\\\/schema\\\/logo\\\/image\\\/\",\"url\":\"https:\\\/\\\/radioleinewelle.de\\\/wp-content\\\/uploads\\\/2023\\\/11\\\/cropped-Leinewelle_Logo_weiss.png\",\"contentUrl\":\"https:\\\/\\\/radioleinewelle.de\\\/wp-content\\\/uploads\\\/2023\\\/11\\\/cropped-Leinewelle_Logo_weiss.png\",\"width\":854,\"height\":260,\"caption\":\"Radio Leinewelle\"},\"image\":{\"@id\":\"https:\\\/\\\/radioleinewelle.de\\\/#\\\/schema\\\/logo\\\/image\\\/\"},\"sameAs\":[\"https:\\\/\\\/www.facebook.com\\\/radioleinewelle\",\"https:\\\/\\\/x.com\\\/RLeinewelle\",\"https:\\\/\\\/www.instagram.com\\\/radioleinewelle\\\/?hl=de\"]},{\"@type\":\"Person\",\"@id\":\"https:\\\/\\\/radioleinewelle.de\\\/#\\\/schema\\\/person\\\/45606f348637df637192dc1b68399a63\",\"name\":\"Leinewelle\",\"image\":{\"@type\":\"ImageObject\",\"inLanguage\":\"de\",\"@id\":\"https:\\\/\\\/secure.gravatar.com\\\/avatar\\\/05c9a17bc973052ee5d91549bd32fb4dd0dc85b7b85ae94b2e2b4943476bbea5?s=96&d=blank&r=g\",\"url\":\"https:\\\/\\\/secure.gravatar.com\\\/avatar\\\/05c9a17bc973052ee5d91549bd32fb4dd0dc85b7b85ae94b2e2b4943476bbea5?s=96&d=blank&r=g\",\"contentUrl\":\"https:\\\/\\\/secure.gravatar.com\\\/avatar\\\/05c9a17bc973052ee5d91549bd32fb4dd0dc85b7b85ae94b2e2b4943476bbea5?s=96&d=blank&r=g\",\"caption\":\"Leinewelle\"},\"sameAs\":[\"http:\\\/\\\/localhost\\\/radio%20leinewelle\\\/wordpress\",\"https:\\\/\\\/www.facebook.com\\\/radioleinewelle\",\"https:\\\/\\\/www.instagram.com\\\/radioleinewelle\",\"https:\\\/\\\/x.com\\\/https:\\\/\\\/twitter.com\\\/RLeinewelle?ref_src=twsrcgoogletwcampserptwgrauthor\",\"https:\\\/\\\/soundcloud.com\\\/foerderverein-lokalradio?utm_source=clipboard&utm_medium=text&utm_campaign=social_sharing\"],\"url\":\"https:\\\/\\\/radioleinewelle.de\\\/index.php\\\/author\\\/leinewelle\\\/\"}]}<\/script>\n<!-- \/ Yoast SEO plugin. -->","yoast_head_json":{"title":"B\u00fcndnis gegen Rechts G\u00f6ttingen ruft zur Demonstration auf - Radio Leinewelle","robots":{"index":"index","follow":"follow","max-snippet":"max-snippet:-1","max-image-preview":"max-image-preview:large","max-video-preview":"max-video-preview:-1"},"canonical":"https:\/\/radioleinewelle.de\/index.php\/2024\/03\/15\/buendnis-gegen-rechts-goettingen-ruft-zur-demonstration-auf\/","og_locale":"de_DE","og_type":"article","og_title":"B\u00fcndnis gegen Rechts G\u00f6ttingen ruft zur Demonstration auf - Radio Leinewelle","og_description":"Das B\u00fcndnis gegen Rechts G\u00f6ttingen ruft am 16.3. erneut zur Demonstration auf. Das breite zivilgesellschaftliche B\u00fcndnis startet um 12 Uhr mit einer Kundgebung auf dem gro\u00dfen Platz vor dem Auditorium. Der Demozug soll\u00a0\u00a0mit einer Abschlusskundgebung am Neuen Rathaus enden. Erwartet werden ca. 3.000 Teilnehmer*innen. Seit der Ver\u00f6ffentlichung der Correctiv-Recherche (s.a. Lesungen im DT) \u00fcber die [&hellip;]","og_url":"https:\/\/radioleinewelle.de\/index.php\/2024\/03\/15\/buendnis-gegen-rechts-goettingen-ruft-zur-demonstration-auf\/","og_site_name":"Radio Leinewelle","article_publisher":"https:\/\/www.facebook.com\/radioleinewelle","article_author":"https:\/\/www.facebook.com\/radioleinewelle","article_published_time":"2024-03-15T10:43:32+00:00","article_modified_time":"2024-03-15T10:43:34+00:00","og_image":[{"width":908,"height":1280,"url":"https:\/\/radioleinewelle.de\/wp-content\/uploads\/2024\/03\/Unbenannt.jpg","type":"image\/jpeg"}],"author":"Leinewelle","twitter_card":"summary_large_image","twitter_creator":"@https:\/\/twitter.com\/RLeinewelle?ref_src=twsrcgoogletwcampserptwgrauthor","twitter_site":"@RLeinewelle","twitter_misc":{"Verfasst von":"Leinewelle","Gesch\u00e4tzte Lesezeit":"2\u00a0Minuten"},"schema":{"@context":"https:\/\/schema.org","@graph":[{"@type":"Article","@id":"https:\/\/radioleinewelle.de\/index.php\/2024\/03\/15\/buendnis-gegen-rechts-goettingen-ruft-zur-demonstration-auf\/#article","isPartOf":{"@id":"https:\/\/radioleinewelle.de\/index.php\/2024\/03\/15\/buendnis-gegen-rechts-goettingen-ruft-zur-demonstration-auf\/"},"author":{"name":"Leinewelle","@id":"https:\/\/radioleinewelle.de\/#\/schema\/person\/45606f348637df637192dc1b68399a63"},"headline":"B\u00fcndnis gegen Rechts G\u00f6ttingen ruft zur Demonstration auf","datePublished":"2024-03-15T10:43:32+00:00","dateModified":"2024-03-15T10:43:34+00:00","mainEntityOfPage":{"@id":"https:\/\/radioleinewelle.de\/index.php\/2024\/03\/15\/buendnis-gegen-rechts-goettingen-ruft-zur-demonstration-auf\/"},"wordCount":185,"commentCount":0,"publisher":{"@id":"https:\/\/radioleinewelle.de\/#organization"},"image":{"@id":"https:\/\/radioleinewelle.de\/index.php\/2024\/03\/15\/buendnis-gegen-rechts-goettingen-ruft-zur-demonstration-auf\/#primaryimage"},"thumbnailUrl":"https:\/\/radioleinewelle.de\/wp-content\/uploads\/2024\/03\/Unbenannt.jpg","articleSection":["Gesellschaft"],"inLanguage":"de","potentialAction":[{"@type":"CommentAction","name":"Comment","target":["https:\/\/radioleinewelle.de\/index.php\/2024\/03\/15\/buendnis-gegen-rechts-goettingen-ruft-zur-demonstration-auf\/#respond"]}]},{"@type":"WebPage","@id":"https:\/\/radioleinewelle.de\/index.php\/2024\/03\/15\/buendnis-gegen-rechts-goettingen-ruft-zur-demonstration-auf\/","url":"https:\/\/radioleinewelle.de\/index.php\/2024\/03\/15\/buendnis-gegen-rechts-goettingen-ruft-zur-demonstration-auf\/","name":"B\u00fcndnis gegen Rechts G\u00f6ttingen ruft zur Demonstration auf - Radio Leinewelle","isPartOf":{"@id":"https:\/\/radioleinewelle.de\/#website"},"primaryImageOfPage":{"@id":"https:\/\/radioleinewelle.de\/index.php\/2024\/03\/15\/buendnis-gegen-rechts-goettingen-ruft-zur-demonstration-auf\/#primaryimage"},"image":{"@id":"https:\/\/radioleinewelle.de\/index.php\/2024\/03\/15\/buendnis-gegen-rechts-goettingen-ruft-zur-demonstration-auf\/#primaryimage"},"thumbnailUrl":"https:\/\/radioleinewelle.de\/wp-content\/uploads\/2024\/03\/Unbenannt.jpg","datePublished":"2024-03-15T10:43:32+00:00","dateModified":"2024-03-15T10:43:34+00:00","breadcrumb":{"@id":"https:\/\/radioleinewelle.de\/index.php\/2024\/03\/15\/buendnis-gegen-rechts-goettingen-ruft-zur-demonstration-auf\/#breadcrumb"},"inLanguage":"de","potentialAction":[{"@type":"ReadAction","target":["https:\/\/radioleinewelle.de\/index.php\/2024\/03\/15\/buendnis-gegen-rechts-goettingen-ruft-zur-demonstration-auf\/"]}]},{"@type":"ImageObject","inLanguage":"de","@id":"https:\/\/radioleinewelle.de\/index.php\/2024\/03\/15\/buendnis-gegen-rechts-goettingen-ruft-zur-demonstration-auf\/#primaryimage","url":"https:\/\/radioleinewelle.de\/wp-content\/uploads\/2024\/03\/Unbenannt.jpg","contentUrl":"https:\/\/radioleinewelle.de\/wp-content\/uploads\/2024\/03\/Unbenannt.jpg","width":908,"height":1280},{"@type":"BreadcrumbList","@id":"https:\/\/radioleinewelle.de\/index.php\/2024\/03\/15\/buendnis-gegen-rechts-goettingen-ruft-zur-demonstration-auf\/#breadcrumb","itemListElement":[{"@type":"ListItem","position":1,"name":"Startseite","item":"https:\/\/radioleinewelle.de\/"},{"@type":"ListItem","position":2,"name":"B\u00fcndnis gegen Rechts G\u00f6ttingen ruft zur Demonstration auf"}]},{"@type":"WebSite","@id":"https:\/\/radioleinewelle.de\/#website","url":"https:\/\/radioleinewelle.de\/","name":"Radio Leinewelle","description":"","publisher":{"@id":"https:\/\/radioleinewelle.de\/#organization"},"potentialAction":[{"@type":"SearchAction","target":{"@type":"EntryPoint","urlTemplate":"https:\/\/radioleinewelle.de\/?s={search_term_string}"},"query-input":{"@type":"PropertyValueSpecification","valueRequired":true,"valueName":"search_term_string"}}],"inLanguage":"de"},{"@type":"Organization","@id":"https:\/\/radioleinewelle.de\/#organization","name":"Radio Leinewelle","alternateName":"Mein Radio f\u00fcr S\u00fcdniedersachsen","url":"https:\/\/radioleinewelle.de\/","logo":{"@type":"ImageObject","inLanguage":"de","@id":"https:\/\/radioleinewelle.de\/#\/schema\/logo\/image\/","url":"https:\/\/radioleinewelle.de\/wp-content\/uploads\/2023\/11\/cropped-Leinewelle_Logo_weiss.png","contentUrl":"https:\/\/radioleinewelle.de\/wp-content\/uploads\/2023\/11\/cropped-Leinewelle_Logo_weiss.png","width":854,"height":260,"caption":"Radio Leinewelle"},"image":{"@id":"https:\/\/radioleinewelle.de\/#\/schema\/logo\/image\/"},"sameAs":["https:\/\/www.facebook.com\/radioleinewelle","https:\/\/x.com\/RLeinewelle","https:\/\/www.instagram.com\/radioleinewelle\/?hl=de"]},{"@type":"Person","@id":"https:\/\/radioleinewelle.de\/#\/schema\/person\/45606f348637df637192dc1b68399a63","name":"Leinewelle","image":{"@type":"ImageObject","inLanguage":"de","@id":"https:\/\/secure.gravatar.com\/avatar\/05c9a17bc973052ee5d91549bd32fb4dd0dc85b7b85ae94b2e2b4943476bbea5?s=96&d=blank&r=g","url":"https:\/\/secure.gravatar.com\/avatar\/05c9a17bc973052ee5d91549bd32fb4dd0dc85b7b85ae94b2e2b4943476bbea5?s=96&d=blank&r=g","contentUrl":"https:\/\/secure.gravatar.com\/avatar\/05c9a17bc973052ee5d91549bd32fb4dd0dc85b7b85ae94b2e2b4943476bbea5?s=96&d=blank&r=g","caption":"Leinewelle"},"sameAs":["http:\/\/localhost\/radio%20leinewelle\/wordpress","https:\/\/www.facebook.com\/radioleinewelle","https:\/\/www.instagram.com\/radioleinewelle","https:\/\/x.com\/https:\/\/twitter.com\/RLeinewelle?ref_src=twsrcgoogletwcampserptwgrauthor","https:\/\/soundcloud.com\/foerderverein-lokalradio?utm_source=clipboard&utm_medium=text&utm_campaign=social_sharing"],"url":"https:\/\/radioleinewelle.de\/index.php\/author\/leinewelle\/"}]}},"_links":{"self":[{"href":"https:\/\/radioleinewelle.de\/index.php\/wp-json\/wp\/v2\/posts\/25122","targetHints":{"allow":["GET"]}}],"collection":[{"href":"https:\/\/radioleinewelle.de\/index.php\/wp-json\/wp\/v2\/posts"}],"about":[{"href":"https:\/\/radioleinewelle.de\/index.php\/wp-json\/wp\/v2\/types\/post"}],"author":[{"embeddable":true,"href":"https:\/\/radioleinewelle.de\/index.php\/wp-json\/wp\/v2\/users\/1"}],"replies":[{"embeddable":true,"href":"https:\/\/radioleinewelle.de\/index.php\/wp-json\/wp\/v2\/comments?post=25122"}],"version-history":[{"count":2,"href":"https:\/\/radioleinewelle.de\/index.php\/wp-json\/wp\/v2\/posts\/25122\/revisions"}],"predecessor-version":[{"id":25124,"href":"https:\/\/radioleinewelle.de\/index.php\/wp-json\/wp\/v2\/posts\/25122\/revisions\/25124"}],"wp:featuredmedia":[{"embeddable":true,"href":"https:\/\/radioleinewelle.de\/index.php\/wp-json\/wp\/v2\/media\/25126"}],"wp:attachment":[{"href":"https:\/\/radioleinewelle.de\/index.php\/wp-json\/wp\/v2\/media?parent=25122"}],"wp:term":[{"taxonomy":"category","embeddable":true,"href":"https:\/\/radioleinewelle.de\/index.php\/wp-json\/wp\/v2\/categories?post=25122"},{"taxonomy":"post_tag","embeddable":true,"href":"https:\/\/radioleinewelle.de\/index.php\/wp-json\/wp\/v2\/tags?post=25122"}],"curies":[{"name":"wp","href":"https:\/\/api.w.org\/{rel}","templated":true}]}}