{"id":2522,"date":"2020-10-22T12:45:19","date_gmt":"2020-10-22T10:45:19","guid":{"rendered":"https:\/\/radioleinewelle.de\/?p=2522"},"modified":"2020-10-22T12:45:19","modified_gmt":"2020-10-22T10:45:19","slug":"neue-schutzbekleidung-fuer-goettinger-feuerwehrleute","status":"publish","type":"post","link":"https:\/\/radioleinewelle.de\/index.php\/2020\/10\/22\/neue-schutzbekleidung-fuer-goettinger-feuerwehrleute\/","title":{"rendered":"Neue Schutzbekleidung f\u00fcr G\u00f6ttinger Feuerwehrleute"},"content":{"rendered":"<div class=\"magazinetext\">\n<div class=\"magazineshorttext\">Die Feuerwehrleute der G\u00f6ttinger Berufsfeuerwehr sowie der 13 Ortsfeuerwehren haben neue Schutzbekleidung erhalten. Christian Schmetz, Erster Stadtrat und Feuerwehrdezernent, hat die Bekleidung am Mittwoch, 21. Oktober 2020, offiziell den Kameradinnen und Kameraden \u00fcbergeben. Insgesamt knapp 800.000 Euro hat die Stadt f\u00fcr die Schutzausr\u00fcstung ausgegeben.<\/div>\n<div class=\"magazineshorttext\">\n<p>F\u00fcr die nach den strengen Richtlinien f\u00fcr eine faire und nachhaltige Beschaffung ausgeschriebenen 435 Hosen und Jacken f\u00fcr Atemschutzger\u00e4tetr\u00e4ger*innen sowie f\u00fcr 580 leuchtend gelbe Schutzhelme f\u00fcr BF und FF wurden ca. 780.000 Euro ausgegeben. Die 430\u00a0 Wetterschutzjacken f\u00fcr die ehrenamtlich t\u00e4tigen Kameradinnen und Kameraden der FF haben weitere 18.000 Euro gekostet.<\/p>\n<p><em>&#8222;Das Geld in die Sicherheit der Kameradinnen und Kameraden der freiwilligen sowie der Berufsfeuerwehr ist gut investiert&#8220;,<\/em> unterstreicht Christian Schmetz, denn die Arbeit in der Feuerwehr unterliege bekannterma\u00dfen einer gewissen Gefahr. Insbesondere die faire und nachhaltige Einsatzkleidung sei dabei zu begr\u00fc\u00dfen, denn die f\u00fcr die Bekleidung bestehenden Anforderungen seien nicht selbstverst\u00e4ndlich aus fairem Handel zu beziehen.<\/p>\n<p>B\u00fcrgermeisterin Helmi Bebehani vom zust\u00e4ndigen Fachausschuss freut sich \u00fcber die wetterfesten Jacken, die der FF zur Verf\u00fcgung gestellt wurden, denn bislang seien die Kamerad*innen bei regenstarken Eins\u00e4tzen durchn\u00e4sst worden. <em>&#8222;Das geh\u00f6rt ab jetzt der Vergangenheit an&#8220;<\/em>, so Bebehani.<\/p>\n<p><em>Foto: Stadt G\u00f6ttingen\/Dominik Kimyon<\/em><\/p>\n<\/div>\n<\/div>\n","protected":false},"excerpt":{"rendered":"<p>Die Feuerwehrleute der G\u00f6ttinger Berufsfeuerwehr sowie der 13 Ortsfeuerwehren haben neue Schutzbekleidung erhalten. Christian Schmetz, Erster Stadtrat und Feuerwehrdezernent, hat die Bekleidung am Mittwoch, 21. Oktober 2020, offiziell den Kameradinnen und Kameraden \u00fcbergeben. Insgesamt knapp 800.000 Euro hat die Stadt f\u00fcr die Schutzausr\u00fcstung ausgegeben. F\u00fcr die nach den strengen Richtlinien f\u00fcr eine faire und nachhaltige [&hellip;]<\/p>\n","protected":false},"author":1,"featured_media":0,"comment_status":"closed","ping_status":"closed","sticky":false,"template":"","format":"standard","meta":{"saved_in_kubio":false,"footnotes":""},"categories":[39],"tags":[],"class_list":["post-2522","post","type-post","status-publish","format-standard","hentry","category-lokalpolitik"],"yoast_head":"<!-- This site is optimized with the Yoast SEO plugin v27.5 - https:\/\/yoast.com\/product\/yoast-seo-wordpress\/ -->\n<title>Neue Schutzbekleidung f\u00fcr G\u00f6ttinger Feuerwehrleute - Radio Leinewelle<\/title>\n<meta name=\"robots\" content=\"index, follow, max-snippet:-1, max-image-preview:large, max-video-preview:-1\" \/>\n<link rel=\"canonical\" href=\"https:\/\/radioleinewelle.de\/index.php\/2020\/10\/22\/neue-schutzbekleidung-fuer-goettinger-feuerwehrleute\/\" \/>\n<meta property=\"og:locale\" content=\"de_DE\" \/>\n<meta property=\"og:type\" content=\"article\" \/>\n<meta property=\"og:title\" content=\"Neue Schutzbekleidung f\u00fcr G\u00f6ttinger Feuerwehrleute - Radio Leinewelle\" \/>\n<meta property=\"og:description\" content=\"Die Feuerwehrleute der G\u00f6ttinger Berufsfeuerwehr sowie der 13 Ortsfeuerwehren haben neue Schutzbekleidung erhalten. Christian Schmetz, Erster Stadtrat und Feuerwehrdezernent, hat die Bekleidung am Mittwoch, 21. Oktober 2020, offiziell den Kameradinnen und Kameraden \u00fcbergeben. Insgesamt knapp 800.000 Euro hat die Stadt f\u00fcr die Schutzausr\u00fcstung ausgegeben. F\u00fcr die nach den strengen Richtlinien f\u00fcr eine faire und nachhaltige [&hellip;]\" \/>\n<meta property=\"og:url\" content=\"https:\/\/radioleinewelle.de\/index.php\/2020\/10\/22\/neue-schutzbekleidung-fuer-goettinger-feuerwehrleute\/\" \/>\n<meta property=\"og:site_name\" content=\"Radio Leinewelle\" \/>\n<meta property=\"article:publisher\" content=\"https:\/\/www.facebook.com\/radioleinewelle\" \/>\n<meta property=\"article:author\" content=\"https:\/\/www.facebook.com\/radioleinewelle\" \/>\n<meta property=\"article:published_time\" content=\"2020-10-22T10:45:19+00:00\" \/>\n<meta name=\"author\" content=\"Leinewelle\" \/>\n<meta name=\"twitter:card\" content=\"summary_large_image\" \/>\n<meta name=\"twitter:creator\" content=\"@https:\/\/twitter.com\/RLeinewelle?ref_src=twsrcgoogletwcampserptwgrauthor\" \/>\n<meta name=\"twitter:site\" content=\"@RLeinewelle\" \/>\n<meta name=\"twitter:label1\" content=\"Verfasst von\" \/>\n\t<meta name=\"twitter:data1\" content=\"Leinewelle\" \/>\n\t<meta name=\"twitter:label2\" content=\"Gesch\u00e4tzte Lesezeit\" \/>\n\t<meta name=\"twitter:data2\" content=\"1\u00a0Minute\" \/>\n<script type=\"application\/ld+json\" class=\"yoast-schema-graph\">{\"@context\":\"https:\\\/\\\/schema.org\",\"@graph\":[{\"@type\":\"Article\",\"@id\":\"https:\\\/\\\/radioleinewelle.de\\\/index.php\\\/2020\\\/10\\\/22\\\/neue-schutzbekleidung-fuer-goettinger-feuerwehrleute\\\/#article\",\"isPartOf\":{\"@id\":\"https:\\\/\\\/radioleinewelle.de\\\/index.php\\\/2020\\\/10\\\/22\\\/neue-schutzbekleidung-fuer-goettinger-feuerwehrleute\\\/\"},\"author\":{\"name\":\"Leinewelle\",\"@id\":\"https:\\\/\\\/radioleinewelle.de\\\/#\\\/schema\\\/person\\\/45606f348637df637192dc1b68399a63\"},\"headline\":\"Neue Schutzbekleidung f\u00fcr G\u00f6ttinger Feuerwehrleute\",\"datePublished\":\"2020-10-22T10:45:19+00:00\",\"mainEntityOfPage\":{\"@id\":\"https:\\\/\\\/radioleinewelle.de\\\/index.php\\\/2020\\\/10\\\/22\\\/neue-schutzbekleidung-fuer-goettinger-feuerwehrleute\\\/\"},\"wordCount\":217,\"publisher\":{\"@id\":\"https:\\\/\\\/radioleinewelle.de\\\/#organization\"},\"articleSection\":[\"Lokalpolitik\"],\"inLanguage\":\"de\"},{\"@type\":\"WebPage\",\"@id\":\"https:\\\/\\\/radioleinewelle.de\\\/index.php\\\/2020\\\/10\\\/22\\\/neue-schutzbekleidung-fuer-goettinger-feuerwehrleute\\\/\",\"url\":\"https:\\\/\\\/radioleinewelle.de\\\/index.php\\\/2020\\\/10\\\/22\\\/neue-schutzbekleidung-fuer-goettinger-feuerwehrleute\\\/\",\"name\":\"Neue Schutzbekleidung f\u00fcr G\u00f6ttinger Feuerwehrleute - Radio Leinewelle\",\"isPartOf\":{\"@id\":\"https:\\\/\\\/radioleinewelle.de\\\/#website\"},\"datePublished\":\"2020-10-22T10:45:19+00:00\",\"breadcrumb\":{\"@id\":\"https:\\\/\\\/radioleinewelle.de\\\/index.php\\\/2020\\\/10\\\/22\\\/neue-schutzbekleidung-fuer-goettinger-feuerwehrleute\\\/#breadcrumb\"},\"inLanguage\":\"de\",\"potentialAction\":[{\"@type\":\"ReadAction\",\"target\":[\"https:\\\/\\\/radioleinewelle.de\\\/index.php\\\/2020\\\/10\\\/22\\\/neue-schutzbekleidung-fuer-goettinger-feuerwehrleute\\\/\"]}]},{\"@type\":\"BreadcrumbList\",\"@id\":\"https:\\\/\\\/radioleinewelle.de\\\/index.php\\\/2020\\\/10\\\/22\\\/neue-schutzbekleidung-fuer-goettinger-feuerwehrleute\\\/#breadcrumb\",\"itemListElement\":[{\"@type\":\"ListItem\",\"position\":1,\"name\":\"Startseite\",\"item\":\"https:\\\/\\\/radioleinewelle.de\\\/\"},{\"@type\":\"ListItem\",\"position\":2,\"name\":\"Neue Schutzbekleidung f\u00fcr G\u00f6ttinger Feuerwehrleute\"}]},{\"@type\":\"WebSite\",\"@id\":\"https:\\\/\\\/radioleinewelle.de\\\/#website\",\"url\":\"https:\\\/\\\/radioleinewelle.de\\\/\",\"name\":\"Radio Leinewelle\",\"description\":\"\",\"publisher\":{\"@id\":\"https:\\\/\\\/radioleinewelle.de\\\/#organization\"},\"potentialAction\":[{\"@type\":\"SearchAction\",\"target\":{\"@type\":\"EntryPoint\",\"urlTemplate\":\"https:\\\/\\\/radioleinewelle.de\\\/?s={search_term_string}\"},\"query-input\":{\"@type\":\"PropertyValueSpecification\",\"valueRequired\":true,\"valueName\":\"search_term_string\"}}],\"inLanguage\":\"de\"},{\"@type\":\"Organization\",\"@id\":\"https:\\\/\\\/radioleinewelle.de\\\/#organization\",\"name\":\"Radio Leinewelle\",\"alternateName\":\"Mein Radio f\u00fcr S\u00fcdniedersachsen\",\"url\":\"https:\\\/\\\/radioleinewelle.de\\\/\",\"logo\":{\"@type\":\"ImageObject\",\"inLanguage\":\"de\",\"@id\":\"https:\\\/\\\/radioleinewelle.de\\\/#\\\/schema\\\/logo\\\/image\\\/\",\"url\":\"https:\\\/\\\/radioleinewelle.de\\\/wp-content\\\/uploads\\\/2023\\\/11\\\/cropped-Leinewelle_Logo_weiss.png\",\"contentUrl\":\"https:\\\/\\\/radioleinewelle.de\\\/wp-content\\\/uploads\\\/2023\\\/11\\\/cropped-Leinewelle_Logo_weiss.png\",\"width\":854,\"height\":260,\"caption\":\"Radio Leinewelle\"},\"image\":{\"@id\":\"https:\\\/\\\/radioleinewelle.de\\\/#\\\/schema\\\/logo\\\/image\\\/\"},\"sameAs\":[\"https:\\\/\\\/www.facebook.com\\\/radioleinewelle\",\"https:\\\/\\\/x.com\\\/RLeinewelle\",\"https:\\\/\\\/www.instagram.com\\\/radioleinewelle\\\/?hl=de\"]},{\"@type\":\"Person\",\"@id\":\"https:\\\/\\\/radioleinewelle.de\\\/#\\\/schema\\\/person\\\/45606f348637df637192dc1b68399a63\",\"name\":\"Leinewelle\",\"image\":{\"@type\":\"ImageObject\",\"inLanguage\":\"de\",\"@id\":\"https:\\\/\\\/secure.gravatar.com\\\/avatar\\\/05c9a17bc973052ee5d91549bd32fb4dd0dc85b7b85ae94b2e2b4943476bbea5?s=96&d=blank&r=g\",\"url\":\"https:\\\/\\\/secure.gravatar.com\\\/avatar\\\/05c9a17bc973052ee5d91549bd32fb4dd0dc85b7b85ae94b2e2b4943476bbea5?s=96&d=blank&r=g\",\"contentUrl\":\"https:\\\/\\\/secure.gravatar.com\\\/avatar\\\/05c9a17bc973052ee5d91549bd32fb4dd0dc85b7b85ae94b2e2b4943476bbea5?s=96&d=blank&r=g\",\"caption\":\"Leinewelle\"},\"sameAs\":[\"http:\\\/\\\/localhost\\\/radio%20leinewelle\\\/wordpress\",\"https:\\\/\\\/www.facebook.com\\\/radioleinewelle\",\"https:\\\/\\\/www.instagram.com\\\/radioleinewelle\",\"https:\\\/\\\/x.com\\\/https:\\\/\\\/twitter.com\\\/RLeinewelle?ref_src=twsrcgoogletwcampserptwgrauthor\",\"https:\\\/\\\/soundcloud.com\\\/foerderverein-lokalradio?utm_source=clipboard&utm_medium=text&utm_campaign=social_sharing\"],\"url\":\"https:\\\/\\\/radioleinewelle.de\\\/index.php\\\/author\\\/leinewelle\\\/\"}]}<\/script>\n<!-- \/ Yoast SEO plugin. -->","yoast_head_json":{"title":"Neue Schutzbekleidung f\u00fcr G\u00f6ttinger Feuerwehrleute - Radio Leinewelle","robots":{"index":"index","follow":"follow","max-snippet":"max-snippet:-1","max-image-preview":"max-image-preview:large","max-video-preview":"max-video-preview:-1"},"canonical":"https:\/\/radioleinewelle.de\/index.php\/2020\/10\/22\/neue-schutzbekleidung-fuer-goettinger-feuerwehrleute\/","og_locale":"de_DE","og_type":"article","og_title":"Neue Schutzbekleidung f\u00fcr G\u00f6ttinger Feuerwehrleute - Radio Leinewelle","og_description":"Die Feuerwehrleute der G\u00f6ttinger Berufsfeuerwehr sowie der 13 Ortsfeuerwehren haben neue Schutzbekleidung erhalten. Christian Schmetz, Erster Stadtrat und Feuerwehrdezernent, hat die Bekleidung am Mittwoch, 21. Oktober 2020, offiziell den Kameradinnen und Kameraden \u00fcbergeben. Insgesamt knapp 800.000 Euro hat die Stadt f\u00fcr die Schutzausr\u00fcstung ausgegeben. F\u00fcr die nach den strengen Richtlinien f\u00fcr eine faire und nachhaltige [&hellip;]","og_url":"https:\/\/radioleinewelle.de\/index.php\/2020\/10\/22\/neue-schutzbekleidung-fuer-goettinger-feuerwehrleute\/","og_site_name":"Radio Leinewelle","article_publisher":"https:\/\/www.facebook.com\/radioleinewelle","article_author":"https:\/\/www.facebook.com\/radioleinewelle","article_published_time":"2020-10-22T10:45:19+00:00","author":"Leinewelle","twitter_card":"summary_large_image","twitter_creator":"@https:\/\/twitter.com\/RLeinewelle?ref_src=twsrcgoogletwcampserptwgrauthor","twitter_site":"@RLeinewelle","twitter_misc":{"Verfasst von":"Leinewelle","Gesch\u00e4tzte Lesezeit":"1\u00a0Minute"},"schema":{"@context":"https:\/\/schema.org","@graph":[{"@type":"Article","@id":"https:\/\/radioleinewelle.de\/index.php\/2020\/10\/22\/neue-schutzbekleidung-fuer-goettinger-feuerwehrleute\/#article","isPartOf":{"@id":"https:\/\/radioleinewelle.de\/index.php\/2020\/10\/22\/neue-schutzbekleidung-fuer-goettinger-feuerwehrleute\/"},"author":{"name":"Leinewelle","@id":"https:\/\/radioleinewelle.de\/#\/schema\/person\/45606f348637df637192dc1b68399a63"},"headline":"Neue Schutzbekleidung f\u00fcr G\u00f6ttinger Feuerwehrleute","datePublished":"2020-10-22T10:45:19+00:00","mainEntityOfPage":{"@id":"https:\/\/radioleinewelle.de\/index.php\/2020\/10\/22\/neue-schutzbekleidung-fuer-goettinger-feuerwehrleute\/"},"wordCount":217,"publisher":{"@id":"https:\/\/radioleinewelle.de\/#organization"},"articleSection":["Lokalpolitik"],"inLanguage":"de"},{"@type":"WebPage","@id":"https:\/\/radioleinewelle.de\/index.php\/2020\/10\/22\/neue-schutzbekleidung-fuer-goettinger-feuerwehrleute\/","url":"https:\/\/radioleinewelle.de\/index.php\/2020\/10\/22\/neue-schutzbekleidung-fuer-goettinger-feuerwehrleute\/","name":"Neue Schutzbekleidung f\u00fcr G\u00f6ttinger Feuerwehrleute - Radio Leinewelle","isPartOf":{"@id":"https:\/\/radioleinewelle.de\/#website"},"datePublished":"2020-10-22T10:45:19+00:00","breadcrumb":{"@id":"https:\/\/radioleinewelle.de\/index.php\/2020\/10\/22\/neue-schutzbekleidung-fuer-goettinger-feuerwehrleute\/#breadcrumb"},"inLanguage":"de","potentialAction":[{"@type":"ReadAction","target":["https:\/\/radioleinewelle.de\/index.php\/2020\/10\/22\/neue-schutzbekleidung-fuer-goettinger-feuerwehrleute\/"]}]},{"@type":"BreadcrumbList","@id":"https:\/\/radioleinewelle.de\/index.php\/2020\/10\/22\/neue-schutzbekleidung-fuer-goettinger-feuerwehrleute\/#breadcrumb","itemListElement":[{"@type":"ListItem","position":1,"name":"Startseite","item":"https:\/\/radioleinewelle.de\/"},{"@type":"ListItem","position":2,"name":"Neue Schutzbekleidung f\u00fcr G\u00f6ttinger Feuerwehrleute"}]},{"@type":"WebSite","@id":"https:\/\/radioleinewelle.de\/#website","url":"https:\/\/radioleinewelle.de\/","name":"Radio Leinewelle","description":"","publisher":{"@id":"https:\/\/radioleinewelle.de\/#organization"},"potentialAction":[{"@type":"SearchAction","target":{"@type":"EntryPoint","urlTemplate":"https:\/\/radioleinewelle.de\/?s={search_term_string}"},"query-input":{"@type":"PropertyValueSpecification","valueRequired":true,"valueName":"search_term_string"}}],"inLanguage":"de"},{"@type":"Organization","@id":"https:\/\/radioleinewelle.de\/#organization","name":"Radio Leinewelle","alternateName":"Mein Radio f\u00fcr S\u00fcdniedersachsen","url":"https:\/\/radioleinewelle.de\/","logo":{"@type":"ImageObject","inLanguage":"de","@id":"https:\/\/radioleinewelle.de\/#\/schema\/logo\/image\/","url":"https:\/\/radioleinewelle.de\/wp-content\/uploads\/2023\/11\/cropped-Leinewelle_Logo_weiss.png","contentUrl":"https:\/\/radioleinewelle.de\/wp-content\/uploads\/2023\/11\/cropped-Leinewelle_Logo_weiss.png","width":854,"height":260,"caption":"Radio Leinewelle"},"image":{"@id":"https:\/\/radioleinewelle.de\/#\/schema\/logo\/image\/"},"sameAs":["https:\/\/www.facebook.com\/radioleinewelle","https:\/\/x.com\/RLeinewelle","https:\/\/www.instagram.com\/radioleinewelle\/?hl=de"]},{"@type":"Person","@id":"https:\/\/radioleinewelle.de\/#\/schema\/person\/45606f348637df637192dc1b68399a63","name":"Leinewelle","image":{"@type":"ImageObject","inLanguage":"de","@id":"https:\/\/secure.gravatar.com\/avatar\/05c9a17bc973052ee5d91549bd32fb4dd0dc85b7b85ae94b2e2b4943476bbea5?s=96&d=blank&r=g","url":"https:\/\/secure.gravatar.com\/avatar\/05c9a17bc973052ee5d91549bd32fb4dd0dc85b7b85ae94b2e2b4943476bbea5?s=96&d=blank&r=g","contentUrl":"https:\/\/secure.gravatar.com\/avatar\/05c9a17bc973052ee5d91549bd32fb4dd0dc85b7b85ae94b2e2b4943476bbea5?s=96&d=blank&r=g","caption":"Leinewelle"},"sameAs":["http:\/\/localhost\/radio%20leinewelle\/wordpress","https:\/\/www.facebook.com\/radioleinewelle","https:\/\/www.instagram.com\/radioleinewelle","https:\/\/x.com\/https:\/\/twitter.com\/RLeinewelle?ref_src=twsrcgoogletwcampserptwgrauthor","https:\/\/soundcloud.com\/foerderverein-lokalradio?utm_source=clipboard&utm_medium=text&utm_campaign=social_sharing"],"url":"https:\/\/radioleinewelle.de\/index.php\/author\/leinewelle\/"}]}},"_links":{"self":[{"href":"https:\/\/radioleinewelle.de\/index.php\/wp-json\/wp\/v2\/posts\/2522","targetHints":{"allow":["GET"]}}],"collection":[{"href":"https:\/\/radioleinewelle.de\/index.php\/wp-json\/wp\/v2\/posts"}],"about":[{"href":"https:\/\/radioleinewelle.de\/index.php\/wp-json\/wp\/v2\/types\/post"}],"author":[{"embeddable":true,"href":"https:\/\/radioleinewelle.de\/index.php\/wp-json\/wp\/v2\/users\/1"}],"replies":[{"embeddable":true,"href":"https:\/\/radioleinewelle.de\/index.php\/wp-json\/wp\/v2\/comments?post=2522"}],"version-history":[{"count":0,"href":"https:\/\/radioleinewelle.de\/index.php\/wp-json\/wp\/v2\/posts\/2522\/revisions"}],"wp:attachment":[{"href":"https:\/\/radioleinewelle.de\/index.php\/wp-json\/wp\/v2\/media?parent=2522"}],"wp:term":[{"taxonomy":"category","embeddable":true,"href":"https:\/\/radioleinewelle.de\/index.php\/wp-json\/wp\/v2\/categories?post=2522"},{"taxonomy":"post_tag","embeddable":true,"href":"https:\/\/radioleinewelle.de\/index.php\/wp-json\/wp\/v2\/tags?post=2522"}],"curies":[{"name":"wp","href":"https:\/\/api.w.org\/{rel}","templated":true}]}}