{"id":2528,"date":"2020-10-23T05:20:30","date_gmt":"2020-10-23T03:20:30","guid":{"rendered":"https:\/\/radioleinewelle.de\/?p=2528"},"modified":"2020-10-23T05:20:30","modified_gmt":"2020-10-23T03:20:30","slug":"schulstart-in-niedersachsen-nach-den-herbstferien","status":"publish","type":"post","link":"https:\/\/radioleinewelle.de\/index.php\/2020\/10\/23\/schulstart-in-niedersachsen-nach-den-herbstferien\/","title":{"rendered":"Schulstart in Niedersachsen nach den Herbstferien"},"content":{"rendered":"<p>Die Schulen in Niedersachsen setzen den eingeschr\u00e4nkten Regelbetrieb mit Pr\u00e4senzunterricht f\u00fcr alle Sch\u00fclerinnen und Sch\u00fcler nach den Herbstferien fort. Am kommenden Montag werde \u201elandesweit im Szenario A gestartet\u201c, teilte Niedersachsens Kultusminister Grant Hendrik Tonne am gestrigen Donnerstag in Hannover mit.\u00a0Eine Abstimmung mit dem Gesundheitsministerium (MS) und dem Landesgesundheitsamt (NLGA) in dieser Woche habe ergeben, dass auch die versch\u00e4rfte Infektionslage dies zulasse.<\/p>\n<p>Tonne: \u201eDas ist ein wichtiges Signal an die Sch\u00fclerinnen und Sch\u00fcler, die Eltern und die Lehrkr\u00e4fte. Der Lockdown im Fr\u00fchjahr hat gezeigt, dass dem Bildungssystem eine gesamtgesellschaftlich herausragende Bedeutung zukommt. Neben der Erf\u00fcllung des Bildungsauftrages als zentraler Aufgabe von Kita und Schule sind die Qualit\u00e4t und die Verl\u00e4sslichkeit der Betreuung f\u00fcr die Familien von h\u00f6chster Bedeutung. Zudem haben Kita und Schule einmal mehr ihre wichtige soziale Funktion f\u00fcr die Kinder und Jugendlichen gezeigt. Sie sind als Lern- und Lebensorte in der Pandemie besonders schutzw\u00fcrdige G\u00fcter\u201c, erkl\u00e4rte der Minister.<\/p>\n<p>Um den Pr\u00e4senzbetrieb in den Schulen zu gew\u00e4hrleisten und gleichzeitig den Gesundheitsschutz f\u00fcr Sch\u00fclerinnen und Sch\u00fcler sowie alle an Schule Besch\u00e4ftigte zu erh\u00f6hen, sind in der aktuellen Lage mit steigenden Infektionen mit SARS-CoV-2 Anpassungen notwendig.<\/p>\n<p>Daher stehen nach den Herbstferien folgende Neuerungen an:<\/p>\n<p><b class=\"c1\">I.<\/b> <b class=\"c1\">Empfehlung MNB im Unterricht an weiterf\u00fchrenden Schulen:<\/b><\/p>\n<p>Sch\u00fclerinnen und Sch\u00fcler an weiterf\u00fchrenden Schulen in einem Landkreis oder einer kreisfreien Stadt mit einer 7-Tage-Inzidenz ab 50 sollen ab Montag auch im Unterricht eine Mund-Nasen-Bedeckung tragen. Sch\u00fclerinnen und Sch\u00fcler des Primarbereiches bleiben von dieser Empfehlung unber\u00fchrt.<\/p>\n<p><b class=\"c1\">I.<\/b> <b class=\"c1\">Erh\u00f6hung des Schutzstatus von Risikogruppen in Familien:<\/b><\/p>\n<p>Ab Montag wird erleichtert, dass Sch\u00fclerinnen und Sch\u00fcler, die selbst nicht zur Risikogruppe geh\u00f6ren, aber vulnerable Angeh\u00f6rige im Hausstand haben, leichter vom Pr\u00e4senzunterricht befreit werden k\u00f6nnen. Es gilt dann, dass sich bei Vorlage eines Attestes alle Sch\u00fclerinnen und Sch\u00fcler vom Pr\u00e4senzunterricht befreien lassen k\u00f6nnen, sobald am Standort der Schule oder am Wohnort eine Inzidenz von 35 erreicht wurde.<\/p>\n<p>Zudem k\u00f6nnen Grundsch\u00fclerinnen und Grundsch\u00fcler mit vulnerablen Angeh\u00f6rigen sowie Sch\u00fclerinnen und Sch\u00fcler mit Bedarf an sonderp\u00e4dagogischer Unterst\u00fctzung in den F\u00f6rderschwerpunkten geistige Entwicklung, k\u00f6rperlich und motorische Entwicklung oder H\u00f6ren und Sehen mit vulnerablen Angeh\u00f6rigen ohne weitere Voraussetzungen als dem Attest befreit werden.<\/p>\n<p><b class=\"c1\">II.<\/b> <b class=\"c1\">L\u00fcften nach 20-5-20<\/b><\/p>\n<p>Sachgerechtes L\u00fcften ist der entscheidende Baustein beim Gesundheits- und Infektionsschutz. Eine regelm\u00e4\u00dfige und hohe Frischluftzufuhr bewirkt, dass potentiell virushaltige Luftpartikel konsequent abtransportiert werden. Das hat unter anderem auch ein Expertengespr\u00e4ch der Kultusministerkonferenz best\u00e4tigt.<\/p>\n<p>Das bedeutet, die Faustregel 20-5-20 beachten, also rund zur H\u00e4lfte einer Unterrichtsstunde f\u00fcr zirka f\u00fcnf Minuten Sto\u00df- oder Querl\u00fcftung.<\/p>\n<p>Zudem muss vor Unterrichtsbeginn und in den Pausen gel\u00fcftet werden. Jahreszeitangepasste Kleidung ist wichtig, gleichzeitig wird niemand in der Schule dauerhaft im Kalten sitzen und frieren m\u00fcssen.<\/p>\n<p>Das Nieders\u00e4chsische Kultusministerium hat ein Informationspaket zum sachgerechten L\u00fcften auf den Weg zu den Schulen gebracht: 50.000 Plakate und weitere 50.000 Fensterh\u00e4nger mit den wichtigsten Regeln werden die Schulen in den n\u00e4chsten Tagen erreichen. In der \u00dcberarbeitung des Rahmenhygieneplans, der heute an die Schulen geht, werden zudem entsprechende Hinweise zum infektionsgerechten L\u00fcften gegeben.<\/p>\n<p>Bild von <a href=\"https:\/\/pixabay.com\/de\/users\/klimkin-1298145\/?utm_source=link-attribution&amp;utm_medium=referral&amp;utm_campaign=image&amp;utm_content=1093758\">klimkin<\/a> auf <a href=\"https:\/\/pixabay.com\/de\/?utm_source=link-attribution&amp;utm_medium=referral&amp;utm_campaign=image&amp;utm_content=1093758\">Pixabay<\/a><\/p>\n","protected":false},"excerpt":{"rendered":"<p>Die Schulen in Niedersachsen setzen den eingeschr\u00e4nkten Regelbetrieb mit Pr\u00e4senzunterricht f\u00fcr alle Sch\u00fclerinnen und Sch\u00fcler nach den Herbstferien fort. Am kommenden Montag werde \u201elandesweit im Szenario A gestartet\u201c, teilte Niedersachsens Kultusminister Grant Hendrik Tonne am gestrigen Donnerstag in Hannover mit.\u00a0Eine Abstimmung mit dem Gesundheitsministerium (MS) und dem Landesgesundheitsamt (NLGA) in dieser Woche habe ergeben, dass [&hellip;]<\/p>\n","protected":false},"author":1,"featured_media":2532,"comment_status":"closed","ping_status":"closed","sticky":false,"template":"","format":"standard","meta":{"saved_in_kubio":false,"footnotes":""},"categories":[1],"tags":[],"class_list":["post-2528","post","type-post","status-publish","format-standard","has-post-thumbnail","hentry","category-allgemein"],"yoast_head":"<!-- This site is optimized with the Yoast SEO plugin v27.5 - https:\/\/yoast.com\/product\/yoast-seo-wordpress\/ -->\n<title>Schulstart in Niedersachsen nach den Herbstferien - Radio Leinewelle<\/title>\n<meta name=\"robots\" content=\"index, follow, max-snippet:-1, max-image-preview:large, max-video-preview:-1\" \/>\n<link rel=\"canonical\" href=\"https:\/\/radioleinewelle.de\/index.php\/2020\/10\/23\/schulstart-in-niedersachsen-nach-den-herbstferien\/\" \/>\n<meta property=\"og:locale\" content=\"de_DE\" \/>\n<meta property=\"og:type\" content=\"article\" \/>\n<meta property=\"og:title\" content=\"Schulstart in Niedersachsen nach den Herbstferien - Radio Leinewelle\" \/>\n<meta property=\"og:description\" content=\"Die Schulen in Niedersachsen setzen den eingeschr\u00e4nkten Regelbetrieb mit Pr\u00e4senzunterricht f\u00fcr alle Sch\u00fclerinnen und Sch\u00fcler nach den Herbstferien fort. Am kommenden Montag werde \u201elandesweit im Szenario A gestartet\u201c, teilte Niedersachsens Kultusminister Grant Hendrik Tonne am gestrigen Donnerstag in Hannover mit.\u00a0Eine Abstimmung mit dem Gesundheitsministerium (MS) und dem Landesgesundheitsamt (NLGA) in dieser Woche habe ergeben, dass [&hellip;]\" \/>\n<meta property=\"og:url\" content=\"https:\/\/radioleinewelle.de\/index.php\/2020\/10\/23\/schulstart-in-niedersachsen-nach-den-herbstferien\/\" \/>\n<meta property=\"og:site_name\" content=\"Radio Leinewelle\" \/>\n<meta property=\"article:publisher\" content=\"https:\/\/www.facebook.com\/radioleinewelle\" \/>\n<meta property=\"article:author\" content=\"https:\/\/www.facebook.com\/radioleinewelle\" \/>\n<meta property=\"article:published_time\" content=\"2020-10-23T03:20:30+00:00\" \/>\n<meta property=\"og:image\" content=\"https:\/\/radioleinewelle.de\/wp-content\/uploads\/2020\/10\/kids-1093758_640.jpg\" \/>\n\t<meta property=\"og:image:width\" content=\"640\" \/>\n\t<meta property=\"og:image:height\" content=\"426\" \/>\n\t<meta property=\"og:image:type\" content=\"image\/jpeg\" \/>\n<meta name=\"author\" content=\"Leinewelle\" \/>\n<meta name=\"twitter:card\" content=\"summary_large_image\" \/>\n<meta name=\"twitter:creator\" content=\"@https:\/\/twitter.com\/RLeinewelle?ref_src=twsrcgoogletwcampserptwgrauthor\" \/>\n<meta name=\"twitter:site\" content=\"@RLeinewelle\" \/>\n<meta name=\"twitter:label1\" content=\"Verfasst von\" \/>\n\t<meta name=\"twitter:data1\" content=\"Leinewelle\" \/>\n\t<meta name=\"twitter:label2\" content=\"Gesch\u00e4tzte Lesezeit\" \/>\n\t<meta name=\"twitter:data2\" content=\"3\u00a0Minuten\" \/>\n<script type=\"application\/ld+json\" class=\"yoast-schema-graph\">{\"@context\":\"https:\\\/\\\/schema.org\",\"@graph\":[{\"@type\":\"Article\",\"@id\":\"https:\\\/\\\/radioleinewelle.de\\\/index.php\\\/2020\\\/10\\\/23\\\/schulstart-in-niedersachsen-nach-den-herbstferien\\\/#article\",\"isPartOf\":{\"@id\":\"https:\\\/\\\/radioleinewelle.de\\\/index.php\\\/2020\\\/10\\\/23\\\/schulstart-in-niedersachsen-nach-den-herbstferien\\\/\"},\"author\":{\"name\":\"Leinewelle\",\"@id\":\"https:\\\/\\\/radioleinewelle.de\\\/#\\\/schema\\\/person\\\/45606f348637df637192dc1b68399a63\"},\"headline\":\"Schulstart in Niedersachsen nach den Herbstferien\",\"datePublished\":\"2020-10-23T03:20:30+00:00\",\"mainEntityOfPage\":{\"@id\":\"https:\\\/\\\/radioleinewelle.de\\\/index.php\\\/2020\\\/10\\\/23\\\/schulstart-in-niedersachsen-nach-den-herbstferien\\\/\"},\"wordCount\":563,\"publisher\":{\"@id\":\"https:\\\/\\\/radioleinewelle.de\\\/#organization\"},\"image\":{\"@id\":\"https:\\\/\\\/radioleinewelle.de\\\/index.php\\\/2020\\\/10\\\/23\\\/schulstart-in-niedersachsen-nach-den-herbstferien\\\/#primaryimage\"},\"thumbnailUrl\":\"https:\\\/\\\/radioleinewelle.de\\\/wp-content\\\/uploads\\\/2020\\\/10\\\/kids-1093758_640.jpg\",\"inLanguage\":\"de\"},{\"@type\":\"WebPage\",\"@id\":\"https:\\\/\\\/radioleinewelle.de\\\/index.php\\\/2020\\\/10\\\/23\\\/schulstart-in-niedersachsen-nach-den-herbstferien\\\/\",\"url\":\"https:\\\/\\\/radioleinewelle.de\\\/index.php\\\/2020\\\/10\\\/23\\\/schulstart-in-niedersachsen-nach-den-herbstferien\\\/\",\"name\":\"Schulstart in Niedersachsen nach den Herbstferien - Radio Leinewelle\",\"isPartOf\":{\"@id\":\"https:\\\/\\\/radioleinewelle.de\\\/#website\"},\"primaryImageOfPage\":{\"@id\":\"https:\\\/\\\/radioleinewelle.de\\\/index.php\\\/2020\\\/10\\\/23\\\/schulstart-in-niedersachsen-nach-den-herbstferien\\\/#primaryimage\"},\"image\":{\"@id\":\"https:\\\/\\\/radioleinewelle.de\\\/index.php\\\/2020\\\/10\\\/23\\\/schulstart-in-niedersachsen-nach-den-herbstferien\\\/#primaryimage\"},\"thumbnailUrl\":\"https:\\\/\\\/radioleinewelle.de\\\/wp-content\\\/uploads\\\/2020\\\/10\\\/kids-1093758_640.jpg\",\"datePublished\":\"2020-10-23T03:20:30+00:00\",\"breadcrumb\":{\"@id\":\"https:\\\/\\\/radioleinewelle.de\\\/index.php\\\/2020\\\/10\\\/23\\\/schulstart-in-niedersachsen-nach-den-herbstferien\\\/#breadcrumb\"},\"inLanguage\":\"de\",\"potentialAction\":[{\"@type\":\"ReadAction\",\"target\":[\"https:\\\/\\\/radioleinewelle.de\\\/index.php\\\/2020\\\/10\\\/23\\\/schulstart-in-niedersachsen-nach-den-herbstferien\\\/\"]}]},{\"@type\":\"ImageObject\",\"inLanguage\":\"de\",\"@id\":\"https:\\\/\\\/radioleinewelle.de\\\/index.php\\\/2020\\\/10\\\/23\\\/schulstart-in-niedersachsen-nach-den-herbstferien\\\/#primaryimage\",\"url\":\"https:\\\/\\\/radioleinewelle.de\\\/wp-content\\\/uploads\\\/2020\\\/10\\\/kids-1093758_640.jpg\",\"contentUrl\":\"https:\\\/\\\/radioleinewelle.de\\\/wp-content\\\/uploads\\\/2020\\\/10\\\/kids-1093758_640.jpg\",\"width\":640,\"height\":426},{\"@type\":\"BreadcrumbList\",\"@id\":\"https:\\\/\\\/radioleinewelle.de\\\/index.php\\\/2020\\\/10\\\/23\\\/schulstart-in-niedersachsen-nach-den-herbstferien\\\/#breadcrumb\",\"itemListElement\":[{\"@type\":\"ListItem\",\"position\":1,\"name\":\"Startseite\",\"item\":\"https:\\\/\\\/radioleinewelle.de\\\/\"},{\"@type\":\"ListItem\",\"position\":2,\"name\":\"Schulstart in Niedersachsen nach den Herbstferien\"}]},{\"@type\":\"WebSite\",\"@id\":\"https:\\\/\\\/radioleinewelle.de\\\/#website\",\"url\":\"https:\\\/\\\/radioleinewelle.de\\\/\",\"name\":\"Radio Leinewelle\",\"description\":\"\",\"publisher\":{\"@id\":\"https:\\\/\\\/radioleinewelle.de\\\/#organization\"},\"potentialAction\":[{\"@type\":\"SearchAction\",\"target\":{\"@type\":\"EntryPoint\",\"urlTemplate\":\"https:\\\/\\\/radioleinewelle.de\\\/?s={search_term_string}\"},\"query-input\":{\"@type\":\"PropertyValueSpecification\",\"valueRequired\":true,\"valueName\":\"search_term_string\"}}],\"inLanguage\":\"de\"},{\"@type\":\"Organization\",\"@id\":\"https:\\\/\\\/radioleinewelle.de\\\/#organization\",\"name\":\"Radio Leinewelle\",\"alternateName\":\"Mein Radio f\u00fcr S\u00fcdniedersachsen\",\"url\":\"https:\\\/\\\/radioleinewelle.de\\\/\",\"logo\":{\"@type\":\"ImageObject\",\"inLanguage\":\"de\",\"@id\":\"https:\\\/\\\/radioleinewelle.de\\\/#\\\/schema\\\/logo\\\/image\\\/\",\"url\":\"https:\\\/\\\/radioleinewelle.de\\\/wp-content\\\/uploads\\\/2023\\\/11\\\/cropped-Leinewelle_Logo_weiss.png\",\"contentUrl\":\"https:\\\/\\\/radioleinewelle.de\\\/wp-content\\\/uploads\\\/2023\\\/11\\\/cropped-Leinewelle_Logo_weiss.png\",\"width\":854,\"height\":260,\"caption\":\"Radio Leinewelle\"},\"image\":{\"@id\":\"https:\\\/\\\/radioleinewelle.de\\\/#\\\/schema\\\/logo\\\/image\\\/\"},\"sameAs\":[\"https:\\\/\\\/www.facebook.com\\\/radioleinewelle\",\"https:\\\/\\\/x.com\\\/RLeinewelle\",\"https:\\\/\\\/www.instagram.com\\\/radioleinewelle\\\/?hl=de\"]},{\"@type\":\"Person\",\"@id\":\"https:\\\/\\\/radioleinewelle.de\\\/#\\\/schema\\\/person\\\/45606f348637df637192dc1b68399a63\",\"name\":\"Leinewelle\",\"image\":{\"@type\":\"ImageObject\",\"inLanguage\":\"de\",\"@id\":\"https:\\\/\\\/secure.gravatar.com\\\/avatar\\\/05c9a17bc973052ee5d91549bd32fb4dd0dc85b7b85ae94b2e2b4943476bbea5?s=96&d=blank&r=g\",\"url\":\"https:\\\/\\\/secure.gravatar.com\\\/avatar\\\/05c9a17bc973052ee5d91549bd32fb4dd0dc85b7b85ae94b2e2b4943476bbea5?s=96&d=blank&r=g\",\"contentUrl\":\"https:\\\/\\\/secure.gravatar.com\\\/avatar\\\/05c9a17bc973052ee5d91549bd32fb4dd0dc85b7b85ae94b2e2b4943476bbea5?s=96&d=blank&r=g\",\"caption\":\"Leinewelle\"},\"sameAs\":[\"http:\\\/\\\/localhost\\\/radio%20leinewelle\\\/wordpress\",\"https:\\\/\\\/www.facebook.com\\\/radioleinewelle\",\"https:\\\/\\\/www.instagram.com\\\/radioleinewelle\",\"https:\\\/\\\/x.com\\\/https:\\\/\\\/twitter.com\\\/RLeinewelle?ref_src=twsrcgoogletwcampserptwgrauthor\",\"https:\\\/\\\/soundcloud.com\\\/foerderverein-lokalradio?utm_source=clipboard&utm_medium=text&utm_campaign=social_sharing\"],\"url\":\"https:\\\/\\\/radioleinewelle.de\\\/index.php\\\/author\\\/leinewelle\\\/\"}]}<\/script>\n<!-- \/ Yoast SEO plugin. -->","yoast_head_json":{"title":"Schulstart in Niedersachsen nach den Herbstferien - Radio Leinewelle","robots":{"index":"index","follow":"follow","max-snippet":"max-snippet:-1","max-image-preview":"max-image-preview:large","max-video-preview":"max-video-preview:-1"},"canonical":"https:\/\/radioleinewelle.de\/index.php\/2020\/10\/23\/schulstart-in-niedersachsen-nach-den-herbstferien\/","og_locale":"de_DE","og_type":"article","og_title":"Schulstart in Niedersachsen nach den Herbstferien - Radio Leinewelle","og_description":"Die Schulen in Niedersachsen setzen den eingeschr\u00e4nkten Regelbetrieb mit Pr\u00e4senzunterricht f\u00fcr alle Sch\u00fclerinnen und Sch\u00fcler nach den Herbstferien fort. Am kommenden Montag werde \u201elandesweit im Szenario A gestartet\u201c, teilte Niedersachsens Kultusminister Grant Hendrik Tonne am gestrigen Donnerstag in Hannover mit.\u00a0Eine Abstimmung mit dem Gesundheitsministerium (MS) und dem Landesgesundheitsamt (NLGA) in dieser Woche habe ergeben, dass [&hellip;]","og_url":"https:\/\/radioleinewelle.de\/index.php\/2020\/10\/23\/schulstart-in-niedersachsen-nach-den-herbstferien\/","og_site_name":"Radio Leinewelle","article_publisher":"https:\/\/www.facebook.com\/radioleinewelle","article_author":"https:\/\/www.facebook.com\/radioleinewelle","article_published_time":"2020-10-23T03:20:30+00:00","og_image":[{"width":640,"height":426,"url":"https:\/\/radioleinewelle.de\/wp-content\/uploads\/2020\/10\/kids-1093758_640.jpg","type":"image\/jpeg"}],"author":"Leinewelle","twitter_card":"summary_large_image","twitter_creator":"@https:\/\/twitter.com\/RLeinewelle?ref_src=twsrcgoogletwcampserptwgrauthor","twitter_site":"@RLeinewelle","twitter_misc":{"Verfasst von":"Leinewelle","Gesch\u00e4tzte Lesezeit":"3\u00a0Minuten"},"schema":{"@context":"https:\/\/schema.org","@graph":[{"@type":"Article","@id":"https:\/\/radioleinewelle.de\/index.php\/2020\/10\/23\/schulstart-in-niedersachsen-nach-den-herbstferien\/#article","isPartOf":{"@id":"https:\/\/radioleinewelle.de\/index.php\/2020\/10\/23\/schulstart-in-niedersachsen-nach-den-herbstferien\/"},"author":{"name":"Leinewelle","@id":"https:\/\/radioleinewelle.de\/#\/schema\/person\/45606f348637df637192dc1b68399a63"},"headline":"Schulstart in Niedersachsen nach den Herbstferien","datePublished":"2020-10-23T03:20:30+00:00","mainEntityOfPage":{"@id":"https:\/\/radioleinewelle.de\/index.php\/2020\/10\/23\/schulstart-in-niedersachsen-nach-den-herbstferien\/"},"wordCount":563,"publisher":{"@id":"https:\/\/radioleinewelle.de\/#organization"},"image":{"@id":"https:\/\/radioleinewelle.de\/index.php\/2020\/10\/23\/schulstart-in-niedersachsen-nach-den-herbstferien\/#primaryimage"},"thumbnailUrl":"https:\/\/radioleinewelle.de\/wp-content\/uploads\/2020\/10\/kids-1093758_640.jpg","inLanguage":"de"},{"@type":"WebPage","@id":"https:\/\/radioleinewelle.de\/index.php\/2020\/10\/23\/schulstart-in-niedersachsen-nach-den-herbstferien\/","url":"https:\/\/radioleinewelle.de\/index.php\/2020\/10\/23\/schulstart-in-niedersachsen-nach-den-herbstferien\/","name":"Schulstart in Niedersachsen nach den Herbstferien - Radio Leinewelle","isPartOf":{"@id":"https:\/\/radioleinewelle.de\/#website"},"primaryImageOfPage":{"@id":"https:\/\/radioleinewelle.de\/index.php\/2020\/10\/23\/schulstart-in-niedersachsen-nach-den-herbstferien\/#primaryimage"},"image":{"@id":"https:\/\/radioleinewelle.de\/index.php\/2020\/10\/23\/schulstart-in-niedersachsen-nach-den-herbstferien\/#primaryimage"},"thumbnailUrl":"https:\/\/radioleinewelle.de\/wp-content\/uploads\/2020\/10\/kids-1093758_640.jpg","datePublished":"2020-10-23T03:20:30+00:00","breadcrumb":{"@id":"https:\/\/radioleinewelle.de\/index.php\/2020\/10\/23\/schulstart-in-niedersachsen-nach-den-herbstferien\/#breadcrumb"},"inLanguage":"de","potentialAction":[{"@type":"ReadAction","target":["https:\/\/radioleinewelle.de\/index.php\/2020\/10\/23\/schulstart-in-niedersachsen-nach-den-herbstferien\/"]}]},{"@type":"ImageObject","inLanguage":"de","@id":"https:\/\/radioleinewelle.de\/index.php\/2020\/10\/23\/schulstart-in-niedersachsen-nach-den-herbstferien\/#primaryimage","url":"https:\/\/radioleinewelle.de\/wp-content\/uploads\/2020\/10\/kids-1093758_640.jpg","contentUrl":"https:\/\/radioleinewelle.de\/wp-content\/uploads\/2020\/10\/kids-1093758_640.jpg","width":640,"height":426},{"@type":"BreadcrumbList","@id":"https:\/\/radioleinewelle.de\/index.php\/2020\/10\/23\/schulstart-in-niedersachsen-nach-den-herbstferien\/#breadcrumb","itemListElement":[{"@type":"ListItem","position":1,"name":"Startseite","item":"https:\/\/radioleinewelle.de\/"},{"@type":"ListItem","position":2,"name":"Schulstart in Niedersachsen nach den Herbstferien"}]},{"@type":"WebSite","@id":"https:\/\/radioleinewelle.de\/#website","url":"https:\/\/radioleinewelle.de\/","name":"Radio Leinewelle","description":"","publisher":{"@id":"https:\/\/radioleinewelle.de\/#organization"},"potentialAction":[{"@type":"SearchAction","target":{"@type":"EntryPoint","urlTemplate":"https:\/\/radioleinewelle.de\/?s={search_term_string}"},"query-input":{"@type":"PropertyValueSpecification","valueRequired":true,"valueName":"search_term_string"}}],"inLanguage":"de"},{"@type":"Organization","@id":"https:\/\/radioleinewelle.de\/#organization","name":"Radio Leinewelle","alternateName":"Mein Radio f\u00fcr S\u00fcdniedersachsen","url":"https:\/\/radioleinewelle.de\/","logo":{"@type":"ImageObject","inLanguage":"de","@id":"https:\/\/radioleinewelle.de\/#\/schema\/logo\/image\/","url":"https:\/\/radioleinewelle.de\/wp-content\/uploads\/2023\/11\/cropped-Leinewelle_Logo_weiss.png","contentUrl":"https:\/\/radioleinewelle.de\/wp-content\/uploads\/2023\/11\/cropped-Leinewelle_Logo_weiss.png","width":854,"height":260,"caption":"Radio Leinewelle"},"image":{"@id":"https:\/\/radioleinewelle.de\/#\/schema\/logo\/image\/"},"sameAs":["https:\/\/www.facebook.com\/radioleinewelle","https:\/\/x.com\/RLeinewelle","https:\/\/www.instagram.com\/radioleinewelle\/?hl=de"]},{"@type":"Person","@id":"https:\/\/radioleinewelle.de\/#\/schema\/person\/45606f348637df637192dc1b68399a63","name":"Leinewelle","image":{"@type":"ImageObject","inLanguage":"de","@id":"https:\/\/secure.gravatar.com\/avatar\/05c9a17bc973052ee5d91549bd32fb4dd0dc85b7b85ae94b2e2b4943476bbea5?s=96&d=blank&r=g","url":"https:\/\/secure.gravatar.com\/avatar\/05c9a17bc973052ee5d91549bd32fb4dd0dc85b7b85ae94b2e2b4943476bbea5?s=96&d=blank&r=g","contentUrl":"https:\/\/secure.gravatar.com\/avatar\/05c9a17bc973052ee5d91549bd32fb4dd0dc85b7b85ae94b2e2b4943476bbea5?s=96&d=blank&r=g","caption":"Leinewelle"},"sameAs":["http:\/\/localhost\/radio%20leinewelle\/wordpress","https:\/\/www.facebook.com\/radioleinewelle","https:\/\/www.instagram.com\/radioleinewelle","https:\/\/x.com\/https:\/\/twitter.com\/RLeinewelle?ref_src=twsrcgoogletwcampserptwgrauthor","https:\/\/soundcloud.com\/foerderverein-lokalradio?utm_source=clipboard&utm_medium=text&utm_campaign=social_sharing"],"url":"https:\/\/radioleinewelle.de\/index.php\/author\/leinewelle\/"}]}},"_links":{"self":[{"href":"https:\/\/radioleinewelle.de\/index.php\/wp-json\/wp\/v2\/posts\/2528","targetHints":{"allow":["GET"]}}],"collection":[{"href":"https:\/\/radioleinewelle.de\/index.php\/wp-json\/wp\/v2\/posts"}],"about":[{"href":"https:\/\/radioleinewelle.de\/index.php\/wp-json\/wp\/v2\/types\/post"}],"author":[{"embeddable":true,"href":"https:\/\/radioleinewelle.de\/index.php\/wp-json\/wp\/v2\/users\/1"}],"replies":[{"embeddable":true,"href":"https:\/\/radioleinewelle.de\/index.php\/wp-json\/wp\/v2\/comments?post=2528"}],"version-history":[{"count":0,"href":"https:\/\/radioleinewelle.de\/index.php\/wp-json\/wp\/v2\/posts\/2528\/revisions"}],"wp:featuredmedia":[{"embeddable":true,"href":"https:\/\/radioleinewelle.de\/index.php\/wp-json\/wp\/v2\/media\/2532"}],"wp:attachment":[{"href":"https:\/\/radioleinewelle.de\/index.php\/wp-json\/wp\/v2\/media?parent=2528"}],"wp:term":[{"taxonomy":"category","embeddable":true,"href":"https:\/\/radioleinewelle.de\/index.php\/wp-json\/wp\/v2\/categories?post=2528"},{"taxonomy":"post_tag","embeddable":true,"href":"https:\/\/radioleinewelle.de\/index.php\/wp-json\/wp\/v2\/tags?post=2528"}],"curies":[{"name":"wp","href":"https:\/\/api.w.org\/{rel}","templated":true}]}}