{"id":25337,"date":"2024-05-24T12:19:25","date_gmt":"2024-05-24T10:19:25","guid":{"rendered":"https:\/\/radioleinewelle.de\/?p=25337"},"modified":"2024-05-24T17:45:19","modified_gmt":"2024-05-24T15:45:19","slug":"franzoesischer-star-soziologe-didier-eribon-liest-in-goettingen","status":"publish","type":"post","link":"https:\/\/radioleinewelle.de\/index.php\/2024\/05\/24\/franzoesischer-star-soziologe-didier-eribon-liest-in-goettingen\/","title":{"rendered":"Franz\u00f6sischer Star-Soziologe Didier Eribon liest in G\u00f6ttingen"},"content":{"rendered":"\n<p>Seine Lesungen in Frankfurt, Freiburg und M\u00fcnchen im April waren sofort ausverkauft \u2013 jetzt kommt der franz\u00f6sische Star-Soziologe nach G\u00f6ttingen. Als Programmspecial des Literarischen Zentrums liest Didier Eribon&nbsp;<strong>am 28. Mai um 20 Uhr im Alten Rathaus<\/strong>&nbsp;aus seinem neuen Roman \u00bbEine Arbeiterin. Leben, Alter und Sterben\u00ab (Suhrkamp 2024). In seinen Schriften setzte sich der Journalist, Autor, Soziologe und Philosoph bisher intensiv mit Rechtspopulismus und Klassenbewusstsein auseinander. Sp\u00e4testens mit seinem autofiktionalen Essay \u00bbR\u00fcckkehr nach Reims\u00ab, in dem er sich sozialer Scham und prek\u00e4ren Herkunftswelten widmete, wurde er auch in Deutschland ber\u00fchmt. Nun kehrt er erneut zur\u00fcck nach Reims und n\u00e4hert sich der Biografie seiner Mutter an. Als Fabrikarbeiterin und mit einem gewaltt\u00e4tigen Ehemann war ihr Leben von Zw\u00e4ngen und Knappheit gepr\u00e4gt. \u00bbMeine Mutter\u00ab, schreibt Didier Eribon, \u00bbwar ihr ganzes Leben lang ungl\u00fccklich\u00ab. Dieses Leben analysiert der Autor gekonnt aus der Perspektive des Sohnes und zugleich mit philosophischem und soziologischem Blick. Er fragt nach der Bedeutung der Herkunft f\u00fcr die eigene Identit\u00e4tsbildung \u2013 und entwirft dabei das komplexe Portr\u00e4t einer Arbeiterin.<\/p>\n\n\n\n<p>Die Veranstaltung findet auf Franz\u00f6sisch und Deutsch statt.\u00a0In Kooperation mit der Deutsch-Franz\u00f6sischen Gesellschaft G\u00f6ttingen und Antenne M\u00e9tropole.<\/p>\n\n\n\n<p>Karten gibt es an allen bekannten Vorverkaufsstellen und online unter&nbsp;<a href=\"http:\/\/www.literarisches-zentrum-goettingen.de\/\" target=\"_blank\" rel=\"noreferrer noopener\">www.literarisches-zentrum-goettingen.de<\/a>.&nbsp;<\/p>\n\n\n\n<p>VVK 7\/11 \u20ac, AK 8\/12 \u20ac, Studierende mit Kulturticket haben an der Abendkasse freien Eintritt.\u00a0<\/p>\n\n\n\n<p><strong>Foto: <\/strong>Pascal Ito \u00a9Flammarion \/ Suhrkamp<\/p>\n","protected":false},"excerpt":{"rendered":"<p>Seine Lesungen in Frankfurt, Freiburg und M\u00fcnchen im April waren sofort ausverkauft \u2013 jetzt kommt der franz\u00f6sische Star-Soziologe nach G\u00f6ttingen. Als Programmspecial des Literarischen Zentrums liest Didier Eribon&nbsp;am 28. Mai um 20 Uhr im Alten Rathaus&nbsp;aus seinem neuen Roman \u00bbEine Arbeiterin. Leben, Alter und Sterben\u00ab (Suhrkamp 2024). In seinen Schriften setzte sich der Journalist, Autor, [&hellip;]<\/p>\n","protected":false},"author":1,"featured_media":25562,"comment_status":"open","ping_status":"open","sticky":true,"template":"","format":"standard","meta":{"saved_in_kubio":false,"footnotes":""},"categories":[45],"tags":[4149,3677],"class_list":["post-25337","post","type-post","status-publish","format-standard","has-post-thumbnail","hentry","category-kultur","tag-didier-eribon","tag-literarisches-zentrum-goettingen"],"yoast_head":"<!-- This site is optimized with the Yoast SEO plugin v27.5 - https:\/\/yoast.com\/product\/yoast-seo-wordpress\/ -->\n<title>Franz\u00f6sischer Star-Soziologe Didier Eribon liest in G\u00f6ttingen - Radio Leinewelle<\/title>\n<meta name=\"robots\" content=\"index, follow, max-snippet:-1, max-image-preview:large, max-video-preview:-1\" \/>\n<link rel=\"canonical\" href=\"https:\/\/radioleinewelle.de\/index.php\/2024\/05\/24\/franzoesischer-star-soziologe-didier-eribon-liest-in-goettingen\/\" \/>\n<meta property=\"og:locale\" content=\"de_DE\" \/>\n<meta property=\"og:type\" content=\"article\" \/>\n<meta property=\"og:title\" content=\"Franz\u00f6sischer Star-Soziologe Didier Eribon liest in G\u00f6ttingen - Radio Leinewelle\" \/>\n<meta property=\"og:description\" content=\"Seine Lesungen in Frankfurt, Freiburg und M\u00fcnchen im April waren sofort ausverkauft \u2013 jetzt kommt der franz\u00f6sische Star-Soziologe nach G\u00f6ttingen. Als Programmspecial des Literarischen Zentrums liest Didier Eribon&nbsp;am 28. Mai um 20 Uhr im Alten Rathaus&nbsp;aus seinem neuen Roman \u00bbEine Arbeiterin. Leben, Alter und Sterben\u00ab (Suhrkamp 2024). In seinen Schriften setzte sich der Journalist, Autor, [&hellip;]\" \/>\n<meta property=\"og:url\" content=\"https:\/\/radioleinewelle.de\/index.php\/2024\/05\/24\/franzoesischer-star-soziologe-didier-eribon-liest-in-goettingen\/\" \/>\n<meta property=\"og:site_name\" content=\"Radio Leinewelle\" \/>\n<meta property=\"article:publisher\" content=\"https:\/\/www.facebook.com\/radioleinewelle\" \/>\n<meta property=\"article:author\" content=\"https:\/\/www.facebook.com\/radioleinewelle\" \/>\n<meta property=\"article:published_time\" content=\"2024-05-24T10:19:25+00:00\" \/>\n<meta property=\"article:modified_time\" content=\"2024-05-24T15:45:19+00:00\" \/>\n<meta property=\"og:image\" content=\"https:\/\/radioleinewelle.de\/wp-content\/uploads\/2024\/04\/Didier-Eribon-e1716565377826.jpg\" \/>\n\t<meta property=\"og:image:width\" content=\"1881\" \/>\n\t<meta property=\"og:image:height\" content=\"1387\" \/>\n\t<meta property=\"og:image:type\" content=\"image\/jpeg\" \/>\n<meta name=\"author\" content=\"Leinewelle\" \/>\n<meta name=\"twitter:card\" content=\"summary_large_image\" \/>\n<meta name=\"twitter:creator\" content=\"@https:\/\/twitter.com\/RLeinewelle?ref_src=twsrcgoogletwcampserptwgrauthor\" \/>\n<meta name=\"twitter:site\" content=\"@RLeinewelle\" \/>\n<meta name=\"twitter:label1\" content=\"Verfasst von\" \/>\n\t<meta name=\"twitter:data1\" content=\"Leinewelle\" \/>\n\t<meta name=\"twitter:label2\" content=\"Gesch\u00e4tzte Lesezeit\" \/>\n\t<meta name=\"twitter:data2\" content=\"2\u00a0Minuten\" \/>\n<script type=\"application\/ld+json\" class=\"yoast-schema-graph\">{\"@context\":\"https:\\\/\\\/schema.org\",\"@graph\":[{\"@type\":\"Article\",\"@id\":\"https:\\\/\\\/radioleinewelle.de\\\/index.php\\\/2024\\\/05\\\/24\\\/franzoesischer-star-soziologe-didier-eribon-liest-in-goettingen\\\/#article\",\"isPartOf\":{\"@id\":\"https:\\\/\\\/radioleinewelle.de\\\/index.php\\\/2024\\\/05\\\/24\\\/franzoesischer-star-soziologe-didier-eribon-liest-in-goettingen\\\/\"},\"author\":{\"name\":\"Leinewelle\",\"@id\":\"https:\\\/\\\/radioleinewelle.de\\\/#\\\/schema\\\/person\\\/45606f348637df637192dc1b68399a63\"},\"headline\":\"Franz\u00f6sischer Star-Soziologe Didier Eribon liest in G\u00f6ttingen\",\"datePublished\":\"2024-05-24T10:19:25+00:00\",\"dateModified\":\"2024-05-24T15:45:19+00:00\",\"mainEntityOfPage\":{\"@id\":\"https:\\\/\\\/radioleinewelle.de\\\/index.php\\\/2024\\\/05\\\/24\\\/franzoesischer-star-soziologe-didier-eribon-liest-in-goettingen\\\/\"},\"wordCount\":245,\"commentCount\":0,\"publisher\":{\"@id\":\"https:\\\/\\\/radioleinewelle.de\\\/#organization\"},\"image\":{\"@id\":\"https:\\\/\\\/radioleinewelle.de\\\/index.php\\\/2024\\\/05\\\/24\\\/franzoesischer-star-soziologe-didier-eribon-liest-in-goettingen\\\/#primaryimage\"},\"thumbnailUrl\":\"https:\\\/\\\/radioleinewelle.de\\\/wp-content\\\/uploads\\\/2024\\\/04\\\/Didier-Eribon-e1716565377826.jpg\",\"keywords\":[\"Didier Eribon\",\"Literarisches Zentrum G\u00f6ttingen\"],\"articleSection\":[\"Kultur\"],\"inLanguage\":\"de\",\"potentialAction\":[{\"@type\":\"CommentAction\",\"name\":\"Comment\",\"target\":[\"https:\\\/\\\/radioleinewelle.de\\\/index.php\\\/2024\\\/05\\\/24\\\/franzoesischer-star-soziologe-didier-eribon-liest-in-goettingen\\\/#respond\"]}]},{\"@type\":\"WebPage\",\"@id\":\"https:\\\/\\\/radioleinewelle.de\\\/index.php\\\/2024\\\/05\\\/24\\\/franzoesischer-star-soziologe-didier-eribon-liest-in-goettingen\\\/\",\"url\":\"https:\\\/\\\/radioleinewelle.de\\\/index.php\\\/2024\\\/05\\\/24\\\/franzoesischer-star-soziologe-didier-eribon-liest-in-goettingen\\\/\",\"name\":\"Franz\u00f6sischer Star-Soziologe Didier Eribon liest in G\u00f6ttingen - Radio Leinewelle\",\"isPartOf\":{\"@id\":\"https:\\\/\\\/radioleinewelle.de\\\/#website\"},\"primaryImageOfPage\":{\"@id\":\"https:\\\/\\\/radioleinewelle.de\\\/index.php\\\/2024\\\/05\\\/24\\\/franzoesischer-star-soziologe-didier-eribon-liest-in-goettingen\\\/#primaryimage\"},\"image\":{\"@id\":\"https:\\\/\\\/radioleinewelle.de\\\/index.php\\\/2024\\\/05\\\/24\\\/franzoesischer-star-soziologe-didier-eribon-liest-in-goettingen\\\/#primaryimage\"},\"thumbnailUrl\":\"https:\\\/\\\/radioleinewelle.de\\\/wp-content\\\/uploads\\\/2024\\\/04\\\/Didier-Eribon-e1716565377826.jpg\",\"datePublished\":\"2024-05-24T10:19:25+00:00\",\"dateModified\":\"2024-05-24T15:45:19+00:00\",\"breadcrumb\":{\"@id\":\"https:\\\/\\\/radioleinewelle.de\\\/index.php\\\/2024\\\/05\\\/24\\\/franzoesischer-star-soziologe-didier-eribon-liest-in-goettingen\\\/#breadcrumb\"},\"inLanguage\":\"de\",\"potentialAction\":[{\"@type\":\"ReadAction\",\"target\":[\"https:\\\/\\\/radioleinewelle.de\\\/index.php\\\/2024\\\/05\\\/24\\\/franzoesischer-star-soziologe-didier-eribon-liest-in-goettingen\\\/\"]}]},{\"@type\":\"ImageObject\",\"inLanguage\":\"de\",\"@id\":\"https:\\\/\\\/radioleinewelle.de\\\/index.php\\\/2024\\\/05\\\/24\\\/franzoesischer-star-soziologe-didier-eribon-liest-in-goettingen\\\/#primaryimage\",\"url\":\"https:\\\/\\\/radioleinewelle.de\\\/wp-content\\\/uploads\\\/2024\\\/04\\\/Didier-Eribon-e1716565377826.jpg\",\"contentUrl\":\"https:\\\/\\\/radioleinewelle.de\\\/wp-content\\\/uploads\\\/2024\\\/04\\\/Didier-Eribon-e1716565377826.jpg\",\"width\":1881,\"height\":1387},{\"@type\":\"BreadcrumbList\",\"@id\":\"https:\\\/\\\/radioleinewelle.de\\\/index.php\\\/2024\\\/05\\\/24\\\/franzoesischer-star-soziologe-didier-eribon-liest-in-goettingen\\\/#breadcrumb\",\"itemListElement\":[{\"@type\":\"ListItem\",\"position\":1,\"name\":\"Startseite\",\"item\":\"https:\\\/\\\/radioleinewelle.de\\\/\"},{\"@type\":\"ListItem\",\"position\":2,\"name\":\"Franz\u00f6sischer Star-Soziologe Didier Eribon liest in G\u00f6ttingen\"}]},{\"@type\":\"WebSite\",\"@id\":\"https:\\\/\\\/radioleinewelle.de\\\/#website\",\"url\":\"https:\\\/\\\/radioleinewelle.de\\\/\",\"name\":\"Radio Leinewelle\",\"description\":\"\",\"publisher\":{\"@id\":\"https:\\\/\\\/radioleinewelle.de\\\/#organization\"},\"potentialAction\":[{\"@type\":\"SearchAction\",\"target\":{\"@type\":\"EntryPoint\",\"urlTemplate\":\"https:\\\/\\\/radioleinewelle.de\\\/?s={search_term_string}\"},\"query-input\":{\"@type\":\"PropertyValueSpecification\",\"valueRequired\":true,\"valueName\":\"search_term_string\"}}],\"inLanguage\":\"de\"},{\"@type\":\"Organization\",\"@id\":\"https:\\\/\\\/radioleinewelle.de\\\/#organization\",\"name\":\"Radio Leinewelle\",\"alternateName\":\"Mein Radio f\u00fcr S\u00fcdniedersachsen\",\"url\":\"https:\\\/\\\/radioleinewelle.de\\\/\",\"logo\":{\"@type\":\"ImageObject\",\"inLanguage\":\"de\",\"@id\":\"https:\\\/\\\/radioleinewelle.de\\\/#\\\/schema\\\/logo\\\/image\\\/\",\"url\":\"https:\\\/\\\/radioleinewelle.de\\\/wp-content\\\/uploads\\\/2023\\\/11\\\/cropped-Leinewelle_Logo_weiss.png\",\"contentUrl\":\"https:\\\/\\\/radioleinewelle.de\\\/wp-content\\\/uploads\\\/2023\\\/11\\\/cropped-Leinewelle_Logo_weiss.png\",\"width\":854,\"height\":260,\"caption\":\"Radio Leinewelle\"},\"image\":{\"@id\":\"https:\\\/\\\/radioleinewelle.de\\\/#\\\/schema\\\/logo\\\/image\\\/\"},\"sameAs\":[\"https:\\\/\\\/www.facebook.com\\\/radioleinewelle\",\"https:\\\/\\\/x.com\\\/RLeinewelle\",\"https:\\\/\\\/www.instagram.com\\\/radioleinewelle\\\/?hl=de\"]},{\"@type\":\"Person\",\"@id\":\"https:\\\/\\\/radioleinewelle.de\\\/#\\\/schema\\\/person\\\/45606f348637df637192dc1b68399a63\",\"name\":\"Leinewelle\",\"image\":{\"@type\":\"ImageObject\",\"inLanguage\":\"de\",\"@id\":\"https:\\\/\\\/secure.gravatar.com\\\/avatar\\\/05c9a17bc973052ee5d91549bd32fb4dd0dc85b7b85ae94b2e2b4943476bbea5?s=96&d=blank&r=g\",\"url\":\"https:\\\/\\\/secure.gravatar.com\\\/avatar\\\/05c9a17bc973052ee5d91549bd32fb4dd0dc85b7b85ae94b2e2b4943476bbea5?s=96&d=blank&r=g\",\"contentUrl\":\"https:\\\/\\\/secure.gravatar.com\\\/avatar\\\/05c9a17bc973052ee5d91549bd32fb4dd0dc85b7b85ae94b2e2b4943476bbea5?s=96&d=blank&r=g\",\"caption\":\"Leinewelle\"},\"sameAs\":[\"http:\\\/\\\/localhost\\\/radio%20leinewelle\\\/wordpress\",\"https:\\\/\\\/www.facebook.com\\\/radioleinewelle\",\"https:\\\/\\\/www.instagram.com\\\/radioleinewelle\",\"https:\\\/\\\/x.com\\\/https:\\\/\\\/twitter.com\\\/RLeinewelle?ref_src=twsrcgoogletwcampserptwgrauthor\",\"https:\\\/\\\/soundcloud.com\\\/foerderverein-lokalradio?utm_source=clipboard&utm_medium=text&utm_campaign=social_sharing\"],\"url\":\"https:\\\/\\\/radioleinewelle.de\\\/index.php\\\/author\\\/leinewelle\\\/\"}]}<\/script>\n<!-- \/ Yoast SEO plugin. -->","yoast_head_json":{"title":"Franz\u00f6sischer Star-Soziologe Didier Eribon liest in G\u00f6ttingen - Radio Leinewelle","robots":{"index":"index","follow":"follow","max-snippet":"max-snippet:-1","max-image-preview":"max-image-preview:large","max-video-preview":"max-video-preview:-1"},"canonical":"https:\/\/radioleinewelle.de\/index.php\/2024\/05\/24\/franzoesischer-star-soziologe-didier-eribon-liest-in-goettingen\/","og_locale":"de_DE","og_type":"article","og_title":"Franz\u00f6sischer Star-Soziologe Didier Eribon liest in G\u00f6ttingen - Radio Leinewelle","og_description":"Seine Lesungen in Frankfurt, Freiburg und M\u00fcnchen im April waren sofort ausverkauft \u2013 jetzt kommt der franz\u00f6sische Star-Soziologe nach G\u00f6ttingen. Als Programmspecial des Literarischen Zentrums liest Didier Eribon&nbsp;am 28. Mai um 20 Uhr im Alten Rathaus&nbsp;aus seinem neuen Roman \u00bbEine Arbeiterin. Leben, Alter und Sterben\u00ab (Suhrkamp 2024). In seinen Schriften setzte sich der Journalist, Autor, [&hellip;]","og_url":"https:\/\/radioleinewelle.de\/index.php\/2024\/05\/24\/franzoesischer-star-soziologe-didier-eribon-liest-in-goettingen\/","og_site_name":"Radio Leinewelle","article_publisher":"https:\/\/www.facebook.com\/radioleinewelle","article_author":"https:\/\/www.facebook.com\/radioleinewelle","article_published_time":"2024-05-24T10:19:25+00:00","article_modified_time":"2024-05-24T15:45:19+00:00","og_image":[{"width":1881,"height":1387,"url":"https:\/\/radioleinewelle.de\/wp-content\/uploads\/2024\/04\/Didier-Eribon-e1716565377826.jpg","type":"image\/jpeg"}],"author":"Leinewelle","twitter_card":"summary_large_image","twitter_creator":"@https:\/\/twitter.com\/RLeinewelle?ref_src=twsrcgoogletwcampserptwgrauthor","twitter_site":"@RLeinewelle","twitter_misc":{"Verfasst von":"Leinewelle","Gesch\u00e4tzte Lesezeit":"2\u00a0Minuten"},"schema":{"@context":"https:\/\/schema.org","@graph":[{"@type":"Article","@id":"https:\/\/radioleinewelle.de\/index.php\/2024\/05\/24\/franzoesischer-star-soziologe-didier-eribon-liest-in-goettingen\/#article","isPartOf":{"@id":"https:\/\/radioleinewelle.de\/index.php\/2024\/05\/24\/franzoesischer-star-soziologe-didier-eribon-liest-in-goettingen\/"},"author":{"name":"Leinewelle","@id":"https:\/\/radioleinewelle.de\/#\/schema\/person\/45606f348637df637192dc1b68399a63"},"headline":"Franz\u00f6sischer Star-Soziologe Didier Eribon liest in G\u00f6ttingen","datePublished":"2024-05-24T10:19:25+00:00","dateModified":"2024-05-24T15:45:19+00:00","mainEntityOfPage":{"@id":"https:\/\/radioleinewelle.de\/index.php\/2024\/05\/24\/franzoesischer-star-soziologe-didier-eribon-liest-in-goettingen\/"},"wordCount":245,"commentCount":0,"publisher":{"@id":"https:\/\/radioleinewelle.de\/#organization"},"image":{"@id":"https:\/\/radioleinewelle.de\/index.php\/2024\/05\/24\/franzoesischer-star-soziologe-didier-eribon-liest-in-goettingen\/#primaryimage"},"thumbnailUrl":"https:\/\/radioleinewelle.de\/wp-content\/uploads\/2024\/04\/Didier-Eribon-e1716565377826.jpg","keywords":["Didier Eribon","Literarisches Zentrum G\u00f6ttingen"],"articleSection":["Kultur"],"inLanguage":"de","potentialAction":[{"@type":"CommentAction","name":"Comment","target":["https:\/\/radioleinewelle.de\/index.php\/2024\/05\/24\/franzoesischer-star-soziologe-didier-eribon-liest-in-goettingen\/#respond"]}]},{"@type":"WebPage","@id":"https:\/\/radioleinewelle.de\/index.php\/2024\/05\/24\/franzoesischer-star-soziologe-didier-eribon-liest-in-goettingen\/","url":"https:\/\/radioleinewelle.de\/index.php\/2024\/05\/24\/franzoesischer-star-soziologe-didier-eribon-liest-in-goettingen\/","name":"Franz\u00f6sischer Star-Soziologe Didier Eribon liest in G\u00f6ttingen - Radio Leinewelle","isPartOf":{"@id":"https:\/\/radioleinewelle.de\/#website"},"primaryImageOfPage":{"@id":"https:\/\/radioleinewelle.de\/index.php\/2024\/05\/24\/franzoesischer-star-soziologe-didier-eribon-liest-in-goettingen\/#primaryimage"},"image":{"@id":"https:\/\/radioleinewelle.de\/index.php\/2024\/05\/24\/franzoesischer-star-soziologe-didier-eribon-liest-in-goettingen\/#primaryimage"},"thumbnailUrl":"https:\/\/radioleinewelle.de\/wp-content\/uploads\/2024\/04\/Didier-Eribon-e1716565377826.jpg","datePublished":"2024-05-24T10:19:25+00:00","dateModified":"2024-05-24T15:45:19+00:00","breadcrumb":{"@id":"https:\/\/radioleinewelle.de\/index.php\/2024\/05\/24\/franzoesischer-star-soziologe-didier-eribon-liest-in-goettingen\/#breadcrumb"},"inLanguage":"de","potentialAction":[{"@type":"ReadAction","target":["https:\/\/radioleinewelle.de\/index.php\/2024\/05\/24\/franzoesischer-star-soziologe-didier-eribon-liest-in-goettingen\/"]}]},{"@type":"ImageObject","inLanguage":"de","@id":"https:\/\/radioleinewelle.de\/index.php\/2024\/05\/24\/franzoesischer-star-soziologe-didier-eribon-liest-in-goettingen\/#primaryimage","url":"https:\/\/radioleinewelle.de\/wp-content\/uploads\/2024\/04\/Didier-Eribon-e1716565377826.jpg","contentUrl":"https:\/\/radioleinewelle.de\/wp-content\/uploads\/2024\/04\/Didier-Eribon-e1716565377826.jpg","width":1881,"height":1387},{"@type":"BreadcrumbList","@id":"https:\/\/radioleinewelle.de\/index.php\/2024\/05\/24\/franzoesischer-star-soziologe-didier-eribon-liest-in-goettingen\/#breadcrumb","itemListElement":[{"@type":"ListItem","position":1,"name":"Startseite","item":"https:\/\/radioleinewelle.de\/"},{"@type":"ListItem","position":2,"name":"Franz\u00f6sischer Star-Soziologe Didier Eribon liest in G\u00f6ttingen"}]},{"@type":"WebSite","@id":"https:\/\/radioleinewelle.de\/#website","url":"https:\/\/radioleinewelle.de\/","name":"Radio Leinewelle","description":"","publisher":{"@id":"https:\/\/radioleinewelle.de\/#organization"},"potentialAction":[{"@type":"SearchAction","target":{"@type":"EntryPoint","urlTemplate":"https:\/\/radioleinewelle.de\/?s={search_term_string}"},"query-input":{"@type":"PropertyValueSpecification","valueRequired":true,"valueName":"search_term_string"}}],"inLanguage":"de"},{"@type":"Organization","@id":"https:\/\/radioleinewelle.de\/#organization","name":"Radio Leinewelle","alternateName":"Mein Radio f\u00fcr S\u00fcdniedersachsen","url":"https:\/\/radioleinewelle.de\/","logo":{"@type":"ImageObject","inLanguage":"de","@id":"https:\/\/radioleinewelle.de\/#\/schema\/logo\/image\/","url":"https:\/\/radioleinewelle.de\/wp-content\/uploads\/2023\/11\/cropped-Leinewelle_Logo_weiss.png","contentUrl":"https:\/\/radioleinewelle.de\/wp-content\/uploads\/2023\/11\/cropped-Leinewelle_Logo_weiss.png","width":854,"height":260,"caption":"Radio Leinewelle"},"image":{"@id":"https:\/\/radioleinewelle.de\/#\/schema\/logo\/image\/"},"sameAs":["https:\/\/www.facebook.com\/radioleinewelle","https:\/\/x.com\/RLeinewelle","https:\/\/www.instagram.com\/radioleinewelle\/?hl=de"]},{"@type":"Person","@id":"https:\/\/radioleinewelle.de\/#\/schema\/person\/45606f348637df637192dc1b68399a63","name":"Leinewelle","image":{"@type":"ImageObject","inLanguage":"de","@id":"https:\/\/secure.gravatar.com\/avatar\/05c9a17bc973052ee5d91549bd32fb4dd0dc85b7b85ae94b2e2b4943476bbea5?s=96&d=blank&r=g","url":"https:\/\/secure.gravatar.com\/avatar\/05c9a17bc973052ee5d91549bd32fb4dd0dc85b7b85ae94b2e2b4943476bbea5?s=96&d=blank&r=g","contentUrl":"https:\/\/secure.gravatar.com\/avatar\/05c9a17bc973052ee5d91549bd32fb4dd0dc85b7b85ae94b2e2b4943476bbea5?s=96&d=blank&r=g","caption":"Leinewelle"},"sameAs":["http:\/\/localhost\/radio%20leinewelle\/wordpress","https:\/\/www.facebook.com\/radioleinewelle","https:\/\/www.instagram.com\/radioleinewelle","https:\/\/x.com\/https:\/\/twitter.com\/RLeinewelle?ref_src=twsrcgoogletwcampserptwgrauthor","https:\/\/soundcloud.com\/foerderverein-lokalradio?utm_source=clipboard&utm_medium=text&utm_campaign=social_sharing"],"url":"https:\/\/radioleinewelle.de\/index.php\/author\/leinewelle\/"}]}},"_links":{"self":[{"href":"https:\/\/radioleinewelle.de\/index.php\/wp-json\/wp\/v2\/posts\/25337","targetHints":{"allow":["GET"]}}],"collection":[{"href":"https:\/\/radioleinewelle.de\/index.php\/wp-json\/wp\/v2\/posts"}],"about":[{"href":"https:\/\/radioleinewelle.de\/index.php\/wp-json\/wp\/v2\/types\/post"}],"author":[{"embeddable":true,"href":"https:\/\/radioleinewelle.de\/index.php\/wp-json\/wp\/v2\/users\/1"}],"replies":[{"embeddable":true,"href":"https:\/\/radioleinewelle.de\/index.php\/wp-json\/wp\/v2\/comments?post=25337"}],"version-history":[{"count":3,"href":"https:\/\/radioleinewelle.de\/index.php\/wp-json\/wp\/v2\/posts\/25337\/revisions"}],"predecessor-version":[{"id":25342,"href":"https:\/\/radioleinewelle.de\/index.php\/wp-json\/wp\/v2\/posts\/25337\/revisions\/25342"}],"wp:featuredmedia":[{"embeddable":true,"href":"https:\/\/radioleinewelle.de\/index.php\/wp-json\/wp\/v2\/media\/25562"}],"wp:attachment":[{"href":"https:\/\/radioleinewelle.de\/index.php\/wp-json\/wp\/v2\/media?parent=25337"}],"wp:term":[{"taxonomy":"category","embeddable":true,"href":"https:\/\/radioleinewelle.de\/index.php\/wp-json\/wp\/v2\/categories?post=25337"},{"taxonomy":"post_tag","embeddable":true,"href":"https:\/\/radioleinewelle.de\/index.php\/wp-json\/wp\/v2\/tags?post=25337"}],"curies":[{"name":"wp","href":"https:\/\/api.w.org\/{rel}","templated":true}]}}