{"id":2535,"date":"2020-10-23T05:25:19","date_gmt":"2020-10-23T03:25:19","guid":{"rendered":"https:\/\/radioleinewelle.de\/?p=2535"},"modified":"2020-10-23T05:25:19","modified_gmt":"2020-10-23T03:25:19","slug":"blut-fuers-klinikum-blutspenden-wieder-im-uniklinikum-moeglich","status":"publish","type":"post","link":"https:\/\/radioleinewelle.de\/index.php\/2020\/10\/23\/blut-fuers-klinikum-blutspenden-wieder-im-uniklinikum-moeglich\/","title":{"rendered":"\u201eBlut f\u00fcr\u2019s Klinikum\u201c: Blutspenden wieder im Uniklinikum m\u00f6glich."},"content":{"rendered":"<div class=\"news__teaser-text\">\n<p>Ab Montag, 26. Oktober 2020: \u201eBlutspende im Klinikum\u201c (Robert-Koch-Stra\u00dfe 40) und \u201eBlutspende am Campus\u201c (Weender Landstra\u00dfe 1) wieder mit gewohnten \u00d6ffnungszeiten wie vor der Corona-Pandemie. Verk\u00fcrzte Wartezeiten f\u00fcr Blutspender*innen bei Zutritt auch f\u00fcr Spender*innen aus innerdeutschen Hotspots und Risikogebieten.<\/p>\n<\/div>\n<div class=\"textImageRow--float-right u-add-margin-top-full\">\n<p class=\"UMGPIFLIESSTEXT\">Mit der neuen Besucherregelung in der Universit\u00e4tsmedizin G\u00f6ttingen (UMG) k\u00f6nnen jetzt wieder Blutspender*innen direkt ins Klinikum kommen. Sie erhalten bei den Einlasskontrollen einen Zugang \u00fcber eine separate Spur, damit die Wartezeit f\u00fcr Spender*innen verk\u00fcrzt wird.<\/p>\n<p class=\"UMGPIFLIESSTEXT\">\u201eEs ist wichtig, dass wir die Blutspende im Klinikum wieder aufnehmen. Wir hoffen, so wieder mehr Spender*innen bei uns begr\u00fc\u00dfen zu d\u00fcrfen\u201c, Priv.-Doz. Dr. Joachim Riggert, Leiter der Zentralabteilung Transfusionsmedizin der UMG. Der Blutspendedienst der UMG hat einen R\u00fcckgang der Spenderzahlen f\u00fcr das Jahr 2020 zu verzeichnen: Rund 10 Prozent weniger Blutspenden sind es im Vergleich zum Vorjahr 2019. Priv.-Doz. Dr. Riggert sieht mehrere Gr\u00fcnde f\u00fcr diese Entwicklung: \u201eMa\u00dfgeblich spiegelt sich hier ein Effekt des demographischen Wandels wider. Aber auch die Corona-Pandemie und die damit entstandenen Unsicherheiten k\u00f6nnen ein Grund daf\u00fcr sein, dass in diesem Jahr weniger Menschen Blut gespendet haben\u201c. Dies obwohl weitgehende Regelungen getroffen wurden, um das Risiko beim Blutspenden gering zu halten: Zutrittskontrollen, Abstandsregelungen und weitere Ma\u00dfnahmen sorgen daf\u00fcr, dass das Risiko, sich beim Blutspenden mit dem Coronavirus zu infizieren, nicht h\u00f6her ist als bei anderen Alltagsaktivit\u00e4ten, wie beispielsweise dem Einkaufen.<\/p>\n<p class=\"UMGPIFLIESSTEXT\"><strong>VERK\u00dcRZTE WARTEZEITEN IM UNIkLINIKUM F\u00dcR BLUTSPENDER*INNEN<\/strong><\/p>\n<p class=\"UMGPIFLIESSTEXT\">Blutspender*innen (sowohl Vollblut- als auch Thrombozytenspender*innen) k\u00f6nnen \u00a0separate Zugangsspuren am Haupt- und Osteingang des Klinikums nutzen, um z\u00fcgiger ins Klinikum zu kommen und die Wartezeit zu verk\u00fcrzen. Der Prozess der Erstsichtung kann au\u00dferdem \u00fcber eine digitale Voranmeldung beschleunigt werden. Hierzu k\u00f6nnen sich Spender*innen unter folgendem Link registrieren: <a href=\"http:\/\/umg.eu\/corona\/anmeldung\">umg.eu\/corona\/anmeldung<\/a>. Zum Betreten der UMG sollte das ausgef\u00fcllte Formular entweder am Einlass ausgedruckt vorgelegt oder der per Mail versandte QR-Code vorgezeigt werden. Alternativ kann auch die 10-stellige Registrierungsnummer angegeben werden.<\/p>\n<p class=\"UMGPIFLIESSTEXT\"><strong>DIE\u00a0 \u00d6FFNUNGSZEITEN AB MONTAG, DEM\u00a026. OKTOBER\u00a02020<\/strong><\/p>\n<p><strong>Blutspende im Klinikum<\/strong><\/p>\n<p>Montag 08:00 Uhr \u2013 11:00 Uhr<br \/>\nDienstag 16:00 Uhr \u2013 20:00 Uhr<br \/>\nMittwoch 14:00 Uhr \u2013 18:00 Uhr<br \/>\nDonnerstag 14:00 Uhr \u2013 18:00 Uhr<br \/>\nFreitag 08:00 Uhr \u2013 11:00 Uhr<\/p>\n<p class=\"UMGPIFLIESSTEXT\"><strong>Blutspende am Campus<\/strong><\/p>\n<p>Montag 09:00 Uhr \u2013 13:00 Uhr<br \/>\nDienstag 14:00 Uhr \u2013 18:00 Uhr<br \/>\nMittwoch 13:00 Uhr \u2013 17:00 Uhr<br \/>\nDonnerstag 13:00 Uhr \u2013 17:00 Uhr<br \/>\nFreitag 08:00 Uhr \u2013 12:00 Uhr<\/p>\n<p class=\"UMGPIKURSIV\"><em><strong>Weitere Informationen zur Blutspende: <\/strong><a href=\"http:\/\/www.blutspende-goettingen.de\/\" target=\"_blank\" rel=\"noopener\"><strong>www.blutspende-goettingen.de<\/strong><\/a><\/em><\/p>\n<p class=\"UMGPIKURSIV\">Symbolbild: Blutspenden dringend ben\u00f6tigt: Foto: umg<\/p>\n<\/div>\n","protected":false},"excerpt":{"rendered":"<p>Ab Montag, 26. Oktober 2020: \u201eBlutspende im Klinikum\u201c (Robert-Koch-Stra\u00dfe 40) und \u201eBlutspende am Campus\u201c (Weender Landstra\u00dfe 1) wieder mit gewohnten \u00d6ffnungszeiten wie vor der Corona-Pandemie. Verk\u00fcrzte Wartezeiten f\u00fcr Blutspender*innen bei Zutritt auch f\u00fcr Spender*innen aus innerdeutschen Hotspots und Risikogebieten. Mit der neuen Besucherregelung in der Universit\u00e4tsmedizin G\u00f6ttingen (UMG) k\u00f6nnen jetzt wieder Blutspender*innen direkt ins Klinikum [&hellip;]<\/p>\n","protected":false},"author":1,"featured_media":2538,"comment_status":"closed","ping_status":"closed","sticky":false,"template":"","format":"standard","meta":{"saved_in_kubio":false,"footnotes":""},"categories":[24],"tags":[],"class_list":["post-2535","post","type-post","status-publish","format-standard","has-post-thumbnail","hentry","category-news"],"yoast_head":"<!-- This site is optimized with the Yoast SEO plugin v27.5 - https:\/\/yoast.com\/product\/yoast-seo-wordpress\/ -->\n<title>\u201eBlut f\u00fcr\u2019s Klinikum\u201c: Blutspenden wieder im Uniklinikum m\u00f6glich. - Radio Leinewelle<\/title>\n<meta name=\"robots\" content=\"index, follow, max-snippet:-1, max-image-preview:large, max-video-preview:-1\" \/>\n<link rel=\"canonical\" href=\"https:\/\/radioleinewelle.de\/index.php\/2020\/10\/23\/blut-fuers-klinikum-blutspenden-wieder-im-uniklinikum-moeglich\/\" \/>\n<meta property=\"og:locale\" content=\"de_DE\" \/>\n<meta property=\"og:type\" content=\"article\" \/>\n<meta property=\"og:title\" content=\"\u201eBlut f\u00fcr\u2019s Klinikum\u201c: Blutspenden wieder im Uniklinikum m\u00f6glich. - Radio Leinewelle\" \/>\n<meta property=\"og:description\" content=\"Ab Montag, 26. Oktober 2020: \u201eBlutspende im Klinikum\u201c (Robert-Koch-Stra\u00dfe 40) und \u201eBlutspende am Campus\u201c (Weender Landstra\u00dfe 1) wieder mit gewohnten \u00d6ffnungszeiten wie vor der Corona-Pandemie. Verk\u00fcrzte Wartezeiten f\u00fcr Blutspender*innen bei Zutritt auch f\u00fcr Spender*innen aus innerdeutschen Hotspots und Risikogebieten. Mit der neuen Besucherregelung in der Universit\u00e4tsmedizin G\u00f6ttingen (UMG) k\u00f6nnen jetzt wieder Blutspender*innen direkt ins Klinikum [&hellip;]\" \/>\n<meta property=\"og:url\" content=\"https:\/\/radioleinewelle.de\/index.php\/2020\/10\/23\/blut-fuers-klinikum-blutspenden-wieder-im-uniklinikum-moeglich\/\" \/>\n<meta property=\"og:site_name\" content=\"Radio Leinewelle\" \/>\n<meta property=\"article:publisher\" content=\"https:\/\/www.facebook.com\/radioleinewelle\" \/>\n<meta property=\"article:author\" content=\"https:\/\/www.facebook.com\/radioleinewelle\" \/>\n<meta property=\"article:published_time\" content=\"2020-10-23T03:25:19+00:00\" \/>\n<meta property=\"og:image\" content=\"https:\/\/radioleinewelle.de\/wp-content\/uploads\/2020\/10\/csm_PIC-116-2020_Blutspende_Symbolbild_300_dpi_1000px_5d6416d8c8.jpg\" \/>\n\t<meta property=\"og:image:width\" content=\"470\" \/>\n\t<meta property=\"og:image:height\" content=\"314\" \/>\n\t<meta property=\"og:image:type\" content=\"image\/jpeg\" \/>\n<meta name=\"author\" content=\"Leinewelle\" \/>\n<meta name=\"twitter:card\" content=\"summary_large_image\" \/>\n<meta name=\"twitter:creator\" content=\"@https:\/\/twitter.com\/RLeinewelle?ref_src=twsrcgoogletwcampserptwgrauthor\" \/>\n<meta name=\"twitter:site\" content=\"@RLeinewelle\" \/>\n<meta name=\"twitter:label1\" content=\"Verfasst von\" \/>\n\t<meta name=\"twitter:data1\" content=\"Leinewelle\" \/>\n\t<meta name=\"twitter:label2\" content=\"Gesch\u00e4tzte Lesezeit\" \/>\n\t<meta name=\"twitter:data2\" content=\"2\u00a0Minuten\" \/>\n<script type=\"application\/ld+json\" class=\"yoast-schema-graph\">{\"@context\":\"https:\\\/\\\/schema.org\",\"@graph\":[{\"@type\":\"Article\",\"@id\":\"https:\\\/\\\/radioleinewelle.de\\\/index.php\\\/2020\\\/10\\\/23\\\/blut-fuers-klinikum-blutspenden-wieder-im-uniklinikum-moeglich\\\/#article\",\"isPartOf\":{\"@id\":\"https:\\\/\\\/radioleinewelle.de\\\/index.php\\\/2020\\\/10\\\/23\\\/blut-fuers-klinikum-blutspenden-wieder-im-uniklinikum-moeglich\\\/\"},\"author\":{\"name\":\"Leinewelle\",\"@id\":\"https:\\\/\\\/radioleinewelle.de\\\/#\\\/schema\\\/person\\\/45606f348637df637192dc1b68399a63\"},\"headline\":\"\u201eBlut f\u00fcr\u2019s Klinikum\u201c: Blutspenden wieder im Uniklinikum m\u00f6glich.\",\"datePublished\":\"2020-10-23T03:25:19+00:00\",\"mainEntityOfPage\":{\"@id\":\"https:\\\/\\\/radioleinewelle.de\\\/index.php\\\/2020\\\/10\\\/23\\\/blut-fuers-klinikum-blutspenden-wieder-im-uniklinikum-moeglich\\\/\"},\"wordCount\":406,\"publisher\":{\"@id\":\"https:\\\/\\\/radioleinewelle.de\\\/#organization\"},\"image\":{\"@id\":\"https:\\\/\\\/radioleinewelle.de\\\/index.php\\\/2020\\\/10\\\/23\\\/blut-fuers-klinikum-blutspenden-wieder-im-uniklinikum-moeglich\\\/#primaryimage\"},\"thumbnailUrl\":\"https:\\\/\\\/radioleinewelle.de\\\/wp-content\\\/uploads\\\/2020\\\/10\\\/csm_PIC-116-2020_Blutspende_Symbolbild_300_dpi_1000px_5d6416d8c8.jpg\",\"articleSection\":[\"Aktuelle Nachrichten\"],\"inLanguage\":\"de\"},{\"@type\":\"WebPage\",\"@id\":\"https:\\\/\\\/radioleinewelle.de\\\/index.php\\\/2020\\\/10\\\/23\\\/blut-fuers-klinikum-blutspenden-wieder-im-uniklinikum-moeglich\\\/\",\"url\":\"https:\\\/\\\/radioleinewelle.de\\\/index.php\\\/2020\\\/10\\\/23\\\/blut-fuers-klinikum-blutspenden-wieder-im-uniklinikum-moeglich\\\/\",\"name\":\"\u201eBlut f\u00fcr\u2019s Klinikum\u201c: Blutspenden wieder im Uniklinikum m\u00f6glich. - Radio Leinewelle\",\"isPartOf\":{\"@id\":\"https:\\\/\\\/radioleinewelle.de\\\/#website\"},\"primaryImageOfPage\":{\"@id\":\"https:\\\/\\\/radioleinewelle.de\\\/index.php\\\/2020\\\/10\\\/23\\\/blut-fuers-klinikum-blutspenden-wieder-im-uniklinikum-moeglich\\\/#primaryimage\"},\"image\":{\"@id\":\"https:\\\/\\\/radioleinewelle.de\\\/index.php\\\/2020\\\/10\\\/23\\\/blut-fuers-klinikum-blutspenden-wieder-im-uniklinikum-moeglich\\\/#primaryimage\"},\"thumbnailUrl\":\"https:\\\/\\\/radioleinewelle.de\\\/wp-content\\\/uploads\\\/2020\\\/10\\\/csm_PIC-116-2020_Blutspende_Symbolbild_300_dpi_1000px_5d6416d8c8.jpg\",\"datePublished\":\"2020-10-23T03:25:19+00:00\",\"breadcrumb\":{\"@id\":\"https:\\\/\\\/radioleinewelle.de\\\/index.php\\\/2020\\\/10\\\/23\\\/blut-fuers-klinikum-blutspenden-wieder-im-uniklinikum-moeglich\\\/#breadcrumb\"},\"inLanguage\":\"de\",\"potentialAction\":[{\"@type\":\"ReadAction\",\"target\":[\"https:\\\/\\\/radioleinewelle.de\\\/index.php\\\/2020\\\/10\\\/23\\\/blut-fuers-klinikum-blutspenden-wieder-im-uniklinikum-moeglich\\\/\"]}]},{\"@type\":\"ImageObject\",\"inLanguage\":\"de\",\"@id\":\"https:\\\/\\\/radioleinewelle.de\\\/index.php\\\/2020\\\/10\\\/23\\\/blut-fuers-klinikum-blutspenden-wieder-im-uniklinikum-moeglich\\\/#primaryimage\",\"url\":\"https:\\\/\\\/radioleinewelle.de\\\/wp-content\\\/uploads\\\/2020\\\/10\\\/csm_PIC-116-2020_Blutspende_Symbolbild_300_dpi_1000px_5d6416d8c8.jpg\",\"contentUrl\":\"https:\\\/\\\/radioleinewelle.de\\\/wp-content\\\/uploads\\\/2020\\\/10\\\/csm_PIC-116-2020_Blutspende_Symbolbild_300_dpi_1000px_5d6416d8c8.jpg\",\"width\":470,\"height\":314},{\"@type\":\"BreadcrumbList\",\"@id\":\"https:\\\/\\\/radioleinewelle.de\\\/index.php\\\/2020\\\/10\\\/23\\\/blut-fuers-klinikum-blutspenden-wieder-im-uniklinikum-moeglich\\\/#breadcrumb\",\"itemListElement\":[{\"@type\":\"ListItem\",\"position\":1,\"name\":\"Startseite\",\"item\":\"https:\\\/\\\/radioleinewelle.de\\\/\"},{\"@type\":\"ListItem\",\"position\":2,\"name\":\"\u201eBlut f\u00fcr\u2019s Klinikum\u201c: Blutspenden wieder im Uniklinikum m\u00f6glich.\"}]},{\"@type\":\"WebSite\",\"@id\":\"https:\\\/\\\/radioleinewelle.de\\\/#website\",\"url\":\"https:\\\/\\\/radioleinewelle.de\\\/\",\"name\":\"Radio Leinewelle\",\"description\":\"\",\"publisher\":{\"@id\":\"https:\\\/\\\/radioleinewelle.de\\\/#organization\"},\"potentialAction\":[{\"@type\":\"SearchAction\",\"target\":{\"@type\":\"EntryPoint\",\"urlTemplate\":\"https:\\\/\\\/radioleinewelle.de\\\/?s={search_term_string}\"},\"query-input\":{\"@type\":\"PropertyValueSpecification\",\"valueRequired\":true,\"valueName\":\"search_term_string\"}}],\"inLanguage\":\"de\"},{\"@type\":\"Organization\",\"@id\":\"https:\\\/\\\/radioleinewelle.de\\\/#organization\",\"name\":\"Radio Leinewelle\",\"alternateName\":\"Mein Radio f\u00fcr S\u00fcdniedersachsen\",\"url\":\"https:\\\/\\\/radioleinewelle.de\\\/\",\"logo\":{\"@type\":\"ImageObject\",\"inLanguage\":\"de\",\"@id\":\"https:\\\/\\\/radioleinewelle.de\\\/#\\\/schema\\\/logo\\\/image\\\/\",\"url\":\"https:\\\/\\\/radioleinewelle.de\\\/wp-content\\\/uploads\\\/2023\\\/11\\\/cropped-Leinewelle_Logo_weiss.png\",\"contentUrl\":\"https:\\\/\\\/radioleinewelle.de\\\/wp-content\\\/uploads\\\/2023\\\/11\\\/cropped-Leinewelle_Logo_weiss.png\",\"width\":854,\"height\":260,\"caption\":\"Radio Leinewelle\"},\"image\":{\"@id\":\"https:\\\/\\\/radioleinewelle.de\\\/#\\\/schema\\\/logo\\\/image\\\/\"},\"sameAs\":[\"https:\\\/\\\/www.facebook.com\\\/radioleinewelle\",\"https:\\\/\\\/x.com\\\/RLeinewelle\",\"https:\\\/\\\/www.instagram.com\\\/radioleinewelle\\\/?hl=de\"]},{\"@type\":\"Person\",\"@id\":\"https:\\\/\\\/radioleinewelle.de\\\/#\\\/schema\\\/person\\\/45606f348637df637192dc1b68399a63\",\"name\":\"Leinewelle\",\"image\":{\"@type\":\"ImageObject\",\"inLanguage\":\"de\",\"@id\":\"https:\\\/\\\/secure.gravatar.com\\\/avatar\\\/05c9a17bc973052ee5d91549bd32fb4dd0dc85b7b85ae94b2e2b4943476bbea5?s=96&d=blank&r=g\",\"url\":\"https:\\\/\\\/secure.gravatar.com\\\/avatar\\\/05c9a17bc973052ee5d91549bd32fb4dd0dc85b7b85ae94b2e2b4943476bbea5?s=96&d=blank&r=g\",\"contentUrl\":\"https:\\\/\\\/secure.gravatar.com\\\/avatar\\\/05c9a17bc973052ee5d91549bd32fb4dd0dc85b7b85ae94b2e2b4943476bbea5?s=96&d=blank&r=g\",\"caption\":\"Leinewelle\"},\"sameAs\":[\"http:\\\/\\\/localhost\\\/radio%20leinewelle\\\/wordpress\",\"https:\\\/\\\/www.facebook.com\\\/radioleinewelle\",\"https:\\\/\\\/www.instagram.com\\\/radioleinewelle\",\"https:\\\/\\\/x.com\\\/https:\\\/\\\/twitter.com\\\/RLeinewelle?ref_src=twsrcgoogletwcampserptwgrauthor\",\"https:\\\/\\\/soundcloud.com\\\/foerderverein-lokalradio?utm_source=clipboard&utm_medium=text&utm_campaign=social_sharing\"],\"url\":\"https:\\\/\\\/radioleinewelle.de\\\/index.php\\\/author\\\/leinewelle\\\/\"}]}<\/script>\n<!-- \/ Yoast SEO plugin. -->","yoast_head_json":{"title":"\u201eBlut f\u00fcr\u2019s Klinikum\u201c: Blutspenden wieder im Uniklinikum m\u00f6glich. - Radio Leinewelle","robots":{"index":"index","follow":"follow","max-snippet":"max-snippet:-1","max-image-preview":"max-image-preview:large","max-video-preview":"max-video-preview:-1"},"canonical":"https:\/\/radioleinewelle.de\/index.php\/2020\/10\/23\/blut-fuers-klinikum-blutspenden-wieder-im-uniklinikum-moeglich\/","og_locale":"de_DE","og_type":"article","og_title":"\u201eBlut f\u00fcr\u2019s Klinikum\u201c: Blutspenden wieder im Uniklinikum m\u00f6glich. - Radio Leinewelle","og_description":"Ab Montag, 26. Oktober 2020: \u201eBlutspende im Klinikum\u201c (Robert-Koch-Stra\u00dfe 40) und \u201eBlutspende am Campus\u201c (Weender Landstra\u00dfe 1) wieder mit gewohnten \u00d6ffnungszeiten wie vor der Corona-Pandemie. Verk\u00fcrzte Wartezeiten f\u00fcr Blutspender*innen bei Zutritt auch f\u00fcr Spender*innen aus innerdeutschen Hotspots und Risikogebieten. Mit der neuen Besucherregelung in der Universit\u00e4tsmedizin G\u00f6ttingen (UMG) k\u00f6nnen jetzt wieder Blutspender*innen direkt ins Klinikum [&hellip;]","og_url":"https:\/\/radioleinewelle.de\/index.php\/2020\/10\/23\/blut-fuers-klinikum-blutspenden-wieder-im-uniklinikum-moeglich\/","og_site_name":"Radio Leinewelle","article_publisher":"https:\/\/www.facebook.com\/radioleinewelle","article_author":"https:\/\/www.facebook.com\/radioleinewelle","article_published_time":"2020-10-23T03:25:19+00:00","og_image":[{"width":470,"height":314,"url":"https:\/\/radioleinewelle.de\/wp-content\/uploads\/2020\/10\/csm_PIC-116-2020_Blutspende_Symbolbild_300_dpi_1000px_5d6416d8c8.jpg","type":"image\/jpeg"}],"author":"Leinewelle","twitter_card":"summary_large_image","twitter_creator":"@https:\/\/twitter.com\/RLeinewelle?ref_src=twsrcgoogletwcampserptwgrauthor","twitter_site":"@RLeinewelle","twitter_misc":{"Verfasst von":"Leinewelle","Gesch\u00e4tzte Lesezeit":"2\u00a0Minuten"},"schema":{"@context":"https:\/\/schema.org","@graph":[{"@type":"Article","@id":"https:\/\/radioleinewelle.de\/index.php\/2020\/10\/23\/blut-fuers-klinikum-blutspenden-wieder-im-uniklinikum-moeglich\/#article","isPartOf":{"@id":"https:\/\/radioleinewelle.de\/index.php\/2020\/10\/23\/blut-fuers-klinikum-blutspenden-wieder-im-uniklinikum-moeglich\/"},"author":{"name":"Leinewelle","@id":"https:\/\/radioleinewelle.de\/#\/schema\/person\/45606f348637df637192dc1b68399a63"},"headline":"\u201eBlut f\u00fcr\u2019s Klinikum\u201c: Blutspenden wieder im Uniklinikum m\u00f6glich.","datePublished":"2020-10-23T03:25:19+00:00","mainEntityOfPage":{"@id":"https:\/\/radioleinewelle.de\/index.php\/2020\/10\/23\/blut-fuers-klinikum-blutspenden-wieder-im-uniklinikum-moeglich\/"},"wordCount":406,"publisher":{"@id":"https:\/\/radioleinewelle.de\/#organization"},"image":{"@id":"https:\/\/radioleinewelle.de\/index.php\/2020\/10\/23\/blut-fuers-klinikum-blutspenden-wieder-im-uniklinikum-moeglich\/#primaryimage"},"thumbnailUrl":"https:\/\/radioleinewelle.de\/wp-content\/uploads\/2020\/10\/csm_PIC-116-2020_Blutspende_Symbolbild_300_dpi_1000px_5d6416d8c8.jpg","articleSection":["Aktuelle Nachrichten"],"inLanguage":"de"},{"@type":"WebPage","@id":"https:\/\/radioleinewelle.de\/index.php\/2020\/10\/23\/blut-fuers-klinikum-blutspenden-wieder-im-uniklinikum-moeglich\/","url":"https:\/\/radioleinewelle.de\/index.php\/2020\/10\/23\/blut-fuers-klinikum-blutspenden-wieder-im-uniklinikum-moeglich\/","name":"\u201eBlut f\u00fcr\u2019s Klinikum\u201c: Blutspenden wieder im Uniklinikum m\u00f6glich. - Radio Leinewelle","isPartOf":{"@id":"https:\/\/radioleinewelle.de\/#website"},"primaryImageOfPage":{"@id":"https:\/\/radioleinewelle.de\/index.php\/2020\/10\/23\/blut-fuers-klinikum-blutspenden-wieder-im-uniklinikum-moeglich\/#primaryimage"},"image":{"@id":"https:\/\/radioleinewelle.de\/index.php\/2020\/10\/23\/blut-fuers-klinikum-blutspenden-wieder-im-uniklinikum-moeglich\/#primaryimage"},"thumbnailUrl":"https:\/\/radioleinewelle.de\/wp-content\/uploads\/2020\/10\/csm_PIC-116-2020_Blutspende_Symbolbild_300_dpi_1000px_5d6416d8c8.jpg","datePublished":"2020-10-23T03:25:19+00:00","breadcrumb":{"@id":"https:\/\/radioleinewelle.de\/index.php\/2020\/10\/23\/blut-fuers-klinikum-blutspenden-wieder-im-uniklinikum-moeglich\/#breadcrumb"},"inLanguage":"de","potentialAction":[{"@type":"ReadAction","target":["https:\/\/radioleinewelle.de\/index.php\/2020\/10\/23\/blut-fuers-klinikum-blutspenden-wieder-im-uniklinikum-moeglich\/"]}]},{"@type":"ImageObject","inLanguage":"de","@id":"https:\/\/radioleinewelle.de\/index.php\/2020\/10\/23\/blut-fuers-klinikum-blutspenden-wieder-im-uniklinikum-moeglich\/#primaryimage","url":"https:\/\/radioleinewelle.de\/wp-content\/uploads\/2020\/10\/csm_PIC-116-2020_Blutspende_Symbolbild_300_dpi_1000px_5d6416d8c8.jpg","contentUrl":"https:\/\/radioleinewelle.de\/wp-content\/uploads\/2020\/10\/csm_PIC-116-2020_Blutspende_Symbolbild_300_dpi_1000px_5d6416d8c8.jpg","width":470,"height":314},{"@type":"BreadcrumbList","@id":"https:\/\/radioleinewelle.de\/index.php\/2020\/10\/23\/blut-fuers-klinikum-blutspenden-wieder-im-uniklinikum-moeglich\/#breadcrumb","itemListElement":[{"@type":"ListItem","position":1,"name":"Startseite","item":"https:\/\/radioleinewelle.de\/"},{"@type":"ListItem","position":2,"name":"\u201eBlut f\u00fcr\u2019s Klinikum\u201c: Blutspenden wieder im Uniklinikum m\u00f6glich."}]},{"@type":"WebSite","@id":"https:\/\/radioleinewelle.de\/#website","url":"https:\/\/radioleinewelle.de\/","name":"Radio Leinewelle","description":"","publisher":{"@id":"https:\/\/radioleinewelle.de\/#organization"},"potentialAction":[{"@type":"SearchAction","target":{"@type":"EntryPoint","urlTemplate":"https:\/\/radioleinewelle.de\/?s={search_term_string}"},"query-input":{"@type":"PropertyValueSpecification","valueRequired":true,"valueName":"search_term_string"}}],"inLanguage":"de"},{"@type":"Organization","@id":"https:\/\/radioleinewelle.de\/#organization","name":"Radio Leinewelle","alternateName":"Mein Radio f\u00fcr S\u00fcdniedersachsen","url":"https:\/\/radioleinewelle.de\/","logo":{"@type":"ImageObject","inLanguage":"de","@id":"https:\/\/radioleinewelle.de\/#\/schema\/logo\/image\/","url":"https:\/\/radioleinewelle.de\/wp-content\/uploads\/2023\/11\/cropped-Leinewelle_Logo_weiss.png","contentUrl":"https:\/\/radioleinewelle.de\/wp-content\/uploads\/2023\/11\/cropped-Leinewelle_Logo_weiss.png","width":854,"height":260,"caption":"Radio Leinewelle"},"image":{"@id":"https:\/\/radioleinewelle.de\/#\/schema\/logo\/image\/"},"sameAs":["https:\/\/www.facebook.com\/radioleinewelle","https:\/\/x.com\/RLeinewelle","https:\/\/www.instagram.com\/radioleinewelle\/?hl=de"]},{"@type":"Person","@id":"https:\/\/radioleinewelle.de\/#\/schema\/person\/45606f348637df637192dc1b68399a63","name":"Leinewelle","image":{"@type":"ImageObject","inLanguage":"de","@id":"https:\/\/secure.gravatar.com\/avatar\/05c9a17bc973052ee5d91549bd32fb4dd0dc85b7b85ae94b2e2b4943476bbea5?s=96&d=blank&r=g","url":"https:\/\/secure.gravatar.com\/avatar\/05c9a17bc973052ee5d91549bd32fb4dd0dc85b7b85ae94b2e2b4943476bbea5?s=96&d=blank&r=g","contentUrl":"https:\/\/secure.gravatar.com\/avatar\/05c9a17bc973052ee5d91549bd32fb4dd0dc85b7b85ae94b2e2b4943476bbea5?s=96&d=blank&r=g","caption":"Leinewelle"},"sameAs":["http:\/\/localhost\/radio%20leinewelle\/wordpress","https:\/\/www.facebook.com\/radioleinewelle","https:\/\/www.instagram.com\/radioleinewelle","https:\/\/x.com\/https:\/\/twitter.com\/RLeinewelle?ref_src=twsrcgoogletwcampserptwgrauthor","https:\/\/soundcloud.com\/foerderverein-lokalradio?utm_source=clipboard&utm_medium=text&utm_campaign=social_sharing"],"url":"https:\/\/radioleinewelle.de\/index.php\/author\/leinewelle\/"}]}},"_links":{"self":[{"href":"https:\/\/radioleinewelle.de\/index.php\/wp-json\/wp\/v2\/posts\/2535","targetHints":{"allow":["GET"]}}],"collection":[{"href":"https:\/\/radioleinewelle.de\/index.php\/wp-json\/wp\/v2\/posts"}],"about":[{"href":"https:\/\/radioleinewelle.de\/index.php\/wp-json\/wp\/v2\/types\/post"}],"author":[{"embeddable":true,"href":"https:\/\/radioleinewelle.de\/index.php\/wp-json\/wp\/v2\/users\/1"}],"replies":[{"embeddable":true,"href":"https:\/\/radioleinewelle.de\/index.php\/wp-json\/wp\/v2\/comments?post=2535"}],"version-history":[{"count":0,"href":"https:\/\/radioleinewelle.de\/index.php\/wp-json\/wp\/v2\/posts\/2535\/revisions"}],"wp:featuredmedia":[{"embeddable":true,"href":"https:\/\/radioleinewelle.de\/index.php\/wp-json\/wp\/v2\/media\/2538"}],"wp:attachment":[{"href":"https:\/\/radioleinewelle.de\/index.php\/wp-json\/wp\/v2\/media?parent=2535"}],"wp:term":[{"taxonomy":"category","embeddable":true,"href":"https:\/\/radioleinewelle.de\/index.php\/wp-json\/wp\/v2\/categories?post=2535"},{"taxonomy":"post_tag","embeddable":true,"href":"https:\/\/radioleinewelle.de\/index.php\/wp-json\/wp\/v2\/tags?post=2535"}],"curies":[{"name":"wp","href":"https:\/\/api.w.org\/{rel}","templated":true}]}}