{"id":25360,"date":"2024-04-22T08:30:36","date_gmt":"2024-04-22T06:30:36","guid":{"rendered":"https:\/\/radioleinewelle.de\/?p=25360"},"modified":"2024-04-22T08:30:37","modified_gmt":"2024-04-22T06:30:37","slug":"zum-nachhoeren-stadt-goettingen-stellt-radentscheid-vor","status":"publish","type":"post","link":"https:\/\/radioleinewelle.de\/index.php\/2024\/04\/22\/zum-nachhoeren-stadt-goettingen-stellt-radentscheid-vor\/","title":{"rendered":"Zum Nachh\u00f6ren: Stadt G\u00f6ttingen stellt Radentscheid vor"},"content":{"rendered":"\n<p>Zusammen mit der Europawahl am 09.06. entscheiden die G\u00f6ttinger B\u00fcrger*innen \u00fcber zwei sogenannte Radentscheide. Die Stadt hat die B\u00fcrgerentscheide vorgestellt.<\/p>\n\n\n\n<figure class=\"wp-block-audio\"><audio controls src=\"https:\/\/radioleinewelle.de\/wp-content\/uploads\/2024\/04\/OB-Broistedt-zum-Radentscheid-Goettingen-1u2.mp3\"><\/audio><\/figure>\n\n\n\n<p>Zu den geplanten Baukosten gibt es zwischen der Stadt G\u00f6ttingen und der B\u00fcrgerinitiative zum Radentscheid unterschiedliche Sichtweisen. Worum es bei den beiden Radentscheiden im Detail geht und wie die Kostenstruktur aussieht, dar\u00fcber gibt es demn\u00e4chst noch einige Beitr\u00e4ge.<\/p>\n\n\n\n<p><strong>Ausgew\u00e4hlte Beitr\u00e4ge dazu: <\/strong><a href=\"https:\/\/radioleinewelle.de\/index.php\/2024\/02\/12\/buergerbegehren-zur-verbesserung-der-goettinger-verkehrsinfrastruktur-erreicht-ueber-8-500-unterschriften\/\">https:\/\/radioleinewelle.de\/index.php\/2024\/02\/12\/buergerbegehren-zur-verbesserung-der-goettinger-verkehrsinfrastruktur-erreicht-ueber-8-500-unterschriften\/<\/a><\/p>\n\n\n\n<p><strong>Foto:<\/strong> \u00a9Radio Leinewelle (ue)<\/p>\n","protected":false},"excerpt":{"rendered":"<p>Zusammen mit der Europawahl am 09.06. entscheiden die G\u00f6ttinger B\u00fcrger*innen \u00fcber zwei sogenannte Radentscheide. Die Stadt hat die B\u00fcrgerentscheide vorgestellt. Zu den geplanten Baukosten gibt es zwischen der Stadt G\u00f6ttingen und der B\u00fcrgerinitiative zum Radentscheid unterschiedliche Sichtweisen. Worum es bei den beiden Radentscheiden im Detail geht und wie die Kostenstruktur aussieht, dar\u00fcber gibt es demn\u00e4chst [&hellip;]<\/p>\n","protected":false},"author":1,"featured_media":25364,"comment_status":"open","ping_status":"open","sticky":true,"template":"","format":"standard","meta":{"saved_in_kubio":false,"footnotes":""},"categories":[31],"tags":[63,3987,4151],"class_list":["post-25360","post","type-post","status-publish","format-standard","has-post-thumbnail","hentry","category-bauen-verkehr","tag-goettingen","tag-goettingen-zero","tag-radentscheid"],"yoast_head":"<!-- This site is optimized with the Yoast SEO plugin v27.5 - https:\/\/yoast.com\/product\/yoast-seo-wordpress\/ -->\n<title>Zum Nachh\u00f6ren: Stadt G\u00f6ttingen stellt Radentscheid vor - Radio Leinewelle<\/title>\n<meta name=\"robots\" content=\"index, follow, max-snippet:-1, max-image-preview:large, max-video-preview:-1\" \/>\n<link rel=\"canonical\" href=\"https:\/\/radioleinewelle.de\/index.php\/2024\/04\/22\/zum-nachhoeren-stadt-goettingen-stellt-radentscheid-vor\/\" \/>\n<meta property=\"og:locale\" content=\"de_DE\" \/>\n<meta property=\"og:type\" content=\"article\" \/>\n<meta property=\"og:title\" content=\"Zum Nachh\u00f6ren: Stadt G\u00f6ttingen stellt Radentscheid vor - Radio Leinewelle\" \/>\n<meta property=\"og:description\" content=\"Zusammen mit der Europawahl am 09.06. entscheiden die G\u00f6ttinger B\u00fcrger*innen \u00fcber zwei sogenannte Radentscheide. Die Stadt hat die B\u00fcrgerentscheide vorgestellt. Zu den geplanten Baukosten gibt es zwischen der Stadt G\u00f6ttingen und der B\u00fcrgerinitiative zum Radentscheid unterschiedliche Sichtweisen. Worum es bei den beiden Radentscheiden im Detail geht und wie die Kostenstruktur aussieht, dar\u00fcber gibt es demn\u00e4chst [&hellip;]\" \/>\n<meta property=\"og:url\" content=\"https:\/\/radioleinewelle.de\/index.php\/2024\/04\/22\/zum-nachhoeren-stadt-goettingen-stellt-radentscheid-vor\/\" \/>\n<meta property=\"og:site_name\" content=\"Radio Leinewelle\" \/>\n<meta property=\"article:publisher\" content=\"https:\/\/www.facebook.com\/radioleinewelle\" \/>\n<meta property=\"article:author\" content=\"https:\/\/www.facebook.com\/radioleinewelle\" \/>\n<meta property=\"article:published_time\" content=\"2024-04-22T06:30:36+00:00\" \/>\n<meta property=\"article:modified_time\" content=\"2024-04-22T06:30:37+00:00\" \/>\n<meta property=\"og:image\" content=\"https:\/\/radioleinewelle.de\/wp-content\/uploads\/2024\/04\/Goettinger-Radentscheid-1--e1713766080708.jpg\" \/>\n\t<meta property=\"og:image:width\" content=\"1000\" \/>\n\t<meta property=\"og:image:height\" content=\"750\" \/>\n\t<meta property=\"og:image:type\" content=\"image\/jpeg\" \/>\n<meta name=\"author\" content=\"Leinewelle\" \/>\n<meta name=\"twitter:card\" content=\"summary_large_image\" \/>\n<meta name=\"twitter:creator\" content=\"@https:\/\/twitter.com\/RLeinewelle?ref_src=twsrcgoogletwcampserptwgrauthor\" \/>\n<meta name=\"twitter:site\" content=\"@RLeinewelle\" \/>\n<meta name=\"twitter:label1\" content=\"Verfasst von\" \/>\n\t<meta name=\"twitter:data1\" content=\"Leinewelle\" \/>\n\t<meta name=\"twitter:label2\" content=\"Gesch\u00e4tzte Lesezeit\" \/>\n\t<meta name=\"twitter:data2\" content=\"1\u00a0Minute\" \/>\n<script type=\"application\/ld+json\" class=\"yoast-schema-graph\">{\"@context\":\"https:\\\/\\\/schema.org\",\"@graph\":[{\"@type\":\"Article\",\"@id\":\"https:\\\/\\\/radioleinewelle.de\\\/index.php\\\/2024\\\/04\\\/22\\\/zum-nachhoeren-stadt-goettingen-stellt-radentscheid-vor\\\/#article\",\"isPartOf\":{\"@id\":\"https:\\\/\\\/radioleinewelle.de\\\/index.php\\\/2024\\\/04\\\/22\\\/zum-nachhoeren-stadt-goettingen-stellt-radentscheid-vor\\\/\"},\"author\":{\"name\":\"Leinewelle\",\"@id\":\"https:\\\/\\\/radioleinewelle.de\\\/#\\\/schema\\\/person\\\/45606f348637df637192dc1b68399a63\"},\"headline\":\"Zum Nachh\u00f6ren: Stadt G\u00f6ttingen stellt Radentscheid vor\",\"datePublished\":\"2024-04-22T06:30:36+00:00\",\"dateModified\":\"2024-04-22T06:30:37+00:00\",\"mainEntityOfPage\":{\"@id\":\"https:\\\/\\\/radioleinewelle.de\\\/index.php\\\/2024\\\/04\\\/22\\\/zum-nachhoeren-stadt-goettingen-stellt-radentscheid-vor\\\/\"},\"wordCount\":92,\"commentCount\":0,\"publisher\":{\"@id\":\"https:\\\/\\\/radioleinewelle.de\\\/#organization\"},\"image\":{\"@id\":\"https:\\\/\\\/radioleinewelle.de\\\/index.php\\\/2024\\\/04\\\/22\\\/zum-nachhoeren-stadt-goettingen-stellt-radentscheid-vor\\\/#primaryimage\"},\"thumbnailUrl\":\"https:\\\/\\\/radioleinewelle.de\\\/wp-content\\\/uploads\\\/2024\\\/04\\\/Goettinger-Radentscheid-1--e1713766080708.jpg\",\"keywords\":[\"G\u00f6ttingen\",\"G\u00f6ttingen Zero\",\"Radentscheid\"],\"articleSection\":[\"Bauen &amp; Verkehr\"],\"inLanguage\":\"de\",\"potentialAction\":[{\"@type\":\"CommentAction\",\"name\":\"Comment\",\"target\":[\"https:\\\/\\\/radioleinewelle.de\\\/index.php\\\/2024\\\/04\\\/22\\\/zum-nachhoeren-stadt-goettingen-stellt-radentscheid-vor\\\/#respond\"]}]},{\"@type\":\"WebPage\",\"@id\":\"https:\\\/\\\/radioleinewelle.de\\\/index.php\\\/2024\\\/04\\\/22\\\/zum-nachhoeren-stadt-goettingen-stellt-radentscheid-vor\\\/\",\"url\":\"https:\\\/\\\/radioleinewelle.de\\\/index.php\\\/2024\\\/04\\\/22\\\/zum-nachhoeren-stadt-goettingen-stellt-radentscheid-vor\\\/\",\"name\":\"Zum Nachh\u00f6ren: Stadt G\u00f6ttingen stellt Radentscheid vor - Radio Leinewelle\",\"isPartOf\":{\"@id\":\"https:\\\/\\\/radioleinewelle.de\\\/#website\"},\"primaryImageOfPage\":{\"@id\":\"https:\\\/\\\/radioleinewelle.de\\\/index.php\\\/2024\\\/04\\\/22\\\/zum-nachhoeren-stadt-goettingen-stellt-radentscheid-vor\\\/#primaryimage\"},\"image\":{\"@id\":\"https:\\\/\\\/radioleinewelle.de\\\/index.php\\\/2024\\\/04\\\/22\\\/zum-nachhoeren-stadt-goettingen-stellt-radentscheid-vor\\\/#primaryimage\"},\"thumbnailUrl\":\"https:\\\/\\\/radioleinewelle.de\\\/wp-content\\\/uploads\\\/2024\\\/04\\\/Goettinger-Radentscheid-1--e1713766080708.jpg\",\"datePublished\":\"2024-04-22T06:30:36+00:00\",\"dateModified\":\"2024-04-22T06:30:37+00:00\",\"breadcrumb\":{\"@id\":\"https:\\\/\\\/radioleinewelle.de\\\/index.php\\\/2024\\\/04\\\/22\\\/zum-nachhoeren-stadt-goettingen-stellt-radentscheid-vor\\\/#breadcrumb\"},\"inLanguage\":\"de\",\"potentialAction\":[{\"@type\":\"ReadAction\",\"target\":[\"https:\\\/\\\/radioleinewelle.de\\\/index.php\\\/2024\\\/04\\\/22\\\/zum-nachhoeren-stadt-goettingen-stellt-radentscheid-vor\\\/\"]}]},{\"@type\":\"ImageObject\",\"inLanguage\":\"de\",\"@id\":\"https:\\\/\\\/radioleinewelle.de\\\/index.php\\\/2024\\\/04\\\/22\\\/zum-nachhoeren-stadt-goettingen-stellt-radentscheid-vor\\\/#primaryimage\",\"url\":\"https:\\\/\\\/radioleinewelle.de\\\/wp-content\\\/uploads\\\/2024\\\/04\\\/Goettinger-Radentscheid-1--e1713766080708.jpg\",\"contentUrl\":\"https:\\\/\\\/radioleinewelle.de\\\/wp-content\\\/uploads\\\/2024\\\/04\\\/Goettinger-Radentscheid-1--e1713766080708.jpg\",\"width\":1000,\"height\":750},{\"@type\":\"BreadcrumbList\",\"@id\":\"https:\\\/\\\/radioleinewelle.de\\\/index.php\\\/2024\\\/04\\\/22\\\/zum-nachhoeren-stadt-goettingen-stellt-radentscheid-vor\\\/#breadcrumb\",\"itemListElement\":[{\"@type\":\"ListItem\",\"position\":1,\"name\":\"Startseite\",\"item\":\"https:\\\/\\\/radioleinewelle.de\\\/\"},{\"@type\":\"ListItem\",\"position\":2,\"name\":\"Zum Nachh\u00f6ren: Stadt G\u00f6ttingen stellt Radentscheid vor\"}]},{\"@type\":\"WebSite\",\"@id\":\"https:\\\/\\\/radioleinewelle.de\\\/#website\",\"url\":\"https:\\\/\\\/radioleinewelle.de\\\/\",\"name\":\"Radio Leinewelle\",\"description\":\"\",\"publisher\":{\"@id\":\"https:\\\/\\\/radioleinewelle.de\\\/#organization\"},\"potentialAction\":[{\"@type\":\"SearchAction\",\"target\":{\"@type\":\"EntryPoint\",\"urlTemplate\":\"https:\\\/\\\/radioleinewelle.de\\\/?s={search_term_string}\"},\"query-input\":{\"@type\":\"PropertyValueSpecification\",\"valueRequired\":true,\"valueName\":\"search_term_string\"}}],\"inLanguage\":\"de\"},{\"@type\":\"Organization\",\"@id\":\"https:\\\/\\\/radioleinewelle.de\\\/#organization\",\"name\":\"Radio Leinewelle\",\"alternateName\":\"Mein Radio f\u00fcr S\u00fcdniedersachsen\",\"url\":\"https:\\\/\\\/radioleinewelle.de\\\/\",\"logo\":{\"@type\":\"ImageObject\",\"inLanguage\":\"de\",\"@id\":\"https:\\\/\\\/radioleinewelle.de\\\/#\\\/schema\\\/logo\\\/image\\\/\",\"url\":\"https:\\\/\\\/radioleinewelle.de\\\/wp-content\\\/uploads\\\/2023\\\/11\\\/cropped-Leinewelle_Logo_weiss.png\",\"contentUrl\":\"https:\\\/\\\/radioleinewelle.de\\\/wp-content\\\/uploads\\\/2023\\\/11\\\/cropped-Leinewelle_Logo_weiss.png\",\"width\":854,\"height\":260,\"caption\":\"Radio Leinewelle\"},\"image\":{\"@id\":\"https:\\\/\\\/radioleinewelle.de\\\/#\\\/schema\\\/logo\\\/image\\\/\"},\"sameAs\":[\"https:\\\/\\\/www.facebook.com\\\/radioleinewelle\",\"https:\\\/\\\/x.com\\\/RLeinewelle\",\"https:\\\/\\\/www.instagram.com\\\/radioleinewelle\\\/?hl=de\"]},{\"@type\":\"Person\",\"@id\":\"https:\\\/\\\/radioleinewelle.de\\\/#\\\/schema\\\/person\\\/45606f348637df637192dc1b68399a63\",\"name\":\"Leinewelle\",\"image\":{\"@type\":\"ImageObject\",\"inLanguage\":\"de\",\"@id\":\"https:\\\/\\\/secure.gravatar.com\\\/avatar\\\/05c9a17bc973052ee5d91549bd32fb4dd0dc85b7b85ae94b2e2b4943476bbea5?s=96&d=blank&r=g\",\"url\":\"https:\\\/\\\/secure.gravatar.com\\\/avatar\\\/05c9a17bc973052ee5d91549bd32fb4dd0dc85b7b85ae94b2e2b4943476bbea5?s=96&d=blank&r=g\",\"contentUrl\":\"https:\\\/\\\/secure.gravatar.com\\\/avatar\\\/05c9a17bc973052ee5d91549bd32fb4dd0dc85b7b85ae94b2e2b4943476bbea5?s=96&d=blank&r=g\",\"caption\":\"Leinewelle\"},\"sameAs\":[\"http:\\\/\\\/localhost\\\/radio%20leinewelle\\\/wordpress\",\"https:\\\/\\\/www.facebook.com\\\/radioleinewelle\",\"https:\\\/\\\/www.instagram.com\\\/radioleinewelle\",\"https:\\\/\\\/x.com\\\/https:\\\/\\\/twitter.com\\\/RLeinewelle?ref_src=twsrcgoogletwcampserptwgrauthor\",\"https:\\\/\\\/soundcloud.com\\\/foerderverein-lokalradio?utm_source=clipboard&utm_medium=text&utm_campaign=social_sharing\"],\"url\":\"https:\\\/\\\/radioleinewelle.de\\\/index.php\\\/author\\\/leinewelle\\\/\"}]}<\/script>\n<!-- \/ Yoast SEO plugin. -->","yoast_head_json":{"title":"Zum Nachh\u00f6ren: Stadt G\u00f6ttingen stellt Radentscheid vor - Radio Leinewelle","robots":{"index":"index","follow":"follow","max-snippet":"max-snippet:-1","max-image-preview":"max-image-preview:large","max-video-preview":"max-video-preview:-1"},"canonical":"https:\/\/radioleinewelle.de\/index.php\/2024\/04\/22\/zum-nachhoeren-stadt-goettingen-stellt-radentscheid-vor\/","og_locale":"de_DE","og_type":"article","og_title":"Zum Nachh\u00f6ren: Stadt G\u00f6ttingen stellt Radentscheid vor - Radio Leinewelle","og_description":"Zusammen mit der Europawahl am 09.06. entscheiden die G\u00f6ttinger B\u00fcrger*innen \u00fcber zwei sogenannte Radentscheide. Die Stadt hat die B\u00fcrgerentscheide vorgestellt. Zu den geplanten Baukosten gibt es zwischen der Stadt G\u00f6ttingen und der B\u00fcrgerinitiative zum Radentscheid unterschiedliche Sichtweisen. Worum es bei den beiden Radentscheiden im Detail geht und wie die Kostenstruktur aussieht, dar\u00fcber gibt es demn\u00e4chst [&hellip;]","og_url":"https:\/\/radioleinewelle.de\/index.php\/2024\/04\/22\/zum-nachhoeren-stadt-goettingen-stellt-radentscheid-vor\/","og_site_name":"Radio Leinewelle","article_publisher":"https:\/\/www.facebook.com\/radioleinewelle","article_author":"https:\/\/www.facebook.com\/radioleinewelle","article_published_time":"2024-04-22T06:30:36+00:00","article_modified_time":"2024-04-22T06:30:37+00:00","og_image":[{"width":1000,"height":750,"url":"https:\/\/radioleinewelle.de\/wp-content\/uploads\/2024\/04\/Goettinger-Radentscheid-1--e1713766080708.jpg","type":"image\/jpeg"}],"author":"Leinewelle","twitter_card":"summary_large_image","twitter_creator":"@https:\/\/twitter.com\/RLeinewelle?ref_src=twsrcgoogletwcampserptwgrauthor","twitter_site":"@RLeinewelle","twitter_misc":{"Verfasst von":"Leinewelle","Gesch\u00e4tzte Lesezeit":"1\u00a0Minute"},"schema":{"@context":"https:\/\/schema.org","@graph":[{"@type":"Article","@id":"https:\/\/radioleinewelle.de\/index.php\/2024\/04\/22\/zum-nachhoeren-stadt-goettingen-stellt-radentscheid-vor\/#article","isPartOf":{"@id":"https:\/\/radioleinewelle.de\/index.php\/2024\/04\/22\/zum-nachhoeren-stadt-goettingen-stellt-radentscheid-vor\/"},"author":{"name":"Leinewelle","@id":"https:\/\/radioleinewelle.de\/#\/schema\/person\/45606f348637df637192dc1b68399a63"},"headline":"Zum Nachh\u00f6ren: Stadt G\u00f6ttingen stellt Radentscheid vor","datePublished":"2024-04-22T06:30:36+00:00","dateModified":"2024-04-22T06:30:37+00:00","mainEntityOfPage":{"@id":"https:\/\/radioleinewelle.de\/index.php\/2024\/04\/22\/zum-nachhoeren-stadt-goettingen-stellt-radentscheid-vor\/"},"wordCount":92,"commentCount":0,"publisher":{"@id":"https:\/\/radioleinewelle.de\/#organization"},"image":{"@id":"https:\/\/radioleinewelle.de\/index.php\/2024\/04\/22\/zum-nachhoeren-stadt-goettingen-stellt-radentscheid-vor\/#primaryimage"},"thumbnailUrl":"https:\/\/radioleinewelle.de\/wp-content\/uploads\/2024\/04\/Goettinger-Radentscheid-1--e1713766080708.jpg","keywords":["G\u00f6ttingen","G\u00f6ttingen Zero","Radentscheid"],"articleSection":["Bauen &amp; Verkehr"],"inLanguage":"de","potentialAction":[{"@type":"CommentAction","name":"Comment","target":["https:\/\/radioleinewelle.de\/index.php\/2024\/04\/22\/zum-nachhoeren-stadt-goettingen-stellt-radentscheid-vor\/#respond"]}]},{"@type":"WebPage","@id":"https:\/\/radioleinewelle.de\/index.php\/2024\/04\/22\/zum-nachhoeren-stadt-goettingen-stellt-radentscheid-vor\/","url":"https:\/\/radioleinewelle.de\/index.php\/2024\/04\/22\/zum-nachhoeren-stadt-goettingen-stellt-radentscheid-vor\/","name":"Zum Nachh\u00f6ren: Stadt G\u00f6ttingen stellt Radentscheid vor - Radio Leinewelle","isPartOf":{"@id":"https:\/\/radioleinewelle.de\/#website"},"primaryImageOfPage":{"@id":"https:\/\/radioleinewelle.de\/index.php\/2024\/04\/22\/zum-nachhoeren-stadt-goettingen-stellt-radentscheid-vor\/#primaryimage"},"image":{"@id":"https:\/\/radioleinewelle.de\/index.php\/2024\/04\/22\/zum-nachhoeren-stadt-goettingen-stellt-radentscheid-vor\/#primaryimage"},"thumbnailUrl":"https:\/\/radioleinewelle.de\/wp-content\/uploads\/2024\/04\/Goettinger-Radentscheid-1--e1713766080708.jpg","datePublished":"2024-04-22T06:30:36+00:00","dateModified":"2024-04-22T06:30:37+00:00","breadcrumb":{"@id":"https:\/\/radioleinewelle.de\/index.php\/2024\/04\/22\/zum-nachhoeren-stadt-goettingen-stellt-radentscheid-vor\/#breadcrumb"},"inLanguage":"de","potentialAction":[{"@type":"ReadAction","target":["https:\/\/radioleinewelle.de\/index.php\/2024\/04\/22\/zum-nachhoeren-stadt-goettingen-stellt-radentscheid-vor\/"]}]},{"@type":"ImageObject","inLanguage":"de","@id":"https:\/\/radioleinewelle.de\/index.php\/2024\/04\/22\/zum-nachhoeren-stadt-goettingen-stellt-radentscheid-vor\/#primaryimage","url":"https:\/\/radioleinewelle.de\/wp-content\/uploads\/2024\/04\/Goettinger-Radentscheid-1--e1713766080708.jpg","contentUrl":"https:\/\/radioleinewelle.de\/wp-content\/uploads\/2024\/04\/Goettinger-Radentscheid-1--e1713766080708.jpg","width":1000,"height":750},{"@type":"BreadcrumbList","@id":"https:\/\/radioleinewelle.de\/index.php\/2024\/04\/22\/zum-nachhoeren-stadt-goettingen-stellt-radentscheid-vor\/#breadcrumb","itemListElement":[{"@type":"ListItem","position":1,"name":"Startseite","item":"https:\/\/radioleinewelle.de\/"},{"@type":"ListItem","position":2,"name":"Zum Nachh\u00f6ren: Stadt G\u00f6ttingen stellt Radentscheid vor"}]},{"@type":"WebSite","@id":"https:\/\/radioleinewelle.de\/#website","url":"https:\/\/radioleinewelle.de\/","name":"Radio Leinewelle","description":"","publisher":{"@id":"https:\/\/radioleinewelle.de\/#organization"},"potentialAction":[{"@type":"SearchAction","target":{"@type":"EntryPoint","urlTemplate":"https:\/\/radioleinewelle.de\/?s={search_term_string}"},"query-input":{"@type":"PropertyValueSpecification","valueRequired":true,"valueName":"search_term_string"}}],"inLanguage":"de"},{"@type":"Organization","@id":"https:\/\/radioleinewelle.de\/#organization","name":"Radio Leinewelle","alternateName":"Mein Radio f\u00fcr S\u00fcdniedersachsen","url":"https:\/\/radioleinewelle.de\/","logo":{"@type":"ImageObject","inLanguage":"de","@id":"https:\/\/radioleinewelle.de\/#\/schema\/logo\/image\/","url":"https:\/\/radioleinewelle.de\/wp-content\/uploads\/2023\/11\/cropped-Leinewelle_Logo_weiss.png","contentUrl":"https:\/\/radioleinewelle.de\/wp-content\/uploads\/2023\/11\/cropped-Leinewelle_Logo_weiss.png","width":854,"height":260,"caption":"Radio Leinewelle"},"image":{"@id":"https:\/\/radioleinewelle.de\/#\/schema\/logo\/image\/"},"sameAs":["https:\/\/www.facebook.com\/radioleinewelle","https:\/\/x.com\/RLeinewelle","https:\/\/www.instagram.com\/radioleinewelle\/?hl=de"]},{"@type":"Person","@id":"https:\/\/radioleinewelle.de\/#\/schema\/person\/45606f348637df637192dc1b68399a63","name":"Leinewelle","image":{"@type":"ImageObject","inLanguage":"de","@id":"https:\/\/secure.gravatar.com\/avatar\/05c9a17bc973052ee5d91549bd32fb4dd0dc85b7b85ae94b2e2b4943476bbea5?s=96&d=blank&r=g","url":"https:\/\/secure.gravatar.com\/avatar\/05c9a17bc973052ee5d91549bd32fb4dd0dc85b7b85ae94b2e2b4943476bbea5?s=96&d=blank&r=g","contentUrl":"https:\/\/secure.gravatar.com\/avatar\/05c9a17bc973052ee5d91549bd32fb4dd0dc85b7b85ae94b2e2b4943476bbea5?s=96&d=blank&r=g","caption":"Leinewelle"},"sameAs":["http:\/\/localhost\/radio%20leinewelle\/wordpress","https:\/\/www.facebook.com\/radioleinewelle","https:\/\/www.instagram.com\/radioleinewelle","https:\/\/x.com\/https:\/\/twitter.com\/RLeinewelle?ref_src=twsrcgoogletwcampserptwgrauthor","https:\/\/soundcloud.com\/foerderverein-lokalradio?utm_source=clipboard&utm_medium=text&utm_campaign=social_sharing"],"url":"https:\/\/radioleinewelle.de\/index.php\/author\/leinewelle\/"}]}},"_links":{"self":[{"href":"https:\/\/radioleinewelle.de\/index.php\/wp-json\/wp\/v2\/posts\/25360","targetHints":{"allow":["GET"]}}],"collection":[{"href":"https:\/\/radioleinewelle.de\/index.php\/wp-json\/wp\/v2\/posts"}],"about":[{"href":"https:\/\/radioleinewelle.de\/index.php\/wp-json\/wp\/v2\/types\/post"}],"author":[{"embeddable":true,"href":"https:\/\/radioleinewelle.de\/index.php\/wp-json\/wp\/v2\/users\/1"}],"replies":[{"embeddable":true,"href":"https:\/\/radioleinewelle.de\/index.php\/wp-json\/wp\/v2\/comments?post=25360"}],"version-history":[{"count":4,"href":"https:\/\/radioleinewelle.de\/index.php\/wp-json\/wp\/v2\/posts\/25360\/revisions"}],"predecessor-version":[{"id":25366,"href":"https:\/\/radioleinewelle.de\/index.php\/wp-json\/wp\/v2\/posts\/25360\/revisions\/25366"}],"wp:featuredmedia":[{"embeddable":true,"href":"https:\/\/radioleinewelle.de\/index.php\/wp-json\/wp\/v2\/media\/25364"}],"wp:attachment":[{"href":"https:\/\/radioleinewelle.de\/index.php\/wp-json\/wp\/v2\/media?parent=25360"}],"wp:term":[{"taxonomy":"category","embeddable":true,"href":"https:\/\/radioleinewelle.de\/index.php\/wp-json\/wp\/v2\/categories?post=25360"},{"taxonomy":"post_tag","embeddable":true,"href":"https:\/\/radioleinewelle.de\/index.php\/wp-json\/wp\/v2\/tags?post=25360"}],"curies":[{"name":"wp","href":"https:\/\/api.w.org\/{rel}","templated":true}]}}