{"id":25392,"date":"2024-04-28T10:34:52","date_gmt":"2024-04-28T08:34:52","guid":{"rendered":"https:\/\/radioleinewelle.de\/?p=25392"},"modified":"2024-04-28T10:37:45","modified_gmt":"2024-04-28T08:37:45","slug":"zum-nachhoeren-sanierung-schwaenchenteich-im-cheltenham-park","status":"publish","type":"post","link":"https:\/\/radioleinewelle.de\/index.php\/2024\/04\/28\/zum-nachhoeren-sanierung-schwaenchenteich-im-cheltenham-park\/","title":{"rendered":"Zum Nachh\u00f6ren: Sanierung Schw\u00e4nchenteich im Cheltenham Park"},"content":{"rendered":"\n<p>Er f\u00fchrte lange Jahre ein Schattendasein, der Schw\u00e4nchenteich im Cheltenham Park. Jetzt wird er umfassend saniert.<br><\/p>\n\n\n\n<figure class=\"wp-block-audio\"><audio controls src=\"https:\/\/radioleinewelle.de\/wp-content\/uploads\/2024\/04\/Stadtbaurat-Frithjof-Look-zu-den-Sanierungsarbeiten-im-Cheltenhampark.mp3\"><\/audio><\/figure>\n\n\n\n<figure class=\"wp-block-gallery has-nested-images columns-default is-cropped wp-block-gallery-1 is-layout-flex wp-block-gallery-is-layout-flex\">\n<figure class=\"wp-block-image size-large\"><img loading=\"lazy\" decoding=\"async\" width=\"768\" height=\"1024\" data-id=\"25395\" src=\"https:\/\/radioleinewelle.de\/wp-content\/uploads\/2024\/04\/Sschwaenchenteich-3-768x1024.jpg\" alt=\"\" class=\"wp-image-25395\" srcset=\"https:\/\/radioleinewelle.de\/wp-content\/uploads\/2024\/04\/Sschwaenchenteich-3-768x1024.jpg 768w, https:\/\/radioleinewelle.de\/wp-content\/uploads\/2024\/04\/Sschwaenchenteich-3-225x300.jpg 225w, https:\/\/radioleinewelle.de\/wp-content\/uploads\/2024\/04\/Sschwaenchenteich-3-1152x1536.jpg 1152w, https:\/\/radioleinewelle.de\/wp-content\/uploads\/2024\/04\/Sschwaenchenteich-3-810x1080.jpg 810w, https:\/\/radioleinewelle.de\/wp-content\/uploads\/2024\/04\/Sschwaenchenteich-3.jpg 1512w\" sizes=\"(max-width: 768px) 100vw, 768px\" \/><\/figure>\n\n\n\n<figure class=\"wp-block-image size-large\"><img loading=\"lazy\" decoding=\"async\" width=\"1024\" height=\"768\" data-id=\"25396\" src=\"https:\/\/radioleinewelle.de\/wp-content\/uploads\/2024\/04\/Schwaenchenteich-1-1024x768.jpg\" alt=\"\" class=\"wp-image-25396\" srcset=\"https:\/\/radioleinewelle.de\/wp-content\/uploads\/2024\/04\/Schwaenchenteich-1-1024x768.jpg 1024w, https:\/\/radioleinewelle.de\/wp-content\/uploads\/2024\/04\/Schwaenchenteich-1-300x225.jpg 300w, https:\/\/radioleinewelle.de\/wp-content\/uploads\/2024\/04\/Schwaenchenteich-1-768x576.jpg 768w, https:\/\/radioleinewelle.de\/wp-content\/uploads\/2024\/04\/Schwaenchenteich-1-1536x1152.jpg 1536w, https:\/\/radioleinewelle.de\/wp-content\/uploads\/2024\/04\/Schwaenchenteich-1-1440x1080.jpg 1440w, https:\/\/radioleinewelle.de\/wp-content\/uploads\/2024\/04\/Schwaenchenteich-1.jpg 2016w\" sizes=\"(max-width: 1024px) 100vw, 1024px\" \/><\/figure>\n\n\n\n<figure class=\"wp-block-image size-large\"><img loading=\"lazy\" decoding=\"async\" width=\"1024\" height=\"768\" data-id=\"25397\" src=\"https:\/\/radioleinewelle.de\/wp-content\/uploads\/2024\/04\/Schwaenchenteich-2-1024x768.jpg\" alt=\"\" class=\"wp-image-25397\" srcset=\"https:\/\/radioleinewelle.de\/wp-content\/uploads\/2024\/04\/Schwaenchenteich-2-1024x768.jpg 1024w, https:\/\/radioleinewelle.de\/wp-content\/uploads\/2024\/04\/Schwaenchenteich-2-300x225.jpg 300w, https:\/\/radioleinewelle.de\/wp-content\/uploads\/2024\/04\/Schwaenchenteich-2-768x576.jpg 768w, https:\/\/radioleinewelle.de\/wp-content\/uploads\/2024\/04\/Schwaenchenteich-2-1536x1152.jpg 1536w, https:\/\/radioleinewelle.de\/wp-content\/uploads\/2024\/04\/Schwaenchenteich-2-1440x1080.jpg 1440w, https:\/\/radioleinewelle.de\/wp-content\/uploads\/2024\/04\/Schwaenchenteich-2.jpg 2016w\" sizes=\"(max-width: 1024px) 100vw, 1024px\" \/><\/figure>\n<\/figure>\n\n\n\n<p><strong>Fotos:<\/strong> Stadtbaurat Frithjof Look und Dirk Osmers (Planungsb\u00fcro HAZ), Blick von oben und vom Teichgrund \u00a9Radio Leinewelle (ue)<\/p>\n","protected":false},"excerpt":{"rendered":"<p>Er f\u00fchrte lange Jahre ein Schattendasein, der Schw\u00e4nchenteich im Cheltenham Park. Jetzt wird er umfassend saniert. Fotos: Stadtbaurat Frithjof Look und Dirk Osmers (Planungsb\u00fcro HAZ), Blick von oben und vom Teichgrund \u00a9Radio Leinewelle (ue)<\/p>\n","protected":false},"author":1,"featured_media":25399,"comment_status":"open","ping_status":"open","sticky":true,"template":"","format":"standard","meta":{"saved_in_kubio":false,"footnotes":""},"categories":[31],"tags":[],"class_list":["post-25392","post","type-post","status-publish","format-standard","has-post-thumbnail","hentry","category-bauen-verkehr"],"yoast_head":"<!-- This site is optimized with the Yoast SEO plugin v27.5 - https:\/\/yoast.com\/product\/yoast-seo-wordpress\/ -->\n<title>Zum Nachh\u00f6ren: Sanierung Schw\u00e4nchenteich im Cheltenham Park - Radio Leinewelle<\/title>\n<meta name=\"robots\" content=\"index, follow, max-snippet:-1, max-image-preview:large, max-video-preview:-1\" \/>\n<link rel=\"canonical\" href=\"https:\/\/radioleinewelle.de\/index.php\/2024\/04\/28\/zum-nachhoeren-sanierung-schwaenchenteich-im-cheltenham-park\/\" \/>\n<meta property=\"og:locale\" content=\"de_DE\" \/>\n<meta property=\"og:type\" content=\"article\" \/>\n<meta property=\"og:title\" content=\"Zum Nachh\u00f6ren: Sanierung Schw\u00e4nchenteich im Cheltenham Park - Radio Leinewelle\" \/>\n<meta property=\"og:description\" content=\"Er f\u00fchrte lange Jahre ein Schattendasein, der Schw\u00e4nchenteich im Cheltenham Park. Jetzt wird er umfassend saniert. Fotos: Stadtbaurat Frithjof Look und Dirk Osmers (Planungsb\u00fcro HAZ), Blick von oben und vom Teichgrund \u00a9Radio Leinewelle (ue)\" \/>\n<meta property=\"og:url\" content=\"https:\/\/radioleinewelle.de\/index.php\/2024\/04\/28\/zum-nachhoeren-sanierung-schwaenchenteich-im-cheltenham-park\/\" \/>\n<meta property=\"og:site_name\" content=\"Radio Leinewelle\" \/>\n<meta property=\"article:publisher\" content=\"https:\/\/www.facebook.com\/radioleinewelle\" \/>\n<meta property=\"article:author\" content=\"https:\/\/www.facebook.com\/radioleinewelle\" \/>\n<meta property=\"article:published_time\" content=\"2024-04-28T08:34:52+00:00\" \/>\n<meta property=\"article:modified_time\" content=\"2024-04-28T08:37:45+00:00\" \/>\n<meta property=\"og:image\" content=\"https:\/\/radioleinewelle.de\/wp-content\/uploads\/2024\/04\/Schwaenchenteich-4.jpg\" \/>\n\t<meta property=\"og:image:width\" content=\"2016\" \/>\n\t<meta property=\"og:image:height\" content=\"1512\" \/>\n\t<meta property=\"og:image:type\" content=\"image\/jpeg\" \/>\n<meta name=\"author\" content=\"Leinewelle\" \/>\n<meta name=\"twitter:card\" content=\"summary_large_image\" \/>\n<meta name=\"twitter:creator\" content=\"@https:\/\/twitter.com\/RLeinewelle?ref_src=twsrcgoogletwcampserptwgrauthor\" \/>\n<meta name=\"twitter:site\" content=\"@RLeinewelle\" \/>\n<meta name=\"twitter:label1\" content=\"Verfasst von\" \/>\n\t<meta name=\"twitter:data1\" content=\"Leinewelle\" \/>\n\t<meta name=\"twitter:label2\" content=\"Gesch\u00e4tzte Lesezeit\" \/>\n\t<meta name=\"twitter:data2\" content=\"1\u00a0Minute\" \/>\n<script type=\"application\/ld+json\" class=\"yoast-schema-graph\">{\"@context\":\"https:\\\/\\\/schema.org\",\"@graph\":[{\"@type\":\"Article\",\"@id\":\"https:\\\/\\\/radioleinewelle.de\\\/index.php\\\/2024\\\/04\\\/28\\\/zum-nachhoeren-sanierung-schwaenchenteich-im-cheltenham-park\\\/#article\",\"isPartOf\":{\"@id\":\"https:\\\/\\\/radioleinewelle.de\\\/index.php\\\/2024\\\/04\\\/28\\\/zum-nachhoeren-sanierung-schwaenchenteich-im-cheltenham-park\\\/\"},\"author\":{\"name\":\"Leinewelle\",\"@id\":\"https:\\\/\\\/radioleinewelle.de\\\/#\\\/schema\\\/person\\\/45606f348637df637192dc1b68399a63\"},\"headline\":\"Zum Nachh\u00f6ren: Sanierung Schw\u00e4nchenteich im Cheltenham Park\",\"datePublished\":\"2024-04-28T08:34:52+00:00\",\"dateModified\":\"2024-04-28T08:37:45+00:00\",\"mainEntityOfPage\":{\"@id\":\"https:\\\/\\\/radioleinewelle.de\\\/index.php\\\/2024\\\/04\\\/28\\\/zum-nachhoeren-sanierung-schwaenchenteich-im-cheltenham-park\\\/\"},\"wordCount\":46,\"commentCount\":0,\"publisher\":{\"@id\":\"https:\\\/\\\/radioleinewelle.de\\\/#organization\"},\"image\":{\"@id\":\"https:\\\/\\\/radioleinewelle.de\\\/index.php\\\/2024\\\/04\\\/28\\\/zum-nachhoeren-sanierung-schwaenchenteich-im-cheltenham-park\\\/#primaryimage\"},\"thumbnailUrl\":\"https:\\\/\\\/radioleinewelle.de\\\/wp-content\\\/uploads\\\/2024\\\/04\\\/Schwaenchenteich-4.jpg\",\"articleSection\":[\"Bauen &amp; Verkehr\"],\"inLanguage\":\"de\",\"potentialAction\":[{\"@type\":\"CommentAction\",\"name\":\"Comment\",\"target\":[\"https:\\\/\\\/radioleinewelle.de\\\/index.php\\\/2024\\\/04\\\/28\\\/zum-nachhoeren-sanierung-schwaenchenteich-im-cheltenham-park\\\/#respond\"]}]},{\"@type\":\"WebPage\",\"@id\":\"https:\\\/\\\/radioleinewelle.de\\\/index.php\\\/2024\\\/04\\\/28\\\/zum-nachhoeren-sanierung-schwaenchenteich-im-cheltenham-park\\\/\",\"url\":\"https:\\\/\\\/radioleinewelle.de\\\/index.php\\\/2024\\\/04\\\/28\\\/zum-nachhoeren-sanierung-schwaenchenteich-im-cheltenham-park\\\/\",\"name\":\"Zum Nachh\u00f6ren: Sanierung Schw\u00e4nchenteich im Cheltenham Park - Radio Leinewelle\",\"isPartOf\":{\"@id\":\"https:\\\/\\\/radioleinewelle.de\\\/#website\"},\"primaryImageOfPage\":{\"@id\":\"https:\\\/\\\/radioleinewelle.de\\\/index.php\\\/2024\\\/04\\\/28\\\/zum-nachhoeren-sanierung-schwaenchenteich-im-cheltenham-park\\\/#primaryimage\"},\"image\":{\"@id\":\"https:\\\/\\\/radioleinewelle.de\\\/index.php\\\/2024\\\/04\\\/28\\\/zum-nachhoeren-sanierung-schwaenchenteich-im-cheltenham-park\\\/#primaryimage\"},\"thumbnailUrl\":\"https:\\\/\\\/radioleinewelle.de\\\/wp-content\\\/uploads\\\/2024\\\/04\\\/Schwaenchenteich-4.jpg\",\"datePublished\":\"2024-04-28T08:34:52+00:00\",\"dateModified\":\"2024-04-28T08:37:45+00:00\",\"breadcrumb\":{\"@id\":\"https:\\\/\\\/radioleinewelle.de\\\/index.php\\\/2024\\\/04\\\/28\\\/zum-nachhoeren-sanierung-schwaenchenteich-im-cheltenham-park\\\/#breadcrumb\"},\"inLanguage\":\"de\",\"potentialAction\":[{\"@type\":\"ReadAction\",\"target\":[\"https:\\\/\\\/radioleinewelle.de\\\/index.php\\\/2024\\\/04\\\/28\\\/zum-nachhoeren-sanierung-schwaenchenteich-im-cheltenham-park\\\/\"]}]},{\"@type\":\"ImageObject\",\"inLanguage\":\"de\",\"@id\":\"https:\\\/\\\/radioleinewelle.de\\\/index.php\\\/2024\\\/04\\\/28\\\/zum-nachhoeren-sanierung-schwaenchenteich-im-cheltenham-park\\\/#primaryimage\",\"url\":\"https:\\\/\\\/radioleinewelle.de\\\/wp-content\\\/uploads\\\/2024\\\/04\\\/Schwaenchenteich-4.jpg\",\"contentUrl\":\"https:\\\/\\\/radioleinewelle.de\\\/wp-content\\\/uploads\\\/2024\\\/04\\\/Schwaenchenteich-4.jpg\",\"width\":2016,\"height\":1512},{\"@type\":\"BreadcrumbList\",\"@id\":\"https:\\\/\\\/radioleinewelle.de\\\/index.php\\\/2024\\\/04\\\/28\\\/zum-nachhoeren-sanierung-schwaenchenteich-im-cheltenham-park\\\/#breadcrumb\",\"itemListElement\":[{\"@type\":\"ListItem\",\"position\":1,\"name\":\"Startseite\",\"item\":\"https:\\\/\\\/radioleinewelle.de\\\/\"},{\"@type\":\"ListItem\",\"position\":2,\"name\":\"Zum Nachh\u00f6ren: Sanierung Schw\u00e4nchenteich im Cheltenham Park\"}]},{\"@type\":\"WebSite\",\"@id\":\"https:\\\/\\\/radioleinewelle.de\\\/#website\",\"url\":\"https:\\\/\\\/radioleinewelle.de\\\/\",\"name\":\"Radio Leinewelle\",\"description\":\"\",\"publisher\":{\"@id\":\"https:\\\/\\\/radioleinewelle.de\\\/#organization\"},\"potentialAction\":[{\"@type\":\"SearchAction\",\"target\":{\"@type\":\"EntryPoint\",\"urlTemplate\":\"https:\\\/\\\/radioleinewelle.de\\\/?s={search_term_string}\"},\"query-input\":{\"@type\":\"PropertyValueSpecification\",\"valueRequired\":true,\"valueName\":\"search_term_string\"}}],\"inLanguage\":\"de\"},{\"@type\":\"Organization\",\"@id\":\"https:\\\/\\\/radioleinewelle.de\\\/#organization\",\"name\":\"Radio Leinewelle\",\"alternateName\":\"Mein Radio f\u00fcr S\u00fcdniedersachsen\",\"url\":\"https:\\\/\\\/radioleinewelle.de\\\/\",\"logo\":{\"@type\":\"ImageObject\",\"inLanguage\":\"de\",\"@id\":\"https:\\\/\\\/radioleinewelle.de\\\/#\\\/schema\\\/logo\\\/image\\\/\",\"url\":\"https:\\\/\\\/radioleinewelle.de\\\/wp-content\\\/uploads\\\/2023\\\/11\\\/cropped-Leinewelle_Logo_weiss.png\",\"contentUrl\":\"https:\\\/\\\/radioleinewelle.de\\\/wp-content\\\/uploads\\\/2023\\\/11\\\/cropped-Leinewelle_Logo_weiss.png\",\"width\":854,\"height\":260,\"caption\":\"Radio Leinewelle\"},\"image\":{\"@id\":\"https:\\\/\\\/radioleinewelle.de\\\/#\\\/schema\\\/logo\\\/image\\\/\"},\"sameAs\":[\"https:\\\/\\\/www.facebook.com\\\/radioleinewelle\",\"https:\\\/\\\/x.com\\\/RLeinewelle\",\"https:\\\/\\\/www.instagram.com\\\/radioleinewelle\\\/?hl=de\"]},{\"@type\":\"Person\",\"@id\":\"https:\\\/\\\/radioleinewelle.de\\\/#\\\/schema\\\/person\\\/45606f348637df637192dc1b68399a63\",\"name\":\"Leinewelle\",\"image\":{\"@type\":\"ImageObject\",\"inLanguage\":\"de\",\"@id\":\"https:\\\/\\\/secure.gravatar.com\\\/avatar\\\/05c9a17bc973052ee5d91549bd32fb4dd0dc85b7b85ae94b2e2b4943476bbea5?s=96&d=blank&r=g\",\"url\":\"https:\\\/\\\/secure.gravatar.com\\\/avatar\\\/05c9a17bc973052ee5d91549bd32fb4dd0dc85b7b85ae94b2e2b4943476bbea5?s=96&d=blank&r=g\",\"contentUrl\":\"https:\\\/\\\/secure.gravatar.com\\\/avatar\\\/05c9a17bc973052ee5d91549bd32fb4dd0dc85b7b85ae94b2e2b4943476bbea5?s=96&d=blank&r=g\",\"caption\":\"Leinewelle\"},\"sameAs\":[\"http:\\\/\\\/localhost\\\/radio%20leinewelle\\\/wordpress\",\"https:\\\/\\\/www.facebook.com\\\/radioleinewelle\",\"https:\\\/\\\/www.instagram.com\\\/radioleinewelle\",\"https:\\\/\\\/x.com\\\/https:\\\/\\\/twitter.com\\\/RLeinewelle?ref_src=twsrcgoogletwcampserptwgrauthor\",\"https:\\\/\\\/soundcloud.com\\\/foerderverein-lokalradio?utm_source=clipboard&utm_medium=text&utm_campaign=social_sharing\"],\"url\":\"https:\\\/\\\/radioleinewelle.de\\\/index.php\\\/author\\\/leinewelle\\\/\"}]}<\/script>\n<!-- \/ Yoast SEO plugin. -->","yoast_head_json":{"title":"Zum Nachh\u00f6ren: Sanierung Schw\u00e4nchenteich im Cheltenham Park - Radio Leinewelle","robots":{"index":"index","follow":"follow","max-snippet":"max-snippet:-1","max-image-preview":"max-image-preview:large","max-video-preview":"max-video-preview:-1"},"canonical":"https:\/\/radioleinewelle.de\/index.php\/2024\/04\/28\/zum-nachhoeren-sanierung-schwaenchenteich-im-cheltenham-park\/","og_locale":"de_DE","og_type":"article","og_title":"Zum Nachh\u00f6ren: Sanierung Schw\u00e4nchenteich im Cheltenham Park - Radio Leinewelle","og_description":"Er f\u00fchrte lange Jahre ein Schattendasein, der Schw\u00e4nchenteich im Cheltenham Park. Jetzt wird er umfassend saniert. Fotos: Stadtbaurat Frithjof Look und Dirk Osmers (Planungsb\u00fcro HAZ), Blick von oben und vom Teichgrund \u00a9Radio Leinewelle (ue)","og_url":"https:\/\/radioleinewelle.de\/index.php\/2024\/04\/28\/zum-nachhoeren-sanierung-schwaenchenteich-im-cheltenham-park\/","og_site_name":"Radio Leinewelle","article_publisher":"https:\/\/www.facebook.com\/radioleinewelle","article_author":"https:\/\/www.facebook.com\/radioleinewelle","article_published_time":"2024-04-28T08:34:52+00:00","article_modified_time":"2024-04-28T08:37:45+00:00","og_image":[{"width":2016,"height":1512,"url":"https:\/\/radioleinewelle.de\/wp-content\/uploads\/2024\/04\/Schwaenchenteich-4.jpg","type":"image\/jpeg"}],"author":"Leinewelle","twitter_card":"summary_large_image","twitter_creator":"@https:\/\/twitter.com\/RLeinewelle?ref_src=twsrcgoogletwcampserptwgrauthor","twitter_site":"@RLeinewelle","twitter_misc":{"Verfasst von":"Leinewelle","Gesch\u00e4tzte Lesezeit":"1\u00a0Minute"},"schema":{"@context":"https:\/\/schema.org","@graph":[{"@type":"Article","@id":"https:\/\/radioleinewelle.de\/index.php\/2024\/04\/28\/zum-nachhoeren-sanierung-schwaenchenteich-im-cheltenham-park\/#article","isPartOf":{"@id":"https:\/\/radioleinewelle.de\/index.php\/2024\/04\/28\/zum-nachhoeren-sanierung-schwaenchenteich-im-cheltenham-park\/"},"author":{"name":"Leinewelle","@id":"https:\/\/radioleinewelle.de\/#\/schema\/person\/45606f348637df637192dc1b68399a63"},"headline":"Zum Nachh\u00f6ren: Sanierung Schw\u00e4nchenteich im Cheltenham Park","datePublished":"2024-04-28T08:34:52+00:00","dateModified":"2024-04-28T08:37:45+00:00","mainEntityOfPage":{"@id":"https:\/\/radioleinewelle.de\/index.php\/2024\/04\/28\/zum-nachhoeren-sanierung-schwaenchenteich-im-cheltenham-park\/"},"wordCount":46,"commentCount":0,"publisher":{"@id":"https:\/\/radioleinewelle.de\/#organization"},"image":{"@id":"https:\/\/radioleinewelle.de\/index.php\/2024\/04\/28\/zum-nachhoeren-sanierung-schwaenchenteich-im-cheltenham-park\/#primaryimage"},"thumbnailUrl":"https:\/\/radioleinewelle.de\/wp-content\/uploads\/2024\/04\/Schwaenchenteich-4.jpg","articleSection":["Bauen &amp; Verkehr"],"inLanguage":"de","potentialAction":[{"@type":"CommentAction","name":"Comment","target":["https:\/\/radioleinewelle.de\/index.php\/2024\/04\/28\/zum-nachhoeren-sanierung-schwaenchenteich-im-cheltenham-park\/#respond"]}]},{"@type":"WebPage","@id":"https:\/\/radioleinewelle.de\/index.php\/2024\/04\/28\/zum-nachhoeren-sanierung-schwaenchenteich-im-cheltenham-park\/","url":"https:\/\/radioleinewelle.de\/index.php\/2024\/04\/28\/zum-nachhoeren-sanierung-schwaenchenteich-im-cheltenham-park\/","name":"Zum Nachh\u00f6ren: Sanierung Schw\u00e4nchenteich im Cheltenham Park - Radio Leinewelle","isPartOf":{"@id":"https:\/\/radioleinewelle.de\/#website"},"primaryImageOfPage":{"@id":"https:\/\/radioleinewelle.de\/index.php\/2024\/04\/28\/zum-nachhoeren-sanierung-schwaenchenteich-im-cheltenham-park\/#primaryimage"},"image":{"@id":"https:\/\/radioleinewelle.de\/index.php\/2024\/04\/28\/zum-nachhoeren-sanierung-schwaenchenteich-im-cheltenham-park\/#primaryimage"},"thumbnailUrl":"https:\/\/radioleinewelle.de\/wp-content\/uploads\/2024\/04\/Schwaenchenteich-4.jpg","datePublished":"2024-04-28T08:34:52+00:00","dateModified":"2024-04-28T08:37:45+00:00","breadcrumb":{"@id":"https:\/\/radioleinewelle.de\/index.php\/2024\/04\/28\/zum-nachhoeren-sanierung-schwaenchenteich-im-cheltenham-park\/#breadcrumb"},"inLanguage":"de","potentialAction":[{"@type":"ReadAction","target":["https:\/\/radioleinewelle.de\/index.php\/2024\/04\/28\/zum-nachhoeren-sanierung-schwaenchenteich-im-cheltenham-park\/"]}]},{"@type":"ImageObject","inLanguage":"de","@id":"https:\/\/radioleinewelle.de\/index.php\/2024\/04\/28\/zum-nachhoeren-sanierung-schwaenchenteich-im-cheltenham-park\/#primaryimage","url":"https:\/\/radioleinewelle.de\/wp-content\/uploads\/2024\/04\/Schwaenchenteich-4.jpg","contentUrl":"https:\/\/radioleinewelle.de\/wp-content\/uploads\/2024\/04\/Schwaenchenteich-4.jpg","width":2016,"height":1512},{"@type":"BreadcrumbList","@id":"https:\/\/radioleinewelle.de\/index.php\/2024\/04\/28\/zum-nachhoeren-sanierung-schwaenchenteich-im-cheltenham-park\/#breadcrumb","itemListElement":[{"@type":"ListItem","position":1,"name":"Startseite","item":"https:\/\/radioleinewelle.de\/"},{"@type":"ListItem","position":2,"name":"Zum Nachh\u00f6ren: Sanierung Schw\u00e4nchenteich im Cheltenham Park"}]},{"@type":"WebSite","@id":"https:\/\/radioleinewelle.de\/#website","url":"https:\/\/radioleinewelle.de\/","name":"Radio Leinewelle","description":"","publisher":{"@id":"https:\/\/radioleinewelle.de\/#organization"},"potentialAction":[{"@type":"SearchAction","target":{"@type":"EntryPoint","urlTemplate":"https:\/\/radioleinewelle.de\/?s={search_term_string}"},"query-input":{"@type":"PropertyValueSpecification","valueRequired":true,"valueName":"search_term_string"}}],"inLanguage":"de"},{"@type":"Organization","@id":"https:\/\/radioleinewelle.de\/#organization","name":"Radio Leinewelle","alternateName":"Mein Radio f\u00fcr S\u00fcdniedersachsen","url":"https:\/\/radioleinewelle.de\/","logo":{"@type":"ImageObject","inLanguage":"de","@id":"https:\/\/radioleinewelle.de\/#\/schema\/logo\/image\/","url":"https:\/\/radioleinewelle.de\/wp-content\/uploads\/2023\/11\/cropped-Leinewelle_Logo_weiss.png","contentUrl":"https:\/\/radioleinewelle.de\/wp-content\/uploads\/2023\/11\/cropped-Leinewelle_Logo_weiss.png","width":854,"height":260,"caption":"Radio Leinewelle"},"image":{"@id":"https:\/\/radioleinewelle.de\/#\/schema\/logo\/image\/"},"sameAs":["https:\/\/www.facebook.com\/radioleinewelle","https:\/\/x.com\/RLeinewelle","https:\/\/www.instagram.com\/radioleinewelle\/?hl=de"]},{"@type":"Person","@id":"https:\/\/radioleinewelle.de\/#\/schema\/person\/45606f348637df637192dc1b68399a63","name":"Leinewelle","image":{"@type":"ImageObject","inLanguage":"de","@id":"https:\/\/secure.gravatar.com\/avatar\/05c9a17bc973052ee5d91549bd32fb4dd0dc85b7b85ae94b2e2b4943476bbea5?s=96&d=blank&r=g","url":"https:\/\/secure.gravatar.com\/avatar\/05c9a17bc973052ee5d91549bd32fb4dd0dc85b7b85ae94b2e2b4943476bbea5?s=96&d=blank&r=g","contentUrl":"https:\/\/secure.gravatar.com\/avatar\/05c9a17bc973052ee5d91549bd32fb4dd0dc85b7b85ae94b2e2b4943476bbea5?s=96&d=blank&r=g","caption":"Leinewelle"},"sameAs":["http:\/\/localhost\/radio%20leinewelle\/wordpress","https:\/\/www.facebook.com\/radioleinewelle","https:\/\/www.instagram.com\/radioleinewelle","https:\/\/x.com\/https:\/\/twitter.com\/RLeinewelle?ref_src=twsrcgoogletwcampserptwgrauthor","https:\/\/soundcloud.com\/foerderverein-lokalradio?utm_source=clipboard&utm_medium=text&utm_campaign=social_sharing"],"url":"https:\/\/radioleinewelle.de\/index.php\/author\/leinewelle\/"}]}},"_links":{"self":[{"href":"https:\/\/radioleinewelle.de\/index.php\/wp-json\/wp\/v2\/posts\/25392","targetHints":{"allow":["GET"]}}],"collection":[{"href":"https:\/\/radioleinewelle.de\/index.php\/wp-json\/wp\/v2\/posts"}],"about":[{"href":"https:\/\/radioleinewelle.de\/index.php\/wp-json\/wp\/v2\/types\/post"}],"author":[{"embeddable":true,"href":"https:\/\/radioleinewelle.de\/index.php\/wp-json\/wp\/v2\/users\/1"}],"replies":[{"embeddable":true,"href":"https:\/\/radioleinewelle.de\/index.php\/wp-json\/wp\/v2\/comments?post=25392"}],"version-history":[{"count":2,"href":"https:\/\/radioleinewelle.de\/index.php\/wp-json\/wp\/v2\/posts\/25392\/revisions"}],"predecessor-version":[{"id":25400,"href":"https:\/\/radioleinewelle.de\/index.php\/wp-json\/wp\/v2\/posts\/25392\/revisions\/25400"}],"wp:featuredmedia":[{"embeddable":true,"href":"https:\/\/radioleinewelle.de\/index.php\/wp-json\/wp\/v2\/media\/25399"}],"wp:attachment":[{"href":"https:\/\/radioleinewelle.de\/index.php\/wp-json\/wp\/v2\/media?parent=25392"}],"wp:term":[{"taxonomy":"category","embeddable":true,"href":"https:\/\/radioleinewelle.de\/index.php\/wp-json\/wp\/v2\/categories?post=25392"},{"taxonomy":"post_tag","embeddable":true,"href":"https:\/\/radioleinewelle.de\/index.php\/wp-json\/wp\/v2\/tags?post=25392"}],"curies":[{"name":"wp","href":"https:\/\/api.w.org\/{rel}","templated":true}]}}