{"id":25406,"date":"2024-04-29T09:39:54","date_gmt":"2024-04-29T07:39:54","guid":{"rendered":"https:\/\/radioleinewelle.de\/?p=25406"},"modified":"2024-04-29T09:41:09","modified_gmt":"2024-04-29T07:41:09","slug":"zukunftstag-bei-radio-leinewelle-2","status":"publish","type":"post","link":"https:\/\/radioleinewelle.de\/index.php\/2024\/04\/29\/zukunftstag-bei-radio-leinewelle-2\/","title":{"rendered":"So war der Zukunftstag bei Radio Leinewelle"},"content":{"rendered":"\n<p>Vergangene Woche fand wieder der bundesweite Zukunftstag statt. Er erm\u00f6glicht Sch\u00fclerinnen und Sch\u00fclern einen Einblick in die unterschiedlichsten Ausbildungen und Berufe. Was Julia Heimann, Cornelius Pauling und Julian Bethke   bei uns erlebten und wo wir unterwegs waren, h\u00f6rt ihr heute Abend bei Torsten Bussmann in der der Mann-O-Mann Show ab 18 Uhr.<\/p>\n\n\n\n<p><strong>Foto<\/strong> (v.l. n.r.): Cornelius Pauling, Julia Heimann, Julian Bethke, Torsten Bussmann und Ulf Engelmayer \u00a9Radio Leinewelle<\/p>\n","protected":false},"excerpt":{"rendered":"<p>Vergangene Woche fand wieder der bundesweite Zukunftstag statt. Er erm\u00f6glicht Sch\u00fclerinnen und Sch\u00fclern einen Einblick in die unterschiedlichsten Ausbildungen und Berufe. Was Julia Heimann, Cornelius Pauling und Julian Bethke bei uns erlebten und wo wir unterwegs waren, h\u00f6rt ihr heute Abend bei Torsten Bussmann in der der Mann-O-Mann Show ab 18 Uhr. Foto (v.l. n.r.): [&hellip;]<\/p>\n","protected":false},"author":1,"featured_media":25408,"comment_status":"open","ping_status":"open","sticky":true,"template":"","format":"standard","meta":{"saved_in_kubio":false,"footnotes":""},"categories":[40,1366,29],"tags":[],"class_list":["post-25406","post","type-post","status-publish","format-standard","has-post-thumbnail","hentry","category-gesundheit","category-in-eigener-sache","category-on-air"],"yoast_head":"<!-- This site is optimized with the Yoast SEO plugin v27.5 - https:\/\/yoast.com\/product\/yoast-seo-wordpress\/ -->\n<title>So war der Zukunftstag bei Radio Leinewelle - Radio Leinewelle<\/title>\n<meta name=\"robots\" content=\"index, follow, max-snippet:-1, max-image-preview:large, max-video-preview:-1\" \/>\n<link rel=\"canonical\" href=\"https:\/\/radioleinewelle.de\/index.php\/2024\/04\/29\/zukunftstag-bei-radio-leinewelle-2\/\" \/>\n<meta property=\"og:locale\" content=\"de_DE\" \/>\n<meta property=\"og:type\" content=\"article\" \/>\n<meta property=\"og:title\" content=\"So war der Zukunftstag bei Radio Leinewelle - Radio Leinewelle\" \/>\n<meta property=\"og:description\" content=\"Vergangene Woche fand wieder der bundesweite Zukunftstag statt. Er erm\u00f6glicht Sch\u00fclerinnen und Sch\u00fclern einen Einblick in die unterschiedlichsten Ausbildungen und Berufe. Was Julia Heimann, Cornelius Pauling und Julian Bethke bei uns erlebten und wo wir unterwegs waren, h\u00f6rt ihr heute Abend bei Torsten Bussmann in der der Mann-O-Mann Show ab 18 Uhr. Foto (v.l. n.r.): [&hellip;]\" \/>\n<meta property=\"og:url\" content=\"https:\/\/radioleinewelle.de\/index.php\/2024\/04\/29\/zukunftstag-bei-radio-leinewelle-2\/\" \/>\n<meta property=\"og:site_name\" content=\"Radio Leinewelle\" \/>\n<meta property=\"article:publisher\" content=\"https:\/\/www.facebook.com\/radioleinewelle\" \/>\n<meta property=\"article:author\" content=\"https:\/\/www.facebook.com\/radioleinewelle\" \/>\n<meta property=\"article:published_time\" content=\"2024-04-29T07:39:54+00:00\" \/>\n<meta property=\"article:modified_time\" content=\"2024-04-29T07:41:09+00:00\" \/>\n<meta property=\"og:image\" content=\"https:\/\/radioleinewelle.de\/wp-content\/uploads\/2024\/04\/Zukunftstag-2024.jpg\" \/>\n\t<meta property=\"og:image:width\" content=\"2016\" \/>\n\t<meta property=\"og:image:height\" content=\"1512\" \/>\n\t<meta property=\"og:image:type\" content=\"image\/jpeg\" \/>\n<meta name=\"author\" content=\"Leinewelle\" \/>\n<meta name=\"twitter:card\" content=\"summary_large_image\" \/>\n<meta name=\"twitter:creator\" content=\"@https:\/\/twitter.com\/RLeinewelle?ref_src=twsrcgoogletwcampserptwgrauthor\" \/>\n<meta name=\"twitter:site\" content=\"@RLeinewelle\" \/>\n<meta name=\"twitter:label1\" content=\"Verfasst von\" \/>\n\t<meta name=\"twitter:data1\" content=\"Leinewelle\" \/>\n\t<meta name=\"twitter:label2\" content=\"Gesch\u00e4tzte Lesezeit\" \/>\n\t<meta name=\"twitter:data2\" content=\"1\u00a0Minute\" \/>\n<script type=\"application\/ld+json\" class=\"yoast-schema-graph\">{\"@context\":\"https:\\\/\\\/schema.org\",\"@graph\":[{\"@type\":\"Article\",\"@id\":\"https:\\\/\\\/radioleinewelle.de\\\/index.php\\\/2024\\\/04\\\/29\\\/zukunftstag-bei-radio-leinewelle-2\\\/#article\",\"isPartOf\":{\"@id\":\"https:\\\/\\\/radioleinewelle.de\\\/index.php\\\/2024\\\/04\\\/29\\\/zukunftstag-bei-radio-leinewelle-2\\\/\"},\"author\":{\"name\":\"Leinewelle\",\"@id\":\"https:\\\/\\\/radioleinewelle.de\\\/#\\\/schema\\\/person\\\/45606f348637df637192dc1b68399a63\"},\"headline\":\"So war der Zukunftstag bei Radio Leinewelle\",\"datePublished\":\"2024-04-29T07:39:54+00:00\",\"dateModified\":\"2024-04-29T07:41:09+00:00\",\"mainEntityOfPage\":{\"@id\":\"https:\\\/\\\/radioleinewelle.de\\\/index.php\\\/2024\\\/04\\\/29\\\/zukunftstag-bei-radio-leinewelle-2\\\/\"},\"wordCount\":80,\"commentCount\":0,\"publisher\":{\"@id\":\"https:\\\/\\\/radioleinewelle.de\\\/#organization\"},\"image\":{\"@id\":\"https:\\\/\\\/radioleinewelle.de\\\/index.php\\\/2024\\\/04\\\/29\\\/zukunftstag-bei-radio-leinewelle-2\\\/#primaryimage\"},\"thumbnailUrl\":\"https:\\\/\\\/radioleinewelle.de\\\/wp-content\\\/uploads\\\/2024\\\/04\\\/Zukunftstag-2024.jpg\",\"articleSection\":[\"Gesundheit\",\"In eigener sache\",\"On Air\"],\"inLanguage\":\"de\",\"potentialAction\":[{\"@type\":\"CommentAction\",\"name\":\"Comment\",\"target\":[\"https:\\\/\\\/radioleinewelle.de\\\/index.php\\\/2024\\\/04\\\/29\\\/zukunftstag-bei-radio-leinewelle-2\\\/#respond\"]}]},{\"@type\":\"WebPage\",\"@id\":\"https:\\\/\\\/radioleinewelle.de\\\/index.php\\\/2024\\\/04\\\/29\\\/zukunftstag-bei-radio-leinewelle-2\\\/\",\"url\":\"https:\\\/\\\/radioleinewelle.de\\\/index.php\\\/2024\\\/04\\\/29\\\/zukunftstag-bei-radio-leinewelle-2\\\/\",\"name\":\"So war der Zukunftstag bei Radio Leinewelle - Radio Leinewelle\",\"isPartOf\":{\"@id\":\"https:\\\/\\\/radioleinewelle.de\\\/#website\"},\"primaryImageOfPage\":{\"@id\":\"https:\\\/\\\/radioleinewelle.de\\\/index.php\\\/2024\\\/04\\\/29\\\/zukunftstag-bei-radio-leinewelle-2\\\/#primaryimage\"},\"image\":{\"@id\":\"https:\\\/\\\/radioleinewelle.de\\\/index.php\\\/2024\\\/04\\\/29\\\/zukunftstag-bei-radio-leinewelle-2\\\/#primaryimage\"},\"thumbnailUrl\":\"https:\\\/\\\/radioleinewelle.de\\\/wp-content\\\/uploads\\\/2024\\\/04\\\/Zukunftstag-2024.jpg\",\"datePublished\":\"2024-04-29T07:39:54+00:00\",\"dateModified\":\"2024-04-29T07:41:09+00:00\",\"breadcrumb\":{\"@id\":\"https:\\\/\\\/radioleinewelle.de\\\/index.php\\\/2024\\\/04\\\/29\\\/zukunftstag-bei-radio-leinewelle-2\\\/#breadcrumb\"},\"inLanguage\":\"de\",\"potentialAction\":[{\"@type\":\"ReadAction\",\"target\":[\"https:\\\/\\\/radioleinewelle.de\\\/index.php\\\/2024\\\/04\\\/29\\\/zukunftstag-bei-radio-leinewelle-2\\\/\"]}]},{\"@type\":\"ImageObject\",\"inLanguage\":\"de\",\"@id\":\"https:\\\/\\\/radioleinewelle.de\\\/index.php\\\/2024\\\/04\\\/29\\\/zukunftstag-bei-radio-leinewelle-2\\\/#primaryimage\",\"url\":\"https:\\\/\\\/radioleinewelle.de\\\/wp-content\\\/uploads\\\/2024\\\/04\\\/Zukunftstag-2024.jpg\",\"contentUrl\":\"https:\\\/\\\/radioleinewelle.de\\\/wp-content\\\/uploads\\\/2024\\\/04\\\/Zukunftstag-2024.jpg\",\"width\":2016,\"height\":1512},{\"@type\":\"BreadcrumbList\",\"@id\":\"https:\\\/\\\/radioleinewelle.de\\\/index.php\\\/2024\\\/04\\\/29\\\/zukunftstag-bei-radio-leinewelle-2\\\/#breadcrumb\",\"itemListElement\":[{\"@type\":\"ListItem\",\"position\":1,\"name\":\"Startseite\",\"item\":\"https:\\\/\\\/radioleinewelle.de\\\/\"},{\"@type\":\"ListItem\",\"position\":2,\"name\":\"So war der Zukunftstag bei Radio Leinewelle\"}]},{\"@type\":\"WebSite\",\"@id\":\"https:\\\/\\\/radioleinewelle.de\\\/#website\",\"url\":\"https:\\\/\\\/radioleinewelle.de\\\/\",\"name\":\"Radio Leinewelle\",\"description\":\"\",\"publisher\":{\"@id\":\"https:\\\/\\\/radioleinewelle.de\\\/#organization\"},\"potentialAction\":[{\"@type\":\"SearchAction\",\"target\":{\"@type\":\"EntryPoint\",\"urlTemplate\":\"https:\\\/\\\/radioleinewelle.de\\\/?s={search_term_string}\"},\"query-input\":{\"@type\":\"PropertyValueSpecification\",\"valueRequired\":true,\"valueName\":\"search_term_string\"}}],\"inLanguage\":\"de\"},{\"@type\":\"Organization\",\"@id\":\"https:\\\/\\\/radioleinewelle.de\\\/#organization\",\"name\":\"Radio Leinewelle\",\"alternateName\":\"Mein Radio f\u00fcr S\u00fcdniedersachsen\",\"url\":\"https:\\\/\\\/radioleinewelle.de\\\/\",\"logo\":{\"@type\":\"ImageObject\",\"inLanguage\":\"de\",\"@id\":\"https:\\\/\\\/radioleinewelle.de\\\/#\\\/schema\\\/logo\\\/image\\\/\",\"url\":\"https:\\\/\\\/radioleinewelle.de\\\/wp-content\\\/uploads\\\/2023\\\/11\\\/cropped-Leinewelle_Logo_weiss.png\",\"contentUrl\":\"https:\\\/\\\/radioleinewelle.de\\\/wp-content\\\/uploads\\\/2023\\\/11\\\/cropped-Leinewelle_Logo_weiss.png\",\"width\":854,\"height\":260,\"caption\":\"Radio Leinewelle\"},\"image\":{\"@id\":\"https:\\\/\\\/radioleinewelle.de\\\/#\\\/schema\\\/logo\\\/image\\\/\"},\"sameAs\":[\"https:\\\/\\\/www.facebook.com\\\/radioleinewelle\",\"https:\\\/\\\/x.com\\\/RLeinewelle\",\"https:\\\/\\\/www.instagram.com\\\/radioleinewelle\\\/?hl=de\"]},{\"@type\":\"Person\",\"@id\":\"https:\\\/\\\/radioleinewelle.de\\\/#\\\/schema\\\/person\\\/45606f348637df637192dc1b68399a63\",\"name\":\"Leinewelle\",\"image\":{\"@type\":\"ImageObject\",\"inLanguage\":\"de\",\"@id\":\"https:\\\/\\\/secure.gravatar.com\\\/avatar\\\/05c9a17bc973052ee5d91549bd32fb4dd0dc85b7b85ae94b2e2b4943476bbea5?s=96&d=blank&r=g\",\"url\":\"https:\\\/\\\/secure.gravatar.com\\\/avatar\\\/05c9a17bc973052ee5d91549bd32fb4dd0dc85b7b85ae94b2e2b4943476bbea5?s=96&d=blank&r=g\",\"contentUrl\":\"https:\\\/\\\/secure.gravatar.com\\\/avatar\\\/05c9a17bc973052ee5d91549bd32fb4dd0dc85b7b85ae94b2e2b4943476bbea5?s=96&d=blank&r=g\",\"caption\":\"Leinewelle\"},\"sameAs\":[\"http:\\\/\\\/localhost\\\/radio%20leinewelle\\\/wordpress\",\"https:\\\/\\\/www.facebook.com\\\/radioleinewelle\",\"https:\\\/\\\/www.instagram.com\\\/radioleinewelle\",\"https:\\\/\\\/x.com\\\/https:\\\/\\\/twitter.com\\\/RLeinewelle?ref_src=twsrcgoogletwcampserptwgrauthor\",\"https:\\\/\\\/soundcloud.com\\\/foerderverein-lokalradio?utm_source=clipboard&utm_medium=text&utm_campaign=social_sharing\"],\"url\":\"https:\\\/\\\/radioleinewelle.de\\\/index.php\\\/author\\\/leinewelle\\\/\"}]}<\/script>\n<!-- \/ Yoast SEO plugin. -->","yoast_head_json":{"title":"So war der Zukunftstag bei Radio Leinewelle - Radio Leinewelle","robots":{"index":"index","follow":"follow","max-snippet":"max-snippet:-1","max-image-preview":"max-image-preview:large","max-video-preview":"max-video-preview:-1"},"canonical":"https:\/\/radioleinewelle.de\/index.php\/2024\/04\/29\/zukunftstag-bei-radio-leinewelle-2\/","og_locale":"de_DE","og_type":"article","og_title":"So war der Zukunftstag bei Radio Leinewelle - Radio Leinewelle","og_description":"Vergangene Woche fand wieder der bundesweite Zukunftstag statt. Er erm\u00f6glicht Sch\u00fclerinnen und Sch\u00fclern einen Einblick in die unterschiedlichsten Ausbildungen und Berufe. Was Julia Heimann, Cornelius Pauling und Julian Bethke bei uns erlebten und wo wir unterwegs waren, h\u00f6rt ihr heute Abend bei Torsten Bussmann in der der Mann-O-Mann Show ab 18 Uhr. Foto (v.l. n.r.): [&hellip;]","og_url":"https:\/\/radioleinewelle.de\/index.php\/2024\/04\/29\/zukunftstag-bei-radio-leinewelle-2\/","og_site_name":"Radio Leinewelle","article_publisher":"https:\/\/www.facebook.com\/radioleinewelle","article_author":"https:\/\/www.facebook.com\/radioleinewelle","article_published_time":"2024-04-29T07:39:54+00:00","article_modified_time":"2024-04-29T07:41:09+00:00","og_image":[{"width":2016,"height":1512,"url":"https:\/\/radioleinewelle.de\/wp-content\/uploads\/2024\/04\/Zukunftstag-2024.jpg","type":"image\/jpeg"}],"author":"Leinewelle","twitter_card":"summary_large_image","twitter_creator":"@https:\/\/twitter.com\/RLeinewelle?ref_src=twsrcgoogletwcampserptwgrauthor","twitter_site":"@RLeinewelle","twitter_misc":{"Verfasst von":"Leinewelle","Gesch\u00e4tzte Lesezeit":"1\u00a0Minute"},"schema":{"@context":"https:\/\/schema.org","@graph":[{"@type":"Article","@id":"https:\/\/radioleinewelle.de\/index.php\/2024\/04\/29\/zukunftstag-bei-radio-leinewelle-2\/#article","isPartOf":{"@id":"https:\/\/radioleinewelle.de\/index.php\/2024\/04\/29\/zukunftstag-bei-radio-leinewelle-2\/"},"author":{"name":"Leinewelle","@id":"https:\/\/radioleinewelle.de\/#\/schema\/person\/45606f348637df637192dc1b68399a63"},"headline":"So war der Zukunftstag bei Radio Leinewelle","datePublished":"2024-04-29T07:39:54+00:00","dateModified":"2024-04-29T07:41:09+00:00","mainEntityOfPage":{"@id":"https:\/\/radioleinewelle.de\/index.php\/2024\/04\/29\/zukunftstag-bei-radio-leinewelle-2\/"},"wordCount":80,"commentCount":0,"publisher":{"@id":"https:\/\/radioleinewelle.de\/#organization"},"image":{"@id":"https:\/\/radioleinewelle.de\/index.php\/2024\/04\/29\/zukunftstag-bei-radio-leinewelle-2\/#primaryimage"},"thumbnailUrl":"https:\/\/radioleinewelle.de\/wp-content\/uploads\/2024\/04\/Zukunftstag-2024.jpg","articleSection":["Gesundheit","In eigener sache","On Air"],"inLanguage":"de","potentialAction":[{"@type":"CommentAction","name":"Comment","target":["https:\/\/radioleinewelle.de\/index.php\/2024\/04\/29\/zukunftstag-bei-radio-leinewelle-2\/#respond"]}]},{"@type":"WebPage","@id":"https:\/\/radioleinewelle.de\/index.php\/2024\/04\/29\/zukunftstag-bei-radio-leinewelle-2\/","url":"https:\/\/radioleinewelle.de\/index.php\/2024\/04\/29\/zukunftstag-bei-radio-leinewelle-2\/","name":"So war der Zukunftstag bei Radio Leinewelle - Radio Leinewelle","isPartOf":{"@id":"https:\/\/radioleinewelle.de\/#website"},"primaryImageOfPage":{"@id":"https:\/\/radioleinewelle.de\/index.php\/2024\/04\/29\/zukunftstag-bei-radio-leinewelle-2\/#primaryimage"},"image":{"@id":"https:\/\/radioleinewelle.de\/index.php\/2024\/04\/29\/zukunftstag-bei-radio-leinewelle-2\/#primaryimage"},"thumbnailUrl":"https:\/\/radioleinewelle.de\/wp-content\/uploads\/2024\/04\/Zukunftstag-2024.jpg","datePublished":"2024-04-29T07:39:54+00:00","dateModified":"2024-04-29T07:41:09+00:00","breadcrumb":{"@id":"https:\/\/radioleinewelle.de\/index.php\/2024\/04\/29\/zukunftstag-bei-radio-leinewelle-2\/#breadcrumb"},"inLanguage":"de","potentialAction":[{"@type":"ReadAction","target":["https:\/\/radioleinewelle.de\/index.php\/2024\/04\/29\/zukunftstag-bei-radio-leinewelle-2\/"]}]},{"@type":"ImageObject","inLanguage":"de","@id":"https:\/\/radioleinewelle.de\/index.php\/2024\/04\/29\/zukunftstag-bei-radio-leinewelle-2\/#primaryimage","url":"https:\/\/radioleinewelle.de\/wp-content\/uploads\/2024\/04\/Zukunftstag-2024.jpg","contentUrl":"https:\/\/radioleinewelle.de\/wp-content\/uploads\/2024\/04\/Zukunftstag-2024.jpg","width":2016,"height":1512},{"@type":"BreadcrumbList","@id":"https:\/\/radioleinewelle.de\/index.php\/2024\/04\/29\/zukunftstag-bei-radio-leinewelle-2\/#breadcrumb","itemListElement":[{"@type":"ListItem","position":1,"name":"Startseite","item":"https:\/\/radioleinewelle.de\/"},{"@type":"ListItem","position":2,"name":"So war der Zukunftstag bei Radio Leinewelle"}]},{"@type":"WebSite","@id":"https:\/\/radioleinewelle.de\/#website","url":"https:\/\/radioleinewelle.de\/","name":"Radio Leinewelle","description":"","publisher":{"@id":"https:\/\/radioleinewelle.de\/#organization"},"potentialAction":[{"@type":"SearchAction","target":{"@type":"EntryPoint","urlTemplate":"https:\/\/radioleinewelle.de\/?s={search_term_string}"},"query-input":{"@type":"PropertyValueSpecification","valueRequired":true,"valueName":"search_term_string"}}],"inLanguage":"de"},{"@type":"Organization","@id":"https:\/\/radioleinewelle.de\/#organization","name":"Radio Leinewelle","alternateName":"Mein Radio f\u00fcr S\u00fcdniedersachsen","url":"https:\/\/radioleinewelle.de\/","logo":{"@type":"ImageObject","inLanguage":"de","@id":"https:\/\/radioleinewelle.de\/#\/schema\/logo\/image\/","url":"https:\/\/radioleinewelle.de\/wp-content\/uploads\/2023\/11\/cropped-Leinewelle_Logo_weiss.png","contentUrl":"https:\/\/radioleinewelle.de\/wp-content\/uploads\/2023\/11\/cropped-Leinewelle_Logo_weiss.png","width":854,"height":260,"caption":"Radio Leinewelle"},"image":{"@id":"https:\/\/radioleinewelle.de\/#\/schema\/logo\/image\/"},"sameAs":["https:\/\/www.facebook.com\/radioleinewelle","https:\/\/x.com\/RLeinewelle","https:\/\/www.instagram.com\/radioleinewelle\/?hl=de"]},{"@type":"Person","@id":"https:\/\/radioleinewelle.de\/#\/schema\/person\/45606f348637df637192dc1b68399a63","name":"Leinewelle","image":{"@type":"ImageObject","inLanguage":"de","@id":"https:\/\/secure.gravatar.com\/avatar\/05c9a17bc973052ee5d91549bd32fb4dd0dc85b7b85ae94b2e2b4943476bbea5?s=96&d=blank&r=g","url":"https:\/\/secure.gravatar.com\/avatar\/05c9a17bc973052ee5d91549bd32fb4dd0dc85b7b85ae94b2e2b4943476bbea5?s=96&d=blank&r=g","contentUrl":"https:\/\/secure.gravatar.com\/avatar\/05c9a17bc973052ee5d91549bd32fb4dd0dc85b7b85ae94b2e2b4943476bbea5?s=96&d=blank&r=g","caption":"Leinewelle"},"sameAs":["http:\/\/localhost\/radio%20leinewelle\/wordpress","https:\/\/www.facebook.com\/radioleinewelle","https:\/\/www.instagram.com\/radioleinewelle","https:\/\/x.com\/https:\/\/twitter.com\/RLeinewelle?ref_src=twsrcgoogletwcampserptwgrauthor","https:\/\/soundcloud.com\/foerderverein-lokalradio?utm_source=clipboard&utm_medium=text&utm_campaign=social_sharing"],"url":"https:\/\/radioleinewelle.de\/index.php\/author\/leinewelle\/"}]}},"_links":{"self":[{"href":"https:\/\/radioleinewelle.de\/index.php\/wp-json\/wp\/v2\/posts\/25406","targetHints":{"allow":["GET"]}}],"collection":[{"href":"https:\/\/radioleinewelle.de\/index.php\/wp-json\/wp\/v2\/posts"}],"about":[{"href":"https:\/\/radioleinewelle.de\/index.php\/wp-json\/wp\/v2\/types\/post"}],"author":[{"embeddable":true,"href":"https:\/\/radioleinewelle.de\/index.php\/wp-json\/wp\/v2\/users\/1"}],"replies":[{"embeddable":true,"href":"https:\/\/radioleinewelle.de\/index.php\/wp-json\/wp\/v2\/comments?post=25406"}],"version-history":[{"count":4,"href":"https:\/\/radioleinewelle.de\/index.php\/wp-json\/wp\/v2\/posts\/25406\/revisions"}],"predecessor-version":[{"id":25411,"href":"https:\/\/radioleinewelle.de\/index.php\/wp-json\/wp\/v2\/posts\/25406\/revisions\/25411"}],"wp:featuredmedia":[{"embeddable":true,"href":"https:\/\/radioleinewelle.de\/index.php\/wp-json\/wp\/v2\/media\/25408"}],"wp:attachment":[{"href":"https:\/\/radioleinewelle.de\/index.php\/wp-json\/wp\/v2\/media?parent=25406"}],"wp:term":[{"taxonomy":"category","embeddable":true,"href":"https:\/\/radioleinewelle.de\/index.php\/wp-json\/wp\/v2\/categories?post=25406"},{"taxonomy":"post_tag","embeddable":true,"href":"https:\/\/radioleinewelle.de\/index.php\/wp-json\/wp\/v2\/tags?post=25406"}],"curies":[{"name":"wp","href":"https:\/\/api.w.org\/{rel}","templated":true}]}}