{"id":25419,"date":"2024-04-30T08:59:31","date_gmt":"2024-04-30T06:59:31","guid":{"rendered":"https:\/\/radioleinewelle.de\/?p=25419"},"modified":"2024-04-30T08:59:32","modified_gmt":"2024-04-30T06:59:32","slug":"neue-kurse-fit-fuers-ehrenamt","status":"publish","type":"post","link":"https:\/\/radioleinewelle.de\/index.php\/2024\/04\/30\/neue-kurse-fit-fuers-ehrenamt\/","title":{"rendered":"Neue Kurse &#8211; Fit f\u00fcrs Ehrenamt"},"content":{"rendered":"\n<p><strong>Die Servicestelle B\u00fcrgerschaftliches Engagement des Landkreises G\u00f6ttingen bietet im Rahmen des Qualifizierungsangebotes \u201eFit f\u00fcrs Ehrenamt\u201c wieder kostenlose Workshops f\u00fcr ehrenamtlich Engagierte im Landkreis G\u00f6ttingen an.<\/strong><\/p>\n\n\n\n<p>Welche F\u00f6rdermittel gibt es f\u00fcr l\u00e4ndliche Vereine? Wie schreibe ich einen F\u00f6rderantrag? Was muss ich zum Thema Gemeinn\u00fctzigkeit und Kassenf\u00fchrung im Verein beachten? Wie bereite ich die Kassenpr\u00fcfung und den Rechenschaftsbericht effizient und rechtssicher f\u00fcr die n\u00e4chste Mitgliederversammlung in meinem Verein vor?&nbsp;&nbsp;<\/p>\n\n\n\n<p>Von Ende Mai bis Ende Juni erhalten ehrenamtlich Engagierte im Landkreis G\u00f6ttingen fundiertes Hintergrundwissen und wertvolle Impulse zu den folgenden drei Themenbl\u00f6cken: F\u00f6rdermittelakquise, Grundlagen der Gemeinn\u00fctzigkeit und Vereinsbuchf\u00fchrung sowie Kassenpr\u00fcfung und Rechenschaftsbericht.&nbsp;<\/p>\n\n\n\n<p>Termine<\/p>\n\n\n\n<ul class=\"wp-block-list\">\n<li>Am 28. Mai 2024 findet von 18:00 bis 20:15 Uhr das Online-Seminar zum Thema\u00a0<strong>\u201eGrundlagen der Gemeinn\u00fctzigkeit &amp; Vereinsbuchf\u00fchrung\u201c<\/strong>\u00a0statt.<\/li>\n\n\n\n<li>Am 6. Juni 2024 k\u00f6nnen sich Ehrenamtliche von 18:00 bis 20:15 Uhr im Online-Seminar\u00a0<strong>\u201eKassenpr\u00fcfung &amp; Rechenschaftsbericht\u201c\u00a0<\/strong>qualifizieren.\u00a0<\/li>\n\n\n\n<li>Am 19. Juni 2024 findet von 18:00 bis 20:00 Uhr der\u00a0<strong>Pr\u00e4senzworkshop \u201eF\u00f6rdermittel f\u00fcr Vereine \u2013 mit guten Ideen zur passenden F\u00f6rderung\u201c<\/strong>\u00a0im Kreishaus G\u00f6ttingen (Reinh\u00e4user Landstr. 4, 37083 G\u00f6ttingen) statt.<\/li>\n<\/ul>\n\n\n\n<p>Die Seminare sind kostenfrei und k\u00f6nnen einzeln besucht werden. Sie sind Teil des Qualifizierungsangebots \u201eFit f\u00fcrs Ehrenamt\u201c f\u00fcr ehrenamtlich Engagierte und werden von der Servicestelle B\u00fcrgerschaftliches Engagement im Landkreis G\u00f6ttingen angeboten.<\/p>\n\n\n\n<p><a href=\"http:\/\/www.engagiert-im-landkreisgoettingen.de\/qualifizierung2024\">Detaillierte Informationen und Kontaktm\u00f6glichkeiten finden Sie online<\/a>.<\/p>\n","protected":false},"excerpt":{"rendered":"<p>Die Servicestelle B\u00fcrgerschaftliches Engagement des Landkreises G\u00f6ttingen bietet im Rahmen des Qualifizierungsangebotes \u201eFit f\u00fcrs Ehrenamt\u201c wieder kostenlose Workshops f\u00fcr ehrenamtlich Engagierte im Landkreis G\u00f6ttingen an. Welche F\u00f6rdermittel gibt es f\u00fcr l\u00e4ndliche Vereine? Wie schreibe ich einen F\u00f6rderantrag? Was muss ich zum Thema Gemeinn\u00fctzigkeit und Kassenf\u00fchrung im Verein beachten? Wie bereite ich die Kassenpr\u00fcfung und den [&hellip;]<\/p>\n","protected":false},"author":1,"featured_media":25421,"comment_status":"open","ping_status":"open","sticky":true,"template":"","format":"standard","meta":{"saved_in_kubio":false,"footnotes":""},"categories":[3255],"tags":[],"class_list":["post-25419","post","type-post","status-publish","format-standard","has-post-thumbnail","hentry","category-ehrenamtliches-engagement"],"yoast_head":"<!-- This site is optimized with the Yoast SEO plugin v27.5 - https:\/\/yoast.com\/product\/yoast-seo-wordpress\/ -->\n<title>Neue Kurse - Fit f\u00fcrs Ehrenamt - Radio Leinewelle<\/title>\n<meta name=\"robots\" content=\"index, follow, max-snippet:-1, max-image-preview:large, max-video-preview:-1\" \/>\n<link rel=\"canonical\" href=\"https:\/\/radioleinewelle.de\/index.php\/2024\/04\/30\/neue-kurse-fit-fuers-ehrenamt\/\" \/>\n<meta property=\"og:locale\" content=\"de_DE\" \/>\n<meta property=\"og:type\" content=\"article\" \/>\n<meta property=\"og:title\" content=\"Neue Kurse - Fit f\u00fcrs Ehrenamt - Radio Leinewelle\" \/>\n<meta property=\"og:description\" content=\"Die Servicestelle B\u00fcrgerschaftliches Engagement des Landkreises G\u00f6ttingen bietet im Rahmen des Qualifizierungsangebotes \u201eFit f\u00fcrs Ehrenamt\u201c wieder kostenlose Workshops f\u00fcr ehrenamtlich Engagierte im Landkreis G\u00f6ttingen an. Welche F\u00f6rdermittel gibt es f\u00fcr l\u00e4ndliche Vereine? Wie schreibe ich einen F\u00f6rderantrag? Was muss ich zum Thema Gemeinn\u00fctzigkeit und Kassenf\u00fchrung im Verein beachten? Wie bereite ich die Kassenpr\u00fcfung und den [&hellip;]\" \/>\n<meta property=\"og:url\" content=\"https:\/\/radioleinewelle.de\/index.php\/2024\/04\/30\/neue-kurse-fit-fuers-ehrenamt\/\" \/>\n<meta property=\"og:site_name\" content=\"Radio Leinewelle\" \/>\n<meta property=\"article:publisher\" content=\"https:\/\/www.facebook.com\/radioleinewelle\" \/>\n<meta property=\"article:author\" content=\"https:\/\/www.facebook.com\/radioleinewelle\" \/>\n<meta property=\"article:published_time\" content=\"2024-04-30T06:59:31+00:00\" \/>\n<meta property=\"article:modified_time\" content=\"2024-04-30T06:59:32+00:00\" \/>\n<meta property=\"og:image\" content=\"https:\/\/radioleinewelle.de\/wp-content\/uploads\/2024\/04\/ehrenamt-8282312_1280.jpg\" \/>\n\t<meta property=\"og:image:width\" content=\"1280\" \/>\n\t<meta property=\"og:image:height\" content=\"854\" \/>\n\t<meta property=\"og:image:type\" content=\"image\/jpeg\" \/>\n<meta name=\"author\" content=\"Leinewelle\" \/>\n<meta name=\"twitter:card\" content=\"summary_large_image\" \/>\n<meta name=\"twitter:creator\" content=\"@https:\/\/twitter.com\/RLeinewelle?ref_src=twsrcgoogletwcampserptwgrauthor\" \/>\n<meta name=\"twitter:site\" content=\"@RLeinewelle\" \/>\n<meta name=\"twitter:label1\" content=\"Verfasst von\" \/>\n\t<meta name=\"twitter:data1\" content=\"Leinewelle\" \/>\n\t<meta name=\"twitter:label2\" content=\"Gesch\u00e4tzte Lesezeit\" \/>\n\t<meta name=\"twitter:data2\" content=\"2\u00a0Minuten\" \/>\n<script type=\"application\/ld+json\" class=\"yoast-schema-graph\">{\"@context\":\"https:\\\/\\\/schema.org\",\"@graph\":[{\"@type\":\"Article\",\"@id\":\"https:\\\/\\\/radioleinewelle.de\\\/index.php\\\/2024\\\/04\\\/30\\\/neue-kurse-fit-fuers-ehrenamt\\\/#article\",\"isPartOf\":{\"@id\":\"https:\\\/\\\/radioleinewelle.de\\\/index.php\\\/2024\\\/04\\\/30\\\/neue-kurse-fit-fuers-ehrenamt\\\/\"},\"author\":{\"name\":\"Leinewelle\",\"@id\":\"https:\\\/\\\/radioleinewelle.de\\\/#\\\/schema\\\/person\\\/45606f348637df637192dc1b68399a63\"},\"headline\":\"Neue Kurse &#8211; Fit f\u00fcrs Ehrenamt\",\"datePublished\":\"2024-04-30T06:59:31+00:00\",\"dateModified\":\"2024-04-30T06:59:32+00:00\",\"mainEntityOfPage\":{\"@id\":\"https:\\\/\\\/radioleinewelle.de\\\/index.php\\\/2024\\\/04\\\/30\\\/neue-kurse-fit-fuers-ehrenamt\\\/\"},\"wordCount\":239,\"commentCount\":0,\"publisher\":{\"@id\":\"https:\\\/\\\/radioleinewelle.de\\\/#organization\"},\"image\":{\"@id\":\"https:\\\/\\\/radioleinewelle.de\\\/index.php\\\/2024\\\/04\\\/30\\\/neue-kurse-fit-fuers-ehrenamt\\\/#primaryimage\"},\"thumbnailUrl\":\"https:\\\/\\\/radioleinewelle.de\\\/wp-content\\\/uploads\\\/2024\\\/04\\\/ehrenamt-8282312_1280.jpg\",\"articleSection\":[\"Ehrenamtliches Engagement\"],\"inLanguage\":\"de\",\"potentialAction\":[{\"@type\":\"CommentAction\",\"name\":\"Comment\",\"target\":[\"https:\\\/\\\/radioleinewelle.de\\\/index.php\\\/2024\\\/04\\\/30\\\/neue-kurse-fit-fuers-ehrenamt\\\/#respond\"]}]},{\"@type\":\"WebPage\",\"@id\":\"https:\\\/\\\/radioleinewelle.de\\\/index.php\\\/2024\\\/04\\\/30\\\/neue-kurse-fit-fuers-ehrenamt\\\/\",\"url\":\"https:\\\/\\\/radioleinewelle.de\\\/index.php\\\/2024\\\/04\\\/30\\\/neue-kurse-fit-fuers-ehrenamt\\\/\",\"name\":\"Neue Kurse - Fit f\u00fcrs Ehrenamt - Radio Leinewelle\",\"isPartOf\":{\"@id\":\"https:\\\/\\\/radioleinewelle.de\\\/#website\"},\"primaryImageOfPage\":{\"@id\":\"https:\\\/\\\/radioleinewelle.de\\\/index.php\\\/2024\\\/04\\\/30\\\/neue-kurse-fit-fuers-ehrenamt\\\/#primaryimage\"},\"image\":{\"@id\":\"https:\\\/\\\/radioleinewelle.de\\\/index.php\\\/2024\\\/04\\\/30\\\/neue-kurse-fit-fuers-ehrenamt\\\/#primaryimage\"},\"thumbnailUrl\":\"https:\\\/\\\/radioleinewelle.de\\\/wp-content\\\/uploads\\\/2024\\\/04\\\/ehrenamt-8282312_1280.jpg\",\"datePublished\":\"2024-04-30T06:59:31+00:00\",\"dateModified\":\"2024-04-30T06:59:32+00:00\",\"breadcrumb\":{\"@id\":\"https:\\\/\\\/radioleinewelle.de\\\/index.php\\\/2024\\\/04\\\/30\\\/neue-kurse-fit-fuers-ehrenamt\\\/#breadcrumb\"},\"inLanguage\":\"de\",\"potentialAction\":[{\"@type\":\"ReadAction\",\"target\":[\"https:\\\/\\\/radioleinewelle.de\\\/index.php\\\/2024\\\/04\\\/30\\\/neue-kurse-fit-fuers-ehrenamt\\\/\"]}]},{\"@type\":\"ImageObject\",\"inLanguage\":\"de\",\"@id\":\"https:\\\/\\\/radioleinewelle.de\\\/index.php\\\/2024\\\/04\\\/30\\\/neue-kurse-fit-fuers-ehrenamt\\\/#primaryimage\",\"url\":\"https:\\\/\\\/radioleinewelle.de\\\/wp-content\\\/uploads\\\/2024\\\/04\\\/ehrenamt-8282312_1280.jpg\",\"contentUrl\":\"https:\\\/\\\/radioleinewelle.de\\\/wp-content\\\/uploads\\\/2024\\\/04\\\/ehrenamt-8282312_1280.jpg\",\"width\":1280,\"height\":854},{\"@type\":\"BreadcrumbList\",\"@id\":\"https:\\\/\\\/radioleinewelle.de\\\/index.php\\\/2024\\\/04\\\/30\\\/neue-kurse-fit-fuers-ehrenamt\\\/#breadcrumb\",\"itemListElement\":[{\"@type\":\"ListItem\",\"position\":1,\"name\":\"Startseite\",\"item\":\"https:\\\/\\\/radioleinewelle.de\\\/\"},{\"@type\":\"ListItem\",\"position\":2,\"name\":\"Neue Kurse &#8211; Fit f\u00fcrs Ehrenamt\"}]},{\"@type\":\"WebSite\",\"@id\":\"https:\\\/\\\/radioleinewelle.de\\\/#website\",\"url\":\"https:\\\/\\\/radioleinewelle.de\\\/\",\"name\":\"Radio Leinewelle\",\"description\":\"\",\"publisher\":{\"@id\":\"https:\\\/\\\/radioleinewelle.de\\\/#organization\"},\"potentialAction\":[{\"@type\":\"SearchAction\",\"target\":{\"@type\":\"EntryPoint\",\"urlTemplate\":\"https:\\\/\\\/radioleinewelle.de\\\/?s={search_term_string}\"},\"query-input\":{\"@type\":\"PropertyValueSpecification\",\"valueRequired\":true,\"valueName\":\"search_term_string\"}}],\"inLanguage\":\"de\"},{\"@type\":\"Organization\",\"@id\":\"https:\\\/\\\/radioleinewelle.de\\\/#organization\",\"name\":\"Radio Leinewelle\",\"alternateName\":\"Mein Radio f\u00fcr S\u00fcdniedersachsen\",\"url\":\"https:\\\/\\\/radioleinewelle.de\\\/\",\"logo\":{\"@type\":\"ImageObject\",\"inLanguage\":\"de\",\"@id\":\"https:\\\/\\\/radioleinewelle.de\\\/#\\\/schema\\\/logo\\\/image\\\/\",\"url\":\"https:\\\/\\\/radioleinewelle.de\\\/wp-content\\\/uploads\\\/2023\\\/11\\\/cropped-Leinewelle_Logo_weiss.png\",\"contentUrl\":\"https:\\\/\\\/radioleinewelle.de\\\/wp-content\\\/uploads\\\/2023\\\/11\\\/cropped-Leinewelle_Logo_weiss.png\",\"width\":854,\"height\":260,\"caption\":\"Radio Leinewelle\"},\"image\":{\"@id\":\"https:\\\/\\\/radioleinewelle.de\\\/#\\\/schema\\\/logo\\\/image\\\/\"},\"sameAs\":[\"https:\\\/\\\/www.facebook.com\\\/radioleinewelle\",\"https:\\\/\\\/x.com\\\/RLeinewelle\",\"https:\\\/\\\/www.instagram.com\\\/radioleinewelle\\\/?hl=de\"]},{\"@type\":\"Person\",\"@id\":\"https:\\\/\\\/radioleinewelle.de\\\/#\\\/schema\\\/person\\\/45606f348637df637192dc1b68399a63\",\"name\":\"Leinewelle\",\"image\":{\"@type\":\"ImageObject\",\"inLanguage\":\"de\",\"@id\":\"https:\\\/\\\/secure.gravatar.com\\\/avatar\\\/05c9a17bc973052ee5d91549bd32fb4dd0dc85b7b85ae94b2e2b4943476bbea5?s=96&d=blank&r=g\",\"url\":\"https:\\\/\\\/secure.gravatar.com\\\/avatar\\\/05c9a17bc973052ee5d91549bd32fb4dd0dc85b7b85ae94b2e2b4943476bbea5?s=96&d=blank&r=g\",\"contentUrl\":\"https:\\\/\\\/secure.gravatar.com\\\/avatar\\\/05c9a17bc973052ee5d91549bd32fb4dd0dc85b7b85ae94b2e2b4943476bbea5?s=96&d=blank&r=g\",\"caption\":\"Leinewelle\"},\"sameAs\":[\"http:\\\/\\\/localhost\\\/radio%20leinewelle\\\/wordpress\",\"https:\\\/\\\/www.facebook.com\\\/radioleinewelle\",\"https:\\\/\\\/www.instagram.com\\\/radioleinewelle\",\"https:\\\/\\\/x.com\\\/https:\\\/\\\/twitter.com\\\/RLeinewelle?ref_src=twsrcgoogletwcampserptwgrauthor\",\"https:\\\/\\\/soundcloud.com\\\/foerderverein-lokalradio?utm_source=clipboard&utm_medium=text&utm_campaign=social_sharing\"],\"url\":\"https:\\\/\\\/radioleinewelle.de\\\/index.php\\\/author\\\/leinewelle\\\/\"}]}<\/script>\n<!-- \/ Yoast SEO plugin. -->","yoast_head_json":{"title":"Neue Kurse - Fit f\u00fcrs Ehrenamt - Radio Leinewelle","robots":{"index":"index","follow":"follow","max-snippet":"max-snippet:-1","max-image-preview":"max-image-preview:large","max-video-preview":"max-video-preview:-1"},"canonical":"https:\/\/radioleinewelle.de\/index.php\/2024\/04\/30\/neue-kurse-fit-fuers-ehrenamt\/","og_locale":"de_DE","og_type":"article","og_title":"Neue Kurse - Fit f\u00fcrs Ehrenamt - Radio Leinewelle","og_description":"Die Servicestelle B\u00fcrgerschaftliches Engagement des Landkreises G\u00f6ttingen bietet im Rahmen des Qualifizierungsangebotes \u201eFit f\u00fcrs Ehrenamt\u201c wieder kostenlose Workshops f\u00fcr ehrenamtlich Engagierte im Landkreis G\u00f6ttingen an. Welche F\u00f6rdermittel gibt es f\u00fcr l\u00e4ndliche Vereine? Wie schreibe ich einen F\u00f6rderantrag? Was muss ich zum Thema Gemeinn\u00fctzigkeit und Kassenf\u00fchrung im Verein beachten? Wie bereite ich die Kassenpr\u00fcfung und den [&hellip;]","og_url":"https:\/\/radioleinewelle.de\/index.php\/2024\/04\/30\/neue-kurse-fit-fuers-ehrenamt\/","og_site_name":"Radio Leinewelle","article_publisher":"https:\/\/www.facebook.com\/radioleinewelle","article_author":"https:\/\/www.facebook.com\/radioleinewelle","article_published_time":"2024-04-30T06:59:31+00:00","article_modified_time":"2024-04-30T06:59:32+00:00","og_image":[{"width":1280,"height":854,"url":"https:\/\/radioleinewelle.de\/wp-content\/uploads\/2024\/04\/ehrenamt-8282312_1280.jpg","type":"image\/jpeg"}],"author":"Leinewelle","twitter_card":"summary_large_image","twitter_creator":"@https:\/\/twitter.com\/RLeinewelle?ref_src=twsrcgoogletwcampserptwgrauthor","twitter_site":"@RLeinewelle","twitter_misc":{"Verfasst von":"Leinewelle","Gesch\u00e4tzte Lesezeit":"2\u00a0Minuten"},"schema":{"@context":"https:\/\/schema.org","@graph":[{"@type":"Article","@id":"https:\/\/radioleinewelle.de\/index.php\/2024\/04\/30\/neue-kurse-fit-fuers-ehrenamt\/#article","isPartOf":{"@id":"https:\/\/radioleinewelle.de\/index.php\/2024\/04\/30\/neue-kurse-fit-fuers-ehrenamt\/"},"author":{"name":"Leinewelle","@id":"https:\/\/radioleinewelle.de\/#\/schema\/person\/45606f348637df637192dc1b68399a63"},"headline":"Neue Kurse &#8211; Fit f\u00fcrs Ehrenamt","datePublished":"2024-04-30T06:59:31+00:00","dateModified":"2024-04-30T06:59:32+00:00","mainEntityOfPage":{"@id":"https:\/\/radioleinewelle.de\/index.php\/2024\/04\/30\/neue-kurse-fit-fuers-ehrenamt\/"},"wordCount":239,"commentCount":0,"publisher":{"@id":"https:\/\/radioleinewelle.de\/#organization"},"image":{"@id":"https:\/\/radioleinewelle.de\/index.php\/2024\/04\/30\/neue-kurse-fit-fuers-ehrenamt\/#primaryimage"},"thumbnailUrl":"https:\/\/radioleinewelle.de\/wp-content\/uploads\/2024\/04\/ehrenamt-8282312_1280.jpg","articleSection":["Ehrenamtliches Engagement"],"inLanguage":"de","potentialAction":[{"@type":"CommentAction","name":"Comment","target":["https:\/\/radioleinewelle.de\/index.php\/2024\/04\/30\/neue-kurse-fit-fuers-ehrenamt\/#respond"]}]},{"@type":"WebPage","@id":"https:\/\/radioleinewelle.de\/index.php\/2024\/04\/30\/neue-kurse-fit-fuers-ehrenamt\/","url":"https:\/\/radioleinewelle.de\/index.php\/2024\/04\/30\/neue-kurse-fit-fuers-ehrenamt\/","name":"Neue Kurse - Fit f\u00fcrs Ehrenamt - Radio Leinewelle","isPartOf":{"@id":"https:\/\/radioleinewelle.de\/#website"},"primaryImageOfPage":{"@id":"https:\/\/radioleinewelle.de\/index.php\/2024\/04\/30\/neue-kurse-fit-fuers-ehrenamt\/#primaryimage"},"image":{"@id":"https:\/\/radioleinewelle.de\/index.php\/2024\/04\/30\/neue-kurse-fit-fuers-ehrenamt\/#primaryimage"},"thumbnailUrl":"https:\/\/radioleinewelle.de\/wp-content\/uploads\/2024\/04\/ehrenamt-8282312_1280.jpg","datePublished":"2024-04-30T06:59:31+00:00","dateModified":"2024-04-30T06:59:32+00:00","breadcrumb":{"@id":"https:\/\/radioleinewelle.de\/index.php\/2024\/04\/30\/neue-kurse-fit-fuers-ehrenamt\/#breadcrumb"},"inLanguage":"de","potentialAction":[{"@type":"ReadAction","target":["https:\/\/radioleinewelle.de\/index.php\/2024\/04\/30\/neue-kurse-fit-fuers-ehrenamt\/"]}]},{"@type":"ImageObject","inLanguage":"de","@id":"https:\/\/radioleinewelle.de\/index.php\/2024\/04\/30\/neue-kurse-fit-fuers-ehrenamt\/#primaryimage","url":"https:\/\/radioleinewelle.de\/wp-content\/uploads\/2024\/04\/ehrenamt-8282312_1280.jpg","contentUrl":"https:\/\/radioleinewelle.de\/wp-content\/uploads\/2024\/04\/ehrenamt-8282312_1280.jpg","width":1280,"height":854},{"@type":"BreadcrumbList","@id":"https:\/\/radioleinewelle.de\/index.php\/2024\/04\/30\/neue-kurse-fit-fuers-ehrenamt\/#breadcrumb","itemListElement":[{"@type":"ListItem","position":1,"name":"Startseite","item":"https:\/\/radioleinewelle.de\/"},{"@type":"ListItem","position":2,"name":"Neue Kurse &#8211; Fit f\u00fcrs Ehrenamt"}]},{"@type":"WebSite","@id":"https:\/\/radioleinewelle.de\/#website","url":"https:\/\/radioleinewelle.de\/","name":"Radio Leinewelle","description":"","publisher":{"@id":"https:\/\/radioleinewelle.de\/#organization"},"potentialAction":[{"@type":"SearchAction","target":{"@type":"EntryPoint","urlTemplate":"https:\/\/radioleinewelle.de\/?s={search_term_string}"},"query-input":{"@type":"PropertyValueSpecification","valueRequired":true,"valueName":"search_term_string"}}],"inLanguage":"de"},{"@type":"Organization","@id":"https:\/\/radioleinewelle.de\/#organization","name":"Radio Leinewelle","alternateName":"Mein Radio f\u00fcr S\u00fcdniedersachsen","url":"https:\/\/radioleinewelle.de\/","logo":{"@type":"ImageObject","inLanguage":"de","@id":"https:\/\/radioleinewelle.de\/#\/schema\/logo\/image\/","url":"https:\/\/radioleinewelle.de\/wp-content\/uploads\/2023\/11\/cropped-Leinewelle_Logo_weiss.png","contentUrl":"https:\/\/radioleinewelle.de\/wp-content\/uploads\/2023\/11\/cropped-Leinewelle_Logo_weiss.png","width":854,"height":260,"caption":"Radio Leinewelle"},"image":{"@id":"https:\/\/radioleinewelle.de\/#\/schema\/logo\/image\/"},"sameAs":["https:\/\/www.facebook.com\/radioleinewelle","https:\/\/x.com\/RLeinewelle","https:\/\/www.instagram.com\/radioleinewelle\/?hl=de"]},{"@type":"Person","@id":"https:\/\/radioleinewelle.de\/#\/schema\/person\/45606f348637df637192dc1b68399a63","name":"Leinewelle","image":{"@type":"ImageObject","inLanguage":"de","@id":"https:\/\/secure.gravatar.com\/avatar\/05c9a17bc973052ee5d91549bd32fb4dd0dc85b7b85ae94b2e2b4943476bbea5?s=96&d=blank&r=g","url":"https:\/\/secure.gravatar.com\/avatar\/05c9a17bc973052ee5d91549bd32fb4dd0dc85b7b85ae94b2e2b4943476bbea5?s=96&d=blank&r=g","contentUrl":"https:\/\/secure.gravatar.com\/avatar\/05c9a17bc973052ee5d91549bd32fb4dd0dc85b7b85ae94b2e2b4943476bbea5?s=96&d=blank&r=g","caption":"Leinewelle"},"sameAs":["http:\/\/localhost\/radio%20leinewelle\/wordpress","https:\/\/www.facebook.com\/radioleinewelle","https:\/\/www.instagram.com\/radioleinewelle","https:\/\/x.com\/https:\/\/twitter.com\/RLeinewelle?ref_src=twsrcgoogletwcampserptwgrauthor","https:\/\/soundcloud.com\/foerderverein-lokalradio?utm_source=clipboard&utm_medium=text&utm_campaign=social_sharing"],"url":"https:\/\/radioleinewelle.de\/index.php\/author\/leinewelle\/"}]}},"_links":{"self":[{"href":"https:\/\/radioleinewelle.de\/index.php\/wp-json\/wp\/v2\/posts\/25419","targetHints":{"allow":["GET"]}}],"collection":[{"href":"https:\/\/radioleinewelle.de\/index.php\/wp-json\/wp\/v2\/posts"}],"about":[{"href":"https:\/\/radioleinewelle.de\/index.php\/wp-json\/wp\/v2\/types\/post"}],"author":[{"embeddable":true,"href":"https:\/\/radioleinewelle.de\/index.php\/wp-json\/wp\/v2\/users\/1"}],"replies":[{"embeddable":true,"href":"https:\/\/radioleinewelle.de\/index.php\/wp-json\/wp\/v2\/comments?post=25419"}],"version-history":[{"count":1,"href":"https:\/\/radioleinewelle.de\/index.php\/wp-json\/wp\/v2\/posts\/25419\/revisions"}],"predecessor-version":[{"id":25420,"href":"https:\/\/radioleinewelle.de\/index.php\/wp-json\/wp\/v2\/posts\/25419\/revisions\/25420"}],"wp:featuredmedia":[{"embeddable":true,"href":"https:\/\/radioleinewelle.de\/index.php\/wp-json\/wp\/v2\/media\/25421"}],"wp:attachment":[{"href":"https:\/\/radioleinewelle.de\/index.php\/wp-json\/wp\/v2\/media?parent=25419"}],"wp:term":[{"taxonomy":"category","embeddable":true,"href":"https:\/\/radioleinewelle.de\/index.php\/wp-json\/wp\/v2\/categories?post=25419"},{"taxonomy":"post_tag","embeddable":true,"href":"https:\/\/radioleinewelle.de\/index.php\/wp-json\/wp\/v2\/tags?post=25419"}],"curies":[{"name":"wp","href":"https:\/\/api.w.org\/{rel}","templated":true}]}}