{"id":2542,"date":"2020-10-23T05:00:41","date_gmt":"2020-10-23T03:00:41","guid":{"rendered":"https:\/\/radioleinewelle.de\/?p=2542"},"modified":"2020-10-23T05:00:41","modified_gmt":"2020-10-23T03:00:41","slug":"kasseler-jazzfest-vom-25-bis-30-oktober-2020","status":"publish","type":"post","link":"https:\/\/radioleinewelle.de\/index.php\/2020\/10\/23\/kasseler-jazzfest-vom-25-bis-30-oktober-2020\/","title":{"rendered":"Kasseler Jazzfest vom 25. bis 30. Oktober 2020"},"content":{"rendered":"<p class=\"SP-Headline--paragraph\">Jedes Jahr im Herbst k\u00f6nnen Sie die einzigartige Live-Atmosph\u00e4re eines Jazzkonzerts erleben. Es wird ein breites Spektrum pr\u00e4sentiert mit internationalen und heimischen Musikern. Jazz f\u00fcr Ohren, Seele, Herz und Augen an verschiedenen Spielst\u00e4tten.\u00a0In Zusammenarbeit mit den Kooperationspartnern Kulturzentrum Schlachthof, Kulturhaus Dock 4, Theaterst\u00fcbchen und Staatstheater Kassel finden \u00a0zahlreiche Konzerte und ein Workshop statt. Es werden regelm\u00e4\u00dfig internationale K\u00fcnstler eingeladen. Das musikalische Spektrum ist vielseitig; neben traditionellem Jazz sind immer wieder ungew\u00f6hnliche Besetzungen zu erleben und neue Kl\u00e4nge zu h\u00f6ren.<\/p>\n<div class=\"SP-Paragraph\" data-sp-table=\"\" data-sp-table-bootstrapped=\"sp-8\">\n<p>W\u00e4hrend des Festivals findet die bei Musikern und Publikum gleicherma\u00dfen beliebte \u201eLange Jazznacht\u201c statt. Bei dieser Werkschau der Kasseler Jazzszene treffen sich Musiker ganz unterschiedlicher Stile und mehrerer Generationen und zu sp\u00e4ter Stunde tauchen oft interessante \u00dcberraschungsg\u00e4ste auf.<\/p>\n<p>Au\u00dferdem gibt es einen Festival Workshop f\u00fcr Instrumentalisten und S\u00e4nger sowie feste Bands, die an zwei Tagen (Samstag\/Sonntag) mit zwei Dozenten intensiv arbeiten. Das Ergebnis des Festival Workshops wird traditionsgem\u00e4\u00df am Sonntagabend bei einem Konzert pr\u00e4sentiert.<\/p>\n<p><a href=\"https:\/\/www.kassel.de\/buerger\/sport_und_freizeit\/wiederkehrende-veranstaltungen\/kasseler-jazzfest.php\">Zum Programm<\/a><\/p>\n<\/div>\n","protected":false},"excerpt":{"rendered":"<p>Jedes Jahr im Herbst k\u00f6nnen Sie die einzigartige Live-Atmosph\u00e4re eines Jazzkonzerts erleben. Es wird ein breites Spektrum pr\u00e4sentiert mit internationalen und heimischen Musikern. Jazz f\u00fcr Ohren, Seele, Herz und Augen an verschiedenen Spielst\u00e4tten.\u00a0In Zusammenarbeit mit den Kooperationspartnern Kulturzentrum Schlachthof, Kulturhaus Dock 4, Theaterst\u00fcbchen und Staatstheater Kassel finden \u00a0zahlreiche Konzerte und ein Workshop statt. Es werden [&hellip;]<\/p>\n","protected":false},"author":1,"featured_media":2545,"comment_status":"closed","ping_status":"closed","sticky":false,"template":"","format":"standard","meta":{"saved_in_kubio":false,"footnotes":""},"categories":[45],"tags":[],"class_list":["post-2542","post","type-post","status-publish","format-standard","has-post-thumbnail","hentry","category-kultur"],"yoast_head":"<!-- This site is optimized with the Yoast SEO plugin v27.5 - https:\/\/yoast.com\/product\/yoast-seo-wordpress\/ -->\n<title>Kasseler Jazzfest vom 25. bis 30. Oktober 2020 - Radio Leinewelle<\/title>\n<meta name=\"robots\" content=\"index, follow, max-snippet:-1, max-image-preview:large, max-video-preview:-1\" \/>\n<link rel=\"canonical\" href=\"https:\/\/radioleinewelle.de\/index.php\/2020\/10\/23\/kasseler-jazzfest-vom-25-bis-30-oktober-2020\/\" \/>\n<meta property=\"og:locale\" content=\"de_DE\" \/>\n<meta property=\"og:type\" content=\"article\" \/>\n<meta property=\"og:title\" content=\"Kasseler Jazzfest vom 25. bis 30. Oktober 2020 - Radio Leinewelle\" \/>\n<meta property=\"og:description\" content=\"Jedes Jahr im Herbst k\u00f6nnen Sie die einzigartige Live-Atmosph\u00e4re eines Jazzkonzerts erleben. Es wird ein breites Spektrum pr\u00e4sentiert mit internationalen und heimischen Musikern. Jazz f\u00fcr Ohren, Seele, Herz und Augen an verschiedenen Spielst\u00e4tten.\u00a0In Zusammenarbeit mit den Kooperationspartnern Kulturzentrum Schlachthof, Kulturhaus Dock 4, Theaterst\u00fcbchen und Staatstheater Kassel finden \u00a0zahlreiche Konzerte und ein Workshop statt. Es werden [&hellip;]\" \/>\n<meta property=\"og:url\" content=\"https:\/\/radioleinewelle.de\/index.php\/2020\/10\/23\/kasseler-jazzfest-vom-25-bis-30-oktober-2020\/\" \/>\n<meta property=\"og:site_name\" content=\"Radio Leinewelle\" \/>\n<meta property=\"article:publisher\" content=\"https:\/\/www.facebook.com\/radioleinewelle\" \/>\n<meta property=\"article:author\" content=\"https:\/\/www.facebook.com\/radioleinewelle\" \/>\n<meta property=\"article:published_time\" content=\"2020-10-23T03:00:41+00:00\" \/>\n<meta property=\"og:image\" content=\"https:\/\/radioleinewelle.de\/wp-content\/uploads\/2020\/10\/Kasseler-Jazzfest-2020-e1603395377927.jpg\" \/>\n\t<meta property=\"og:image:width\" content=\"600\" \/>\n\t<meta property=\"og:image:height\" content=\"600\" \/>\n\t<meta property=\"og:image:type\" content=\"image\/jpeg\" \/>\n<meta name=\"author\" content=\"Leinewelle\" \/>\n<meta name=\"twitter:card\" content=\"summary_large_image\" \/>\n<meta name=\"twitter:creator\" content=\"@https:\/\/twitter.com\/RLeinewelle?ref_src=twsrcgoogletwcampserptwgrauthor\" \/>\n<meta name=\"twitter:site\" content=\"@RLeinewelle\" \/>\n<meta name=\"twitter:label1\" content=\"Verfasst von\" \/>\n\t<meta name=\"twitter:data1\" content=\"Leinewelle\" \/>\n\t<meta name=\"twitter:label2\" content=\"Gesch\u00e4tzte Lesezeit\" \/>\n\t<meta name=\"twitter:data2\" content=\"1\u00a0Minute\" \/>\n<script type=\"application\/ld+json\" class=\"yoast-schema-graph\">{\"@context\":\"https:\\\/\\\/schema.org\",\"@graph\":[{\"@type\":\"Article\",\"@id\":\"https:\\\/\\\/radioleinewelle.de\\\/index.php\\\/2020\\\/10\\\/23\\\/kasseler-jazzfest-vom-25-bis-30-oktober-2020\\\/#article\",\"isPartOf\":{\"@id\":\"https:\\\/\\\/radioleinewelle.de\\\/index.php\\\/2020\\\/10\\\/23\\\/kasseler-jazzfest-vom-25-bis-30-oktober-2020\\\/\"},\"author\":{\"name\":\"Leinewelle\",\"@id\":\"https:\\\/\\\/radioleinewelle.de\\\/#\\\/schema\\\/person\\\/45606f348637df637192dc1b68399a63\"},\"headline\":\"Kasseler Jazzfest vom 25. bis 30. Oktober 2020\",\"datePublished\":\"2020-10-23T03:00:41+00:00\",\"mainEntityOfPage\":{\"@id\":\"https:\\\/\\\/radioleinewelle.de\\\/index.php\\\/2020\\\/10\\\/23\\\/kasseler-jazzfest-vom-25-bis-30-oktober-2020\\\/\"},\"wordCount\":180,\"publisher\":{\"@id\":\"https:\\\/\\\/radioleinewelle.de\\\/#organization\"},\"image\":{\"@id\":\"https:\\\/\\\/radioleinewelle.de\\\/index.php\\\/2020\\\/10\\\/23\\\/kasseler-jazzfest-vom-25-bis-30-oktober-2020\\\/#primaryimage\"},\"thumbnailUrl\":\"https:\\\/\\\/radioleinewelle.de\\\/wp-content\\\/uploads\\\/2020\\\/10\\\/Kasseler-Jazzfest-2020-e1603395377927.jpg\",\"articleSection\":[\"Kultur\"],\"inLanguage\":\"de\"},{\"@type\":\"WebPage\",\"@id\":\"https:\\\/\\\/radioleinewelle.de\\\/index.php\\\/2020\\\/10\\\/23\\\/kasseler-jazzfest-vom-25-bis-30-oktober-2020\\\/\",\"url\":\"https:\\\/\\\/radioleinewelle.de\\\/index.php\\\/2020\\\/10\\\/23\\\/kasseler-jazzfest-vom-25-bis-30-oktober-2020\\\/\",\"name\":\"Kasseler Jazzfest vom 25. bis 30. Oktober 2020 - Radio Leinewelle\",\"isPartOf\":{\"@id\":\"https:\\\/\\\/radioleinewelle.de\\\/#website\"},\"primaryImageOfPage\":{\"@id\":\"https:\\\/\\\/radioleinewelle.de\\\/index.php\\\/2020\\\/10\\\/23\\\/kasseler-jazzfest-vom-25-bis-30-oktober-2020\\\/#primaryimage\"},\"image\":{\"@id\":\"https:\\\/\\\/radioleinewelle.de\\\/index.php\\\/2020\\\/10\\\/23\\\/kasseler-jazzfest-vom-25-bis-30-oktober-2020\\\/#primaryimage\"},\"thumbnailUrl\":\"https:\\\/\\\/radioleinewelle.de\\\/wp-content\\\/uploads\\\/2020\\\/10\\\/Kasseler-Jazzfest-2020-e1603395377927.jpg\",\"datePublished\":\"2020-10-23T03:00:41+00:00\",\"breadcrumb\":{\"@id\":\"https:\\\/\\\/radioleinewelle.de\\\/index.php\\\/2020\\\/10\\\/23\\\/kasseler-jazzfest-vom-25-bis-30-oktober-2020\\\/#breadcrumb\"},\"inLanguage\":\"de\",\"potentialAction\":[{\"@type\":\"ReadAction\",\"target\":[\"https:\\\/\\\/radioleinewelle.de\\\/index.php\\\/2020\\\/10\\\/23\\\/kasseler-jazzfest-vom-25-bis-30-oktober-2020\\\/\"]}]},{\"@type\":\"ImageObject\",\"inLanguage\":\"de\",\"@id\":\"https:\\\/\\\/radioleinewelle.de\\\/index.php\\\/2020\\\/10\\\/23\\\/kasseler-jazzfest-vom-25-bis-30-oktober-2020\\\/#primaryimage\",\"url\":\"https:\\\/\\\/radioleinewelle.de\\\/wp-content\\\/uploads\\\/2020\\\/10\\\/Kasseler-Jazzfest-2020-e1603395377927.jpg\",\"contentUrl\":\"https:\\\/\\\/radioleinewelle.de\\\/wp-content\\\/uploads\\\/2020\\\/10\\\/Kasseler-Jazzfest-2020-e1603395377927.jpg\",\"width\":600,\"height\":600},{\"@type\":\"BreadcrumbList\",\"@id\":\"https:\\\/\\\/radioleinewelle.de\\\/index.php\\\/2020\\\/10\\\/23\\\/kasseler-jazzfest-vom-25-bis-30-oktober-2020\\\/#breadcrumb\",\"itemListElement\":[{\"@type\":\"ListItem\",\"position\":1,\"name\":\"Startseite\",\"item\":\"https:\\\/\\\/radioleinewelle.de\\\/\"},{\"@type\":\"ListItem\",\"position\":2,\"name\":\"Kasseler Jazzfest vom 25. bis 30. Oktober 2020\"}]},{\"@type\":\"WebSite\",\"@id\":\"https:\\\/\\\/radioleinewelle.de\\\/#website\",\"url\":\"https:\\\/\\\/radioleinewelle.de\\\/\",\"name\":\"Radio Leinewelle\",\"description\":\"\",\"publisher\":{\"@id\":\"https:\\\/\\\/radioleinewelle.de\\\/#organization\"},\"potentialAction\":[{\"@type\":\"SearchAction\",\"target\":{\"@type\":\"EntryPoint\",\"urlTemplate\":\"https:\\\/\\\/radioleinewelle.de\\\/?s={search_term_string}\"},\"query-input\":{\"@type\":\"PropertyValueSpecification\",\"valueRequired\":true,\"valueName\":\"search_term_string\"}}],\"inLanguage\":\"de\"},{\"@type\":\"Organization\",\"@id\":\"https:\\\/\\\/radioleinewelle.de\\\/#organization\",\"name\":\"Radio Leinewelle\",\"alternateName\":\"Mein Radio f\u00fcr S\u00fcdniedersachsen\",\"url\":\"https:\\\/\\\/radioleinewelle.de\\\/\",\"logo\":{\"@type\":\"ImageObject\",\"inLanguage\":\"de\",\"@id\":\"https:\\\/\\\/radioleinewelle.de\\\/#\\\/schema\\\/logo\\\/image\\\/\",\"url\":\"https:\\\/\\\/radioleinewelle.de\\\/wp-content\\\/uploads\\\/2023\\\/11\\\/cropped-Leinewelle_Logo_weiss.png\",\"contentUrl\":\"https:\\\/\\\/radioleinewelle.de\\\/wp-content\\\/uploads\\\/2023\\\/11\\\/cropped-Leinewelle_Logo_weiss.png\",\"width\":854,\"height\":260,\"caption\":\"Radio Leinewelle\"},\"image\":{\"@id\":\"https:\\\/\\\/radioleinewelle.de\\\/#\\\/schema\\\/logo\\\/image\\\/\"},\"sameAs\":[\"https:\\\/\\\/www.facebook.com\\\/radioleinewelle\",\"https:\\\/\\\/x.com\\\/RLeinewelle\",\"https:\\\/\\\/www.instagram.com\\\/radioleinewelle\\\/?hl=de\"]},{\"@type\":\"Person\",\"@id\":\"https:\\\/\\\/radioleinewelle.de\\\/#\\\/schema\\\/person\\\/45606f348637df637192dc1b68399a63\",\"name\":\"Leinewelle\",\"image\":{\"@type\":\"ImageObject\",\"inLanguage\":\"de\",\"@id\":\"https:\\\/\\\/secure.gravatar.com\\\/avatar\\\/05c9a17bc973052ee5d91549bd32fb4dd0dc85b7b85ae94b2e2b4943476bbea5?s=96&d=blank&r=g\",\"url\":\"https:\\\/\\\/secure.gravatar.com\\\/avatar\\\/05c9a17bc973052ee5d91549bd32fb4dd0dc85b7b85ae94b2e2b4943476bbea5?s=96&d=blank&r=g\",\"contentUrl\":\"https:\\\/\\\/secure.gravatar.com\\\/avatar\\\/05c9a17bc973052ee5d91549bd32fb4dd0dc85b7b85ae94b2e2b4943476bbea5?s=96&d=blank&r=g\",\"caption\":\"Leinewelle\"},\"sameAs\":[\"http:\\\/\\\/localhost\\\/radio%20leinewelle\\\/wordpress\",\"https:\\\/\\\/www.facebook.com\\\/radioleinewelle\",\"https:\\\/\\\/www.instagram.com\\\/radioleinewelle\",\"https:\\\/\\\/x.com\\\/https:\\\/\\\/twitter.com\\\/RLeinewelle?ref_src=twsrcgoogletwcampserptwgrauthor\",\"https:\\\/\\\/soundcloud.com\\\/foerderverein-lokalradio?utm_source=clipboard&utm_medium=text&utm_campaign=social_sharing\"],\"url\":\"https:\\\/\\\/radioleinewelle.de\\\/index.php\\\/author\\\/leinewelle\\\/\"}]}<\/script>\n<!-- \/ Yoast SEO plugin. -->","yoast_head_json":{"title":"Kasseler Jazzfest vom 25. bis 30. Oktober 2020 - Radio Leinewelle","robots":{"index":"index","follow":"follow","max-snippet":"max-snippet:-1","max-image-preview":"max-image-preview:large","max-video-preview":"max-video-preview:-1"},"canonical":"https:\/\/radioleinewelle.de\/index.php\/2020\/10\/23\/kasseler-jazzfest-vom-25-bis-30-oktober-2020\/","og_locale":"de_DE","og_type":"article","og_title":"Kasseler Jazzfest vom 25. bis 30. Oktober 2020 - Radio Leinewelle","og_description":"Jedes Jahr im Herbst k\u00f6nnen Sie die einzigartige Live-Atmosph\u00e4re eines Jazzkonzerts erleben. Es wird ein breites Spektrum pr\u00e4sentiert mit internationalen und heimischen Musikern. Jazz f\u00fcr Ohren, Seele, Herz und Augen an verschiedenen Spielst\u00e4tten.\u00a0In Zusammenarbeit mit den Kooperationspartnern Kulturzentrum Schlachthof, Kulturhaus Dock 4, Theaterst\u00fcbchen und Staatstheater Kassel finden \u00a0zahlreiche Konzerte und ein Workshop statt. Es werden [&hellip;]","og_url":"https:\/\/radioleinewelle.de\/index.php\/2020\/10\/23\/kasseler-jazzfest-vom-25-bis-30-oktober-2020\/","og_site_name":"Radio Leinewelle","article_publisher":"https:\/\/www.facebook.com\/radioleinewelle","article_author":"https:\/\/www.facebook.com\/radioleinewelle","article_published_time":"2020-10-23T03:00:41+00:00","og_image":[{"width":600,"height":600,"url":"https:\/\/radioleinewelle.de\/wp-content\/uploads\/2020\/10\/Kasseler-Jazzfest-2020-e1603395377927.jpg","type":"image\/jpeg"}],"author":"Leinewelle","twitter_card":"summary_large_image","twitter_creator":"@https:\/\/twitter.com\/RLeinewelle?ref_src=twsrcgoogletwcampserptwgrauthor","twitter_site":"@RLeinewelle","twitter_misc":{"Verfasst von":"Leinewelle","Gesch\u00e4tzte Lesezeit":"1\u00a0Minute"},"schema":{"@context":"https:\/\/schema.org","@graph":[{"@type":"Article","@id":"https:\/\/radioleinewelle.de\/index.php\/2020\/10\/23\/kasseler-jazzfest-vom-25-bis-30-oktober-2020\/#article","isPartOf":{"@id":"https:\/\/radioleinewelle.de\/index.php\/2020\/10\/23\/kasseler-jazzfest-vom-25-bis-30-oktober-2020\/"},"author":{"name":"Leinewelle","@id":"https:\/\/radioleinewelle.de\/#\/schema\/person\/45606f348637df637192dc1b68399a63"},"headline":"Kasseler Jazzfest vom 25. bis 30. Oktober 2020","datePublished":"2020-10-23T03:00:41+00:00","mainEntityOfPage":{"@id":"https:\/\/radioleinewelle.de\/index.php\/2020\/10\/23\/kasseler-jazzfest-vom-25-bis-30-oktober-2020\/"},"wordCount":180,"publisher":{"@id":"https:\/\/radioleinewelle.de\/#organization"},"image":{"@id":"https:\/\/radioleinewelle.de\/index.php\/2020\/10\/23\/kasseler-jazzfest-vom-25-bis-30-oktober-2020\/#primaryimage"},"thumbnailUrl":"https:\/\/radioleinewelle.de\/wp-content\/uploads\/2020\/10\/Kasseler-Jazzfest-2020-e1603395377927.jpg","articleSection":["Kultur"],"inLanguage":"de"},{"@type":"WebPage","@id":"https:\/\/radioleinewelle.de\/index.php\/2020\/10\/23\/kasseler-jazzfest-vom-25-bis-30-oktober-2020\/","url":"https:\/\/radioleinewelle.de\/index.php\/2020\/10\/23\/kasseler-jazzfest-vom-25-bis-30-oktober-2020\/","name":"Kasseler Jazzfest vom 25. bis 30. Oktober 2020 - Radio Leinewelle","isPartOf":{"@id":"https:\/\/radioleinewelle.de\/#website"},"primaryImageOfPage":{"@id":"https:\/\/radioleinewelle.de\/index.php\/2020\/10\/23\/kasseler-jazzfest-vom-25-bis-30-oktober-2020\/#primaryimage"},"image":{"@id":"https:\/\/radioleinewelle.de\/index.php\/2020\/10\/23\/kasseler-jazzfest-vom-25-bis-30-oktober-2020\/#primaryimage"},"thumbnailUrl":"https:\/\/radioleinewelle.de\/wp-content\/uploads\/2020\/10\/Kasseler-Jazzfest-2020-e1603395377927.jpg","datePublished":"2020-10-23T03:00:41+00:00","breadcrumb":{"@id":"https:\/\/radioleinewelle.de\/index.php\/2020\/10\/23\/kasseler-jazzfest-vom-25-bis-30-oktober-2020\/#breadcrumb"},"inLanguage":"de","potentialAction":[{"@type":"ReadAction","target":["https:\/\/radioleinewelle.de\/index.php\/2020\/10\/23\/kasseler-jazzfest-vom-25-bis-30-oktober-2020\/"]}]},{"@type":"ImageObject","inLanguage":"de","@id":"https:\/\/radioleinewelle.de\/index.php\/2020\/10\/23\/kasseler-jazzfest-vom-25-bis-30-oktober-2020\/#primaryimage","url":"https:\/\/radioleinewelle.de\/wp-content\/uploads\/2020\/10\/Kasseler-Jazzfest-2020-e1603395377927.jpg","contentUrl":"https:\/\/radioleinewelle.de\/wp-content\/uploads\/2020\/10\/Kasseler-Jazzfest-2020-e1603395377927.jpg","width":600,"height":600},{"@type":"BreadcrumbList","@id":"https:\/\/radioleinewelle.de\/index.php\/2020\/10\/23\/kasseler-jazzfest-vom-25-bis-30-oktober-2020\/#breadcrumb","itemListElement":[{"@type":"ListItem","position":1,"name":"Startseite","item":"https:\/\/radioleinewelle.de\/"},{"@type":"ListItem","position":2,"name":"Kasseler Jazzfest vom 25. bis 30. Oktober 2020"}]},{"@type":"WebSite","@id":"https:\/\/radioleinewelle.de\/#website","url":"https:\/\/radioleinewelle.de\/","name":"Radio Leinewelle","description":"","publisher":{"@id":"https:\/\/radioleinewelle.de\/#organization"},"potentialAction":[{"@type":"SearchAction","target":{"@type":"EntryPoint","urlTemplate":"https:\/\/radioleinewelle.de\/?s={search_term_string}"},"query-input":{"@type":"PropertyValueSpecification","valueRequired":true,"valueName":"search_term_string"}}],"inLanguage":"de"},{"@type":"Organization","@id":"https:\/\/radioleinewelle.de\/#organization","name":"Radio Leinewelle","alternateName":"Mein Radio f\u00fcr S\u00fcdniedersachsen","url":"https:\/\/radioleinewelle.de\/","logo":{"@type":"ImageObject","inLanguage":"de","@id":"https:\/\/radioleinewelle.de\/#\/schema\/logo\/image\/","url":"https:\/\/radioleinewelle.de\/wp-content\/uploads\/2023\/11\/cropped-Leinewelle_Logo_weiss.png","contentUrl":"https:\/\/radioleinewelle.de\/wp-content\/uploads\/2023\/11\/cropped-Leinewelle_Logo_weiss.png","width":854,"height":260,"caption":"Radio Leinewelle"},"image":{"@id":"https:\/\/radioleinewelle.de\/#\/schema\/logo\/image\/"},"sameAs":["https:\/\/www.facebook.com\/radioleinewelle","https:\/\/x.com\/RLeinewelle","https:\/\/www.instagram.com\/radioleinewelle\/?hl=de"]},{"@type":"Person","@id":"https:\/\/radioleinewelle.de\/#\/schema\/person\/45606f348637df637192dc1b68399a63","name":"Leinewelle","image":{"@type":"ImageObject","inLanguage":"de","@id":"https:\/\/secure.gravatar.com\/avatar\/05c9a17bc973052ee5d91549bd32fb4dd0dc85b7b85ae94b2e2b4943476bbea5?s=96&d=blank&r=g","url":"https:\/\/secure.gravatar.com\/avatar\/05c9a17bc973052ee5d91549bd32fb4dd0dc85b7b85ae94b2e2b4943476bbea5?s=96&d=blank&r=g","contentUrl":"https:\/\/secure.gravatar.com\/avatar\/05c9a17bc973052ee5d91549bd32fb4dd0dc85b7b85ae94b2e2b4943476bbea5?s=96&d=blank&r=g","caption":"Leinewelle"},"sameAs":["http:\/\/localhost\/radio%20leinewelle\/wordpress","https:\/\/www.facebook.com\/radioleinewelle","https:\/\/www.instagram.com\/radioleinewelle","https:\/\/x.com\/https:\/\/twitter.com\/RLeinewelle?ref_src=twsrcgoogletwcampserptwgrauthor","https:\/\/soundcloud.com\/foerderverein-lokalradio?utm_source=clipboard&utm_medium=text&utm_campaign=social_sharing"],"url":"https:\/\/radioleinewelle.de\/index.php\/author\/leinewelle\/"}]}},"_links":{"self":[{"href":"https:\/\/radioleinewelle.de\/index.php\/wp-json\/wp\/v2\/posts\/2542","targetHints":{"allow":["GET"]}}],"collection":[{"href":"https:\/\/radioleinewelle.de\/index.php\/wp-json\/wp\/v2\/posts"}],"about":[{"href":"https:\/\/radioleinewelle.de\/index.php\/wp-json\/wp\/v2\/types\/post"}],"author":[{"embeddable":true,"href":"https:\/\/radioleinewelle.de\/index.php\/wp-json\/wp\/v2\/users\/1"}],"replies":[{"embeddable":true,"href":"https:\/\/radioleinewelle.de\/index.php\/wp-json\/wp\/v2\/comments?post=2542"}],"version-history":[{"count":0,"href":"https:\/\/radioleinewelle.de\/index.php\/wp-json\/wp\/v2\/posts\/2542\/revisions"}],"wp:featuredmedia":[{"embeddable":true,"href":"https:\/\/radioleinewelle.de\/index.php\/wp-json\/wp\/v2\/media\/2545"}],"wp:attachment":[{"href":"https:\/\/radioleinewelle.de\/index.php\/wp-json\/wp\/v2\/media?parent=2542"}],"wp:term":[{"taxonomy":"category","embeddable":true,"href":"https:\/\/radioleinewelle.de\/index.php\/wp-json\/wp\/v2\/categories?post=2542"},{"taxonomy":"post_tag","embeddable":true,"href":"https:\/\/radioleinewelle.de\/index.php\/wp-json\/wp\/v2\/tags?post=2542"}],"curies":[{"name":"wp","href":"https:\/\/api.w.org\/{rel}","templated":true}]}}