{"id":25429,"date":"2024-05-02T09:09:53","date_gmt":"2024-05-02T07:09:53","guid":{"rendered":"https:\/\/radioleinewelle.de\/?p=25429"},"modified":"2024-05-02T09:09:54","modified_gmt":"2024-05-02T07:09:54","slug":"kurznachrichten-infos-am-02-05-24","status":"publish","type":"post","link":"https:\/\/radioleinewelle.de\/index.php\/2024\/05\/02\/kurznachrichten-infos-am-02-05-24\/","title":{"rendered":"Kurznachrichten &amp; Infos am 02.05.24"},"content":{"rendered":"\n<p>+++ Mit einem leichten R\u00fcckgang der Arbeitslosigkeit startete der <strong>Arbeitsmarkt im s\u00fcdlichen Niedersachsen<\/strong> in den Fr\u00fchling. Die Zahl der Arbeitslosen im G\u00f6ttinger Agenturbezirk sank im M\u00e4rz im Vergleich zum Vormonat um 174 bzw. 1,2% auf 14.411. Vor Jahresfrist lag die Arbeitslosigkeit deutlich niedriger, innerhalb von 12 Monaten stieg die Zahl der Arbeitslosen um 2.364 (19,6%). Aufgrund der Zust\u00e4ndigkeit der Jobcenter f\u00fcr die ukrainischen Gefl\u00fcchteten seit Juni 2022 ist der Anstieg der Arbeitslosenzahlen in der Grundsicherung f\u00fcr Arbeitsuchende (SGB II) besonders ausgepr\u00e4gt. In den Jobcentern der Region werden derzeit 10.178 arbeitslose Menschen betreut, 1.958 (23,8%) mehr als vor einem Jahr.\u00a0Die aktuelle Arbeitslosenquote betr\u00e4gt f\u00fcr den Agenturbezirk G\u00f6ttingen 6,0%. Damit liegt sie 0,1 Prozentpunkte unter dem Februar-Wert und einen Prozentpunkt \u00fcber dem M\u00e4rz-Wert 2022.\u00a0+++<\/p>\n\n\n\n<p>+++ Stadtbibliothek: Aktion rund um den Garten zum Aktionstag \u201eScience goes City\u201cDie <strong>Stadtbibliothek G\u00f6ttingen<\/strong> beteiligt sich am Aktionstag \u201eScience goes City\u201c am Sonntag, 5. Mai 2024, ab 13.00 Uhr mit Aktionen rund um das Thema Garten.Zu den Angeboten geh\u00f6ren unter anderem eine Saatgutbibliothek, in der Samen f\u00fcr den heimischen Balkon oder Garten ausgeliehen werden k\u00f6nnen, eine Pflanzentauschb\u00f6rse und eine Aktion zur Kompostbereitung. Zudem gibt es einen themenbezogenen Buchverkauf. Kinder k\u00f6nnen unter Anleitung Saatgutbomben bauen oder einer Geschichte lauschen.Die Aktionen finden im Innenhof der\u00a0<a href=\"https:\/\/stadtbibliothek.goettingen.de\/\">Stadtbibliothek G\u00f6ttingen<\/a>\u00a0im Thomas-Buergenthal-Haus, Gotmarstra\u00dfe 8, statt.<a href=\"https:\/\/www.goettingen.de\/portal\/meldungen\/science-goes-city-forschung-in-der-fussgaengerzone-900002836-25480.html?rubrik=900000004\">Weitere Informationen zum Aktionstag \u201eScience goes City\u201c gibt es hier.<\/a> +++<\/p>\n\n\n\n<p>+++ <strong>Deiderode<\/strong> &#8211;  Unbekannte verschafften sich am vergangenen Montagabend Zutritt auf das umz\u00e4unte Gel\u00e4nde einer Baustelle f\u00fcr Solaranlagen und \u00f6ffneten einen Container. Der Einbruch wurde am Dienstagmorgen vom Vorarbeiter bemerkt, welcher die Polizei verst\u00e4ndigte. Nach bisherigen Ermittlungen wurden in dem Container befindliche Aluminiumkabeltrommeln entwendet. Der Schaden liegt in sechsstelliger H\u00f6he. Bereits am 17.04.2024 gab es eine \u00e4hnliche Tat. Hierbei wurde kein Baumaterial entwendet. +++<\/p>\n\n\n\n<p>+++ Von Freitag,\u00a03. Mai, bis Sonntag, 9. Juni 2024, ist im Foyer des Neuen Rathauses die Ausstellung <strong>\u201eDie Europa-Caricade\u201c<\/strong> zu sehen. Die Schau der Helmut Schmidt Medien GmbH zeigt mit Karikaturen von Zeichnern aus 15 EU-L\u00e4ndern einen satirischen R\u00fcckblick auf sechs Jahrzehnte Europ\u00e4ische Union. Am Freitag, 3. Mai, 9.30 Uhr, er\u00f6ffnet die nieders\u00e4chsische Ministerin f\u00fcr Bundes- und Europaangelegenheiten und regionale Entwicklung Wiebke Osigus die Ausstellung zusammen mit dem G\u00f6ttinger B\u00fcrgermeister Dr. Ehsan Kangarani. +++<\/p>\n","protected":false},"excerpt":{"rendered":"<p>+++ Mit einem leichten R\u00fcckgang der Arbeitslosigkeit startete der Arbeitsmarkt im s\u00fcdlichen Niedersachsen in den Fr\u00fchling. Die Zahl der Arbeitslosen im G\u00f6ttinger Agenturbezirk sank im M\u00e4rz im Vergleich zum Vormonat um 174 bzw. 1,2% auf 14.411. Vor Jahresfrist lag die Arbeitslosigkeit deutlich niedriger, innerhalb von 12 Monaten stieg die Zahl der Arbeitslosen um 2.364 (19,6%). [&hellip;]<\/p>\n","protected":false},"author":1,"featured_media":24274,"comment_status":"open","ping_status":"open","sticky":true,"template":"","format":"standard","meta":{"saved_in_kubio":false,"footnotes":""},"categories":[24],"tags":[],"class_list":["post-25429","post","type-post","status-publish","format-standard","has-post-thumbnail","hentry","category-news"],"yoast_head":"<!-- This site is optimized with the Yoast SEO plugin v27.5 - https:\/\/yoast.com\/product\/yoast-seo-wordpress\/ -->\n<title>Kurznachrichten &amp; Infos am 02.05.24 - Radio Leinewelle<\/title>\n<meta name=\"robots\" content=\"index, follow, max-snippet:-1, max-image-preview:large, max-video-preview:-1\" \/>\n<link rel=\"canonical\" href=\"https:\/\/radioleinewelle.de\/index.php\/2024\/05\/02\/kurznachrichten-infos-am-02-05-24\/\" \/>\n<meta property=\"og:locale\" content=\"de_DE\" \/>\n<meta property=\"og:type\" content=\"article\" \/>\n<meta property=\"og:title\" content=\"Kurznachrichten &amp; Infos am 02.05.24 - Radio Leinewelle\" \/>\n<meta property=\"og:description\" content=\"+++ Mit einem leichten R\u00fcckgang der Arbeitslosigkeit startete der Arbeitsmarkt im s\u00fcdlichen Niedersachsen in den Fr\u00fchling. Die Zahl der Arbeitslosen im G\u00f6ttinger Agenturbezirk sank im M\u00e4rz im Vergleich zum Vormonat um 174 bzw. 1,2% auf 14.411. Vor Jahresfrist lag die Arbeitslosigkeit deutlich niedriger, innerhalb von 12 Monaten stieg die Zahl der Arbeitslosen um 2.364 (19,6%). [&hellip;]\" \/>\n<meta property=\"og:url\" content=\"https:\/\/radioleinewelle.de\/index.php\/2024\/05\/02\/kurznachrichten-infos-am-02-05-24\/\" \/>\n<meta property=\"og:site_name\" content=\"Radio Leinewelle\" \/>\n<meta property=\"article:publisher\" content=\"https:\/\/www.facebook.com\/radioleinewelle\" \/>\n<meta property=\"article:author\" content=\"https:\/\/www.facebook.com\/radioleinewelle\" \/>\n<meta property=\"article:published_time\" content=\"2024-05-02T07:09:53+00:00\" \/>\n<meta property=\"article:modified_time\" content=\"2024-05-02T07:09:54+00:00\" \/>\n<meta property=\"og:image\" content=\"https:\/\/radioleinewelle.de\/wp-content\/uploads\/2023\/11\/Leinewelle-News-scaled-1.jpeg\" \/>\n\t<meta property=\"og:image:width\" content=\"2560\" \/>\n\t<meta property=\"og:image:height\" content=\"2560\" \/>\n\t<meta property=\"og:image:type\" content=\"image\/jpeg\" \/>\n<meta name=\"author\" content=\"Leinewelle\" \/>\n<meta name=\"twitter:card\" content=\"summary_large_image\" \/>\n<meta name=\"twitter:creator\" content=\"@https:\/\/twitter.com\/RLeinewelle?ref_src=twsrcgoogletwcampserptwgrauthor\" \/>\n<meta name=\"twitter:site\" content=\"@RLeinewelle\" \/>\n<meta name=\"twitter:label1\" content=\"Verfasst von\" \/>\n\t<meta name=\"twitter:data1\" content=\"Leinewelle\" \/>\n\t<meta name=\"twitter:label2\" content=\"Gesch\u00e4tzte Lesezeit\" \/>\n\t<meta name=\"twitter:data2\" content=\"3\u00a0Minuten\" \/>\n<script type=\"application\/ld+json\" class=\"yoast-schema-graph\">{\"@context\":\"https:\\\/\\\/schema.org\",\"@graph\":[{\"@type\":\"Article\",\"@id\":\"https:\\\/\\\/radioleinewelle.de\\\/index.php\\\/2024\\\/05\\\/02\\\/kurznachrichten-infos-am-02-05-24\\\/#article\",\"isPartOf\":{\"@id\":\"https:\\\/\\\/radioleinewelle.de\\\/index.php\\\/2024\\\/05\\\/02\\\/kurznachrichten-infos-am-02-05-24\\\/\"},\"author\":{\"name\":\"Leinewelle\",\"@id\":\"https:\\\/\\\/radioleinewelle.de\\\/#\\\/schema\\\/person\\\/45606f348637df637192dc1b68399a63\"},\"headline\":\"Kurznachrichten &amp; Infos am 02.05.24\",\"datePublished\":\"2024-05-02T07:09:53+00:00\",\"dateModified\":\"2024-05-02T07:09:54+00:00\",\"mainEntityOfPage\":{\"@id\":\"https:\\\/\\\/radioleinewelle.de\\\/index.php\\\/2024\\\/05\\\/02\\\/kurznachrichten-infos-am-02-05-24\\\/\"},\"wordCount\":374,\"commentCount\":0,\"publisher\":{\"@id\":\"https:\\\/\\\/radioleinewelle.de\\\/#organization\"},\"image\":{\"@id\":\"https:\\\/\\\/radioleinewelle.de\\\/index.php\\\/2024\\\/05\\\/02\\\/kurznachrichten-infos-am-02-05-24\\\/#primaryimage\"},\"thumbnailUrl\":\"https:\\\/\\\/radioleinewelle.de\\\/wp-content\\\/uploads\\\/2023\\\/11\\\/Leinewelle-News-scaled-1.jpeg\",\"articleSection\":[\"Aktuelle Nachrichten\"],\"inLanguage\":\"de\",\"potentialAction\":[{\"@type\":\"CommentAction\",\"name\":\"Comment\",\"target\":[\"https:\\\/\\\/radioleinewelle.de\\\/index.php\\\/2024\\\/05\\\/02\\\/kurznachrichten-infos-am-02-05-24\\\/#respond\"]}]},{\"@type\":\"WebPage\",\"@id\":\"https:\\\/\\\/radioleinewelle.de\\\/index.php\\\/2024\\\/05\\\/02\\\/kurznachrichten-infos-am-02-05-24\\\/\",\"url\":\"https:\\\/\\\/radioleinewelle.de\\\/index.php\\\/2024\\\/05\\\/02\\\/kurznachrichten-infos-am-02-05-24\\\/\",\"name\":\"Kurznachrichten &amp; Infos am 02.05.24 - Radio Leinewelle\",\"isPartOf\":{\"@id\":\"https:\\\/\\\/radioleinewelle.de\\\/#website\"},\"primaryImageOfPage\":{\"@id\":\"https:\\\/\\\/radioleinewelle.de\\\/index.php\\\/2024\\\/05\\\/02\\\/kurznachrichten-infos-am-02-05-24\\\/#primaryimage\"},\"image\":{\"@id\":\"https:\\\/\\\/radioleinewelle.de\\\/index.php\\\/2024\\\/05\\\/02\\\/kurznachrichten-infos-am-02-05-24\\\/#primaryimage\"},\"thumbnailUrl\":\"https:\\\/\\\/radioleinewelle.de\\\/wp-content\\\/uploads\\\/2023\\\/11\\\/Leinewelle-News-scaled-1.jpeg\",\"datePublished\":\"2024-05-02T07:09:53+00:00\",\"dateModified\":\"2024-05-02T07:09:54+00:00\",\"breadcrumb\":{\"@id\":\"https:\\\/\\\/radioleinewelle.de\\\/index.php\\\/2024\\\/05\\\/02\\\/kurznachrichten-infos-am-02-05-24\\\/#breadcrumb\"},\"inLanguage\":\"de\",\"potentialAction\":[{\"@type\":\"ReadAction\",\"target\":[\"https:\\\/\\\/radioleinewelle.de\\\/index.php\\\/2024\\\/05\\\/02\\\/kurznachrichten-infos-am-02-05-24\\\/\"]}]},{\"@type\":\"ImageObject\",\"inLanguage\":\"de\",\"@id\":\"https:\\\/\\\/radioleinewelle.de\\\/index.php\\\/2024\\\/05\\\/02\\\/kurznachrichten-infos-am-02-05-24\\\/#primaryimage\",\"url\":\"https:\\\/\\\/radioleinewelle.de\\\/wp-content\\\/uploads\\\/2023\\\/11\\\/Leinewelle-News-scaled-1.jpeg\",\"contentUrl\":\"https:\\\/\\\/radioleinewelle.de\\\/wp-content\\\/uploads\\\/2023\\\/11\\\/Leinewelle-News-scaled-1.jpeg\",\"width\":2560,\"height\":2560},{\"@type\":\"BreadcrumbList\",\"@id\":\"https:\\\/\\\/radioleinewelle.de\\\/index.php\\\/2024\\\/05\\\/02\\\/kurznachrichten-infos-am-02-05-24\\\/#breadcrumb\",\"itemListElement\":[{\"@type\":\"ListItem\",\"position\":1,\"name\":\"Startseite\",\"item\":\"https:\\\/\\\/radioleinewelle.de\\\/\"},{\"@type\":\"ListItem\",\"position\":2,\"name\":\"Kurznachrichten &amp; Infos am 02.05.24\"}]},{\"@type\":\"WebSite\",\"@id\":\"https:\\\/\\\/radioleinewelle.de\\\/#website\",\"url\":\"https:\\\/\\\/radioleinewelle.de\\\/\",\"name\":\"Radio Leinewelle\",\"description\":\"\",\"publisher\":{\"@id\":\"https:\\\/\\\/radioleinewelle.de\\\/#organization\"},\"potentialAction\":[{\"@type\":\"SearchAction\",\"target\":{\"@type\":\"EntryPoint\",\"urlTemplate\":\"https:\\\/\\\/radioleinewelle.de\\\/?s={search_term_string}\"},\"query-input\":{\"@type\":\"PropertyValueSpecification\",\"valueRequired\":true,\"valueName\":\"search_term_string\"}}],\"inLanguage\":\"de\"},{\"@type\":\"Organization\",\"@id\":\"https:\\\/\\\/radioleinewelle.de\\\/#organization\",\"name\":\"Radio Leinewelle\",\"alternateName\":\"Mein Radio f\u00fcr S\u00fcdniedersachsen\",\"url\":\"https:\\\/\\\/radioleinewelle.de\\\/\",\"logo\":{\"@type\":\"ImageObject\",\"inLanguage\":\"de\",\"@id\":\"https:\\\/\\\/radioleinewelle.de\\\/#\\\/schema\\\/logo\\\/image\\\/\",\"url\":\"https:\\\/\\\/radioleinewelle.de\\\/wp-content\\\/uploads\\\/2023\\\/11\\\/cropped-Leinewelle_Logo_weiss.png\",\"contentUrl\":\"https:\\\/\\\/radioleinewelle.de\\\/wp-content\\\/uploads\\\/2023\\\/11\\\/cropped-Leinewelle_Logo_weiss.png\",\"width\":854,\"height\":260,\"caption\":\"Radio Leinewelle\"},\"image\":{\"@id\":\"https:\\\/\\\/radioleinewelle.de\\\/#\\\/schema\\\/logo\\\/image\\\/\"},\"sameAs\":[\"https:\\\/\\\/www.facebook.com\\\/radioleinewelle\",\"https:\\\/\\\/x.com\\\/RLeinewelle\",\"https:\\\/\\\/www.instagram.com\\\/radioleinewelle\\\/?hl=de\"]},{\"@type\":\"Person\",\"@id\":\"https:\\\/\\\/radioleinewelle.de\\\/#\\\/schema\\\/person\\\/45606f348637df637192dc1b68399a63\",\"name\":\"Leinewelle\",\"image\":{\"@type\":\"ImageObject\",\"inLanguage\":\"de\",\"@id\":\"https:\\\/\\\/secure.gravatar.com\\\/avatar\\\/05c9a17bc973052ee5d91549bd32fb4dd0dc85b7b85ae94b2e2b4943476bbea5?s=96&d=blank&r=g\",\"url\":\"https:\\\/\\\/secure.gravatar.com\\\/avatar\\\/05c9a17bc973052ee5d91549bd32fb4dd0dc85b7b85ae94b2e2b4943476bbea5?s=96&d=blank&r=g\",\"contentUrl\":\"https:\\\/\\\/secure.gravatar.com\\\/avatar\\\/05c9a17bc973052ee5d91549bd32fb4dd0dc85b7b85ae94b2e2b4943476bbea5?s=96&d=blank&r=g\",\"caption\":\"Leinewelle\"},\"sameAs\":[\"http:\\\/\\\/localhost\\\/radio%20leinewelle\\\/wordpress\",\"https:\\\/\\\/www.facebook.com\\\/radioleinewelle\",\"https:\\\/\\\/www.instagram.com\\\/radioleinewelle\",\"https:\\\/\\\/x.com\\\/https:\\\/\\\/twitter.com\\\/RLeinewelle?ref_src=twsrcgoogletwcampserptwgrauthor\",\"https:\\\/\\\/soundcloud.com\\\/foerderverein-lokalradio?utm_source=clipboard&utm_medium=text&utm_campaign=social_sharing\"],\"url\":\"https:\\\/\\\/radioleinewelle.de\\\/index.php\\\/author\\\/leinewelle\\\/\"}]}<\/script>\n<!-- \/ Yoast SEO plugin. -->","yoast_head_json":{"title":"Kurznachrichten &amp; Infos am 02.05.24 - Radio Leinewelle","robots":{"index":"index","follow":"follow","max-snippet":"max-snippet:-1","max-image-preview":"max-image-preview:large","max-video-preview":"max-video-preview:-1"},"canonical":"https:\/\/radioleinewelle.de\/index.php\/2024\/05\/02\/kurznachrichten-infos-am-02-05-24\/","og_locale":"de_DE","og_type":"article","og_title":"Kurznachrichten &amp; Infos am 02.05.24 - Radio Leinewelle","og_description":"+++ Mit einem leichten R\u00fcckgang der Arbeitslosigkeit startete der Arbeitsmarkt im s\u00fcdlichen Niedersachsen in den Fr\u00fchling. Die Zahl der Arbeitslosen im G\u00f6ttinger Agenturbezirk sank im M\u00e4rz im Vergleich zum Vormonat um 174 bzw. 1,2% auf 14.411. Vor Jahresfrist lag die Arbeitslosigkeit deutlich niedriger, innerhalb von 12 Monaten stieg die Zahl der Arbeitslosen um 2.364 (19,6%). [&hellip;]","og_url":"https:\/\/radioleinewelle.de\/index.php\/2024\/05\/02\/kurznachrichten-infos-am-02-05-24\/","og_site_name":"Radio Leinewelle","article_publisher":"https:\/\/www.facebook.com\/radioleinewelle","article_author":"https:\/\/www.facebook.com\/radioleinewelle","article_published_time":"2024-05-02T07:09:53+00:00","article_modified_time":"2024-05-02T07:09:54+00:00","og_image":[{"width":2560,"height":2560,"url":"https:\/\/radioleinewelle.de\/wp-content\/uploads\/2023\/11\/Leinewelle-News-scaled-1.jpeg","type":"image\/jpeg"}],"author":"Leinewelle","twitter_card":"summary_large_image","twitter_creator":"@https:\/\/twitter.com\/RLeinewelle?ref_src=twsrcgoogletwcampserptwgrauthor","twitter_site":"@RLeinewelle","twitter_misc":{"Verfasst von":"Leinewelle","Gesch\u00e4tzte Lesezeit":"3\u00a0Minuten"},"schema":{"@context":"https:\/\/schema.org","@graph":[{"@type":"Article","@id":"https:\/\/radioleinewelle.de\/index.php\/2024\/05\/02\/kurznachrichten-infos-am-02-05-24\/#article","isPartOf":{"@id":"https:\/\/radioleinewelle.de\/index.php\/2024\/05\/02\/kurznachrichten-infos-am-02-05-24\/"},"author":{"name":"Leinewelle","@id":"https:\/\/radioleinewelle.de\/#\/schema\/person\/45606f348637df637192dc1b68399a63"},"headline":"Kurznachrichten &amp; Infos am 02.05.24","datePublished":"2024-05-02T07:09:53+00:00","dateModified":"2024-05-02T07:09:54+00:00","mainEntityOfPage":{"@id":"https:\/\/radioleinewelle.de\/index.php\/2024\/05\/02\/kurznachrichten-infos-am-02-05-24\/"},"wordCount":374,"commentCount":0,"publisher":{"@id":"https:\/\/radioleinewelle.de\/#organization"},"image":{"@id":"https:\/\/radioleinewelle.de\/index.php\/2024\/05\/02\/kurznachrichten-infos-am-02-05-24\/#primaryimage"},"thumbnailUrl":"https:\/\/radioleinewelle.de\/wp-content\/uploads\/2023\/11\/Leinewelle-News-scaled-1.jpeg","articleSection":["Aktuelle Nachrichten"],"inLanguage":"de","potentialAction":[{"@type":"CommentAction","name":"Comment","target":["https:\/\/radioleinewelle.de\/index.php\/2024\/05\/02\/kurznachrichten-infos-am-02-05-24\/#respond"]}]},{"@type":"WebPage","@id":"https:\/\/radioleinewelle.de\/index.php\/2024\/05\/02\/kurznachrichten-infos-am-02-05-24\/","url":"https:\/\/radioleinewelle.de\/index.php\/2024\/05\/02\/kurznachrichten-infos-am-02-05-24\/","name":"Kurznachrichten &amp; Infos am 02.05.24 - Radio Leinewelle","isPartOf":{"@id":"https:\/\/radioleinewelle.de\/#website"},"primaryImageOfPage":{"@id":"https:\/\/radioleinewelle.de\/index.php\/2024\/05\/02\/kurznachrichten-infos-am-02-05-24\/#primaryimage"},"image":{"@id":"https:\/\/radioleinewelle.de\/index.php\/2024\/05\/02\/kurznachrichten-infos-am-02-05-24\/#primaryimage"},"thumbnailUrl":"https:\/\/radioleinewelle.de\/wp-content\/uploads\/2023\/11\/Leinewelle-News-scaled-1.jpeg","datePublished":"2024-05-02T07:09:53+00:00","dateModified":"2024-05-02T07:09:54+00:00","breadcrumb":{"@id":"https:\/\/radioleinewelle.de\/index.php\/2024\/05\/02\/kurznachrichten-infos-am-02-05-24\/#breadcrumb"},"inLanguage":"de","potentialAction":[{"@type":"ReadAction","target":["https:\/\/radioleinewelle.de\/index.php\/2024\/05\/02\/kurznachrichten-infos-am-02-05-24\/"]}]},{"@type":"ImageObject","inLanguage":"de","@id":"https:\/\/radioleinewelle.de\/index.php\/2024\/05\/02\/kurznachrichten-infos-am-02-05-24\/#primaryimage","url":"https:\/\/radioleinewelle.de\/wp-content\/uploads\/2023\/11\/Leinewelle-News-scaled-1.jpeg","contentUrl":"https:\/\/radioleinewelle.de\/wp-content\/uploads\/2023\/11\/Leinewelle-News-scaled-1.jpeg","width":2560,"height":2560},{"@type":"BreadcrumbList","@id":"https:\/\/radioleinewelle.de\/index.php\/2024\/05\/02\/kurznachrichten-infos-am-02-05-24\/#breadcrumb","itemListElement":[{"@type":"ListItem","position":1,"name":"Startseite","item":"https:\/\/radioleinewelle.de\/"},{"@type":"ListItem","position":2,"name":"Kurznachrichten &amp; Infos am 02.05.24"}]},{"@type":"WebSite","@id":"https:\/\/radioleinewelle.de\/#website","url":"https:\/\/radioleinewelle.de\/","name":"Radio Leinewelle","description":"","publisher":{"@id":"https:\/\/radioleinewelle.de\/#organization"},"potentialAction":[{"@type":"SearchAction","target":{"@type":"EntryPoint","urlTemplate":"https:\/\/radioleinewelle.de\/?s={search_term_string}"},"query-input":{"@type":"PropertyValueSpecification","valueRequired":true,"valueName":"search_term_string"}}],"inLanguage":"de"},{"@type":"Organization","@id":"https:\/\/radioleinewelle.de\/#organization","name":"Radio Leinewelle","alternateName":"Mein Radio f\u00fcr S\u00fcdniedersachsen","url":"https:\/\/radioleinewelle.de\/","logo":{"@type":"ImageObject","inLanguage":"de","@id":"https:\/\/radioleinewelle.de\/#\/schema\/logo\/image\/","url":"https:\/\/radioleinewelle.de\/wp-content\/uploads\/2023\/11\/cropped-Leinewelle_Logo_weiss.png","contentUrl":"https:\/\/radioleinewelle.de\/wp-content\/uploads\/2023\/11\/cropped-Leinewelle_Logo_weiss.png","width":854,"height":260,"caption":"Radio Leinewelle"},"image":{"@id":"https:\/\/radioleinewelle.de\/#\/schema\/logo\/image\/"},"sameAs":["https:\/\/www.facebook.com\/radioleinewelle","https:\/\/x.com\/RLeinewelle","https:\/\/www.instagram.com\/radioleinewelle\/?hl=de"]},{"@type":"Person","@id":"https:\/\/radioleinewelle.de\/#\/schema\/person\/45606f348637df637192dc1b68399a63","name":"Leinewelle","image":{"@type":"ImageObject","inLanguage":"de","@id":"https:\/\/secure.gravatar.com\/avatar\/05c9a17bc973052ee5d91549bd32fb4dd0dc85b7b85ae94b2e2b4943476bbea5?s=96&d=blank&r=g","url":"https:\/\/secure.gravatar.com\/avatar\/05c9a17bc973052ee5d91549bd32fb4dd0dc85b7b85ae94b2e2b4943476bbea5?s=96&d=blank&r=g","contentUrl":"https:\/\/secure.gravatar.com\/avatar\/05c9a17bc973052ee5d91549bd32fb4dd0dc85b7b85ae94b2e2b4943476bbea5?s=96&d=blank&r=g","caption":"Leinewelle"},"sameAs":["http:\/\/localhost\/radio%20leinewelle\/wordpress","https:\/\/www.facebook.com\/radioleinewelle","https:\/\/www.instagram.com\/radioleinewelle","https:\/\/x.com\/https:\/\/twitter.com\/RLeinewelle?ref_src=twsrcgoogletwcampserptwgrauthor","https:\/\/soundcloud.com\/foerderverein-lokalradio?utm_source=clipboard&utm_medium=text&utm_campaign=social_sharing"],"url":"https:\/\/radioleinewelle.de\/index.php\/author\/leinewelle\/"}]}},"_links":{"self":[{"href":"https:\/\/radioleinewelle.de\/index.php\/wp-json\/wp\/v2\/posts\/25429","targetHints":{"allow":["GET"]}}],"collection":[{"href":"https:\/\/radioleinewelle.de\/index.php\/wp-json\/wp\/v2\/posts"}],"about":[{"href":"https:\/\/radioleinewelle.de\/index.php\/wp-json\/wp\/v2\/types\/post"}],"author":[{"embeddable":true,"href":"https:\/\/radioleinewelle.de\/index.php\/wp-json\/wp\/v2\/users\/1"}],"replies":[{"embeddable":true,"href":"https:\/\/radioleinewelle.de\/index.php\/wp-json\/wp\/v2\/comments?post=25429"}],"version-history":[{"count":5,"href":"https:\/\/radioleinewelle.de\/index.php\/wp-json\/wp\/v2\/posts\/25429\/revisions"}],"predecessor-version":[{"id":25447,"href":"https:\/\/radioleinewelle.de\/index.php\/wp-json\/wp\/v2\/posts\/25429\/revisions\/25447"}],"wp:featuredmedia":[{"embeddable":true,"href":"https:\/\/radioleinewelle.de\/index.php\/wp-json\/wp\/v2\/media\/24274"}],"wp:attachment":[{"href":"https:\/\/radioleinewelle.de\/index.php\/wp-json\/wp\/v2\/media?parent=25429"}],"wp:term":[{"taxonomy":"category","embeddable":true,"href":"https:\/\/radioleinewelle.de\/index.php\/wp-json\/wp\/v2\/categories?post=25429"},{"taxonomy":"post_tag","embeddable":true,"href":"https:\/\/radioleinewelle.de\/index.php\/wp-json\/wp\/v2\/tags?post=25429"}],"curies":[{"name":"wp","href":"https:\/\/api.w.org\/{rel}","templated":true}]}}