{"id":25431,"date":"2024-04-30T09:32:51","date_gmt":"2024-04-30T07:32:51","guid":{"rendered":"https:\/\/radioleinewelle.de\/?p=25431"},"modified":"2024-04-30T09:32:52","modified_gmt":"2024-04-30T07:32:52","slug":"tag-der-arbeit-in-goettingen-mit-ig-metall-vorstandmitglied-hans-juergen-urban","status":"publish","type":"post","link":"https:\/\/radioleinewelle.de\/index.php\/2024\/04\/30\/tag-der-arbeit-in-goettingen-mit-ig-metall-vorstandmitglied-hans-juergen-urban\/","title":{"rendered":"Tag der Arbeit in G\u00f6ttingen mit IG Metall Vorstandmitglied Hans-J\u00fcrgen Urban"},"content":{"rendered":"\n<p>Unter dem Motto &#8222;Mehr Lohn. Mehr Freizeit. Mehr Sicherheit&#8220; feiern die Gewerkschaften unter dem Dach des Deutschen Gewerkschaftsbundes (DGB) am 1.Mai den Tag der Arbeit. Der DGB-Kreisverband G\u00f6ttingen kn\u00fcpft mit den markanten Forderungen im Aufruf an Erfolge j\u00fcngster Tarifrunden an. Zu den Feierlichkeiten laden die Gewerkschafter*innen zahlreiche Verb\u00fcndete und Verb\u00e4nde, aber auch G\u00f6ttingens B\u00fcrgerinnen und B\u00fcrger herzlich ein.<br>Diese beginnen traditionell um 11:00 Uhr mit einer Demonstration, die ganz unsymbolisch von einem Kinderblock angef\u00fchrt wird. Los geht es am Platz der Synagoge \u00fcber die Berliner Stra\u00dfe und Kornmarkt zum Alten Rathaus. Dort erwarten Musik- und Wortbeitr\u00e4ge des Jugendb\u00fcndnis die Teilnehmenden, bevor es weiter \u00fcber die Barf\u00fc\u00dferstr., Wilhelmsplatz,\u00a0 Theaterstra\u00dfe zur Maib\u00fchne am Albaniplatz geht. Dort werden ab 12:00 viele Aktionsst\u00e4nde, Kinderangebote mit H\u00fcpfburg und Karussell sowie Verk\u00f6stigung und Musik des regionalen HipHop\/Rap Duos Tschar\u00e4llo &amp; Laidback Larry auf die G\u00e4ste warten. Mairedner ist gewerkschaftliches Schwergewicht Hans-J\u00fcrgen Urban (Gesch\u00e4ftsf\u00fchrendes Vorstandmitglied IG Metall), der auch in weiteren Talkrunden mit Besch\u00e4ftigten und Klimaaktivist*innen diskutiert.<br><\/p>\n\n\n\n<p><mark style=\"background-color:rgba(0, 0, 0, 0)\" class=\"has-inline-color has-kubio-color-2-color\">&#8222;<em>Das Motto &#8218;Mehr Lohn. Mehr Freizeit. Mehr Sicherheit&#8216; ist kein blo\u00dfer Slogan, sondern eine dringende Forderung, die grundlegenden Bed\u00fcrfnisse und Rechte der Arbeitnehmenden ernst zu nehmen. Europaweit sorgen wir uns um stabile politische Verh\u00e4ltnisse. Diese erreichen wir nur mit gerechter Verteilung und nicht mit Hass und Ausgrenzung\u201c<\/em><\/mark><br><strong>DGB-Kreisvorsitzende Agnieszka Zimowska<\/strong><br><em><br><\/em>Junge Gewerkschafter*innen und Parteienaktive des DGB-Jugendb\u00fcndnisses sind rund um den Tag der Arbeit vielseitig aktiv. Mit einer Jugendmeile am Albaniplatz gehen sie auf die Belange junger Menschen wie Wohnraum, Klimapolitik und Ausbildung ein. Sie laden bereits am 30.4., dem Vorabend des 1. Mai, zum kostenlosen Kinobesuch mit Diskussionsrunde ins Kino Lumiere um 17:30 Uhr ein. Gezeigt wird der Dokumentarfilm &#8222;Verh\u00e4ngnisvolle Fehleinsch\u00e4tzung: Die Zerschlagung der Gewerkschaften am 2. Mai 1933&#8220;. Dieser weist passend auf den Gedenktag am 2. Mai hin. Dieser wird um 18:00 Uhr mit eine Gedenkveranstaltung am Mahnort des alten Volksheimes (Maschm\u00fchlenweg 8-10) begangen. Im Anschluss l\u00e4dt das Jugendb\u00fcndnis mit DGB Kreisverband G\u00f6ttingen zu einem Vortrag zur Geschichte der Gewerkschaften in G\u00f6ttingen ein. Referent ist Dr. Joachim Bons (Ort wird noch bekannt gegeben).<br>Die Organisatoren weisen darauf hin, dass am Maifeiertag vormittags mit Stra\u00dfensperrungen rund um die Demonstrationsstrecke zu rechnen ist. Der Albaniplatz wird bereits am Dienstag, 30. April, ab 10:00 bis Mittwoch, 1. Mai, 15:00 Uhr, f\u00fcr Parkende gesperrt sein. Anwohnende und Besuchende m\u00fcssen ihre Fahrzeuge rechtzeitig entfernen.<\/p>\n\n\n\n<p><strong>Foto: <\/strong>Hans-J\u00fcrgen Urban (Gesch\u00e4ftsf\u00fchrendes Vorstandmitglied IG Metall) \u00a9IG Metall A.P. Englert<\/p>\n","protected":false},"excerpt":{"rendered":"<p>Unter dem Motto &#8222;Mehr Lohn. Mehr Freizeit. Mehr Sicherheit&#8220; feiern die Gewerkschaften unter dem Dach des Deutschen Gewerkschaftsbundes (DGB) am 1.Mai den Tag der Arbeit. Der DGB-Kreisverband G\u00f6ttingen kn\u00fcpft mit den markanten Forderungen im Aufruf an Erfolge j\u00fcngster Tarifrunden an. Zu den Feierlichkeiten laden die Gewerkschafter*innen zahlreiche Verb\u00fcndete und Verb\u00e4nde, aber auch G\u00f6ttingens B\u00fcrgerinnen und [&hellip;]<\/p>\n","protected":false},"author":1,"featured_media":25436,"comment_status":"open","ping_status":"open","sticky":true,"template":"","format":"standard","meta":{"saved_in_kubio":false,"footnotes":""},"categories":[50],"tags":[],"class_list":["post-25431","post","type-post","status-publish","format-standard","has-post-thumbnail","hentry","category-arbeitswelt"],"yoast_head":"<!-- This site is optimized with the Yoast SEO plugin v27.5 - https:\/\/yoast.com\/product\/yoast-seo-wordpress\/ -->\n<title>Tag der Arbeit in G\u00f6ttingen mit IG Metall Vorstandmitglied Hans-J\u00fcrgen Urban - Radio Leinewelle<\/title>\n<meta name=\"robots\" content=\"index, follow, max-snippet:-1, max-image-preview:large, max-video-preview:-1\" \/>\n<link rel=\"canonical\" href=\"https:\/\/radioleinewelle.de\/index.php\/2024\/04\/30\/tag-der-arbeit-in-goettingen-mit-ig-metall-vorstandmitglied-hans-juergen-urban\/\" \/>\n<meta property=\"og:locale\" content=\"de_DE\" \/>\n<meta property=\"og:type\" content=\"article\" \/>\n<meta property=\"og:title\" content=\"Tag der Arbeit in G\u00f6ttingen mit IG Metall Vorstandmitglied Hans-J\u00fcrgen Urban - Radio Leinewelle\" \/>\n<meta property=\"og:description\" content=\"Unter dem Motto &#8222;Mehr Lohn. Mehr Freizeit. Mehr Sicherheit&#8220; feiern die Gewerkschaften unter dem Dach des Deutschen Gewerkschaftsbundes (DGB) am 1.Mai den Tag der Arbeit. Der DGB-Kreisverband G\u00f6ttingen kn\u00fcpft mit den markanten Forderungen im Aufruf an Erfolge j\u00fcngster Tarifrunden an. Zu den Feierlichkeiten laden die Gewerkschafter*innen zahlreiche Verb\u00fcndete und Verb\u00e4nde, aber auch G\u00f6ttingens B\u00fcrgerinnen und [&hellip;]\" \/>\n<meta property=\"og:url\" content=\"https:\/\/radioleinewelle.de\/index.php\/2024\/04\/30\/tag-der-arbeit-in-goettingen-mit-ig-metall-vorstandmitglied-hans-juergen-urban\/\" \/>\n<meta property=\"og:site_name\" content=\"Radio Leinewelle\" \/>\n<meta property=\"article:publisher\" content=\"https:\/\/www.facebook.com\/radioleinewelle\" \/>\n<meta property=\"article:author\" content=\"https:\/\/www.facebook.com\/radioleinewelle\" \/>\n<meta property=\"article:published_time\" content=\"2024-04-30T07:32:51+00:00\" \/>\n<meta property=\"article:modified_time\" content=\"2024-04-30T07:32:52+00:00\" \/>\n<meta property=\"og:image\" content=\"https:\/\/radioleinewelle.de\/wp-content\/uploads\/2024\/04\/presse_hans-juergen_urban_Quelle_IGM-scaled-e1714462353227.jpg\" \/>\n\t<meta property=\"og:image:width\" content=\"1000\" \/>\n\t<meta property=\"og:image:height\" content=\"667\" \/>\n\t<meta property=\"og:image:type\" content=\"image\/jpeg\" \/>\n<meta name=\"author\" content=\"Leinewelle\" \/>\n<meta name=\"twitter:card\" content=\"summary_large_image\" \/>\n<meta name=\"twitter:creator\" content=\"@https:\/\/twitter.com\/RLeinewelle?ref_src=twsrcgoogletwcampserptwgrauthor\" \/>\n<meta name=\"twitter:site\" content=\"@RLeinewelle\" \/>\n<meta name=\"twitter:label1\" content=\"Verfasst von\" \/>\n\t<meta name=\"twitter:data1\" content=\"Leinewelle\" \/>\n\t<meta name=\"twitter:label2\" content=\"Gesch\u00e4tzte Lesezeit\" \/>\n\t<meta name=\"twitter:data2\" content=\"3\u00a0Minuten\" \/>\n<script type=\"application\/ld+json\" class=\"yoast-schema-graph\">{\"@context\":\"https:\\\/\\\/schema.org\",\"@graph\":[{\"@type\":\"Article\",\"@id\":\"https:\\\/\\\/radioleinewelle.de\\\/index.php\\\/2024\\\/04\\\/30\\\/tag-der-arbeit-in-goettingen-mit-ig-metall-vorstandmitglied-hans-juergen-urban\\\/#article\",\"isPartOf\":{\"@id\":\"https:\\\/\\\/radioleinewelle.de\\\/index.php\\\/2024\\\/04\\\/30\\\/tag-der-arbeit-in-goettingen-mit-ig-metall-vorstandmitglied-hans-juergen-urban\\\/\"},\"author\":{\"name\":\"Leinewelle\",\"@id\":\"https:\\\/\\\/radioleinewelle.de\\\/#\\\/schema\\\/person\\\/45606f348637df637192dc1b68399a63\"},\"headline\":\"Tag der Arbeit in G\u00f6ttingen mit IG Metall Vorstandmitglied Hans-J\u00fcrgen Urban\",\"datePublished\":\"2024-04-30T07:32:51+00:00\",\"dateModified\":\"2024-04-30T07:32:52+00:00\",\"mainEntityOfPage\":{\"@id\":\"https:\\\/\\\/radioleinewelle.de\\\/index.php\\\/2024\\\/04\\\/30\\\/tag-der-arbeit-in-goettingen-mit-ig-metall-vorstandmitglied-hans-juergen-urban\\\/\"},\"wordCount\":437,\"commentCount\":0,\"publisher\":{\"@id\":\"https:\\\/\\\/radioleinewelle.de\\\/#organization\"},\"image\":{\"@id\":\"https:\\\/\\\/radioleinewelle.de\\\/index.php\\\/2024\\\/04\\\/30\\\/tag-der-arbeit-in-goettingen-mit-ig-metall-vorstandmitglied-hans-juergen-urban\\\/#primaryimage\"},\"thumbnailUrl\":\"https:\\\/\\\/radioleinewelle.de\\\/wp-content\\\/uploads\\\/2024\\\/04\\\/presse_hans-juergen_urban_Quelle_IGM-scaled-e1714462353227.jpg\",\"articleSection\":[\"Arbeitswelt\"],\"inLanguage\":\"de\",\"potentialAction\":[{\"@type\":\"CommentAction\",\"name\":\"Comment\",\"target\":[\"https:\\\/\\\/radioleinewelle.de\\\/index.php\\\/2024\\\/04\\\/30\\\/tag-der-arbeit-in-goettingen-mit-ig-metall-vorstandmitglied-hans-juergen-urban\\\/#respond\"]}]},{\"@type\":\"WebPage\",\"@id\":\"https:\\\/\\\/radioleinewelle.de\\\/index.php\\\/2024\\\/04\\\/30\\\/tag-der-arbeit-in-goettingen-mit-ig-metall-vorstandmitglied-hans-juergen-urban\\\/\",\"url\":\"https:\\\/\\\/radioleinewelle.de\\\/index.php\\\/2024\\\/04\\\/30\\\/tag-der-arbeit-in-goettingen-mit-ig-metall-vorstandmitglied-hans-juergen-urban\\\/\",\"name\":\"Tag der Arbeit in G\u00f6ttingen mit IG Metall Vorstandmitglied Hans-J\u00fcrgen Urban - Radio Leinewelle\",\"isPartOf\":{\"@id\":\"https:\\\/\\\/radioleinewelle.de\\\/#website\"},\"primaryImageOfPage\":{\"@id\":\"https:\\\/\\\/radioleinewelle.de\\\/index.php\\\/2024\\\/04\\\/30\\\/tag-der-arbeit-in-goettingen-mit-ig-metall-vorstandmitglied-hans-juergen-urban\\\/#primaryimage\"},\"image\":{\"@id\":\"https:\\\/\\\/radioleinewelle.de\\\/index.php\\\/2024\\\/04\\\/30\\\/tag-der-arbeit-in-goettingen-mit-ig-metall-vorstandmitglied-hans-juergen-urban\\\/#primaryimage\"},\"thumbnailUrl\":\"https:\\\/\\\/radioleinewelle.de\\\/wp-content\\\/uploads\\\/2024\\\/04\\\/presse_hans-juergen_urban_Quelle_IGM-scaled-e1714462353227.jpg\",\"datePublished\":\"2024-04-30T07:32:51+00:00\",\"dateModified\":\"2024-04-30T07:32:52+00:00\",\"breadcrumb\":{\"@id\":\"https:\\\/\\\/radioleinewelle.de\\\/index.php\\\/2024\\\/04\\\/30\\\/tag-der-arbeit-in-goettingen-mit-ig-metall-vorstandmitglied-hans-juergen-urban\\\/#breadcrumb\"},\"inLanguage\":\"de\",\"potentialAction\":[{\"@type\":\"ReadAction\",\"target\":[\"https:\\\/\\\/radioleinewelle.de\\\/index.php\\\/2024\\\/04\\\/30\\\/tag-der-arbeit-in-goettingen-mit-ig-metall-vorstandmitglied-hans-juergen-urban\\\/\"]}]},{\"@type\":\"ImageObject\",\"inLanguage\":\"de\",\"@id\":\"https:\\\/\\\/radioleinewelle.de\\\/index.php\\\/2024\\\/04\\\/30\\\/tag-der-arbeit-in-goettingen-mit-ig-metall-vorstandmitglied-hans-juergen-urban\\\/#primaryimage\",\"url\":\"https:\\\/\\\/radioleinewelle.de\\\/wp-content\\\/uploads\\\/2024\\\/04\\\/presse_hans-juergen_urban_Quelle_IGM-scaled-e1714462353227.jpg\",\"contentUrl\":\"https:\\\/\\\/radioleinewelle.de\\\/wp-content\\\/uploads\\\/2024\\\/04\\\/presse_hans-juergen_urban_Quelle_IGM-scaled-e1714462353227.jpg\",\"width\":1000,\"height\":667,\"caption\":\"Dr. Hans-J\u00fcrgen Urban (geb. 3. Juli 1961) ist seit November 2007 gesch\u00e4ftsf\u00fchrendes Vorstandsmitglied der IG Metall. Der promovierte und habilitierte Sozialwissenschaftler ist bei der Gewerkschaft verantwortlich f\u00fcr die Themen Sozialpolitik sowie Arbeitsgestaltung und Qualifizierungspolitik.\"},{\"@type\":\"BreadcrumbList\",\"@id\":\"https:\\\/\\\/radioleinewelle.de\\\/index.php\\\/2024\\\/04\\\/30\\\/tag-der-arbeit-in-goettingen-mit-ig-metall-vorstandmitglied-hans-juergen-urban\\\/#breadcrumb\",\"itemListElement\":[{\"@type\":\"ListItem\",\"position\":1,\"name\":\"Startseite\",\"item\":\"https:\\\/\\\/radioleinewelle.de\\\/\"},{\"@type\":\"ListItem\",\"position\":2,\"name\":\"Tag der Arbeit in G\u00f6ttingen mit IG Metall Vorstandmitglied Hans-J\u00fcrgen Urban\"}]},{\"@type\":\"WebSite\",\"@id\":\"https:\\\/\\\/radioleinewelle.de\\\/#website\",\"url\":\"https:\\\/\\\/radioleinewelle.de\\\/\",\"name\":\"Radio Leinewelle\",\"description\":\"\",\"publisher\":{\"@id\":\"https:\\\/\\\/radioleinewelle.de\\\/#organization\"},\"potentialAction\":[{\"@type\":\"SearchAction\",\"target\":{\"@type\":\"EntryPoint\",\"urlTemplate\":\"https:\\\/\\\/radioleinewelle.de\\\/?s={search_term_string}\"},\"query-input\":{\"@type\":\"PropertyValueSpecification\",\"valueRequired\":true,\"valueName\":\"search_term_string\"}}],\"inLanguage\":\"de\"},{\"@type\":\"Organization\",\"@id\":\"https:\\\/\\\/radioleinewelle.de\\\/#organization\",\"name\":\"Radio Leinewelle\",\"alternateName\":\"Mein Radio f\u00fcr S\u00fcdniedersachsen\",\"url\":\"https:\\\/\\\/radioleinewelle.de\\\/\",\"logo\":{\"@type\":\"ImageObject\",\"inLanguage\":\"de\",\"@id\":\"https:\\\/\\\/radioleinewelle.de\\\/#\\\/schema\\\/logo\\\/image\\\/\",\"url\":\"https:\\\/\\\/radioleinewelle.de\\\/wp-content\\\/uploads\\\/2023\\\/11\\\/cropped-Leinewelle_Logo_weiss.png\",\"contentUrl\":\"https:\\\/\\\/radioleinewelle.de\\\/wp-content\\\/uploads\\\/2023\\\/11\\\/cropped-Leinewelle_Logo_weiss.png\",\"width\":854,\"height\":260,\"caption\":\"Radio Leinewelle\"},\"image\":{\"@id\":\"https:\\\/\\\/radioleinewelle.de\\\/#\\\/schema\\\/logo\\\/image\\\/\"},\"sameAs\":[\"https:\\\/\\\/www.facebook.com\\\/radioleinewelle\",\"https:\\\/\\\/x.com\\\/RLeinewelle\",\"https:\\\/\\\/www.instagram.com\\\/radioleinewelle\\\/?hl=de\"]},{\"@type\":\"Person\",\"@id\":\"https:\\\/\\\/radioleinewelle.de\\\/#\\\/schema\\\/person\\\/45606f348637df637192dc1b68399a63\",\"name\":\"Leinewelle\",\"image\":{\"@type\":\"ImageObject\",\"inLanguage\":\"de\",\"@id\":\"https:\\\/\\\/secure.gravatar.com\\\/avatar\\\/05c9a17bc973052ee5d91549bd32fb4dd0dc85b7b85ae94b2e2b4943476bbea5?s=96&d=blank&r=g\",\"url\":\"https:\\\/\\\/secure.gravatar.com\\\/avatar\\\/05c9a17bc973052ee5d91549bd32fb4dd0dc85b7b85ae94b2e2b4943476bbea5?s=96&d=blank&r=g\",\"contentUrl\":\"https:\\\/\\\/secure.gravatar.com\\\/avatar\\\/05c9a17bc973052ee5d91549bd32fb4dd0dc85b7b85ae94b2e2b4943476bbea5?s=96&d=blank&r=g\",\"caption\":\"Leinewelle\"},\"sameAs\":[\"http:\\\/\\\/localhost\\\/radio%20leinewelle\\\/wordpress\",\"https:\\\/\\\/www.facebook.com\\\/radioleinewelle\",\"https:\\\/\\\/www.instagram.com\\\/radioleinewelle\",\"https:\\\/\\\/x.com\\\/https:\\\/\\\/twitter.com\\\/RLeinewelle?ref_src=twsrcgoogletwcampserptwgrauthor\",\"https:\\\/\\\/soundcloud.com\\\/foerderverein-lokalradio?utm_source=clipboard&utm_medium=text&utm_campaign=social_sharing\"],\"url\":\"https:\\\/\\\/radioleinewelle.de\\\/index.php\\\/author\\\/leinewelle\\\/\"}]}<\/script>\n<!-- \/ Yoast SEO plugin. -->","yoast_head_json":{"title":"Tag der Arbeit in G\u00f6ttingen mit IG Metall Vorstandmitglied Hans-J\u00fcrgen Urban - Radio Leinewelle","robots":{"index":"index","follow":"follow","max-snippet":"max-snippet:-1","max-image-preview":"max-image-preview:large","max-video-preview":"max-video-preview:-1"},"canonical":"https:\/\/radioleinewelle.de\/index.php\/2024\/04\/30\/tag-der-arbeit-in-goettingen-mit-ig-metall-vorstandmitglied-hans-juergen-urban\/","og_locale":"de_DE","og_type":"article","og_title":"Tag der Arbeit in G\u00f6ttingen mit IG Metall Vorstandmitglied Hans-J\u00fcrgen Urban - Radio Leinewelle","og_description":"Unter dem Motto &#8222;Mehr Lohn. Mehr Freizeit. Mehr Sicherheit&#8220; feiern die Gewerkschaften unter dem Dach des Deutschen Gewerkschaftsbundes (DGB) am 1.Mai den Tag der Arbeit. Der DGB-Kreisverband G\u00f6ttingen kn\u00fcpft mit den markanten Forderungen im Aufruf an Erfolge j\u00fcngster Tarifrunden an. Zu den Feierlichkeiten laden die Gewerkschafter*innen zahlreiche Verb\u00fcndete und Verb\u00e4nde, aber auch G\u00f6ttingens B\u00fcrgerinnen und [&hellip;]","og_url":"https:\/\/radioleinewelle.de\/index.php\/2024\/04\/30\/tag-der-arbeit-in-goettingen-mit-ig-metall-vorstandmitglied-hans-juergen-urban\/","og_site_name":"Radio Leinewelle","article_publisher":"https:\/\/www.facebook.com\/radioleinewelle","article_author":"https:\/\/www.facebook.com\/radioleinewelle","article_published_time":"2024-04-30T07:32:51+00:00","article_modified_time":"2024-04-30T07:32:52+00:00","og_image":[{"width":1000,"height":667,"url":"https:\/\/radioleinewelle.de\/wp-content\/uploads\/2024\/04\/presse_hans-juergen_urban_Quelle_IGM-scaled-e1714462353227.jpg","type":"image\/jpeg"}],"author":"Leinewelle","twitter_card":"summary_large_image","twitter_creator":"@https:\/\/twitter.com\/RLeinewelle?ref_src=twsrcgoogletwcampserptwgrauthor","twitter_site":"@RLeinewelle","twitter_misc":{"Verfasst von":"Leinewelle","Gesch\u00e4tzte Lesezeit":"3\u00a0Minuten"},"schema":{"@context":"https:\/\/schema.org","@graph":[{"@type":"Article","@id":"https:\/\/radioleinewelle.de\/index.php\/2024\/04\/30\/tag-der-arbeit-in-goettingen-mit-ig-metall-vorstandmitglied-hans-juergen-urban\/#article","isPartOf":{"@id":"https:\/\/radioleinewelle.de\/index.php\/2024\/04\/30\/tag-der-arbeit-in-goettingen-mit-ig-metall-vorstandmitglied-hans-juergen-urban\/"},"author":{"name":"Leinewelle","@id":"https:\/\/radioleinewelle.de\/#\/schema\/person\/45606f348637df637192dc1b68399a63"},"headline":"Tag der Arbeit in G\u00f6ttingen mit IG Metall Vorstandmitglied Hans-J\u00fcrgen Urban","datePublished":"2024-04-30T07:32:51+00:00","dateModified":"2024-04-30T07:32:52+00:00","mainEntityOfPage":{"@id":"https:\/\/radioleinewelle.de\/index.php\/2024\/04\/30\/tag-der-arbeit-in-goettingen-mit-ig-metall-vorstandmitglied-hans-juergen-urban\/"},"wordCount":437,"commentCount":0,"publisher":{"@id":"https:\/\/radioleinewelle.de\/#organization"},"image":{"@id":"https:\/\/radioleinewelle.de\/index.php\/2024\/04\/30\/tag-der-arbeit-in-goettingen-mit-ig-metall-vorstandmitglied-hans-juergen-urban\/#primaryimage"},"thumbnailUrl":"https:\/\/radioleinewelle.de\/wp-content\/uploads\/2024\/04\/presse_hans-juergen_urban_Quelle_IGM-scaled-e1714462353227.jpg","articleSection":["Arbeitswelt"],"inLanguage":"de","potentialAction":[{"@type":"CommentAction","name":"Comment","target":["https:\/\/radioleinewelle.de\/index.php\/2024\/04\/30\/tag-der-arbeit-in-goettingen-mit-ig-metall-vorstandmitglied-hans-juergen-urban\/#respond"]}]},{"@type":"WebPage","@id":"https:\/\/radioleinewelle.de\/index.php\/2024\/04\/30\/tag-der-arbeit-in-goettingen-mit-ig-metall-vorstandmitglied-hans-juergen-urban\/","url":"https:\/\/radioleinewelle.de\/index.php\/2024\/04\/30\/tag-der-arbeit-in-goettingen-mit-ig-metall-vorstandmitglied-hans-juergen-urban\/","name":"Tag der Arbeit in G\u00f6ttingen mit IG Metall Vorstandmitglied Hans-J\u00fcrgen Urban - Radio Leinewelle","isPartOf":{"@id":"https:\/\/radioleinewelle.de\/#website"},"primaryImageOfPage":{"@id":"https:\/\/radioleinewelle.de\/index.php\/2024\/04\/30\/tag-der-arbeit-in-goettingen-mit-ig-metall-vorstandmitglied-hans-juergen-urban\/#primaryimage"},"image":{"@id":"https:\/\/radioleinewelle.de\/index.php\/2024\/04\/30\/tag-der-arbeit-in-goettingen-mit-ig-metall-vorstandmitglied-hans-juergen-urban\/#primaryimage"},"thumbnailUrl":"https:\/\/radioleinewelle.de\/wp-content\/uploads\/2024\/04\/presse_hans-juergen_urban_Quelle_IGM-scaled-e1714462353227.jpg","datePublished":"2024-04-30T07:32:51+00:00","dateModified":"2024-04-30T07:32:52+00:00","breadcrumb":{"@id":"https:\/\/radioleinewelle.de\/index.php\/2024\/04\/30\/tag-der-arbeit-in-goettingen-mit-ig-metall-vorstandmitglied-hans-juergen-urban\/#breadcrumb"},"inLanguage":"de","potentialAction":[{"@type":"ReadAction","target":["https:\/\/radioleinewelle.de\/index.php\/2024\/04\/30\/tag-der-arbeit-in-goettingen-mit-ig-metall-vorstandmitglied-hans-juergen-urban\/"]}]},{"@type":"ImageObject","inLanguage":"de","@id":"https:\/\/radioleinewelle.de\/index.php\/2024\/04\/30\/tag-der-arbeit-in-goettingen-mit-ig-metall-vorstandmitglied-hans-juergen-urban\/#primaryimage","url":"https:\/\/radioleinewelle.de\/wp-content\/uploads\/2024\/04\/presse_hans-juergen_urban_Quelle_IGM-scaled-e1714462353227.jpg","contentUrl":"https:\/\/radioleinewelle.de\/wp-content\/uploads\/2024\/04\/presse_hans-juergen_urban_Quelle_IGM-scaled-e1714462353227.jpg","width":1000,"height":667,"caption":"Dr. Hans-J\u00fcrgen Urban (geb. 3. Juli 1961) ist seit November 2007 gesch\u00e4ftsf\u00fchrendes Vorstandsmitglied der IG Metall. Der promovierte und habilitierte Sozialwissenschaftler ist bei der Gewerkschaft verantwortlich f\u00fcr die Themen Sozialpolitik sowie Arbeitsgestaltung und Qualifizierungspolitik."},{"@type":"BreadcrumbList","@id":"https:\/\/radioleinewelle.de\/index.php\/2024\/04\/30\/tag-der-arbeit-in-goettingen-mit-ig-metall-vorstandmitglied-hans-juergen-urban\/#breadcrumb","itemListElement":[{"@type":"ListItem","position":1,"name":"Startseite","item":"https:\/\/radioleinewelle.de\/"},{"@type":"ListItem","position":2,"name":"Tag der Arbeit in G\u00f6ttingen mit IG Metall Vorstandmitglied Hans-J\u00fcrgen Urban"}]},{"@type":"WebSite","@id":"https:\/\/radioleinewelle.de\/#website","url":"https:\/\/radioleinewelle.de\/","name":"Radio Leinewelle","description":"","publisher":{"@id":"https:\/\/radioleinewelle.de\/#organization"},"potentialAction":[{"@type":"SearchAction","target":{"@type":"EntryPoint","urlTemplate":"https:\/\/radioleinewelle.de\/?s={search_term_string}"},"query-input":{"@type":"PropertyValueSpecification","valueRequired":true,"valueName":"search_term_string"}}],"inLanguage":"de"},{"@type":"Organization","@id":"https:\/\/radioleinewelle.de\/#organization","name":"Radio Leinewelle","alternateName":"Mein Radio f\u00fcr S\u00fcdniedersachsen","url":"https:\/\/radioleinewelle.de\/","logo":{"@type":"ImageObject","inLanguage":"de","@id":"https:\/\/radioleinewelle.de\/#\/schema\/logo\/image\/","url":"https:\/\/radioleinewelle.de\/wp-content\/uploads\/2023\/11\/cropped-Leinewelle_Logo_weiss.png","contentUrl":"https:\/\/radioleinewelle.de\/wp-content\/uploads\/2023\/11\/cropped-Leinewelle_Logo_weiss.png","width":854,"height":260,"caption":"Radio Leinewelle"},"image":{"@id":"https:\/\/radioleinewelle.de\/#\/schema\/logo\/image\/"},"sameAs":["https:\/\/www.facebook.com\/radioleinewelle","https:\/\/x.com\/RLeinewelle","https:\/\/www.instagram.com\/radioleinewelle\/?hl=de"]},{"@type":"Person","@id":"https:\/\/radioleinewelle.de\/#\/schema\/person\/45606f348637df637192dc1b68399a63","name":"Leinewelle","image":{"@type":"ImageObject","inLanguage":"de","@id":"https:\/\/secure.gravatar.com\/avatar\/05c9a17bc973052ee5d91549bd32fb4dd0dc85b7b85ae94b2e2b4943476bbea5?s=96&d=blank&r=g","url":"https:\/\/secure.gravatar.com\/avatar\/05c9a17bc973052ee5d91549bd32fb4dd0dc85b7b85ae94b2e2b4943476bbea5?s=96&d=blank&r=g","contentUrl":"https:\/\/secure.gravatar.com\/avatar\/05c9a17bc973052ee5d91549bd32fb4dd0dc85b7b85ae94b2e2b4943476bbea5?s=96&d=blank&r=g","caption":"Leinewelle"},"sameAs":["http:\/\/localhost\/radio%20leinewelle\/wordpress","https:\/\/www.facebook.com\/radioleinewelle","https:\/\/www.instagram.com\/radioleinewelle","https:\/\/x.com\/https:\/\/twitter.com\/RLeinewelle?ref_src=twsrcgoogletwcampserptwgrauthor","https:\/\/soundcloud.com\/foerderverein-lokalradio?utm_source=clipboard&utm_medium=text&utm_campaign=social_sharing"],"url":"https:\/\/radioleinewelle.de\/index.php\/author\/leinewelle\/"}]}},"_links":{"self":[{"href":"https:\/\/radioleinewelle.de\/index.php\/wp-json\/wp\/v2\/posts\/25431","targetHints":{"allow":["GET"]}}],"collection":[{"href":"https:\/\/radioleinewelle.de\/index.php\/wp-json\/wp\/v2\/posts"}],"about":[{"href":"https:\/\/radioleinewelle.de\/index.php\/wp-json\/wp\/v2\/types\/post"}],"author":[{"embeddable":true,"href":"https:\/\/radioleinewelle.de\/index.php\/wp-json\/wp\/v2\/users\/1"}],"replies":[{"embeddable":true,"href":"https:\/\/radioleinewelle.de\/index.php\/wp-json\/wp\/v2\/comments?post=25431"}],"version-history":[{"count":5,"href":"https:\/\/radioleinewelle.de\/index.php\/wp-json\/wp\/v2\/posts\/25431\/revisions"}],"predecessor-version":[{"id":25437,"href":"https:\/\/radioleinewelle.de\/index.php\/wp-json\/wp\/v2\/posts\/25431\/revisions\/25437"}],"wp:featuredmedia":[{"embeddable":true,"href":"https:\/\/radioleinewelle.de\/index.php\/wp-json\/wp\/v2\/media\/25436"}],"wp:attachment":[{"href":"https:\/\/radioleinewelle.de\/index.php\/wp-json\/wp\/v2\/media?parent=25431"}],"wp:term":[{"taxonomy":"category","embeddable":true,"href":"https:\/\/radioleinewelle.de\/index.php\/wp-json\/wp\/v2\/categories?post=25431"},{"taxonomy":"post_tag","embeddable":true,"href":"https:\/\/radioleinewelle.de\/index.php\/wp-json\/wp\/v2\/tags?post=25431"}],"curies":[{"name":"wp","href":"https:\/\/api.w.org\/{rel}","templated":true}]}}