{"id":25473,"date":"2024-05-12T11:31:11","date_gmt":"2024-05-12T09:31:11","guid":{"rendered":"https:\/\/radioleinewelle.de\/?p=25473"},"modified":"2024-05-12T11:31:12","modified_gmt":"2024-05-12T09:31:12","slug":"zum-nachhoeren-ausstellung-von-eu-karikaturen-im-neuen-rathaus","status":"publish","type":"post","link":"https:\/\/radioleinewelle.de\/index.php\/2024\/05\/12\/zum-nachhoeren-ausstellung-von-eu-karikaturen-im-neuen-rathaus\/","title":{"rendered":"Zum Nachh\u00f6ren: Ausstellung von EU Karikaturen im Neuen Rathaus."},"content":{"rendered":"\n<p>P\u00fcnktlich zum Europawahlkampf ist im Foyer des Neuen Rathauses eine Ausstellung von Karikaturen \u00fcber die Europ\u00e4ische Gemeinschaft er\u00f6ffnet worden. Die Ausstellung l\u00e4uft noch bis bis zum Tag der Europawahl am 09. Juni. Der Eintritt ist frei zu den\u00a0<a href=\"https:\/\/www.goettingen.de\/portal\/seiten\/oeffnungszeiten-adresse-900000221-25480.html?rubrik=900000002\">\u00d6ffnungszeiten des Neuen Rathauses<\/a>, Hiroshimaplatz 1-4: Mo-Mi 8.00-14.00 Uhr, Do 8.00-17.00 Uhr, Fr 8.00-13.00 Uhr.<\/p>\n\n\n\n<figure class=\"wp-block-gallery has-nested-images columns-default is-cropped wp-block-gallery-1 is-layout-flex wp-block-gallery-is-layout-flex\">\n<figure class=\"wp-block-image size-large\"><img loading=\"lazy\" decoding=\"async\" width=\"724\" height=\"1024\" data-id=\"25480\" src=\"https:\/\/radioleinewelle.de\/wp-content\/uploads\/2024\/05\/Europa-Caricade-3-1-724x1024.jpg\" alt=\"\" class=\"wp-image-25480\" srcset=\"https:\/\/radioleinewelle.de\/wp-content\/uploads\/2024\/05\/Europa-Caricade-3-1-724x1024.jpg 724w, https:\/\/radioleinewelle.de\/wp-content\/uploads\/2024\/05\/Europa-Caricade-3-1-212x300.jpg 212w, https:\/\/radioleinewelle.de\/wp-content\/uploads\/2024\/05\/Europa-Caricade-3-1-768x1085.jpg 768w, https:\/\/radioleinewelle.de\/wp-content\/uploads\/2024\/05\/Europa-Caricade-3-1-1087x1536.jpg 1087w, https:\/\/radioleinewelle.de\/wp-content\/uploads\/2024\/05\/Europa-Caricade-3-1-764x1080.jpg 764w, https:\/\/radioleinewelle.de\/wp-content\/uploads\/2024\/05\/Europa-Caricade-3-1.jpg 1120w\" sizes=\"(max-width: 724px) 100vw, 724px\" \/><\/figure>\n\n\n\n<figure class=\"wp-block-image size-large\"><img loading=\"lazy\" decoding=\"async\" width=\"1191\" height=\"1587\" data-id=\"25482\" src=\"https:\/\/radioleinewelle.de\/wp-content\/uploads\/2024\/05\/Europa-Caricade-4-edited.jpg\" alt=\"\" class=\"wp-image-25482\" srcset=\"https:\/\/radioleinewelle.de\/wp-content\/uploads\/2024\/05\/Europa-Caricade-4-edited.jpg 1191w, https:\/\/radioleinewelle.de\/wp-content\/uploads\/2024\/05\/Europa-Caricade-4-edited-225x300.jpg 225w, https:\/\/radioleinewelle.de\/wp-content\/uploads\/2024\/05\/Europa-Caricade-4-edited-768x1023.jpg 768w, https:\/\/radioleinewelle.de\/wp-content\/uploads\/2024\/05\/Europa-Caricade-4-edited-1153x1536.jpg 1153w, https:\/\/radioleinewelle.de\/wp-content\/uploads\/2024\/05\/Europa-Caricade-4-edited-811x1080.jpg 811w\" sizes=\"(max-width: 1191px) 100vw, 1191px\" \/><\/figure>\n<\/figure>\n\n\n\n<p><br>Wir haben mit Annette Casasus, der Vorsitzenden der deutsch-franz\u00f6sischen Gesellschaft G\u00f6ttingen und mit Harm Adam, dem Landesvorsitzenden der Europa-Union, \u00fcber die Ausstellung Europa-Caricade gesprochen.<\/p>\n\n\n\n<figure class=\"wp-block-audio\"><audio controls src=\"https:\/\/radioleinewelle.de\/wp-content\/uploads\/2024\/05\/Euro-Caricade-im-Neuen-Rathaus.mp3\"><\/audio><\/figure>\n\n\n\n<p><strong>Foto:<\/strong> Blick in die Ausstellung \u00a9Radio Leinewelle (ue)<\/p>\n","protected":false},"excerpt":{"rendered":"<p>P\u00fcnktlich zum Europawahlkampf ist im Foyer des Neuen Rathauses eine Ausstellung von Karikaturen \u00fcber die Europ\u00e4ische Gemeinschaft er\u00f6ffnet worden. Die Ausstellung l\u00e4uft noch bis bis zum Tag der Europawahl am 09. Juni. Der Eintritt ist frei zu den\u00a0\u00d6ffnungszeiten des Neuen Rathauses, Hiroshimaplatz 1-4: Mo-Mi 8.00-14.00 Uhr, Do 8.00-17.00 Uhr, Fr 8.00-13.00 Uhr. Wir haben mit [&hellip;]<\/p>\n","protected":false},"author":1,"featured_media":25477,"comment_status":"open","ping_status":"open","sticky":true,"template":"","format":"standard","meta":{"saved_in_kubio":false,"footnotes":""},"categories":[2930],"tags":[4157,4158,4159],"class_list":["post-25473","post","type-post","status-publish","format-standard","has-post-thumbnail","hentry","category-ausstellungen","tag-europa-union","tag-europa-caricade","tag-neues-rathaus-goettingen"],"yoast_head":"<!-- This site is optimized with the Yoast SEO plugin v27.5 - https:\/\/yoast.com\/product\/yoast-seo-wordpress\/ -->\n<title>Zum Nachh\u00f6ren: Ausstellung von EU Karikaturen im Neuen Rathaus. - Radio Leinewelle<\/title>\n<meta name=\"robots\" content=\"index, follow, max-snippet:-1, max-image-preview:large, max-video-preview:-1\" \/>\n<link rel=\"canonical\" href=\"https:\/\/radioleinewelle.de\/index.php\/2024\/05\/12\/zum-nachhoeren-ausstellung-von-eu-karikaturen-im-neuen-rathaus\/\" \/>\n<meta property=\"og:locale\" content=\"de_DE\" \/>\n<meta property=\"og:type\" content=\"article\" \/>\n<meta property=\"og:title\" content=\"Zum Nachh\u00f6ren: Ausstellung von EU Karikaturen im Neuen Rathaus. - Radio Leinewelle\" \/>\n<meta property=\"og:description\" content=\"P\u00fcnktlich zum Europawahlkampf ist im Foyer des Neuen Rathauses eine Ausstellung von Karikaturen \u00fcber die Europ\u00e4ische Gemeinschaft er\u00f6ffnet worden. Die Ausstellung l\u00e4uft noch bis bis zum Tag der Europawahl am 09. Juni. Der Eintritt ist frei zu den\u00a0\u00d6ffnungszeiten des Neuen Rathauses, Hiroshimaplatz 1-4: Mo-Mi 8.00-14.00 Uhr, Do 8.00-17.00 Uhr, Fr 8.00-13.00 Uhr. Wir haben mit [&hellip;]\" \/>\n<meta property=\"og:url\" content=\"https:\/\/radioleinewelle.de\/index.php\/2024\/05\/12\/zum-nachhoeren-ausstellung-von-eu-karikaturen-im-neuen-rathaus\/\" \/>\n<meta property=\"og:site_name\" content=\"Radio Leinewelle\" \/>\n<meta property=\"article:publisher\" content=\"https:\/\/www.facebook.com\/radioleinewelle\" \/>\n<meta property=\"article:author\" content=\"https:\/\/www.facebook.com\/radioleinewelle\" \/>\n<meta property=\"article:published_time\" content=\"2024-05-12T09:31:11+00:00\" \/>\n<meta property=\"article:modified_time\" content=\"2024-05-12T09:31:12+00:00\" \/>\n<meta property=\"og:image\" content=\"https:\/\/radioleinewelle.de\/wp-content\/uploads\/2024\/05\/Euro-Caricade.jpg\" \/>\n\t<meta property=\"og:image:width\" content=\"1820\" \/>\n\t<meta property=\"og:image:height\" content=\"1196\" \/>\n\t<meta property=\"og:image:type\" content=\"image\/jpeg\" \/>\n<meta name=\"author\" content=\"Leinewelle\" \/>\n<meta name=\"twitter:card\" content=\"summary_large_image\" \/>\n<meta name=\"twitter:creator\" content=\"@https:\/\/twitter.com\/RLeinewelle?ref_src=twsrcgoogletwcampserptwgrauthor\" \/>\n<meta name=\"twitter:site\" content=\"@RLeinewelle\" \/>\n<meta name=\"twitter:label1\" content=\"Verfasst von\" \/>\n\t<meta name=\"twitter:data1\" content=\"Leinewelle\" \/>\n\t<meta name=\"twitter:label2\" content=\"Gesch\u00e4tzte Lesezeit\" \/>\n\t<meta name=\"twitter:data2\" content=\"2\u00a0Minuten\" \/>\n<script type=\"application\/ld+json\" class=\"yoast-schema-graph\">{\"@context\":\"https:\\\/\\\/schema.org\",\"@graph\":[{\"@type\":\"Article\",\"@id\":\"https:\\\/\\\/radioleinewelle.de\\\/index.php\\\/2024\\\/05\\\/12\\\/zum-nachhoeren-ausstellung-von-eu-karikaturen-im-neuen-rathaus\\\/#article\",\"isPartOf\":{\"@id\":\"https:\\\/\\\/radioleinewelle.de\\\/index.php\\\/2024\\\/05\\\/12\\\/zum-nachhoeren-ausstellung-von-eu-karikaturen-im-neuen-rathaus\\\/\"},\"author\":{\"name\":\"Leinewelle\",\"@id\":\"https:\\\/\\\/radioleinewelle.de\\\/#\\\/schema\\\/person\\\/45606f348637df637192dc1b68399a63\"},\"headline\":\"Zum Nachh\u00f6ren: Ausstellung von EU Karikaturen im Neuen Rathaus.\",\"datePublished\":\"2024-05-12T09:31:11+00:00\",\"dateModified\":\"2024-05-12T09:31:12+00:00\",\"mainEntityOfPage\":{\"@id\":\"https:\\\/\\\/radioleinewelle.de\\\/index.php\\\/2024\\\/05\\\/12\\\/zum-nachhoeren-ausstellung-von-eu-karikaturen-im-neuen-rathaus\\\/\"},\"wordCount\":100,\"commentCount\":0,\"publisher\":{\"@id\":\"https:\\\/\\\/radioleinewelle.de\\\/#organization\"},\"image\":{\"@id\":\"https:\\\/\\\/radioleinewelle.de\\\/index.php\\\/2024\\\/05\\\/12\\\/zum-nachhoeren-ausstellung-von-eu-karikaturen-im-neuen-rathaus\\\/#primaryimage\"},\"thumbnailUrl\":\"https:\\\/\\\/radioleinewelle.de\\\/wp-content\\\/uploads\\\/2024\\\/05\\\/Euro-Caricade.jpg\",\"keywords\":[\"Europa Union\",\"Europa-Caricade\",\"Neues Rathaus G\u00f6ttingen\"],\"articleSection\":[\"Ausstellungen\"],\"inLanguage\":\"de\",\"potentialAction\":[{\"@type\":\"CommentAction\",\"name\":\"Comment\",\"target\":[\"https:\\\/\\\/radioleinewelle.de\\\/index.php\\\/2024\\\/05\\\/12\\\/zum-nachhoeren-ausstellung-von-eu-karikaturen-im-neuen-rathaus\\\/#respond\"]}]},{\"@type\":\"WebPage\",\"@id\":\"https:\\\/\\\/radioleinewelle.de\\\/index.php\\\/2024\\\/05\\\/12\\\/zum-nachhoeren-ausstellung-von-eu-karikaturen-im-neuen-rathaus\\\/\",\"url\":\"https:\\\/\\\/radioleinewelle.de\\\/index.php\\\/2024\\\/05\\\/12\\\/zum-nachhoeren-ausstellung-von-eu-karikaturen-im-neuen-rathaus\\\/\",\"name\":\"Zum Nachh\u00f6ren: Ausstellung von EU Karikaturen im Neuen Rathaus. - Radio Leinewelle\",\"isPartOf\":{\"@id\":\"https:\\\/\\\/radioleinewelle.de\\\/#website\"},\"primaryImageOfPage\":{\"@id\":\"https:\\\/\\\/radioleinewelle.de\\\/index.php\\\/2024\\\/05\\\/12\\\/zum-nachhoeren-ausstellung-von-eu-karikaturen-im-neuen-rathaus\\\/#primaryimage\"},\"image\":{\"@id\":\"https:\\\/\\\/radioleinewelle.de\\\/index.php\\\/2024\\\/05\\\/12\\\/zum-nachhoeren-ausstellung-von-eu-karikaturen-im-neuen-rathaus\\\/#primaryimage\"},\"thumbnailUrl\":\"https:\\\/\\\/radioleinewelle.de\\\/wp-content\\\/uploads\\\/2024\\\/05\\\/Euro-Caricade.jpg\",\"datePublished\":\"2024-05-12T09:31:11+00:00\",\"dateModified\":\"2024-05-12T09:31:12+00:00\",\"breadcrumb\":{\"@id\":\"https:\\\/\\\/radioleinewelle.de\\\/index.php\\\/2024\\\/05\\\/12\\\/zum-nachhoeren-ausstellung-von-eu-karikaturen-im-neuen-rathaus\\\/#breadcrumb\"},\"inLanguage\":\"de\",\"potentialAction\":[{\"@type\":\"ReadAction\",\"target\":[\"https:\\\/\\\/radioleinewelle.de\\\/index.php\\\/2024\\\/05\\\/12\\\/zum-nachhoeren-ausstellung-von-eu-karikaturen-im-neuen-rathaus\\\/\"]}]},{\"@type\":\"ImageObject\",\"inLanguage\":\"de\",\"@id\":\"https:\\\/\\\/radioleinewelle.de\\\/index.php\\\/2024\\\/05\\\/12\\\/zum-nachhoeren-ausstellung-von-eu-karikaturen-im-neuen-rathaus\\\/#primaryimage\",\"url\":\"https:\\\/\\\/radioleinewelle.de\\\/wp-content\\\/uploads\\\/2024\\\/05\\\/Euro-Caricade.jpg\",\"contentUrl\":\"https:\\\/\\\/radioleinewelle.de\\\/wp-content\\\/uploads\\\/2024\\\/05\\\/Euro-Caricade.jpg\",\"width\":1820,\"height\":1196},{\"@type\":\"BreadcrumbList\",\"@id\":\"https:\\\/\\\/radioleinewelle.de\\\/index.php\\\/2024\\\/05\\\/12\\\/zum-nachhoeren-ausstellung-von-eu-karikaturen-im-neuen-rathaus\\\/#breadcrumb\",\"itemListElement\":[{\"@type\":\"ListItem\",\"position\":1,\"name\":\"Startseite\",\"item\":\"https:\\\/\\\/radioleinewelle.de\\\/\"},{\"@type\":\"ListItem\",\"position\":2,\"name\":\"Zum Nachh\u00f6ren: Ausstellung von EU Karikaturen im Neuen Rathaus.\"}]},{\"@type\":\"WebSite\",\"@id\":\"https:\\\/\\\/radioleinewelle.de\\\/#website\",\"url\":\"https:\\\/\\\/radioleinewelle.de\\\/\",\"name\":\"Radio Leinewelle\",\"description\":\"\",\"publisher\":{\"@id\":\"https:\\\/\\\/radioleinewelle.de\\\/#organization\"},\"potentialAction\":[{\"@type\":\"SearchAction\",\"target\":{\"@type\":\"EntryPoint\",\"urlTemplate\":\"https:\\\/\\\/radioleinewelle.de\\\/?s={search_term_string}\"},\"query-input\":{\"@type\":\"PropertyValueSpecification\",\"valueRequired\":true,\"valueName\":\"search_term_string\"}}],\"inLanguage\":\"de\"},{\"@type\":\"Organization\",\"@id\":\"https:\\\/\\\/radioleinewelle.de\\\/#organization\",\"name\":\"Radio Leinewelle\",\"alternateName\":\"Mein Radio f\u00fcr S\u00fcdniedersachsen\",\"url\":\"https:\\\/\\\/radioleinewelle.de\\\/\",\"logo\":{\"@type\":\"ImageObject\",\"inLanguage\":\"de\",\"@id\":\"https:\\\/\\\/radioleinewelle.de\\\/#\\\/schema\\\/logo\\\/image\\\/\",\"url\":\"https:\\\/\\\/radioleinewelle.de\\\/wp-content\\\/uploads\\\/2023\\\/11\\\/cropped-Leinewelle_Logo_weiss.png\",\"contentUrl\":\"https:\\\/\\\/radioleinewelle.de\\\/wp-content\\\/uploads\\\/2023\\\/11\\\/cropped-Leinewelle_Logo_weiss.png\",\"width\":854,\"height\":260,\"caption\":\"Radio Leinewelle\"},\"image\":{\"@id\":\"https:\\\/\\\/radioleinewelle.de\\\/#\\\/schema\\\/logo\\\/image\\\/\"},\"sameAs\":[\"https:\\\/\\\/www.facebook.com\\\/radioleinewelle\",\"https:\\\/\\\/x.com\\\/RLeinewelle\",\"https:\\\/\\\/www.instagram.com\\\/radioleinewelle\\\/?hl=de\"]},{\"@type\":\"Person\",\"@id\":\"https:\\\/\\\/radioleinewelle.de\\\/#\\\/schema\\\/person\\\/45606f348637df637192dc1b68399a63\",\"name\":\"Leinewelle\",\"image\":{\"@type\":\"ImageObject\",\"inLanguage\":\"de\",\"@id\":\"https:\\\/\\\/secure.gravatar.com\\\/avatar\\\/05c9a17bc973052ee5d91549bd32fb4dd0dc85b7b85ae94b2e2b4943476bbea5?s=96&d=blank&r=g\",\"url\":\"https:\\\/\\\/secure.gravatar.com\\\/avatar\\\/05c9a17bc973052ee5d91549bd32fb4dd0dc85b7b85ae94b2e2b4943476bbea5?s=96&d=blank&r=g\",\"contentUrl\":\"https:\\\/\\\/secure.gravatar.com\\\/avatar\\\/05c9a17bc973052ee5d91549bd32fb4dd0dc85b7b85ae94b2e2b4943476bbea5?s=96&d=blank&r=g\",\"caption\":\"Leinewelle\"},\"sameAs\":[\"http:\\\/\\\/localhost\\\/radio%20leinewelle\\\/wordpress\",\"https:\\\/\\\/www.facebook.com\\\/radioleinewelle\",\"https:\\\/\\\/www.instagram.com\\\/radioleinewelle\",\"https:\\\/\\\/x.com\\\/https:\\\/\\\/twitter.com\\\/RLeinewelle?ref_src=twsrcgoogletwcampserptwgrauthor\",\"https:\\\/\\\/soundcloud.com\\\/foerderverein-lokalradio?utm_source=clipboard&utm_medium=text&utm_campaign=social_sharing\"],\"url\":\"https:\\\/\\\/radioleinewelle.de\\\/index.php\\\/author\\\/leinewelle\\\/\"}]}<\/script>\n<!-- \/ Yoast SEO plugin. -->","yoast_head_json":{"title":"Zum Nachh\u00f6ren: Ausstellung von EU Karikaturen im Neuen Rathaus. - Radio Leinewelle","robots":{"index":"index","follow":"follow","max-snippet":"max-snippet:-1","max-image-preview":"max-image-preview:large","max-video-preview":"max-video-preview:-1"},"canonical":"https:\/\/radioleinewelle.de\/index.php\/2024\/05\/12\/zum-nachhoeren-ausstellung-von-eu-karikaturen-im-neuen-rathaus\/","og_locale":"de_DE","og_type":"article","og_title":"Zum Nachh\u00f6ren: Ausstellung von EU Karikaturen im Neuen Rathaus. - Radio Leinewelle","og_description":"P\u00fcnktlich zum Europawahlkampf ist im Foyer des Neuen Rathauses eine Ausstellung von Karikaturen \u00fcber die Europ\u00e4ische Gemeinschaft er\u00f6ffnet worden. Die Ausstellung l\u00e4uft noch bis bis zum Tag der Europawahl am 09. Juni. Der Eintritt ist frei zu den\u00a0\u00d6ffnungszeiten des Neuen Rathauses, Hiroshimaplatz 1-4: Mo-Mi 8.00-14.00 Uhr, Do 8.00-17.00 Uhr, Fr 8.00-13.00 Uhr. Wir haben mit [&hellip;]","og_url":"https:\/\/radioleinewelle.de\/index.php\/2024\/05\/12\/zum-nachhoeren-ausstellung-von-eu-karikaturen-im-neuen-rathaus\/","og_site_name":"Radio Leinewelle","article_publisher":"https:\/\/www.facebook.com\/radioleinewelle","article_author":"https:\/\/www.facebook.com\/radioleinewelle","article_published_time":"2024-05-12T09:31:11+00:00","article_modified_time":"2024-05-12T09:31:12+00:00","og_image":[{"width":1820,"height":1196,"url":"https:\/\/radioleinewelle.de\/wp-content\/uploads\/2024\/05\/Euro-Caricade.jpg","type":"image\/jpeg"}],"author":"Leinewelle","twitter_card":"summary_large_image","twitter_creator":"@https:\/\/twitter.com\/RLeinewelle?ref_src=twsrcgoogletwcampserptwgrauthor","twitter_site":"@RLeinewelle","twitter_misc":{"Verfasst von":"Leinewelle","Gesch\u00e4tzte Lesezeit":"2\u00a0Minuten"},"schema":{"@context":"https:\/\/schema.org","@graph":[{"@type":"Article","@id":"https:\/\/radioleinewelle.de\/index.php\/2024\/05\/12\/zum-nachhoeren-ausstellung-von-eu-karikaturen-im-neuen-rathaus\/#article","isPartOf":{"@id":"https:\/\/radioleinewelle.de\/index.php\/2024\/05\/12\/zum-nachhoeren-ausstellung-von-eu-karikaturen-im-neuen-rathaus\/"},"author":{"name":"Leinewelle","@id":"https:\/\/radioleinewelle.de\/#\/schema\/person\/45606f348637df637192dc1b68399a63"},"headline":"Zum Nachh\u00f6ren: Ausstellung von EU Karikaturen im Neuen Rathaus.","datePublished":"2024-05-12T09:31:11+00:00","dateModified":"2024-05-12T09:31:12+00:00","mainEntityOfPage":{"@id":"https:\/\/radioleinewelle.de\/index.php\/2024\/05\/12\/zum-nachhoeren-ausstellung-von-eu-karikaturen-im-neuen-rathaus\/"},"wordCount":100,"commentCount":0,"publisher":{"@id":"https:\/\/radioleinewelle.de\/#organization"},"image":{"@id":"https:\/\/radioleinewelle.de\/index.php\/2024\/05\/12\/zum-nachhoeren-ausstellung-von-eu-karikaturen-im-neuen-rathaus\/#primaryimage"},"thumbnailUrl":"https:\/\/radioleinewelle.de\/wp-content\/uploads\/2024\/05\/Euro-Caricade.jpg","keywords":["Europa Union","Europa-Caricade","Neues Rathaus G\u00f6ttingen"],"articleSection":["Ausstellungen"],"inLanguage":"de","potentialAction":[{"@type":"CommentAction","name":"Comment","target":["https:\/\/radioleinewelle.de\/index.php\/2024\/05\/12\/zum-nachhoeren-ausstellung-von-eu-karikaturen-im-neuen-rathaus\/#respond"]}]},{"@type":"WebPage","@id":"https:\/\/radioleinewelle.de\/index.php\/2024\/05\/12\/zum-nachhoeren-ausstellung-von-eu-karikaturen-im-neuen-rathaus\/","url":"https:\/\/radioleinewelle.de\/index.php\/2024\/05\/12\/zum-nachhoeren-ausstellung-von-eu-karikaturen-im-neuen-rathaus\/","name":"Zum Nachh\u00f6ren: Ausstellung von EU Karikaturen im Neuen Rathaus. - Radio Leinewelle","isPartOf":{"@id":"https:\/\/radioleinewelle.de\/#website"},"primaryImageOfPage":{"@id":"https:\/\/radioleinewelle.de\/index.php\/2024\/05\/12\/zum-nachhoeren-ausstellung-von-eu-karikaturen-im-neuen-rathaus\/#primaryimage"},"image":{"@id":"https:\/\/radioleinewelle.de\/index.php\/2024\/05\/12\/zum-nachhoeren-ausstellung-von-eu-karikaturen-im-neuen-rathaus\/#primaryimage"},"thumbnailUrl":"https:\/\/radioleinewelle.de\/wp-content\/uploads\/2024\/05\/Euro-Caricade.jpg","datePublished":"2024-05-12T09:31:11+00:00","dateModified":"2024-05-12T09:31:12+00:00","breadcrumb":{"@id":"https:\/\/radioleinewelle.de\/index.php\/2024\/05\/12\/zum-nachhoeren-ausstellung-von-eu-karikaturen-im-neuen-rathaus\/#breadcrumb"},"inLanguage":"de","potentialAction":[{"@type":"ReadAction","target":["https:\/\/radioleinewelle.de\/index.php\/2024\/05\/12\/zum-nachhoeren-ausstellung-von-eu-karikaturen-im-neuen-rathaus\/"]}]},{"@type":"ImageObject","inLanguage":"de","@id":"https:\/\/radioleinewelle.de\/index.php\/2024\/05\/12\/zum-nachhoeren-ausstellung-von-eu-karikaturen-im-neuen-rathaus\/#primaryimage","url":"https:\/\/radioleinewelle.de\/wp-content\/uploads\/2024\/05\/Euro-Caricade.jpg","contentUrl":"https:\/\/radioleinewelle.de\/wp-content\/uploads\/2024\/05\/Euro-Caricade.jpg","width":1820,"height":1196},{"@type":"BreadcrumbList","@id":"https:\/\/radioleinewelle.de\/index.php\/2024\/05\/12\/zum-nachhoeren-ausstellung-von-eu-karikaturen-im-neuen-rathaus\/#breadcrumb","itemListElement":[{"@type":"ListItem","position":1,"name":"Startseite","item":"https:\/\/radioleinewelle.de\/"},{"@type":"ListItem","position":2,"name":"Zum Nachh\u00f6ren: Ausstellung von EU Karikaturen im Neuen Rathaus."}]},{"@type":"WebSite","@id":"https:\/\/radioleinewelle.de\/#website","url":"https:\/\/radioleinewelle.de\/","name":"Radio Leinewelle","description":"","publisher":{"@id":"https:\/\/radioleinewelle.de\/#organization"},"potentialAction":[{"@type":"SearchAction","target":{"@type":"EntryPoint","urlTemplate":"https:\/\/radioleinewelle.de\/?s={search_term_string}"},"query-input":{"@type":"PropertyValueSpecification","valueRequired":true,"valueName":"search_term_string"}}],"inLanguage":"de"},{"@type":"Organization","@id":"https:\/\/radioleinewelle.de\/#organization","name":"Radio Leinewelle","alternateName":"Mein Radio f\u00fcr S\u00fcdniedersachsen","url":"https:\/\/radioleinewelle.de\/","logo":{"@type":"ImageObject","inLanguage":"de","@id":"https:\/\/radioleinewelle.de\/#\/schema\/logo\/image\/","url":"https:\/\/radioleinewelle.de\/wp-content\/uploads\/2023\/11\/cropped-Leinewelle_Logo_weiss.png","contentUrl":"https:\/\/radioleinewelle.de\/wp-content\/uploads\/2023\/11\/cropped-Leinewelle_Logo_weiss.png","width":854,"height":260,"caption":"Radio Leinewelle"},"image":{"@id":"https:\/\/radioleinewelle.de\/#\/schema\/logo\/image\/"},"sameAs":["https:\/\/www.facebook.com\/radioleinewelle","https:\/\/x.com\/RLeinewelle","https:\/\/www.instagram.com\/radioleinewelle\/?hl=de"]},{"@type":"Person","@id":"https:\/\/radioleinewelle.de\/#\/schema\/person\/45606f348637df637192dc1b68399a63","name":"Leinewelle","image":{"@type":"ImageObject","inLanguage":"de","@id":"https:\/\/secure.gravatar.com\/avatar\/05c9a17bc973052ee5d91549bd32fb4dd0dc85b7b85ae94b2e2b4943476bbea5?s=96&d=blank&r=g","url":"https:\/\/secure.gravatar.com\/avatar\/05c9a17bc973052ee5d91549bd32fb4dd0dc85b7b85ae94b2e2b4943476bbea5?s=96&d=blank&r=g","contentUrl":"https:\/\/secure.gravatar.com\/avatar\/05c9a17bc973052ee5d91549bd32fb4dd0dc85b7b85ae94b2e2b4943476bbea5?s=96&d=blank&r=g","caption":"Leinewelle"},"sameAs":["http:\/\/localhost\/radio%20leinewelle\/wordpress","https:\/\/www.facebook.com\/radioleinewelle","https:\/\/www.instagram.com\/radioleinewelle","https:\/\/x.com\/https:\/\/twitter.com\/RLeinewelle?ref_src=twsrcgoogletwcampserptwgrauthor","https:\/\/soundcloud.com\/foerderverein-lokalradio?utm_source=clipboard&utm_medium=text&utm_campaign=social_sharing"],"url":"https:\/\/radioleinewelle.de\/index.php\/author\/leinewelle\/"}]}},"_links":{"self":[{"href":"https:\/\/radioleinewelle.de\/index.php\/wp-json\/wp\/v2\/posts\/25473","targetHints":{"allow":["GET"]}}],"collection":[{"href":"https:\/\/radioleinewelle.de\/index.php\/wp-json\/wp\/v2\/posts"}],"about":[{"href":"https:\/\/radioleinewelle.de\/index.php\/wp-json\/wp\/v2\/types\/post"}],"author":[{"embeddable":true,"href":"https:\/\/radioleinewelle.de\/index.php\/wp-json\/wp\/v2\/users\/1"}],"replies":[{"embeddable":true,"href":"https:\/\/radioleinewelle.de\/index.php\/wp-json\/wp\/v2\/comments?post=25473"}],"version-history":[{"count":6,"href":"https:\/\/radioleinewelle.de\/index.php\/wp-json\/wp\/v2\/posts\/25473\/revisions"}],"predecessor-version":[{"id":25485,"href":"https:\/\/radioleinewelle.de\/index.php\/wp-json\/wp\/v2\/posts\/25473\/revisions\/25485"}],"wp:featuredmedia":[{"embeddable":true,"href":"https:\/\/radioleinewelle.de\/index.php\/wp-json\/wp\/v2\/media\/25477"}],"wp:attachment":[{"href":"https:\/\/radioleinewelle.de\/index.php\/wp-json\/wp\/v2\/media?parent=25473"}],"wp:term":[{"taxonomy":"category","embeddable":true,"href":"https:\/\/radioleinewelle.de\/index.php\/wp-json\/wp\/v2\/categories?post=25473"},{"taxonomy":"post_tag","embeddable":true,"href":"https:\/\/radioleinewelle.de\/index.php\/wp-json\/wp\/v2\/tags?post=25473"}],"curies":[{"name":"wp","href":"https:\/\/api.w.org\/{rel}","templated":true}]}}