{"id":2550,"date":"2020-10-24T05:11:07","date_gmt":"2020-10-24T03:11:07","guid":{"rendered":"https:\/\/radioleinewelle.de\/?p=2550"},"modified":"2020-10-24T05:11:07","modified_gmt":"2020-10-24T03:11:07","slug":"suedkoreaner-in-goettingen-vize-generalkonsul-zu-besuch-bei-polizeipraesident","status":"publish","type":"post","link":"https:\/\/radioleinewelle.de\/index.php\/2020\/10\/24\/suedkoreaner-in-goettingen-vize-generalkonsul-zu-besuch-bei-polizeipraesident\/","title":{"rendered":"S\u00fcdkoreaner in G\u00f6ttingen: Vize-Generalkonsul zu Besuch bei Polizeipr\u00e4sident"},"content":{"rendered":"<p>In der Stadt G\u00f6ttingen leben und studieren viele junge S\u00fcdkoreaner und S\u00fcdkoreanerinnen. Wie sehen ihre Lebensverh\u00e4ltnisse aus? Wie gestalten sie ihren Alltag? Und vor allem: Wie sicher leben sie in der Universit\u00e4tsstadt im Allgemeinen und im Besonderen vor dem Hintergrund der Corona-Pandemie? Diesen und weiteren Fragen ist Byong-Ho Lee, Vize-Generalkonsul des Generalkonsulats der Republik Korea in Hamburg, am Freitag (23. Oktober) bei einem Besuch in der Polizeidirektion G\u00f6ttingen nachgegangen. Im Gespr\u00e4ch berichtete Polizeipr\u00e4sident Uwe L\u00fchrig \u00fcber die Direktion, deren Aufgaben und Arbeit, \u00fcber die Universit\u00e4t G\u00f6ttingen, die Bew\u00e4ltigung der Corona-Pandemie in G\u00f6ttingen sowie \u00fcber das allgemeine Kriminalit\u00e4tsgeschehen in der Region. Anlass f\u00fcr den Besuch des Vize-Generalkonsuls war dessen j\u00fcngster Amtsantritt.<\/p>\n<p>Koreaner leben unauff\u00e4llig in G\u00f6ttingen<\/p>\n<p>Derzeit leben 77 regul\u00e4re Studierende sowie sechs Austausch-Studierende in G\u00f6ttingen, im gesamten Zust\u00e4ndigkeitsbereich der Polizeidirektion lebten von 2010 bis 2020 97 Menschen mit der koreanischen Staatsb\u00fcrgerschaft. In G\u00f6ttingen sind sie polizeilich kaum in Erscheinung getreten. &#8222;Im Ergebnis kann man sagen, dass S\u00fcdkoreaner als \u00fcberaus gesetzestreu angesehen werden k\u00f6nnen&#8220;, res\u00fcmierte Uwe L\u00fchrig.\u00a0Der Pr\u00e4sident ging weiter auf die Corona-Pandemie ein und berichtete vom Corona-Ausbruch im Wohnhaus-Komplex in der Groner Landstra\u00dfe, wo es im Juni zu Ausschreitungen wegen der verh\u00e4ngten Quarant\u00e4ne-Ma\u00dfnahmen gekommen war. Elf Polizeibeamtinnen und -beamte wurden dabei verletzt, 21 Ermittlungsverfahren eingeleitet &#8211; eine Bilanz, die einen allgemeinen Trend best\u00e4tigt: Polizei und Rettungskr\u00e4fte sehen sich zunehmend Gewalt ausgesetzt, die Zahl der Straftaten in diesem Bereich steigt kontinuierlich. Dar\u00fcber hinaus informierte Uwe L\u00fchrig \u00fcber gemeinsame Kontrolle zur Einhaltung der Corona-Regeln mit Ordnungs- und Gesundheitsamt sowie \u00fcber Kontrollen im \u00d6PNV. &#8222;Ein Gro\u00dfteil der Bev\u00f6lkerung h\u00e4lt sich an die Vorgaben. Es herrschen \u00fcberwiegend Verst\u00e4ndnis und Akzeptanz&#8220;, so Uwe L\u00fchrig.<\/p>\n<p>Cybercrime: Gefahren durch verst\u00e4rkte Homeoffice-Nutzung<\/p>\n<p>Neben Wohnungseinbruchsdiebstahl und Straftaten zum Nachteil \u00e4lterer Menschen gab Uwe L\u00fchrig dem Vize-Generalkonsul noch einen \u00dcberblick \u00fcber Straftaten im Internet. Allein im Jahr 2019 wurden im Bereich der Polizeidirektion G\u00f6ttingen fast 4.500 Delikte in unterschiedlichen Erscheinungsformen bekannt &#8211; das Dunkelfeld d\u00fcrfte jedoch noch h\u00f6her sein. 57 Spezialistinnen und Spezialisten, davon acht IT-Fachleute, gehen in der Polizeidirektion G\u00f6ttingen gegen diese Straftaten vor. Vor dem Hintergrund der Corona-Pandemie und der damit einhergehenden Verlagerung der Arbeit ins Homeoffice warnte der Polizeipr\u00e4sident vor vermehrten Cyber-Angriffen: &#8222;Wir verzeichnen in diesem Bereich ebenfalls einen Anstieg&#8220;, so Uwe L\u00fchrig abschlie\u00dfend.<\/p>\n<p>Foto: Vize-Generalkonsul Byong-Ho Lee, Polizeipr\u00e4sident Uwe L\u00fchrig und Vizekonsul Jaebum Oh (von links). \u00a9Polizeidirektion G\u00f6ttingen<\/p>\n","protected":false},"excerpt":{"rendered":"<p>In der Stadt G\u00f6ttingen leben und studieren viele junge S\u00fcdkoreaner und S\u00fcdkoreanerinnen. Wie sehen ihre Lebensverh\u00e4ltnisse aus? Wie gestalten sie ihren Alltag? Und vor allem: Wie sicher leben sie in der Universit\u00e4tsstadt im Allgemeinen und im Besonderen vor dem Hintergrund der Corona-Pandemie? Diesen und weiteren Fragen ist Byong-Ho Lee, Vize-Generalkonsul des Generalkonsulats der Republik Korea [&hellip;]<\/p>\n","protected":false},"author":1,"featured_media":0,"comment_status":"closed","ping_status":"closed","sticky":false,"template":"","format":"standard","meta":{"saved_in_kubio":false,"footnotes":""},"categories":[24],"tags":[],"class_list":["post-2550","post","type-post","status-publish","format-standard","hentry","category-news"],"yoast_head":"<!-- This site is optimized with the Yoast SEO plugin v27.5 - https:\/\/yoast.com\/product\/yoast-seo-wordpress\/ -->\n<title>S\u00fcdkoreaner in G\u00f6ttingen: Vize-Generalkonsul zu Besuch bei Polizeipr\u00e4sident - Radio Leinewelle<\/title>\n<meta name=\"robots\" content=\"index, follow, max-snippet:-1, max-image-preview:large, max-video-preview:-1\" \/>\n<link rel=\"canonical\" href=\"https:\/\/radioleinewelle.de\/index.php\/2020\/10\/24\/suedkoreaner-in-goettingen-vize-generalkonsul-zu-besuch-bei-polizeipraesident\/\" \/>\n<meta property=\"og:locale\" content=\"de_DE\" \/>\n<meta property=\"og:type\" content=\"article\" \/>\n<meta property=\"og:title\" content=\"S\u00fcdkoreaner in G\u00f6ttingen: Vize-Generalkonsul zu Besuch bei Polizeipr\u00e4sident - Radio Leinewelle\" \/>\n<meta property=\"og:description\" content=\"In der Stadt G\u00f6ttingen leben und studieren viele junge S\u00fcdkoreaner und S\u00fcdkoreanerinnen. Wie sehen ihre Lebensverh\u00e4ltnisse aus? Wie gestalten sie ihren Alltag? Und vor allem: Wie sicher leben sie in der Universit\u00e4tsstadt im Allgemeinen und im Besonderen vor dem Hintergrund der Corona-Pandemie? Diesen und weiteren Fragen ist Byong-Ho Lee, Vize-Generalkonsul des Generalkonsulats der Republik Korea [&hellip;]\" \/>\n<meta property=\"og:url\" content=\"https:\/\/radioleinewelle.de\/index.php\/2020\/10\/24\/suedkoreaner-in-goettingen-vize-generalkonsul-zu-besuch-bei-polizeipraesident\/\" \/>\n<meta property=\"og:site_name\" content=\"Radio Leinewelle\" \/>\n<meta property=\"article:publisher\" content=\"https:\/\/www.facebook.com\/radioleinewelle\" \/>\n<meta property=\"article:author\" content=\"https:\/\/www.facebook.com\/radioleinewelle\" \/>\n<meta property=\"article:published_time\" content=\"2020-10-24T03:11:07+00:00\" \/>\n<meta name=\"author\" content=\"Leinewelle\" \/>\n<meta name=\"twitter:card\" content=\"summary_large_image\" \/>\n<meta name=\"twitter:creator\" content=\"@https:\/\/twitter.com\/RLeinewelle?ref_src=twsrcgoogletwcampserptwgrauthor\" \/>\n<meta name=\"twitter:site\" content=\"@RLeinewelle\" \/>\n<meta name=\"twitter:label1\" content=\"Verfasst von\" \/>\n\t<meta name=\"twitter:data1\" content=\"Leinewelle\" \/>\n\t<meta name=\"twitter:label2\" content=\"Gesch\u00e4tzte Lesezeit\" \/>\n\t<meta name=\"twitter:data2\" content=\"2\u00a0Minuten\" \/>\n<script type=\"application\/ld+json\" class=\"yoast-schema-graph\">{\"@context\":\"https:\\\/\\\/schema.org\",\"@graph\":[{\"@type\":\"Article\",\"@id\":\"https:\\\/\\\/radioleinewelle.de\\\/index.php\\\/2020\\\/10\\\/24\\\/suedkoreaner-in-goettingen-vize-generalkonsul-zu-besuch-bei-polizeipraesident\\\/#article\",\"isPartOf\":{\"@id\":\"https:\\\/\\\/radioleinewelle.de\\\/index.php\\\/2020\\\/10\\\/24\\\/suedkoreaner-in-goettingen-vize-generalkonsul-zu-besuch-bei-polizeipraesident\\\/\"},\"author\":{\"name\":\"Leinewelle\",\"@id\":\"https:\\\/\\\/radioleinewelle.de\\\/#\\\/schema\\\/person\\\/45606f348637df637192dc1b68399a63\"},\"headline\":\"S\u00fcdkoreaner in G\u00f6ttingen: Vize-Generalkonsul zu Besuch bei Polizeipr\u00e4sident\",\"datePublished\":\"2020-10-24T03:11:07+00:00\",\"mainEntityOfPage\":{\"@id\":\"https:\\\/\\\/radioleinewelle.de\\\/index.php\\\/2020\\\/10\\\/24\\\/suedkoreaner-in-goettingen-vize-generalkonsul-zu-besuch-bei-polizeipraesident\\\/\"},\"wordCount\":438,\"publisher\":{\"@id\":\"https:\\\/\\\/radioleinewelle.de\\\/#organization\"},\"articleSection\":[\"Aktuelle Nachrichten\"],\"inLanguage\":\"de\"},{\"@type\":\"WebPage\",\"@id\":\"https:\\\/\\\/radioleinewelle.de\\\/index.php\\\/2020\\\/10\\\/24\\\/suedkoreaner-in-goettingen-vize-generalkonsul-zu-besuch-bei-polizeipraesident\\\/\",\"url\":\"https:\\\/\\\/radioleinewelle.de\\\/index.php\\\/2020\\\/10\\\/24\\\/suedkoreaner-in-goettingen-vize-generalkonsul-zu-besuch-bei-polizeipraesident\\\/\",\"name\":\"S\u00fcdkoreaner in G\u00f6ttingen: Vize-Generalkonsul zu Besuch bei Polizeipr\u00e4sident - Radio Leinewelle\",\"isPartOf\":{\"@id\":\"https:\\\/\\\/radioleinewelle.de\\\/#website\"},\"datePublished\":\"2020-10-24T03:11:07+00:00\",\"breadcrumb\":{\"@id\":\"https:\\\/\\\/radioleinewelle.de\\\/index.php\\\/2020\\\/10\\\/24\\\/suedkoreaner-in-goettingen-vize-generalkonsul-zu-besuch-bei-polizeipraesident\\\/#breadcrumb\"},\"inLanguage\":\"de\",\"potentialAction\":[{\"@type\":\"ReadAction\",\"target\":[\"https:\\\/\\\/radioleinewelle.de\\\/index.php\\\/2020\\\/10\\\/24\\\/suedkoreaner-in-goettingen-vize-generalkonsul-zu-besuch-bei-polizeipraesident\\\/\"]}]},{\"@type\":\"BreadcrumbList\",\"@id\":\"https:\\\/\\\/radioleinewelle.de\\\/index.php\\\/2020\\\/10\\\/24\\\/suedkoreaner-in-goettingen-vize-generalkonsul-zu-besuch-bei-polizeipraesident\\\/#breadcrumb\",\"itemListElement\":[{\"@type\":\"ListItem\",\"position\":1,\"name\":\"Startseite\",\"item\":\"https:\\\/\\\/radioleinewelle.de\\\/\"},{\"@type\":\"ListItem\",\"position\":2,\"name\":\"S\u00fcdkoreaner in G\u00f6ttingen: Vize-Generalkonsul zu Besuch bei Polizeipr\u00e4sident\"}]},{\"@type\":\"WebSite\",\"@id\":\"https:\\\/\\\/radioleinewelle.de\\\/#website\",\"url\":\"https:\\\/\\\/radioleinewelle.de\\\/\",\"name\":\"Radio Leinewelle\",\"description\":\"\",\"publisher\":{\"@id\":\"https:\\\/\\\/radioleinewelle.de\\\/#organization\"},\"potentialAction\":[{\"@type\":\"SearchAction\",\"target\":{\"@type\":\"EntryPoint\",\"urlTemplate\":\"https:\\\/\\\/radioleinewelle.de\\\/?s={search_term_string}\"},\"query-input\":{\"@type\":\"PropertyValueSpecification\",\"valueRequired\":true,\"valueName\":\"search_term_string\"}}],\"inLanguage\":\"de\"},{\"@type\":\"Organization\",\"@id\":\"https:\\\/\\\/radioleinewelle.de\\\/#organization\",\"name\":\"Radio Leinewelle\",\"alternateName\":\"Mein Radio f\u00fcr S\u00fcdniedersachsen\",\"url\":\"https:\\\/\\\/radioleinewelle.de\\\/\",\"logo\":{\"@type\":\"ImageObject\",\"inLanguage\":\"de\",\"@id\":\"https:\\\/\\\/radioleinewelle.de\\\/#\\\/schema\\\/logo\\\/image\\\/\",\"url\":\"https:\\\/\\\/radioleinewelle.de\\\/wp-content\\\/uploads\\\/2023\\\/11\\\/cropped-Leinewelle_Logo_weiss.png\",\"contentUrl\":\"https:\\\/\\\/radioleinewelle.de\\\/wp-content\\\/uploads\\\/2023\\\/11\\\/cropped-Leinewelle_Logo_weiss.png\",\"width\":854,\"height\":260,\"caption\":\"Radio Leinewelle\"},\"image\":{\"@id\":\"https:\\\/\\\/radioleinewelle.de\\\/#\\\/schema\\\/logo\\\/image\\\/\"},\"sameAs\":[\"https:\\\/\\\/www.facebook.com\\\/radioleinewelle\",\"https:\\\/\\\/x.com\\\/RLeinewelle\",\"https:\\\/\\\/www.instagram.com\\\/radioleinewelle\\\/?hl=de\"]},{\"@type\":\"Person\",\"@id\":\"https:\\\/\\\/radioleinewelle.de\\\/#\\\/schema\\\/person\\\/45606f348637df637192dc1b68399a63\",\"name\":\"Leinewelle\",\"image\":{\"@type\":\"ImageObject\",\"inLanguage\":\"de\",\"@id\":\"https:\\\/\\\/secure.gravatar.com\\\/avatar\\\/05c9a17bc973052ee5d91549bd32fb4dd0dc85b7b85ae94b2e2b4943476bbea5?s=96&d=blank&r=g\",\"url\":\"https:\\\/\\\/secure.gravatar.com\\\/avatar\\\/05c9a17bc973052ee5d91549bd32fb4dd0dc85b7b85ae94b2e2b4943476bbea5?s=96&d=blank&r=g\",\"contentUrl\":\"https:\\\/\\\/secure.gravatar.com\\\/avatar\\\/05c9a17bc973052ee5d91549bd32fb4dd0dc85b7b85ae94b2e2b4943476bbea5?s=96&d=blank&r=g\",\"caption\":\"Leinewelle\"},\"sameAs\":[\"http:\\\/\\\/localhost\\\/radio%20leinewelle\\\/wordpress\",\"https:\\\/\\\/www.facebook.com\\\/radioleinewelle\",\"https:\\\/\\\/www.instagram.com\\\/radioleinewelle\",\"https:\\\/\\\/x.com\\\/https:\\\/\\\/twitter.com\\\/RLeinewelle?ref_src=twsrcgoogletwcampserptwgrauthor\",\"https:\\\/\\\/soundcloud.com\\\/foerderverein-lokalradio?utm_source=clipboard&utm_medium=text&utm_campaign=social_sharing\"],\"url\":\"https:\\\/\\\/radioleinewelle.de\\\/index.php\\\/author\\\/leinewelle\\\/\"}]}<\/script>\n<!-- \/ Yoast SEO plugin. -->","yoast_head_json":{"title":"S\u00fcdkoreaner in G\u00f6ttingen: Vize-Generalkonsul zu Besuch bei Polizeipr\u00e4sident - Radio Leinewelle","robots":{"index":"index","follow":"follow","max-snippet":"max-snippet:-1","max-image-preview":"max-image-preview:large","max-video-preview":"max-video-preview:-1"},"canonical":"https:\/\/radioleinewelle.de\/index.php\/2020\/10\/24\/suedkoreaner-in-goettingen-vize-generalkonsul-zu-besuch-bei-polizeipraesident\/","og_locale":"de_DE","og_type":"article","og_title":"S\u00fcdkoreaner in G\u00f6ttingen: Vize-Generalkonsul zu Besuch bei Polizeipr\u00e4sident - Radio Leinewelle","og_description":"In der Stadt G\u00f6ttingen leben und studieren viele junge S\u00fcdkoreaner und S\u00fcdkoreanerinnen. Wie sehen ihre Lebensverh\u00e4ltnisse aus? Wie gestalten sie ihren Alltag? Und vor allem: Wie sicher leben sie in der Universit\u00e4tsstadt im Allgemeinen und im Besonderen vor dem Hintergrund der Corona-Pandemie? Diesen und weiteren Fragen ist Byong-Ho Lee, Vize-Generalkonsul des Generalkonsulats der Republik Korea [&hellip;]","og_url":"https:\/\/radioleinewelle.de\/index.php\/2020\/10\/24\/suedkoreaner-in-goettingen-vize-generalkonsul-zu-besuch-bei-polizeipraesident\/","og_site_name":"Radio Leinewelle","article_publisher":"https:\/\/www.facebook.com\/radioleinewelle","article_author":"https:\/\/www.facebook.com\/radioleinewelle","article_published_time":"2020-10-24T03:11:07+00:00","author":"Leinewelle","twitter_card":"summary_large_image","twitter_creator":"@https:\/\/twitter.com\/RLeinewelle?ref_src=twsrcgoogletwcampserptwgrauthor","twitter_site":"@RLeinewelle","twitter_misc":{"Verfasst von":"Leinewelle","Gesch\u00e4tzte Lesezeit":"2\u00a0Minuten"},"schema":{"@context":"https:\/\/schema.org","@graph":[{"@type":"Article","@id":"https:\/\/radioleinewelle.de\/index.php\/2020\/10\/24\/suedkoreaner-in-goettingen-vize-generalkonsul-zu-besuch-bei-polizeipraesident\/#article","isPartOf":{"@id":"https:\/\/radioleinewelle.de\/index.php\/2020\/10\/24\/suedkoreaner-in-goettingen-vize-generalkonsul-zu-besuch-bei-polizeipraesident\/"},"author":{"name":"Leinewelle","@id":"https:\/\/radioleinewelle.de\/#\/schema\/person\/45606f348637df637192dc1b68399a63"},"headline":"S\u00fcdkoreaner in G\u00f6ttingen: Vize-Generalkonsul zu Besuch bei Polizeipr\u00e4sident","datePublished":"2020-10-24T03:11:07+00:00","mainEntityOfPage":{"@id":"https:\/\/radioleinewelle.de\/index.php\/2020\/10\/24\/suedkoreaner-in-goettingen-vize-generalkonsul-zu-besuch-bei-polizeipraesident\/"},"wordCount":438,"publisher":{"@id":"https:\/\/radioleinewelle.de\/#organization"},"articleSection":["Aktuelle Nachrichten"],"inLanguage":"de"},{"@type":"WebPage","@id":"https:\/\/radioleinewelle.de\/index.php\/2020\/10\/24\/suedkoreaner-in-goettingen-vize-generalkonsul-zu-besuch-bei-polizeipraesident\/","url":"https:\/\/radioleinewelle.de\/index.php\/2020\/10\/24\/suedkoreaner-in-goettingen-vize-generalkonsul-zu-besuch-bei-polizeipraesident\/","name":"S\u00fcdkoreaner in G\u00f6ttingen: Vize-Generalkonsul zu Besuch bei Polizeipr\u00e4sident - Radio Leinewelle","isPartOf":{"@id":"https:\/\/radioleinewelle.de\/#website"},"datePublished":"2020-10-24T03:11:07+00:00","breadcrumb":{"@id":"https:\/\/radioleinewelle.de\/index.php\/2020\/10\/24\/suedkoreaner-in-goettingen-vize-generalkonsul-zu-besuch-bei-polizeipraesident\/#breadcrumb"},"inLanguage":"de","potentialAction":[{"@type":"ReadAction","target":["https:\/\/radioleinewelle.de\/index.php\/2020\/10\/24\/suedkoreaner-in-goettingen-vize-generalkonsul-zu-besuch-bei-polizeipraesident\/"]}]},{"@type":"BreadcrumbList","@id":"https:\/\/radioleinewelle.de\/index.php\/2020\/10\/24\/suedkoreaner-in-goettingen-vize-generalkonsul-zu-besuch-bei-polizeipraesident\/#breadcrumb","itemListElement":[{"@type":"ListItem","position":1,"name":"Startseite","item":"https:\/\/radioleinewelle.de\/"},{"@type":"ListItem","position":2,"name":"S\u00fcdkoreaner in G\u00f6ttingen: Vize-Generalkonsul zu Besuch bei Polizeipr\u00e4sident"}]},{"@type":"WebSite","@id":"https:\/\/radioleinewelle.de\/#website","url":"https:\/\/radioleinewelle.de\/","name":"Radio Leinewelle","description":"","publisher":{"@id":"https:\/\/radioleinewelle.de\/#organization"},"potentialAction":[{"@type":"SearchAction","target":{"@type":"EntryPoint","urlTemplate":"https:\/\/radioleinewelle.de\/?s={search_term_string}"},"query-input":{"@type":"PropertyValueSpecification","valueRequired":true,"valueName":"search_term_string"}}],"inLanguage":"de"},{"@type":"Organization","@id":"https:\/\/radioleinewelle.de\/#organization","name":"Radio Leinewelle","alternateName":"Mein Radio f\u00fcr S\u00fcdniedersachsen","url":"https:\/\/radioleinewelle.de\/","logo":{"@type":"ImageObject","inLanguage":"de","@id":"https:\/\/radioleinewelle.de\/#\/schema\/logo\/image\/","url":"https:\/\/radioleinewelle.de\/wp-content\/uploads\/2023\/11\/cropped-Leinewelle_Logo_weiss.png","contentUrl":"https:\/\/radioleinewelle.de\/wp-content\/uploads\/2023\/11\/cropped-Leinewelle_Logo_weiss.png","width":854,"height":260,"caption":"Radio Leinewelle"},"image":{"@id":"https:\/\/radioleinewelle.de\/#\/schema\/logo\/image\/"},"sameAs":["https:\/\/www.facebook.com\/radioleinewelle","https:\/\/x.com\/RLeinewelle","https:\/\/www.instagram.com\/radioleinewelle\/?hl=de"]},{"@type":"Person","@id":"https:\/\/radioleinewelle.de\/#\/schema\/person\/45606f348637df637192dc1b68399a63","name":"Leinewelle","image":{"@type":"ImageObject","inLanguage":"de","@id":"https:\/\/secure.gravatar.com\/avatar\/05c9a17bc973052ee5d91549bd32fb4dd0dc85b7b85ae94b2e2b4943476bbea5?s=96&d=blank&r=g","url":"https:\/\/secure.gravatar.com\/avatar\/05c9a17bc973052ee5d91549bd32fb4dd0dc85b7b85ae94b2e2b4943476bbea5?s=96&d=blank&r=g","contentUrl":"https:\/\/secure.gravatar.com\/avatar\/05c9a17bc973052ee5d91549bd32fb4dd0dc85b7b85ae94b2e2b4943476bbea5?s=96&d=blank&r=g","caption":"Leinewelle"},"sameAs":["http:\/\/localhost\/radio%20leinewelle\/wordpress","https:\/\/www.facebook.com\/radioleinewelle","https:\/\/www.instagram.com\/radioleinewelle","https:\/\/x.com\/https:\/\/twitter.com\/RLeinewelle?ref_src=twsrcgoogletwcampserptwgrauthor","https:\/\/soundcloud.com\/foerderverein-lokalradio?utm_source=clipboard&utm_medium=text&utm_campaign=social_sharing"],"url":"https:\/\/radioleinewelle.de\/index.php\/author\/leinewelle\/"}]}},"_links":{"self":[{"href":"https:\/\/radioleinewelle.de\/index.php\/wp-json\/wp\/v2\/posts\/2550","targetHints":{"allow":["GET"]}}],"collection":[{"href":"https:\/\/radioleinewelle.de\/index.php\/wp-json\/wp\/v2\/posts"}],"about":[{"href":"https:\/\/radioleinewelle.de\/index.php\/wp-json\/wp\/v2\/types\/post"}],"author":[{"embeddable":true,"href":"https:\/\/radioleinewelle.de\/index.php\/wp-json\/wp\/v2\/users\/1"}],"replies":[{"embeddable":true,"href":"https:\/\/radioleinewelle.de\/index.php\/wp-json\/wp\/v2\/comments?post=2550"}],"version-history":[{"count":0,"href":"https:\/\/radioleinewelle.de\/index.php\/wp-json\/wp\/v2\/posts\/2550\/revisions"}],"wp:attachment":[{"href":"https:\/\/radioleinewelle.de\/index.php\/wp-json\/wp\/v2\/media?parent=2550"}],"wp:term":[{"taxonomy":"category","embeddable":true,"href":"https:\/\/radioleinewelle.de\/index.php\/wp-json\/wp\/v2\/categories?post=2550"},{"taxonomy":"post_tag","embeddable":true,"href":"https:\/\/radioleinewelle.de\/index.php\/wp-json\/wp\/v2\/tags?post=2550"}],"curies":[{"name":"wp","href":"https:\/\/api.w.org\/{rel}","templated":true}]}}