{"id":25538,"date":"2024-05-22T09:05:28","date_gmt":"2024-05-22T07:05:28","guid":{"rendered":"https:\/\/radioleinewelle.de\/?p=25538"},"modified":"2024-05-22T09:05:29","modified_gmt":"2024-05-22T07:05:29","slug":"fotowettbewerb-zoom-in-zoom-out-eure-welt-in-gross-und-klein","status":"publish","type":"post","link":"https:\/\/radioleinewelle.de\/index.php\/2024\/05\/22\/fotowettbewerb-zoom-in-zoom-out-eure-welt-in-gross-und-klein\/","title":{"rendered":"Fotowettbewerb &#8211; \u201eZoom in \u2013 Zoom out. Eure Welt in gro\u00df und klein\u201c\u00a0"},"content":{"rendered":"\n<p>Im Forum Wissen ist aktuell die Sonderausstellung \u201e<strong>Herz und Hirn<\/strong>\u201c zu sehen. Darin geht es um die Bedeutung von hochmodernen&nbsp;Mikroskopie-Techniken&nbsp;f\u00fcr verschiedene Gr\u00f6\u00dfenskalen bei der Erforschung von Erkrankungen von Herz und Gehirn \u2013 von der Ebene des gesamten Organs bis zur Ebene winziger Molek\u00fcle.<\/p>\n\n\n\n<p>Aus diesem Anlass l\u00e4dt das Forum Wissen alle Sch\u00fcler*innen der Klassen 5-10 dazu ein, am Fotowettbewerb \u201e<strong>Zoom in \u2013 Zoom out. Eure Welt in gro\u00df und klein<\/strong>\u201c teilzunehmen.&nbsp;<\/p>\n\n\n\n<p>Das Leitthema des Wettbewerbs sind die Mikroskopie-Techniken, also bildgebende Verfahren, die in der medizinischen Forschung angewandt werden. Herz und Hirn spielen auch im \u00fcbertragenen Sinne eine Rolle, wenn die eigene Welt im Gro\u00dfen oder im Kleinen abgelichtet wird: Was in der Lebenswelt der Kinder und Jugendlichen bewegt ihre Herzen? Was regt ihre Gedanken an? Eingereicht werden k\u00f6nnen Makroaufnahmen von den Details eines wichtigen Gegenstandes oder Weitwinkelaufnahmen eines Lieblingsortes,&nbsp;Mikroaufnahmen&nbsp;von sehr kleinen oder auch Drohnenaufnahmen von sehr gro\u00dfen Strukturen. Motive k\u00f6nnen beispielsweise die abgenutzte Oberfl\u00e4che eines Basketballs oder die Bewegung von Basketballspielenden aus der Vogelperspektive sein.&nbsp;<\/p>\n\n\n\n<p>Aus den von einer Jury ausgew\u00e4hlten Fotos wird dann ein Wandkalender mit 12 gemischten Paaren erstellt, der zum neuen Schuljahr im Sommer 2024 an die G\u00f6ttinger Schulen verteilt wird.&nbsp;<\/p>\n\n\n\n<p>Teilnehmen k\u00f6nnen sowohl Gruppen als auch einzelne Sch\u00fcler*innen, indem sie jeweils ein passend zum Thema erstelltes Foto mit einem Titel und drei erkl\u00e4renden S\u00e4tzen dazu einreichen. Zur Inspiration k\u00f6nnen interessierte Kinder und Jugendliche gerne die Sonderausstellung \u201eHerz und Hirn\u201c besuchen und am Begleitprogramm teilnehmen.Einsendeschluss ist der 21. Juni 2024.<\/p>\n\n\n\n<p><strong>Die Teilnahmebedingungen sind zu finden unter:\u00a0<a href=\"https:\/\/www.forum-wissen.de\/herz-und-hirn\/#fotowettbewerb\">https:\/\/www.forum-wissen.de\/herz-und-hirn\/#fotowettbewerb<\/a><\/strong><\/p>\n\n\n\n<p><strong>Foto:<\/strong> \u00a9Forum Wissen \/ Martin Liebetruth<\/p>\n","protected":false},"excerpt":{"rendered":"<p>Im Forum Wissen ist aktuell die Sonderausstellung \u201eHerz und Hirn\u201c zu sehen. Darin geht es um die Bedeutung von hochmodernen&nbsp;Mikroskopie-Techniken&nbsp;f\u00fcr verschiedene Gr\u00f6\u00dfenskalen bei der Erforschung von Erkrankungen von Herz und Gehirn \u2013 von der Ebene des gesamten Organs bis zur Ebene winziger Molek\u00fcle. Aus diesem Anlass l\u00e4dt das Forum Wissen alle Sch\u00fcler*innen der Klassen 5-10 [&hellip;]<\/p>\n","protected":false},"author":1,"featured_media":25540,"comment_status":"open","ping_status":"open","sticky":true,"template":"","format":"standard","meta":{"saved_in_kubio":false,"footnotes":""},"categories":[35,41],"tags":[],"class_list":["post-25538","post","type-post","status-publish","format-standard","has-post-thumbnail","hentry","category-universitaet","category-veranstaltungen"],"yoast_head":"<!-- This site is optimized with the Yoast SEO plugin v27.5 - https:\/\/yoast.com\/product\/yoast-seo-wordpress\/ -->\n<title>Fotowettbewerb - \u201eZoom in \u2013 Zoom out. Eure Welt in gro\u00df und klein\u201c\u00a0 - Radio Leinewelle<\/title>\n<meta name=\"robots\" content=\"index, follow, max-snippet:-1, max-image-preview:large, max-video-preview:-1\" \/>\n<link rel=\"canonical\" href=\"https:\/\/radioleinewelle.de\/index.php\/2024\/05\/22\/fotowettbewerb-zoom-in-zoom-out-eure-welt-in-gross-und-klein\/\" \/>\n<meta property=\"og:locale\" content=\"de_DE\" \/>\n<meta property=\"og:type\" content=\"article\" \/>\n<meta property=\"og:title\" content=\"Fotowettbewerb - \u201eZoom in \u2013 Zoom out. Eure Welt in gro\u00df und klein\u201c\u00a0 - Radio Leinewelle\" \/>\n<meta property=\"og:description\" content=\"Im Forum Wissen ist aktuell die Sonderausstellung \u201eHerz und Hirn\u201c zu sehen. Darin geht es um die Bedeutung von hochmodernen&nbsp;Mikroskopie-Techniken&nbsp;f\u00fcr verschiedene Gr\u00f6\u00dfenskalen bei der Erforschung von Erkrankungen von Herz und Gehirn \u2013 von der Ebene des gesamten Organs bis zur Ebene winziger Molek\u00fcle. Aus diesem Anlass l\u00e4dt das Forum Wissen alle Sch\u00fcler*innen der Klassen 5-10 [&hellip;]\" \/>\n<meta property=\"og:url\" content=\"https:\/\/radioleinewelle.de\/index.php\/2024\/05\/22\/fotowettbewerb-zoom-in-zoom-out-eure-welt-in-gross-und-klein\/\" \/>\n<meta property=\"og:site_name\" content=\"Radio Leinewelle\" \/>\n<meta property=\"article:publisher\" content=\"https:\/\/www.facebook.com\/radioleinewelle\" \/>\n<meta property=\"article:author\" content=\"https:\/\/www.facebook.com\/radioleinewelle\" \/>\n<meta property=\"article:published_time\" content=\"2024-05-22T07:05:28+00:00\" \/>\n<meta property=\"article:modified_time\" content=\"2024-05-22T07:05:29+00:00\" \/>\n<meta property=\"og:image\" content=\"https:\/\/radioleinewelle.de\/wp-content\/uploads\/2024\/05\/2022-05-FW-eroeffnung_XT31326-scaled.jpg\" \/>\n\t<meta property=\"og:image:width\" content=\"2560\" \/>\n\t<meta property=\"og:image:height\" content=\"1706\" \/>\n\t<meta property=\"og:image:type\" content=\"image\/jpeg\" \/>\n<meta name=\"author\" content=\"Leinewelle\" \/>\n<meta name=\"twitter:card\" content=\"summary_large_image\" \/>\n<meta name=\"twitter:creator\" content=\"@https:\/\/twitter.com\/RLeinewelle?ref_src=twsrcgoogletwcampserptwgrauthor\" \/>\n<meta name=\"twitter:site\" content=\"@RLeinewelle\" \/>\n<meta name=\"twitter:label1\" content=\"Verfasst von\" \/>\n\t<meta name=\"twitter:data1\" content=\"Leinewelle\" \/>\n\t<meta name=\"twitter:label2\" content=\"Gesch\u00e4tzte Lesezeit\" \/>\n\t<meta name=\"twitter:data2\" content=\"2\u00a0Minuten\" \/>\n<script type=\"application\/ld+json\" class=\"yoast-schema-graph\">{\"@context\":\"https:\\\/\\\/schema.org\",\"@graph\":[{\"@type\":\"Article\",\"@id\":\"https:\\\/\\\/radioleinewelle.de\\\/index.php\\\/2024\\\/05\\\/22\\\/fotowettbewerb-zoom-in-zoom-out-eure-welt-in-gross-und-klein\\\/#article\",\"isPartOf\":{\"@id\":\"https:\\\/\\\/radioleinewelle.de\\\/index.php\\\/2024\\\/05\\\/22\\\/fotowettbewerb-zoom-in-zoom-out-eure-welt-in-gross-und-klein\\\/\"},\"author\":{\"name\":\"Leinewelle\",\"@id\":\"https:\\\/\\\/radioleinewelle.de\\\/#\\\/schema\\\/person\\\/45606f348637df637192dc1b68399a63\"},\"headline\":\"Fotowettbewerb &#8211; \u201eZoom in \u2013 Zoom out. Eure Welt in gro\u00df und klein\u201c\u00a0\",\"datePublished\":\"2024-05-22T07:05:28+00:00\",\"dateModified\":\"2024-05-22T07:05:29+00:00\",\"mainEntityOfPage\":{\"@id\":\"https:\\\/\\\/radioleinewelle.de\\\/index.php\\\/2024\\\/05\\\/22\\\/fotowettbewerb-zoom-in-zoom-out-eure-welt-in-gross-und-klein\\\/\"},\"wordCount\":297,\"commentCount\":0,\"publisher\":{\"@id\":\"https:\\\/\\\/radioleinewelle.de\\\/#organization\"},\"image\":{\"@id\":\"https:\\\/\\\/radioleinewelle.de\\\/index.php\\\/2024\\\/05\\\/22\\\/fotowettbewerb-zoom-in-zoom-out-eure-welt-in-gross-und-klein\\\/#primaryimage\"},\"thumbnailUrl\":\"https:\\\/\\\/radioleinewelle.de\\\/wp-content\\\/uploads\\\/2024\\\/05\\\/2022-05-FW-eroeffnung_XT31326-scaled.jpg\",\"articleSection\":[\"Universit\u00e4t\",\"Veranstaltungen\"],\"inLanguage\":\"de\",\"potentialAction\":[{\"@type\":\"CommentAction\",\"name\":\"Comment\",\"target\":[\"https:\\\/\\\/radioleinewelle.de\\\/index.php\\\/2024\\\/05\\\/22\\\/fotowettbewerb-zoom-in-zoom-out-eure-welt-in-gross-und-klein\\\/#respond\"]}]},{\"@type\":\"WebPage\",\"@id\":\"https:\\\/\\\/radioleinewelle.de\\\/index.php\\\/2024\\\/05\\\/22\\\/fotowettbewerb-zoom-in-zoom-out-eure-welt-in-gross-und-klein\\\/\",\"url\":\"https:\\\/\\\/radioleinewelle.de\\\/index.php\\\/2024\\\/05\\\/22\\\/fotowettbewerb-zoom-in-zoom-out-eure-welt-in-gross-und-klein\\\/\",\"name\":\"Fotowettbewerb - \u201eZoom in \u2013 Zoom out. Eure Welt in gro\u00df und klein\u201c\u00a0 - Radio Leinewelle\",\"isPartOf\":{\"@id\":\"https:\\\/\\\/radioleinewelle.de\\\/#website\"},\"primaryImageOfPage\":{\"@id\":\"https:\\\/\\\/radioleinewelle.de\\\/index.php\\\/2024\\\/05\\\/22\\\/fotowettbewerb-zoom-in-zoom-out-eure-welt-in-gross-und-klein\\\/#primaryimage\"},\"image\":{\"@id\":\"https:\\\/\\\/radioleinewelle.de\\\/index.php\\\/2024\\\/05\\\/22\\\/fotowettbewerb-zoom-in-zoom-out-eure-welt-in-gross-und-klein\\\/#primaryimage\"},\"thumbnailUrl\":\"https:\\\/\\\/radioleinewelle.de\\\/wp-content\\\/uploads\\\/2024\\\/05\\\/2022-05-FW-eroeffnung_XT31326-scaled.jpg\",\"datePublished\":\"2024-05-22T07:05:28+00:00\",\"dateModified\":\"2024-05-22T07:05:29+00:00\",\"breadcrumb\":{\"@id\":\"https:\\\/\\\/radioleinewelle.de\\\/index.php\\\/2024\\\/05\\\/22\\\/fotowettbewerb-zoom-in-zoom-out-eure-welt-in-gross-und-klein\\\/#breadcrumb\"},\"inLanguage\":\"de\",\"potentialAction\":[{\"@type\":\"ReadAction\",\"target\":[\"https:\\\/\\\/radioleinewelle.de\\\/index.php\\\/2024\\\/05\\\/22\\\/fotowettbewerb-zoom-in-zoom-out-eure-welt-in-gross-und-klein\\\/\"]}]},{\"@type\":\"ImageObject\",\"inLanguage\":\"de\",\"@id\":\"https:\\\/\\\/radioleinewelle.de\\\/index.php\\\/2024\\\/05\\\/22\\\/fotowettbewerb-zoom-in-zoom-out-eure-welt-in-gross-und-klein\\\/#primaryimage\",\"url\":\"https:\\\/\\\/radioleinewelle.de\\\/wp-content\\\/uploads\\\/2024\\\/05\\\/2022-05-FW-eroeffnung_XT31326-scaled.jpg\",\"contentUrl\":\"https:\\\/\\\/radioleinewelle.de\\\/wp-content\\\/uploads\\\/2024\\\/05\\\/2022-05-FW-eroeffnung_XT31326-scaled.jpg\",\"width\":2560,\"height\":1706,\"caption\":\"Forum Wissen G\u00f6ttingen, Er\u00f6ffnung\"},{\"@type\":\"BreadcrumbList\",\"@id\":\"https:\\\/\\\/radioleinewelle.de\\\/index.php\\\/2024\\\/05\\\/22\\\/fotowettbewerb-zoom-in-zoom-out-eure-welt-in-gross-und-klein\\\/#breadcrumb\",\"itemListElement\":[{\"@type\":\"ListItem\",\"position\":1,\"name\":\"Startseite\",\"item\":\"https:\\\/\\\/radioleinewelle.de\\\/\"},{\"@type\":\"ListItem\",\"position\":2,\"name\":\"Fotowettbewerb &#8211; \u201eZoom in \u2013 Zoom out. Eure Welt in gro\u00df und klein\u201c\u00a0\"}]},{\"@type\":\"WebSite\",\"@id\":\"https:\\\/\\\/radioleinewelle.de\\\/#website\",\"url\":\"https:\\\/\\\/radioleinewelle.de\\\/\",\"name\":\"Radio Leinewelle\",\"description\":\"\",\"publisher\":{\"@id\":\"https:\\\/\\\/radioleinewelle.de\\\/#organization\"},\"potentialAction\":[{\"@type\":\"SearchAction\",\"target\":{\"@type\":\"EntryPoint\",\"urlTemplate\":\"https:\\\/\\\/radioleinewelle.de\\\/?s={search_term_string}\"},\"query-input\":{\"@type\":\"PropertyValueSpecification\",\"valueRequired\":true,\"valueName\":\"search_term_string\"}}],\"inLanguage\":\"de\"},{\"@type\":\"Organization\",\"@id\":\"https:\\\/\\\/radioleinewelle.de\\\/#organization\",\"name\":\"Radio Leinewelle\",\"alternateName\":\"Mein Radio f\u00fcr S\u00fcdniedersachsen\",\"url\":\"https:\\\/\\\/radioleinewelle.de\\\/\",\"logo\":{\"@type\":\"ImageObject\",\"inLanguage\":\"de\",\"@id\":\"https:\\\/\\\/radioleinewelle.de\\\/#\\\/schema\\\/logo\\\/image\\\/\",\"url\":\"https:\\\/\\\/radioleinewelle.de\\\/wp-content\\\/uploads\\\/2023\\\/11\\\/cropped-Leinewelle_Logo_weiss.png\",\"contentUrl\":\"https:\\\/\\\/radioleinewelle.de\\\/wp-content\\\/uploads\\\/2023\\\/11\\\/cropped-Leinewelle_Logo_weiss.png\",\"width\":854,\"height\":260,\"caption\":\"Radio Leinewelle\"},\"image\":{\"@id\":\"https:\\\/\\\/radioleinewelle.de\\\/#\\\/schema\\\/logo\\\/image\\\/\"},\"sameAs\":[\"https:\\\/\\\/www.facebook.com\\\/radioleinewelle\",\"https:\\\/\\\/x.com\\\/RLeinewelle\",\"https:\\\/\\\/www.instagram.com\\\/radioleinewelle\\\/?hl=de\"]},{\"@type\":\"Person\",\"@id\":\"https:\\\/\\\/radioleinewelle.de\\\/#\\\/schema\\\/person\\\/45606f348637df637192dc1b68399a63\",\"name\":\"Leinewelle\",\"image\":{\"@type\":\"ImageObject\",\"inLanguage\":\"de\",\"@id\":\"https:\\\/\\\/secure.gravatar.com\\\/avatar\\\/05c9a17bc973052ee5d91549bd32fb4dd0dc85b7b85ae94b2e2b4943476bbea5?s=96&d=blank&r=g\",\"url\":\"https:\\\/\\\/secure.gravatar.com\\\/avatar\\\/05c9a17bc973052ee5d91549bd32fb4dd0dc85b7b85ae94b2e2b4943476bbea5?s=96&d=blank&r=g\",\"contentUrl\":\"https:\\\/\\\/secure.gravatar.com\\\/avatar\\\/05c9a17bc973052ee5d91549bd32fb4dd0dc85b7b85ae94b2e2b4943476bbea5?s=96&d=blank&r=g\",\"caption\":\"Leinewelle\"},\"sameAs\":[\"http:\\\/\\\/localhost\\\/radio%20leinewelle\\\/wordpress\",\"https:\\\/\\\/www.facebook.com\\\/radioleinewelle\",\"https:\\\/\\\/www.instagram.com\\\/radioleinewelle\",\"https:\\\/\\\/x.com\\\/https:\\\/\\\/twitter.com\\\/RLeinewelle?ref_src=twsrcgoogletwcampserptwgrauthor\",\"https:\\\/\\\/soundcloud.com\\\/foerderverein-lokalradio?utm_source=clipboard&utm_medium=text&utm_campaign=social_sharing\"],\"url\":\"https:\\\/\\\/radioleinewelle.de\\\/index.php\\\/author\\\/leinewelle\\\/\"}]}<\/script>\n<!-- \/ Yoast SEO plugin. -->","yoast_head_json":{"title":"Fotowettbewerb - \u201eZoom in \u2013 Zoom out. Eure Welt in gro\u00df und klein\u201c\u00a0 - Radio Leinewelle","robots":{"index":"index","follow":"follow","max-snippet":"max-snippet:-1","max-image-preview":"max-image-preview:large","max-video-preview":"max-video-preview:-1"},"canonical":"https:\/\/radioleinewelle.de\/index.php\/2024\/05\/22\/fotowettbewerb-zoom-in-zoom-out-eure-welt-in-gross-und-klein\/","og_locale":"de_DE","og_type":"article","og_title":"Fotowettbewerb - \u201eZoom in \u2013 Zoom out. Eure Welt in gro\u00df und klein\u201c\u00a0 - Radio Leinewelle","og_description":"Im Forum Wissen ist aktuell die Sonderausstellung \u201eHerz und Hirn\u201c zu sehen. Darin geht es um die Bedeutung von hochmodernen&nbsp;Mikroskopie-Techniken&nbsp;f\u00fcr verschiedene Gr\u00f6\u00dfenskalen bei der Erforschung von Erkrankungen von Herz und Gehirn \u2013 von der Ebene des gesamten Organs bis zur Ebene winziger Molek\u00fcle. Aus diesem Anlass l\u00e4dt das Forum Wissen alle Sch\u00fcler*innen der Klassen 5-10 [&hellip;]","og_url":"https:\/\/radioleinewelle.de\/index.php\/2024\/05\/22\/fotowettbewerb-zoom-in-zoom-out-eure-welt-in-gross-und-klein\/","og_site_name":"Radio Leinewelle","article_publisher":"https:\/\/www.facebook.com\/radioleinewelle","article_author":"https:\/\/www.facebook.com\/radioleinewelle","article_published_time":"2024-05-22T07:05:28+00:00","article_modified_time":"2024-05-22T07:05:29+00:00","og_image":[{"width":2560,"height":1706,"url":"https:\/\/radioleinewelle.de\/wp-content\/uploads\/2024\/05\/2022-05-FW-eroeffnung_XT31326-scaled.jpg","type":"image\/jpeg"}],"author":"Leinewelle","twitter_card":"summary_large_image","twitter_creator":"@https:\/\/twitter.com\/RLeinewelle?ref_src=twsrcgoogletwcampserptwgrauthor","twitter_site":"@RLeinewelle","twitter_misc":{"Verfasst von":"Leinewelle","Gesch\u00e4tzte Lesezeit":"2\u00a0Minuten"},"schema":{"@context":"https:\/\/schema.org","@graph":[{"@type":"Article","@id":"https:\/\/radioleinewelle.de\/index.php\/2024\/05\/22\/fotowettbewerb-zoom-in-zoom-out-eure-welt-in-gross-und-klein\/#article","isPartOf":{"@id":"https:\/\/radioleinewelle.de\/index.php\/2024\/05\/22\/fotowettbewerb-zoom-in-zoom-out-eure-welt-in-gross-und-klein\/"},"author":{"name":"Leinewelle","@id":"https:\/\/radioleinewelle.de\/#\/schema\/person\/45606f348637df637192dc1b68399a63"},"headline":"Fotowettbewerb &#8211; \u201eZoom in \u2013 Zoom out. Eure Welt in gro\u00df und klein\u201c\u00a0","datePublished":"2024-05-22T07:05:28+00:00","dateModified":"2024-05-22T07:05:29+00:00","mainEntityOfPage":{"@id":"https:\/\/radioleinewelle.de\/index.php\/2024\/05\/22\/fotowettbewerb-zoom-in-zoom-out-eure-welt-in-gross-und-klein\/"},"wordCount":297,"commentCount":0,"publisher":{"@id":"https:\/\/radioleinewelle.de\/#organization"},"image":{"@id":"https:\/\/radioleinewelle.de\/index.php\/2024\/05\/22\/fotowettbewerb-zoom-in-zoom-out-eure-welt-in-gross-und-klein\/#primaryimage"},"thumbnailUrl":"https:\/\/radioleinewelle.de\/wp-content\/uploads\/2024\/05\/2022-05-FW-eroeffnung_XT31326-scaled.jpg","articleSection":["Universit\u00e4t","Veranstaltungen"],"inLanguage":"de","potentialAction":[{"@type":"CommentAction","name":"Comment","target":["https:\/\/radioleinewelle.de\/index.php\/2024\/05\/22\/fotowettbewerb-zoom-in-zoom-out-eure-welt-in-gross-und-klein\/#respond"]}]},{"@type":"WebPage","@id":"https:\/\/radioleinewelle.de\/index.php\/2024\/05\/22\/fotowettbewerb-zoom-in-zoom-out-eure-welt-in-gross-und-klein\/","url":"https:\/\/radioleinewelle.de\/index.php\/2024\/05\/22\/fotowettbewerb-zoom-in-zoom-out-eure-welt-in-gross-und-klein\/","name":"Fotowettbewerb - \u201eZoom in \u2013 Zoom out. Eure Welt in gro\u00df und klein\u201c\u00a0 - Radio Leinewelle","isPartOf":{"@id":"https:\/\/radioleinewelle.de\/#website"},"primaryImageOfPage":{"@id":"https:\/\/radioleinewelle.de\/index.php\/2024\/05\/22\/fotowettbewerb-zoom-in-zoom-out-eure-welt-in-gross-und-klein\/#primaryimage"},"image":{"@id":"https:\/\/radioleinewelle.de\/index.php\/2024\/05\/22\/fotowettbewerb-zoom-in-zoom-out-eure-welt-in-gross-und-klein\/#primaryimage"},"thumbnailUrl":"https:\/\/radioleinewelle.de\/wp-content\/uploads\/2024\/05\/2022-05-FW-eroeffnung_XT31326-scaled.jpg","datePublished":"2024-05-22T07:05:28+00:00","dateModified":"2024-05-22T07:05:29+00:00","breadcrumb":{"@id":"https:\/\/radioleinewelle.de\/index.php\/2024\/05\/22\/fotowettbewerb-zoom-in-zoom-out-eure-welt-in-gross-und-klein\/#breadcrumb"},"inLanguage":"de","potentialAction":[{"@type":"ReadAction","target":["https:\/\/radioleinewelle.de\/index.php\/2024\/05\/22\/fotowettbewerb-zoom-in-zoom-out-eure-welt-in-gross-und-klein\/"]}]},{"@type":"ImageObject","inLanguage":"de","@id":"https:\/\/radioleinewelle.de\/index.php\/2024\/05\/22\/fotowettbewerb-zoom-in-zoom-out-eure-welt-in-gross-und-klein\/#primaryimage","url":"https:\/\/radioleinewelle.de\/wp-content\/uploads\/2024\/05\/2022-05-FW-eroeffnung_XT31326-scaled.jpg","contentUrl":"https:\/\/radioleinewelle.de\/wp-content\/uploads\/2024\/05\/2022-05-FW-eroeffnung_XT31326-scaled.jpg","width":2560,"height":1706,"caption":"Forum Wissen G\u00f6ttingen, Er\u00f6ffnung"},{"@type":"BreadcrumbList","@id":"https:\/\/radioleinewelle.de\/index.php\/2024\/05\/22\/fotowettbewerb-zoom-in-zoom-out-eure-welt-in-gross-und-klein\/#breadcrumb","itemListElement":[{"@type":"ListItem","position":1,"name":"Startseite","item":"https:\/\/radioleinewelle.de\/"},{"@type":"ListItem","position":2,"name":"Fotowettbewerb &#8211; \u201eZoom in \u2013 Zoom out. Eure Welt in gro\u00df und klein\u201c\u00a0"}]},{"@type":"WebSite","@id":"https:\/\/radioleinewelle.de\/#website","url":"https:\/\/radioleinewelle.de\/","name":"Radio Leinewelle","description":"","publisher":{"@id":"https:\/\/radioleinewelle.de\/#organization"},"potentialAction":[{"@type":"SearchAction","target":{"@type":"EntryPoint","urlTemplate":"https:\/\/radioleinewelle.de\/?s={search_term_string}"},"query-input":{"@type":"PropertyValueSpecification","valueRequired":true,"valueName":"search_term_string"}}],"inLanguage":"de"},{"@type":"Organization","@id":"https:\/\/radioleinewelle.de\/#organization","name":"Radio Leinewelle","alternateName":"Mein Radio f\u00fcr S\u00fcdniedersachsen","url":"https:\/\/radioleinewelle.de\/","logo":{"@type":"ImageObject","inLanguage":"de","@id":"https:\/\/radioleinewelle.de\/#\/schema\/logo\/image\/","url":"https:\/\/radioleinewelle.de\/wp-content\/uploads\/2023\/11\/cropped-Leinewelle_Logo_weiss.png","contentUrl":"https:\/\/radioleinewelle.de\/wp-content\/uploads\/2023\/11\/cropped-Leinewelle_Logo_weiss.png","width":854,"height":260,"caption":"Radio Leinewelle"},"image":{"@id":"https:\/\/radioleinewelle.de\/#\/schema\/logo\/image\/"},"sameAs":["https:\/\/www.facebook.com\/radioleinewelle","https:\/\/x.com\/RLeinewelle","https:\/\/www.instagram.com\/radioleinewelle\/?hl=de"]},{"@type":"Person","@id":"https:\/\/radioleinewelle.de\/#\/schema\/person\/45606f348637df637192dc1b68399a63","name":"Leinewelle","image":{"@type":"ImageObject","inLanguage":"de","@id":"https:\/\/secure.gravatar.com\/avatar\/05c9a17bc973052ee5d91549bd32fb4dd0dc85b7b85ae94b2e2b4943476bbea5?s=96&d=blank&r=g","url":"https:\/\/secure.gravatar.com\/avatar\/05c9a17bc973052ee5d91549bd32fb4dd0dc85b7b85ae94b2e2b4943476bbea5?s=96&d=blank&r=g","contentUrl":"https:\/\/secure.gravatar.com\/avatar\/05c9a17bc973052ee5d91549bd32fb4dd0dc85b7b85ae94b2e2b4943476bbea5?s=96&d=blank&r=g","caption":"Leinewelle"},"sameAs":["http:\/\/localhost\/radio%20leinewelle\/wordpress","https:\/\/www.facebook.com\/radioleinewelle","https:\/\/www.instagram.com\/radioleinewelle","https:\/\/x.com\/https:\/\/twitter.com\/RLeinewelle?ref_src=twsrcgoogletwcampserptwgrauthor","https:\/\/soundcloud.com\/foerderverein-lokalradio?utm_source=clipboard&utm_medium=text&utm_campaign=social_sharing"],"url":"https:\/\/radioleinewelle.de\/index.php\/author\/leinewelle\/"}]}},"_links":{"self":[{"href":"https:\/\/radioleinewelle.de\/index.php\/wp-json\/wp\/v2\/posts\/25538","targetHints":{"allow":["GET"]}}],"collection":[{"href":"https:\/\/radioleinewelle.de\/index.php\/wp-json\/wp\/v2\/posts"}],"about":[{"href":"https:\/\/radioleinewelle.de\/index.php\/wp-json\/wp\/v2\/types\/post"}],"author":[{"embeddable":true,"href":"https:\/\/radioleinewelle.de\/index.php\/wp-json\/wp\/v2\/users\/1"}],"replies":[{"embeddable":true,"href":"https:\/\/radioleinewelle.de\/index.php\/wp-json\/wp\/v2\/comments?post=25538"}],"version-history":[{"count":1,"href":"https:\/\/radioleinewelle.de\/index.php\/wp-json\/wp\/v2\/posts\/25538\/revisions"}],"predecessor-version":[{"id":25539,"href":"https:\/\/radioleinewelle.de\/index.php\/wp-json\/wp\/v2\/posts\/25538\/revisions\/25539"}],"wp:featuredmedia":[{"embeddable":true,"href":"https:\/\/radioleinewelle.de\/index.php\/wp-json\/wp\/v2\/media\/25540"}],"wp:attachment":[{"href":"https:\/\/radioleinewelle.de\/index.php\/wp-json\/wp\/v2\/media?parent=25538"}],"wp:term":[{"taxonomy":"category","embeddable":true,"href":"https:\/\/radioleinewelle.de\/index.php\/wp-json\/wp\/v2\/categories?post=25538"},{"taxonomy":"post_tag","embeddable":true,"href":"https:\/\/radioleinewelle.de\/index.php\/wp-json\/wp\/v2\/tags?post=25538"}],"curies":[{"name":"wp","href":"https:\/\/api.w.org\/{rel}","templated":true}]}}