{"id":25555,"date":"2024-05-23T16:54:35","date_gmt":"2024-05-23T14:54:35","guid":{"rendered":"https:\/\/radioleinewelle.de\/?p=25555"},"modified":"2024-05-24T17:12:34","modified_gmt":"2024-05-24T15:12:34","slug":"diskussionsveranstaltung-zum-radentscheid-in-grone","status":"publish","type":"post","link":"https:\/\/radioleinewelle.de\/index.php\/2024\/05\/23\/diskussionsveranstaltung-zum-radentscheid-in-grone\/","title":{"rendered":"Grone: Diskussionsveranstaltung zum Radentscheid"},"content":{"rendered":"\n<p>Die Initiative f\u00fcr die beiden G\u00f6ttinger Radentscheide, die am 09.06. am Europawahltag ebenfalls zum B\u00fcrgerentscheid anstehen, haben in den letzten Wochen zu vielfachen <a href=\"https:\/\/radioleinewelle.de\/index.php\/2024\/05\/16\/weiter-keine-oeffentlichen-werbeflaechen-fuer-radentscheid\/\">Diskussionen in der Stadt G\u00f6ttingen <\/a>gef\u00fchrt. In der Einladung von G\u00f6ttingen Zero zur Veranstaltung hei\u00dft es u.a:<\/p>\n\n\n\n<p>&#8222;<em>In der vergangenen Woche ist klar geworden, dass im Bereich des G\u00f6ttinger Vereinssports die Folgen und Ziele der G\u00f6ttinger Radentscheide intensive diskutiert werden. Im Sinne eines breiten demokratischen Austausches im Vorfeld der Abstimmungen am 9. Juni freut uns das sich hier zeigende Interesse an den Radentscheiden sehr. Eine gro\u00dfe Unsicherheit und aus unserer Sicht unn\u00f6tige Polarisierung ist allerdings durch \u201eWarnungen&#8220; entstanden, die Radentscheide w\u00fcrden die Finanzierung von Sport, Feuerwehr, Kita, Theatern und vielem mehr grundlegend gef\u00e4hrden. Daneben habe Vereine wie der FC Grone auch inhaltliche Bedenken zu den vorgeschlagenen Ma\u00dfnahmen vorgebracht. Zu all diesen Aspekten m\u00f6chte wir gerne mit Ihnen in einen direkten Dialog eintreten. Unser Ziel ist es Missverst\u00e4ndnisse aufzul\u00f6sen, Argumente offen auszutauschen und die verschiedenen Sichtweisen auf die Radentscheide f\u00fcr die G\u00f6ttinger W\u00e4hlerschaft transparent und nachvollziehbar darzustellen.<\/em>&#8222;<\/p>\n\n\n\n<p><strong>Die Veranstaltung findet in der evangelische Kirche Grone, (Gemeindesaal) Jonaplatz 6 in Grone statt. Zeit: Freitag, 24.5.2024 um 19.30 Uhr.<\/strong> <br>Auch wenn sich das Thema speziell an die Groner richtet, sind andere Interessierte herzlich willkommen.<\/p>\n","protected":false},"excerpt":{"rendered":"<p>Die Initiative f\u00fcr die beiden G\u00f6ttinger Radentscheide, die am 09.06. am Europawahltag ebenfalls zum B\u00fcrgerentscheid anstehen, haben in den letzten Wochen zu vielfachen Diskussionen in der Stadt G\u00f6ttingen gef\u00fchrt. In der Einladung von G\u00f6ttingen Zero zur Veranstaltung hei\u00dft es u.a: &#8222;In der vergangenen Woche ist klar geworden, dass im Bereich des G\u00f6ttinger Vereinssports die Folgen [&hellip;]<\/p>\n","protected":false},"author":1,"featured_media":25556,"comment_status":"open","ping_status":"open","sticky":true,"template":"","format":"standard","meta":{"saved_in_kubio":false,"footnotes":""},"categories":[31,520,39],"tags":[],"class_list":["post-25555","post","type-post","status-publish","format-standard","has-post-thumbnail","hentry","category-bauen-verkehr","category-klimawandel","category-lokalpolitik"],"yoast_head":"<!-- This site is optimized with the Yoast SEO plugin v27.5 - https:\/\/yoast.com\/product\/yoast-seo-wordpress\/ -->\n<title>Grone: Diskussionsveranstaltung zum Radentscheid - Radio Leinewelle<\/title>\n<meta name=\"robots\" content=\"index, follow, max-snippet:-1, max-image-preview:large, max-video-preview:-1\" \/>\n<link rel=\"canonical\" href=\"https:\/\/radioleinewelle.de\/index.php\/2024\/05\/23\/diskussionsveranstaltung-zum-radentscheid-in-grone\/\" \/>\n<meta property=\"og:locale\" content=\"de_DE\" \/>\n<meta property=\"og:type\" content=\"article\" \/>\n<meta property=\"og:title\" content=\"Grone: Diskussionsveranstaltung zum Radentscheid - Radio Leinewelle\" \/>\n<meta property=\"og:description\" content=\"Die Initiative f\u00fcr die beiden G\u00f6ttinger Radentscheide, die am 09.06. am Europawahltag ebenfalls zum B\u00fcrgerentscheid anstehen, haben in den letzten Wochen zu vielfachen Diskussionen in der Stadt G\u00f6ttingen gef\u00fchrt. In der Einladung von G\u00f6ttingen Zero zur Veranstaltung hei\u00dft es u.a: &#8222;In der vergangenen Woche ist klar geworden, dass im Bereich des G\u00f6ttinger Vereinssports die Folgen [&hellip;]\" \/>\n<meta property=\"og:url\" content=\"https:\/\/radioleinewelle.de\/index.php\/2024\/05\/23\/diskussionsveranstaltung-zum-radentscheid-in-grone\/\" \/>\n<meta property=\"og:site_name\" content=\"Radio Leinewelle\" \/>\n<meta property=\"article:publisher\" content=\"https:\/\/www.facebook.com\/radioleinewelle\" \/>\n<meta property=\"article:author\" content=\"https:\/\/www.facebook.com\/radioleinewelle\" \/>\n<meta property=\"article:published_time\" content=\"2024-05-23T14:54:35+00:00\" \/>\n<meta property=\"article:modified_time\" content=\"2024-05-24T15:12:34+00:00\" \/>\n<meta property=\"og:image\" content=\"https:\/\/radioleinewelle.de\/wp-content\/uploads\/2024\/05\/Einladung-zum-Gedankenaustausch.jpg\" \/>\n\t<meta property=\"og:image:width\" content=\"1080\" \/>\n\t<meta property=\"og:image:height\" content=\"1080\" \/>\n\t<meta property=\"og:image:type\" content=\"image\/jpeg\" \/>\n<meta name=\"author\" content=\"Leinewelle\" \/>\n<meta name=\"twitter:card\" content=\"summary_large_image\" \/>\n<meta name=\"twitter:creator\" content=\"@https:\/\/twitter.com\/RLeinewelle?ref_src=twsrcgoogletwcampserptwgrauthor\" \/>\n<meta name=\"twitter:site\" content=\"@RLeinewelle\" \/>\n<meta name=\"twitter:label1\" content=\"Verfasst von\" \/>\n\t<meta name=\"twitter:data1\" content=\"Leinewelle\" \/>\n\t<meta name=\"twitter:label2\" content=\"Gesch\u00e4tzte Lesezeit\" \/>\n\t<meta name=\"twitter:data2\" content=\"2\u00a0Minuten\" \/>\n<script type=\"application\/ld+json\" class=\"yoast-schema-graph\">{\"@context\":\"https:\\\/\\\/schema.org\",\"@graph\":[{\"@type\":\"Article\",\"@id\":\"https:\\\/\\\/radioleinewelle.de\\\/index.php\\\/2024\\\/05\\\/23\\\/diskussionsveranstaltung-zum-radentscheid-in-grone\\\/#article\",\"isPartOf\":{\"@id\":\"https:\\\/\\\/radioleinewelle.de\\\/index.php\\\/2024\\\/05\\\/23\\\/diskussionsveranstaltung-zum-radentscheid-in-grone\\\/\"},\"author\":{\"name\":\"Leinewelle\",\"@id\":\"https:\\\/\\\/radioleinewelle.de\\\/#\\\/schema\\\/person\\\/45606f348637df637192dc1b68399a63\"},\"headline\":\"Grone: Diskussionsveranstaltung zum Radentscheid\",\"datePublished\":\"2024-05-23T14:54:35+00:00\",\"dateModified\":\"2024-05-24T15:12:34+00:00\",\"mainEntityOfPage\":{\"@id\":\"https:\\\/\\\/radioleinewelle.de\\\/index.php\\\/2024\\\/05\\\/23\\\/diskussionsveranstaltung-zum-radentscheid-in-grone\\\/\"},\"wordCount\":224,\"commentCount\":0,\"publisher\":{\"@id\":\"https:\\\/\\\/radioleinewelle.de\\\/#organization\"},\"image\":{\"@id\":\"https:\\\/\\\/radioleinewelle.de\\\/index.php\\\/2024\\\/05\\\/23\\\/diskussionsveranstaltung-zum-radentscheid-in-grone\\\/#primaryimage\"},\"thumbnailUrl\":\"https:\\\/\\\/radioleinewelle.de\\\/wp-content\\\/uploads\\\/2024\\\/05\\\/Einladung-zum-Gedankenaustausch.jpg\",\"articleSection\":[\"Bauen &amp; Verkehr\",\"Klimawandel\",\"Lokalpolitik\"],\"inLanguage\":\"de\",\"potentialAction\":[{\"@type\":\"CommentAction\",\"name\":\"Comment\",\"target\":[\"https:\\\/\\\/radioleinewelle.de\\\/index.php\\\/2024\\\/05\\\/23\\\/diskussionsveranstaltung-zum-radentscheid-in-grone\\\/#respond\"]}]},{\"@type\":\"WebPage\",\"@id\":\"https:\\\/\\\/radioleinewelle.de\\\/index.php\\\/2024\\\/05\\\/23\\\/diskussionsveranstaltung-zum-radentscheid-in-grone\\\/\",\"url\":\"https:\\\/\\\/radioleinewelle.de\\\/index.php\\\/2024\\\/05\\\/23\\\/diskussionsveranstaltung-zum-radentscheid-in-grone\\\/\",\"name\":\"Grone: Diskussionsveranstaltung zum Radentscheid - Radio Leinewelle\",\"isPartOf\":{\"@id\":\"https:\\\/\\\/radioleinewelle.de\\\/#website\"},\"primaryImageOfPage\":{\"@id\":\"https:\\\/\\\/radioleinewelle.de\\\/index.php\\\/2024\\\/05\\\/23\\\/diskussionsveranstaltung-zum-radentscheid-in-grone\\\/#primaryimage\"},\"image\":{\"@id\":\"https:\\\/\\\/radioleinewelle.de\\\/index.php\\\/2024\\\/05\\\/23\\\/diskussionsveranstaltung-zum-radentscheid-in-grone\\\/#primaryimage\"},\"thumbnailUrl\":\"https:\\\/\\\/radioleinewelle.de\\\/wp-content\\\/uploads\\\/2024\\\/05\\\/Einladung-zum-Gedankenaustausch.jpg\",\"datePublished\":\"2024-05-23T14:54:35+00:00\",\"dateModified\":\"2024-05-24T15:12:34+00:00\",\"breadcrumb\":{\"@id\":\"https:\\\/\\\/radioleinewelle.de\\\/index.php\\\/2024\\\/05\\\/23\\\/diskussionsveranstaltung-zum-radentscheid-in-grone\\\/#breadcrumb\"},\"inLanguage\":\"de\",\"potentialAction\":[{\"@type\":\"ReadAction\",\"target\":[\"https:\\\/\\\/radioleinewelle.de\\\/index.php\\\/2024\\\/05\\\/23\\\/diskussionsveranstaltung-zum-radentscheid-in-grone\\\/\"]}]},{\"@type\":\"ImageObject\",\"inLanguage\":\"de\",\"@id\":\"https:\\\/\\\/radioleinewelle.de\\\/index.php\\\/2024\\\/05\\\/23\\\/diskussionsveranstaltung-zum-radentscheid-in-grone\\\/#primaryimage\",\"url\":\"https:\\\/\\\/radioleinewelle.de\\\/wp-content\\\/uploads\\\/2024\\\/05\\\/Einladung-zum-Gedankenaustausch.jpg\",\"contentUrl\":\"https:\\\/\\\/radioleinewelle.de\\\/wp-content\\\/uploads\\\/2024\\\/05\\\/Einladung-zum-Gedankenaustausch.jpg\",\"width\":1080,\"height\":1080},{\"@type\":\"BreadcrumbList\",\"@id\":\"https:\\\/\\\/radioleinewelle.de\\\/index.php\\\/2024\\\/05\\\/23\\\/diskussionsveranstaltung-zum-radentscheid-in-grone\\\/#breadcrumb\",\"itemListElement\":[{\"@type\":\"ListItem\",\"position\":1,\"name\":\"Startseite\",\"item\":\"https:\\\/\\\/radioleinewelle.de\\\/\"},{\"@type\":\"ListItem\",\"position\":2,\"name\":\"Grone: Diskussionsveranstaltung zum Radentscheid\"}]},{\"@type\":\"WebSite\",\"@id\":\"https:\\\/\\\/radioleinewelle.de\\\/#website\",\"url\":\"https:\\\/\\\/radioleinewelle.de\\\/\",\"name\":\"Radio Leinewelle\",\"description\":\"\",\"publisher\":{\"@id\":\"https:\\\/\\\/radioleinewelle.de\\\/#organization\"},\"potentialAction\":[{\"@type\":\"SearchAction\",\"target\":{\"@type\":\"EntryPoint\",\"urlTemplate\":\"https:\\\/\\\/radioleinewelle.de\\\/?s={search_term_string}\"},\"query-input\":{\"@type\":\"PropertyValueSpecification\",\"valueRequired\":true,\"valueName\":\"search_term_string\"}}],\"inLanguage\":\"de\"},{\"@type\":\"Organization\",\"@id\":\"https:\\\/\\\/radioleinewelle.de\\\/#organization\",\"name\":\"Radio Leinewelle\",\"alternateName\":\"Mein Radio f\u00fcr S\u00fcdniedersachsen\",\"url\":\"https:\\\/\\\/radioleinewelle.de\\\/\",\"logo\":{\"@type\":\"ImageObject\",\"inLanguage\":\"de\",\"@id\":\"https:\\\/\\\/radioleinewelle.de\\\/#\\\/schema\\\/logo\\\/image\\\/\",\"url\":\"https:\\\/\\\/radioleinewelle.de\\\/wp-content\\\/uploads\\\/2023\\\/11\\\/cropped-Leinewelle_Logo_weiss.png\",\"contentUrl\":\"https:\\\/\\\/radioleinewelle.de\\\/wp-content\\\/uploads\\\/2023\\\/11\\\/cropped-Leinewelle_Logo_weiss.png\",\"width\":854,\"height\":260,\"caption\":\"Radio Leinewelle\"},\"image\":{\"@id\":\"https:\\\/\\\/radioleinewelle.de\\\/#\\\/schema\\\/logo\\\/image\\\/\"},\"sameAs\":[\"https:\\\/\\\/www.facebook.com\\\/radioleinewelle\",\"https:\\\/\\\/x.com\\\/RLeinewelle\",\"https:\\\/\\\/www.instagram.com\\\/radioleinewelle\\\/?hl=de\"]},{\"@type\":\"Person\",\"@id\":\"https:\\\/\\\/radioleinewelle.de\\\/#\\\/schema\\\/person\\\/45606f348637df637192dc1b68399a63\",\"name\":\"Leinewelle\",\"image\":{\"@type\":\"ImageObject\",\"inLanguage\":\"de\",\"@id\":\"https:\\\/\\\/secure.gravatar.com\\\/avatar\\\/05c9a17bc973052ee5d91549bd32fb4dd0dc85b7b85ae94b2e2b4943476bbea5?s=96&d=blank&r=g\",\"url\":\"https:\\\/\\\/secure.gravatar.com\\\/avatar\\\/05c9a17bc973052ee5d91549bd32fb4dd0dc85b7b85ae94b2e2b4943476bbea5?s=96&d=blank&r=g\",\"contentUrl\":\"https:\\\/\\\/secure.gravatar.com\\\/avatar\\\/05c9a17bc973052ee5d91549bd32fb4dd0dc85b7b85ae94b2e2b4943476bbea5?s=96&d=blank&r=g\",\"caption\":\"Leinewelle\"},\"sameAs\":[\"http:\\\/\\\/localhost\\\/radio%20leinewelle\\\/wordpress\",\"https:\\\/\\\/www.facebook.com\\\/radioleinewelle\",\"https:\\\/\\\/www.instagram.com\\\/radioleinewelle\",\"https:\\\/\\\/x.com\\\/https:\\\/\\\/twitter.com\\\/RLeinewelle?ref_src=twsrcgoogletwcampserptwgrauthor\",\"https:\\\/\\\/soundcloud.com\\\/foerderverein-lokalradio?utm_source=clipboard&utm_medium=text&utm_campaign=social_sharing\"],\"url\":\"https:\\\/\\\/radioleinewelle.de\\\/index.php\\\/author\\\/leinewelle\\\/\"}]}<\/script>\n<!-- \/ Yoast SEO plugin. -->","yoast_head_json":{"title":"Grone: Diskussionsveranstaltung zum Radentscheid - Radio Leinewelle","robots":{"index":"index","follow":"follow","max-snippet":"max-snippet:-1","max-image-preview":"max-image-preview:large","max-video-preview":"max-video-preview:-1"},"canonical":"https:\/\/radioleinewelle.de\/index.php\/2024\/05\/23\/diskussionsveranstaltung-zum-radentscheid-in-grone\/","og_locale":"de_DE","og_type":"article","og_title":"Grone: Diskussionsveranstaltung zum Radentscheid - Radio Leinewelle","og_description":"Die Initiative f\u00fcr die beiden G\u00f6ttinger Radentscheide, die am 09.06. am Europawahltag ebenfalls zum B\u00fcrgerentscheid anstehen, haben in den letzten Wochen zu vielfachen Diskussionen in der Stadt G\u00f6ttingen gef\u00fchrt. In der Einladung von G\u00f6ttingen Zero zur Veranstaltung hei\u00dft es u.a: &#8222;In der vergangenen Woche ist klar geworden, dass im Bereich des G\u00f6ttinger Vereinssports die Folgen [&hellip;]","og_url":"https:\/\/radioleinewelle.de\/index.php\/2024\/05\/23\/diskussionsveranstaltung-zum-radentscheid-in-grone\/","og_site_name":"Radio Leinewelle","article_publisher":"https:\/\/www.facebook.com\/radioleinewelle","article_author":"https:\/\/www.facebook.com\/radioleinewelle","article_published_time":"2024-05-23T14:54:35+00:00","article_modified_time":"2024-05-24T15:12:34+00:00","og_image":[{"width":1080,"height":1080,"url":"https:\/\/radioleinewelle.de\/wp-content\/uploads\/2024\/05\/Einladung-zum-Gedankenaustausch.jpg","type":"image\/jpeg"}],"author":"Leinewelle","twitter_card":"summary_large_image","twitter_creator":"@https:\/\/twitter.com\/RLeinewelle?ref_src=twsrcgoogletwcampserptwgrauthor","twitter_site":"@RLeinewelle","twitter_misc":{"Verfasst von":"Leinewelle","Gesch\u00e4tzte Lesezeit":"2\u00a0Minuten"},"schema":{"@context":"https:\/\/schema.org","@graph":[{"@type":"Article","@id":"https:\/\/radioleinewelle.de\/index.php\/2024\/05\/23\/diskussionsveranstaltung-zum-radentscheid-in-grone\/#article","isPartOf":{"@id":"https:\/\/radioleinewelle.de\/index.php\/2024\/05\/23\/diskussionsveranstaltung-zum-radentscheid-in-grone\/"},"author":{"name":"Leinewelle","@id":"https:\/\/radioleinewelle.de\/#\/schema\/person\/45606f348637df637192dc1b68399a63"},"headline":"Grone: Diskussionsveranstaltung zum Radentscheid","datePublished":"2024-05-23T14:54:35+00:00","dateModified":"2024-05-24T15:12:34+00:00","mainEntityOfPage":{"@id":"https:\/\/radioleinewelle.de\/index.php\/2024\/05\/23\/diskussionsveranstaltung-zum-radentscheid-in-grone\/"},"wordCount":224,"commentCount":0,"publisher":{"@id":"https:\/\/radioleinewelle.de\/#organization"},"image":{"@id":"https:\/\/radioleinewelle.de\/index.php\/2024\/05\/23\/diskussionsveranstaltung-zum-radentscheid-in-grone\/#primaryimage"},"thumbnailUrl":"https:\/\/radioleinewelle.de\/wp-content\/uploads\/2024\/05\/Einladung-zum-Gedankenaustausch.jpg","articleSection":["Bauen &amp; Verkehr","Klimawandel","Lokalpolitik"],"inLanguage":"de","potentialAction":[{"@type":"CommentAction","name":"Comment","target":["https:\/\/radioleinewelle.de\/index.php\/2024\/05\/23\/diskussionsveranstaltung-zum-radentscheid-in-grone\/#respond"]}]},{"@type":"WebPage","@id":"https:\/\/radioleinewelle.de\/index.php\/2024\/05\/23\/diskussionsveranstaltung-zum-radentscheid-in-grone\/","url":"https:\/\/radioleinewelle.de\/index.php\/2024\/05\/23\/diskussionsveranstaltung-zum-radentscheid-in-grone\/","name":"Grone: Diskussionsveranstaltung zum Radentscheid - Radio Leinewelle","isPartOf":{"@id":"https:\/\/radioleinewelle.de\/#website"},"primaryImageOfPage":{"@id":"https:\/\/radioleinewelle.de\/index.php\/2024\/05\/23\/diskussionsveranstaltung-zum-radentscheid-in-grone\/#primaryimage"},"image":{"@id":"https:\/\/radioleinewelle.de\/index.php\/2024\/05\/23\/diskussionsveranstaltung-zum-radentscheid-in-grone\/#primaryimage"},"thumbnailUrl":"https:\/\/radioleinewelle.de\/wp-content\/uploads\/2024\/05\/Einladung-zum-Gedankenaustausch.jpg","datePublished":"2024-05-23T14:54:35+00:00","dateModified":"2024-05-24T15:12:34+00:00","breadcrumb":{"@id":"https:\/\/radioleinewelle.de\/index.php\/2024\/05\/23\/diskussionsveranstaltung-zum-radentscheid-in-grone\/#breadcrumb"},"inLanguage":"de","potentialAction":[{"@type":"ReadAction","target":["https:\/\/radioleinewelle.de\/index.php\/2024\/05\/23\/diskussionsveranstaltung-zum-radentscheid-in-grone\/"]}]},{"@type":"ImageObject","inLanguage":"de","@id":"https:\/\/radioleinewelle.de\/index.php\/2024\/05\/23\/diskussionsveranstaltung-zum-radentscheid-in-grone\/#primaryimage","url":"https:\/\/radioleinewelle.de\/wp-content\/uploads\/2024\/05\/Einladung-zum-Gedankenaustausch.jpg","contentUrl":"https:\/\/radioleinewelle.de\/wp-content\/uploads\/2024\/05\/Einladung-zum-Gedankenaustausch.jpg","width":1080,"height":1080},{"@type":"BreadcrumbList","@id":"https:\/\/radioleinewelle.de\/index.php\/2024\/05\/23\/diskussionsveranstaltung-zum-radentscheid-in-grone\/#breadcrumb","itemListElement":[{"@type":"ListItem","position":1,"name":"Startseite","item":"https:\/\/radioleinewelle.de\/"},{"@type":"ListItem","position":2,"name":"Grone: Diskussionsveranstaltung zum Radentscheid"}]},{"@type":"WebSite","@id":"https:\/\/radioleinewelle.de\/#website","url":"https:\/\/radioleinewelle.de\/","name":"Radio Leinewelle","description":"","publisher":{"@id":"https:\/\/radioleinewelle.de\/#organization"},"potentialAction":[{"@type":"SearchAction","target":{"@type":"EntryPoint","urlTemplate":"https:\/\/radioleinewelle.de\/?s={search_term_string}"},"query-input":{"@type":"PropertyValueSpecification","valueRequired":true,"valueName":"search_term_string"}}],"inLanguage":"de"},{"@type":"Organization","@id":"https:\/\/radioleinewelle.de\/#organization","name":"Radio Leinewelle","alternateName":"Mein Radio f\u00fcr S\u00fcdniedersachsen","url":"https:\/\/radioleinewelle.de\/","logo":{"@type":"ImageObject","inLanguage":"de","@id":"https:\/\/radioleinewelle.de\/#\/schema\/logo\/image\/","url":"https:\/\/radioleinewelle.de\/wp-content\/uploads\/2023\/11\/cropped-Leinewelle_Logo_weiss.png","contentUrl":"https:\/\/radioleinewelle.de\/wp-content\/uploads\/2023\/11\/cropped-Leinewelle_Logo_weiss.png","width":854,"height":260,"caption":"Radio Leinewelle"},"image":{"@id":"https:\/\/radioleinewelle.de\/#\/schema\/logo\/image\/"},"sameAs":["https:\/\/www.facebook.com\/radioleinewelle","https:\/\/x.com\/RLeinewelle","https:\/\/www.instagram.com\/radioleinewelle\/?hl=de"]},{"@type":"Person","@id":"https:\/\/radioleinewelle.de\/#\/schema\/person\/45606f348637df637192dc1b68399a63","name":"Leinewelle","image":{"@type":"ImageObject","inLanguage":"de","@id":"https:\/\/secure.gravatar.com\/avatar\/05c9a17bc973052ee5d91549bd32fb4dd0dc85b7b85ae94b2e2b4943476bbea5?s=96&d=blank&r=g","url":"https:\/\/secure.gravatar.com\/avatar\/05c9a17bc973052ee5d91549bd32fb4dd0dc85b7b85ae94b2e2b4943476bbea5?s=96&d=blank&r=g","contentUrl":"https:\/\/secure.gravatar.com\/avatar\/05c9a17bc973052ee5d91549bd32fb4dd0dc85b7b85ae94b2e2b4943476bbea5?s=96&d=blank&r=g","caption":"Leinewelle"},"sameAs":["http:\/\/localhost\/radio%20leinewelle\/wordpress","https:\/\/www.facebook.com\/radioleinewelle","https:\/\/www.instagram.com\/radioleinewelle","https:\/\/x.com\/https:\/\/twitter.com\/RLeinewelle?ref_src=twsrcgoogletwcampserptwgrauthor","https:\/\/soundcloud.com\/foerderverein-lokalradio?utm_source=clipboard&utm_medium=text&utm_campaign=social_sharing"],"url":"https:\/\/radioleinewelle.de\/index.php\/author\/leinewelle\/"}]}},"_links":{"self":[{"href":"https:\/\/radioleinewelle.de\/index.php\/wp-json\/wp\/v2\/posts\/25555","targetHints":{"allow":["GET"]}}],"collection":[{"href":"https:\/\/radioleinewelle.de\/index.php\/wp-json\/wp\/v2\/posts"}],"about":[{"href":"https:\/\/radioleinewelle.de\/index.php\/wp-json\/wp\/v2\/types\/post"}],"author":[{"embeddable":true,"href":"https:\/\/radioleinewelle.de\/index.php\/wp-json\/wp\/v2\/users\/1"}],"replies":[{"embeddable":true,"href":"https:\/\/radioleinewelle.de\/index.php\/wp-json\/wp\/v2\/comments?post=25555"}],"version-history":[{"count":5,"href":"https:\/\/radioleinewelle.de\/index.php\/wp-json\/wp\/v2\/posts\/25555\/revisions"}],"predecessor-version":[{"id":25561,"href":"https:\/\/radioleinewelle.de\/index.php\/wp-json\/wp\/v2\/posts\/25555\/revisions\/25561"}],"wp:featuredmedia":[{"embeddable":true,"href":"https:\/\/radioleinewelle.de\/index.php\/wp-json\/wp\/v2\/media\/25556"}],"wp:attachment":[{"href":"https:\/\/radioleinewelle.de\/index.php\/wp-json\/wp\/v2\/media?parent=25555"}],"wp:term":[{"taxonomy":"category","embeddable":true,"href":"https:\/\/radioleinewelle.de\/index.php\/wp-json\/wp\/v2\/categories?post=25555"},{"taxonomy":"post_tag","embeddable":true,"href":"https:\/\/radioleinewelle.de\/index.php\/wp-json\/wp\/v2\/tags?post=25555"}],"curies":[{"name":"wp","href":"https:\/\/api.w.org\/{rel}","templated":true}]}}