{"id":2556,"date":"2020-10-24T05:23:22","date_gmt":"2020-10-24T03:23:22","guid":{"rendered":"https:\/\/radioleinewelle.de\/?p=2556"},"modified":"2020-10-24T05:23:22","modified_gmt":"2020-10-24T03:23:22","slug":"goslarer-zivilcouragekampagne-gzk-zeichnet-schirmherren-boris-pistorius-aus","status":"publish","type":"post","link":"https:\/\/radioleinewelle.de\/index.php\/2020\/10\/24\/goslarer-zivilcouragekampagne-gzk-zeichnet-schirmherren-boris-pistorius-aus\/","title":{"rendered":"Goslarer Zivilcouragekampagne GZK zeichnet Schirmherren Boris Pistorius  aus"},"content":{"rendered":"<p>Der Nieders\u00e4chsische Minister f\u00fcr Inneres und Sport, Boris Pistorius, ist mit dem mit dem \u201eZivilcourageleuchtturm\u201c der Goslarer Zivilcouragekampagne (GZK) ausgezeichnet worden. Der Landesvorsitzende Rainer Bruckert und der Goslarer Au\u00dfenstellenleiter G\u00fcnter Koschig vom Wei\u00dfen Ring \u00fcbergaben die Auszeichnung an den Minister. Anl\u00e4sslich des 10j\u00e4hrigen Wirkens der Goslarer Zivilcouragekampagne (GZK) dankten beide dem Minister f\u00fcr dessen langj\u00e4hrige Schirmherrschaft und zeichneten ihn daf\u00fcr mit dem \u201eZivilcourageleuchtturm\u201c aus.<\/p>\n<p>Pistorius zu der Auszeichnung: \u201e\u00dcber diese besondere Auszeichnung freue ich mich sehr. Ich nehme insbesondere als Schirmherr seit Jahren die ausdauernde und wertvolle Arbeit der GZK wohltuend wahr. Die Kampagne sorgt durch vielf\u00e4ltige Aktionen und mit vielen Partnern daf\u00fcr, dass uns allen der gesellschaftliche Mehrwert von uneigenn\u00fctzigem und im wahrsten Sinne couragiertem Handeln immer wieder vor Augen gef\u00fchrt wird. Darum bedanke ich mich gerne, vor allem bei Herrn Koschig, f\u00fcr diesen Preis. Aber noch viel mehr bedanke ich mich bei ihm f\u00fcr die wertvolle Arbeit, die er mit seinem Team schon seit \u00fcber einem Jahrzehnt leistet.\u201c<\/p>\n<p>Neben der Auszeichnung wurde Minister Pistorius auch eine Ausgabe der Goslarer Zivilcouragechroniken \u00fcbergeben. Die Chroniken wurden anl\u00e4sslich des 10-j\u00e4hrigen Jubil\u00e4ums des GZK erstellt. Minister Pistorius lobte die aktuellen bundesweiten Plakataustellungen und Postkartenaktionen der GZK, f\u00fcr die er auch selbst neben \u00fcber 100 weiteren Personen Model stand.<\/p>\n<p>Der Initiator und Projektleiter Koschig beschreibt den \u201eZivilcourageleuchtturm\u201c als Symbol f\u00fcr alle Zivilcouragehelden, w\u00e4hrend der Landesvorsitzende Bruckert zum Hinsehen und Handeln bei Gefahr und Unrecht auffordert.<\/p>\n<p>Die urspr\u00fcnglich mit Minister Pistorius und Landrat Thomas Brych f\u00fcr den 28.10.2020 geplante Festveranstaltung \u201e10 Jahre GZK &#8211; Hinsehen, Handeln, Helfen, 110 w\u00e4hlen\u201c, wird aufgrund der andauernden COVID-19-Pandemie auf den 5. Oktober 2021 im Goslarer Landkreisgeb\u00e4ude verschoben.<\/p>\n<p>Weitere Informationen zur GZK erhalten Sie unter <a href=\"http:\/\/www.zivilcourage-goslar.de\/\">www.zivilcourage-goslar.de<\/a>.<\/p>\n","protected":false},"excerpt":{"rendered":"<p>Der Nieders\u00e4chsische Minister f\u00fcr Inneres und Sport, Boris Pistorius, ist mit dem mit dem \u201eZivilcourageleuchtturm\u201c der Goslarer Zivilcouragekampagne (GZK) ausgezeichnet worden. Der Landesvorsitzende Rainer Bruckert und der Goslarer Au\u00dfenstellenleiter G\u00fcnter Koschig vom Wei\u00dfen Ring \u00fcbergaben die Auszeichnung an den Minister. Anl\u00e4sslich des 10j\u00e4hrigen Wirkens der Goslarer Zivilcouragekampagne (GZK) dankten beide dem Minister f\u00fcr dessen langj\u00e4hrige [&hellip;]<\/p>\n","protected":false},"author":1,"featured_media":0,"comment_status":"closed","ping_status":"closed","sticky":false,"template":"","format":"standard","meta":{"saved_in_kubio":false,"footnotes":""},"categories":[24],"tags":[],"class_list":["post-2556","post","type-post","status-publish","format-standard","hentry","category-news"],"yoast_head":"<!-- This site is optimized with the Yoast SEO plugin v27.5 - https:\/\/yoast.com\/product\/yoast-seo-wordpress\/ -->\n<title>Goslarer Zivilcouragekampagne GZK zeichnet Schirmherren Boris Pistorius aus - Radio Leinewelle<\/title>\n<meta name=\"robots\" content=\"index, follow, max-snippet:-1, max-image-preview:large, max-video-preview:-1\" \/>\n<link rel=\"canonical\" href=\"https:\/\/radioleinewelle.de\/index.php\/2020\/10\/24\/goslarer-zivilcouragekampagne-gzk-zeichnet-schirmherren-boris-pistorius-aus\/\" \/>\n<meta property=\"og:locale\" content=\"de_DE\" \/>\n<meta property=\"og:type\" content=\"article\" \/>\n<meta property=\"og:title\" content=\"Goslarer Zivilcouragekampagne GZK zeichnet Schirmherren Boris Pistorius aus - Radio Leinewelle\" \/>\n<meta property=\"og:description\" content=\"Der Nieders\u00e4chsische Minister f\u00fcr Inneres und Sport, Boris Pistorius, ist mit dem mit dem \u201eZivilcourageleuchtturm\u201c der Goslarer Zivilcouragekampagne (GZK) ausgezeichnet worden. Der Landesvorsitzende Rainer Bruckert und der Goslarer Au\u00dfenstellenleiter G\u00fcnter Koschig vom Wei\u00dfen Ring \u00fcbergaben die Auszeichnung an den Minister. Anl\u00e4sslich des 10j\u00e4hrigen Wirkens der Goslarer Zivilcouragekampagne (GZK) dankten beide dem Minister f\u00fcr dessen langj\u00e4hrige [&hellip;]\" \/>\n<meta property=\"og:url\" content=\"https:\/\/radioleinewelle.de\/index.php\/2020\/10\/24\/goslarer-zivilcouragekampagne-gzk-zeichnet-schirmherren-boris-pistorius-aus\/\" \/>\n<meta property=\"og:site_name\" content=\"Radio Leinewelle\" \/>\n<meta property=\"article:publisher\" content=\"https:\/\/www.facebook.com\/radioleinewelle\" \/>\n<meta property=\"article:author\" content=\"https:\/\/www.facebook.com\/radioleinewelle\" \/>\n<meta property=\"article:published_time\" content=\"2020-10-24T03:23:22+00:00\" \/>\n<meta name=\"author\" content=\"Leinewelle\" \/>\n<meta name=\"twitter:card\" content=\"summary_large_image\" \/>\n<meta name=\"twitter:creator\" content=\"@https:\/\/twitter.com\/RLeinewelle?ref_src=twsrcgoogletwcampserptwgrauthor\" \/>\n<meta name=\"twitter:site\" content=\"@RLeinewelle\" \/>\n<meta name=\"twitter:label1\" content=\"Verfasst von\" \/>\n\t<meta name=\"twitter:data1\" content=\"Leinewelle\" \/>\n\t<meta name=\"twitter:label2\" content=\"Gesch\u00e4tzte Lesezeit\" \/>\n\t<meta name=\"twitter:data2\" content=\"2\u00a0Minuten\" \/>\n<script type=\"application\/ld+json\" class=\"yoast-schema-graph\">{\"@context\":\"https:\\\/\\\/schema.org\",\"@graph\":[{\"@type\":\"Article\",\"@id\":\"https:\\\/\\\/radioleinewelle.de\\\/index.php\\\/2020\\\/10\\\/24\\\/goslarer-zivilcouragekampagne-gzk-zeichnet-schirmherren-boris-pistorius-aus\\\/#article\",\"isPartOf\":{\"@id\":\"https:\\\/\\\/radioleinewelle.de\\\/index.php\\\/2020\\\/10\\\/24\\\/goslarer-zivilcouragekampagne-gzk-zeichnet-schirmherren-boris-pistorius-aus\\\/\"},\"author\":{\"name\":\"Leinewelle\",\"@id\":\"https:\\\/\\\/radioleinewelle.de\\\/#\\\/schema\\\/person\\\/45606f348637df637192dc1b68399a63\"},\"headline\":\"Goslarer Zivilcouragekampagne GZK zeichnet Schirmherren Boris Pistorius aus\",\"datePublished\":\"2020-10-24T03:23:22+00:00\",\"mainEntityOfPage\":{\"@id\":\"https:\\\/\\\/radioleinewelle.de\\\/index.php\\\/2020\\\/10\\\/24\\\/goslarer-zivilcouragekampagne-gzk-zeichnet-schirmherren-boris-pistorius-aus\\\/\"},\"wordCount\":308,\"publisher\":{\"@id\":\"https:\\\/\\\/radioleinewelle.de\\\/#organization\"},\"articleSection\":[\"Aktuelle Nachrichten\"],\"inLanguage\":\"de\"},{\"@type\":\"WebPage\",\"@id\":\"https:\\\/\\\/radioleinewelle.de\\\/index.php\\\/2020\\\/10\\\/24\\\/goslarer-zivilcouragekampagne-gzk-zeichnet-schirmherren-boris-pistorius-aus\\\/\",\"url\":\"https:\\\/\\\/radioleinewelle.de\\\/index.php\\\/2020\\\/10\\\/24\\\/goslarer-zivilcouragekampagne-gzk-zeichnet-schirmherren-boris-pistorius-aus\\\/\",\"name\":\"Goslarer Zivilcouragekampagne GZK zeichnet Schirmherren Boris Pistorius aus - Radio Leinewelle\",\"isPartOf\":{\"@id\":\"https:\\\/\\\/radioleinewelle.de\\\/#website\"},\"datePublished\":\"2020-10-24T03:23:22+00:00\",\"breadcrumb\":{\"@id\":\"https:\\\/\\\/radioleinewelle.de\\\/index.php\\\/2020\\\/10\\\/24\\\/goslarer-zivilcouragekampagne-gzk-zeichnet-schirmherren-boris-pistorius-aus\\\/#breadcrumb\"},\"inLanguage\":\"de\",\"potentialAction\":[{\"@type\":\"ReadAction\",\"target\":[\"https:\\\/\\\/radioleinewelle.de\\\/index.php\\\/2020\\\/10\\\/24\\\/goslarer-zivilcouragekampagne-gzk-zeichnet-schirmherren-boris-pistorius-aus\\\/\"]}]},{\"@type\":\"BreadcrumbList\",\"@id\":\"https:\\\/\\\/radioleinewelle.de\\\/index.php\\\/2020\\\/10\\\/24\\\/goslarer-zivilcouragekampagne-gzk-zeichnet-schirmherren-boris-pistorius-aus\\\/#breadcrumb\",\"itemListElement\":[{\"@type\":\"ListItem\",\"position\":1,\"name\":\"Startseite\",\"item\":\"https:\\\/\\\/radioleinewelle.de\\\/\"},{\"@type\":\"ListItem\",\"position\":2,\"name\":\"Goslarer Zivilcouragekampagne GZK zeichnet Schirmherren Boris Pistorius aus\"}]},{\"@type\":\"WebSite\",\"@id\":\"https:\\\/\\\/radioleinewelle.de\\\/#website\",\"url\":\"https:\\\/\\\/radioleinewelle.de\\\/\",\"name\":\"Radio Leinewelle\",\"description\":\"\",\"publisher\":{\"@id\":\"https:\\\/\\\/radioleinewelle.de\\\/#organization\"},\"potentialAction\":[{\"@type\":\"SearchAction\",\"target\":{\"@type\":\"EntryPoint\",\"urlTemplate\":\"https:\\\/\\\/radioleinewelle.de\\\/?s={search_term_string}\"},\"query-input\":{\"@type\":\"PropertyValueSpecification\",\"valueRequired\":true,\"valueName\":\"search_term_string\"}}],\"inLanguage\":\"de\"},{\"@type\":\"Organization\",\"@id\":\"https:\\\/\\\/radioleinewelle.de\\\/#organization\",\"name\":\"Radio Leinewelle\",\"alternateName\":\"Mein Radio f\u00fcr S\u00fcdniedersachsen\",\"url\":\"https:\\\/\\\/radioleinewelle.de\\\/\",\"logo\":{\"@type\":\"ImageObject\",\"inLanguage\":\"de\",\"@id\":\"https:\\\/\\\/radioleinewelle.de\\\/#\\\/schema\\\/logo\\\/image\\\/\",\"url\":\"https:\\\/\\\/radioleinewelle.de\\\/wp-content\\\/uploads\\\/2023\\\/11\\\/cropped-Leinewelle_Logo_weiss.png\",\"contentUrl\":\"https:\\\/\\\/radioleinewelle.de\\\/wp-content\\\/uploads\\\/2023\\\/11\\\/cropped-Leinewelle_Logo_weiss.png\",\"width\":854,\"height\":260,\"caption\":\"Radio Leinewelle\"},\"image\":{\"@id\":\"https:\\\/\\\/radioleinewelle.de\\\/#\\\/schema\\\/logo\\\/image\\\/\"},\"sameAs\":[\"https:\\\/\\\/www.facebook.com\\\/radioleinewelle\",\"https:\\\/\\\/x.com\\\/RLeinewelle\",\"https:\\\/\\\/www.instagram.com\\\/radioleinewelle\\\/?hl=de\"]},{\"@type\":\"Person\",\"@id\":\"https:\\\/\\\/radioleinewelle.de\\\/#\\\/schema\\\/person\\\/45606f348637df637192dc1b68399a63\",\"name\":\"Leinewelle\",\"image\":{\"@type\":\"ImageObject\",\"inLanguage\":\"de\",\"@id\":\"https:\\\/\\\/secure.gravatar.com\\\/avatar\\\/05c9a17bc973052ee5d91549bd32fb4dd0dc85b7b85ae94b2e2b4943476bbea5?s=96&d=blank&r=g\",\"url\":\"https:\\\/\\\/secure.gravatar.com\\\/avatar\\\/05c9a17bc973052ee5d91549bd32fb4dd0dc85b7b85ae94b2e2b4943476bbea5?s=96&d=blank&r=g\",\"contentUrl\":\"https:\\\/\\\/secure.gravatar.com\\\/avatar\\\/05c9a17bc973052ee5d91549bd32fb4dd0dc85b7b85ae94b2e2b4943476bbea5?s=96&d=blank&r=g\",\"caption\":\"Leinewelle\"},\"sameAs\":[\"http:\\\/\\\/localhost\\\/radio%20leinewelle\\\/wordpress\",\"https:\\\/\\\/www.facebook.com\\\/radioleinewelle\",\"https:\\\/\\\/www.instagram.com\\\/radioleinewelle\",\"https:\\\/\\\/x.com\\\/https:\\\/\\\/twitter.com\\\/RLeinewelle?ref_src=twsrcgoogletwcampserptwgrauthor\",\"https:\\\/\\\/soundcloud.com\\\/foerderverein-lokalradio?utm_source=clipboard&utm_medium=text&utm_campaign=social_sharing\"],\"url\":\"https:\\\/\\\/radioleinewelle.de\\\/index.php\\\/author\\\/leinewelle\\\/\"}]}<\/script>\n<!-- \/ Yoast SEO plugin. -->","yoast_head_json":{"title":"Goslarer Zivilcouragekampagne GZK zeichnet Schirmherren Boris Pistorius aus - Radio Leinewelle","robots":{"index":"index","follow":"follow","max-snippet":"max-snippet:-1","max-image-preview":"max-image-preview:large","max-video-preview":"max-video-preview:-1"},"canonical":"https:\/\/radioleinewelle.de\/index.php\/2020\/10\/24\/goslarer-zivilcouragekampagne-gzk-zeichnet-schirmherren-boris-pistorius-aus\/","og_locale":"de_DE","og_type":"article","og_title":"Goslarer Zivilcouragekampagne GZK zeichnet Schirmherren Boris Pistorius aus - Radio Leinewelle","og_description":"Der Nieders\u00e4chsische Minister f\u00fcr Inneres und Sport, Boris Pistorius, ist mit dem mit dem \u201eZivilcourageleuchtturm\u201c der Goslarer Zivilcouragekampagne (GZK) ausgezeichnet worden. Der Landesvorsitzende Rainer Bruckert und der Goslarer Au\u00dfenstellenleiter G\u00fcnter Koschig vom Wei\u00dfen Ring \u00fcbergaben die Auszeichnung an den Minister. Anl\u00e4sslich des 10j\u00e4hrigen Wirkens der Goslarer Zivilcouragekampagne (GZK) dankten beide dem Minister f\u00fcr dessen langj\u00e4hrige [&hellip;]","og_url":"https:\/\/radioleinewelle.de\/index.php\/2020\/10\/24\/goslarer-zivilcouragekampagne-gzk-zeichnet-schirmherren-boris-pistorius-aus\/","og_site_name":"Radio Leinewelle","article_publisher":"https:\/\/www.facebook.com\/radioleinewelle","article_author":"https:\/\/www.facebook.com\/radioleinewelle","article_published_time":"2020-10-24T03:23:22+00:00","author":"Leinewelle","twitter_card":"summary_large_image","twitter_creator":"@https:\/\/twitter.com\/RLeinewelle?ref_src=twsrcgoogletwcampserptwgrauthor","twitter_site":"@RLeinewelle","twitter_misc":{"Verfasst von":"Leinewelle","Gesch\u00e4tzte Lesezeit":"2\u00a0Minuten"},"schema":{"@context":"https:\/\/schema.org","@graph":[{"@type":"Article","@id":"https:\/\/radioleinewelle.de\/index.php\/2020\/10\/24\/goslarer-zivilcouragekampagne-gzk-zeichnet-schirmherren-boris-pistorius-aus\/#article","isPartOf":{"@id":"https:\/\/radioleinewelle.de\/index.php\/2020\/10\/24\/goslarer-zivilcouragekampagne-gzk-zeichnet-schirmherren-boris-pistorius-aus\/"},"author":{"name":"Leinewelle","@id":"https:\/\/radioleinewelle.de\/#\/schema\/person\/45606f348637df637192dc1b68399a63"},"headline":"Goslarer Zivilcouragekampagne GZK zeichnet Schirmherren Boris Pistorius aus","datePublished":"2020-10-24T03:23:22+00:00","mainEntityOfPage":{"@id":"https:\/\/radioleinewelle.de\/index.php\/2020\/10\/24\/goslarer-zivilcouragekampagne-gzk-zeichnet-schirmherren-boris-pistorius-aus\/"},"wordCount":308,"publisher":{"@id":"https:\/\/radioleinewelle.de\/#organization"},"articleSection":["Aktuelle Nachrichten"],"inLanguage":"de"},{"@type":"WebPage","@id":"https:\/\/radioleinewelle.de\/index.php\/2020\/10\/24\/goslarer-zivilcouragekampagne-gzk-zeichnet-schirmherren-boris-pistorius-aus\/","url":"https:\/\/radioleinewelle.de\/index.php\/2020\/10\/24\/goslarer-zivilcouragekampagne-gzk-zeichnet-schirmherren-boris-pistorius-aus\/","name":"Goslarer Zivilcouragekampagne GZK zeichnet Schirmherren Boris Pistorius aus - Radio Leinewelle","isPartOf":{"@id":"https:\/\/radioleinewelle.de\/#website"},"datePublished":"2020-10-24T03:23:22+00:00","breadcrumb":{"@id":"https:\/\/radioleinewelle.de\/index.php\/2020\/10\/24\/goslarer-zivilcouragekampagne-gzk-zeichnet-schirmherren-boris-pistorius-aus\/#breadcrumb"},"inLanguage":"de","potentialAction":[{"@type":"ReadAction","target":["https:\/\/radioleinewelle.de\/index.php\/2020\/10\/24\/goslarer-zivilcouragekampagne-gzk-zeichnet-schirmherren-boris-pistorius-aus\/"]}]},{"@type":"BreadcrumbList","@id":"https:\/\/radioleinewelle.de\/index.php\/2020\/10\/24\/goslarer-zivilcouragekampagne-gzk-zeichnet-schirmherren-boris-pistorius-aus\/#breadcrumb","itemListElement":[{"@type":"ListItem","position":1,"name":"Startseite","item":"https:\/\/radioleinewelle.de\/"},{"@type":"ListItem","position":2,"name":"Goslarer Zivilcouragekampagne GZK zeichnet Schirmherren Boris Pistorius aus"}]},{"@type":"WebSite","@id":"https:\/\/radioleinewelle.de\/#website","url":"https:\/\/radioleinewelle.de\/","name":"Radio Leinewelle","description":"","publisher":{"@id":"https:\/\/radioleinewelle.de\/#organization"},"potentialAction":[{"@type":"SearchAction","target":{"@type":"EntryPoint","urlTemplate":"https:\/\/radioleinewelle.de\/?s={search_term_string}"},"query-input":{"@type":"PropertyValueSpecification","valueRequired":true,"valueName":"search_term_string"}}],"inLanguage":"de"},{"@type":"Organization","@id":"https:\/\/radioleinewelle.de\/#organization","name":"Radio Leinewelle","alternateName":"Mein Radio f\u00fcr S\u00fcdniedersachsen","url":"https:\/\/radioleinewelle.de\/","logo":{"@type":"ImageObject","inLanguage":"de","@id":"https:\/\/radioleinewelle.de\/#\/schema\/logo\/image\/","url":"https:\/\/radioleinewelle.de\/wp-content\/uploads\/2023\/11\/cropped-Leinewelle_Logo_weiss.png","contentUrl":"https:\/\/radioleinewelle.de\/wp-content\/uploads\/2023\/11\/cropped-Leinewelle_Logo_weiss.png","width":854,"height":260,"caption":"Radio Leinewelle"},"image":{"@id":"https:\/\/radioleinewelle.de\/#\/schema\/logo\/image\/"},"sameAs":["https:\/\/www.facebook.com\/radioleinewelle","https:\/\/x.com\/RLeinewelle","https:\/\/www.instagram.com\/radioleinewelle\/?hl=de"]},{"@type":"Person","@id":"https:\/\/radioleinewelle.de\/#\/schema\/person\/45606f348637df637192dc1b68399a63","name":"Leinewelle","image":{"@type":"ImageObject","inLanguage":"de","@id":"https:\/\/secure.gravatar.com\/avatar\/05c9a17bc973052ee5d91549bd32fb4dd0dc85b7b85ae94b2e2b4943476bbea5?s=96&d=blank&r=g","url":"https:\/\/secure.gravatar.com\/avatar\/05c9a17bc973052ee5d91549bd32fb4dd0dc85b7b85ae94b2e2b4943476bbea5?s=96&d=blank&r=g","contentUrl":"https:\/\/secure.gravatar.com\/avatar\/05c9a17bc973052ee5d91549bd32fb4dd0dc85b7b85ae94b2e2b4943476bbea5?s=96&d=blank&r=g","caption":"Leinewelle"},"sameAs":["http:\/\/localhost\/radio%20leinewelle\/wordpress","https:\/\/www.facebook.com\/radioleinewelle","https:\/\/www.instagram.com\/radioleinewelle","https:\/\/x.com\/https:\/\/twitter.com\/RLeinewelle?ref_src=twsrcgoogletwcampserptwgrauthor","https:\/\/soundcloud.com\/foerderverein-lokalradio?utm_source=clipboard&utm_medium=text&utm_campaign=social_sharing"],"url":"https:\/\/radioleinewelle.de\/index.php\/author\/leinewelle\/"}]}},"_links":{"self":[{"href":"https:\/\/radioleinewelle.de\/index.php\/wp-json\/wp\/v2\/posts\/2556","targetHints":{"allow":["GET"]}}],"collection":[{"href":"https:\/\/radioleinewelle.de\/index.php\/wp-json\/wp\/v2\/posts"}],"about":[{"href":"https:\/\/radioleinewelle.de\/index.php\/wp-json\/wp\/v2\/types\/post"}],"author":[{"embeddable":true,"href":"https:\/\/radioleinewelle.de\/index.php\/wp-json\/wp\/v2\/users\/1"}],"replies":[{"embeddable":true,"href":"https:\/\/radioleinewelle.de\/index.php\/wp-json\/wp\/v2\/comments?post=2556"}],"version-history":[{"count":0,"href":"https:\/\/radioleinewelle.de\/index.php\/wp-json\/wp\/v2\/posts\/2556\/revisions"}],"wp:attachment":[{"href":"https:\/\/radioleinewelle.de\/index.php\/wp-json\/wp\/v2\/media?parent=2556"}],"wp:term":[{"taxonomy":"category","embeddable":true,"href":"https:\/\/radioleinewelle.de\/index.php\/wp-json\/wp\/v2\/categories?post=2556"},{"taxonomy":"post_tag","embeddable":true,"href":"https:\/\/radioleinewelle.de\/index.php\/wp-json\/wp\/v2\/tags?post=2556"}],"curies":[{"name":"wp","href":"https:\/\/api.w.org\/{rel}","templated":true}]}}