{"id":25564,"date":"2024-05-26T13:42:10","date_gmt":"2024-05-26T11:42:10","guid":{"rendered":"https:\/\/radioleinewelle.de\/?p=25564"},"modified":"2024-05-26T13:42:12","modified_gmt":"2024-05-26T11:42:12","slug":"gruenen-politikerin-am-wahlkampfstand-angegriffen","status":"publish","type":"post","link":"https:\/\/radioleinewelle.de\/index.php\/2024\/05\/26\/gruenen-politikerin-am-wahlkampfstand-angegriffen\/","title":{"rendered":"Gr\u00fcnen Politikerin am Wahlkampfstand angegriffen"},"content":{"rendered":"\n<p>Am vergangenen Samstag ist die Landtagsabgeordnete der Gr\u00fcnen Marie Kollenrott k\u00f6rperlich an einem Wahlkampfstand vor dem Alten Rathaus angegriffen worden.<\/p>\n\n\n\n<p>Nach Angaben der G\u00f6ttinger Polizei ereignete sich der  Zwischenfall im Rahmen einer Wahlkampfveranstaltung in der zu diesem Zeitpunkt belebten Fu\u00dfg\u00e4ngerzone in der N\u00e4he des Alten Rathauses. Die Politikerin erlitt bei dem \u00dcbergriff leichte Verletzungen an den Armen. Die Polizei konnte den mutma\u00dflichen Angreifer nur kurz danach noch in Tatortn\u00e4he ergreifen. Der 66 Jahre alte G\u00f6ttinger wurde nach Abschluss der polizeilichen Ma\u00dfnahmen und Identit\u00e4tsfeststellung vor Ort entlassen. Das Staatschutzkommissariat hat die weiteren Ermittlungen gegen ihn u. a. wegen K\u00f6rperverletzung \u00fcbernommen.<\/p>\n\n\n\n<p>Den ersten Erkenntnissen zufolge hatte sich der G\u00f6ttinger zuvor in H\u00f6he des Wahlkampfstandes abf\u00e4llig \u00fcber die Partei &#8222;Die Gr\u00fcnen&#8220; ge\u00e4u\u00dfert. Es entwickelte sich eine kurze politische Diskussion mit dem sp\u00e4teren Opfer, in deren Verlauf der Mann pl\u00f6tzlich auf die Politikerin zuging und ihr mehrfach gegen den Oberk\u00f6rper schlug. Anschlie\u00dfend entfernte er sich. <\/p>\n\n\n\n<p>Die Landtagsabgeordnete und ein Zeuge nahmen die Verfolgung auf und alarmierten die Polizei. Beamte konnten den mutma\u00dflichen Angreifer nur kurz danach im Bereich Groner Stra\u00dfe\/Zindelstra\u00dfe stellen.<\/p>\n\n\n\n<p>Die weiteren Ermittlungen dauern an.<\/p>\n\n\n\n<p><strong>Foto: <\/strong> Marie Kollenrott \u00a9Die Gr\u00fcnen G\u00f6ttingen<\/p>\n","protected":false},"excerpt":{"rendered":"<p>Am vergangenen Samstag ist die Landtagsabgeordnete der Gr\u00fcnen Marie Kollenrott k\u00f6rperlich an einem Wahlkampfstand vor dem Alten Rathaus angegriffen worden. Nach Angaben der G\u00f6ttinger Polizei ereignete sich der Zwischenfall im Rahmen einer Wahlkampfveranstaltung in der zu diesem Zeitpunkt belebten Fu\u00dfg\u00e4ngerzone in der N\u00e4he des Alten Rathauses. Die Politikerin erlitt bei dem \u00dcbergriff leichte Verletzungen an [&hellip;]<\/p>\n","protected":false},"author":1,"featured_media":16717,"comment_status":"open","ping_status":"open","sticky":true,"template":"","format":"standard","meta":{"saved_in_kubio":false,"footnotes":""},"categories":[1],"tags":[],"class_list":["post-25564","post","type-post","status-publish","format-standard","has-post-thumbnail","hentry","category-allgemein"],"yoast_head":"<!-- This site is optimized with the Yoast SEO plugin v27.5 - https:\/\/yoast.com\/product\/yoast-seo-wordpress\/ -->\n<title>Gr\u00fcnen Politikerin am Wahlkampfstand angegriffen - Radio Leinewelle<\/title>\n<meta name=\"robots\" content=\"index, follow, max-snippet:-1, max-image-preview:large, max-video-preview:-1\" \/>\n<link rel=\"canonical\" href=\"https:\/\/radioleinewelle.de\/index.php\/2024\/05\/26\/gruenen-politikerin-am-wahlkampfstand-angegriffen\/\" \/>\n<meta property=\"og:locale\" content=\"de_DE\" \/>\n<meta property=\"og:type\" content=\"article\" \/>\n<meta property=\"og:title\" content=\"Gr\u00fcnen Politikerin am Wahlkampfstand angegriffen - Radio Leinewelle\" \/>\n<meta property=\"og:description\" content=\"Am vergangenen Samstag ist die Landtagsabgeordnete der Gr\u00fcnen Marie Kollenrott k\u00f6rperlich an einem Wahlkampfstand vor dem Alten Rathaus angegriffen worden. Nach Angaben der G\u00f6ttinger Polizei ereignete sich der Zwischenfall im Rahmen einer Wahlkampfveranstaltung in der zu diesem Zeitpunkt belebten Fu\u00dfg\u00e4ngerzone in der N\u00e4he des Alten Rathauses. Die Politikerin erlitt bei dem \u00dcbergriff leichte Verletzungen an [&hellip;]\" \/>\n<meta property=\"og:url\" content=\"https:\/\/radioleinewelle.de\/index.php\/2024\/05\/26\/gruenen-politikerin-am-wahlkampfstand-angegriffen\/\" \/>\n<meta property=\"og:site_name\" content=\"Radio Leinewelle\" \/>\n<meta property=\"article:publisher\" content=\"https:\/\/www.facebook.com\/radioleinewelle\" \/>\n<meta property=\"article:author\" content=\"https:\/\/www.facebook.com\/radioleinewelle\" \/>\n<meta property=\"article:published_time\" content=\"2024-05-26T11:42:10+00:00\" \/>\n<meta property=\"article:modified_time\" content=\"2024-05-26T11:42:12+00:00\" \/>\n<meta property=\"og:image\" content=\"https:\/\/radioleinewelle.de\/wp-content\/uploads\/2022\/11\/quer-Pressebild-Marie-Kollenrott-scaled-e1668583404596.jpg\" \/>\n\t<meta property=\"og:image:width\" content=\"600\" \/>\n\t<meta property=\"og:image:height\" content=\"400\" \/>\n\t<meta property=\"og:image:type\" content=\"image\/jpeg\" \/>\n<meta name=\"author\" content=\"Leinewelle\" \/>\n<meta name=\"twitter:card\" content=\"summary_large_image\" \/>\n<meta name=\"twitter:creator\" content=\"@https:\/\/twitter.com\/RLeinewelle?ref_src=twsrcgoogletwcampserptwgrauthor\" \/>\n<meta name=\"twitter:site\" content=\"@RLeinewelle\" \/>\n<meta name=\"twitter:label1\" content=\"Verfasst von\" \/>\n\t<meta name=\"twitter:data1\" content=\"Leinewelle\" \/>\n\t<meta name=\"twitter:label2\" content=\"Gesch\u00e4tzte Lesezeit\" \/>\n\t<meta name=\"twitter:data2\" content=\"2\u00a0Minuten\" \/>\n<script type=\"application\/ld+json\" class=\"yoast-schema-graph\">{\"@context\":\"https:\\\/\\\/schema.org\",\"@graph\":[{\"@type\":\"Article\",\"@id\":\"https:\\\/\\\/radioleinewelle.de\\\/index.php\\\/2024\\\/05\\\/26\\\/gruenen-politikerin-am-wahlkampfstand-angegriffen\\\/#article\",\"isPartOf\":{\"@id\":\"https:\\\/\\\/radioleinewelle.de\\\/index.php\\\/2024\\\/05\\\/26\\\/gruenen-politikerin-am-wahlkampfstand-angegriffen\\\/\"},\"author\":{\"name\":\"Leinewelle\",\"@id\":\"https:\\\/\\\/radioleinewelle.de\\\/#\\\/schema\\\/person\\\/45606f348637df637192dc1b68399a63\"},\"headline\":\"Gr\u00fcnen Politikerin am Wahlkampfstand angegriffen\",\"datePublished\":\"2024-05-26T11:42:10+00:00\",\"dateModified\":\"2024-05-26T11:42:12+00:00\",\"mainEntityOfPage\":{\"@id\":\"https:\\\/\\\/radioleinewelle.de\\\/index.php\\\/2024\\\/05\\\/26\\\/gruenen-politikerin-am-wahlkampfstand-angegriffen\\\/\"},\"wordCount\":221,\"commentCount\":0,\"publisher\":{\"@id\":\"https:\\\/\\\/radioleinewelle.de\\\/#organization\"},\"image\":{\"@id\":\"https:\\\/\\\/radioleinewelle.de\\\/index.php\\\/2024\\\/05\\\/26\\\/gruenen-politikerin-am-wahlkampfstand-angegriffen\\\/#primaryimage\"},\"thumbnailUrl\":\"https:\\\/\\\/radioleinewelle.de\\\/wp-content\\\/uploads\\\/2022\\\/11\\\/quer-Pressebild-Marie-Kollenrott-scaled-e1668583404596.jpg\",\"inLanguage\":\"de\",\"potentialAction\":[{\"@type\":\"CommentAction\",\"name\":\"Comment\",\"target\":[\"https:\\\/\\\/radioleinewelle.de\\\/index.php\\\/2024\\\/05\\\/26\\\/gruenen-politikerin-am-wahlkampfstand-angegriffen\\\/#respond\"]}]},{\"@type\":\"WebPage\",\"@id\":\"https:\\\/\\\/radioleinewelle.de\\\/index.php\\\/2024\\\/05\\\/26\\\/gruenen-politikerin-am-wahlkampfstand-angegriffen\\\/\",\"url\":\"https:\\\/\\\/radioleinewelle.de\\\/index.php\\\/2024\\\/05\\\/26\\\/gruenen-politikerin-am-wahlkampfstand-angegriffen\\\/\",\"name\":\"Gr\u00fcnen Politikerin am Wahlkampfstand angegriffen - Radio Leinewelle\",\"isPartOf\":{\"@id\":\"https:\\\/\\\/radioleinewelle.de\\\/#website\"},\"primaryImageOfPage\":{\"@id\":\"https:\\\/\\\/radioleinewelle.de\\\/index.php\\\/2024\\\/05\\\/26\\\/gruenen-politikerin-am-wahlkampfstand-angegriffen\\\/#primaryimage\"},\"image\":{\"@id\":\"https:\\\/\\\/radioleinewelle.de\\\/index.php\\\/2024\\\/05\\\/26\\\/gruenen-politikerin-am-wahlkampfstand-angegriffen\\\/#primaryimage\"},\"thumbnailUrl\":\"https:\\\/\\\/radioleinewelle.de\\\/wp-content\\\/uploads\\\/2022\\\/11\\\/quer-Pressebild-Marie-Kollenrott-scaled-e1668583404596.jpg\",\"datePublished\":\"2024-05-26T11:42:10+00:00\",\"dateModified\":\"2024-05-26T11:42:12+00:00\",\"breadcrumb\":{\"@id\":\"https:\\\/\\\/radioleinewelle.de\\\/index.php\\\/2024\\\/05\\\/26\\\/gruenen-politikerin-am-wahlkampfstand-angegriffen\\\/#breadcrumb\"},\"inLanguage\":\"de\",\"potentialAction\":[{\"@type\":\"ReadAction\",\"target\":[\"https:\\\/\\\/radioleinewelle.de\\\/index.php\\\/2024\\\/05\\\/26\\\/gruenen-politikerin-am-wahlkampfstand-angegriffen\\\/\"]}]},{\"@type\":\"ImageObject\",\"inLanguage\":\"de\",\"@id\":\"https:\\\/\\\/radioleinewelle.de\\\/index.php\\\/2024\\\/05\\\/26\\\/gruenen-politikerin-am-wahlkampfstand-angegriffen\\\/#primaryimage\",\"url\":\"https:\\\/\\\/radioleinewelle.de\\\/wp-content\\\/uploads\\\/2022\\\/11\\\/quer-Pressebild-Marie-Kollenrott-scaled-e1668583404596.jpg\",\"contentUrl\":\"https:\\\/\\\/radioleinewelle.de\\\/wp-content\\\/uploads\\\/2022\\\/11\\\/quer-Pressebild-Marie-Kollenrott-scaled-e1668583404596.jpg\",\"width\":600,\"height\":400},{\"@type\":\"BreadcrumbList\",\"@id\":\"https:\\\/\\\/radioleinewelle.de\\\/index.php\\\/2024\\\/05\\\/26\\\/gruenen-politikerin-am-wahlkampfstand-angegriffen\\\/#breadcrumb\",\"itemListElement\":[{\"@type\":\"ListItem\",\"position\":1,\"name\":\"Startseite\",\"item\":\"https:\\\/\\\/radioleinewelle.de\\\/\"},{\"@type\":\"ListItem\",\"position\":2,\"name\":\"Gr\u00fcnen Politikerin am Wahlkampfstand angegriffen\"}]},{\"@type\":\"WebSite\",\"@id\":\"https:\\\/\\\/radioleinewelle.de\\\/#website\",\"url\":\"https:\\\/\\\/radioleinewelle.de\\\/\",\"name\":\"Radio Leinewelle\",\"description\":\"\",\"publisher\":{\"@id\":\"https:\\\/\\\/radioleinewelle.de\\\/#organization\"},\"potentialAction\":[{\"@type\":\"SearchAction\",\"target\":{\"@type\":\"EntryPoint\",\"urlTemplate\":\"https:\\\/\\\/radioleinewelle.de\\\/?s={search_term_string}\"},\"query-input\":{\"@type\":\"PropertyValueSpecification\",\"valueRequired\":true,\"valueName\":\"search_term_string\"}}],\"inLanguage\":\"de\"},{\"@type\":\"Organization\",\"@id\":\"https:\\\/\\\/radioleinewelle.de\\\/#organization\",\"name\":\"Radio Leinewelle\",\"alternateName\":\"Mein Radio f\u00fcr S\u00fcdniedersachsen\",\"url\":\"https:\\\/\\\/radioleinewelle.de\\\/\",\"logo\":{\"@type\":\"ImageObject\",\"inLanguage\":\"de\",\"@id\":\"https:\\\/\\\/radioleinewelle.de\\\/#\\\/schema\\\/logo\\\/image\\\/\",\"url\":\"https:\\\/\\\/radioleinewelle.de\\\/wp-content\\\/uploads\\\/2023\\\/11\\\/cropped-Leinewelle_Logo_weiss.png\",\"contentUrl\":\"https:\\\/\\\/radioleinewelle.de\\\/wp-content\\\/uploads\\\/2023\\\/11\\\/cropped-Leinewelle_Logo_weiss.png\",\"width\":854,\"height\":260,\"caption\":\"Radio Leinewelle\"},\"image\":{\"@id\":\"https:\\\/\\\/radioleinewelle.de\\\/#\\\/schema\\\/logo\\\/image\\\/\"},\"sameAs\":[\"https:\\\/\\\/www.facebook.com\\\/radioleinewelle\",\"https:\\\/\\\/x.com\\\/RLeinewelle\",\"https:\\\/\\\/www.instagram.com\\\/radioleinewelle\\\/?hl=de\"]},{\"@type\":\"Person\",\"@id\":\"https:\\\/\\\/radioleinewelle.de\\\/#\\\/schema\\\/person\\\/45606f348637df637192dc1b68399a63\",\"name\":\"Leinewelle\",\"image\":{\"@type\":\"ImageObject\",\"inLanguage\":\"de\",\"@id\":\"https:\\\/\\\/secure.gravatar.com\\\/avatar\\\/05c9a17bc973052ee5d91549bd32fb4dd0dc85b7b85ae94b2e2b4943476bbea5?s=96&d=blank&r=g\",\"url\":\"https:\\\/\\\/secure.gravatar.com\\\/avatar\\\/05c9a17bc973052ee5d91549bd32fb4dd0dc85b7b85ae94b2e2b4943476bbea5?s=96&d=blank&r=g\",\"contentUrl\":\"https:\\\/\\\/secure.gravatar.com\\\/avatar\\\/05c9a17bc973052ee5d91549bd32fb4dd0dc85b7b85ae94b2e2b4943476bbea5?s=96&d=blank&r=g\",\"caption\":\"Leinewelle\"},\"sameAs\":[\"http:\\\/\\\/localhost\\\/radio%20leinewelle\\\/wordpress\",\"https:\\\/\\\/www.facebook.com\\\/radioleinewelle\",\"https:\\\/\\\/www.instagram.com\\\/radioleinewelle\",\"https:\\\/\\\/x.com\\\/https:\\\/\\\/twitter.com\\\/RLeinewelle?ref_src=twsrcgoogletwcampserptwgrauthor\",\"https:\\\/\\\/soundcloud.com\\\/foerderverein-lokalradio?utm_source=clipboard&utm_medium=text&utm_campaign=social_sharing\"],\"url\":\"https:\\\/\\\/radioleinewelle.de\\\/index.php\\\/author\\\/leinewelle\\\/\"}]}<\/script>\n<!-- \/ Yoast SEO plugin. -->","yoast_head_json":{"title":"Gr\u00fcnen Politikerin am Wahlkampfstand angegriffen - Radio Leinewelle","robots":{"index":"index","follow":"follow","max-snippet":"max-snippet:-1","max-image-preview":"max-image-preview:large","max-video-preview":"max-video-preview:-1"},"canonical":"https:\/\/radioleinewelle.de\/index.php\/2024\/05\/26\/gruenen-politikerin-am-wahlkampfstand-angegriffen\/","og_locale":"de_DE","og_type":"article","og_title":"Gr\u00fcnen Politikerin am Wahlkampfstand angegriffen - Radio Leinewelle","og_description":"Am vergangenen Samstag ist die Landtagsabgeordnete der Gr\u00fcnen Marie Kollenrott k\u00f6rperlich an einem Wahlkampfstand vor dem Alten Rathaus angegriffen worden. Nach Angaben der G\u00f6ttinger Polizei ereignete sich der Zwischenfall im Rahmen einer Wahlkampfveranstaltung in der zu diesem Zeitpunkt belebten Fu\u00dfg\u00e4ngerzone in der N\u00e4he des Alten Rathauses. Die Politikerin erlitt bei dem \u00dcbergriff leichte Verletzungen an [&hellip;]","og_url":"https:\/\/radioleinewelle.de\/index.php\/2024\/05\/26\/gruenen-politikerin-am-wahlkampfstand-angegriffen\/","og_site_name":"Radio Leinewelle","article_publisher":"https:\/\/www.facebook.com\/radioleinewelle","article_author":"https:\/\/www.facebook.com\/radioleinewelle","article_published_time":"2024-05-26T11:42:10+00:00","article_modified_time":"2024-05-26T11:42:12+00:00","og_image":[{"width":600,"height":400,"url":"https:\/\/radioleinewelle.de\/wp-content\/uploads\/2022\/11\/quer-Pressebild-Marie-Kollenrott-scaled-e1668583404596.jpg","type":"image\/jpeg"}],"author":"Leinewelle","twitter_card":"summary_large_image","twitter_creator":"@https:\/\/twitter.com\/RLeinewelle?ref_src=twsrcgoogletwcampserptwgrauthor","twitter_site":"@RLeinewelle","twitter_misc":{"Verfasst von":"Leinewelle","Gesch\u00e4tzte Lesezeit":"2\u00a0Minuten"},"schema":{"@context":"https:\/\/schema.org","@graph":[{"@type":"Article","@id":"https:\/\/radioleinewelle.de\/index.php\/2024\/05\/26\/gruenen-politikerin-am-wahlkampfstand-angegriffen\/#article","isPartOf":{"@id":"https:\/\/radioleinewelle.de\/index.php\/2024\/05\/26\/gruenen-politikerin-am-wahlkampfstand-angegriffen\/"},"author":{"name":"Leinewelle","@id":"https:\/\/radioleinewelle.de\/#\/schema\/person\/45606f348637df637192dc1b68399a63"},"headline":"Gr\u00fcnen Politikerin am Wahlkampfstand angegriffen","datePublished":"2024-05-26T11:42:10+00:00","dateModified":"2024-05-26T11:42:12+00:00","mainEntityOfPage":{"@id":"https:\/\/radioleinewelle.de\/index.php\/2024\/05\/26\/gruenen-politikerin-am-wahlkampfstand-angegriffen\/"},"wordCount":221,"commentCount":0,"publisher":{"@id":"https:\/\/radioleinewelle.de\/#organization"},"image":{"@id":"https:\/\/radioleinewelle.de\/index.php\/2024\/05\/26\/gruenen-politikerin-am-wahlkampfstand-angegriffen\/#primaryimage"},"thumbnailUrl":"https:\/\/radioleinewelle.de\/wp-content\/uploads\/2022\/11\/quer-Pressebild-Marie-Kollenrott-scaled-e1668583404596.jpg","inLanguage":"de","potentialAction":[{"@type":"CommentAction","name":"Comment","target":["https:\/\/radioleinewelle.de\/index.php\/2024\/05\/26\/gruenen-politikerin-am-wahlkampfstand-angegriffen\/#respond"]}]},{"@type":"WebPage","@id":"https:\/\/radioleinewelle.de\/index.php\/2024\/05\/26\/gruenen-politikerin-am-wahlkampfstand-angegriffen\/","url":"https:\/\/radioleinewelle.de\/index.php\/2024\/05\/26\/gruenen-politikerin-am-wahlkampfstand-angegriffen\/","name":"Gr\u00fcnen Politikerin am Wahlkampfstand angegriffen - Radio Leinewelle","isPartOf":{"@id":"https:\/\/radioleinewelle.de\/#website"},"primaryImageOfPage":{"@id":"https:\/\/radioleinewelle.de\/index.php\/2024\/05\/26\/gruenen-politikerin-am-wahlkampfstand-angegriffen\/#primaryimage"},"image":{"@id":"https:\/\/radioleinewelle.de\/index.php\/2024\/05\/26\/gruenen-politikerin-am-wahlkampfstand-angegriffen\/#primaryimage"},"thumbnailUrl":"https:\/\/radioleinewelle.de\/wp-content\/uploads\/2022\/11\/quer-Pressebild-Marie-Kollenrott-scaled-e1668583404596.jpg","datePublished":"2024-05-26T11:42:10+00:00","dateModified":"2024-05-26T11:42:12+00:00","breadcrumb":{"@id":"https:\/\/radioleinewelle.de\/index.php\/2024\/05\/26\/gruenen-politikerin-am-wahlkampfstand-angegriffen\/#breadcrumb"},"inLanguage":"de","potentialAction":[{"@type":"ReadAction","target":["https:\/\/radioleinewelle.de\/index.php\/2024\/05\/26\/gruenen-politikerin-am-wahlkampfstand-angegriffen\/"]}]},{"@type":"ImageObject","inLanguage":"de","@id":"https:\/\/radioleinewelle.de\/index.php\/2024\/05\/26\/gruenen-politikerin-am-wahlkampfstand-angegriffen\/#primaryimage","url":"https:\/\/radioleinewelle.de\/wp-content\/uploads\/2022\/11\/quer-Pressebild-Marie-Kollenrott-scaled-e1668583404596.jpg","contentUrl":"https:\/\/radioleinewelle.de\/wp-content\/uploads\/2022\/11\/quer-Pressebild-Marie-Kollenrott-scaled-e1668583404596.jpg","width":600,"height":400},{"@type":"BreadcrumbList","@id":"https:\/\/radioleinewelle.de\/index.php\/2024\/05\/26\/gruenen-politikerin-am-wahlkampfstand-angegriffen\/#breadcrumb","itemListElement":[{"@type":"ListItem","position":1,"name":"Startseite","item":"https:\/\/radioleinewelle.de\/"},{"@type":"ListItem","position":2,"name":"Gr\u00fcnen Politikerin am Wahlkampfstand angegriffen"}]},{"@type":"WebSite","@id":"https:\/\/radioleinewelle.de\/#website","url":"https:\/\/radioleinewelle.de\/","name":"Radio Leinewelle","description":"","publisher":{"@id":"https:\/\/radioleinewelle.de\/#organization"},"potentialAction":[{"@type":"SearchAction","target":{"@type":"EntryPoint","urlTemplate":"https:\/\/radioleinewelle.de\/?s={search_term_string}"},"query-input":{"@type":"PropertyValueSpecification","valueRequired":true,"valueName":"search_term_string"}}],"inLanguage":"de"},{"@type":"Organization","@id":"https:\/\/radioleinewelle.de\/#organization","name":"Radio Leinewelle","alternateName":"Mein Radio f\u00fcr S\u00fcdniedersachsen","url":"https:\/\/radioleinewelle.de\/","logo":{"@type":"ImageObject","inLanguage":"de","@id":"https:\/\/radioleinewelle.de\/#\/schema\/logo\/image\/","url":"https:\/\/radioleinewelle.de\/wp-content\/uploads\/2023\/11\/cropped-Leinewelle_Logo_weiss.png","contentUrl":"https:\/\/radioleinewelle.de\/wp-content\/uploads\/2023\/11\/cropped-Leinewelle_Logo_weiss.png","width":854,"height":260,"caption":"Radio Leinewelle"},"image":{"@id":"https:\/\/radioleinewelle.de\/#\/schema\/logo\/image\/"},"sameAs":["https:\/\/www.facebook.com\/radioleinewelle","https:\/\/x.com\/RLeinewelle","https:\/\/www.instagram.com\/radioleinewelle\/?hl=de"]},{"@type":"Person","@id":"https:\/\/radioleinewelle.de\/#\/schema\/person\/45606f348637df637192dc1b68399a63","name":"Leinewelle","image":{"@type":"ImageObject","inLanguage":"de","@id":"https:\/\/secure.gravatar.com\/avatar\/05c9a17bc973052ee5d91549bd32fb4dd0dc85b7b85ae94b2e2b4943476bbea5?s=96&d=blank&r=g","url":"https:\/\/secure.gravatar.com\/avatar\/05c9a17bc973052ee5d91549bd32fb4dd0dc85b7b85ae94b2e2b4943476bbea5?s=96&d=blank&r=g","contentUrl":"https:\/\/secure.gravatar.com\/avatar\/05c9a17bc973052ee5d91549bd32fb4dd0dc85b7b85ae94b2e2b4943476bbea5?s=96&d=blank&r=g","caption":"Leinewelle"},"sameAs":["http:\/\/localhost\/radio%20leinewelle\/wordpress","https:\/\/www.facebook.com\/radioleinewelle","https:\/\/www.instagram.com\/radioleinewelle","https:\/\/x.com\/https:\/\/twitter.com\/RLeinewelle?ref_src=twsrcgoogletwcampserptwgrauthor","https:\/\/soundcloud.com\/foerderverein-lokalradio?utm_source=clipboard&utm_medium=text&utm_campaign=social_sharing"],"url":"https:\/\/radioleinewelle.de\/index.php\/author\/leinewelle\/"}]}},"_links":{"self":[{"href":"https:\/\/radioleinewelle.de\/index.php\/wp-json\/wp\/v2\/posts\/25564","targetHints":{"allow":["GET"]}}],"collection":[{"href":"https:\/\/radioleinewelle.de\/index.php\/wp-json\/wp\/v2\/posts"}],"about":[{"href":"https:\/\/radioleinewelle.de\/index.php\/wp-json\/wp\/v2\/types\/post"}],"author":[{"embeddable":true,"href":"https:\/\/radioleinewelle.de\/index.php\/wp-json\/wp\/v2\/users\/1"}],"replies":[{"embeddable":true,"href":"https:\/\/radioleinewelle.de\/index.php\/wp-json\/wp\/v2\/comments?post=25564"}],"version-history":[{"count":3,"href":"https:\/\/radioleinewelle.de\/index.php\/wp-json\/wp\/v2\/posts\/25564\/revisions"}],"predecessor-version":[{"id":25569,"href":"https:\/\/radioleinewelle.de\/index.php\/wp-json\/wp\/v2\/posts\/25564\/revisions\/25569"}],"wp:featuredmedia":[{"embeddable":true,"href":"https:\/\/radioleinewelle.de\/index.php\/wp-json\/wp\/v2\/media\/16717"}],"wp:attachment":[{"href":"https:\/\/radioleinewelle.de\/index.php\/wp-json\/wp\/v2\/media?parent=25564"}],"wp:term":[{"taxonomy":"category","embeddable":true,"href":"https:\/\/radioleinewelle.de\/index.php\/wp-json\/wp\/v2\/categories?post=25564"},{"taxonomy":"post_tag","embeddable":true,"href":"https:\/\/radioleinewelle.de\/index.php\/wp-json\/wp\/v2\/tags?post=25564"}],"curies":[{"name":"wp","href":"https:\/\/api.w.org\/{rel}","templated":true}]}}