{"id":25603,"date":"2024-06-07T10:41:59","date_gmt":"2024-06-07T08:41:59","guid":{"rendered":"https:\/\/radioleinewelle.de\/?p=25603"},"modified":"2024-06-07T10:42:00","modified_gmt":"2024-06-07T08:42:00","slug":"prof-heinrich-detering-zu-den-goettinger-radentscheiden","status":"publish","type":"post","link":"https:\/\/radioleinewelle.de\/index.php\/2024\/06\/07\/prof-heinrich-detering-zu-den-goettinger-radentscheiden\/","title":{"rendered":"Prof. Heinrich Detering zu den  G\u00f6ttinger Radentscheiden"},"content":{"rendered":"\n<p>Am Wochenende wird gew\u00e4hlt. Nicht nur die Neuaufstellung des Europaparlaments steht zur Wahl, die G\u00f6ttinger*innen entscheiden auch in zwei B\u00fcrgerbegehren \u00fcber den weiteren Ausbau der Radweg-Infrastruktur in der Stadt. Viel ist in den letzten Wochen dar\u00fcber gestritten worden (wir berichteten), eine Diskussionsveranstaltung des G\u00f6ttinger Tageblatts im Deutschen Theater war komplett ausgebucht.  Heute Abend um ca. 17:35 Uhr bringt Radio Leinewelle als Dokumentation einen Podcast von G\u00f6ttingen Zero mit Prof. Heinrich Detering. Der angesehene Literaturwissenschaftler wurde in dieser Woche mit dem Nieders\u00e4chsischen Staatspreis ausgezeichnet. In dem Gespr\u00e4ch geht es neben den inhaltlichen Gr\u00fcnden der Radentscheide insbesondere um die Kommunikations- und Diskussionskultur im Zusammenhang mit den B\u00fcrgerbegehren.<\/p>\n\n\n\n<p><strong><a href=\"https:\/\/radentscheid-goe.de\/#\/podcast\">Noch mehr Podcasts zum Thema gibt es hier<\/a><\/strong><\/p>\n\n\n\n<p><strong>Foto:<\/strong> \u00a9Radio Leinewelle (ue)<\/p>\n","protected":false},"excerpt":{"rendered":"<p>Am Wochenende wird gew\u00e4hlt. Nicht nur die Neuaufstellung des Europaparlaments steht zur Wahl, die G\u00f6ttinger*innen entscheiden auch in zwei B\u00fcrgerbegehren \u00fcber den weiteren Ausbau der Radweg-Infrastruktur in der Stadt. Viel ist in den letzten Wochen dar\u00fcber gestritten worden (wir berichteten), eine Diskussionsveranstaltung des G\u00f6ttinger Tageblatts im Deutschen Theater war komplett ausgebucht. Heute Abend um ca. [&hellip;]<\/p>\n","protected":false},"author":1,"featured_media":25606,"comment_status":"open","ping_status":"open","sticky":true,"template":"","format":"standard","meta":{"saved_in_kubio":false,"footnotes":""},"categories":[31,3255,520,2499],"tags":[],"class_list":["post-25603","post","type-post","status-publish","format-standard","has-post-thumbnail","hentry","category-bauen-verkehr","category-ehrenamtliches-engagement","category-klimawandel","category-podcast"],"yoast_head":"<!-- This site is optimized with the Yoast SEO plugin v27.5 - https:\/\/yoast.com\/product\/yoast-seo-wordpress\/ -->\n<title>Prof. Heinrich Detering zu den G\u00f6ttinger Radentscheiden - Radio Leinewelle<\/title>\n<meta name=\"robots\" content=\"index, follow, max-snippet:-1, max-image-preview:large, max-video-preview:-1\" \/>\n<link rel=\"canonical\" href=\"https:\/\/radioleinewelle.de\/index.php\/2024\/06\/07\/prof-heinrich-detering-zu-den-goettinger-radentscheiden\/\" \/>\n<meta property=\"og:locale\" content=\"de_DE\" \/>\n<meta property=\"og:type\" content=\"article\" \/>\n<meta property=\"og:title\" content=\"Prof. Heinrich Detering zu den G\u00f6ttinger Radentscheiden - Radio Leinewelle\" \/>\n<meta property=\"og:description\" content=\"Am Wochenende wird gew\u00e4hlt. Nicht nur die Neuaufstellung des Europaparlaments steht zur Wahl, die G\u00f6ttinger*innen entscheiden auch in zwei B\u00fcrgerbegehren \u00fcber den weiteren Ausbau der Radweg-Infrastruktur in der Stadt. Viel ist in den letzten Wochen dar\u00fcber gestritten worden (wir berichteten), eine Diskussionsveranstaltung des G\u00f6ttinger Tageblatts im Deutschen Theater war komplett ausgebucht. Heute Abend um ca. [&hellip;]\" \/>\n<meta property=\"og:url\" content=\"https:\/\/radioleinewelle.de\/index.php\/2024\/06\/07\/prof-heinrich-detering-zu-den-goettinger-radentscheiden\/\" \/>\n<meta property=\"og:site_name\" content=\"Radio Leinewelle\" \/>\n<meta property=\"article:publisher\" content=\"https:\/\/www.facebook.com\/radioleinewelle\" \/>\n<meta property=\"article:author\" content=\"https:\/\/www.facebook.com\/radioleinewelle\" \/>\n<meta property=\"article:published_time\" content=\"2024-06-07T08:41:59+00:00\" \/>\n<meta property=\"article:modified_time\" content=\"2024-06-07T08:42:00+00:00\" \/>\n<meta property=\"og:image\" content=\"https:\/\/radioleinewelle.de\/wp-content\/uploads\/2024\/06\/Radentscheid-NR.jpg\" \/>\n\t<meta property=\"og:image:width\" content=\"2166\" \/>\n\t<meta property=\"og:image:height\" content=\"1935\" \/>\n\t<meta property=\"og:image:type\" content=\"image\/jpeg\" \/>\n<meta name=\"author\" content=\"Leinewelle\" \/>\n<meta name=\"twitter:card\" content=\"summary_large_image\" \/>\n<meta name=\"twitter:creator\" content=\"@https:\/\/twitter.com\/RLeinewelle?ref_src=twsrcgoogletwcampserptwgrauthor\" \/>\n<meta name=\"twitter:site\" content=\"@RLeinewelle\" \/>\n<meta name=\"twitter:label1\" content=\"Verfasst von\" \/>\n\t<meta name=\"twitter:data1\" content=\"Leinewelle\" \/>\n\t<meta name=\"twitter:label2\" content=\"Gesch\u00e4tzte Lesezeit\" \/>\n\t<meta name=\"twitter:data2\" content=\"1\u00a0Minute\" \/>\n<script type=\"application\/ld+json\" class=\"yoast-schema-graph\">{\"@context\":\"https:\\\/\\\/schema.org\",\"@graph\":[{\"@type\":\"Article\",\"@id\":\"https:\\\/\\\/radioleinewelle.de\\\/index.php\\\/2024\\\/06\\\/07\\\/prof-heinrich-detering-zu-den-goettinger-radentscheiden\\\/#article\",\"isPartOf\":{\"@id\":\"https:\\\/\\\/radioleinewelle.de\\\/index.php\\\/2024\\\/06\\\/07\\\/prof-heinrich-detering-zu-den-goettinger-radentscheiden\\\/\"},\"author\":{\"name\":\"Leinewelle\",\"@id\":\"https:\\\/\\\/radioleinewelle.de\\\/#\\\/schema\\\/person\\\/45606f348637df637192dc1b68399a63\"},\"headline\":\"Prof. Heinrich Detering zu den G\u00f6ttinger Radentscheiden\",\"datePublished\":\"2024-06-07T08:41:59+00:00\",\"dateModified\":\"2024-06-07T08:42:00+00:00\",\"mainEntityOfPage\":{\"@id\":\"https:\\\/\\\/radioleinewelle.de\\\/index.php\\\/2024\\\/06\\\/07\\\/prof-heinrich-detering-zu-den-goettinger-radentscheiden\\\/\"},\"wordCount\":135,\"commentCount\":0,\"publisher\":{\"@id\":\"https:\\\/\\\/radioleinewelle.de\\\/#organization\"},\"image\":{\"@id\":\"https:\\\/\\\/radioleinewelle.de\\\/index.php\\\/2024\\\/06\\\/07\\\/prof-heinrich-detering-zu-den-goettinger-radentscheiden\\\/#primaryimage\"},\"thumbnailUrl\":\"https:\\\/\\\/radioleinewelle.de\\\/wp-content\\\/uploads\\\/2024\\\/06\\\/Radentscheid-NR.jpg\",\"articleSection\":[\"Bauen &amp; Verkehr\",\"Ehrenamtliches Engagement\",\"Klimawandel\",\"Podcast\"],\"inLanguage\":\"de\",\"potentialAction\":[{\"@type\":\"CommentAction\",\"name\":\"Comment\",\"target\":[\"https:\\\/\\\/radioleinewelle.de\\\/index.php\\\/2024\\\/06\\\/07\\\/prof-heinrich-detering-zu-den-goettinger-radentscheiden\\\/#respond\"]}]},{\"@type\":\"WebPage\",\"@id\":\"https:\\\/\\\/radioleinewelle.de\\\/index.php\\\/2024\\\/06\\\/07\\\/prof-heinrich-detering-zu-den-goettinger-radentscheiden\\\/\",\"url\":\"https:\\\/\\\/radioleinewelle.de\\\/index.php\\\/2024\\\/06\\\/07\\\/prof-heinrich-detering-zu-den-goettinger-radentscheiden\\\/\",\"name\":\"Prof. Heinrich Detering zu den G\u00f6ttinger Radentscheiden - Radio Leinewelle\",\"isPartOf\":{\"@id\":\"https:\\\/\\\/radioleinewelle.de\\\/#website\"},\"primaryImageOfPage\":{\"@id\":\"https:\\\/\\\/radioleinewelle.de\\\/index.php\\\/2024\\\/06\\\/07\\\/prof-heinrich-detering-zu-den-goettinger-radentscheiden\\\/#primaryimage\"},\"image\":{\"@id\":\"https:\\\/\\\/radioleinewelle.de\\\/index.php\\\/2024\\\/06\\\/07\\\/prof-heinrich-detering-zu-den-goettinger-radentscheiden\\\/#primaryimage\"},\"thumbnailUrl\":\"https:\\\/\\\/radioleinewelle.de\\\/wp-content\\\/uploads\\\/2024\\\/06\\\/Radentscheid-NR.jpg\",\"datePublished\":\"2024-06-07T08:41:59+00:00\",\"dateModified\":\"2024-06-07T08:42:00+00:00\",\"breadcrumb\":{\"@id\":\"https:\\\/\\\/radioleinewelle.de\\\/index.php\\\/2024\\\/06\\\/07\\\/prof-heinrich-detering-zu-den-goettinger-radentscheiden\\\/#breadcrumb\"},\"inLanguage\":\"de\",\"potentialAction\":[{\"@type\":\"ReadAction\",\"target\":[\"https:\\\/\\\/radioleinewelle.de\\\/index.php\\\/2024\\\/06\\\/07\\\/prof-heinrich-detering-zu-den-goettinger-radentscheiden\\\/\"]}]},{\"@type\":\"ImageObject\",\"inLanguage\":\"de\",\"@id\":\"https:\\\/\\\/radioleinewelle.de\\\/index.php\\\/2024\\\/06\\\/07\\\/prof-heinrich-detering-zu-den-goettinger-radentscheiden\\\/#primaryimage\",\"url\":\"https:\\\/\\\/radioleinewelle.de\\\/wp-content\\\/uploads\\\/2024\\\/06\\\/Radentscheid-NR.jpg\",\"contentUrl\":\"https:\\\/\\\/radioleinewelle.de\\\/wp-content\\\/uploads\\\/2024\\\/06\\\/Radentscheid-NR.jpg\",\"width\":2166,\"height\":1935},{\"@type\":\"BreadcrumbList\",\"@id\":\"https:\\\/\\\/radioleinewelle.de\\\/index.php\\\/2024\\\/06\\\/07\\\/prof-heinrich-detering-zu-den-goettinger-radentscheiden\\\/#breadcrumb\",\"itemListElement\":[{\"@type\":\"ListItem\",\"position\":1,\"name\":\"Startseite\",\"item\":\"https:\\\/\\\/radioleinewelle.de\\\/\"},{\"@type\":\"ListItem\",\"position\":2,\"name\":\"Prof. Heinrich Detering zu den G\u00f6ttinger Radentscheiden\"}]},{\"@type\":\"WebSite\",\"@id\":\"https:\\\/\\\/radioleinewelle.de\\\/#website\",\"url\":\"https:\\\/\\\/radioleinewelle.de\\\/\",\"name\":\"Radio Leinewelle\",\"description\":\"\",\"publisher\":{\"@id\":\"https:\\\/\\\/radioleinewelle.de\\\/#organization\"},\"potentialAction\":[{\"@type\":\"SearchAction\",\"target\":{\"@type\":\"EntryPoint\",\"urlTemplate\":\"https:\\\/\\\/radioleinewelle.de\\\/?s={search_term_string}\"},\"query-input\":{\"@type\":\"PropertyValueSpecification\",\"valueRequired\":true,\"valueName\":\"search_term_string\"}}],\"inLanguage\":\"de\"},{\"@type\":\"Organization\",\"@id\":\"https:\\\/\\\/radioleinewelle.de\\\/#organization\",\"name\":\"Radio Leinewelle\",\"alternateName\":\"Mein Radio f\u00fcr S\u00fcdniedersachsen\",\"url\":\"https:\\\/\\\/radioleinewelle.de\\\/\",\"logo\":{\"@type\":\"ImageObject\",\"inLanguage\":\"de\",\"@id\":\"https:\\\/\\\/radioleinewelle.de\\\/#\\\/schema\\\/logo\\\/image\\\/\",\"url\":\"https:\\\/\\\/radioleinewelle.de\\\/wp-content\\\/uploads\\\/2023\\\/11\\\/cropped-Leinewelle_Logo_weiss.png\",\"contentUrl\":\"https:\\\/\\\/radioleinewelle.de\\\/wp-content\\\/uploads\\\/2023\\\/11\\\/cropped-Leinewelle_Logo_weiss.png\",\"width\":854,\"height\":260,\"caption\":\"Radio Leinewelle\"},\"image\":{\"@id\":\"https:\\\/\\\/radioleinewelle.de\\\/#\\\/schema\\\/logo\\\/image\\\/\"},\"sameAs\":[\"https:\\\/\\\/www.facebook.com\\\/radioleinewelle\",\"https:\\\/\\\/x.com\\\/RLeinewelle\",\"https:\\\/\\\/www.instagram.com\\\/radioleinewelle\\\/?hl=de\"]},{\"@type\":\"Person\",\"@id\":\"https:\\\/\\\/radioleinewelle.de\\\/#\\\/schema\\\/person\\\/45606f348637df637192dc1b68399a63\",\"name\":\"Leinewelle\",\"image\":{\"@type\":\"ImageObject\",\"inLanguage\":\"de\",\"@id\":\"https:\\\/\\\/secure.gravatar.com\\\/avatar\\\/05c9a17bc973052ee5d91549bd32fb4dd0dc85b7b85ae94b2e2b4943476bbea5?s=96&d=blank&r=g\",\"url\":\"https:\\\/\\\/secure.gravatar.com\\\/avatar\\\/05c9a17bc973052ee5d91549bd32fb4dd0dc85b7b85ae94b2e2b4943476bbea5?s=96&d=blank&r=g\",\"contentUrl\":\"https:\\\/\\\/secure.gravatar.com\\\/avatar\\\/05c9a17bc973052ee5d91549bd32fb4dd0dc85b7b85ae94b2e2b4943476bbea5?s=96&d=blank&r=g\",\"caption\":\"Leinewelle\"},\"sameAs\":[\"http:\\\/\\\/localhost\\\/radio%20leinewelle\\\/wordpress\",\"https:\\\/\\\/www.facebook.com\\\/radioleinewelle\",\"https:\\\/\\\/www.instagram.com\\\/radioleinewelle\",\"https:\\\/\\\/x.com\\\/https:\\\/\\\/twitter.com\\\/RLeinewelle?ref_src=twsrcgoogletwcampserptwgrauthor\",\"https:\\\/\\\/soundcloud.com\\\/foerderverein-lokalradio?utm_source=clipboard&utm_medium=text&utm_campaign=social_sharing\"],\"url\":\"https:\\\/\\\/radioleinewelle.de\\\/index.php\\\/author\\\/leinewelle\\\/\"}]}<\/script>\n<!-- \/ Yoast SEO plugin. -->","yoast_head_json":{"title":"Prof. Heinrich Detering zu den G\u00f6ttinger Radentscheiden - Radio Leinewelle","robots":{"index":"index","follow":"follow","max-snippet":"max-snippet:-1","max-image-preview":"max-image-preview:large","max-video-preview":"max-video-preview:-1"},"canonical":"https:\/\/radioleinewelle.de\/index.php\/2024\/06\/07\/prof-heinrich-detering-zu-den-goettinger-radentscheiden\/","og_locale":"de_DE","og_type":"article","og_title":"Prof. Heinrich Detering zu den G\u00f6ttinger Radentscheiden - Radio Leinewelle","og_description":"Am Wochenende wird gew\u00e4hlt. Nicht nur die Neuaufstellung des Europaparlaments steht zur Wahl, die G\u00f6ttinger*innen entscheiden auch in zwei B\u00fcrgerbegehren \u00fcber den weiteren Ausbau der Radweg-Infrastruktur in der Stadt. Viel ist in den letzten Wochen dar\u00fcber gestritten worden (wir berichteten), eine Diskussionsveranstaltung des G\u00f6ttinger Tageblatts im Deutschen Theater war komplett ausgebucht. Heute Abend um ca. [&hellip;]","og_url":"https:\/\/radioleinewelle.de\/index.php\/2024\/06\/07\/prof-heinrich-detering-zu-den-goettinger-radentscheiden\/","og_site_name":"Radio Leinewelle","article_publisher":"https:\/\/www.facebook.com\/radioleinewelle","article_author":"https:\/\/www.facebook.com\/radioleinewelle","article_published_time":"2024-06-07T08:41:59+00:00","article_modified_time":"2024-06-07T08:42:00+00:00","og_image":[{"width":2166,"height":1935,"url":"https:\/\/radioleinewelle.de\/wp-content\/uploads\/2024\/06\/Radentscheid-NR.jpg","type":"image\/jpeg"}],"author":"Leinewelle","twitter_card":"summary_large_image","twitter_creator":"@https:\/\/twitter.com\/RLeinewelle?ref_src=twsrcgoogletwcampserptwgrauthor","twitter_site":"@RLeinewelle","twitter_misc":{"Verfasst von":"Leinewelle","Gesch\u00e4tzte Lesezeit":"1\u00a0Minute"},"schema":{"@context":"https:\/\/schema.org","@graph":[{"@type":"Article","@id":"https:\/\/radioleinewelle.de\/index.php\/2024\/06\/07\/prof-heinrich-detering-zu-den-goettinger-radentscheiden\/#article","isPartOf":{"@id":"https:\/\/radioleinewelle.de\/index.php\/2024\/06\/07\/prof-heinrich-detering-zu-den-goettinger-radentscheiden\/"},"author":{"name":"Leinewelle","@id":"https:\/\/radioleinewelle.de\/#\/schema\/person\/45606f348637df637192dc1b68399a63"},"headline":"Prof. Heinrich Detering zu den G\u00f6ttinger Radentscheiden","datePublished":"2024-06-07T08:41:59+00:00","dateModified":"2024-06-07T08:42:00+00:00","mainEntityOfPage":{"@id":"https:\/\/radioleinewelle.de\/index.php\/2024\/06\/07\/prof-heinrich-detering-zu-den-goettinger-radentscheiden\/"},"wordCount":135,"commentCount":0,"publisher":{"@id":"https:\/\/radioleinewelle.de\/#organization"},"image":{"@id":"https:\/\/radioleinewelle.de\/index.php\/2024\/06\/07\/prof-heinrich-detering-zu-den-goettinger-radentscheiden\/#primaryimage"},"thumbnailUrl":"https:\/\/radioleinewelle.de\/wp-content\/uploads\/2024\/06\/Radentscheid-NR.jpg","articleSection":["Bauen &amp; Verkehr","Ehrenamtliches Engagement","Klimawandel","Podcast"],"inLanguage":"de","potentialAction":[{"@type":"CommentAction","name":"Comment","target":["https:\/\/radioleinewelle.de\/index.php\/2024\/06\/07\/prof-heinrich-detering-zu-den-goettinger-radentscheiden\/#respond"]}]},{"@type":"WebPage","@id":"https:\/\/radioleinewelle.de\/index.php\/2024\/06\/07\/prof-heinrich-detering-zu-den-goettinger-radentscheiden\/","url":"https:\/\/radioleinewelle.de\/index.php\/2024\/06\/07\/prof-heinrich-detering-zu-den-goettinger-radentscheiden\/","name":"Prof. Heinrich Detering zu den G\u00f6ttinger Radentscheiden - Radio Leinewelle","isPartOf":{"@id":"https:\/\/radioleinewelle.de\/#website"},"primaryImageOfPage":{"@id":"https:\/\/radioleinewelle.de\/index.php\/2024\/06\/07\/prof-heinrich-detering-zu-den-goettinger-radentscheiden\/#primaryimage"},"image":{"@id":"https:\/\/radioleinewelle.de\/index.php\/2024\/06\/07\/prof-heinrich-detering-zu-den-goettinger-radentscheiden\/#primaryimage"},"thumbnailUrl":"https:\/\/radioleinewelle.de\/wp-content\/uploads\/2024\/06\/Radentscheid-NR.jpg","datePublished":"2024-06-07T08:41:59+00:00","dateModified":"2024-06-07T08:42:00+00:00","breadcrumb":{"@id":"https:\/\/radioleinewelle.de\/index.php\/2024\/06\/07\/prof-heinrich-detering-zu-den-goettinger-radentscheiden\/#breadcrumb"},"inLanguage":"de","potentialAction":[{"@type":"ReadAction","target":["https:\/\/radioleinewelle.de\/index.php\/2024\/06\/07\/prof-heinrich-detering-zu-den-goettinger-radentscheiden\/"]}]},{"@type":"ImageObject","inLanguage":"de","@id":"https:\/\/radioleinewelle.de\/index.php\/2024\/06\/07\/prof-heinrich-detering-zu-den-goettinger-radentscheiden\/#primaryimage","url":"https:\/\/radioleinewelle.de\/wp-content\/uploads\/2024\/06\/Radentscheid-NR.jpg","contentUrl":"https:\/\/radioleinewelle.de\/wp-content\/uploads\/2024\/06\/Radentscheid-NR.jpg","width":2166,"height":1935},{"@type":"BreadcrumbList","@id":"https:\/\/radioleinewelle.de\/index.php\/2024\/06\/07\/prof-heinrich-detering-zu-den-goettinger-radentscheiden\/#breadcrumb","itemListElement":[{"@type":"ListItem","position":1,"name":"Startseite","item":"https:\/\/radioleinewelle.de\/"},{"@type":"ListItem","position":2,"name":"Prof. Heinrich Detering zu den G\u00f6ttinger Radentscheiden"}]},{"@type":"WebSite","@id":"https:\/\/radioleinewelle.de\/#website","url":"https:\/\/radioleinewelle.de\/","name":"Radio Leinewelle","description":"","publisher":{"@id":"https:\/\/radioleinewelle.de\/#organization"},"potentialAction":[{"@type":"SearchAction","target":{"@type":"EntryPoint","urlTemplate":"https:\/\/radioleinewelle.de\/?s={search_term_string}"},"query-input":{"@type":"PropertyValueSpecification","valueRequired":true,"valueName":"search_term_string"}}],"inLanguage":"de"},{"@type":"Organization","@id":"https:\/\/radioleinewelle.de\/#organization","name":"Radio Leinewelle","alternateName":"Mein Radio f\u00fcr S\u00fcdniedersachsen","url":"https:\/\/radioleinewelle.de\/","logo":{"@type":"ImageObject","inLanguage":"de","@id":"https:\/\/radioleinewelle.de\/#\/schema\/logo\/image\/","url":"https:\/\/radioleinewelle.de\/wp-content\/uploads\/2023\/11\/cropped-Leinewelle_Logo_weiss.png","contentUrl":"https:\/\/radioleinewelle.de\/wp-content\/uploads\/2023\/11\/cropped-Leinewelle_Logo_weiss.png","width":854,"height":260,"caption":"Radio Leinewelle"},"image":{"@id":"https:\/\/radioleinewelle.de\/#\/schema\/logo\/image\/"},"sameAs":["https:\/\/www.facebook.com\/radioleinewelle","https:\/\/x.com\/RLeinewelle","https:\/\/www.instagram.com\/radioleinewelle\/?hl=de"]},{"@type":"Person","@id":"https:\/\/radioleinewelle.de\/#\/schema\/person\/45606f348637df637192dc1b68399a63","name":"Leinewelle","image":{"@type":"ImageObject","inLanguage":"de","@id":"https:\/\/secure.gravatar.com\/avatar\/05c9a17bc973052ee5d91549bd32fb4dd0dc85b7b85ae94b2e2b4943476bbea5?s=96&d=blank&r=g","url":"https:\/\/secure.gravatar.com\/avatar\/05c9a17bc973052ee5d91549bd32fb4dd0dc85b7b85ae94b2e2b4943476bbea5?s=96&d=blank&r=g","contentUrl":"https:\/\/secure.gravatar.com\/avatar\/05c9a17bc973052ee5d91549bd32fb4dd0dc85b7b85ae94b2e2b4943476bbea5?s=96&d=blank&r=g","caption":"Leinewelle"},"sameAs":["http:\/\/localhost\/radio%20leinewelle\/wordpress","https:\/\/www.facebook.com\/radioleinewelle","https:\/\/www.instagram.com\/radioleinewelle","https:\/\/x.com\/https:\/\/twitter.com\/RLeinewelle?ref_src=twsrcgoogletwcampserptwgrauthor","https:\/\/soundcloud.com\/foerderverein-lokalradio?utm_source=clipboard&utm_medium=text&utm_campaign=social_sharing"],"url":"https:\/\/radioleinewelle.de\/index.php\/author\/leinewelle\/"}]}},"_links":{"self":[{"href":"https:\/\/radioleinewelle.de\/index.php\/wp-json\/wp\/v2\/posts\/25603","targetHints":{"allow":["GET"]}}],"collection":[{"href":"https:\/\/radioleinewelle.de\/index.php\/wp-json\/wp\/v2\/posts"}],"about":[{"href":"https:\/\/radioleinewelle.de\/index.php\/wp-json\/wp\/v2\/types\/post"}],"author":[{"embeddable":true,"href":"https:\/\/radioleinewelle.de\/index.php\/wp-json\/wp\/v2\/users\/1"}],"replies":[{"embeddable":true,"href":"https:\/\/radioleinewelle.de\/index.php\/wp-json\/wp\/v2\/comments?post=25603"}],"version-history":[{"count":8,"href":"https:\/\/radioleinewelle.de\/index.php\/wp-json\/wp\/v2\/posts\/25603\/revisions"}],"predecessor-version":[{"id":25613,"href":"https:\/\/radioleinewelle.de\/index.php\/wp-json\/wp\/v2\/posts\/25603\/revisions\/25613"}],"wp:featuredmedia":[{"embeddable":true,"href":"https:\/\/radioleinewelle.de\/index.php\/wp-json\/wp\/v2\/media\/25606"}],"wp:attachment":[{"href":"https:\/\/radioleinewelle.de\/index.php\/wp-json\/wp\/v2\/media?parent=25603"}],"wp:term":[{"taxonomy":"category","embeddable":true,"href":"https:\/\/radioleinewelle.de\/index.php\/wp-json\/wp\/v2\/categories?post=25603"},{"taxonomy":"post_tag","embeddable":true,"href":"https:\/\/radioleinewelle.de\/index.php\/wp-json\/wp\/v2\/tags?post=25603"}],"curies":[{"name":"wp","href":"https:\/\/api.w.org\/{rel}","templated":true}]}}