{"id":25616,"date":"2024-06-14T09:17:25","date_gmt":"2024-06-14T07:17:25","guid":{"rendered":"https:\/\/radioleinewelle.de\/?p=25616"},"modified":"2024-06-15T17:18:20","modified_gmt":"2024-06-15T15:18:20","slug":"sparkassenfiliale-in-der-umg-schliesst-nach-30-jahren-und-macht-platz-fuer-eine-neue-patientenaufnahme","status":"publish","type":"post","link":"https:\/\/radioleinewelle.de\/index.php\/2024\/06\/14\/sparkassenfiliale-in-der-umg-schliesst-nach-30-jahren-und-macht-platz-fuer-eine-neue-patientenaufnahme\/","title":{"rendered":"Sparkassenfiliale in der UMG schlie\u00dft nach 30 Jahren und macht Platz f\u00fcr eine neue Patientenaufnahme"},"content":{"rendered":"\n<p>Die Westhalle der Universit\u00e4tsmedizin G\u00f6ttingen (UMG) wird k\u00fcnftig zum Dreh- und Angelpunkt f\u00fcr die Anmeldung von Patient*innen: Alle station\u00e4ren Aufnahmen sollen demnach in den derzeitigen R\u00e4umlichkeiten der Filiale der Sparkasse G\u00f6ttingen durchgef\u00fchrt werden. Vor diesem Hintergrund hat die UMG den Mietvertrag mit der Sparkasse gek\u00fcndigt. Nach konstruktiven Gespr\u00e4chen einigten sich die Vertragspartner darauf, dass die Sparkasse G\u00f6ttingen zum 31. Dezember 2024 aus den heutigen R\u00e4umen auszieht. Die Ma\u00dfnahme ist wichtig, da im geplanten Neubau der UMG eine zentrale Aufnahme der Patient*innen der Standard sein wird. Bis zur Fertigstellung des Neubaus der Baustufe&nbsp;1 im Jahr 2029 mit der zentralen Notaufnahme, dem Zentral-OP und dem Intensivbereich, sollen die neuen Prozesse einge\u00fcbt und professionalisiert werden.<\/p>\n\n\n\n<p>Dar\u00fcber hinaus werden in der Zentralen Station\u00e4ren Aufnahme, kurz ZSA, technische Innovationen umgesetzt. Beispielsweise k\u00f6nnen Patient*innen dann \u00fcber Self-Service-Terminals ihren Check-in f\u00fcr die station\u00e4re Aufnahme selbstst\u00e4ndig durchf\u00fchren. Zudem soll es ein neu entwickeltes UMG-Internetportal geben, \u00fcber das Patient*innen ihre eigene station\u00e4re Aufnahme bereits von zuhause digital vorbereiten k\u00f6nnen. Damit reduziert sich zum einen die Wartezeit vor Ort. Zum anderen werden durch die zentrale Lage direkt am Haupteingang der UMG auch die Wege zur Aufnahme erleichtert. Die bisher dezentralen station\u00e4ren Aufnahmen in den Ebenenb\u00fcros der beiden Bettenh\u00e4user werden damit zentralisiert und der Aufnahmeprozess f\u00fcr Patient*innen optimiert.<\/p>\n\n\n\n<blockquote class=\"wp-block-quote is-layout-flow wp-block-quote-is-layout-flow\">\n<p><mark style=\"background-color:rgba(0, 0, 0, 0)\" class=\"has-inline-color has-kubio-color-2-color\">\u201eWir m\u00f6chten unseren Patient*innen ein hochmodernes Umfeld bieten, das eine station\u00e4re Aufnahme ma\u00dfgeblich beschleunigt und erleichtert. Dazu nutzen wir die Vorteile der Digitalisierung und integrieren IT-Innovationen in unsere Prozesse. So bereiten wir uns ideal auf die neuen Strukturen im Neubau vor und verbessern unsere Abl\u00e4ufe signifikant zum Wohle der Patient*innen\u201c<\/mark><\/p>\n<cite><strong>Prof. Dr. Lorenz Tr\u00fcmper, Vorstand Krankenversorgung der UMG<\/strong>.<\/cite><\/blockquote>\n\n\n\n<p><\/p>\n\n\n\n<p>Die Planungen f\u00fcr den neuen Bereich sind bereits angelaufen. Sowohl r\u00e4umlich als auch organisatorisch werden alle Vorbereitungen getroffen und die digitalen Konzepte entwickelt, sodass voraussichtlich Ende 2026 die ZSA in Betrieb genommen werden kann. In der zentralen Lage am Haupteingang der UMG sind vier Aufnahmekabinen und mehrere Self-Service-Terminals geplant. Vorgelagert wird es eine komfortable Wartezone geben. Die Aufnahme von Patient*innen, die als Notfall oder geplant mit dem Krankentransport in die UMG kommen, bleibt von der ZSA ausgenommen. Ebenso sind ambulante Aufnahmen \u00fcber die Leitstellen der Polikliniken im Hauptgeb\u00e4ude von der Planung unber\u00fchrt.<\/p>\n\n\n\n<p><strong>Selbstbedienungsservice Sparkasse<\/strong> <br>Die personenbesetzte Filiale der Sparkasse G\u00f6ttingen im Universit\u00e4tsklinikum wird nach mehr als 30\u00a0Jahren geschlossen. Allerdings soll k\u00fcnftig eine Selbstbedienungsfiliale, kurz SB-Filiale, in der zentralen Lage der Westhalle eingerichtet werden. Die Sparkasse G\u00f6ttingen wird ihren Kund*innen, den Patient*innen, deren An- und Zugeh\u00f6rige sowie den Mitarbeitenden der UMG vor Ort weiterhin zwei Geldautomaten (einmal mit Einzahlfunktion) und zwei SB-Terminals zur Verf\u00fcgung stellen.<\/p>\n\n\n\n<p>Die Kund*innen der Filiale in der Universit\u00e4tsmedizin G\u00f6ttingen werden k\u00fcnftig ihre bekannten <strong>Ansprechpartner*innen im Beratungscenter im Ostvierte<\/strong>l antreffen. <br><strong>Foto:<\/strong> Universit\u00e4tsmedizin G\u00f6ttingen<\/p>\n\n\n\n<p><br><\/p>\n","protected":false},"excerpt":{"rendered":"<p>Die Westhalle der Universit\u00e4tsmedizin G\u00f6ttingen (UMG) wird k\u00fcnftig zum Dreh- und Angelpunkt f\u00fcr die Anmeldung von Patient*innen: Alle station\u00e4ren Aufnahmen sollen demnach in den derzeitigen R\u00e4umlichkeiten der Filiale der Sparkasse G\u00f6ttingen durchgef\u00fchrt werden. Vor diesem Hintergrund hat die UMG den Mietvertrag mit der Sparkasse gek\u00fcndigt. Nach konstruktiven Gespr\u00e4chen einigten sich die Vertragspartner darauf, dass die [&hellip;]<\/p>\n","protected":false},"author":1,"featured_media":25617,"comment_status":"open","ping_status":"open","sticky":true,"template":"","format":"standard","meta":{"saved_in_kubio":false,"footnotes":""},"categories":[35],"tags":[],"class_list":["post-25616","post","type-post","status-publish","format-standard","has-post-thumbnail","hentry","category-universitaet"],"yoast_head":"<!-- This site is optimized with the Yoast SEO plugin v27.5 - https:\/\/yoast.com\/product\/yoast-seo-wordpress\/ -->\n<title>Sparkassenfiliale in der UMG schlie\u00dft nach 30 Jahren und macht Platz f\u00fcr eine neue Patientenaufnahme - Radio Leinewelle<\/title>\n<meta name=\"robots\" content=\"index, follow, max-snippet:-1, max-image-preview:large, max-video-preview:-1\" \/>\n<link rel=\"canonical\" href=\"https:\/\/radioleinewelle.de\/index.php\/2024\/06\/14\/sparkassenfiliale-in-der-umg-schliesst-nach-30-jahren-und-macht-platz-fuer-eine-neue-patientenaufnahme\/\" \/>\n<meta property=\"og:locale\" content=\"de_DE\" \/>\n<meta property=\"og:type\" content=\"article\" \/>\n<meta property=\"og:title\" content=\"Sparkassenfiliale in der UMG schlie\u00dft nach 30 Jahren und macht Platz f\u00fcr eine neue Patientenaufnahme - Radio Leinewelle\" \/>\n<meta property=\"og:description\" content=\"Die Westhalle der Universit\u00e4tsmedizin G\u00f6ttingen (UMG) wird k\u00fcnftig zum Dreh- und Angelpunkt f\u00fcr die Anmeldung von Patient*innen: Alle station\u00e4ren Aufnahmen sollen demnach in den derzeitigen R\u00e4umlichkeiten der Filiale der Sparkasse G\u00f6ttingen durchgef\u00fchrt werden. Vor diesem Hintergrund hat die UMG den Mietvertrag mit der Sparkasse gek\u00fcndigt. Nach konstruktiven Gespr\u00e4chen einigten sich die Vertragspartner darauf, dass die [&hellip;]\" \/>\n<meta property=\"og:url\" content=\"https:\/\/radioleinewelle.de\/index.php\/2024\/06\/14\/sparkassenfiliale-in-der-umg-schliesst-nach-30-jahren-und-macht-platz-fuer-eine-neue-patientenaufnahme\/\" \/>\n<meta property=\"og:site_name\" content=\"Radio Leinewelle\" \/>\n<meta property=\"article:publisher\" content=\"https:\/\/www.facebook.com\/radioleinewelle\" \/>\n<meta property=\"article:author\" content=\"https:\/\/www.facebook.com\/radioleinewelle\" \/>\n<meta property=\"article:published_time\" content=\"2024-06-14T07:17:25+00:00\" \/>\n<meta property=\"article:modified_time\" content=\"2024-06-15T15:18:20+00:00\" \/>\n<meta property=\"og:image\" content=\"https:\/\/radioleinewelle.de\/wp-content\/uploads\/2024\/06\/PIC_Sparkassenfiliale_UMG-scaled-e1718348317628.jpg\" \/>\n\t<meta property=\"og:image:width\" content=\"1000\" \/>\n\t<meta property=\"og:image:height\" content=\"666\" \/>\n\t<meta property=\"og:image:type\" content=\"image\/jpeg\" \/>\n<meta name=\"author\" content=\"Leinewelle\" \/>\n<meta name=\"twitter:card\" content=\"summary_large_image\" \/>\n<meta name=\"twitter:creator\" content=\"@https:\/\/twitter.com\/RLeinewelle?ref_src=twsrcgoogletwcampserptwgrauthor\" \/>\n<meta name=\"twitter:site\" content=\"@RLeinewelle\" \/>\n<meta name=\"twitter:label1\" content=\"Verfasst von\" \/>\n\t<meta name=\"twitter:data1\" content=\"Leinewelle\" \/>\n\t<meta name=\"twitter:label2\" content=\"Gesch\u00e4tzte Lesezeit\" \/>\n\t<meta name=\"twitter:data2\" content=\"3\u00a0Minuten\" \/>\n<script type=\"application\/ld+json\" class=\"yoast-schema-graph\">{\"@context\":\"https:\\\/\\\/schema.org\",\"@graph\":[{\"@type\":\"Article\",\"@id\":\"https:\\\/\\\/radioleinewelle.de\\\/index.php\\\/2024\\\/06\\\/14\\\/sparkassenfiliale-in-der-umg-schliesst-nach-30-jahren-und-macht-platz-fuer-eine-neue-patientenaufnahme\\\/#article\",\"isPartOf\":{\"@id\":\"https:\\\/\\\/radioleinewelle.de\\\/index.php\\\/2024\\\/06\\\/14\\\/sparkassenfiliale-in-der-umg-schliesst-nach-30-jahren-und-macht-platz-fuer-eine-neue-patientenaufnahme\\\/\"},\"author\":{\"name\":\"Leinewelle\",\"@id\":\"https:\\\/\\\/radioleinewelle.de\\\/#\\\/schema\\\/person\\\/45606f348637df637192dc1b68399a63\"},\"headline\":\"Sparkassenfiliale in der UMG schlie\u00dft nach 30 Jahren und macht Platz f\u00fcr eine neue Patientenaufnahme\",\"datePublished\":\"2024-06-14T07:17:25+00:00\",\"dateModified\":\"2024-06-15T15:18:20+00:00\",\"mainEntityOfPage\":{\"@id\":\"https:\\\/\\\/radioleinewelle.de\\\/index.php\\\/2024\\\/06\\\/14\\\/sparkassenfiliale-in-der-umg-schliesst-nach-30-jahren-und-macht-platz-fuer-eine-neue-patientenaufnahme\\\/\"},\"wordCount\":512,\"commentCount\":0,\"publisher\":{\"@id\":\"https:\\\/\\\/radioleinewelle.de\\\/#organization\"},\"image\":{\"@id\":\"https:\\\/\\\/radioleinewelle.de\\\/index.php\\\/2024\\\/06\\\/14\\\/sparkassenfiliale-in-der-umg-schliesst-nach-30-jahren-und-macht-platz-fuer-eine-neue-patientenaufnahme\\\/#primaryimage\"},\"thumbnailUrl\":\"https:\\\/\\\/radioleinewelle.de\\\/wp-content\\\/uploads\\\/2024\\\/06\\\/PIC_Sparkassenfiliale_UMG-scaled-e1718348317628.jpg\",\"articleSection\":[\"Universit\u00e4t\"],\"inLanguage\":\"de\",\"potentialAction\":[{\"@type\":\"CommentAction\",\"name\":\"Comment\",\"target\":[\"https:\\\/\\\/radioleinewelle.de\\\/index.php\\\/2024\\\/06\\\/14\\\/sparkassenfiliale-in-der-umg-schliesst-nach-30-jahren-und-macht-platz-fuer-eine-neue-patientenaufnahme\\\/#respond\"]}]},{\"@type\":\"WebPage\",\"@id\":\"https:\\\/\\\/radioleinewelle.de\\\/index.php\\\/2024\\\/06\\\/14\\\/sparkassenfiliale-in-der-umg-schliesst-nach-30-jahren-und-macht-platz-fuer-eine-neue-patientenaufnahme\\\/\",\"url\":\"https:\\\/\\\/radioleinewelle.de\\\/index.php\\\/2024\\\/06\\\/14\\\/sparkassenfiliale-in-der-umg-schliesst-nach-30-jahren-und-macht-platz-fuer-eine-neue-patientenaufnahme\\\/\",\"name\":\"Sparkassenfiliale in der UMG schlie\u00dft nach 30 Jahren und macht Platz f\u00fcr eine neue Patientenaufnahme - Radio Leinewelle\",\"isPartOf\":{\"@id\":\"https:\\\/\\\/radioleinewelle.de\\\/#website\"},\"primaryImageOfPage\":{\"@id\":\"https:\\\/\\\/radioleinewelle.de\\\/index.php\\\/2024\\\/06\\\/14\\\/sparkassenfiliale-in-der-umg-schliesst-nach-30-jahren-und-macht-platz-fuer-eine-neue-patientenaufnahme\\\/#primaryimage\"},\"image\":{\"@id\":\"https:\\\/\\\/radioleinewelle.de\\\/index.php\\\/2024\\\/06\\\/14\\\/sparkassenfiliale-in-der-umg-schliesst-nach-30-jahren-und-macht-platz-fuer-eine-neue-patientenaufnahme\\\/#primaryimage\"},\"thumbnailUrl\":\"https:\\\/\\\/radioleinewelle.de\\\/wp-content\\\/uploads\\\/2024\\\/06\\\/PIC_Sparkassenfiliale_UMG-scaled-e1718348317628.jpg\",\"datePublished\":\"2024-06-14T07:17:25+00:00\",\"dateModified\":\"2024-06-15T15:18:20+00:00\",\"breadcrumb\":{\"@id\":\"https:\\\/\\\/radioleinewelle.de\\\/index.php\\\/2024\\\/06\\\/14\\\/sparkassenfiliale-in-der-umg-schliesst-nach-30-jahren-und-macht-platz-fuer-eine-neue-patientenaufnahme\\\/#breadcrumb\"},\"inLanguage\":\"de\",\"potentialAction\":[{\"@type\":\"ReadAction\",\"target\":[\"https:\\\/\\\/radioleinewelle.de\\\/index.php\\\/2024\\\/06\\\/14\\\/sparkassenfiliale-in-der-umg-schliesst-nach-30-jahren-und-macht-platz-fuer-eine-neue-patientenaufnahme\\\/\"]}]},{\"@type\":\"ImageObject\",\"inLanguage\":\"de\",\"@id\":\"https:\\\/\\\/radioleinewelle.de\\\/index.php\\\/2024\\\/06\\\/14\\\/sparkassenfiliale-in-der-umg-schliesst-nach-30-jahren-und-macht-platz-fuer-eine-neue-patientenaufnahme\\\/#primaryimage\",\"url\":\"https:\\\/\\\/radioleinewelle.de\\\/wp-content\\\/uploads\\\/2024\\\/06\\\/PIC_Sparkassenfiliale_UMG-scaled-e1718348317628.jpg\",\"contentUrl\":\"https:\\\/\\\/radioleinewelle.de\\\/wp-content\\\/uploads\\\/2024\\\/06\\\/PIC_Sparkassenfiliale_UMG-scaled-e1718348317628.jpg\",\"width\":1000,\"height\":666},{\"@type\":\"BreadcrumbList\",\"@id\":\"https:\\\/\\\/radioleinewelle.de\\\/index.php\\\/2024\\\/06\\\/14\\\/sparkassenfiliale-in-der-umg-schliesst-nach-30-jahren-und-macht-platz-fuer-eine-neue-patientenaufnahme\\\/#breadcrumb\",\"itemListElement\":[{\"@type\":\"ListItem\",\"position\":1,\"name\":\"Startseite\",\"item\":\"https:\\\/\\\/radioleinewelle.de\\\/\"},{\"@type\":\"ListItem\",\"position\":2,\"name\":\"Sparkassenfiliale in der UMG schlie\u00dft nach 30 Jahren und macht Platz f\u00fcr eine neue Patientenaufnahme\"}]},{\"@type\":\"WebSite\",\"@id\":\"https:\\\/\\\/radioleinewelle.de\\\/#website\",\"url\":\"https:\\\/\\\/radioleinewelle.de\\\/\",\"name\":\"Radio Leinewelle\",\"description\":\"\",\"publisher\":{\"@id\":\"https:\\\/\\\/radioleinewelle.de\\\/#organization\"},\"potentialAction\":[{\"@type\":\"SearchAction\",\"target\":{\"@type\":\"EntryPoint\",\"urlTemplate\":\"https:\\\/\\\/radioleinewelle.de\\\/?s={search_term_string}\"},\"query-input\":{\"@type\":\"PropertyValueSpecification\",\"valueRequired\":true,\"valueName\":\"search_term_string\"}}],\"inLanguage\":\"de\"},{\"@type\":\"Organization\",\"@id\":\"https:\\\/\\\/radioleinewelle.de\\\/#organization\",\"name\":\"Radio Leinewelle\",\"alternateName\":\"Mein Radio f\u00fcr S\u00fcdniedersachsen\",\"url\":\"https:\\\/\\\/radioleinewelle.de\\\/\",\"logo\":{\"@type\":\"ImageObject\",\"inLanguage\":\"de\",\"@id\":\"https:\\\/\\\/radioleinewelle.de\\\/#\\\/schema\\\/logo\\\/image\\\/\",\"url\":\"https:\\\/\\\/radioleinewelle.de\\\/wp-content\\\/uploads\\\/2023\\\/11\\\/cropped-Leinewelle_Logo_weiss.png\",\"contentUrl\":\"https:\\\/\\\/radioleinewelle.de\\\/wp-content\\\/uploads\\\/2023\\\/11\\\/cropped-Leinewelle_Logo_weiss.png\",\"width\":854,\"height\":260,\"caption\":\"Radio Leinewelle\"},\"image\":{\"@id\":\"https:\\\/\\\/radioleinewelle.de\\\/#\\\/schema\\\/logo\\\/image\\\/\"},\"sameAs\":[\"https:\\\/\\\/www.facebook.com\\\/radioleinewelle\",\"https:\\\/\\\/x.com\\\/RLeinewelle\",\"https:\\\/\\\/www.instagram.com\\\/radioleinewelle\\\/?hl=de\"]},{\"@type\":\"Person\",\"@id\":\"https:\\\/\\\/radioleinewelle.de\\\/#\\\/schema\\\/person\\\/45606f348637df637192dc1b68399a63\",\"name\":\"Leinewelle\",\"image\":{\"@type\":\"ImageObject\",\"inLanguage\":\"de\",\"@id\":\"https:\\\/\\\/secure.gravatar.com\\\/avatar\\\/05c9a17bc973052ee5d91549bd32fb4dd0dc85b7b85ae94b2e2b4943476bbea5?s=96&d=blank&r=g\",\"url\":\"https:\\\/\\\/secure.gravatar.com\\\/avatar\\\/05c9a17bc973052ee5d91549bd32fb4dd0dc85b7b85ae94b2e2b4943476bbea5?s=96&d=blank&r=g\",\"contentUrl\":\"https:\\\/\\\/secure.gravatar.com\\\/avatar\\\/05c9a17bc973052ee5d91549bd32fb4dd0dc85b7b85ae94b2e2b4943476bbea5?s=96&d=blank&r=g\",\"caption\":\"Leinewelle\"},\"sameAs\":[\"http:\\\/\\\/localhost\\\/radio%20leinewelle\\\/wordpress\",\"https:\\\/\\\/www.facebook.com\\\/radioleinewelle\",\"https:\\\/\\\/www.instagram.com\\\/radioleinewelle\",\"https:\\\/\\\/x.com\\\/https:\\\/\\\/twitter.com\\\/RLeinewelle?ref_src=twsrcgoogletwcampserptwgrauthor\",\"https:\\\/\\\/soundcloud.com\\\/foerderverein-lokalradio?utm_source=clipboard&utm_medium=text&utm_campaign=social_sharing\"],\"url\":\"https:\\\/\\\/radioleinewelle.de\\\/index.php\\\/author\\\/leinewelle\\\/\"}]}<\/script>\n<!-- \/ Yoast SEO plugin. -->","yoast_head_json":{"title":"Sparkassenfiliale in der UMG schlie\u00dft nach 30 Jahren und macht Platz f\u00fcr eine neue Patientenaufnahme - Radio Leinewelle","robots":{"index":"index","follow":"follow","max-snippet":"max-snippet:-1","max-image-preview":"max-image-preview:large","max-video-preview":"max-video-preview:-1"},"canonical":"https:\/\/radioleinewelle.de\/index.php\/2024\/06\/14\/sparkassenfiliale-in-der-umg-schliesst-nach-30-jahren-und-macht-platz-fuer-eine-neue-patientenaufnahme\/","og_locale":"de_DE","og_type":"article","og_title":"Sparkassenfiliale in der UMG schlie\u00dft nach 30 Jahren und macht Platz f\u00fcr eine neue Patientenaufnahme - Radio Leinewelle","og_description":"Die Westhalle der Universit\u00e4tsmedizin G\u00f6ttingen (UMG) wird k\u00fcnftig zum Dreh- und Angelpunkt f\u00fcr die Anmeldung von Patient*innen: Alle station\u00e4ren Aufnahmen sollen demnach in den derzeitigen R\u00e4umlichkeiten der Filiale der Sparkasse G\u00f6ttingen durchgef\u00fchrt werden. Vor diesem Hintergrund hat die UMG den Mietvertrag mit der Sparkasse gek\u00fcndigt. Nach konstruktiven Gespr\u00e4chen einigten sich die Vertragspartner darauf, dass die [&hellip;]","og_url":"https:\/\/radioleinewelle.de\/index.php\/2024\/06\/14\/sparkassenfiliale-in-der-umg-schliesst-nach-30-jahren-und-macht-platz-fuer-eine-neue-patientenaufnahme\/","og_site_name":"Radio Leinewelle","article_publisher":"https:\/\/www.facebook.com\/radioleinewelle","article_author":"https:\/\/www.facebook.com\/radioleinewelle","article_published_time":"2024-06-14T07:17:25+00:00","article_modified_time":"2024-06-15T15:18:20+00:00","og_image":[{"width":1000,"height":666,"url":"https:\/\/radioleinewelle.de\/wp-content\/uploads\/2024\/06\/PIC_Sparkassenfiliale_UMG-scaled-e1718348317628.jpg","type":"image\/jpeg"}],"author":"Leinewelle","twitter_card":"summary_large_image","twitter_creator":"@https:\/\/twitter.com\/RLeinewelle?ref_src=twsrcgoogletwcampserptwgrauthor","twitter_site":"@RLeinewelle","twitter_misc":{"Verfasst von":"Leinewelle","Gesch\u00e4tzte Lesezeit":"3\u00a0Minuten"},"schema":{"@context":"https:\/\/schema.org","@graph":[{"@type":"Article","@id":"https:\/\/radioleinewelle.de\/index.php\/2024\/06\/14\/sparkassenfiliale-in-der-umg-schliesst-nach-30-jahren-und-macht-platz-fuer-eine-neue-patientenaufnahme\/#article","isPartOf":{"@id":"https:\/\/radioleinewelle.de\/index.php\/2024\/06\/14\/sparkassenfiliale-in-der-umg-schliesst-nach-30-jahren-und-macht-platz-fuer-eine-neue-patientenaufnahme\/"},"author":{"name":"Leinewelle","@id":"https:\/\/radioleinewelle.de\/#\/schema\/person\/45606f348637df637192dc1b68399a63"},"headline":"Sparkassenfiliale in der UMG schlie\u00dft nach 30 Jahren und macht Platz f\u00fcr eine neue Patientenaufnahme","datePublished":"2024-06-14T07:17:25+00:00","dateModified":"2024-06-15T15:18:20+00:00","mainEntityOfPage":{"@id":"https:\/\/radioleinewelle.de\/index.php\/2024\/06\/14\/sparkassenfiliale-in-der-umg-schliesst-nach-30-jahren-und-macht-platz-fuer-eine-neue-patientenaufnahme\/"},"wordCount":512,"commentCount":0,"publisher":{"@id":"https:\/\/radioleinewelle.de\/#organization"},"image":{"@id":"https:\/\/radioleinewelle.de\/index.php\/2024\/06\/14\/sparkassenfiliale-in-der-umg-schliesst-nach-30-jahren-und-macht-platz-fuer-eine-neue-patientenaufnahme\/#primaryimage"},"thumbnailUrl":"https:\/\/radioleinewelle.de\/wp-content\/uploads\/2024\/06\/PIC_Sparkassenfiliale_UMG-scaled-e1718348317628.jpg","articleSection":["Universit\u00e4t"],"inLanguage":"de","potentialAction":[{"@type":"CommentAction","name":"Comment","target":["https:\/\/radioleinewelle.de\/index.php\/2024\/06\/14\/sparkassenfiliale-in-der-umg-schliesst-nach-30-jahren-und-macht-platz-fuer-eine-neue-patientenaufnahme\/#respond"]}]},{"@type":"WebPage","@id":"https:\/\/radioleinewelle.de\/index.php\/2024\/06\/14\/sparkassenfiliale-in-der-umg-schliesst-nach-30-jahren-und-macht-platz-fuer-eine-neue-patientenaufnahme\/","url":"https:\/\/radioleinewelle.de\/index.php\/2024\/06\/14\/sparkassenfiliale-in-der-umg-schliesst-nach-30-jahren-und-macht-platz-fuer-eine-neue-patientenaufnahme\/","name":"Sparkassenfiliale in der UMG schlie\u00dft nach 30 Jahren und macht Platz f\u00fcr eine neue Patientenaufnahme - Radio Leinewelle","isPartOf":{"@id":"https:\/\/radioleinewelle.de\/#website"},"primaryImageOfPage":{"@id":"https:\/\/radioleinewelle.de\/index.php\/2024\/06\/14\/sparkassenfiliale-in-der-umg-schliesst-nach-30-jahren-und-macht-platz-fuer-eine-neue-patientenaufnahme\/#primaryimage"},"image":{"@id":"https:\/\/radioleinewelle.de\/index.php\/2024\/06\/14\/sparkassenfiliale-in-der-umg-schliesst-nach-30-jahren-und-macht-platz-fuer-eine-neue-patientenaufnahme\/#primaryimage"},"thumbnailUrl":"https:\/\/radioleinewelle.de\/wp-content\/uploads\/2024\/06\/PIC_Sparkassenfiliale_UMG-scaled-e1718348317628.jpg","datePublished":"2024-06-14T07:17:25+00:00","dateModified":"2024-06-15T15:18:20+00:00","breadcrumb":{"@id":"https:\/\/radioleinewelle.de\/index.php\/2024\/06\/14\/sparkassenfiliale-in-der-umg-schliesst-nach-30-jahren-und-macht-platz-fuer-eine-neue-patientenaufnahme\/#breadcrumb"},"inLanguage":"de","potentialAction":[{"@type":"ReadAction","target":["https:\/\/radioleinewelle.de\/index.php\/2024\/06\/14\/sparkassenfiliale-in-der-umg-schliesst-nach-30-jahren-und-macht-platz-fuer-eine-neue-patientenaufnahme\/"]}]},{"@type":"ImageObject","inLanguage":"de","@id":"https:\/\/radioleinewelle.de\/index.php\/2024\/06\/14\/sparkassenfiliale-in-der-umg-schliesst-nach-30-jahren-und-macht-platz-fuer-eine-neue-patientenaufnahme\/#primaryimage","url":"https:\/\/radioleinewelle.de\/wp-content\/uploads\/2024\/06\/PIC_Sparkassenfiliale_UMG-scaled-e1718348317628.jpg","contentUrl":"https:\/\/radioleinewelle.de\/wp-content\/uploads\/2024\/06\/PIC_Sparkassenfiliale_UMG-scaled-e1718348317628.jpg","width":1000,"height":666},{"@type":"BreadcrumbList","@id":"https:\/\/radioleinewelle.de\/index.php\/2024\/06\/14\/sparkassenfiliale-in-der-umg-schliesst-nach-30-jahren-und-macht-platz-fuer-eine-neue-patientenaufnahme\/#breadcrumb","itemListElement":[{"@type":"ListItem","position":1,"name":"Startseite","item":"https:\/\/radioleinewelle.de\/"},{"@type":"ListItem","position":2,"name":"Sparkassenfiliale in der UMG schlie\u00dft nach 30 Jahren und macht Platz f\u00fcr eine neue Patientenaufnahme"}]},{"@type":"WebSite","@id":"https:\/\/radioleinewelle.de\/#website","url":"https:\/\/radioleinewelle.de\/","name":"Radio Leinewelle","description":"","publisher":{"@id":"https:\/\/radioleinewelle.de\/#organization"},"potentialAction":[{"@type":"SearchAction","target":{"@type":"EntryPoint","urlTemplate":"https:\/\/radioleinewelle.de\/?s={search_term_string}"},"query-input":{"@type":"PropertyValueSpecification","valueRequired":true,"valueName":"search_term_string"}}],"inLanguage":"de"},{"@type":"Organization","@id":"https:\/\/radioleinewelle.de\/#organization","name":"Radio Leinewelle","alternateName":"Mein Radio f\u00fcr S\u00fcdniedersachsen","url":"https:\/\/radioleinewelle.de\/","logo":{"@type":"ImageObject","inLanguage":"de","@id":"https:\/\/radioleinewelle.de\/#\/schema\/logo\/image\/","url":"https:\/\/radioleinewelle.de\/wp-content\/uploads\/2023\/11\/cropped-Leinewelle_Logo_weiss.png","contentUrl":"https:\/\/radioleinewelle.de\/wp-content\/uploads\/2023\/11\/cropped-Leinewelle_Logo_weiss.png","width":854,"height":260,"caption":"Radio Leinewelle"},"image":{"@id":"https:\/\/radioleinewelle.de\/#\/schema\/logo\/image\/"},"sameAs":["https:\/\/www.facebook.com\/radioleinewelle","https:\/\/x.com\/RLeinewelle","https:\/\/www.instagram.com\/radioleinewelle\/?hl=de"]},{"@type":"Person","@id":"https:\/\/radioleinewelle.de\/#\/schema\/person\/45606f348637df637192dc1b68399a63","name":"Leinewelle","image":{"@type":"ImageObject","inLanguage":"de","@id":"https:\/\/secure.gravatar.com\/avatar\/05c9a17bc973052ee5d91549bd32fb4dd0dc85b7b85ae94b2e2b4943476bbea5?s=96&d=blank&r=g","url":"https:\/\/secure.gravatar.com\/avatar\/05c9a17bc973052ee5d91549bd32fb4dd0dc85b7b85ae94b2e2b4943476bbea5?s=96&d=blank&r=g","contentUrl":"https:\/\/secure.gravatar.com\/avatar\/05c9a17bc973052ee5d91549bd32fb4dd0dc85b7b85ae94b2e2b4943476bbea5?s=96&d=blank&r=g","caption":"Leinewelle"},"sameAs":["http:\/\/localhost\/radio%20leinewelle\/wordpress","https:\/\/www.facebook.com\/radioleinewelle","https:\/\/www.instagram.com\/radioleinewelle","https:\/\/x.com\/https:\/\/twitter.com\/RLeinewelle?ref_src=twsrcgoogletwcampserptwgrauthor","https:\/\/soundcloud.com\/foerderverein-lokalradio?utm_source=clipboard&utm_medium=text&utm_campaign=social_sharing"],"url":"https:\/\/radioleinewelle.de\/index.php\/author\/leinewelle\/"}]}},"_links":{"self":[{"href":"https:\/\/radioleinewelle.de\/index.php\/wp-json\/wp\/v2\/posts\/25616","targetHints":{"allow":["GET"]}}],"collection":[{"href":"https:\/\/radioleinewelle.de\/index.php\/wp-json\/wp\/v2\/posts"}],"about":[{"href":"https:\/\/radioleinewelle.de\/index.php\/wp-json\/wp\/v2\/types\/post"}],"author":[{"embeddable":true,"href":"https:\/\/radioleinewelle.de\/index.php\/wp-json\/wp\/v2\/users\/1"}],"replies":[{"embeddable":true,"href":"https:\/\/radioleinewelle.de\/index.php\/wp-json\/wp\/v2\/comments?post=25616"}],"version-history":[{"count":4,"href":"https:\/\/radioleinewelle.de\/index.php\/wp-json\/wp\/v2\/posts\/25616\/revisions"}],"predecessor-version":[{"id":25621,"href":"https:\/\/radioleinewelle.de\/index.php\/wp-json\/wp\/v2\/posts\/25616\/revisions\/25621"}],"wp:featuredmedia":[{"embeddable":true,"href":"https:\/\/radioleinewelle.de\/index.php\/wp-json\/wp\/v2\/media\/25617"}],"wp:attachment":[{"href":"https:\/\/radioleinewelle.de\/index.php\/wp-json\/wp\/v2\/media?parent=25616"}],"wp:term":[{"taxonomy":"category","embeddable":true,"href":"https:\/\/radioleinewelle.de\/index.php\/wp-json\/wp\/v2\/categories?post=25616"},{"taxonomy":"post_tag","embeddable":true,"href":"https:\/\/radioleinewelle.de\/index.php\/wp-json\/wp\/v2\/tags?post=25616"}],"curies":[{"name":"wp","href":"https:\/\/api.w.org\/{rel}","templated":true}]}}