{"id":25629,"date":"2024-06-15T17:46:25","date_gmt":"2024-06-15T15:46:25","guid":{"rendered":"https:\/\/radioleinewelle.de\/?p=25629"},"modified":"2024-06-15T17:46:26","modified_gmt":"2024-06-15T15:46:26","slug":"stadt-goettingen-verkuendet-akute-haushaltssperre","status":"publish","type":"post","link":"https:\/\/radioleinewelle.de\/index.php\/2024\/06\/15\/stadt-goettingen-verkuendet-akute-haushaltssperre\/","title":{"rendered":"Stadt G\u00f6ttingen verk\u00fcndet akute Haushaltssperre"},"content":{"rendered":"\n<p>Ganz aus heiterem Himmel kam die Meldung nicht. Dennoch war es eine \u00dcberraschung, als der Erste Stadtrat Christian Schmetz zu Beginn der gestrigen Ratssitzung eine &#8222;Haushaltssperre Light&#8220; ank\u00fcndigte. Das die Stadt mit erheblichen Einnahmeausf\u00e4llen zu k\u00e4mpfen hat, ist seit einigen Tagen \u00f6ffentliches Thema. Die Ma\u00dfnahme gilt ab sofort, was bedeutet, dass alle Titel im Haushalt auf 90 Prozent der Ausgaben eingefroren werden. Dies gilt zun\u00e4chst bis September, dann wird \u00fcber die restlichen 10% der Gelder entschieden. Neue Ma\u00dfnahmen sind genehmigungspflichtig.<\/p>\n\n\n\n<p><strong>Foto:<\/strong> \u00a9Radio Leinewelle (ue)<\/p>\n","protected":false},"excerpt":{"rendered":"<p>Ganz aus heiterem Himmel kam die Meldung nicht. Dennoch war es eine \u00dcberraschung, als der Erste Stadtrat Christian Schmetz zu Beginn der gestrigen Ratssitzung eine &#8222;Haushaltssperre Light&#8220; ank\u00fcndigte. Das die Stadt mit erheblichen Einnahmeausf\u00e4llen zu k\u00e4mpfen hat, ist seit einigen Tagen \u00f6ffentliches Thema. Die Ma\u00dfnahme gilt ab sofort, was bedeutet, dass alle Titel im Haushalt [&hellip;]<\/p>\n","protected":false},"author":1,"featured_media":25630,"comment_status":"open","ping_status":"open","sticky":true,"template":"","format":"standard","meta":{"saved_in_kubio":false,"footnotes":""},"categories":[24],"tags":[],"class_list":["post-25629","post","type-post","status-publish","format-standard","has-post-thumbnail","hentry","category-news"],"yoast_head":"<!-- This site is optimized with the Yoast SEO plugin v27.5 - https:\/\/yoast.com\/product\/yoast-seo-wordpress\/ -->\n<title>Stadt G\u00f6ttingen verk\u00fcndet akute Haushaltssperre - Radio Leinewelle<\/title>\n<meta name=\"robots\" content=\"index, follow, max-snippet:-1, max-image-preview:large, max-video-preview:-1\" \/>\n<link rel=\"canonical\" href=\"https:\/\/radioleinewelle.de\/index.php\/2024\/06\/15\/stadt-goettingen-verkuendet-akute-haushaltssperre\/\" \/>\n<meta property=\"og:locale\" content=\"de_DE\" \/>\n<meta property=\"og:type\" content=\"article\" \/>\n<meta property=\"og:title\" content=\"Stadt G\u00f6ttingen verk\u00fcndet akute Haushaltssperre - Radio Leinewelle\" \/>\n<meta property=\"og:description\" content=\"Ganz aus heiterem Himmel kam die Meldung nicht. Dennoch war es eine \u00dcberraschung, als der Erste Stadtrat Christian Schmetz zu Beginn der gestrigen Ratssitzung eine &#8222;Haushaltssperre Light&#8220; ank\u00fcndigte. Das die Stadt mit erheblichen Einnahmeausf\u00e4llen zu k\u00e4mpfen hat, ist seit einigen Tagen \u00f6ffentliches Thema. Die Ma\u00dfnahme gilt ab sofort, was bedeutet, dass alle Titel im Haushalt [&hellip;]\" \/>\n<meta property=\"og:url\" content=\"https:\/\/radioleinewelle.de\/index.php\/2024\/06\/15\/stadt-goettingen-verkuendet-akute-haushaltssperre\/\" \/>\n<meta property=\"og:site_name\" content=\"Radio Leinewelle\" \/>\n<meta property=\"article:publisher\" content=\"https:\/\/www.facebook.com\/radioleinewelle\" \/>\n<meta property=\"article:author\" content=\"https:\/\/www.facebook.com\/radioleinewelle\" \/>\n<meta property=\"article:published_time\" content=\"2024-06-15T15:46:25+00:00\" \/>\n<meta property=\"article:modified_time\" content=\"2024-06-15T15:46:26+00:00\" \/>\n<meta property=\"og:image\" content=\"https:\/\/radioleinewelle.de\/wp-content\/uploads\/2024\/06\/Christian-Schmetz.jpg\" \/>\n\t<meta property=\"og:image:width\" content=\"1034\" \/>\n\t<meta property=\"og:image:height\" content=\"917\" \/>\n\t<meta property=\"og:image:type\" content=\"image\/jpeg\" \/>\n<meta name=\"author\" content=\"Leinewelle\" \/>\n<meta name=\"twitter:card\" content=\"summary_large_image\" \/>\n<meta name=\"twitter:creator\" content=\"@https:\/\/twitter.com\/RLeinewelle?ref_src=twsrcgoogletwcampserptwgrauthor\" \/>\n<meta name=\"twitter:site\" content=\"@RLeinewelle\" \/>\n<meta name=\"twitter:label1\" content=\"Verfasst von\" \/>\n\t<meta name=\"twitter:data1\" content=\"Leinewelle\" \/>\n\t<meta name=\"twitter:label2\" content=\"Gesch\u00e4tzte Lesezeit\" \/>\n\t<meta name=\"twitter:data2\" content=\"1\u00a0Minute\" \/>\n<script type=\"application\/ld+json\" class=\"yoast-schema-graph\">{\"@context\":\"https:\\\/\\\/schema.org\",\"@graph\":[{\"@type\":\"Article\",\"@id\":\"https:\\\/\\\/radioleinewelle.de\\\/index.php\\\/2024\\\/06\\\/15\\\/stadt-goettingen-verkuendet-akute-haushaltssperre\\\/#article\",\"isPartOf\":{\"@id\":\"https:\\\/\\\/radioleinewelle.de\\\/index.php\\\/2024\\\/06\\\/15\\\/stadt-goettingen-verkuendet-akute-haushaltssperre\\\/\"},\"author\":{\"name\":\"Leinewelle\",\"@id\":\"https:\\\/\\\/radioleinewelle.de\\\/#\\\/schema\\\/person\\\/45606f348637df637192dc1b68399a63\"},\"headline\":\"Stadt G\u00f6ttingen verk\u00fcndet akute Haushaltssperre\",\"datePublished\":\"2024-06-15T15:46:25+00:00\",\"dateModified\":\"2024-06-15T15:46:26+00:00\",\"mainEntityOfPage\":{\"@id\":\"https:\\\/\\\/radioleinewelle.de\\\/index.php\\\/2024\\\/06\\\/15\\\/stadt-goettingen-verkuendet-akute-haushaltssperre\\\/\"},\"wordCount\":95,\"commentCount\":0,\"publisher\":{\"@id\":\"https:\\\/\\\/radioleinewelle.de\\\/#organization\"},\"image\":{\"@id\":\"https:\\\/\\\/radioleinewelle.de\\\/index.php\\\/2024\\\/06\\\/15\\\/stadt-goettingen-verkuendet-akute-haushaltssperre\\\/#primaryimage\"},\"thumbnailUrl\":\"https:\\\/\\\/radioleinewelle.de\\\/wp-content\\\/uploads\\\/2024\\\/06\\\/Christian-Schmetz.jpg\",\"articleSection\":[\"Aktuelle Nachrichten\"],\"inLanguage\":\"de\",\"potentialAction\":[{\"@type\":\"CommentAction\",\"name\":\"Comment\",\"target\":[\"https:\\\/\\\/radioleinewelle.de\\\/index.php\\\/2024\\\/06\\\/15\\\/stadt-goettingen-verkuendet-akute-haushaltssperre\\\/#respond\"]}]},{\"@type\":\"WebPage\",\"@id\":\"https:\\\/\\\/radioleinewelle.de\\\/index.php\\\/2024\\\/06\\\/15\\\/stadt-goettingen-verkuendet-akute-haushaltssperre\\\/\",\"url\":\"https:\\\/\\\/radioleinewelle.de\\\/index.php\\\/2024\\\/06\\\/15\\\/stadt-goettingen-verkuendet-akute-haushaltssperre\\\/\",\"name\":\"Stadt G\u00f6ttingen verk\u00fcndet akute Haushaltssperre - Radio Leinewelle\",\"isPartOf\":{\"@id\":\"https:\\\/\\\/radioleinewelle.de\\\/#website\"},\"primaryImageOfPage\":{\"@id\":\"https:\\\/\\\/radioleinewelle.de\\\/index.php\\\/2024\\\/06\\\/15\\\/stadt-goettingen-verkuendet-akute-haushaltssperre\\\/#primaryimage\"},\"image\":{\"@id\":\"https:\\\/\\\/radioleinewelle.de\\\/index.php\\\/2024\\\/06\\\/15\\\/stadt-goettingen-verkuendet-akute-haushaltssperre\\\/#primaryimage\"},\"thumbnailUrl\":\"https:\\\/\\\/radioleinewelle.de\\\/wp-content\\\/uploads\\\/2024\\\/06\\\/Christian-Schmetz.jpg\",\"datePublished\":\"2024-06-15T15:46:25+00:00\",\"dateModified\":\"2024-06-15T15:46:26+00:00\",\"breadcrumb\":{\"@id\":\"https:\\\/\\\/radioleinewelle.de\\\/index.php\\\/2024\\\/06\\\/15\\\/stadt-goettingen-verkuendet-akute-haushaltssperre\\\/#breadcrumb\"},\"inLanguage\":\"de\",\"potentialAction\":[{\"@type\":\"ReadAction\",\"target\":[\"https:\\\/\\\/radioleinewelle.de\\\/index.php\\\/2024\\\/06\\\/15\\\/stadt-goettingen-verkuendet-akute-haushaltssperre\\\/\"]}]},{\"@type\":\"ImageObject\",\"inLanguage\":\"de\",\"@id\":\"https:\\\/\\\/radioleinewelle.de\\\/index.php\\\/2024\\\/06\\\/15\\\/stadt-goettingen-verkuendet-akute-haushaltssperre\\\/#primaryimage\",\"url\":\"https:\\\/\\\/radioleinewelle.de\\\/wp-content\\\/uploads\\\/2024\\\/06\\\/Christian-Schmetz.jpg\",\"contentUrl\":\"https:\\\/\\\/radioleinewelle.de\\\/wp-content\\\/uploads\\\/2024\\\/06\\\/Christian-Schmetz.jpg\",\"width\":1034,\"height\":917},{\"@type\":\"BreadcrumbList\",\"@id\":\"https:\\\/\\\/radioleinewelle.de\\\/index.php\\\/2024\\\/06\\\/15\\\/stadt-goettingen-verkuendet-akute-haushaltssperre\\\/#breadcrumb\",\"itemListElement\":[{\"@type\":\"ListItem\",\"position\":1,\"name\":\"Startseite\",\"item\":\"https:\\\/\\\/radioleinewelle.de\\\/\"},{\"@type\":\"ListItem\",\"position\":2,\"name\":\"Stadt G\u00f6ttingen verk\u00fcndet akute Haushaltssperre\"}]},{\"@type\":\"WebSite\",\"@id\":\"https:\\\/\\\/radioleinewelle.de\\\/#website\",\"url\":\"https:\\\/\\\/radioleinewelle.de\\\/\",\"name\":\"Radio Leinewelle\",\"description\":\"\",\"publisher\":{\"@id\":\"https:\\\/\\\/radioleinewelle.de\\\/#organization\"},\"potentialAction\":[{\"@type\":\"SearchAction\",\"target\":{\"@type\":\"EntryPoint\",\"urlTemplate\":\"https:\\\/\\\/radioleinewelle.de\\\/?s={search_term_string}\"},\"query-input\":{\"@type\":\"PropertyValueSpecification\",\"valueRequired\":true,\"valueName\":\"search_term_string\"}}],\"inLanguage\":\"de\"},{\"@type\":\"Organization\",\"@id\":\"https:\\\/\\\/radioleinewelle.de\\\/#organization\",\"name\":\"Radio Leinewelle\",\"alternateName\":\"Mein Radio f\u00fcr S\u00fcdniedersachsen\",\"url\":\"https:\\\/\\\/radioleinewelle.de\\\/\",\"logo\":{\"@type\":\"ImageObject\",\"inLanguage\":\"de\",\"@id\":\"https:\\\/\\\/radioleinewelle.de\\\/#\\\/schema\\\/logo\\\/image\\\/\",\"url\":\"https:\\\/\\\/radioleinewelle.de\\\/wp-content\\\/uploads\\\/2023\\\/11\\\/cropped-Leinewelle_Logo_weiss.png\",\"contentUrl\":\"https:\\\/\\\/radioleinewelle.de\\\/wp-content\\\/uploads\\\/2023\\\/11\\\/cropped-Leinewelle_Logo_weiss.png\",\"width\":854,\"height\":260,\"caption\":\"Radio Leinewelle\"},\"image\":{\"@id\":\"https:\\\/\\\/radioleinewelle.de\\\/#\\\/schema\\\/logo\\\/image\\\/\"},\"sameAs\":[\"https:\\\/\\\/www.facebook.com\\\/radioleinewelle\",\"https:\\\/\\\/x.com\\\/RLeinewelle\",\"https:\\\/\\\/www.instagram.com\\\/radioleinewelle\\\/?hl=de\"]},{\"@type\":\"Person\",\"@id\":\"https:\\\/\\\/radioleinewelle.de\\\/#\\\/schema\\\/person\\\/45606f348637df637192dc1b68399a63\",\"name\":\"Leinewelle\",\"image\":{\"@type\":\"ImageObject\",\"inLanguage\":\"de\",\"@id\":\"https:\\\/\\\/secure.gravatar.com\\\/avatar\\\/05c9a17bc973052ee5d91549bd32fb4dd0dc85b7b85ae94b2e2b4943476bbea5?s=96&d=blank&r=g\",\"url\":\"https:\\\/\\\/secure.gravatar.com\\\/avatar\\\/05c9a17bc973052ee5d91549bd32fb4dd0dc85b7b85ae94b2e2b4943476bbea5?s=96&d=blank&r=g\",\"contentUrl\":\"https:\\\/\\\/secure.gravatar.com\\\/avatar\\\/05c9a17bc973052ee5d91549bd32fb4dd0dc85b7b85ae94b2e2b4943476bbea5?s=96&d=blank&r=g\",\"caption\":\"Leinewelle\"},\"sameAs\":[\"http:\\\/\\\/localhost\\\/radio%20leinewelle\\\/wordpress\",\"https:\\\/\\\/www.facebook.com\\\/radioleinewelle\",\"https:\\\/\\\/www.instagram.com\\\/radioleinewelle\",\"https:\\\/\\\/x.com\\\/https:\\\/\\\/twitter.com\\\/RLeinewelle?ref_src=twsrcgoogletwcampserptwgrauthor\",\"https:\\\/\\\/soundcloud.com\\\/foerderverein-lokalradio?utm_source=clipboard&utm_medium=text&utm_campaign=social_sharing\"],\"url\":\"https:\\\/\\\/radioleinewelle.de\\\/index.php\\\/author\\\/leinewelle\\\/\"}]}<\/script>\n<!-- \/ Yoast SEO plugin. -->","yoast_head_json":{"title":"Stadt G\u00f6ttingen verk\u00fcndet akute Haushaltssperre - Radio Leinewelle","robots":{"index":"index","follow":"follow","max-snippet":"max-snippet:-1","max-image-preview":"max-image-preview:large","max-video-preview":"max-video-preview:-1"},"canonical":"https:\/\/radioleinewelle.de\/index.php\/2024\/06\/15\/stadt-goettingen-verkuendet-akute-haushaltssperre\/","og_locale":"de_DE","og_type":"article","og_title":"Stadt G\u00f6ttingen verk\u00fcndet akute Haushaltssperre - Radio Leinewelle","og_description":"Ganz aus heiterem Himmel kam die Meldung nicht. Dennoch war es eine \u00dcberraschung, als der Erste Stadtrat Christian Schmetz zu Beginn der gestrigen Ratssitzung eine &#8222;Haushaltssperre Light&#8220; ank\u00fcndigte. Das die Stadt mit erheblichen Einnahmeausf\u00e4llen zu k\u00e4mpfen hat, ist seit einigen Tagen \u00f6ffentliches Thema. Die Ma\u00dfnahme gilt ab sofort, was bedeutet, dass alle Titel im Haushalt [&hellip;]","og_url":"https:\/\/radioleinewelle.de\/index.php\/2024\/06\/15\/stadt-goettingen-verkuendet-akute-haushaltssperre\/","og_site_name":"Radio Leinewelle","article_publisher":"https:\/\/www.facebook.com\/radioleinewelle","article_author":"https:\/\/www.facebook.com\/radioleinewelle","article_published_time":"2024-06-15T15:46:25+00:00","article_modified_time":"2024-06-15T15:46:26+00:00","og_image":[{"width":1034,"height":917,"url":"https:\/\/radioleinewelle.de\/wp-content\/uploads\/2024\/06\/Christian-Schmetz.jpg","type":"image\/jpeg"}],"author":"Leinewelle","twitter_card":"summary_large_image","twitter_creator":"@https:\/\/twitter.com\/RLeinewelle?ref_src=twsrcgoogletwcampserptwgrauthor","twitter_site":"@RLeinewelle","twitter_misc":{"Verfasst von":"Leinewelle","Gesch\u00e4tzte Lesezeit":"1\u00a0Minute"},"schema":{"@context":"https:\/\/schema.org","@graph":[{"@type":"Article","@id":"https:\/\/radioleinewelle.de\/index.php\/2024\/06\/15\/stadt-goettingen-verkuendet-akute-haushaltssperre\/#article","isPartOf":{"@id":"https:\/\/radioleinewelle.de\/index.php\/2024\/06\/15\/stadt-goettingen-verkuendet-akute-haushaltssperre\/"},"author":{"name":"Leinewelle","@id":"https:\/\/radioleinewelle.de\/#\/schema\/person\/45606f348637df637192dc1b68399a63"},"headline":"Stadt G\u00f6ttingen verk\u00fcndet akute Haushaltssperre","datePublished":"2024-06-15T15:46:25+00:00","dateModified":"2024-06-15T15:46:26+00:00","mainEntityOfPage":{"@id":"https:\/\/radioleinewelle.de\/index.php\/2024\/06\/15\/stadt-goettingen-verkuendet-akute-haushaltssperre\/"},"wordCount":95,"commentCount":0,"publisher":{"@id":"https:\/\/radioleinewelle.de\/#organization"},"image":{"@id":"https:\/\/radioleinewelle.de\/index.php\/2024\/06\/15\/stadt-goettingen-verkuendet-akute-haushaltssperre\/#primaryimage"},"thumbnailUrl":"https:\/\/radioleinewelle.de\/wp-content\/uploads\/2024\/06\/Christian-Schmetz.jpg","articleSection":["Aktuelle Nachrichten"],"inLanguage":"de","potentialAction":[{"@type":"CommentAction","name":"Comment","target":["https:\/\/radioleinewelle.de\/index.php\/2024\/06\/15\/stadt-goettingen-verkuendet-akute-haushaltssperre\/#respond"]}]},{"@type":"WebPage","@id":"https:\/\/radioleinewelle.de\/index.php\/2024\/06\/15\/stadt-goettingen-verkuendet-akute-haushaltssperre\/","url":"https:\/\/radioleinewelle.de\/index.php\/2024\/06\/15\/stadt-goettingen-verkuendet-akute-haushaltssperre\/","name":"Stadt G\u00f6ttingen verk\u00fcndet akute Haushaltssperre - Radio Leinewelle","isPartOf":{"@id":"https:\/\/radioleinewelle.de\/#website"},"primaryImageOfPage":{"@id":"https:\/\/radioleinewelle.de\/index.php\/2024\/06\/15\/stadt-goettingen-verkuendet-akute-haushaltssperre\/#primaryimage"},"image":{"@id":"https:\/\/radioleinewelle.de\/index.php\/2024\/06\/15\/stadt-goettingen-verkuendet-akute-haushaltssperre\/#primaryimage"},"thumbnailUrl":"https:\/\/radioleinewelle.de\/wp-content\/uploads\/2024\/06\/Christian-Schmetz.jpg","datePublished":"2024-06-15T15:46:25+00:00","dateModified":"2024-06-15T15:46:26+00:00","breadcrumb":{"@id":"https:\/\/radioleinewelle.de\/index.php\/2024\/06\/15\/stadt-goettingen-verkuendet-akute-haushaltssperre\/#breadcrumb"},"inLanguage":"de","potentialAction":[{"@type":"ReadAction","target":["https:\/\/radioleinewelle.de\/index.php\/2024\/06\/15\/stadt-goettingen-verkuendet-akute-haushaltssperre\/"]}]},{"@type":"ImageObject","inLanguage":"de","@id":"https:\/\/radioleinewelle.de\/index.php\/2024\/06\/15\/stadt-goettingen-verkuendet-akute-haushaltssperre\/#primaryimage","url":"https:\/\/radioleinewelle.de\/wp-content\/uploads\/2024\/06\/Christian-Schmetz.jpg","contentUrl":"https:\/\/radioleinewelle.de\/wp-content\/uploads\/2024\/06\/Christian-Schmetz.jpg","width":1034,"height":917},{"@type":"BreadcrumbList","@id":"https:\/\/radioleinewelle.de\/index.php\/2024\/06\/15\/stadt-goettingen-verkuendet-akute-haushaltssperre\/#breadcrumb","itemListElement":[{"@type":"ListItem","position":1,"name":"Startseite","item":"https:\/\/radioleinewelle.de\/"},{"@type":"ListItem","position":2,"name":"Stadt G\u00f6ttingen verk\u00fcndet akute Haushaltssperre"}]},{"@type":"WebSite","@id":"https:\/\/radioleinewelle.de\/#website","url":"https:\/\/radioleinewelle.de\/","name":"Radio Leinewelle","description":"","publisher":{"@id":"https:\/\/radioleinewelle.de\/#organization"},"potentialAction":[{"@type":"SearchAction","target":{"@type":"EntryPoint","urlTemplate":"https:\/\/radioleinewelle.de\/?s={search_term_string}"},"query-input":{"@type":"PropertyValueSpecification","valueRequired":true,"valueName":"search_term_string"}}],"inLanguage":"de"},{"@type":"Organization","@id":"https:\/\/radioleinewelle.de\/#organization","name":"Radio Leinewelle","alternateName":"Mein Radio f\u00fcr S\u00fcdniedersachsen","url":"https:\/\/radioleinewelle.de\/","logo":{"@type":"ImageObject","inLanguage":"de","@id":"https:\/\/radioleinewelle.de\/#\/schema\/logo\/image\/","url":"https:\/\/radioleinewelle.de\/wp-content\/uploads\/2023\/11\/cropped-Leinewelle_Logo_weiss.png","contentUrl":"https:\/\/radioleinewelle.de\/wp-content\/uploads\/2023\/11\/cropped-Leinewelle_Logo_weiss.png","width":854,"height":260,"caption":"Radio Leinewelle"},"image":{"@id":"https:\/\/radioleinewelle.de\/#\/schema\/logo\/image\/"},"sameAs":["https:\/\/www.facebook.com\/radioleinewelle","https:\/\/x.com\/RLeinewelle","https:\/\/www.instagram.com\/radioleinewelle\/?hl=de"]},{"@type":"Person","@id":"https:\/\/radioleinewelle.de\/#\/schema\/person\/45606f348637df637192dc1b68399a63","name":"Leinewelle","image":{"@type":"ImageObject","inLanguage":"de","@id":"https:\/\/secure.gravatar.com\/avatar\/05c9a17bc973052ee5d91549bd32fb4dd0dc85b7b85ae94b2e2b4943476bbea5?s=96&d=blank&r=g","url":"https:\/\/secure.gravatar.com\/avatar\/05c9a17bc973052ee5d91549bd32fb4dd0dc85b7b85ae94b2e2b4943476bbea5?s=96&d=blank&r=g","contentUrl":"https:\/\/secure.gravatar.com\/avatar\/05c9a17bc973052ee5d91549bd32fb4dd0dc85b7b85ae94b2e2b4943476bbea5?s=96&d=blank&r=g","caption":"Leinewelle"},"sameAs":["http:\/\/localhost\/radio%20leinewelle\/wordpress","https:\/\/www.facebook.com\/radioleinewelle","https:\/\/www.instagram.com\/radioleinewelle","https:\/\/x.com\/https:\/\/twitter.com\/RLeinewelle?ref_src=twsrcgoogletwcampserptwgrauthor","https:\/\/soundcloud.com\/foerderverein-lokalradio?utm_source=clipboard&utm_medium=text&utm_campaign=social_sharing"],"url":"https:\/\/radioleinewelle.de\/index.php\/author\/leinewelle\/"}]}},"_links":{"self":[{"href":"https:\/\/radioleinewelle.de\/index.php\/wp-json\/wp\/v2\/posts\/25629","targetHints":{"allow":["GET"]}}],"collection":[{"href":"https:\/\/radioleinewelle.de\/index.php\/wp-json\/wp\/v2\/posts"}],"about":[{"href":"https:\/\/radioleinewelle.de\/index.php\/wp-json\/wp\/v2\/types\/post"}],"author":[{"embeddable":true,"href":"https:\/\/radioleinewelle.de\/index.php\/wp-json\/wp\/v2\/users\/1"}],"replies":[{"embeddable":true,"href":"https:\/\/radioleinewelle.de\/index.php\/wp-json\/wp\/v2\/comments?post=25629"}],"version-history":[{"count":3,"href":"https:\/\/radioleinewelle.de\/index.php\/wp-json\/wp\/v2\/posts\/25629\/revisions"}],"predecessor-version":[{"id":25633,"href":"https:\/\/radioleinewelle.de\/index.php\/wp-json\/wp\/v2\/posts\/25629\/revisions\/25633"}],"wp:featuredmedia":[{"embeddable":true,"href":"https:\/\/radioleinewelle.de\/index.php\/wp-json\/wp\/v2\/media\/25630"}],"wp:attachment":[{"href":"https:\/\/radioleinewelle.de\/index.php\/wp-json\/wp\/v2\/media?parent=25629"}],"wp:term":[{"taxonomy":"category","embeddable":true,"href":"https:\/\/radioleinewelle.de\/index.php\/wp-json\/wp\/v2\/categories?post=25629"},{"taxonomy":"post_tag","embeddable":true,"href":"https:\/\/radioleinewelle.de\/index.php\/wp-json\/wp\/v2\/tags?post=25629"}],"curies":[{"name":"wp","href":"https:\/\/api.w.org\/{rel}","templated":true}]}}