{"id":2569,"date":"2020-10-25T05:30:40","date_gmt":"2020-10-25T04:30:40","guid":{"rendered":"https:\/\/radioleinewelle.de\/?p=2569"},"modified":"2020-10-25T05:30:40","modified_gmt":"2020-10-25T04:30:40","slug":"oeffentliche-ringvorlesung-der-universitaet-goettingen-im-wintersemester-beginnt-am-27-oktober-2020","status":"publish","type":"post","link":"https:\/\/radioleinewelle.de\/index.php\/2020\/10\/25\/oeffentliche-ringvorlesung-der-universitaet-goettingen-im-wintersemester-beginnt-am-27-oktober-2020\/","title":{"rendered":"\u00d6ffentliche Ringvorlesung der Universit\u00e4t G\u00f6ttingen im Wintersemester beginnt am 27. Oktober 2020"},"content":{"rendered":"<p>&#8222;Urspr\u00fcnge\u201c lautet der Titel der \u00f6ffentlichen Ringvorlesung im Wintersemester 2020\/2021 an der Universit\u00e4t G\u00f6ttingen. Sowohl natur- als auch geisteswissenschaftliche Disziplinen widmen sich der Erforschung von Aspekten, denen der Ursprungsbegriff zugrunde liegt. Entsprechend schaut die Ringvorlesung aus verschiedenen fachlichen Perspektiven auf das Thema: mit Vortr\u00e4gen \u00fcber den Ursprung des Kosmos und des Sonnensystems sowie des Lebens auf der Erde ebenso wie \u00fcber die Urspr\u00fcnge von Kultur, Religion, Sch\u00f6pfung und Nationen. Die Vortr\u00e4ge finden dienstags um 18.15 Uhr online als Live-Stream statt; wenn es die Entwicklung der Corona-Pandemie zul\u00e4sst, kann eine begrenzte Anzahl an Interessierten in der Aula am Wilhelmsplatz teilnehmen.\u00a0Den Auftakt macht am Dienstag, 27. Oktober 2020, der Astrophysiker, Naturphilosoph und Moderator Prof. Dr. Harald Lesch von der Ludwig-Maximilians-Universit\u00e4t M\u00fcnchen. Sein ausschlie\u00dflich als Live-Stream ausgestrahlter Vortrag tr\u00e4gt den Titel \u201eDer Ursprung des Kosmos\u201c. Eine Woche sp\u00e4ter am 3. November spricht Prof. Dr. Ulrich Christensen vom Max-Planck-Institut f\u00fcr Sonnensystemforschung in G\u00f6ttingen \u00fcber \u201eUnsere Heimat im Kosmos \u2013 Die Entstehung des Sonnensystems\u201c. Weitere Themen sind die Geschichte des Mondes, geochemische Prozesse auf der fr\u00fchen Erde, die Evolution der Tiere, die Entstehung von \u201eHochkultur\u201c sowie der Ursprung des Menschen.\u00a0Die Reihe findet erneut in Zusammenarbeit mit der Akademie der Wissenschaften zu G\u00f6ttingen statt. Das gesamte Programm und aktuelle Informationen zum Format der jeweiligen Vortr\u00e4ge sind online unter <a href=\"http:\/\/www.uni-goettingen.de\/ringvorlesung\">www.uni-goettingen.de\/ringvorlesung<\/a> zu finden.(pug)<\/p>\n","protected":false},"excerpt":{"rendered":"<p>&#8222;Urspr\u00fcnge\u201c lautet der Titel der \u00f6ffentlichen Ringvorlesung im Wintersemester 2020\/2021 an der Universit\u00e4t G\u00f6ttingen. Sowohl natur- als auch geisteswissenschaftliche Disziplinen widmen sich der Erforschung von Aspekten, denen der Ursprungsbegriff zugrunde liegt. Entsprechend schaut die Ringvorlesung aus verschiedenen fachlichen Perspektiven auf das Thema: mit Vortr\u00e4gen \u00fcber den Ursprung des Kosmos und des Sonnensystems sowie des Lebens [&hellip;]<\/p>\n","protected":false},"author":1,"featured_media":0,"comment_status":"closed","ping_status":"closed","sticky":false,"template":"","format":"standard","meta":{"saved_in_kubio":false,"footnotes":""},"categories":[1],"tags":[],"class_list":["post-2569","post","type-post","status-publish","format-standard","hentry","category-allgemein"],"yoast_head":"<!-- This site is optimized with the Yoast SEO plugin v27.5 - https:\/\/yoast.com\/product\/yoast-seo-wordpress\/ -->\n<title>\u00d6ffentliche Ringvorlesung der Universit\u00e4t G\u00f6ttingen im Wintersemester beginnt am 27. Oktober 2020 - Radio Leinewelle<\/title>\n<meta name=\"robots\" content=\"index, follow, max-snippet:-1, max-image-preview:large, max-video-preview:-1\" \/>\n<link rel=\"canonical\" href=\"https:\/\/radioleinewelle.de\/index.php\/2020\/10\/25\/oeffentliche-ringvorlesung-der-universitaet-goettingen-im-wintersemester-beginnt-am-27-oktober-2020\/\" \/>\n<meta property=\"og:locale\" content=\"de_DE\" \/>\n<meta property=\"og:type\" content=\"article\" \/>\n<meta property=\"og:title\" content=\"\u00d6ffentliche Ringvorlesung der Universit\u00e4t G\u00f6ttingen im Wintersemester beginnt am 27. Oktober 2020 - Radio Leinewelle\" \/>\n<meta property=\"og:description\" content=\"&#8222;Urspr\u00fcnge\u201c lautet der Titel der \u00f6ffentlichen Ringvorlesung im Wintersemester 2020\/2021 an der Universit\u00e4t G\u00f6ttingen. Sowohl natur- als auch geisteswissenschaftliche Disziplinen widmen sich der Erforschung von Aspekten, denen der Ursprungsbegriff zugrunde liegt. Entsprechend schaut die Ringvorlesung aus verschiedenen fachlichen Perspektiven auf das Thema: mit Vortr\u00e4gen \u00fcber den Ursprung des Kosmos und des Sonnensystems sowie des Lebens [&hellip;]\" \/>\n<meta property=\"og:url\" content=\"https:\/\/radioleinewelle.de\/index.php\/2020\/10\/25\/oeffentliche-ringvorlesung-der-universitaet-goettingen-im-wintersemester-beginnt-am-27-oktober-2020\/\" \/>\n<meta property=\"og:site_name\" content=\"Radio Leinewelle\" \/>\n<meta property=\"article:publisher\" content=\"https:\/\/www.facebook.com\/radioleinewelle\" \/>\n<meta property=\"article:author\" content=\"https:\/\/www.facebook.com\/radioleinewelle\" \/>\n<meta property=\"article:published_time\" content=\"2020-10-25T04:30:40+00:00\" \/>\n<meta name=\"author\" content=\"Leinewelle\" \/>\n<meta name=\"twitter:card\" content=\"summary_large_image\" \/>\n<meta name=\"twitter:creator\" content=\"@https:\/\/twitter.com\/RLeinewelle?ref_src=twsrcgoogletwcampserptwgrauthor\" \/>\n<meta name=\"twitter:site\" content=\"@RLeinewelle\" \/>\n<meta name=\"twitter:label1\" content=\"Verfasst von\" \/>\n\t<meta name=\"twitter:data1\" content=\"Leinewelle\" \/>\n\t<meta name=\"twitter:label2\" content=\"Gesch\u00e4tzte Lesezeit\" \/>\n\t<meta name=\"twitter:data2\" content=\"1\u00a0Minute\" \/>\n<script type=\"application\/ld+json\" class=\"yoast-schema-graph\">{\"@context\":\"https:\\\/\\\/schema.org\",\"@graph\":[{\"@type\":\"Article\",\"@id\":\"https:\\\/\\\/radioleinewelle.de\\\/index.php\\\/2020\\\/10\\\/25\\\/oeffentliche-ringvorlesung-der-universitaet-goettingen-im-wintersemester-beginnt-am-27-oktober-2020\\\/#article\",\"isPartOf\":{\"@id\":\"https:\\\/\\\/radioleinewelle.de\\\/index.php\\\/2020\\\/10\\\/25\\\/oeffentliche-ringvorlesung-der-universitaet-goettingen-im-wintersemester-beginnt-am-27-oktober-2020\\\/\"},\"author\":{\"name\":\"Leinewelle\",\"@id\":\"https:\\\/\\\/radioleinewelle.de\\\/#\\\/schema\\\/person\\\/45606f348637df637192dc1b68399a63\"},\"headline\":\"\u00d6ffentliche Ringvorlesung der Universit\u00e4t G\u00f6ttingen im Wintersemester beginnt am 27. Oktober 2020\",\"datePublished\":\"2020-10-25T04:30:40+00:00\",\"mainEntityOfPage\":{\"@id\":\"https:\\\/\\\/radioleinewelle.de\\\/index.php\\\/2020\\\/10\\\/25\\\/oeffentliche-ringvorlesung-der-universitaet-goettingen-im-wintersemester-beginnt-am-27-oktober-2020\\\/\"},\"wordCount\":245,\"publisher\":{\"@id\":\"https:\\\/\\\/radioleinewelle.de\\\/#organization\"},\"inLanguage\":\"de\"},{\"@type\":\"WebPage\",\"@id\":\"https:\\\/\\\/radioleinewelle.de\\\/index.php\\\/2020\\\/10\\\/25\\\/oeffentliche-ringvorlesung-der-universitaet-goettingen-im-wintersemester-beginnt-am-27-oktober-2020\\\/\",\"url\":\"https:\\\/\\\/radioleinewelle.de\\\/index.php\\\/2020\\\/10\\\/25\\\/oeffentliche-ringvorlesung-der-universitaet-goettingen-im-wintersemester-beginnt-am-27-oktober-2020\\\/\",\"name\":\"\u00d6ffentliche Ringvorlesung der Universit\u00e4t G\u00f6ttingen im Wintersemester beginnt am 27. Oktober 2020 - Radio Leinewelle\",\"isPartOf\":{\"@id\":\"https:\\\/\\\/radioleinewelle.de\\\/#website\"},\"datePublished\":\"2020-10-25T04:30:40+00:00\",\"breadcrumb\":{\"@id\":\"https:\\\/\\\/radioleinewelle.de\\\/index.php\\\/2020\\\/10\\\/25\\\/oeffentliche-ringvorlesung-der-universitaet-goettingen-im-wintersemester-beginnt-am-27-oktober-2020\\\/#breadcrumb\"},\"inLanguage\":\"de\",\"potentialAction\":[{\"@type\":\"ReadAction\",\"target\":[\"https:\\\/\\\/radioleinewelle.de\\\/index.php\\\/2020\\\/10\\\/25\\\/oeffentliche-ringvorlesung-der-universitaet-goettingen-im-wintersemester-beginnt-am-27-oktober-2020\\\/\"]}]},{\"@type\":\"BreadcrumbList\",\"@id\":\"https:\\\/\\\/radioleinewelle.de\\\/index.php\\\/2020\\\/10\\\/25\\\/oeffentliche-ringvorlesung-der-universitaet-goettingen-im-wintersemester-beginnt-am-27-oktober-2020\\\/#breadcrumb\",\"itemListElement\":[{\"@type\":\"ListItem\",\"position\":1,\"name\":\"Startseite\",\"item\":\"https:\\\/\\\/radioleinewelle.de\\\/\"},{\"@type\":\"ListItem\",\"position\":2,\"name\":\"\u00d6ffentliche Ringvorlesung der Universit\u00e4t G\u00f6ttingen im Wintersemester beginnt am 27. Oktober 2020\"}]},{\"@type\":\"WebSite\",\"@id\":\"https:\\\/\\\/radioleinewelle.de\\\/#website\",\"url\":\"https:\\\/\\\/radioleinewelle.de\\\/\",\"name\":\"Radio Leinewelle\",\"description\":\"\",\"publisher\":{\"@id\":\"https:\\\/\\\/radioleinewelle.de\\\/#organization\"},\"potentialAction\":[{\"@type\":\"SearchAction\",\"target\":{\"@type\":\"EntryPoint\",\"urlTemplate\":\"https:\\\/\\\/radioleinewelle.de\\\/?s={search_term_string}\"},\"query-input\":{\"@type\":\"PropertyValueSpecification\",\"valueRequired\":true,\"valueName\":\"search_term_string\"}}],\"inLanguage\":\"de\"},{\"@type\":\"Organization\",\"@id\":\"https:\\\/\\\/radioleinewelle.de\\\/#organization\",\"name\":\"Radio Leinewelle\",\"alternateName\":\"Mein Radio f\u00fcr S\u00fcdniedersachsen\",\"url\":\"https:\\\/\\\/radioleinewelle.de\\\/\",\"logo\":{\"@type\":\"ImageObject\",\"inLanguage\":\"de\",\"@id\":\"https:\\\/\\\/radioleinewelle.de\\\/#\\\/schema\\\/logo\\\/image\\\/\",\"url\":\"https:\\\/\\\/radioleinewelle.de\\\/wp-content\\\/uploads\\\/2023\\\/11\\\/cropped-Leinewelle_Logo_weiss.png\",\"contentUrl\":\"https:\\\/\\\/radioleinewelle.de\\\/wp-content\\\/uploads\\\/2023\\\/11\\\/cropped-Leinewelle_Logo_weiss.png\",\"width\":854,\"height\":260,\"caption\":\"Radio Leinewelle\"},\"image\":{\"@id\":\"https:\\\/\\\/radioleinewelle.de\\\/#\\\/schema\\\/logo\\\/image\\\/\"},\"sameAs\":[\"https:\\\/\\\/www.facebook.com\\\/radioleinewelle\",\"https:\\\/\\\/x.com\\\/RLeinewelle\",\"https:\\\/\\\/www.instagram.com\\\/radioleinewelle\\\/?hl=de\"]},{\"@type\":\"Person\",\"@id\":\"https:\\\/\\\/radioleinewelle.de\\\/#\\\/schema\\\/person\\\/45606f348637df637192dc1b68399a63\",\"name\":\"Leinewelle\",\"image\":{\"@type\":\"ImageObject\",\"inLanguage\":\"de\",\"@id\":\"https:\\\/\\\/secure.gravatar.com\\\/avatar\\\/05c9a17bc973052ee5d91549bd32fb4dd0dc85b7b85ae94b2e2b4943476bbea5?s=96&d=blank&r=g\",\"url\":\"https:\\\/\\\/secure.gravatar.com\\\/avatar\\\/05c9a17bc973052ee5d91549bd32fb4dd0dc85b7b85ae94b2e2b4943476bbea5?s=96&d=blank&r=g\",\"contentUrl\":\"https:\\\/\\\/secure.gravatar.com\\\/avatar\\\/05c9a17bc973052ee5d91549bd32fb4dd0dc85b7b85ae94b2e2b4943476bbea5?s=96&d=blank&r=g\",\"caption\":\"Leinewelle\"},\"sameAs\":[\"http:\\\/\\\/localhost\\\/radio%20leinewelle\\\/wordpress\",\"https:\\\/\\\/www.facebook.com\\\/radioleinewelle\",\"https:\\\/\\\/www.instagram.com\\\/radioleinewelle\",\"https:\\\/\\\/x.com\\\/https:\\\/\\\/twitter.com\\\/RLeinewelle?ref_src=twsrcgoogletwcampserptwgrauthor\",\"https:\\\/\\\/soundcloud.com\\\/foerderverein-lokalradio?utm_source=clipboard&utm_medium=text&utm_campaign=social_sharing\"],\"url\":\"https:\\\/\\\/radioleinewelle.de\\\/index.php\\\/author\\\/leinewelle\\\/\"}]}<\/script>\n<!-- \/ Yoast SEO plugin. -->","yoast_head_json":{"title":"\u00d6ffentliche Ringvorlesung der Universit\u00e4t G\u00f6ttingen im Wintersemester beginnt am 27. Oktober 2020 - Radio Leinewelle","robots":{"index":"index","follow":"follow","max-snippet":"max-snippet:-1","max-image-preview":"max-image-preview:large","max-video-preview":"max-video-preview:-1"},"canonical":"https:\/\/radioleinewelle.de\/index.php\/2020\/10\/25\/oeffentliche-ringvorlesung-der-universitaet-goettingen-im-wintersemester-beginnt-am-27-oktober-2020\/","og_locale":"de_DE","og_type":"article","og_title":"\u00d6ffentliche Ringvorlesung der Universit\u00e4t G\u00f6ttingen im Wintersemester beginnt am 27. Oktober 2020 - Radio Leinewelle","og_description":"&#8222;Urspr\u00fcnge\u201c lautet der Titel der \u00f6ffentlichen Ringvorlesung im Wintersemester 2020\/2021 an der Universit\u00e4t G\u00f6ttingen. Sowohl natur- als auch geisteswissenschaftliche Disziplinen widmen sich der Erforschung von Aspekten, denen der Ursprungsbegriff zugrunde liegt. Entsprechend schaut die Ringvorlesung aus verschiedenen fachlichen Perspektiven auf das Thema: mit Vortr\u00e4gen \u00fcber den Ursprung des Kosmos und des Sonnensystems sowie des Lebens [&hellip;]","og_url":"https:\/\/radioleinewelle.de\/index.php\/2020\/10\/25\/oeffentliche-ringvorlesung-der-universitaet-goettingen-im-wintersemester-beginnt-am-27-oktober-2020\/","og_site_name":"Radio Leinewelle","article_publisher":"https:\/\/www.facebook.com\/radioleinewelle","article_author":"https:\/\/www.facebook.com\/radioleinewelle","article_published_time":"2020-10-25T04:30:40+00:00","author":"Leinewelle","twitter_card":"summary_large_image","twitter_creator":"@https:\/\/twitter.com\/RLeinewelle?ref_src=twsrcgoogletwcampserptwgrauthor","twitter_site":"@RLeinewelle","twitter_misc":{"Verfasst von":"Leinewelle","Gesch\u00e4tzte Lesezeit":"1\u00a0Minute"},"schema":{"@context":"https:\/\/schema.org","@graph":[{"@type":"Article","@id":"https:\/\/radioleinewelle.de\/index.php\/2020\/10\/25\/oeffentliche-ringvorlesung-der-universitaet-goettingen-im-wintersemester-beginnt-am-27-oktober-2020\/#article","isPartOf":{"@id":"https:\/\/radioleinewelle.de\/index.php\/2020\/10\/25\/oeffentliche-ringvorlesung-der-universitaet-goettingen-im-wintersemester-beginnt-am-27-oktober-2020\/"},"author":{"name":"Leinewelle","@id":"https:\/\/radioleinewelle.de\/#\/schema\/person\/45606f348637df637192dc1b68399a63"},"headline":"\u00d6ffentliche Ringvorlesung der Universit\u00e4t G\u00f6ttingen im Wintersemester beginnt am 27. Oktober 2020","datePublished":"2020-10-25T04:30:40+00:00","mainEntityOfPage":{"@id":"https:\/\/radioleinewelle.de\/index.php\/2020\/10\/25\/oeffentliche-ringvorlesung-der-universitaet-goettingen-im-wintersemester-beginnt-am-27-oktober-2020\/"},"wordCount":245,"publisher":{"@id":"https:\/\/radioleinewelle.de\/#organization"},"inLanguage":"de"},{"@type":"WebPage","@id":"https:\/\/radioleinewelle.de\/index.php\/2020\/10\/25\/oeffentliche-ringvorlesung-der-universitaet-goettingen-im-wintersemester-beginnt-am-27-oktober-2020\/","url":"https:\/\/radioleinewelle.de\/index.php\/2020\/10\/25\/oeffentliche-ringvorlesung-der-universitaet-goettingen-im-wintersemester-beginnt-am-27-oktober-2020\/","name":"\u00d6ffentliche Ringvorlesung der Universit\u00e4t G\u00f6ttingen im Wintersemester beginnt am 27. Oktober 2020 - Radio Leinewelle","isPartOf":{"@id":"https:\/\/radioleinewelle.de\/#website"},"datePublished":"2020-10-25T04:30:40+00:00","breadcrumb":{"@id":"https:\/\/radioleinewelle.de\/index.php\/2020\/10\/25\/oeffentliche-ringvorlesung-der-universitaet-goettingen-im-wintersemester-beginnt-am-27-oktober-2020\/#breadcrumb"},"inLanguage":"de","potentialAction":[{"@type":"ReadAction","target":["https:\/\/radioleinewelle.de\/index.php\/2020\/10\/25\/oeffentliche-ringvorlesung-der-universitaet-goettingen-im-wintersemester-beginnt-am-27-oktober-2020\/"]}]},{"@type":"BreadcrumbList","@id":"https:\/\/radioleinewelle.de\/index.php\/2020\/10\/25\/oeffentliche-ringvorlesung-der-universitaet-goettingen-im-wintersemester-beginnt-am-27-oktober-2020\/#breadcrumb","itemListElement":[{"@type":"ListItem","position":1,"name":"Startseite","item":"https:\/\/radioleinewelle.de\/"},{"@type":"ListItem","position":2,"name":"\u00d6ffentliche Ringvorlesung der Universit\u00e4t G\u00f6ttingen im Wintersemester beginnt am 27. Oktober 2020"}]},{"@type":"WebSite","@id":"https:\/\/radioleinewelle.de\/#website","url":"https:\/\/radioleinewelle.de\/","name":"Radio Leinewelle","description":"","publisher":{"@id":"https:\/\/radioleinewelle.de\/#organization"},"potentialAction":[{"@type":"SearchAction","target":{"@type":"EntryPoint","urlTemplate":"https:\/\/radioleinewelle.de\/?s={search_term_string}"},"query-input":{"@type":"PropertyValueSpecification","valueRequired":true,"valueName":"search_term_string"}}],"inLanguage":"de"},{"@type":"Organization","@id":"https:\/\/radioleinewelle.de\/#organization","name":"Radio Leinewelle","alternateName":"Mein Radio f\u00fcr S\u00fcdniedersachsen","url":"https:\/\/radioleinewelle.de\/","logo":{"@type":"ImageObject","inLanguage":"de","@id":"https:\/\/radioleinewelle.de\/#\/schema\/logo\/image\/","url":"https:\/\/radioleinewelle.de\/wp-content\/uploads\/2023\/11\/cropped-Leinewelle_Logo_weiss.png","contentUrl":"https:\/\/radioleinewelle.de\/wp-content\/uploads\/2023\/11\/cropped-Leinewelle_Logo_weiss.png","width":854,"height":260,"caption":"Radio Leinewelle"},"image":{"@id":"https:\/\/radioleinewelle.de\/#\/schema\/logo\/image\/"},"sameAs":["https:\/\/www.facebook.com\/radioleinewelle","https:\/\/x.com\/RLeinewelle","https:\/\/www.instagram.com\/radioleinewelle\/?hl=de"]},{"@type":"Person","@id":"https:\/\/radioleinewelle.de\/#\/schema\/person\/45606f348637df637192dc1b68399a63","name":"Leinewelle","image":{"@type":"ImageObject","inLanguage":"de","@id":"https:\/\/secure.gravatar.com\/avatar\/05c9a17bc973052ee5d91549bd32fb4dd0dc85b7b85ae94b2e2b4943476bbea5?s=96&d=blank&r=g","url":"https:\/\/secure.gravatar.com\/avatar\/05c9a17bc973052ee5d91549bd32fb4dd0dc85b7b85ae94b2e2b4943476bbea5?s=96&d=blank&r=g","contentUrl":"https:\/\/secure.gravatar.com\/avatar\/05c9a17bc973052ee5d91549bd32fb4dd0dc85b7b85ae94b2e2b4943476bbea5?s=96&d=blank&r=g","caption":"Leinewelle"},"sameAs":["http:\/\/localhost\/radio%20leinewelle\/wordpress","https:\/\/www.facebook.com\/radioleinewelle","https:\/\/www.instagram.com\/radioleinewelle","https:\/\/x.com\/https:\/\/twitter.com\/RLeinewelle?ref_src=twsrcgoogletwcampserptwgrauthor","https:\/\/soundcloud.com\/foerderverein-lokalradio?utm_source=clipboard&utm_medium=text&utm_campaign=social_sharing"],"url":"https:\/\/radioleinewelle.de\/index.php\/author\/leinewelle\/"}]}},"_links":{"self":[{"href":"https:\/\/radioleinewelle.de\/index.php\/wp-json\/wp\/v2\/posts\/2569","targetHints":{"allow":["GET"]}}],"collection":[{"href":"https:\/\/radioleinewelle.de\/index.php\/wp-json\/wp\/v2\/posts"}],"about":[{"href":"https:\/\/radioleinewelle.de\/index.php\/wp-json\/wp\/v2\/types\/post"}],"author":[{"embeddable":true,"href":"https:\/\/radioleinewelle.de\/index.php\/wp-json\/wp\/v2\/users\/1"}],"replies":[{"embeddable":true,"href":"https:\/\/radioleinewelle.de\/index.php\/wp-json\/wp\/v2\/comments?post=2569"}],"version-history":[{"count":0,"href":"https:\/\/radioleinewelle.de\/index.php\/wp-json\/wp\/v2\/posts\/2569\/revisions"}],"wp:attachment":[{"href":"https:\/\/radioleinewelle.de\/index.php\/wp-json\/wp\/v2\/media?parent=2569"}],"wp:term":[{"taxonomy":"category","embeddable":true,"href":"https:\/\/radioleinewelle.de\/index.php\/wp-json\/wp\/v2\/categories?post=2569"},{"taxonomy":"post_tag","embeddable":true,"href":"https:\/\/radioleinewelle.de\/index.php\/wp-json\/wp\/v2\/tags?post=2569"}],"curies":[{"name":"wp","href":"https:\/\/api.w.org\/{rel}","templated":true}]}}