{"id":2573,"date":"2020-10-26T05:20:45","date_gmt":"2020-10-26T04:20:45","guid":{"rendered":"https:\/\/radioleinewelle.de\/?p=2573"},"modified":"2020-10-26T05:20:45","modified_gmt":"2020-10-26T04:20:45","slug":"spielraum-goettingen-e-v-praesentiert-die-wahren-ferien-sind-im-kopf","status":"publish","type":"post","link":"https:\/\/radioleinewelle.de\/index.php\/2020\/10\/26\/spielraum-goettingen-e-v-praesentiert-die-wahren-ferien-sind-im-kopf\/","title":{"rendered":"Spielraum G\u00f6ttingen e.V. pr\u00e4sentiert: Die wahren Ferien sind im Kopf"},"content":{"rendered":"<p>8 Wochen lang, Corona-Sommer 2020, schreiben 9 junge Frauen zwischen 15 und 22 Jahren\u00a0 im Rahmen eines Ferien-Schreibworkshops von Spielraum G\u00f6ttingen e.V. Gedichte, kurze Geschichten und Songtexte. Angeleitet und unterst\u00fctzt wurden sie dabei von Lektorin, Coach und Workshopleiterin Nicola Bongard von Spielraum G\u00f6ttingen e.V.\u00a0Die jungen Autorinnen bekamen w\u00f6chentlich Postkarten und Briefe, auch mal Gl\u00fcckskekse und Wortschnipsel als Schreibimpulse digital wie analog zugesandt und schickten einander durch recht spezielle Wegbeschreibungen an ungewohnte Pl\u00e4tze. Sie durften S\u00e4tze erg\u00e4nzen, mit Worten spielen und sich auf alles ihren eigenen Reim machen. Sie experimentierten mit der Arbeitsplattform SLACK und bekamen inspirierende Links zu ausgew\u00e4hlten Videos auf YouTube zugesandt. Manche w\u00fchlten dann bald auch in ihren Schubladen nach fr\u00fcheren Werken und\u00a0 lie\u00dfen sie lektorieren, arbeiteten weiter daran, holten sich Rat. Alle zwei Wochen gab es ein Zoom-Treffen, um einander zu begegnen, Fragen zu beantworten, Erfahrungen auszutauschen und gemeinsam zu schreiben. \u00a0Die Teilnehmerinnen wussten von Anfang an: Sp\u00e4ter werden professionelle Schauspieler*innen ihr Gedichtetes in Videos einlesen und auf ihre ganz pers\u00f6nliche Weise interpretieren. F\u00fcr die filmische Umsetzung gab es keine Regeln, alles war erlaubt, 2casual&#8220; und aufw\u00e4ndig.\u00a0Die beteiligten Schauspieler*innen werden einigen G\u00f6ttinger*innen bekannt sein: <strong>Imme Beccard, Franziska Aeschlimann, Andreas Klumpf, Norman Gr\u00fc\u00df, Martina Hesse, das NEST LEIPZIG, Kathrin M\u00fcller-Gr\u00fc\u00df und Sonja Elena Schroeder.<\/strong><\/p>\n<p>Jetzt werden die Ergebnisse zeitnah auf der Internetseite <a href=\"http:\/\/ferienimkopf.de\">ferienimkopf.de<\/a> zu sehen und h\u00f6ren sein.<\/p>\n","protected":false},"excerpt":{"rendered":"<p>8 Wochen lang, Corona-Sommer 2020, schreiben 9 junge Frauen zwischen 15 und 22 Jahren\u00a0 im Rahmen eines Ferien-Schreibworkshops von Spielraum G\u00f6ttingen e.V. Gedichte, kurze Geschichten und Songtexte. Angeleitet und unterst\u00fctzt wurden sie dabei von Lektorin, Coach und Workshopleiterin Nicola Bongard von Spielraum G\u00f6ttingen e.V.\u00a0Die jungen Autorinnen bekamen w\u00f6chentlich Postkarten und Briefe, auch mal Gl\u00fcckskekse und [&hellip;]<\/p>\n","protected":false},"author":1,"featured_media":0,"comment_status":"closed","ping_status":"closed","sticky":false,"template":"","format":"standard","meta":{"saved_in_kubio":false,"footnotes":""},"categories":[45],"tags":[],"class_list":["post-2573","post","type-post","status-publish","format-standard","hentry","category-kultur"],"yoast_head":"<!-- This site is optimized with the Yoast SEO plugin v27.5 - https:\/\/yoast.com\/product\/yoast-seo-wordpress\/ -->\n<title>Spielraum G\u00f6ttingen e.V. pr\u00e4sentiert: Die wahren Ferien sind im Kopf - Radio Leinewelle<\/title>\n<meta name=\"robots\" content=\"index, follow, max-snippet:-1, max-image-preview:large, max-video-preview:-1\" \/>\n<link rel=\"canonical\" href=\"https:\/\/radioleinewelle.de\/index.php\/2020\/10\/26\/spielraum-goettingen-e-v-praesentiert-die-wahren-ferien-sind-im-kopf\/\" \/>\n<meta property=\"og:locale\" content=\"de_DE\" \/>\n<meta property=\"og:type\" content=\"article\" \/>\n<meta property=\"og:title\" content=\"Spielraum G\u00f6ttingen e.V. pr\u00e4sentiert: Die wahren Ferien sind im Kopf - Radio Leinewelle\" \/>\n<meta property=\"og:description\" content=\"8 Wochen lang, Corona-Sommer 2020, schreiben 9 junge Frauen zwischen 15 und 22 Jahren\u00a0 im Rahmen eines Ferien-Schreibworkshops von Spielraum G\u00f6ttingen e.V. Gedichte, kurze Geschichten und Songtexte. Angeleitet und unterst\u00fctzt wurden sie dabei von Lektorin, Coach und Workshopleiterin Nicola Bongard von Spielraum G\u00f6ttingen e.V.\u00a0Die jungen Autorinnen bekamen w\u00f6chentlich Postkarten und Briefe, auch mal Gl\u00fcckskekse und [&hellip;]\" \/>\n<meta property=\"og:url\" content=\"https:\/\/radioleinewelle.de\/index.php\/2020\/10\/26\/spielraum-goettingen-e-v-praesentiert-die-wahren-ferien-sind-im-kopf\/\" \/>\n<meta property=\"og:site_name\" content=\"Radio Leinewelle\" \/>\n<meta property=\"article:publisher\" content=\"https:\/\/www.facebook.com\/radioleinewelle\" \/>\n<meta property=\"article:author\" content=\"https:\/\/www.facebook.com\/radioleinewelle\" \/>\n<meta property=\"article:published_time\" content=\"2020-10-26T04:20:45+00:00\" \/>\n<meta name=\"author\" content=\"Leinewelle\" \/>\n<meta name=\"twitter:card\" content=\"summary_large_image\" \/>\n<meta name=\"twitter:creator\" content=\"@https:\/\/twitter.com\/RLeinewelle?ref_src=twsrcgoogletwcampserptwgrauthor\" \/>\n<meta name=\"twitter:site\" content=\"@RLeinewelle\" \/>\n<meta name=\"twitter:label1\" content=\"Verfasst von\" \/>\n\t<meta name=\"twitter:data1\" content=\"Leinewelle\" \/>\n\t<meta name=\"twitter:label2\" content=\"Gesch\u00e4tzte Lesezeit\" \/>\n\t<meta name=\"twitter:data2\" content=\"1\u00a0Minute\" \/>\n<script type=\"application\/ld+json\" class=\"yoast-schema-graph\">{\"@context\":\"https:\\\/\\\/schema.org\",\"@graph\":[{\"@type\":\"Article\",\"@id\":\"https:\\\/\\\/radioleinewelle.de\\\/index.php\\\/2020\\\/10\\\/26\\\/spielraum-goettingen-e-v-praesentiert-die-wahren-ferien-sind-im-kopf\\\/#article\",\"isPartOf\":{\"@id\":\"https:\\\/\\\/radioleinewelle.de\\\/index.php\\\/2020\\\/10\\\/26\\\/spielraum-goettingen-e-v-praesentiert-die-wahren-ferien-sind-im-kopf\\\/\"},\"author\":{\"name\":\"Leinewelle\",\"@id\":\"https:\\\/\\\/radioleinewelle.de\\\/#\\\/schema\\\/person\\\/45606f348637df637192dc1b68399a63\"},\"headline\":\"Spielraum G\u00f6ttingen e.V. pr\u00e4sentiert: Die wahren Ferien sind im Kopf\",\"datePublished\":\"2020-10-26T04:20:45+00:00\",\"mainEntityOfPage\":{\"@id\":\"https:\\\/\\\/radioleinewelle.de\\\/index.php\\\/2020\\\/10\\\/26\\\/spielraum-goettingen-e-v-praesentiert-die-wahren-ferien-sind-im-kopf\\\/\"},\"wordCount\":255,\"publisher\":{\"@id\":\"https:\\\/\\\/radioleinewelle.de\\\/#organization\"},\"articleSection\":[\"Kultur\"],\"inLanguage\":\"de\"},{\"@type\":\"WebPage\",\"@id\":\"https:\\\/\\\/radioleinewelle.de\\\/index.php\\\/2020\\\/10\\\/26\\\/spielraum-goettingen-e-v-praesentiert-die-wahren-ferien-sind-im-kopf\\\/\",\"url\":\"https:\\\/\\\/radioleinewelle.de\\\/index.php\\\/2020\\\/10\\\/26\\\/spielraum-goettingen-e-v-praesentiert-die-wahren-ferien-sind-im-kopf\\\/\",\"name\":\"Spielraum G\u00f6ttingen e.V. pr\u00e4sentiert: Die wahren Ferien sind im Kopf - Radio Leinewelle\",\"isPartOf\":{\"@id\":\"https:\\\/\\\/radioleinewelle.de\\\/#website\"},\"datePublished\":\"2020-10-26T04:20:45+00:00\",\"breadcrumb\":{\"@id\":\"https:\\\/\\\/radioleinewelle.de\\\/index.php\\\/2020\\\/10\\\/26\\\/spielraum-goettingen-e-v-praesentiert-die-wahren-ferien-sind-im-kopf\\\/#breadcrumb\"},\"inLanguage\":\"de\",\"potentialAction\":[{\"@type\":\"ReadAction\",\"target\":[\"https:\\\/\\\/radioleinewelle.de\\\/index.php\\\/2020\\\/10\\\/26\\\/spielraum-goettingen-e-v-praesentiert-die-wahren-ferien-sind-im-kopf\\\/\"]}]},{\"@type\":\"BreadcrumbList\",\"@id\":\"https:\\\/\\\/radioleinewelle.de\\\/index.php\\\/2020\\\/10\\\/26\\\/spielraum-goettingen-e-v-praesentiert-die-wahren-ferien-sind-im-kopf\\\/#breadcrumb\",\"itemListElement\":[{\"@type\":\"ListItem\",\"position\":1,\"name\":\"Startseite\",\"item\":\"https:\\\/\\\/radioleinewelle.de\\\/\"},{\"@type\":\"ListItem\",\"position\":2,\"name\":\"Spielraum G\u00f6ttingen e.V. pr\u00e4sentiert: Die wahren Ferien sind im Kopf\"}]},{\"@type\":\"WebSite\",\"@id\":\"https:\\\/\\\/radioleinewelle.de\\\/#website\",\"url\":\"https:\\\/\\\/radioleinewelle.de\\\/\",\"name\":\"Radio Leinewelle\",\"description\":\"\",\"publisher\":{\"@id\":\"https:\\\/\\\/radioleinewelle.de\\\/#organization\"},\"potentialAction\":[{\"@type\":\"SearchAction\",\"target\":{\"@type\":\"EntryPoint\",\"urlTemplate\":\"https:\\\/\\\/radioleinewelle.de\\\/?s={search_term_string}\"},\"query-input\":{\"@type\":\"PropertyValueSpecification\",\"valueRequired\":true,\"valueName\":\"search_term_string\"}}],\"inLanguage\":\"de\"},{\"@type\":\"Organization\",\"@id\":\"https:\\\/\\\/radioleinewelle.de\\\/#organization\",\"name\":\"Radio Leinewelle\",\"alternateName\":\"Mein Radio f\u00fcr S\u00fcdniedersachsen\",\"url\":\"https:\\\/\\\/radioleinewelle.de\\\/\",\"logo\":{\"@type\":\"ImageObject\",\"inLanguage\":\"de\",\"@id\":\"https:\\\/\\\/radioleinewelle.de\\\/#\\\/schema\\\/logo\\\/image\\\/\",\"url\":\"https:\\\/\\\/radioleinewelle.de\\\/wp-content\\\/uploads\\\/2023\\\/11\\\/cropped-Leinewelle_Logo_weiss.png\",\"contentUrl\":\"https:\\\/\\\/radioleinewelle.de\\\/wp-content\\\/uploads\\\/2023\\\/11\\\/cropped-Leinewelle_Logo_weiss.png\",\"width\":854,\"height\":260,\"caption\":\"Radio Leinewelle\"},\"image\":{\"@id\":\"https:\\\/\\\/radioleinewelle.de\\\/#\\\/schema\\\/logo\\\/image\\\/\"},\"sameAs\":[\"https:\\\/\\\/www.facebook.com\\\/radioleinewelle\",\"https:\\\/\\\/x.com\\\/RLeinewelle\",\"https:\\\/\\\/www.instagram.com\\\/radioleinewelle\\\/?hl=de\"]},{\"@type\":\"Person\",\"@id\":\"https:\\\/\\\/radioleinewelle.de\\\/#\\\/schema\\\/person\\\/45606f348637df637192dc1b68399a63\",\"name\":\"Leinewelle\",\"image\":{\"@type\":\"ImageObject\",\"inLanguage\":\"de\",\"@id\":\"https:\\\/\\\/secure.gravatar.com\\\/avatar\\\/05c9a17bc973052ee5d91549bd32fb4dd0dc85b7b85ae94b2e2b4943476bbea5?s=96&d=blank&r=g\",\"url\":\"https:\\\/\\\/secure.gravatar.com\\\/avatar\\\/05c9a17bc973052ee5d91549bd32fb4dd0dc85b7b85ae94b2e2b4943476bbea5?s=96&d=blank&r=g\",\"contentUrl\":\"https:\\\/\\\/secure.gravatar.com\\\/avatar\\\/05c9a17bc973052ee5d91549bd32fb4dd0dc85b7b85ae94b2e2b4943476bbea5?s=96&d=blank&r=g\",\"caption\":\"Leinewelle\"},\"sameAs\":[\"http:\\\/\\\/localhost\\\/radio%20leinewelle\\\/wordpress\",\"https:\\\/\\\/www.facebook.com\\\/radioleinewelle\",\"https:\\\/\\\/www.instagram.com\\\/radioleinewelle\",\"https:\\\/\\\/x.com\\\/https:\\\/\\\/twitter.com\\\/RLeinewelle?ref_src=twsrcgoogletwcampserptwgrauthor\",\"https:\\\/\\\/soundcloud.com\\\/foerderverein-lokalradio?utm_source=clipboard&utm_medium=text&utm_campaign=social_sharing\"],\"url\":\"https:\\\/\\\/radioleinewelle.de\\\/index.php\\\/author\\\/leinewelle\\\/\"}]}<\/script>\n<!-- \/ Yoast SEO plugin. -->","yoast_head_json":{"title":"Spielraum G\u00f6ttingen e.V. pr\u00e4sentiert: Die wahren Ferien sind im Kopf - Radio Leinewelle","robots":{"index":"index","follow":"follow","max-snippet":"max-snippet:-1","max-image-preview":"max-image-preview:large","max-video-preview":"max-video-preview:-1"},"canonical":"https:\/\/radioleinewelle.de\/index.php\/2020\/10\/26\/spielraum-goettingen-e-v-praesentiert-die-wahren-ferien-sind-im-kopf\/","og_locale":"de_DE","og_type":"article","og_title":"Spielraum G\u00f6ttingen e.V. pr\u00e4sentiert: Die wahren Ferien sind im Kopf - Radio Leinewelle","og_description":"8 Wochen lang, Corona-Sommer 2020, schreiben 9 junge Frauen zwischen 15 und 22 Jahren\u00a0 im Rahmen eines Ferien-Schreibworkshops von Spielraum G\u00f6ttingen e.V. Gedichte, kurze Geschichten und Songtexte. Angeleitet und unterst\u00fctzt wurden sie dabei von Lektorin, Coach und Workshopleiterin Nicola Bongard von Spielraum G\u00f6ttingen e.V.\u00a0Die jungen Autorinnen bekamen w\u00f6chentlich Postkarten und Briefe, auch mal Gl\u00fcckskekse und [&hellip;]","og_url":"https:\/\/radioleinewelle.de\/index.php\/2020\/10\/26\/spielraum-goettingen-e-v-praesentiert-die-wahren-ferien-sind-im-kopf\/","og_site_name":"Radio Leinewelle","article_publisher":"https:\/\/www.facebook.com\/radioleinewelle","article_author":"https:\/\/www.facebook.com\/radioleinewelle","article_published_time":"2020-10-26T04:20:45+00:00","author":"Leinewelle","twitter_card":"summary_large_image","twitter_creator":"@https:\/\/twitter.com\/RLeinewelle?ref_src=twsrcgoogletwcampserptwgrauthor","twitter_site":"@RLeinewelle","twitter_misc":{"Verfasst von":"Leinewelle","Gesch\u00e4tzte Lesezeit":"1\u00a0Minute"},"schema":{"@context":"https:\/\/schema.org","@graph":[{"@type":"Article","@id":"https:\/\/radioleinewelle.de\/index.php\/2020\/10\/26\/spielraum-goettingen-e-v-praesentiert-die-wahren-ferien-sind-im-kopf\/#article","isPartOf":{"@id":"https:\/\/radioleinewelle.de\/index.php\/2020\/10\/26\/spielraum-goettingen-e-v-praesentiert-die-wahren-ferien-sind-im-kopf\/"},"author":{"name":"Leinewelle","@id":"https:\/\/radioleinewelle.de\/#\/schema\/person\/45606f348637df637192dc1b68399a63"},"headline":"Spielraum G\u00f6ttingen e.V. pr\u00e4sentiert: Die wahren Ferien sind im Kopf","datePublished":"2020-10-26T04:20:45+00:00","mainEntityOfPage":{"@id":"https:\/\/radioleinewelle.de\/index.php\/2020\/10\/26\/spielraum-goettingen-e-v-praesentiert-die-wahren-ferien-sind-im-kopf\/"},"wordCount":255,"publisher":{"@id":"https:\/\/radioleinewelle.de\/#organization"},"articleSection":["Kultur"],"inLanguage":"de"},{"@type":"WebPage","@id":"https:\/\/radioleinewelle.de\/index.php\/2020\/10\/26\/spielraum-goettingen-e-v-praesentiert-die-wahren-ferien-sind-im-kopf\/","url":"https:\/\/radioleinewelle.de\/index.php\/2020\/10\/26\/spielraum-goettingen-e-v-praesentiert-die-wahren-ferien-sind-im-kopf\/","name":"Spielraum G\u00f6ttingen e.V. pr\u00e4sentiert: Die wahren Ferien sind im Kopf - Radio Leinewelle","isPartOf":{"@id":"https:\/\/radioleinewelle.de\/#website"},"datePublished":"2020-10-26T04:20:45+00:00","breadcrumb":{"@id":"https:\/\/radioleinewelle.de\/index.php\/2020\/10\/26\/spielraum-goettingen-e-v-praesentiert-die-wahren-ferien-sind-im-kopf\/#breadcrumb"},"inLanguage":"de","potentialAction":[{"@type":"ReadAction","target":["https:\/\/radioleinewelle.de\/index.php\/2020\/10\/26\/spielraum-goettingen-e-v-praesentiert-die-wahren-ferien-sind-im-kopf\/"]}]},{"@type":"BreadcrumbList","@id":"https:\/\/radioleinewelle.de\/index.php\/2020\/10\/26\/spielraum-goettingen-e-v-praesentiert-die-wahren-ferien-sind-im-kopf\/#breadcrumb","itemListElement":[{"@type":"ListItem","position":1,"name":"Startseite","item":"https:\/\/radioleinewelle.de\/"},{"@type":"ListItem","position":2,"name":"Spielraum G\u00f6ttingen e.V. pr\u00e4sentiert: Die wahren Ferien sind im Kopf"}]},{"@type":"WebSite","@id":"https:\/\/radioleinewelle.de\/#website","url":"https:\/\/radioleinewelle.de\/","name":"Radio Leinewelle","description":"","publisher":{"@id":"https:\/\/radioleinewelle.de\/#organization"},"potentialAction":[{"@type":"SearchAction","target":{"@type":"EntryPoint","urlTemplate":"https:\/\/radioleinewelle.de\/?s={search_term_string}"},"query-input":{"@type":"PropertyValueSpecification","valueRequired":true,"valueName":"search_term_string"}}],"inLanguage":"de"},{"@type":"Organization","@id":"https:\/\/radioleinewelle.de\/#organization","name":"Radio Leinewelle","alternateName":"Mein Radio f\u00fcr S\u00fcdniedersachsen","url":"https:\/\/radioleinewelle.de\/","logo":{"@type":"ImageObject","inLanguage":"de","@id":"https:\/\/radioleinewelle.de\/#\/schema\/logo\/image\/","url":"https:\/\/radioleinewelle.de\/wp-content\/uploads\/2023\/11\/cropped-Leinewelle_Logo_weiss.png","contentUrl":"https:\/\/radioleinewelle.de\/wp-content\/uploads\/2023\/11\/cropped-Leinewelle_Logo_weiss.png","width":854,"height":260,"caption":"Radio Leinewelle"},"image":{"@id":"https:\/\/radioleinewelle.de\/#\/schema\/logo\/image\/"},"sameAs":["https:\/\/www.facebook.com\/radioleinewelle","https:\/\/x.com\/RLeinewelle","https:\/\/www.instagram.com\/radioleinewelle\/?hl=de"]},{"@type":"Person","@id":"https:\/\/radioleinewelle.de\/#\/schema\/person\/45606f348637df637192dc1b68399a63","name":"Leinewelle","image":{"@type":"ImageObject","inLanguage":"de","@id":"https:\/\/secure.gravatar.com\/avatar\/05c9a17bc973052ee5d91549bd32fb4dd0dc85b7b85ae94b2e2b4943476bbea5?s=96&d=blank&r=g","url":"https:\/\/secure.gravatar.com\/avatar\/05c9a17bc973052ee5d91549bd32fb4dd0dc85b7b85ae94b2e2b4943476bbea5?s=96&d=blank&r=g","contentUrl":"https:\/\/secure.gravatar.com\/avatar\/05c9a17bc973052ee5d91549bd32fb4dd0dc85b7b85ae94b2e2b4943476bbea5?s=96&d=blank&r=g","caption":"Leinewelle"},"sameAs":["http:\/\/localhost\/radio%20leinewelle\/wordpress","https:\/\/www.facebook.com\/radioleinewelle","https:\/\/www.instagram.com\/radioleinewelle","https:\/\/x.com\/https:\/\/twitter.com\/RLeinewelle?ref_src=twsrcgoogletwcampserptwgrauthor","https:\/\/soundcloud.com\/foerderverein-lokalradio?utm_source=clipboard&utm_medium=text&utm_campaign=social_sharing"],"url":"https:\/\/radioleinewelle.de\/index.php\/author\/leinewelle\/"}]}},"_links":{"self":[{"href":"https:\/\/radioleinewelle.de\/index.php\/wp-json\/wp\/v2\/posts\/2573","targetHints":{"allow":["GET"]}}],"collection":[{"href":"https:\/\/radioleinewelle.de\/index.php\/wp-json\/wp\/v2\/posts"}],"about":[{"href":"https:\/\/radioleinewelle.de\/index.php\/wp-json\/wp\/v2\/types\/post"}],"author":[{"embeddable":true,"href":"https:\/\/radioleinewelle.de\/index.php\/wp-json\/wp\/v2\/users\/1"}],"replies":[{"embeddable":true,"href":"https:\/\/radioleinewelle.de\/index.php\/wp-json\/wp\/v2\/comments?post=2573"}],"version-history":[{"count":0,"href":"https:\/\/radioleinewelle.de\/index.php\/wp-json\/wp\/v2\/posts\/2573\/revisions"}],"wp:attachment":[{"href":"https:\/\/radioleinewelle.de\/index.php\/wp-json\/wp\/v2\/media?parent=2573"}],"wp:term":[{"taxonomy":"category","embeddable":true,"href":"https:\/\/radioleinewelle.de\/index.php\/wp-json\/wp\/v2\/categories?post=2573"},{"taxonomy":"post_tag","embeddable":true,"href":"https:\/\/radioleinewelle.de\/index.php\/wp-json\/wp\/v2\/tags?post=2573"}],"curies":[{"name":"wp","href":"https:\/\/api.w.org\/{rel}","templated":true}]}}