{"id":25738,"date":"2024-07-11T16:45:14","date_gmt":"2024-07-11T14:45:14","guid":{"rendered":"https:\/\/radioleinewelle.de\/?p=25738"},"modified":"2024-07-11T16:45:15","modified_gmt":"2024-07-11T14:45:15","slug":"vorbereitungskurs-zur-ehrenamtlichen-mitarbeit-im-palliativzentrum-der-umg","status":"publish","type":"post","link":"https:\/\/radioleinewelle.de\/index.php\/2024\/07\/11\/vorbereitungskurs-zur-ehrenamtlichen-mitarbeit-im-palliativzentrum-der-umg\/","title":{"rendered":"Vorbereitungskurs zur ehrenamtlichen Mitarbeit im Palliativzentrum der UMG"},"content":{"rendered":"\n<p>Derzeit unterst\u00fctzen zirka 90 ehrenamtliche Mitarbeiter*innen das Team des Palliativzentrums der Universit\u00e4tsmedizin G\u00f6ttingen (UMG) in der Versorgung Schwerkranker, Sterbender und\/oder ihrer An- und Zugeh\u00f6rigen durch Dasein, Zuh\u00f6ren, Vorlesen, Spazierengehen und vieles mehr. Ehrenamtliche unterst\u00fctzen auch die \u00d6ffentlichkeitsarbeit, sammeln Spenden, gestalten das interne Informationsangebot mit und begleiten Trauernde.<\/p>\n\n\n\n<p>Der n\u00e4chste Vorbereitungskurs zur ehrenamtlichen Mitarbeit im Palliativzentrum beginnt im September 2024 und endet im Mai 2025. Die Teilnahme setzt ein pers\u00f6nliches Gespr\u00e4ch zum Kennenlernen voraus, daher ist eine fr\u00fchzeitige Anmeldung erforderlich.<\/p>\n\n\n\n<p><strong>Veranstalter:<\/strong> Palliativzentrum der Universit\u00e4tsmedizin G\u00f6ttingen <strong>Ort:<\/strong> Ehrenamtlicher Dienst, Von-Siebold-Stra\u00dfe 3, 37075 G\u00f6ttingen Kontakt: Kathrin Hei\u00df, Gregor Dreizehnter, ehrenamt-pzg(at)med.uni-goettingen.de, Telefon 0551 \/ 39-60514<\/p>\n\n\n\n<p>Der Kurs richtet sich an Interessierte ab 18 Jahren. Interessenbekundung\/Anmeldung unter: ehrenamt-pzg(at)med.uni-goettingen.de. Die Termin\u00fcbersicht sowie weitere Informationen werden anschlie\u00dfend zugesendet.<\/p>\n","protected":false},"excerpt":{"rendered":"<p>Derzeit unterst\u00fctzen zirka 90 ehrenamtliche Mitarbeiter*innen das Team des Palliativzentrums der Universit\u00e4tsmedizin G\u00f6ttingen (UMG) in der Versorgung Schwerkranker, Sterbender und\/oder ihrer An- und Zugeh\u00f6rigen durch Dasein, Zuh\u00f6ren, Vorlesen, Spazierengehen und vieles mehr. Ehrenamtliche unterst\u00fctzen auch die \u00d6ffentlichkeitsarbeit, sammeln Spenden, gestalten das interne Informationsangebot mit und begleiten Trauernde. Der n\u00e4chste Vorbereitungskurs zur ehrenamtlichen Mitarbeit im Palliativzentrum [&hellip;]<\/p>\n","protected":false},"author":1,"featured_media":25741,"comment_status":"open","ping_status":"open","sticky":true,"template":"","format":"standard","meta":{"saved_in_kubio":false,"footnotes":""},"categories":[4179],"tags":[4180],"class_list":["post-25738","post","type-post","status-publish","format-standard","has-post-thumbnail","hentry","category-universitaetsmedizin-goettingen-umg","tag-palliativzentrum-umg"],"yoast_head":"<!-- This site is optimized with the Yoast SEO plugin v27.4 - https:\/\/yoast.com\/product\/yoast-seo-wordpress\/ -->\n<title>Vorbereitungskurs zur ehrenamtlichen Mitarbeit im Palliativzentrum der UMG - Radio Leinewelle<\/title>\n<meta name=\"robots\" content=\"index, follow, max-snippet:-1, max-image-preview:large, max-video-preview:-1\" \/>\n<link rel=\"canonical\" href=\"https:\/\/radioleinewelle.de\/index.php\/2024\/07\/11\/vorbereitungskurs-zur-ehrenamtlichen-mitarbeit-im-palliativzentrum-der-umg\/\" \/>\n<meta property=\"og:locale\" content=\"de_DE\" \/>\n<meta property=\"og:type\" content=\"article\" \/>\n<meta property=\"og:title\" content=\"Vorbereitungskurs zur ehrenamtlichen Mitarbeit im Palliativzentrum der UMG - Radio Leinewelle\" \/>\n<meta property=\"og:description\" content=\"Derzeit unterst\u00fctzen zirka 90 ehrenamtliche Mitarbeiter*innen das Team des Palliativzentrums der Universit\u00e4tsmedizin G\u00f6ttingen (UMG) in der Versorgung Schwerkranker, Sterbender und\/oder ihrer An- und Zugeh\u00f6rigen durch Dasein, Zuh\u00f6ren, Vorlesen, Spazierengehen und vieles mehr. Ehrenamtliche unterst\u00fctzen auch die \u00d6ffentlichkeitsarbeit, sammeln Spenden, gestalten das interne Informationsangebot mit und begleiten Trauernde. Der n\u00e4chste Vorbereitungskurs zur ehrenamtlichen Mitarbeit im Palliativzentrum [&hellip;]\" \/>\n<meta property=\"og:url\" content=\"https:\/\/radioleinewelle.de\/index.php\/2024\/07\/11\/vorbereitungskurs-zur-ehrenamtlichen-mitarbeit-im-palliativzentrum-der-umg\/\" \/>\n<meta property=\"og:site_name\" content=\"Radio Leinewelle\" \/>\n<meta property=\"article:publisher\" content=\"https:\/\/www.facebook.com\/radioleinewelle\" \/>\n<meta property=\"article:author\" content=\"https:\/\/www.facebook.com\/radioleinewelle\" \/>\n<meta property=\"article:published_time\" content=\"2024-07-11T14:45:14+00:00\" \/>\n<meta property=\"article:modified_time\" content=\"2024-07-11T14:45:15+00:00\" \/>\n<meta property=\"og:image\" content=\"https:\/\/radioleinewelle.de\/wp-content\/uploads\/2024\/07\/201308072013_08_07_2850CLoose-groesser-scaled.jpg\" \/>\n\t<meta property=\"og:image:width\" content=\"2560\" \/>\n\t<meta property=\"og:image:height\" content=\"1707\" \/>\n\t<meta property=\"og:image:type\" content=\"image\/jpeg\" \/>\n<meta name=\"author\" content=\"Leinewelle\" \/>\n<meta name=\"twitter:card\" content=\"summary_large_image\" \/>\n<meta name=\"twitter:creator\" content=\"@https:\/\/twitter.com\/RLeinewelle?ref_src=twsrcgoogletwcampserptwgrauthor\" \/>\n<meta name=\"twitter:site\" content=\"@RLeinewelle\" \/>\n<meta name=\"twitter:label1\" content=\"Verfasst von\" \/>\n\t<meta name=\"twitter:data1\" content=\"Leinewelle\" \/>\n\t<meta name=\"twitter:label2\" content=\"Gesch\u00e4tzte Lesezeit\" \/>\n\t<meta name=\"twitter:data2\" content=\"1\u00a0Minute\" \/>\n<script type=\"application\/ld+json\" class=\"yoast-schema-graph\">{\"@context\":\"https:\\\/\\\/schema.org\",\"@graph\":[{\"@type\":\"Article\",\"@id\":\"https:\\\/\\\/radioleinewelle.de\\\/index.php\\\/2024\\\/07\\\/11\\\/vorbereitungskurs-zur-ehrenamtlichen-mitarbeit-im-palliativzentrum-der-umg\\\/#article\",\"isPartOf\":{\"@id\":\"https:\\\/\\\/radioleinewelle.de\\\/index.php\\\/2024\\\/07\\\/11\\\/vorbereitungskurs-zur-ehrenamtlichen-mitarbeit-im-palliativzentrum-der-umg\\\/\"},\"author\":{\"name\":\"Leinewelle\",\"@id\":\"https:\\\/\\\/radioleinewelle.de\\\/#\\\/schema\\\/person\\\/45606f348637df637192dc1b68399a63\"},\"headline\":\"Vorbereitungskurs zur ehrenamtlichen Mitarbeit im Palliativzentrum der UMG\",\"datePublished\":\"2024-07-11T14:45:14+00:00\",\"dateModified\":\"2024-07-11T14:45:15+00:00\",\"mainEntityOfPage\":{\"@id\":\"https:\\\/\\\/radioleinewelle.de\\\/index.php\\\/2024\\\/07\\\/11\\\/vorbereitungskurs-zur-ehrenamtlichen-mitarbeit-im-palliativzentrum-der-umg\\\/\"},\"wordCount\":148,\"commentCount\":0,\"publisher\":{\"@id\":\"https:\\\/\\\/radioleinewelle.de\\\/#organization\"},\"image\":{\"@id\":\"https:\\\/\\\/radioleinewelle.de\\\/index.php\\\/2024\\\/07\\\/11\\\/vorbereitungskurs-zur-ehrenamtlichen-mitarbeit-im-palliativzentrum-der-umg\\\/#primaryimage\"},\"thumbnailUrl\":\"https:\\\/\\\/radioleinewelle.de\\\/wp-content\\\/uploads\\\/2024\\\/07\\\/201308072013_08_07_2850CLoose-groesser-scaled.jpg\",\"keywords\":[\"Palliativzentrum UMG\"],\"articleSection\":[\"Universit\u00e4tsmedizin G\u00f6ttingen UMG\"],\"inLanguage\":\"de\",\"potentialAction\":[{\"@type\":\"CommentAction\",\"name\":\"Comment\",\"target\":[\"https:\\\/\\\/radioleinewelle.de\\\/index.php\\\/2024\\\/07\\\/11\\\/vorbereitungskurs-zur-ehrenamtlichen-mitarbeit-im-palliativzentrum-der-umg\\\/#respond\"]}]},{\"@type\":\"WebPage\",\"@id\":\"https:\\\/\\\/radioleinewelle.de\\\/index.php\\\/2024\\\/07\\\/11\\\/vorbereitungskurs-zur-ehrenamtlichen-mitarbeit-im-palliativzentrum-der-umg\\\/\",\"url\":\"https:\\\/\\\/radioleinewelle.de\\\/index.php\\\/2024\\\/07\\\/11\\\/vorbereitungskurs-zur-ehrenamtlichen-mitarbeit-im-palliativzentrum-der-umg\\\/\",\"name\":\"Vorbereitungskurs zur ehrenamtlichen Mitarbeit im Palliativzentrum der UMG - Radio Leinewelle\",\"isPartOf\":{\"@id\":\"https:\\\/\\\/radioleinewelle.de\\\/#website\"},\"primaryImageOfPage\":{\"@id\":\"https:\\\/\\\/radioleinewelle.de\\\/index.php\\\/2024\\\/07\\\/11\\\/vorbereitungskurs-zur-ehrenamtlichen-mitarbeit-im-palliativzentrum-der-umg\\\/#primaryimage\"},\"image\":{\"@id\":\"https:\\\/\\\/radioleinewelle.de\\\/index.php\\\/2024\\\/07\\\/11\\\/vorbereitungskurs-zur-ehrenamtlichen-mitarbeit-im-palliativzentrum-der-umg\\\/#primaryimage\"},\"thumbnailUrl\":\"https:\\\/\\\/radioleinewelle.de\\\/wp-content\\\/uploads\\\/2024\\\/07\\\/201308072013_08_07_2850CLoose-groesser-scaled.jpg\",\"datePublished\":\"2024-07-11T14:45:14+00:00\",\"dateModified\":\"2024-07-11T14:45:15+00:00\",\"breadcrumb\":{\"@id\":\"https:\\\/\\\/radioleinewelle.de\\\/index.php\\\/2024\\\/07\\\/11\\\/vorbereitungskurs-zur-ehrenamtlichen-mitarbeit-im-palliativzentrum-der-umg\\\/#breadcrumb\"},\"inLanguage\":\"de\",\"potentialAction\":[{\"@type\":\"ReadAction\",\"target\":[\"https:\\\/\\\/radioleinewelle.de\\\/index.php\\\/2024\\\/07\\\/11\\\/vorbereitungskurs-zur-ehrenamtlichen-mitarbeit-im-palliativzentrum-der-umg\\\/\"]}]},{\"@type\":\"ImageObject\",\"inLanguage\":\"de\",\"@id\":\"https:\\\/\\\/radioleinewelle.de\\\/index.php\\\/2024\\\/07\\\/11\\\/vorbereitungskurs-zur-ehrenamtlichen-mitarbeit-im-palliativzentrum-der-umg\\\/#primaryimage\",\"url\":\"https:\\\/\\\/radioleinewelle.de\\\/wp-content\\\/uploads\\\/2024\\\/07\\\/201308072013_08_07_2850CLoose-groesser-scaled.jpg\",\"contentUrl\":\"https:\\\/\\\/radioleinewelle.de\\\/wp-content\\\/uploads\\\/2024\\\/07\\\/201308072013_08_07_2850CLoose-groesser-scaled.jpg\",\"width\":2560,\"height\":1707},{\"@type\":\"BreadcrumbList\",\"@id\":\"https:\\\/\\\/radioleinewelle.de\\\/index.php\\\/2024\\\/07\\\/11\\\/vorbereitungskurs-zur-ehrenamtlichen-mitarbeit-im-palliativzentrum-der-umg\\\/#breadcrumb\",\"itemListElement\":[{\"@type\":\"ListItem\",\"position\":1,\"name\":\"Startseite\",\"item\":\"https:\\\/\\\/radioleinewelle.de\\\/\"},{\"@type\":\"ListItem\",\"position\":2,\"name\":\"Vorbereitungskurs zur ehrenamtlichen Mitarbeit im Palliativzentrum der UMG\"}]},{\"@type\":\"WebSite\",\"@id\":\"https:\\\/\\\/radioleinewelle.de\\\/#website\",\"url\":\"https:\\\/\\\/radioleinewelle.de\\\/\",\"name\":\"Radio Leinewelle\",\"description\":\"\",\"publisher\":{\"@id\":\"https:\\\/\\\/radioleinewelle.de\\\/#organization\"},\"potentialAction\":[{\"@type\":\"SearchAction\",\"target\":{\"@type\":\"EntryPoint\",\"urlTemplate\":\"https:\\\/\\\/radioleinewelle.de\\\/?s={search_term_string}\"},\"query-input\":{\"@type\":\"PropertyValueSpecification\",\"valueRequired\":true,\"valueName\":\"search_term_string\"}}],\"inLanguage\":\"de\"},{\"@type\":\"Organization\",\"@id\":\"https:\\\/\\\/radioleinewelle.de\\\/#organization\",\"name\":\"Radio Leinewelle\",\"alternateName\":\"Mein Radio f\u00fcr S\u00fcdniedersachsen\",\"url\":\"https:\\\/\\\/radioleinewelle.de\\\/\",\"logo\":{\"@type\":\"ImageObject\",\"inLanguage\":\"de\",\"@id\":\"https:\\\/\\\/radioleinewelle.de\\\/#\\\/schema\\\/logo\\\/image\\\/\",\"url\":\"https:\\\/\\\/radioleinewelle.de\\\/wp-content\\\/uploads\\\/2023\\\/11\\\/cropped-Leinewelle_Logo_weiss.png\",\"contentUrl\":\"https:\\\/\\\/radioleinewelle.de\\\/wp-content\\\/uploads\\\/2023\\\/11\\\/cropped-Leinewelle_Logo_weiss.png\",\"width\":854,\"height\":260,\"caption\":\"Radio Leinewelle\"},\"image\":{\"@id\":\"https:\\\/\\\/radioleinewelle.de\\\/#\\\/schema\\\/logo\\\/image\\\/\"},\"sameAs\":[\"https:\\\/\\\/www.facebook.com\\\/radioleinewelle\",\"https:\\\/\\\/x.com\\\/RLeinewelle\",\"https:\\\/\\\/www.instagram.com\\\/radioleinewelle\\\/?hl=de\"]},{\"@type\":\"Person\",\"@id\":\"https:\\\/\\\/radioleinewelle.de\\\/#\\\/schema\\\/person\\\/45606f348637df637192dc1b68399a63\",\"name\":\"Leinewelle\",\"image\":{\"@type\":\"ImageObject\",\"inLanguage\":\"de\",\"@id\":\"https:\\\/\\\/secure.gravatar.com\\\/avatar\\\/05c9a17bc973052ee5d91549bd32fb4dd0dc85b7b85ae94b2e2b4943476bbea5?s=96&d=blank&r=g\",\"url\":\"https:\\\/\\\/secure.gravatar.com\\\/avatar\\\/05c9a17bc973052ee5d91549bd32fb4dd0dc85b7b85ae94b2e2b4943476bbea5?s=96&d=blank&r=g\",\"contentUrl\":\"https:\\\/\\\/secure.gravatar.com\\\/avatar\\\/05c9a17bc973052ee5d91549bd32fb4dd0dc85b7b85ae94b2e2b4943476bbea5?s=96&d=blank&r=g\",\"caption\":\"Leinewelle\"},\"sameAs\":[\"http:\\\/\\\/localhost\\\/radio%20leinewelle\\\/wordpress\",\"https:\\\/\\\/www.facebook.com\\\/radioleinewelle\",\"https:\\\/\\\/www.instagram.com\\\/radioleinewelle\",\"https:\\\/\\\/x.com\\\/https:\\\/\\\/twitter.com\\\/RLeinewelle?ref_src=twsrcgoogletwcampserptwgrauthor\",\"https:\\\/\\\/soundcloud.com\\\/foerderverein-lokalradio?utm_source=clipboard&utm_medium=text&utm_campaign=social_sharing\"],\"url\":\"https:\\\/\\\/radioleinewelle.de\\\/index.php\\\/author\\\/leinewelle\\\/\"}]}<\/script>\n<!-- \/ Yoast SEO plugin. -->","yoast_head_json":{"title":"Vorbereitungskurs zur ehrenamtlichen Mitarbeit im Palliativzentrum der UMG - Radio Leinewelle","robots":{"index":"index","follow":"follow","max-snippet":"max-snippet:-1","max-image-preview":"max-image-preview:large","max-video-preview":"max-video-preview:-1"},"canonical":"https:\/\/radioleinewelle.de\/index.php\/2024\/07\/11\/vorbereitungskurs-zur-ehrenamtlichen-mitarbeit-im-palliativzentrum-der-umg\/","og_locale":"de_DE","og_type":"article","og_title":"Vorbereitungskurs zur ehrenamtlichen Mitarbeit im Palliativzentrum der UMG - Radio Leinewelle","og_description":"Derzeit unterst\u00fctzen zirka 90 ehrenamtliche Mitarbeiter*innen das Team des Palliativzentrums der Universit\u00e4tsmedizin G\u00f6ttingen (UMG) in der Versorgung Schwerkranker, Sterbender und\/oder ihrer An- und Zugeh\u00f6rigen durch Dasein, Zuh\u00f6ren, Vorlesen, Spazierengehen und vieles mehr. Ehrenamtliche unterst\u00fctzen auch die \u00d6ffentlichkeitsarbeit, sammeln Spenden, gestalten das interne Informationsangebot mit und begleiten Trauernde. Der n\u00e4chste Vorbereitungskurs zur ehrenamtlichen Mitarbeit im Palliativzentrum [&hellip;]","og_url":"https:\/\/radioleinewelle.de\/index.php\/2024\/07\/11\/vorbereitungskurs-zur-ehrenamtlichen-mitarbeit-im-palliativzentrum-der-umg\/","og_site_name":"Radio Leinewelle","article_publisher":"https:\/\/www.facebook.com\/radioleinewelle","article_author":"https:\/\/www.facebook.com\/radioleinewelle","article_published_time":"2024-07-11T14:45:14+00:00","article_modified_time":"2024-07-11T14:45:15+00:00","og_image":[{"width":2560,"height":1707,"url":"https:\/\/radioleinewelle.de\/wp-content\/uploads\/2024\/07\/201308072013_08_07_2850CLoose-groesser-scaled.jpg","type":"image\/jpeg"}],"author":"Leinewelle","twitter_card":"summary_large_image","twitter_creator":"@https:\/\/twitter.com\/RLeinewelle?ref_src=twsrcgoogletwcampserptwgrauthor","twitter_site":"@RLeinewelle","twitter_misc":{"Verfasst von":"Leinewelle","Gesch\u00e4tzte Lesezeit":"1\u00a0Minute"},"schema":{"@context":"https:\/\/schema.org","@graph":[{"@type":"Article","@id":"https:\/\/radioleinewelle.de\/index.php\/2024\/07\/11\/vorbereitungskurs-zur-ehrenamtlichen-mitarbeit-im-palliativzentrum-der-umg\/#article","isPartOf":{"@id":"https:\/\/radioleinewelle.de\/index.php\/2024\/07\/11\/vorbereitungskurs-zur-ehrenamtlichen-mitarbeit-im-palliativzentrum-der-umg\/"},"author":{"name":"Leinewelle","@id":"https:\/\/radioleinewelle.de\/#\/schema\/person\/45606f348637df637192dc1b68399a63"},"headline":"Vorbereitungskurs zur ehrenamtlichen Mitarbeit im Palliativzentrum der UMG","datePublished":"2024-07-11T14:45:14+00:00","dateModified":"2024-07-11T14:45:15+00:00","mainEntityOfPage":{"@id":"https:\/\/radioleinewelle.de\/index.php\/2024\/07\/11\/vorbereitungskurs-zur-ehrenamtlichen-mitarbeit-im-palliativzentrum-der-umg\/"},"wordCount":148,"commentCount":0,"publisher":{"@id":"https:\/\/radioleinewelle.de\/#organization"},"image":{"@id":"https:\/\/radioleinewelle.de\/index.php\/2024\/07\/11\/vorbereitungskurs-zur-ehrenamtlichen-mitarbeit-im-palliativzentrum-der-umg\/#primaryimage"},"thumbnailUrl":"https:\/\/radioleinewelle.de\/wp-content\/uploads\/2024\/07\/201308072013_08_07_2850CLoose-groesser-scaled.jpg","keywords":["Palliativzentrum UMG"],"articleSection":["Universit\u00e4tsmedizin G\u00f6ttingen UMG"],"inLanguage":"de","potentialAction":[{"@type":"CommentAction","name":"Comment","target":["https:\/\/radioleinewelle.de\/index.php\/2024\/07\/11\/vorbereitungskurs-zur-ehrenamtlichen-mitarbeit-im-palliativzentrum-der-umg\/#respond"]}]},{"@type":"WebPage","@id":"https:\/\/radioleinewelle.de\/index.php\/2024\/07\/11\/vorbereitungskurs-zur-ehrenamtlichen-mitarbeit-im-palliativzentrum-der-umg\/","url":"https:\/\/radioleinewelle.de\/index.php\/2024\/07\/11\/vorbereitungskurs-zur-ehrenamtlichen-mitarbeit-im-palliativzentrum-der-umg\/","name":"Vorbereitungskurs zur ehrenamtlichen Mitarbeit im Palliativzentrum der UMG - Radio Leinewelle","isPartOf":{"@id":"https:\/\/radioleinewelle.de\/#website"},"primaryImageOfPage":{"@id":"https:\/\/radioleinewelle.de\/index.php\/2024\/07\/11\/vorbereitungskurs-zur-ehrenamtlichen-mitarbeit-im-palliativzentrum-der-umg\/#primaryimage"},"image":{"@id":"https:\/\/radioleinewelle.de\/index.php\/2024\/07\/11\/vorbereitungskurs-zur-ehrenamtlichen-mitarbeit-im-palliativzentrum-der-umg\/#primaryimage"},"thumbnailUrl":"https:\/\/radioleinewelle.de\/wp-content\/uploads\/2024\/07\/201308072013_08_07_2850CLoose-groesser-scaled.jpg","datePublished":"2024-07-11T14:45:14+00:00","dateModified":"2024-07-11T14:45:15+00:00","breadcrumb":{"@id":"https:\/\/radioleinewelle.de\/index.php\/2024\/07\/11\/vorbereitungskurs-zur-ehrenamtlichen-mitarbeit-im-palliativzentrum-der-umg\/#breadcrumb"},"inLanguage":"de","potentialAction":[{"@type":"ReadAction","target":["https:\/\/radioleinewelle.de\/index.php\/2024\/07\/11\/vorbereitungskurs-zur-ehrenamtlichen-mitarbeit-im-palliativzentrum-der-umg\/"]}]},{"@type":"ImageObject","inLanguage":"de","@id":"https:\/\/radioleinewelle.de\/index.php\/2024\/07\/11\/vorbereitungskurs-zur-ehrenamtlichen-mitarbeit-im-palliativzentrum-der-umg\/#primaryimage","url":"https:\/\/radioleinewelle.de\/wp-content\/uploads\/2024\/07\/201308072013_08_07_2850CLoose-groesser-scaled.jpg","contentUrl":"https:\/\/radioleinewelle.de\/wp-content\/uploads\/2024\/07\/201308072013_08_07_2850CLoose-groesser-scaled.jpg","width":2560,"height":1707},{"@type":"BreadcrumbList","@id":"https:\/\/radioleinewelle.de\/index.php\/2024\/07\/11\/vorbereitungskurs-zur-ehrenamtlichen-mitarbeit-im-palliativzentrum-der-umg\/#breadcrumb","itemListElement":[{"@type":"ListItem","position":1,"name":"Startseite","item":"https:\/\/radioleinewelle.de\/"},{"@type":"ListItem","position":2,"name":"Vorbereitungskurs zur ehrenamtlichen Mitarbeit im Palliativzentrum der UMG"}]},{"@type":"WebSite","@id":"https:\/\/radioleinewelle.de\/#website","url":"https:\/\/radioleinewelle.de\/","name":"Radio Leinewelle","description":"","publisher":{"@id":"https:\/\/radioleinewelle.de\/#organization"},"potentialAction":[{"@type":"SearchAction","target":{"@type":"EntryPoint","urlTemplate":"https:\/\/radioleinewelle.de\/?s={search_term_string}"},"query-input":{"@type":"PropertyValueSpecification","valueRequired":true,"valueName":"search_term_string"}}],"inLanguage":"de"},{"@type":"Organization","@id":"https:\/\/radioleinewelle.de\/#organization","name":"Radio Leinewelle","alternateName":"Mein Radio f\u00fcr S\u00fcdniedersachsen","url":"https:\/\/radioleinewelle.de\/","logo":{"@type":"ImageObject","inLanguage":"de","@id":"https:\/\/radioleinewelle.de\/#\/schema\/logo\/image\/","url":"https:\/\/radioleinewelle.de\/wp-content\/uploads\/2023\/11\/cropped-Leinewelle_Logo_weiss.png","contentUrl":"https:\/\/radioleinewelle.de\/wp-content\/uploads\/2023\/11\/cropped-Leinewelle_Logo_weiss.png","width":854,"height":260,"caption":"Radio Leinewelle"},"image":{"@id":"https:\/\/radioleinewelle.de\/#\/schema\/logo\/image\/"},"sameAs":["https:\/\/www.facebook.com\/radioleinewelle","https:\/\/x.com\/RLeinewelle","https:\/\/www.instagram.com\/radioleinewelle\/?hl=de"]},{"@type":"Person","@id":"https:\/\/radioleinewelle.de\/#\/schema\/person\/45606f348637df637192dc1b68399a63","name":"Leinewelle","image":{"@type":"ImageObject","inLanguage":"de","@id":"https:\/\/secure.gravatar.com\/avatar\/05c9a17bc973052ee5d91549bd32fb4dd0dc85b7b85ae94b2e2b4943476bbea5?s=96&d=blank&r=g","url":"https:\/\/secure.gravatar.com\/avatar\/05c9a17bc973052ee5d91549bd32fb4dd0dc85b7b85ae94b2e2b4943476bbea5?s=96&d=blank&r=g","contentUrl":"https:\/\/secure.gravatar.com\/avatar\/05c9a17bc973052ee5d91549bd32fb4dd0dc85b7b85ae94b2e2b4943476bbea5?s=96&d=blank&r=g","caption":"Leinewelle"},"sameAs":["http:\/\/localhost\/radio%20leinewelle\/wordpress","https:\/\/www.facebook.com\/radioleinewelle","https:\/\/www.instagram.com\/radioleinewelle","https:\/\/x.com\/https:\/\/twitter.com\/RLeinewelle?ref_src=twsrcgoogletwcampserptwgrauthor","https:\/\/soundcloud.com\/foerderverein-lokalradio?utm_source=clipboard&utm_medium=text&utm_campaign=social_sharing"],"url":"https:\/\/radioleinewelle.de\/index.php\/author\/leinewelle\/"}]}},"_links":{"self":[{"href":"https:\/\/radioleinewelle.de\/index.php\/wp-json\/wp\/v2\/posts\/25738","targetHints":{"allow":["GET"]}}],"collection":[{"href":"https:\/\/radioleinewelle.de\/index.php\/wp-json\/wp\/v2\/posts"}],"about":[{"href":"https:\/\/radioleinewelle.de\/index.php\/wp-json\/wp\/v2\/types\/post"}],"author":[{"embeddable":true,"href":"https:\/\/radioleinewelle.de\/index.php\/wp-json\/wp\/v2\/users\/1"}],"replies":[{"embeddable":true,"href":"https:\/\/radioleinewelle.de\/index.php\/wp-json\/wp\/v2\/comments?post=25738"}],"version-history":[{"count":2,"href":"https:\/\/radioleinewelle.de\/index.php\/wp-json\/wp\/v2\/posts\/25738\/revisions"}],"predecessor-version":[{"id":25740,"href":"https:\/\/radioleinewelle.de\/index.php\/wp-json\/wp\/v2\/posts\/25738\/revisions\/25740"}],"wp:featuredmedia":[{"embeddable":true,"href":"https:\/\/radioleinewelle.de\/index.php\/wp-json\/wp\/v2\/media\/25741"}],"wp:attachment":[{"href":"https:\/\/radioleinewelle.de\/index.php\/wp-json\/wp\/v2\/media?parent=25738"}],"wp:term":[{"taxonomy":"category","embeddable":true,"href":"https:\/\/radioleinewelle.de\/index.php\/wp-json\/wp\/v2\/categories?post=25738"},{"taxonomy":"post_tag","embeddable":true,"href":"https:\/\/radioleinewelle.de\/index.php\/wp-json\/wp\/v2\/tags?post=25738"}],"curies":[{"name":"wp","href":"https:\/\/api.w.org\/{rel}","templated":true}]}}