{"id":25742,"date":"2024-07-12T09:48:19","date_gmt":"2024-07-12T07:48:19","guid":{"rendered":"https:\/\/radioleinewelle.de\/?p=25742"},"modified":"2024-07-12T09:48:20","modified_gmt":"2024-07-12T07:48:20","slug":"kaz-bekommt-foerdergelder-fuer-ein-neues-projekt","status":"publish","type":"post","link":"https:\/\/radioleinewelle.de\/index.php\/2024\/07\/12\/kaz-bekommt-foerdergelder-fuer-ein-neues-projekt\/","title":{"rendered":"KAZ bekommt F\u00f6rdergelder f\u00fcr ein neues Projekt"},"content":{"rendered":"\n<p>Das Land Niedersachsen unterst\u00fctzt soziokulturelle Vereine und Projekte mit rund 170.000 Euro, eines dieser Projekte wird vom KAZ durchgef\u00fchrt. Ein wichtiger Aspekt dabei: gef\u00f6rderte Vorhaben schaffen Gemeinschaft und bef\u00f6rdern demokratisches Miteinander.<\/p>\n\n\n\n<p><em><mark style=\"background-color:rgba(0, 0, 0, 0)\" class=\"has-inline-color has-kubio-color-2-color\">\u201eSoziokulturelle Zentren und Vereine erm\u00f6glichen es, gemeinsam k\u00fcnstlerisch t\u00e4tig zu sein und die verbindende Kraft von Kunst und Kultur zu erleben. Mit ihren vielf\u00e4ltigen Angebots- und Aktionsformen sind sie wichtige S\u00e4ulen der kulturellen Bildung und Impulsgeber f\u00fcr eine Auseinandersetzung\u00a0 mit den Fragen unserer Zeit\u201c<\/mark><\/em><br><strong>Niedersachsens Kulturminister Falko Mohrs\u00a0<\/strong>\u00a0<\/p>\n\n\n\n<p><strong>Neues Projekt in der G\u00f6ttinger Innenstadt<\/strong><br>Gemeinsam mit dem EPIZ (Entwicklungspolitisches Informationszentrum G\u00f6ttingen) er\u00f6ffnet das KAZ in der G\u00f6ttinger Innenstadt \u201emira!\u201c, den Mitmachraum\u201c. Mit weiteren Partner*innen aus den Bereichen Soziales, Sport und Umwelt dreht sich ab dem 26.8. bis Anfang Oktober im \u201emira!\u201c alles um das Engagement f\u00fcr globale Gerechtigkeit, das gute Leben f\u00fcr alle und gesellschaftlichen Zusammenhalt.<\/p>\n\n\n\n<p>Der Mitmachraum wird ein kreativer Ort in der G\u00f6ttinger Innenstadt, in dem es um die weltweiten Nachhaltigkeitsziele, Vielfalt, fairen und nachhaltigen Konsum, Engagement, Demokratief\u00f6rderung, Begegnung und Austausch geht. Durch kreative Mitmachaktionen, Bildungsworkshops, Filmabende, Musik, Tanz und mehr wird ein abwechslungsreiches Programm entstehen.<\/p>\n\n\n\n<p><strong>Foto:<\/strong> KAZ und Junges Theater in der B\u00fcrgerstr. \u00a9Radio Leinewelle (je)<\/p>\n","protected":false},"excerpt":{"rendered":"<p>Das Land Niedersachsen unterst\u00fctzt soziokulturelle Vereine und Projekte mit rund 170.000 Euro, eines dieser Projekte wird vom KAZ durchgef\u00fchrt. Ein wichtiger Aspekt dabei: gef\u00f6rderte Vorhaben schaffen Gemeinschaft und bef\u00f6rdern demokratisches Miteinander. \u201eSoziokulturelle Zentren und Vereine erm\u00f6glichen es, gemeinsam k\u00fcnstlerisch t\u00e4tig zu sein und die verbindende Kraft von Kunst und Kultur zu erleben. Mit ihren vielf\u00e4ltigen [&hellip;]<\/p>\n","protected":false},"author":1,"featured_media":25744,"comment_status":"open","ping_status":"open","sticky":true,"template":"","format":"standard","meta":{"saved_in_kubio":false,"footnotes":""},"categories":[53,45],"tags":[4181],"class_list":["post-25742","post","type-post","status-publish","format-standard","has-post-thumbnail","hentry","category-gesellschaft","category-kultur","tag-kaz-goettingen"],"yoast_head":"<!-- This site is optimized with the Yoast SEO plugin v27.4 - https:\/\/yoast.com\/product\/yoast-seo-wordpress\/ -->\n<title>KAZ bekommt F\u00f6rdergelder f\u00fcr ein neues Projekt - Radio Leinewelle<\/title>\n<meta name=\"robots\" content=\"index, follow, max-snippet:-1, max-image-preview:large, max-video-preview:-1\" \/>\n<link rel=\"canonical\" href=\"https:\/\/radioleinewelle.de\/index.php\/2024\/07\/12\/kaz-bekommt-foerdergelder-fuer-ein-neues-projekt\/\" \/>\n<meta property=\"og:locale\" content=\"de_DE\" \/>\n<meta property=\"og:type\" content=\"article\" \/>\n<meta property=\"og:title\" content=\"KAZ bekommt F\u00f6rdergelder f\u00fcr ein neues Projekt - Radio Leinewelle\" \/>\n<meta property=\"og:description\" content=\"Das Land Niedersachsen unterst\u00fctzt soziokulturelle Vereine und Projekte mit rund 170.000 Euro, eines dieser Projekte wird vom KAZ durchgef\u00fchrt. Ein wichtiger Aspekt dabei: gef\u00f6rderte Vorhaben schaffen Gemeinschaft und bef\u00f6rdern demokratisches Miteinander. \u201eSoziokulturelle Zentren und Vereine erm\u00f6glichen es, gemeinsam k\u00fcnstlerisch t\u00e4tig zu sein und die verbindende Kraft von Kunst und Kultur zu erleben. Mit ihren vielf\u00e4ltigen [&hellip;]\" \/>\n<meta property=\"og:url\" content=\"https:\/\/radioleinewelle.de\/index.php\/2024\/07\/12\/kaz-bekommt-foerdergelder-fuer-ein-neues-projekt\/\" \/>\n<meta property=\"og:site_name\" content=\"Radio Leinewelle\" \/>\n<meta property=\"article:publisher\" content=\"https:\/\/www.facebook.com\/radioleinewelle\" \/>\n<meta property=\"article:author\" content=\"https:\/\/www.facebook.com\/radioleinewelle\" \/>\n<meta property=\"article:published_time\" content=\"2024-07-12T07:48:19+00:00\" \/>\n<meta property=\"article:modified_time\" content=\"2024-07-12T07:48:20+00:00\" \/>\n<meta property=\"og:image\" content=\"https:\/\/radioleinewelle.de\/wp-content\/uploads\/2024\/07\/KAZ-Goettingen-\u00a9Radio-Leinewelle-je-e1720770150648.jpg\" \/>\n\t<meta property=\"og:image:width\" content=\"1000\" \/>\n\t<meta property=\"og:image:height\" content=\"750\" \/>\n\t<meta property=\"og:image:type\" content=\"image\/jpeg\" \/>\n<meta name=\"author\" content=\"Leinewelle\" \/>\n<meta name=\"twitter:card\" content=\"summary_large_image\" \/>\n<meta name=\"twitter:creator\" content=\"@https:\/\/twitter.com\/RLeinewelle?ref_src=twsrcgoogletwcampserptwgrauthor\" \/>\n<meta name=\"twitter:site\" content=\"@RLeinewelle\" \/>\n<meta name=\"twitter:label1\" content=\"Verfasst von\" \/>\n\t<meta name=\"twitter:data1\" content=\"Leinewelle\" \/>\n\t<meta name=\"twitter:label2\" content=\"Gesch\u00e4tzte Lesezeit\" \/>\n\t<meta name=\"twitter:data2\" content=\"2\u00a0Minuten\" \/>\n<script type=\"application\/ld+json\" class=\"yoast-schema-graph\">{\"@context\":\"https:\\\/\\\/schema.org\",\"@graph\":[{\"@type\":\"Article\",\"@id\":\"https:\\\/\\\/radioleinewelle.de\\\/index.php\\\/2024\\\/07\\\/12\\\/kaz-bekommt-foerdergelder-fuer-ein-neues-projekt\\\/#article\",\"isPartOf\":{\"@id\":\"https:\\\/\\\/radioleinewelle.de\\\/index.php\\\/2024\\\/07\\\/12\\\/kaz-bekommt-foerdergelder-fuer-ein-neues-projekt\\\/\"},\"author\":{\"name\":\"Leinewelle\",\"@id\":\"https:\\\/\\\/radioleinewelle.de\\\/#\\\/schema\\\/person\\\/45606f348637df637192dc1b68399a63\"},\"headline\":\"KAZ bekommt F\u00f6rdergelder f\u00fcr ein neues Projekt\",\"datePublished\":\"2024-07-12T07:48:19+00:00\",\"dateModified\":\"2024-07-12T07:48:20+00:00\",\"mainEntityOfPage\":{\"@id\":\"https:\\\/\\\/radioleinewelle.de\\\/index.php\\\/2024\\\/07\\\/12\\\/kaz-bekommt-foerdergelder-fuer-ein-neues-projekt\\\/\"},\"wordCount\":217,\"commentCount\":0,\"publisher\":{\"@id\":\"https:\\\/\\\/radioleinewelle.de\\\/#organization\"},\"image\":{\"@id\":\"https:\\\/\\\/radioleinewelle.de\\\/index.php\\\/2024\\\/07\\\/12\\\/kaz-bekommt-foerdergelder-fuer-ein-neues-projekt\\\/#primaryimage\"},\"thumbnailUrl\":\"https:\\\/\\\/radioleinewelle.de\\\/wp-content\\\/uploads\\\/2024\\\/07\\\/KAZ-Goettingen-\u00a9Radio-Leinewelle-je-e1720770150648.jpg\",\"keywords\":[\"KAZ G\u00f6ttingen\"],\"articleSection\":[\"Gesellschaft\",\"Kultur\"],\"inLanguage\":\"de\",\"potentialAction\":[{\"@type\":\"CommentAction\",\"name\":\"Comment\",\"target\":[\"https:\\\/\\\/radioleinewelle.de\\\/index.php\\\/2024\\\/07\\\/12\\\/kaz-bekommt-foerdergelder-fuer-ein-neues-projekt\\\/#respond\"]}]},{\"@type\":\"WebPage\",\"@id\":\"https:\\\/\\\/radioleinewelle.de\\\/index.php\\\/2024\\\/07\\\/12\\\/kaz-bekommt-foerdergelder-fuer-ein-neues-projekt\\\/\",\"url\":\"https:\\\/\\\/radioleinewelle.de\\\/index.php\\\/2024\\\/07\\\/12\\\/kaz-bekommt-foerdergelder-fuer-ein-neues-projekt\\\/\",\"name\":\"KAZ bekommt F\u00f6rdergelder f\u00fcr ein neues Projekt - Radio Leinewelle\",\"isPartOf\":{\"@id\":\"https:\\\/\\\/radioleinewelle.de\\\/#website\"},\"primaryImageOfPage\":{\"@id\":\"https:\\\/\\\/radioleinewelle.de\\\/index.php\\\/2024\\\/07\\\/12\\\/kaz-bekommt-foerdergelder-fuer-ein-neues-projekt\\\/#primaryimage\"},\"image\":{\"@id\":\"https:\\\/\\\/radioleinewelle.de\\\/index.php\\\/2024\\\/07\\\/12\\\/kaz-bekommt-foerdergelder-fuer-ein-neues-projekt\\\/#primaryimage\"},\"thumbnailUrl\":\"https:\\\/\\\/radioleinewelle.de\\\/wp-content\\\/uploads\\\/2024\\\/07\\\/KAZ-Goettingen-\u00a9Radio-Leinewelle-je-e1720770150648.jpg\",\"datePublished\":\"2024-07-12T07:48:19+00:00\",\"dateModified\":\"2024-07-12T07:48:20+00:00\",\"breadcrumb\":{\"@id\":\"https:\\\/\\\/radioleinewelle.de\\\/index.php\\\/2024\\\/07\\\/12\\\/kaz-bekommt-foerdergelder-fuer-ein-neues-projekt\\\/#breadcrumb\"},\"inLanguage\":\"de\",\"potentialAction\":[{\"@type\":\"ReadAction\",\"target\":[\"https:\\\/\\\/radioleinewelle.de\\\/index.php\\\/2024\\\/07\\\/12\\\/kaz-bekommt-foerdergelder-fuer-ein-neues-projekt\\\/\"]}]},{\"@type\":\"ImageObject\",\"inLanguage\":\"de\",\"@id\":\"https:\\\/\\\/radioleinewelle.de\\\/index.php\\\/2024\\\/07\\\/12\\\/kaz-bekommt-foerdergelder-fuer-ein-neues-projekt\\\/#primaryimage\",\"url\":\"https:\\\/\\\/radioleinewelle.de\\\/wp-content\\\/uploads\\\/2024\\\/07\\\/KAZ-Goettingen-\u00a9Radio-Leinewelle-je-e1720770150648.jpg\",\"contentUrl\":\"https:\\\/\\\/radioleinewelle.de\\\/wp-content\\\/uploads\\\/2024\\\/07\\\/KAZ-Goettingen-\u00a9Radio-Leinewelle-je-e1720770150648.jpg\",\"width\":1000,\"height\":750},{\"@type\":\"BreadcrumbList\",\"@id\":\"https:\\\/\\\/radioleinewelle.de\\\/index.php\\\/2024\\\/07\\\/12\\\/kaz-bekommt-foerdergelder-fuer-ein-neues-projekt\\\/#breadcrumb\",\"itemListElement\":[{\"@type\":\"ListItem\",\"position\":1,\"name\":\"Startseite\",\"item\":\"https:\\\/\\\/radioleinewelle.de\\\/\"},{\"@type\":\"ListItem\",\"position\":2,\"name\":\"KAZ bekommt F\u00f6rdergelder f\u00fcr ein neues Projekt\"}]},{\"@type\":\"WebSite\",\"@id\":\"https:\\\/\\\/radioleinewelle.de\\\/#website\",\"url\":\"https:\\\/\\\/radioleinewelle.de\\\/\",\"name\":\"Radio Leinewelle\",\"description\":\"\",\"publisher\":{\"@id\":\"https:\\\/\\\/radioleinewelle.de\\\/#organization\"},\"potentialAction\":[{\"@type\":\"SearchAction\",\"target\":{\"@type\":\"EntryPoint\",\"urlTemplate\":\"https:\\\/\\\/radioleinewelle.de\\\/?s={search_term_string}\"},\"query-input\":{\"@type\":\"PropertyValueSpecification\",\"valueRequired\":true,\"valueName\":\"search_term_string\"}}],\"inLanguage\":\"de\"},{\"@type\":\"Organization\",\"@id\":\"https:\\\/\\\/radioleinewelle.de\\\/#organization\",\"name\":\"Radio Leinewelle\",\"alternateName\":\"Mein Radio f\u00fcr S\u00fcdniedersachsen\",\"url\":\"https:\\\/\\\/radioleinewelle.de\\\/\",\"logo\":{\"@type\":\"ImageObject\",\"inLanguage\":\"de\",\"@id\":\"https:\\\/\\\/radioleinewelle.de\\\/#\\\/schema\\\/logo\\\/image\\\/\",\"url\":\"https:\\\/\\\/radioleinewelle.de\\\/wp-content\\\/uploads\\\/2023\\\/11\\\/cropped-Leinewelle_Logo_weiss.png\",\"contentUrl\":\"https:\\\/\\\/radioleinewelle.de\\\/wp-content\\\/uploads\\\/2023\\\/11\\\/cropped-Leinewelle_Logo_weiss.png\",\"width\":854,\"height\":260,\"caption\":\"Radio Leinewelle\"},\"image\":{\"@id\":\"https:\\\/\\\/radioleinewelle.de\\\/#\\\/schema\\\/logo\\\/image\\\/\"},\"sameAs\":[\"https:\\\/\\\/www.facebook.com\\\/radioleinewelle\",\"https:\\\/\\\/x.com\\\/RLeinewelle\",\"https:\\\/\\\/www.instagram.com\\\/radioleinewelle\\\/?hl=de\"]},{\"@type\":\"Person\",\"@id\":\"https:\\\/\\\/radioleinewelle.de\\\/#\\\/schema\\\/person\\\/45606f348637df637192dc1b68399a63\",\"name\":\"Leinewelle\",\"image\":{\"@type\":\"ImageObject\",\"inLanguage\":\"de\",\"@id\":\"https:\\\/\\\/secure.gravatar.com\\\/avatar\\\/05c9a17bc973052ee5d91549bd32fb4dd0dc85b7b85ae94b2e2b4943476bbea5?s=96&d=blank&r=g\",\"url\":\"https:\\\/\\\/secure.gravatar.com\\\/avatar\\\/05c9a17bc973052ee5d91549bd32fb4dd0dc85b7b85ae94b2e2b4943476bbea5?s=96&d=blank&r=g\",\"contentUrl\":\"https:\\\/\\\/secure.gravatar.com\\\/avatar\\\/05c9a17bc973052ee5d91549bd32fb4dd0dc85b7b85ae94b2e2b4943476bbea5?s=96&d=blank&r=g\",\"caption\":\"Leinewelle\"},\"sameAs\":[\"http:\\\/\\\/localhost\\\/radio%20leinewelle\\\/wordpress\",\"https:\\\/\\\/www.facebook.com\\\/radioleinewelle\",\"https:\\\/\\\/www.instagram.com\\\/radioleinewelle\",\"https:\\\/\\\/x.com\\\/https:\\\/\\\/twitter.com\\\/RLeinewelle?ref_src=twsrcgoogletwcampserptwgrauthor\",\"https:\\\/\\\/soundcloud.com\\\/foerderverein-lokalradio?utm_source=clipboard&utm_medium=text&utm_campaign=social_sharing\"],\"url\":\"https:\\\/\\\/radioleinewelle.de\\\/index.php\\\/author\\\/leinewelle\\\/\"}]}<\/script>\n<!-- \/ Yoast SEO plugin. -->","yoast_head_json":{"title":"KAZ bekommt F\u00f6rdergelder f\u00fcr ein neues Projekt - Radio Leinewelle","robots":{"index":"index","follow":"follow","max-snippet":"max-snippet:-1","max-image-preview":"max-image-preview:large","max-video-preview":"max-video-preview:-1"},"canonical":"https:\/\/radioleinewelle.de\/index.php\/2024\/07\/12\/kaz-bekommt-foerdergelder-fuer-ein-neues-projekt\/","og_locale":"de_DE","og_type":"article","og_title":"KAZ bekommt F\u00f6rdergelder f\u00fcr ein neues Projekt - Radio Leinewelle","og_description":"Das Land Niedersachsen unterst\u00fctzt soziokulturelle Vereine und Projekte mit rund 170.000 Euro, eines dieser Projekte wird vom KAZ durchgef\u00fchrt. Ein wichtiger Aspekt dabei: gef\u00f6rderte Vorhaben schaffen Gemeinschaft und bef\u00f6rdern demokratisches Miteinander. \u201eSoziokulturelle Zentren und Vereine erm\u00f6glichen es, gemeinsam k\u00fcnstlerisch t\u00e4tig zu sein und die verbindende Kraft von Kunst und Kultur zu erleben. Mit ihren vielf\u00e4ltigen [&hellip;]","og_url":"https:\/\/radioleinewelle.de\/index.php\/2024\/07\/12\/kaz-bekommt-foerdergelder-fuer-ein-neues-projekt\/","og_site_name":"Radio Leinewelle","article_publisher":"https:\/\/www.facebook.com\/radioleinewelle","article_author":"https:\/\/www.facebook.com\/radioleinewelle","article_published_time":"2024-07-12T07:48:19+00:00","article_modified_time":"2024-07-12T07:48:20+00:00","og_image":[{"width":1000,"height":750,"url":"https:\/\/radioleinewelle.de\/wp-content\/uploads\/2024\/07\/KAZ-Goettingen-\u00a9Radio-Leinewelle-je-e1720770150648.jpg","type":"image\/jpeg"}],"author":"Leinewelle","twitter_card":"summary_large_image","twitter_creator":"@https:\/\/twitter.com\/RLeinewelle?ref_src=twsrcgoogletwcampserptwgrauthor","twitter_site":"@RLeinewelle","twitter_misc":{"Verfasst von":"Leinewelle","Gesch\u00e4tzte Lesezeit":"2\u00a0Minuten"},"schema":{"@context":"https:\/\/schema.org","@graph":[{"@type":"Article","@id":"https:\/\/radioleinewelle.de\/index.php\/2024\/07\/12\/kaz-bekommt-foerdergelder-fuer-ein-neues-projekt\/#article","isPartOf":{"@id":"https:\/\/radioleinewelle.de\/index.php\/2024\/07\/12\/kaz-bekommt-foerdergelder-fuer-ein-neues-projekt\/"},"author":{"name":"Leinewelle","@id":"https:\/\/radioleinewelle.de\/#\/schema\/person\/45606f348637df637192dc1b68399a63"},"headline":"KAZ bekommt F\u00f6rdergelder f\u00fcr ein neues Projekt","datePublished":"2024-07-12T07:48:19+00:00","dateModified":"2024-07-12T07:48:20+00:00","mainEntityOfPage":{"@id":"https:\/\/radioleinewelle.de\/index.php\/2024\/07\/12\/kaz-bekommt-foerdergelder-fuer-ein-neues-projekt\/"},"wordCount":217,"commentCount":0,"publisher":{"@id":"https:\/\/radioleinewelle.de\/#organization"},"image":{"@id":"https:\/\/radioleinewelle.de\/index.php\/2024\/07\/12\/kaz-bekommt-foerdergelder-fuer-ein-neues-projekt\/#primaryimage"},"thumbnailUrl":"https:\/\/radioleinewelle.de\/wp-content\/uploads\/2024\/07\/KAZ-Goettingen-\u00a9Radio-Leinewelle-je-e1720770150648.jpg","keywords":["KAZ G\u00f6ttingen"],"articleSection":["Gesellschaft","Kultur"],"inLanguage":"de","potentialAction":[{"@type":"CommentAction","name":"Comment","target":["https:\/\/radioleinewelle.de\/index.php\/2024\/07\/12\/kaz-bekommt-foerdergelder-fuer-ein-neues-projekt\/#respond"]}]},{"@type":"WebPage","@id":"https:\/\/radioleinewelle.de\/index.php\/2024\/07\/12\/kaz-bekommt-foerdergelder-fuer-ein-neues-projekt\/","url":"https:\/\/radioleinewelle.de\/index.php\/2024\/07\/12\/kaz-bekommt-foerdergelder-fuer-ein-neues-projekt\/","name":"KAZ bekommt F\u00f6rdergelder f\u00fcr ein neues Projekt - Radio Leinewelle","isPartOf":{"@id":"https:\/\/radioleinewelle.de\/#website"},"primaryImageOfPage":{"@id":"https:\/\/radioleinewelle.de\/index.php\/2024\/07\/12\/kaz-bekommt-foerdergelder-fuer-ein-neues-projekt\/#primaryimage"},"image":{"@id":"https:\/\/radioleinewelle.de\/index.php\/2024\/07\/12\/kaz-bekommt-foerdergelder-fuer-ein-neues-projekt\/#primaryimage"},"thumbnailUrl":"https:\/\/radioleinewelle.de\/wp-content\/uploads\/2024\/07\/KAZ-Goettingen-\u00a9Radio-Leinewelle-je-e1720770150648.jpg","datePublished":"2024-07-12T07:48:19+00:00","dateModified":"2024-07-12T07:48:20+00:00","breadcrumb":{"@id":"https:\/\/radioleinewelle.de\/index.php\/2024\/07\/12\/kaz-bekommt-foerdergelder-fuer-ein-neues-projekt\/#breadcrumb"},"inLanguage":"de","potentialAction":[{"@type":"ReadAction","target":["https:\/\/radioleinewelle.de\/index.php\/2024\/07\/12\/kaz-bekommt-foerdergelder-fuer-ein-neues-projekt\/"]}]},{"@type":"ImageObject","inLanguage":"de","@id":"https:\/\/radioleinewelle.de\/index.php\/2024\/07\/12\/kaz-bekommt-foerdergelder-fuer-ein-neues-projekt\/#primaryimage","url":"https:\/\/radioleinewelle.de\/wp-content\/uploads\/2024\/07\/KAZ-Goettingen-\u00a9Radio-Leinewelle-je-e1720770150648.jpg","contentUrl":"https:\/\/radioleinewelle.de\/wp-content\/uploads\/2024\/07\/KAZ-Goettingen-\u00a9Radio-Leinewelle-je-e1720770150648.jpg","width":1000,"height":750},{"@type":"BreadcrumbList","@id":"https:\/\/radioleinewelle.de\/index.php\/2024\/07\/12\/kaz-bekommt-foerdergelder-fuer-ein-neues-projekt\/#breadcrumb","itemListElement":[{"@type":"ListItem","position":1,"name":"Startseite","item":"https:\/\/radioleinewelle.de\/"},{"@type":"ListItem","position":2,"name":"KAZ bekommt F\u00f6rdergelder f\u00fcr ein neues Projekt"}]},{"@type":"WebSite","@id":"https:\/\/radioleinewelle.de\/#website","url":"https:\/\/radioleinewelle.de\/","name":"Radio Leinewelle","description":"","publisher":{"@id":"https:\/\/radioleinewelle.de\/#organization"},"potentialAction":[{"@type":"SearchAction","target":{"@type":"EntryPoint","urlTemplate":"https:\/\/radioleinewelle.de\/?s={search_term_string}"},"query-input":{"@type":"PropertyValueSpecification","valueRequired":true,"valueName":"search_term_string"}}],"inLanguage":"de"},{"@type":"Organization","@id":"https:\/\/radioleinewelle.de\/#organization","name":"Radio Leinewelle","alternateName":"Mein Radio f\u00fcr S\u00fcdniedersachsen","url":"https:\/\/radioleinewelle.de\/","logo":{"@type":"ImageObject","inLanguage":"de","@id":"https:\/\/radioleinewelle.de\/#\/schema\/logo\/image\/","url":"https:\/\/radioleinewelle.de\/wp-content\/uploads\/2023\/11\/cropped-Leinewelle_Logo_weiss.png","contentUrl":"https:\/\/radioleinewelle.de\/wp-content\/uploads\/2023\/11\/cropped-Leinewelle_Logo_weiss.png","width":854,"height":260,"caption":"Radio Leinewelle"},"image":{"@id":"https:\/\/radioleinewelle.de\/#\/schema\/logo\/image\/"},"sameAs":["https:\/\/www.facebook.com\/radioleinewelle","https:\/\/x.com\/RLeinewelle","https:\/\/www.instagram.com\/radioleinewelle\/?hl=de"]},{"@type":"Person","@id":"https:\/\/radioleinewelle.de\/#\/schema\/person\/45606f348637df637192dc1b68399a63","name":"Leinewelle","image":{"@type":"ImageObject","inLanguage":"de","@id":"https:\/\/secure.gravatar.com\/avatar\/05c9a17bc973052ee5d91549bd32fb4dd0dc85b7b85ae94b2e2b4943476bbea5?s=96&d=blank&r=g","url":"https:\/\/secure.gravatar.com\/avatar\/05c9a17bc973052ee5d91549bd32fb4dd0dc85b7b85ae94b2e2b4943476bbea5?s=96&d=blank&r=g","contentUrl":"https:\/\/secure.gravatar.com\/avatar\/05c9a17bc973052ee5d91549bd32fb4dd0dc85b7b85ae94b2e2b4943476bbea5?s=96&d=blank&r=g","caption":"Leinewelle"},"sameAs":["http:\/\/localhost\/radio%20leinewelle\/wordpress","https:\/\/www.facebook.com\/radioleinewelle","https:\/\/www.instagram.com\/radioleinewelle","https:\/\/x.com\/https:\/\/twitter.com\/RLeinewelle?ref_src=twsrcgoogletwcampserptwgrauthor","https:\/\/soundcloud.com\/foerderverein-lokalradio?utm_source=clipboard&utm_medium=text&utm_campaign=social_sharing"],"url":"https:\/\/radioleinewelle.de\/index.php\/author\/leinewelle\/"}]}},"_links":{"self":[{"href":"https:\/\/radioleinewelle.de\/index.php\/wp-json\/wp\/v2\/posts\/25742","targetHints":{"allow":["GET"]}}],"collection":[{"href":"https:\/\/radioleinewelle.de\/index.php\/wp-json\/wp\/v2\/posts"}],"about":[{"href":"https:\/\/radioleinewelle.de\/index.php\/wp-json\/wp\/v2\/types\/post"}],"author":[{"embeddable":true,"href":"https:\/\/radioleinewelle.de\/index.php\/wp-json\/wp\/v2\/users\/1"}],"replies":[{"embeddable":true,"href":"https:\/\/radioleinewelle.de\/index.php\/wp-json\/wp\/v2\/comments?post=25742"}],"version-history":[{"count":2,"href":"https:\/\/radioleinewelle.de\/index.php\/wp-json\/wp\/v2\/posts\/25742\/revisions"}],"predecessor-version":[{"id":25745,"href":"https:\/\/radioleinewelle.de\/index.php\/wp-json\/wp\/v2\/posts\/25742\/revisions\/25745"}],"wp:featuredmedia":[{"embeddable":true,"href":"https:\/\/radioleinewelle.de\/index.php\/wp-json\/wp\/v2\/media\/25744"}],"wp:attachment":[{"href":"https:\/\/radioleinewelle.de\/index.php\/wp-json\/wp\/v2\/media?parent=25742"}],"wp:term":[{"taxonomy":"category","embeddable":true,"href":"https:\/\/radioleinewelle.de\/index.php\/wp-json\/wp\/v2\/categories?post=25742"},{"taxonomy":"post_tag","embeddable":true,"href":"https:\/\/radioleinewelle.de\/index.php\/wp-json\/wp\/v2\/tags?post=25742"}],"curies":[{"name":"wp","href":"https:\/\/api.w.org\/{rel}","templated":true}]}}