{"id":25783,"date":"2024-07-22T09:26:17","date_gmt":"2024-07-22T07:26:17","guid":{"rendered":"https:\/\/radioleinewelle.de\/?p=25783"},"modified":"2024-07-23T09:26:54","modified_gmt":"2024-07-23T07:26:54","slug":"sachbeschaedigung-mit-fahrerflucht-auf-der-a7","status":"publish","type":"post","link":"https:\/\/radioleinewelle.de\/index.php\/2024\/07\/22\/sachbeschaedigung-mit-fahrerflucht-auf-der-a7\/","title":{"rendered":"Sachbesch\u00e4digung mit Fahrerflucht auf der A7"},"content":{"rendered":"\n<p>Ein unbekanntes Fahrzeug besch\u00e4digte auf der A7, zwischen den Anschlussstellen Northeim-Nord und Echte in Richtung Hannover zwischen vergangenem Samstag (13.07.24), 12:00 Uhr, und vergangenem Sonntag (14.07.24), 10:30 Uhr, mehrere Leitpfosten und den angrenzenden Gr\u00fcnstreifen und fl\u00fcchtete vom Unfallort.<\/p>\n\n\n\n<p>Ersten Informationen zufolge fiel den Beamten der Autobahnpolizei G\u00f6ttingen ein mutma\u00dflicher Unfallschaden neben der Autobahn auf. Die Streife stellte bei n\u00e4herer Betrachtung Reifenspuren auf dem Seitenstreifen und einen unterw\u00fchlten Gr\u00fcnstreifen fest. Au\u00dferdem wurden Leitpfosten umgefahren.<\/p>\n\n\n\n<p>Auf dem Seitenstreifen verteilt, fanden die Beamten viele wei\u00dfe Fahrzeugteile, die m\u00f6glicherweise zu einem Kastenwagen geh\u00f6ren k\u00f6nnten. Der Sachschaden liegt im unteren vierstelligen Bereich.<\/p>\n\n\n\n<p><strong>Die Polizei fragt:<\/strong><\/p>\n\n\n\n<p>Wer hat auf der A7 zwischen den Anschlussstellen Northeim-Nord und Echte ein wei\u00dfes Fahrzeug beobachtet, welches zwischen dem 13.07.24 und 14.07.24 verunfallte und weiterfuhr? Zeugen werden gebeten, sich bei der Autobahnpolizei G\u00f6ttingen unter der Telefonnummer 0551 491 6515 zu melden.<\/p>\n","protected":false},"excerpt":{"rendered":"<p>Ein unbekanntes Fahrzeug besch\u00e4digte auf der A7, zwischen den Anschlussstellen Northeim-Nord und Echte in Richtung Hannover zwischen vergangenem Samstag (13.07.24), 12:00 Uhr, und vergangenem Sonntag (14.07.24), 10:30 Uhr, mehrere Leitpfosten und den angrenzenden Gr\u00fcnstreifen und fl\u00fcchtete vom Unfallort. Ersten Informationen zufolge fiel den Beamten der Autobahnpolizei G\u00f6ttingen ein mutma\u00dflicher Unfallschaden neben der Autobahn auf. Die [&hellip;]<\/p>\n","protected":false},"author":1,"featured_media":24537,"comment_status":"open","ping_status":"open","sticky":true,"template":"","format":"standard","meta":{"saved_in_kubio":false,"footnotes":""},"categories":[24],"tags":[],"class_list":["post-25783","post","type-post","status-publish","format-standard","has-post-thumbnail","hentry","category-news"],"yoast_head":"<!-- This site is optimized with the Yoast SEO plugin v27.5 - https:\/\/yoast.com\/product\/yoast-seo-wordpress\/ -->\n<title>Sachbesch\u00e4digung mit Fahrerflucht auf der A7 - Radio Leinewelle<\/title>\n<meta name=\"robots\" content=\"index, follow, max-snippet:-1, max-image-preview:large, max-video-preview:-1\" \/>\n<link rel=\"canonical\" href=\"https:\/\/radioleinewelle.de\/index.php\/2024\/07\/22\/sachbeschaedigung-mit-fahrerflucht-auf-der-a7\/\" \/>\n<meta property=\"og:locale\" content=\"de_DE\" \/>\n<meta property=\"og:type\" content=\"article\" \/>\n<meta property=\"og:title\" content=\"Sachbesch\u00e4digung mit Fahrerflucht auf der A7 - Radio Leinewelle\" \/>\n<meta property=\"og:description\" content=\"Ein unbekanntes Fahrzeug besch\u00e4digte auf der A7, zwischen den Anschlussstellen Northeim-Nord und Echte in Richtung Hannover zwischen vergangenem Samstag (13.07.24), 12:00 Uhr, und vergangenem Sonntag (14.07.24), 10:30 Uhr, mehrere Leitpfosten und den angrenzenden Gr\u00fcnstreifen und fl\u00fcchtete vom Unfallort. Ersten Informationen zufolge fiel den Beamten der Autobahnpolizei G\u00f6ttingen ein mutma\u00dflicher Unfallschaden neben der Autobahn auf. Die [&hellip;]\" \/>\n<meta property=\"og:url\" content=\"https:\/\/radioleinewelle.de\/index.php\/2024\/07\/22\/sachbeschaedigung-mit-fahrerflucht-auf-der-a7\/\" \/>\n<meta property=\"og:site_name\" content=\"Radio Leinewelle\" \/>\n<meta property=\"article:publisher\" content=\"https:\/\/www.facebook.com\/radioleinewelle\" \/>\n<meta property=\"article:author\" content=\"https:\/\/www.facebook.com\/radioleinewelle\" \/>\n<meta property=\"article:published_time\" content=\"2024-07-22T07:26:17+00:00\" \/>\n<meta property=\"article:modified_time\" content=\"2024-07-23T07:26:54+00:00\" \/>\n<meta property=\"og:image\" content=\"https:\/\/radioleinewelle.de\/wp-content\/uploads\/2023\/11\/police-1530531_1280.jpg\" \/>\n\t<meta property=\"og:image:width\" content=\"1280\" \/>\n\t<meta property=\"og:image:height\" content=\"766\" \/>\n\t<meta property=\"og:image:type\" content=\"image\/jpeg\" \/>\n<meta name=\"author\" content=\"Leinewelle\" \/>\n<meta name=\"twitter:card\" content=\"summary_large_image\" \/>\n<meta name=\"twitter:creator\" content=\"@https:\/\/twitter.com\/RLeinewelle?ref_src=twsrcgoogletwcampserptwgrauthor\" \/>\n<meta name=\"twitter:site\" content=\"@RLeinewelle\" \/>\n<meta name=\"twitter:label1\" content=\"Verfasst von\" \/>\n\t<meta name=\"twitter:data1\" content=\"Leinewelle\" \/>\n\t<meta name=\"twitter:label2\" content=\"Gesch\u00e4tzte Lesezeit\" \/>\n\t<meta name=\"twitter:data2\" content=\"1\u00a0Minute\" \/>\n<script type=\"application\/ld+json\" class=\"yoast-schema-graph\">{\"@context\":\"https:\\\/\\\/schema.org\",\"@graph\":[{\"@type\":\"Article\",\"@id\":\"https:\\\/\\\/radioleinewelle.de\\\/index.php\\\/2024\\\/07\\\/22\\\/sachbeschaedigung-mit-fahrerflucht-auf-der-a7\\\/#article\",\"isPartOf\":{\"@id\":\"https:\\\/\\\/radioleinewelle.de\\\/index.php\\\/2024\\\/07\\\/22\\\/sachbeschaedigung-mit-fahrerflucht-auf-der-a7\\\/\"},\"author\":{\"name\":\"Leinewelle\",\"@id\":\"https:\\\/\\\/radioleinewelle.de\\\/#\\\/schema\\\/person\\\/45606f348637df637192dc1b68399a63\"},\"headline\":\"Sachbesch\u00e4digung mit Fahrerflucht auf der A7\",\"datePublished\":\"2024-07-22T07:26:17+00:00\",\"dateModified\":\"2024-07-23T07:26:54+00:00\",\"mainEntityOfPage\":{\"@id\":\"https:\\\/\\\/radioleinewelle.de\\\/index.php\\\/2024\\\/07\\\/22\\\/sachbeschaedigung-mit-fahrerflucht-auf-der-a7\\\/\"},\"wordCount\":153,\"commentCount\":0,\"publisher\":{\"@id\":\"https:\\\/\\\/radioleinewelle.de\\\/#organization\"},\"image\":{\"@id\":\"https:\\\/\\\/radioleinewelle.de\\\/index.php\\\/2024\\\/07\\\/22\\\/sachbeschaedigung-mit-fahrerflucht-auf-der-a7\\\/#primaryimage\"},\"thumbnailUrl\":\"https:\\\/\\\/radioleinewelle.de\\\/wp-content\\\/uploads\\\/2023\\\/11\\\/police-1530531_1280.jpg\",\"articleSection\":[\"Aktuelle Nachrichten\"],\"inLanguage\":\"de\",\"potentialAction\":[{\"@type\":\"CommentAction\",\"name\":\"Comment\",\"target\":[\"https:\\\/\\\/radioleinewelle.de\\\/index.php\\\/2024\\\/07\\\/22\\\/sachbeschaedigung-mit-fahrerflucht-auf-der-a7\\\/#respond\"]}]},{\"@type\":\"WebPage\",\"@id\":\"https:\\\/\\\/radioleinewelle.de\\\/index.php\\\/2024\\\/07\\\/22\\\/sachbeschaedigung-mit-fahrerflucht-auf-der-a7\\\/\",\"url\":\"https:\\\/\\\/radioleinewelle.de\\\/index.php\\\/2024\\\/07\\\/22\\\/sachbeschaedigung-mit-fahrerflucht-auf-der-a7\\\/\",\"name\":\"Sachbesch\u00e4digung mit Fahrerflucht auf der A7 - Radio Leinewelle\",\"isPartOf\":{\"@id\":\"https:\\\/\\\/radioleinewelle.de\\\/#website\"},\"primaryImageOfPage\":{\"@id\":\"https:\\\/\\\/radioleinewelle.de\\\/index.php\\\/2024\\\/07\\\/22\\\/sachbeschaedigung-mit-fahrerflucht-auf-der-a7\\\/#primaryimage\"},\"image\":{\"@id\":\"https:\\\/\\\/radioleinewelle.de\\\/index.php\\\/2024\\\/07\\\/22\\\/sachbeschaedigung-mit-fahrerflucht-auf-der-a7\\\/#primaryimage\"},\"thumbnailUrl\":\"https:\\\/\\\/radioleinewelle.de\\\/wp-content\\\/uploads\\\/2023\\\/11\\\/police-1530531_1280.jpg\",\"datePublished\":\"2024-07-22T07:26:17+00:00\",\"dateModified\":\"2024-07-23T07:26:54+00:00\",\"breadcrumb\":{\"@id\":\"https:\\\/\\\/radioleinewelle.de\\\/index.php\\\/2024\\\/07\\\/22\\\/sachbeschaedigung-mit-fahrerflucht-auf-der-a7\\\/#breadcrumb\"},\"inLanguage\":\"de\",\"potentialAction\":[{\"@type\":\"ReadAction\",\"target\":[\"https:\\\/\\\/radioleinewelle.de\\\/index.php\\\/2024\\\/07\\\/22\\\/sachbeschaedigung-mit-fahrerflucht-auf-der-a7\\\/\"]}]},{\"@type\":\"ImageObject\",\"inLanguage\":\"de\",\"@id\":\"https:\\\/\\\/radioleinewelle.de\\\/index.php\\\/2024\\\/07\\\/22\\\/sachbeschaedigung-mit-fahrerflucht-auf-der-a7\\\/#primaryimage\",\"url\":\"https:\\\/\\\/radioleinewelle.de\\\/wp-content\\\/uploads\\\/2023\\\/11\\\/police-1530531_1280.jpg\",\"contentUrl\":\"https:\\\/\\\/radioleinewelle.de\\\/wp-content\\\/uploads\\\/2023\\\/11\\\/police-1530531_1280.jpg\",\"width\":1280,\"height\":766},{\"@type\":\"BreadcrumbList\",\"@id\":\"https:\\\/\\\/radioleinewelle.de\\\/index.php\\\/2024\\\/07\\\/22\\\/sachbeschaedigung-mit-fahrerflucht-auf-der-a7\\\/#breadcrumb\",\"itemListElement\":[{\"@type\":\"ListItem\",\"position\":1,\"name\":\"Startseite\",\"item\":\"https:\\\/\\\/radioleinewelle.de\\\/\"},{\"@type\":\"ListItem\",\"position\":2,\"name\":\"Sachbesch\u00e4digung mit Fahrerflucht auf der A7\"}]},{\"@type\":\"WebSite\",\"@id\":\"https:\\\/\\\/radioleinewelle.de\\\/#website\",\"url\":\"https:\\\/\\\/radioleinewelle.de\\\/\",\"name\":\"Radio Leinewelle\",\"description\":\"\",\"publisher\":{\"@id\":\"https:\\\/\\\/radioleinewelle.de\\\/#organization\"},\"potentialAction\":[{\"@type\":\"SearchAction\",\"target\":{\"@type\":\"EntryPoint\",\"urlTemplate\":\"https:\\\/\\\/radioleinewelle.de\\\/?s={search_term_string}\"},\"query-input\":{\"@type\":\"PropertyValueSpecification\",\"valueRequired\":true,\"valueName\":\"search_term_string\"}}],\"inLanguage\":\"de\"},{\"@type\":\"Organization\",\"@id\":\"https:\\\/\\\/radioleinewelle.de\\\/#organization\",\"name\":\"Radio Leinewelle\",\"alternateName\":\"Mein Radio f\u00fcr S\u00fcdniedersachsen\",\"url\":\"https:\\\/\\\/radioleinewelle.de\\\/\",\"logo\":{\"@type\":\"ImageObject\",\"inLanguage\":\"de\",\"@id\":\"https:\\\/\\\/radioleinewelle.de\\\/#\\\/schema\\\/logo\\\/image\\\/\",\"url\":\"https:\\\/\\\/radioleinewelle.de\\\/wp-content\\\/uploads\\\/2023\\\/11\\\/cropped-Leinewelle_Logo_weiss.png\",\"contentUrl\":\"https:\\\/\\\/radioleinewelle.de\\\/wp-content\\\/uploads\\\/2023\\\/11\\\/cropped-Leinewelle_Logo_weiss.png\",\"width\":854,\"height\":260,\"caption\":\"Radio Leinewelle\"},\"image\":{\"@id\":\"https:\\\/\\\/radioleinewelle.de\\\/#\\\/schema\\\/logo\\\/image\\\/\"},\"sameAs\":[\"https:\\\/\\\/www.facebook.com\\\/radioleinewelle\",\"https:\\\/\\\/x.com\\\/RLeinewelle\",\"https:\\\/\\\/www.instagram.com\\\/radioleinewelle\\\/?hl=de\"]},{\"@type\":\"Person\",\"@id\":\"https:\\\/\\\/radioleinewelle.de\\\/#\\\/schema\\\/person\\\/45606f348637df637192dc1b68399a63\",\"name\":\"Leinewelle\",\"image\":{\"@type\":\"ImageObject\",\"inLanguage\":\"de\",\"@id\":\"https:\\\/\\\/secure.gravatar.com\\\/avatar\\\/05c9a17bc973052ee5d91549bd32fb4dd0dc85b7b85ae94b2e2b4943476bbea5?s=96&d=blank&r=g\",\"url\":\"https:\\\/\\\/secure.gravatar.com\\\/avatar\\\/05c9a17bc973052ee5d91549bd32fb4dd0dc85b7b85ae94b2e2b4943476bbea5?s=96&d=blank&r=g\",\"contentUrl\":\"https:\\\/\\\/secure.gravatar.com\\\/avatar\\\/05c9a17bc973052ee5d91549bd32fb4dd0dc85b7b85ae94b2e2b4943476bbea5?s=96&d=blank&r=g\",\"caption\":\"Leinewelle\"},\"sameAs\":[\"http:\\\/\\\/localhost\\\/radio%20leinewelle\\\/wordpress\",\"https:\\\/\\\/www.facebook.com\\\/radioleinewelle\",\"https:\\\/\\\/www.instagram.com\\\/radioleinewelle\",\"https:\\\/\\\/x.com\\\/https:\\\/\\\/twitter.com\\\/RLeinewelle?ref_src=twsrcgoogletwcampserptwgrauthor\",\"https:\\\/\\\/soundcloud.com\\\/foerderverein-lokalradio?utm_source=clipboard&utm_medium=text&utm_campaign=social_sharing\"],\"url\":\"https:\\\/\\\/radioleinewelle.de\\\/index.php\\\/author\\\/leinewelle\\\/\"}]}<\/script>\n<!-- \/ Yoast SEO plugin. -->","yoast_head_json":{"title":"Sachbesch\u00e4digung mit Fahrerflucht auf der A7 - Radio Leinewelle","robots":{"index":"index","follow":"follow","max-snippet":"max-snippet:-1","max-image-preview":"max-image-preview:large","max-video-preview":"max-video-preview:-1"},"canonical":"https:\/\/radioleinewelle.de\/index.php\/2024\/07\/22\/sachbeschaedigung-mit-fahrerflucht-auf-der-a7\/","og_locale":"de_DE","og_type":"article","og_title":"Sachbesch\u00e4digung mit Fahrerflucht auf der A7 - Radio Leinewelle","og_description":"Ein unbekanntes Fahrzeug besch\u00e4digte auf der A7, zwischen den Anschlussstellen Northeim-Nord und Echte in Richtung Hannover zwischen vergangenem Samstag (13.07.24), 12:00 Uhr, und vergangenem Sonntag (14.07.24), 10:30 Uhr, mehrere Leitpfosten und den angrenzenden Gr\u00fcnstreifen und fl\u00fcchtete vom Unfallort. Ersten Informationen zufolge fiel den Beamten der Autobahnpolizei G\u00f6ttingen ein mutma\u00dflicher Unfallschaden neben der Autobahn auf. Die [&hellip;]","og_url":"https:\/\/radioleinewelle.de\/index.php\/2024\/07\/22\/sachbeschaedigung-mit-fahrerflucht-auf-der-a7\/","og_site_name":"Radio Leinewelle","article_publisher":"https:\/\/www.facebook.com\/radioleinewelle","article_author":"https:\/\/www.facebook.com\/radioleinewelle","article_published_time":"2024-07-22T07:26:17+00:00","article_modified_time":"2024-07-23T07:26:54+00:00","og_image":[{"width":1280,"height":766,"url":"https:\/\/radioleinewelle.de\/wp-content\/uploads\/2023\/11\/police-1530531_1280.jpg","type":"image\/jpeg"}],"author":"Leinewelle","twitter_card":"summary_large_image","twitter_creator":"@https:\/\/twitter.com\/RLeinewelle?ref_src=twsrcgoogletwcampserptwgrauthor","twitter_site":"@RLeinewelle","twitter_misc":{"Verfasst von":"Leinewelle","Gesch\u00e4tzte Lesezeit":"1\u00a0Minute"},"schema":{"@context":"https:\/\/schema.org","@graph":[{"@type":"Article","@id":"https:\/\/radioleinewelle.de\/index.php\/2024\/07\/22\/sachbeschaedigung-mit-fahrerflucht-auf-der-a7\/#article","isPartOf":{"@id":"https:\/\/radioleinewelle.de\/index.php\/2024\/07\/22\/sachbeschaedigung-mit-fahrerflucht-auf-der-a7\/"},"author":{"name":"Leinewelle","@id":"https:\/\/radioleinewelle.de\/#\/schema\/person\/45606f348637df637192dc1b68399a63"},"headline":"Sachbesch\u00e4digung mit Fahrerflucht auf der A7","datePublished":"2024-07-22T07:26:17+00:00","dateModified":"2024-07-23T07:26:54+00:00","mainEntityOfPage":{"@id":"https:\/\/radioleinewelle.de\/index.php\/2024\/07\/22\/sachbeschaedigung-mit-fahrerflucht-auf-der-a7\/"},"wordCount":153,"commentCount":0,"publisher":{"@id":"https:\/\/radioleinewelle.de\/#organization"},"image":{"@id":"https:\/\/radioleinewelle.de\/index.php\/2024\/07\/22\/sachbeschaedigung-mit-fahrerflucht-auf-der-a7\/#primaryimage"},"thumbnailUrl":"https:\/\/radioleinewelle.de\/wp-content\/uploads\/2023\/11\/police-1530531_1280.jpg","articleSection":["Aktuelle Nachrichten"],"inLanguage":"de","potentialAction":[{"@type":"CommentAction","name":"Comment","target":["https:\/\/radioleinewelle.de\/index.php\/2024\/07\/22\/sachbeschaedigung-mit-fahrerflucht-auf-der-a7\/#respond"]}]},{"@type":"WebPage","@id":"https:\/\/radioleinewelle.de\/index.php\/2024\/07\/22\/sachbeschaedigung-mit-fahrerflucht-auf-der-a7\/","url":"https:\/\/radioleinewelle.de\/index.php\/2024\/07\/22\/sachbeschaedigung-mit-fahrerflucht-auf-der-a7\/","name":"Sachbesch\u00e4digung mit Fahrerflucht auf der A7 - Radio Leinewelle","isPartOf":{"@id":"https:\/\/radioleinewelle.de\/#website"},"primaryImageOfPage":{"@id":"https:\/\/radioleinewelle.de\/index.php\/2024\/07\/22\/sachbeschaedigung-mit-fahrerflucht-auf-der-a7\/#primaryimage"},"image":{"@id":"https:\/\/radioleinewelle.de\/index.php\/2024\/07\/22\/sachbeschaedigung-mit-fahrerflucht-auf-der-a7\/#primaryimage"},"thumbnailUrl":"https:\/\/radioleinewelle.de\/wp-content\/uploads\/2023\/11\/police-1530531_1280.jpg","datePublished":"2024-07-22T07:26:17+00:00","dateModified":"2024-07-23T07:26:54+00:00","breadcrumb":{"@id":"https:\/\/radioleinewelle.de\/index.php\/2024\/07\/22\/sachbeschaedigung-mit-fahrerflucht-auf-der-a7\/#breadcrumb"},"inLanguage":"de","potentialAction":[{"@type":"ReadAction","target":["https:\/\/radioleinewelle.de\/index.php\/2024\/07\/22\/sachbeschaedigung-mit-fahrerflucht-auf-der-a7\/"]}]},{"@type":"ImageObject","inLanguage":"de","@id":"https:\/\/radioleinewelle.de\/index.php\/2024\/07\/22\/sachbeschaedigung-mit-fahrerflucht-auf-der-a7\/#primaryimage","url":"https:\/\/radioleinewelle.de\/wp-content\/uploads\/2023\/11\/police-1530531_1280.jpg","contentUrl":"https:\/\/radioleinewelle.de\/wp-content\/uploads\/2023\/11\/police-1530531_1280.jpg","width":1280,"height":766},{"@type":"BreadcrumbList","@id":"https:\/\/radioleinewelle.de\/index.php\/2024\/07\/22\/sachbeschaedigung-mit-fahrerflucht-auf-der-a7\/#breadcrumb","itemListElement":[{"@type":"ListItem","position":1,"name":"Startseite","item":"https:\/\/radioleinewelle.de\/"},{"@type":"ListItem","position":2,"name":"Sachbesch\u00e4digung mit Fahrerflucht auf der A7"}]},{"@type":"WebSite","@id":"https:\/\/radioleinewelle.de\/#website","url":"https:\/\/radioleinewelle.de\/","name":"Radio Leinewelle","description":"","publisher":{"@id":"https:\/\/radioleinewelle.de\/#organization"},"potentialAction":[{"@type":"SearchAction","target":{"@type":"EntryPoint","urlTemplate":"https:\/\/radioleinewelle.de\/?s={search_term_string}"},"query-input":{"@type":"PropertyValueSpecification","valueRequired":true,"valueName":"search_term_string"}}],"inLanguage":"de"},{"@type":"Organization","@id":"https:\/\/radioleinewelle.de\/#organization","name":"Radio Leinewelle","alternateName":"Mein Radio f\u00fcr S\u00fcdniedersachsen","url":"https:\/\/radioleinewelle.de\/","logo":{"@type":"ImageObject","inLanguage":"de","@id":"https:\/\/radioleinewelle.de\/#\/schema\/logo\/image\/","url":"https:\/\/radioleinewelle.de\/wp-content\/uploads\/2023\/11\/cropped-Leinewelle_Logo_weiss.png","contentUrl":"https:\/\/radioleinewelle.de\/wp-content\/uploads\/2023\/11\/cropped-Leinewelle_Logo_weiss.png","width":854,"height":260,"caption":"Radio Leinewelle"},"image":{"@id":"https:\/\/radioleinewelle.de\/#\/schema\/logo\/image\/"},"sameAs":["https:\/\/www.facebook.com\/radioleinewelle","https:\/\/x.com\/RLeinewelle","https:\/\/www.instagram.com\/radioleinewelle\/?hl=de"]},{"@type":"Person","@id":"https:\/\/radioleinewelle.de\/#\/schema\/person\/45606f348637df637192dc1b68399a63","name":"Leinewelle","image":{"@type":"ImageObject","inLanguage":"de","@id":"https:\/\/secure.gravatar.com\/avatar\/05c9a17bc973052ee5d91549bd32fb4dd0dc85b7b85ae94b2e2b4943476bbea5?s=96&d=blank&r=g","url":"https:\/\/secure.gravatar.com\/avatar\/05c9a17bc973052ee5d91549bd32fb4dd0dc85b7b85ae94b2e2b4943476bbea5?s=96&d=blank&r=g","contentUrl":"https:\/\/secure.gravatar.com\/avatar\/05c9a17bc973052ee5d91549bd32fb4dd0dc85b7b85ae94b2e2b4943476bbea5?s=96&d=blank&r=g","caption":"Leinewelle"},"sameAs":["http:\/\/localhost\/radio%20leinewelle\/wordpress","https:\/\/www.facebook.com\/radioleinewelle","https:\/\/www.instagram.com\/radioleinewelle","https:\/\/x.com\/https:\/\/twitter.com\/RLeinewelle?ref_src=twsrcgoogletwcampserptwgrauthor","https:\/\/soundcloud.com\/foerderverein-lokalradio?utm_source=clipboard&utm_medium=text&utm_campaign=social_sharing"],"url":"https:\/\/radioleinewelle.de\/index.php\/author\/leinewelle\/"}]}},"_links":{"self":[{"href":"https:\/\/radioleinewelle.de\/index.php\/wp-json\/wp\/v2\/posts\/25783","targetHints":{"allow":["GET"]}}],"collection":[{"href":"https:\/\/radioleinewelle.de\/index.php\/wp-json\/wp\/v2\/posts"}],"about":[{"href":"https:\/\/radioleinewelle.de\/index.php\/wp-json\/wp\/v2\/types\/post"}],"author":[{"embeddable":true,"href":"https:\/\/radioleinewelle.de\/index.php\/wp-json\/wp\/v2\/users\/1"}],"replies":[{"embeddable":true,"href":"https:\/\/radioleinewelle.de\/index.php\/wp-json\/wp\/v2\/comments?post=25783"}],"version-history":[{"count":1,"href":"https:\/\/radioleinewelle.de\/index.php\/wp-json\/wp\/v2\/posts\/25783\/revisions"}],"predecessor-version":[{"id":25784,"href":"https:\/\/radioleinewelle.de\/index.php\/wp-json\/wp\/v2\/posts\/25783\/revisions\/25784"}],"wp:featuredmedia":[{"embeddable":true,"href":"https:\/\/radioleinewelle.de\/index.php\/wp-json\/wp\/v2\/media\/24537"}],"wp:attachment":[{"href":"https:\/\/radioleinewelle.de\/index.php\/wp-json\/wp\/v2\/media?parent=25783"}],"wp:term":[{"taxonomy":"category","embeddable":true,"href":"https:\/\/radioleinewelle.de\/index.php\/wp-json\/wp\/v2\/categories?post=25783"},{"taxonomy":"post_tag","embeddable":true,"href":"https:\/\/radioleinewelle.de\/index.php\/wp-json\/wp\/v2\/tags?post=25783"}],"curies":[{"name":"wp","href":"https:\/\/api.w.org\/{rel}","templated":true}]}}