{"id":25785,"date":"2024-07-24T10:03:20","date_gmt":"2024-07-24T08:03:20","guid":{"rendered":"https:\/\/radioleinewelle.de\/?p=25785"},"modified":"2024-07-24T10:03:22","modified_gmt":"2024-07-24T08:03:22","slug":"kuenstler-der-woche-barry-adamson","status":"publish","type":"post","link":"https:\/\/radioleinewelle.de\/index.php\/2024\/07\/24\/kuenstler-der-woche-barry-adamson\/","title":{"rendered":"K\u00fcnstler der Woche: Barry Adamson"},"content":{"rendered":"\n<p>Unser K\u00fcnstler der Woche ist das Allroundtalent Barry Adamson.  Mit dem Album &#8222;Cut To Black&#8220;,  erschienen bei seinem eigenen Label setzt er wieder neue Ma\u00dfst\u00e4be. Es umfasst 10 brandneue Kompositionen und ist sein erstes Studioalbum seit &#8222;Know Where To Run&#8220; von 2016. Auch auf dem neuen Album legt sich Adamson nicht auf ein bestimmtes Genre fest. es ist eine Mischung aus sph\u00e4rischen Soundtracks, Jazz- Soul- und Rockelementen und Einfl\u00fcssen des Trip Hop. Alles sch\u00f6n knapp neben den \u00fcblichen Mainstream Produktionen. das Album ist aus einem Guss, sprich rundweg gut und durchh\u00f6rbar. Im Video der Titelsong &#8222;Cut To Black&#8220;. Die ideale Platte f\u00fcr eine &#8222;Vinyl Investition&#8220;.<\/p>\n\n\n\n<p><\/p>\n\n\n\n<figure class=\"wp-block-embed is-type-video is-provider-youtube wp-block-embed-youtube wp-embed-aspect-16-9 wp-has-aspect-ratio\"><div class=\"wp-block-embed__wrapper\">\n<iframe loading=\"lazy\" title=\"Barry Adamson - Cut To Black (Official Audio)\" width=\"500\" height=\"281\" src=\"https:\/\/www.youtube.com\/embed\/AutJpTEcs9I?feature=oembed\" frameborder=\"0\" allow=\"accelerometer; autoplay; clipboard-write; encrypted-media; gyroscope; picture-in-picture; web-share\" referrerpolicy=\"strict-origin-when-cross-origin\" allowfullscreen><\/iframe>\n<\/div><\/figure>\n\n\n\n<p><\/p>\n\n\n\n<p>Zu Adamsons j\u00fcngsten Arbeiten geh\u00f6rt ein Original-Soundtrack f\u00fcr &#8222;Scala!!!&#8220; von Jane Giles und Ali Catterall, der gefeierte Dokumentarfilm \u00fcber das legend\u00e4re Londoner Kino, das Generationen von K\u00fcnstler<em>innen, Filmemacher<\/em>innen und Musiker*innen inspiriert hat. Nicht zuletzt auch Adamson selbst, der bei einer Scala-Vorf\u00fchrung des Films &#8222;Der Mann mit dem goldenen Arm&#8220; (Regie: Otto Preminger, 1955) mit seiner umwerfenden Filmmusik von Elmer Bernstein zu seiner ersten Solo-Single inspiriert wurde.<br><\/p>\n\n\n\n<p><strong>Biografische Details:<\/strong><\/p>\n\n\n\n<p>Barry Adamsons Leben und k\u00fcnstlerisches Schaffen sind nicht voneinander zu trennen. In Manchesters Moss Side-Distrikt aufgewachsen, lernte er mehr oder weniger \u00fcber Nacht Bassgitarre, um bei Magazine zu spielen \u2013 als diese sich 1981 und f\u00fcnf Alben sp\u00e4ter trennten, wurden er und sein besonderer Stil von der Birthday Party entdeckt und rekrutiert, mit denen er fortan spielen sollte. Die Birthday Party wurde zu Nick Cave &amp; The Bad Seeds, mit denen er drei Alben zusammenblieb, bevor er sich schlie\u00dflich als Solok\u00fcnstler etablierte mit dem klassischen Album \u201eMoss Side Story\u201c \u2013 dem ultimativen Soundtrack zu jenem leider allzu oft bem\u00fchten \u201cimagin\u00e4ren Film\u201d \u2013 ein Album, das ihn zu einem der gefragtesten Filmmusik-Komponisten seiner Zeit machen sollte. Er arbeitete unter anderem f\u00fcr Derek Jarman (The Last of England, 1987), David Lynch (The Lost Highway, 1997), Oliver Stone (Natural Born Killers, 1994) and Danny Boyle (The Beach, 2000).<\/p>\n\n\n\n<p>Nach neun Studioalben, darunter das 96er Werk Oedipus Schmoedipus, (mit Gastperformances von Jarvis Cocker, Nick Cave und Billy McKenzie (The Associates)), das Mercury Prize nominierte Soul Murder (1999), und sein j\u00fcngstes Album, Know Where To Run, das durch eine US-Tour mit Nick Cave &amp; The Bad Seeds \u2013 nach 23 Jahren \u2013 inspiriert wurde, widmete er sich in den letzten Jahren insbesondere anderen Kunstformen, nicht zuletzt dem Score f\u00fcr eine Olivier Award ausgezeichnete Ballett-Performance von Sylvie Guillem and the Ballet Boyz.<\/p>\n\n\n\n<p>Mehr unter: <a href=\"https:\/\/barryadamson.com\">https:\/\/barryadamson.com<\/a><\/p>\n","protected":false},"excerpt":{"rendered":"<p>Unser K\u00fcnstler der Woche ist das Allroundtalent Barry Adamson. Mit dem Album &#8222;Cut To Black&#8220;, erschienen bei seinem eigenen Label setzt er wieder neue Ma\u00dfst\u00e4be. Es umfasst 10 brandneue Kompositionen und ist sein erstes Studioalbum seit &#8222;Know Where To Run&#8220; von 2016. Auch auf dem neuen Album legt sich Adamson nicht auf ein bestimmtes Genre [&hellip;]<\/p>\n","protected":false},"author":1,"featured_media":25787,"comment_status":"open","ping_status":"open","sticky":true,"template":"","format":"standard","meta":{"saved_in_kubio":false,"footnotes":""},"categories":[4013,3458],"tags":[],"class_list":["post-25785","post","type-post","status-publish","format-standard","has-post-thumbnail","hentry","category-album-der-woche","category-sound"],"yoast_head":"<!-- This site is optimized with the Yoast SEO plugin v27.5 - https:\/\/yoast.com\/product\/yoast-seo-wordpress\/ -->\n<title>K\u00fcnstler der Woche: Barry Adamson - Radio Leinewelle<\/title>\n<meta name=\"robots\" content=\"index, follow, max-snippet:-1, max-image-preview:large, max-video-preview:-1\" \/>\n<link rel=\"canonical\" href=\"https:\/\/radioleinewelle.de\/index.php\/2024\/07\/24\/kuenstler-der-woche-barry-adamson\/\" \/>\n<meta property=\"og:locale\" content=\"de_DE\" \/>\n<meta property=\"og:type\" content=\"article\" \/>\n<meta property=\"og:title\" content=\"K\u00fcnstler der Woche: Barry Adamson - Radio Leinewelle\" \/>\n<meta property=\"og:description\" content=\"Unser K\u00fcnstler der Woche ist das Allroundtalent Barry Adamson. Mit dem Album &#8222;Cut To Black&#8220;, erschienen bei seinem eigenen Label setzt er wieder neue Ma\u00dfst\u00e4be. Es umfasst 10 brandneue Kompositionen und ist sein erstes Studioalbum seit &#8222;Know Where To Run&#8220; von 2016. Auch auf dem neuen Album legt sich Adamson nicht auf ein bestimmtes Genre [&hellip;]\" \/>\n<meta property=\"og:url\" content=\"https:\/\/radioleinewelle.de\/index.php\/2024\/07\/24\/kuenstler-der-woche-barry-adamson\/\" \/>\n<meta property=\"og:site_name\" content=\"Radio Leinewelle\" \/>\n<meta property=\"article:publisher\" content=\"https:\/\/www.facebook.com\/radioleinewelle\" \/>\n<meta property=\"article:author\" content=\"https:\/\/www.facebook.com\/radioleinewelle\" \/>\n<meta property=\"article:published_time\" content=\"2024-07-24T08:03:20+00:00\" \/>\n<meta property=\"article:modified_time\" content=\"2024-07-24T08:03:22+00:00\" \/>\n<meta property=\"og:image\" content=\"https:\/\/radioleinewelle.de\/wp-content\/uploads\/2024\/07\/BarryAdamson_photo_by_Jone-Reed-_Colour.jpg\" \/>\n\t<meta property=\"og:image:width\" content=\"1000\" \/>\n\t<meta property=\"og:image:height\" content=\"664\" \/>\n\t<meta property=\"og:image:type\" content=\"image\/jpeg\" \/>\n<meta name=\"author\" content=\"Leinewelle\" \/>\n<meta name=\"twitter:card\" content=\"summary_large_image\" \/>\n<meta name=\"twitter:creator\" content=\"@https:\/\/twitter.com\/RLeinewelle?ref_src=twsrcgoogletwcampserptwgrauthor\" \/>\n<meta name=\"twitter:site\" content=\"@RLeinewelle\" \/>\n<meta name=\"twitter:label1\" content=\"Verfasst von\" \/>\n\t<meta name=\"twitter:data1\" content=\"Leinewelle\" \/>\n\t<meta name=\"twitter:label2\" content=\"Gesch\u00e4tzte Lesezeit\" \/>\n\t<meta name=\"twitter:data2\" content=\"3\u00a0Minuten\" \/>\n<script type=\"application\/ld+json\" class=\"yoast-schema-graph\">{\"@context\":\"https:\\\/\\\/schema.org\",\"@graph\":[{\"@type\":\"Article\",\"@id\":\"https:\\\/\\\/radioleinewelle.de\\\/index.php\\\/2024\\\/07\\\/24\\\/kuenstler-der-woche-barry-adamson\\\/#article\",\"isPartOf\":{\"@id\":\"https:\\\/\\\/radioleinewelle.de\\\/index.php\\\/2024\\\/07\\\/24\\\/kuenstler-der-woche-barry-adamson\\\/\"},\"author\":{\"name\":\"Leinewelle\",\"@id\":\"https:\\\/\\\/radioleinewelle.de\\\/#\\\/schema\\\/person\\\/45606f348637df637192dc1b68399a63\"},\"headline\":\"K\u00fcnstler der Woche: Barry Adamson\",\"datePublished\":\"2024-07-24T08:03:20+00:00\",\"dateModified\":\"2024-07-24T08:03:22+00:00\",\"mainEntityOfPage\":{\"@id\":\"https:\\\/\\\/radioleinewelle.de\\\/index.php\\\/2024\\\/07\\\/24\\\/kuenstler-der-woche-barry-adamson\\\/\"},\"wordCount\":429,\"commentCount\":0,\"publisher\":{\"@id\":\"https:\\\/\\\/radioleinewelle.de\\\/#organization\"},\"image\":{\"@id\":\"https:\\\/\\\/radioleinewelle.de\\\/index.php\\\/2024\\\/07\\\/24\\\/kuenstler-der-woche-barry-adamson\\\/#primaryimage\"},\"thumbnailUrl\":\"https:\\\/\\\/radioleinewelle.de\\\/wp-content\\\/uploads\\\/2024\\\/07\\\/BarryAdamson_photo_by_Jone-Reed-_Colour.jpg\",\"articleSection\":[\"Album der Woche\",\"Sound\"],\"inLanguage\":\"de\",\"potentialAction\":[{\"@type\":\"CommentAction\",\"name\":\"Comment\",\"target\":[\"https:\\\/\\\/radioleinewelle.de\\\/index.php\\\/2024\\\/07\\\/24\\\/kuenstler-der-woche-barry-adamson\\\/#respond\"]}]},{\"@type\":\"WebPage\",\"@id\":\"https:\\\/\\\/radioleinewelle.de\\\/index.php\\\/2024\\\/07\\\/24\\\/kuenstler-der-woche-barry-adamson\\\/\",\"url\":\"https:\\\/\\\/radioleinewelle.de\\\/index.php\\\/2024\\\/07\\\/24\\\/kuenstler-der-woche-barry-adamson\\\/\",\"name\":\"K\u00fcnstler der Woche: Barry Adamson - Radio Leinewelle\",\"isPartOf\":{\"@id\":\"https:\\\/\\\/radioleinewelle.de\\\/#website\"},\"primaryImageOfPage\":{\"@id\":\"https:\\\/\\\/radioleinewelle.de\\\/index.php\\\/2024\\\/07\\\/24\\\/kuenstler-der-woche-barry-adamson\\\/#primaryimage\"},\"image\":{\"@id\":\"https:\\\/\\\/radioleinewelle.de\\\/index.php\\\/2024\\\/07\\\/24\\\/kuenstler-der-woche-barry-adamson\\\/#primaryimage\"},\"thumbnailUrl\":\"https:\\\/\\\/radioleinewelle.de\\\/wp-content\\\/uploads\\\/2024\\\/07\\\/BarryAdamson_photo_by_Jone-Reed-_Colour.jpg\",\"datePublished\":\"2024-07-24T08:03:20+00:00\",\"dateModified\":\"2024-07-24T08:03:22+00:00\",\"breadcrumb\":{\"@id\":\"https:\\\/\\\/radioleinewelle.de\\\/index.php\\\/2024\\\/07\\\/24\\\/kuenstler-der-woche-barry-adamson\\\/#breadcrumb\"},\"inLanguage\":\"de\",\"potentialAction\":[{\"@type\":\"ReadAction\",\"target\":[\"https:\\\/\\\/radioleinewelle.de\\\/index.php\\\/2024\\\/07\\\/24\\\/kuenstler-der-woche-barry-adamson\\\/\"]}]},{\"@type\":\"ImageObject\",\"inLanguage\":\"de\",\"@id\":\"https:\\\/\\\/radioleinewelle.de\\\/index.php\\\/2024\\\/07\\\/24\\\/kuenstler-der-woche-barry-adamson\\\/#primaryimage\",\"url\":\"https:\\\/\\\/radioleinewelle.de\\\/wp-content\\\/uploads\\\/2024\\\/07\\\/BarryAdamson_photo_by_Jone-Reed-_Colour.jpg\",\"contentUrl\":\"https:\\\/\\\/radioleinewelle.de\\\/wp-content\\\/uploads\\\/2024\\\/07\\\/BarryAdamson_photo_by_Jone-Reed-_Colour.jpg\",\"width\":1000,\"height\":664},{\"@type\":\"BreadcrumbList\",\"@id\":\"https:\\\/\\\/radioleinewelle.de\\\/index.php\\\/2024\\\/07\\\/24\\\/kuenstler-der-woche-barry-adamson\\\/#breadcrumb\",\"itemListElement\":[{\"@type\":\"ListItem\",\"position\":1,\"name\":\"Startseite\",\"item\":\"https:\\\/\\\/radioleinewelle.de\\\/\"},{\"@type\":\"ListItem\",\"position\":2,\"name\":\"K\u00fcnstler der Woche: Barry Adamson\"}]},{\"@type\":\"WebSite\",\"@id\":\"https:\\\/\\\/radioleinewelle.de\\\/#website\",\"url\":\"https:\\\/\\\/radioleinewelle.de\\\/\",\"name\":\"Radio Leinewelle\",\"description\":\"\",\"publisher\":{\"@id\":\"https:\\\/\\\/radioleinewelle.de\\\/#organization\"},\"potentialAction\":[{\"@type\":\"SearchAction\",\"target\":{\"@type\":\"EntryPoint\",\"urlTemplate\":\"https:\\\/\\\/radioleinewelle.de\\\/?s={search_term_string}\"},\"query-input\":{\"@type\":\"PropertyValueSpecification\",\"valueRequired\":true,\"valueName\":\"search_term_string\"}}],\"inLanguage\":\"de\"},{\"@type\":\"Organization\",\"@id\":\"https:\\\/\\\/radioleinewelle.de\\\/#organization\",\"name\":\"Radio Leinewelle\",\"alternateName\":\"Mein Radio f\u00fcr S\u00fcdniedersachsen\",\"url\":\"https:\\\/\\\/radioleinewelle.de\\\/\",\"logo\":{\"@type\":\"ImageObject\",\"inLanguage\":\"de\",\"@id\":\"https:\\\/\\\/radioleinewelle.de\\\/#\\\/schema\\\/logo\\\/image\\\/\",\"url\":\"https:\\\/\\\/radioleinewelle.de\\\/wp-content\\\/uploads\\\/2023\\\/11\\\/cropped-Leinewelle_Logo_weiss.png\",\"contentUrl\":\"https:\\\/\\\/radioleinewelle.de\\\/wp-content\\\/uploads\\\/2023\\\/11\\\/cropped-Leinewelle_Logo_weiss.png\",\"width\":854,\"height\":260,\"caption\":\"Radio Leinewelle\"},\"image\":{\"@id\":\"https:\\\/\\\/radioleinewelle.de\\\/#\\\/schema\\\/logo\\\/image\\\/\"},\"sameAs\":[\"https:\\\/\\\/www.facebook.com\\\/radioleinewelle\",\"https:\\\/\\\/x.com\\\/RLeinewelle\",\"https:\\\/\\\/www.instagram.com\\\/radioleinewelle\\\/?hl=de\"]},{\"@type\":\"Person\",\"@id\":\"https:\\\/\\\/radioleinewelle.de\\\/#\\\/schema\\\/person\\\/45606f348637df637192dc1b68399a63\",\"name\":\"Leinewelle\",\"image\":{\"@type\":\"ImageObject\",\"inLanguage\":\"de\",\"@id\":\"https:\\\/\\\/secure.gravatar.com\\\/avatar\\\/05c9a17bc973052ee5d91549bd32fb4dd0dc85b7b85ae94b2e2b4943476bbea5?s=96&d=blank&r=g\",\"url\":\"https:\\\/\\\/secure.gravatar.com\\\/avatar\\\/05c9a17bc973052ee5d91549bd32fb4dd0dc85b7b85ae94b2e2b4943476bbea5?s=96&d=blank&r=g\",\"contentUrl\":\"https:\\\/\\\/secure.gravatar.com\\\/avatar\\\/05c9a17bc973052ee5d91549bd32fb4dd0dc85b7b85ae94b2e2b4943476bbea5?s=96&d=blank&r=g\",\"caption\":\"Leinewelle\"},\"sameAs\":[\"http:\\\/\\\/localhost\\\/radio%20leinewelle\\\/wordpress\",\"https:\\\/\\\/www.facebook.com\\\/radioleinewelle\",\"https:\\\/\\\/www.instagram.com\\\/radioleinewelle\",\"https:\\\/\\\/x.com\\\/https:\\\/\\\/twitter.com\\\/RLeinewelle?ref_src=twsrcgoogletwcampserptwgrauthor\",\"https:\\\/\\\/soundcloud.com\\\/foerderverein-lokalradio?utm_source=clipboard&utm_medium=text&utm_campaign=social_sharing\"],\"url\":\"https:\\\/\\\/radioleinewelle.de\\\/index.php\\\/author\\\/leinewelle\\\/\"}]}<\/script>\n<!-- \/ Yoast SEO plugin. -->","yoast_head_json":{"title":"K\u00fcnstler der Woche: Barry Adamson - Radio Leinewelle","robots":{"index":"index","follow":"follow","max-snippet":"max-snippet:-1","max-image-preview":"max-image-preview:large","max-video-preview":"max-video-preview:-1"},"canonical":"https:\/\/radioleinewelle.de\/index.php\/2024\/07\/24\/kuenstler-der-woche-barry-adamson\/","og_locale":"de_DE","og_type":"article","og_title":"K\u00fcnstler der Woche: Barry Adamson - Radio Leinewelle","og_description":"Unser K\u00fcnstler der Woche ist das Allroundtalent Barry Adamson. Mit dem Album &#8222;Cut To Black&#8220;, erschienen bei seinem eigenen Label setzt er wieder neue Ma\u00dfst\u00e4be. Es umfasst 10 brandneue Kompositionen und ist sein erstes Studioalbum seit &#8222;Know Where To Run&#8220; von 2016. Auch auf dem neuen Album legt sich Adamson nicht auf ein bestimmtes Genre [&hellip;]","og_url":"https:\/\/radioleinewelle.de\/index.php\/2024\/07\/24\/kuenstler-der-woche-barry-adamson\/","og_site_name":"Radio Leinewelle","article_publisher":"https:\/\/www.facebook.com\/radioleinewelle","article_author":"https:\/\/www.facebook.com\/radioleinewelle","article_published_time":"2024-07-24T08:03:20+00:00","article_modified_time":"2024-07-24T08:03:22+00:00","og_image":[{"width":1000,"height":664,"url":"https:\/\/radioleinewelle.de\/wp-content\/uploads\/2024\/07\/BarryAdamson_photo_by_Jone-Reed-_Colour.jpg","type":"image\/jpeg"}],"author":"Leinewelle","twitter_card":"summary_large_image","twitter_creator":"@https:\/\/twitter.com\/RLeinewelle?ref_src=twsrcgoogletwcampserptwgrauthor","twitter_site":"@RLeinewelle","twitter_misc":{"Verfasst von":"Leinewelle","Gesch\u00e4tzte Lesezeit":"3\u00a0Minuten"},"schema":{"@context":"https:\/\/schema.org","@graph":[{"@type":"Article","@id":"https:\/\/radioleinewelle.de\/index.php\/2024\/07\/24\/kuenstler-der-woche-barry-adamson\/#article","isPartOf":{"@id":"https:\/\/radioleinewelle.de\/index.php\/2024\/07\/24\/kuenstler-der-woche-barry-adamson\/"},"author":{"name":"Leinewelle","@id":"https:\/\/radioleinewelle.de\/#\/schema\/person\/45606f348637df637192dc1b68399a63"},"headline":"K\u00fcnstler der Woche: Barry Adamson","datePublished":"2024-07-24T08:03:20+00:00","dateModified":"2024-07-24T08:03:22+00:00","mainEntityOfPage":{"@id":"https:\/\/radioleinewelle.de\/index.php\/2024\/07\/24\/kuenstler-der-woche-barry-adamson\/"},"wordCount":429,"commentCount":0,"publisher":{"@id":"https:\/\/radioleinewelle.de\/#organization"},"image":{"@id":"https:\/\/radioleinewelle.de\/index.php\/2024\/07\/24\/kuenstler-der-woche-barry-adamson\/#primaryimage"},"thumbnailUrl":"https:\/\/radioleinewelle.de\/wp-content\/uploads\/2024\/07\/BarryAdamson_photo_by_Jone-Reed-_Colour.jpg","articleSection":["Album der Woche","Sound"],"inLanguage":"de","potentialAction":[{"@type":"CommentAction","name":"Comment","target":["https:\/\/radioleinewelle.de\/index.php\/2024\/07\/24\/kuenstler-der-woche-barry-adamson\/#respond"]}]},{"@type":"WebPage","@id":"https:\/\/radioleinewelle.de\/index.php\/2024\/07\/24\/kuenstler-der-woche-barry-adamson\/","url":"https:\/\/radioleinewelle.de\/index.php\/2024\/07\/24\/kuenstler-der-woche-barry-adamson\/","name":"K\u00fcnstler der Woche: Barry Adamson - Radio Leinewelle","isPartOf":{"@id":"https:\/\/radioleinewelle.de\/#website"},"primaryImageOfPage":{"@id":"https:\/\/radioleinewelle.de\/index.php\/2024\/07\/24\/kuenstler-der-woche-barry-adamson\/#primaryimage"},"image":{"@id":"https:\/\/radioleinewelle.de\/index.php\/2024\/07\/24\/kuenstler-der-woche-barry-adamson\/#primaryimage"},"thumbnailUrl":"https:\/\/radioleinewelle.de\/wp-content\/uploads\/2024\/07\/BarryAdamson_photo_by_Jone-Reed-_Colour.jpg","datePublished":"2024-07-24T08:03:20+00:00","dateModified":"2024-07-24T08:03:22+00:00","breadcrumb":{"@id":"https:\/\/radioleinewelle.de\/index.php\/2024\/07\/24\/kuenstler-der-woche-barry-adamson\/#breadcrumb"},"inLanguage":"de","potentialAction":[{"@type":"ReadAction","target":["https:\/\/radioleinewelle.de\/index.php\/2024\/07\/24\/kuenstler-der-woche-barry-adamson\/"]}]},{"@type":"ImageObject","inLanguage":"de","@id":"https:\/\/radioleinewelle.de\/index.php\/2024\/07\/24\/kuenstler-der-woche-barry-adamson\/#primaryimage","url":"https:\/\/radioleinewelle.de\/wp-content\/uploads\/2024\/07\/BarryAdamson_photo_by_Jone-Reed-_Colour.jpg","contentUrl":"https:\/\/radioleinewelle.de\/wp-content\/uploads\/2024\/07\/BarryAdamson_photo_by_Jone-Reed-_Colour.jpg","width":1000,"height":664},{"@type":"BreadcrumbList","@id":"https:\/\/radioleinewelle.de\/index.php\/2024\/07\/24\/kuenstler-der-woche-barry-adamson\/#breadcrumb","itemListElement":[{"@type":"ListItem","position":1,"name":"Startseite","item":"https:\/\/radioleinewelle.de\/"},{"@type":"ListItem","position":2,"name":"K\u00fcnstler der Woche: Barry Adamson"}]},{"@type":"WebSite","@id":"https:\/\/radioleinewelle.de\/#website","url":"https:\/\/radioleinewelle.de\/","name":"Radio Leinewelle","description":"","publisher":{"@id":"https:\/\/radioleinewelle.de\/#organization"},"potentialAction":[{"@type":"SearchAction","target":{"@type":"EntryPoint","urlTemplate":"https:\/\/radioleinewelle.de\/?s={search_term_string}"},"query-input":{"@type":"PropertyValueSpecification","valueRequired":true,"valueName":"search_term_string"}}],"inLanguage":"de"},{"@type":"Organization","@id":"https:\/\/radioleinewelle.de\/#organization","name":"Radio Leinewelle","alternateName":"Mein Radio f\u00fcr S\u00fcdniedersachsen","url":"https:\/\/radioleinewelle.de\/","logo":{"@type":"ImageObject","inLanguage":"de","@id":"https:\/\/radioleinewelle.de\/#\/schema\/logo\/image\/","url":"https:\/\/radioleinewelle.de\/wp-content\/uploads\/2023\/11\/cropped-Leinewelle_Logo_weiss.png","contentUrl":"https:\/\/radioleinewelle.de\/wp-content\/uploads\/2023\/11\/cropped-Leinewelle_Logo_weiss.png","width":854,"height":260,"caption":"Radio Leinewelle"},"image":{"@id":"https:\/\/radioleinewelle.de\/#\/schema\/logo\/image\/"},"sameAs":["https:\/\/www.facebook.com\/radioleinewelle","https:\/\/x.com\/RLeinewelle","https:\/\/www.instagram.com\/radioleinewelle\/?hl=de"]},{"@type":"Person","@id":"https:\/\/radioleinewelle.de\/#\/schema\/person\/45606f348637df637192dc1b68399a63","name":"Leinewelle","image":{"@type":"ImageObject","inLanguage":"de","@id":"https:\/\/secure.gravatar.com\/avatar\/05c9a17bc973052ee5d91549bd32fb4dd0dc85b7b85ae94b2e2b4943476bbea5?s=96&d=blank&r=g","url":"https:\/\/secure.gravatar.com\/avatar\/05c9a17bc973052ee5d91549bd32fb4dd0dc85b7b85ae94b2e2b4943476bbea5?s=96&d=blank&r=g","contentUrl":"https:\/\/secure.gravatar.com\/avatar\/05c9a17bc973052ee5d91549bd32fb4dd0dc85b7b85ae94b2e2b4943476bbea5?s=96&d=blank&r=g","caption":"Leinewelle"},"sameAs":["http:\/\/localhost\/radio%20leinewelle\/wordpress","https:\/\/www.facebook.com\/radioleinewelle","https:\/\/www.instagram.com\/radioleinewelle","https:\/\/x.com\/https:\/\/twitter.com\/RLeinewelle?ref_src=twsrcgoogletwcampserptwgrauthor","https:\/\/soundcloud.com\/foerderverein-lokalradio?utm_source=clipboard&utm_medium=text&utm_campaign=social_sharing"],"url":"https:\/\/radioleinewelle.de\/index.php\/author\/leinewelle\/"}]}},"_links":{"self":[{"href":"https:\/\/radioleinewelle.de\/index.php\/wp-json\/wp\/v2\/posts\/25785","targetHints":{"allow":["GET"]}}],"collection":[{"href":"https:\/\/radioleinewelle.de\/index.php\/wp-json\/wp\/v2\/posts"}],"about":[{"href":"https:\/\/radioleinewelle.de\/index.php\/wp-json\/wp\/v2\/types\/post"}],"author":[{"embeddable":true,"href":"https:\/\/radioleinewelle.de\/index.php\/wp-json\/wp\/v2\/users\/1"}],"replies":[{"embeddable":true,"href":"https:\/\/radioleinewelle.de\/index.php\/wp-json\/wp\/v2\/comments?post=25785"}],"version-history":[{"count":1,"href":"https:\/\/radioleinewelle.de\/index.php\/wp-json\/wp\/v2\/posts\/25785\/revisions"}],"predecessor-version":[{"id":25786,"href":"https:\/\/radioleinewelle.de\/index.php\/wp-json\/wp\/v2\/posts\/25785\/revisions\/25786"}],"wp:featuredmedia":[{"embeddable":true,"href":"https:\/\/radioleinewelle.de\/index.php\/wp-json\/wp\/v2\/media\/25787"}],"wp:attachment":[{"href":"https:\/\/radioleinewelle.de\/index.php\/wp-json\/wp\/v2\/media?parent=25785"}],"wp:term":[{"taxonomy":"category","embeddable":true,"href":"https:\/\/radioleinewelle.de\/index.php\/wp-json\/wp\/v2\/categories?post=25785"},{"taxonomy":"post_tag","embeddable":true,"href":"https:\/\/radioleinewelle.de\/index.php\/wp-json\/wp\/v2\/tags?post=25785"}],"curies":[{"name":"wp","href":"https:\/\/api.w.org\/{rel}","templated":true}]}}