{"id":25788,"date":"2024-07-24T10:38:35","date_gmt":"2024-07-24T08:38:35","guid":{"rendered":"https:\/\/radioleinewelle.de\/?p=25788"},"modified":"2024-07-26T14:09:12","modified_gmt":"2024-07-26T12:09:12","slug":"heute-abend-hinter-den-spiegeln-praesentiert-irish-folk-punk","status":"publish","type":"post","link":"https:\/\/radioleinewelle.de\/index.php\/2024\/07\/24\/heute-abend-hinter-den-spiegeln-praesentiert-irish-folk-punk\/","title":{"rendered":"Heute Abend: &#8222;Hinter den Spiegeln&#8220; pr\u00e4sentiert Irish Folk Punk"},"content":{"rendered":"\n<p>In den 1990ern war u.a. durch den gro\u00dfen Erfolg der Pogues das Interesse an irischer Folkmusik in Deutschland so gro\u00df, dass sich auch hier Bands gr\u00fcndeten, die punkigen Irish Folk spielen. Ein paar davon und ein paar irische Originale k\u00f6nnt ihr euch heute Abend in <strong>&#8222;Hinter den Spiegeln&#8220;<\/strong> anh\u00f6ren und ein Guinness dazu trinken. Sl\u00e1inte! Alles ab 21:00 Uhr auf Radio Leinewelle.<\/p>\n","protected":false},"excerpt":{"rendered":"<p>In den 1990ern war u.a. durch den gro\u00dfen Erfolg der Pogues das Interesse an irischer Folkmusik in Deutschland so gro\u00df, dass sich auch hier Bands gr\u00fcndeten, die punkigen Irish Folk spielen. Ein paar davon und ein paar irische Originale k\u00f6nnt ihr euch heute Abend in &#8222;Hinter den Spiegeln&#8220; anh\u00f6ren und ein Guinness dazu trinken. Sl\u00e1inte! [&hellip;]<\/p>\n","protected":false},"author":1,"featured_media":25789,"comment_status":"open","ping_status":"open","sticky":false,"template":"","format":"standard","meta":{"saved_in_kubio":false,"footnotes":""},"categories":[29,3458],"tags":[],"class_list":["post-25788","post","type-post","status-publish","format-standard","has-post-thumbnail","hentry","category-on-air","category-sound"],"yoast_head":"<!-- This site is optimized with the Yoast SEO plugin v27.5 - https:\/\/yoast.com\/product\/yoast-seo-wordpress\/ -->\n<title>Heute Abend: &quot;Hinter den Spiegeln&quot; pr\u00e4sentiert Irish Folk Punk - Radio Leinewelle<\/title>\n<meta name=\"robots\" content=\"index, follow, max-snippet:-1, max-image-preview:large, max-video-preview:-1\" \/>\n<link rel=\"canonical\" href=\"https:\/\/radioleinewelle.de\/index.php\/2024\/07\/24\/heute-abend-hinter-den-spiegeln-praesentiert-irish-folk-punk\/\" \/>\n<meta property=\"og:locale\" content=\"de_DE\" \/>\n<meta property=\"og:type\" content=\"article\" \/>\n<meta property=\"og:title\" content=\"Heute Abend: &quot;Hinter den Spiegeln&quot; pr\u00e4sentiert Irish Folk Punk - Radio Leinewelle\" \/>\n<meta property=\"og:description\" content=\"In den 1990ern war u.a. durch den gro\u00dfen Erfolg der Pogues das Interesse an irischer Folkmusik in Deutschland so gro\u00df, dass sich auch hier Bands gr\u00fcndeten, die punkigen Irish Folk spielen. Ein paar davon und ein paar irische Originale k\u00f6nnt ihr euch heute Abend in &#8222;Hinter den Spiegeln&#8220; anh\u00f6ren und ein Guinness dazu trinken. Sl\u00e1inte! [&hellip;]\" \/>\n<meta property=\"og:url\" content=\"https:\/\/radioleinewelle.de\/index.php\/2024\/07\/24\/heute-abend-hinter-den-spiegeln-praesentiert-irish-folk-punk\/\" \/>\n<meta property=\"og:site_name\" content=\"Radio Leinewelle\" \/>\n<meta property=\"article:publisher\" content=\"https:\/\/www.facebook.com\/radioleinewelle\" \/>\n<meta property=\"article:author\" content=\"https:\/\/www.facebook.com\/radioleinewelle\" \/>\n<meta property=\"article:published_time\" content=\"2024-07-24T08:38:35+00:00\" \/>\n<meta property=\"article:modified_time\" content=\"2024-07-26T12:09:12+00:00\" \/>\n<meta property=\"og:image\" content=\"https:\/\/radioleinewelle.de\/wp-content\/uploads\/2024\/07\/Hinter-den-Spiegeln-24-07-24.jpg\" \/>\n\t<meta property=\"og:image:width\" content=\"1280\" \/>\n\t<meta property=\"og:image:height\" content=\"720\" \/>\n\t<meta property=\"og:image:type\" content=\"image\/jpeg\" \/>\n<meta name=\"author\" content=\"Leinewelle\" \/>\n<meta name=\"twitter:card\" content=\"summary_large_image\" \/>\n<meta name=\"twitter:creator\" content=\"@https:\/\/twitter.com\/RLeinewelle?ref_src=twsrcgoogletwcampserptwgrauthor\" \/>\n<meta name=\"twitter:site\" content=\"@RLeinewelle\" \/>\n<meta name=\"twitter:label1\" content=\"Verfasst von\" \/>\n\t<meta name=\"twitter:data1\" content=\"Leinewelle\" \/>\n\t<meta name=\"twitter:label2\" content=\"Gesch\u00e4tzte Lesezeit\" \/>\n\t<meta name=\"twitter:data2\" content=\"1\u00a0Minute\" \/>\n<script type=\"application\/ld+json\" class=\"yoast-schema-graph\">{\"@context\":\"https:\\\/\\\/schema.org\",\"@graph\":[{\"@type\":\"Article\",\"@id\":\"https:\\\/\\\/radioleinewelle.de\\\/index.php\\\/2024\\\/07\\\/24\\\/heute-abend-hinter-den-spiegeln-praesentiert-irish-folk-punk\\\/#article\",\"isPartOf\":{\"@id\":\"https:\\\/\\\/radioleinewelle.de\\\/index.php\\\/2024\\\/07\\\/24\\\/heute-abend-hinter-den-spiegeln-praesentiert-irish-folk-punk\\\/\"},\"author\":{\"name\":\"Leinewelle\",\"@id\":\"https:\\\/\\\/radioleinewelle.de\\\/#\\\/schema\\\/person\\\/45606f348637df637192dc1b68399a63\"},\"headline\":\"Heute Abend: &#8222;Hinter den Spiegeln&#8220; pr\u00e4sentiert Irish Folk Punk\",\"datePublished\":\"2024-07-24T08:38:35+00:00\",\"dateModified\":\"2024-07-26T12:09:12+00:00\",\"mainEntityOfPage\":{\"@id\":\"https:\\\/\\\/radioleinewelle.de\\\/index.php\\\/2024\\\/07\\\/24\\\/heute-abend-hinter-den-spiegeln-praesentiert-irish-folk-punk\\\/\"},\"wordCount\":77,\"commentCount\":0,\"publisher\":{\"@id\":\"https:\\\/\\\/radioleinewelle.de\\\/#organization\"},\"image\":{\"@id\":\"https:\\\/\\\/radioleinewelle.de\\\/index.php\\\/2024\\\/07\\\/24\\\/heute-abend-hinter-den-spiegeln-praesentiert-irish-folk-punk\\\/#primaryimage\"},\"thumbnailUrl\":\"https:\\\/\\\/radioleinewelle.de\\\/wp-content\\\/uploads\\\/2024\\\/07\\\/Hinter-den-Spiegeln-24-07-24.jpg\",\"articleSection\":[\"On Air\",\"Sound\"],\"inLanguage\":\"de\",\"potentialAction\":[{\"@type\":\"CommentAction\",\"name\":\"Comment\",\"target\":[\"https:\\\/\\\/radioleinewelle.de\\\/index.php\\\/2024\\\/07\\\/24\\\/heute-abend-hinter-den-spiegeln-praesentiert-irish-folk-punk\\\/#respond\"]}]},{\"@type\":\"WebPage\",\"@id\":\"https:\\\/\\\/radioleinewelle.de\\\/index.php\\\/2024\\\/07\\\/24\\\/heute-abend-hinter-den-spiegeln-praesentiert-irish-folk-punk\\\/\",\"url\":\"https:\\\/\\\/radioleinewelle.de\\\/index.php\\\/2024\\\/07\\\/24\\\/heute-abend-hinter-den-spiegeln-praesentiert-irish-folk-punk\\\/\",\"name\":\"Heute Abend: \\\"Hinter den Spiegeln\\\" pr\u00e4sentiert Irish Folk Punk - Radio Leinewelle\",\"isPartOf\":{\"@id\":\"https:\\\/\\\/radioleinewelle.de\\\/#website\"},\"primaryImageOfPage\":{\"@id\":\"https:\\\/\\\/radioleinewelle.de\\\/index.php\\\/2024\\\/07\\\/24\\\/heute-abend-hinter-den-spiegeln-praesentiert-irish-folk-punk\\\/#primaryimage\"},\"image\":{\"@id\":\"https:\\\/\\\/radioleinewelle.de\\\/index.php\\\/2024\\\/07\\\/24\\\/heute-abend-hinter-den-spiegeln-praesentiert-irish-folk-punk\\\/#primaryimage\"},\"thumbnailUrl\":\"https:\\\/\\\/radioleinewelle.de\\\/wp-content\\\/uploads\\\/2024\\\/07\\\/Hinter-den-Spiegeln-24-07-24.jpg\",\"datePublished\":\"2024-07-24T08:38:35+00:00\",\"dateModified\":\"2024-07-26T12:09:12+00:00\",\"breadcrumb\":{\"@id\":\"https:\\\/\\\/radioleinewelle.de\\\/index.php\\\/2024\\\/07\\\/24\\\/heute-abend-hinter-den-spiegeln-praesentiert-irish-folk-punk\\\/#breadcrumb\"},\"inLanguage\":\"de\",\"potentialAction\":[{\"@type\":\"ReadAction\",\"target\":[\"https:\\\/\\\/radioleinewelle.de\\\/index.php\\\/2024\\\/07\\\/24\\\/heute-abend-hinter-den-spiegeln-praesentiert-irish-folk-punk\\\/\"]}]},{\"@type\":\"ImageObject\",\"inLanguage\":\"de\",\"@id\":\"https:\\\/\\\/radioleinewelle.de\\\/index.php\\\/2024\\\/07\\\/24\\\/heute-abend-hinter-den-spiegeln-praesentiert-irish-folk-punk\\\/#primaryimage\",\"url\":\"https:\\\/\\\/radioleinewelle.de\\\/wp-content\\\/uploads\\\/2024\\\/07\\\/Hinter-den-Spiegeln-24-07-24.jpg\",\"contentUrl\":\"https:\\\/\\\/radioleinewelle.de\\\/wp-content\\\/uploads\\\/2024\\\/07\\\/Hinter-den-Spiegeln-24-07-24.jpg\",\"width\":1280,\"height\":720},{\"@type\":\"BreadcrumbList\",\"@id\":\"https:\\\/\\\/radioleinewelle.de\\\/index.php\\\/2024\\\/07\\\/24\\\/heute-abend-hinter-den-spiegeln-praesentiert-irish-folk-punk\\\/#breadcrumb\",\"itemListElement\":[{\"@type\":\"ListItem\",\"position\":1,\"name\":\"Startseite\",\"item\":\"https:\\\/\\\/radioleinewelle.de\\\/\"},{\"@type\":\"ListItem\",\"position\":2,\"name\":\"Heute Abend: &#8220;Hinter den Spiegeln&#8221; pr\u00e4sentiert Irish Folk Punk\"}]},{\"@type\":\"WebSite\",\"@id\":\"https:\\\/\\\/radioleinewelle.de\\\/#website\",\"url\":\"https:\\\/\\\/radioleinewelle.de\\\/\",\"name\":\"Radio Leinewelle\",\"description\":\"\",\"publisher\":{\"@id\":\"https:\\\/\\\/radioleinewelle.de\\\/#organization\"},\"potentialAction\":[{\"@type\":\"SearchAction\",\"target\":{\"@type\":\"EntryPoint\",\"urlTemplate\":\"https:\\\/\\\/radioleinewelle.de\\\/?s={search_term_string}\"},\"query-input\":{\"@type\":\"PropertyValueSpecification\",\"valueRequired\":true,\"valueName\":\"search_term_string\"}}],\"inLanguage\":\"de\"},{\"@type\":\"Organization\",\"@id\":\"https:\\\/\\\/radioleinewelle.de\\\/#organization\",\"name\":\"Radio Leinewelle\",\"alternateName\":\"Mein Radio f\u00fcr S\u00fcdniedersachsen\",\"url\":\"https:\\\/\\\/radioleinewelle.de\\\/\",\"logo\":{\"@type\":\"ImageObject\",\"inLanguage\":\"de\",\"@id\":\"https:\\\/\\\/radioleinewelle.de\\\/#\\\/schema\\\/logo\\\/image\\\/\",\"url\":\"https:\\\/\\\/radioleinewelle.de\\\/wp-content\\\/uploads\\\/2023\\\/11\\\/cropped-Leinewelle_Logo_weiss.png\",\"contentUrl\":\"https:\\\/\\\/radioleinewelle.de\\\/wp-content\\\/uploads\\\/2023\\\/11\\\/cropped-Leinewelle_Logo_weiss.png\",\"width\":854,\"height\":260,\"caption\":\"Radio Leinewelle\"},\"image\":{\"@id\":\"https:\\\/\\\/radioleinewelle.de\\\/#\\\/schema\\\/logo\\\/image\\\/\"},\"sameAs\":[\"https:\\\/\\\/www.facebook.com\\\/radioleinewelle\",\"https:\\\/\\\/x.com\\\/RLeinewelle\",\"https:\\\/\\\/www.instagram.com\\\/radioleinewelle\\\/?hl=de\"]},{\"@type\":\"Person\",\"@id\":\"https:\\\/\\\/radioleinewelle.de\\\/#\\\/schema\\\/person\\\/45606f348637df637192dc1b68399a63\",\"name\":\"Leinewelle\",\"image\":{\"@type\":\"ImageObject\",\"inLanguage\":\"de\",\"@id\":\"https:\\\/\\\/secure.gravatar.com\\\/avatar\\\/05c9a17bc973052ee5d91549bd32fb4dd0dc85b7b85ae94b2e2b4943476bbea5?s=96&d=blank&r=g\",\"url\":\"https:\\\/\\\/secure.gravatar.com\\\/avatar\\\/05c9a17bc973052ee5d91549bd32fb4dd0dc85b7b85ae94b2e2b4943476bbea5?s=96&d=blank&r=g\",\"contentUrl\":\"https:\\\/\\\/secure.gravatar.com\\\/avatar\\\/05c9a17bc973052ee5d91549bd32fb4dd0dc85b7b85ae94b2e2b4943476bbea5?s=96&d=blank&r=g\",\"caption\":\"Leinewelle\"},\"sameAs\":[\"http:\\\/\\\/localhost\\\/radio%20leinewelle\\\/wordpress\",\"https:\\\/\\\/www.facebook.com\\\/radioleinewelle\",\"https:\\\/\\\/www.instagram.com\\\/radioleinewelle\",\"https:\\\/\\\/x.com\\\/https:\\\/\\\/twitter.com\\\/RLeinewelle?ref_src=twsrcgoogletwcampserptwgrauthor\",\"https:\\\/\\\/soundcloud.com\\\/foerderverein-lokalradio?utm_source=clipboard&utm_medium=text&utm_campaign=social_sharing\"],\"url\":\"https:\\\/\\\/radioleinewelle.de\\\/index.php\\\/author\\\/leinewelle\\\/\"}]}<\/script>\n<!-- \/ Yoast SEO plugin. -->","yoast_head_json":{"title":"Heute Abend: \"Hinter den Spiegeln\" pr\u00e4sentiert Irish Folk Punk - Radio Leinewelle","robots":{"index":"index","follow":"follow","max-snippet":"max-snippet:-1","max-image-preview":"max-image-preview:large","max-video-preview":"max-video-preview:-1"},"canonical":"https:\/\/radioleinewelle.de\/index.php\/2024\/07\/24\/heute-abend-hinter-den-spiegeln-praesentiert-irish-folk-punk\/","og_locale":"de_DE","og_type":"article","og_title":"Heute Abend: \"Hinter den Spiegeln\" pr\u00e4sentiert Irish Folk Punk - Radio Leinewelle","og_description":"In den 1990ern war u.a. durch den gro\u00dfen Erfolg der Pogues das Interesse an irischer Folkmusik in Deutschland so gro\u00df, dass sich auch hier Bands gr\u00fcndeten, die punkigen Irish Folk spielen. Ein paar davon und ein paar irische Originale k\u00f6nnt ihr euch heute Abend in &#8222;Hinter den Spiegeln&#8220; anh\u00f6ren und ein Guinness dazu trinken. Sl\u00e1inte! [&hellip;]","og_url":"https:\/\/radioleinewelle.de\/index.php\/2024\/07\/24\/heute-abend-hinter-den-spiegeln-praesentiert-irish-folk-punk\/","og_site_name":"Radio Leinewelle","article_publisher":"https:\/\/www.facebook.com\/radioleinewelle","article_author":"https:\/\/www.facebook.com\/radioleinewelle","article_published_time":"2024-07-24T08:38:35+00:00","article_modified_time":"2024-07-26T12:09:12+00:00","og_image":[{"width":1280,"height":720,"url":"https:\/\/radioleinewelle.de\/wp-content\/uploads\/2024\/07\/Hinter-den-Spiegeln-24-07-24.jpg","type":"image\/jpeg"}],"author":"Leinewelle","twitter_card":"summary_large_image","twitter_creator":"@https:\/\/twitter.com\/RLeinewelle?ref_src=twsrcgoogletwcampserptwgrauthor","twitter_site":"@RLeinewelle","twitter_misc":{"Verfasst von":"Leinewelle","Gesch\u00e4tzte Lesezeit":"1\u00a0Minute"},"schema":{"@context":"https:\/\/schema.org","@graph":[{"@type":"Article","@id":"https:\/\/radioleinewelle.de\/index.php\/2024\/07\/24\/heute-abend-hinter-den-spiegeln-praesentiert-irish-folk-punk\/#article","isPartOf":{"@id":"https:\/\/radioleinewelle.de\/index.php\/2024\/07\/24\/heute-abend-hinter-den-spiegeln-praesentiert-irish-folk-punk\/"},"author":{"name":"Leinewelle","@id":"https:\/\/radioleinewelle.de\/#\/schema\/person\/45606f348637df637192dc1b68399a63"},"headline":"Heute Abend: &#8222;Hinter den Spiegeln&#8220; pr\u00e4sentiert Irish Folk Punk","datePublished":"2024-07-24T08:38:35+00:00","dateModified":"2024-07-26T12:09:12+00:00","mainEntityOfPage":{"@id":"https:\/\/radioleinewelle.de\/index.php\/2024\/07\/24\/heute-abend-hinter-den-spiegeln-praesentiert-irish-folk-punk\/"},"wordCount":77,"commentCount":0,"publisher":{"@id":"https:\/\/radioleinewelle.de\/#organization"},"image":{"@id":"https:\/\/radioleinewelle.de\/index.php\/2024\/07\/24\/heute-abend-hinter-den-spiegeln-praesentiert-irish-folk-punk\/#primaryimage"},"thumbnailUrl":"https:\/\/radioleinewelle.de\/wp-content\/uploads\/2024\/07\/Hinter-den-Spiegeln-24-07-24.jpg","articleSection":["On Air","Sound"],"inLanguage":"de","potentialAction":[{"@type":"CommentAction","name":"Comment","target":["https:\/\/radioleinewelle.de\/index.php\/2024\/07\/24\/heute-abend-hinter-den-spiegeln-praesentiert-irish-folk-punk\/#respond"]}]},{"@type":"WebPage","@id":"https:\/\/radioleinewelle.de\/index.php\/2024\/07\/24\/heute-abend-hinter-den-spiegeln-praesentiert-irish-folk-punk\/","url":"https:\/\/radioleinewelle.de\/index.php\/2024\/07\/24\/heute-abend-hinter-den-spiegeln-praesentiert-irish-folk-punk\/","name":"Heute Abend: \"Hinter den Spiegeln\" pr\u00e4sentiert Irish Folk Punk - Radio Leinewelle","isPartOf":{"@id":"https:\/\/radioleinewelle.de\/#website"},"primaryImageOfPage":{"@id":"https:\/\/radioleinewelle.de\/index.php\/2024\/07\/24\/heute-abend-hinter-den-spiegeln-praesentiert-irish-folk-punk\/#primaryimage"},"image":{"@id":"https:\/\/radioleinewelle.de\/index.php\/2024\/07\/24\/heute-abend-hinter-den-spiegeln-praesentiert-irish-folk-punk\/#primaryimage"},"thumbnailUrl":"https:\/\/radioleinewelle.de\/wp-content\/uploads\/2024\/07\/Hinter-den-Spiegeln-24-07-24.jpg","datePublished":"2024-07-24T08:38:35+00:00","dateModified":"2024-07-26T12:09:12+00:00","breadcrumb":{"@id":"https:\/\/radioleinewelle.de\/index.php\/2024\/07\/24\/heute-abend-hinter-den-spiegeln-praesentiert-irish-folk-punk\/#breadcrumb"},"inLanguage":"de","potentialAction":[{"@type":"ReadAction","target":["https:\/\/radioleinewelle.de\/index.php\/2024\/07\/24\/heute-abend-hinter-den-spiegeln-praesentiert-irish-folk-punk\/"]}]},{"@type":"ImageObject","inLanguage":"de","@id":"https:\/\/radioleinewelle.de\/index.php\/2024\/07\/24\/heute-abend-hinter-den-spiegeln-praesentiert-irish-folk-punk\/#primaryimage","url":"https:\/\/radioleinewelle.de\/wp-content\/uploads\/2024\/07\/Hinter-den-Spiegeln-24-07-24.jpg","contentUrl":"https:\/\/radioleinewelle.de\/wp-content\/uploads\/2024\/07\/Hinter-den-Spiegeln-24-07-24.jpg","width":1280,"height":720},{"@type":"BreadcrumbList","@id":"https:\/\/radioleinewelle.de\/index.php\/2024\/07\/24\/heute-abend-hinter-den-spiegeln-praesentiert-irish-folk-punk\/#breadcrumb","itemListElement":[{"@type":"ListItem","position":1,"name":"Startseite","item":"https:\/\/radioleinewelle.de\/"},{"@type":"ListItem","position":2,"name":"Heute Abend: &#8220;Hinter den Spiegeln&#8221; pr\u00e4sentiert Irish Folk Punk"}]},{"@type":"WebSite","@id":"https:\/\/radioleinewelle.de\/#website","url":"https:\/\/radioleinewelle.de\/","name":"Radio Leinewelle","description":"","publisher":{"@id":"https:\/\/radioleinewelle.de\/#organization"},"potentialAction":[{"@type":"SearchAction","target":{"@type":"EntryPoint","urlTemplate":"https:\/\/radioleinewelle.de\/?s={search_term_string}"},"query-input":{"@type":"PropertyValueSpecification","valueRequired":true,"valueName":"search_term_string"}}],"inLanguage":"de"},{"@type":"Organization","@id":"https:\/\/radioleinewelle.de\/#organization","name":"Radio Leinewelle","alternateName":"Mein Radio f\u00fcr S\u00fcdniedersachsen","url":"https:\/\/radioleinewelle.de\/","logo":{"@type":"ImageObject","inLanguage":"de","@id":"https:\/\/radioleinewelle.de\/#\/schema\/logo\/image\/","url":"https:\/\/radioleinewelle.de\/wp-content\/uploads\/2023\/11\/cropped-Leinewelle_Logo_weiss.png","contentUrl":"https:\/\/radioleinewelle.de\/wp-content\/uploads\/2023\/11\/cropped-Leinewelle_Logo_weiss.png","width":854,"height":260,"caption":"Radio Leinewelle"},"image":{"@id":"https:\/\/radioleinewelle.de\/#\/schema\/logo\/image\/"},"sameAs":["https:\/\/www.facebook.com\/radioleinewelle","https:\/\/x.com\/RLeinewelle","https:\/\/www.instagram.com\/radioleinewelle\/?hl=de"]},{"@type":"Person","@id":"https:\/\/radioleinewelle.de\/#\/schema\/person\/45606f348637df637192dc1b68399a63","name":"Leinewelle","image":{"@type":"ImageObject","inLanguage":"de","@id":"https:\/\/secure.gravatar.com\/avatar\/05c9a17bc973052ee5d91549bd32fb4dd0dc85b7b85ae94b2e2b4943476bbea5?s=96&d=blank&r=g","url":"https:\/\/secure.gravatar.com\/avatar\/05c9a17bc973052ee5d91549bd32fb4dd0dc85b7b85ae94b2e2b4943476bbea5?s=96&d=blank&r=g","contentUrl":"https:\/\/secure.gravatar.com\/avatar\/05c9a17bc973052ee5d91549bd32fb4dd0dc85b7b85ae94b2e2b4943476bbea5?s=96&d=blank&r=g","caption":"Leinewelle"},"sameAs":["http:\/\/localhost\/radio%20leinewelle\/wordpress","https:\/\/www.facebook.com\/radioleinewelle","https:\/\/www.instagram.com\/radioleinewelle","https:\/\/x.com\/https:\/\/twitter.com\/RLeinewelle?ref_src=twsrcgoogletwcampserptwgrauthor","https:\/\/soundcloud.com\/foerderverein-lokalradio?utm_source=clipboard&utm_medium=text&utm_campaign=social_sharing"],"url":"https:\/\/radioleinewelle.de\/index.php\/author\/leinewelle\/"}]}},"_links":{"self":[{"href":"https:\/\/radioleinewelle.de\/index.php\/wp-json\/wp\/v2\/posts\/25788","targetHints":{"allow":["GET"]}}],"collection":[{"href":"https:\/\/radioleinewelle.de\/index.php\/wp-json\/wp\/v2\/posts"}],"about":[{"href":"https:\/\/radioleinewelle.de\/index.php\/wp-json\/wp\/v2\/types\/post"}],"author":[{"embeddable":true,"href":"https:\/\/radioleinewelle.de\/index.php\/wp-json\/wp\/v2\/users\/1"}],"replies":[{"embeddable":true,"href":"https:\/\/radioleinewelle.de\/index.php\/wp-json\/wp\/v2\/comments?post=25788"}],"version-history":[{"count":2,"href":"https:\/\/radioleinewelle.de\/index.php\/wp-json\/wp\/v2\/posts\/25788\/revisions"}],"predecessor-version":[{"id":25791,"href":"https:\/\/radioleinewelle.de\/index.php\/wp-json\/wp\/v2\/posts\/25788\/revisions\/25791"}],"wp:featuredmedia":[{"embeddable":true,"href":"https:\/\/radioleinewelle.de\/index.php\/wp-json\/wp\/v2\/media\/25789"}],"wp:attachment":[{"href":"https:\/\/radioleinewelle.de\/index.php\/wp-json\/wp\/v2\/media?parent=25788"}],"wp:term":[{"taxonomy":"category","embeddable":true,"href":"https:\/\/radioleinewelle.de\/index.php\/wp-json\/wp\/v2\/categories?post=25788"},{"taxonomy":"post_tag","embeddable":true,"href":"https:\/\/radioleinewelle.de\/index.php\/wp-json\/wp\/v2\/tags?post=25788"}],"curies":[{"name":"wp","href":"https:\/\/api.w.org\/{rel}","templated":true}]}}