{"id":25800,"date":"2024-07-26T11:10:40","date_gmt":"2024-07-26T09:10:40","guid":{"rendered":"https:\/\/radioleinewelle.de\/?p=25800"},"modified":"2024-07-26T14:08:41","modified_gmt":"2024-07-26T12:08:41","slug":"zum-nachhoeren-togetherness-im-kunsthaus-goettingen","status":"publish","type":"post","link":"https:\/\/radioleinewelle.de\/index.php\/2024\/07\/26\/zum-nachhoeren-togetherness-im-kunsthaus-goettingen\/","title":{"rendered":"Zum Nachh\u00f6ren: &#8222;Togetherness&#8220; im Kunsthaus G\u00f6ttingen"},"content":{"rendered":"\n<p>Das G\u00f6ttinger Kunsthaus G\u00f6ttingen zeigt in der neuen Ausstellung &#8222;Togetherness&#8220; Comics &amp; Graphic Novels von Nino Bulling, Nina Ehrentraut, Marijpol und dem Australier Tommi Parrish. Wir haben mit der Gesch\u00e4ftsf\u00fchrerin und Kuratorin Dorle Meyer \u00fcber die Ausstellung gesprochen.<\/p>\n\n\n\n<figure class=\"wp-block-audio\"><audio controls src=\"https:\/\/radioleinewelle.de\/wp-content\/uploads\/2024\/07\/Togetherness-Kunsthaus-Goettingen.mp3\"><\/audio><\/figure>\n\n\n\n<p>Begleitet wird die Ausstellung von einem umfangreichen Rahmenprogramm &#8211; an diesem Sonntag (28.07.) gibt es ab 16:30 Uhr einen interaktiven Ausstellungsrundgang mit Bewegungsworkshop &#8222;TROUVE&#8220; \/ <em>Geste, Mimik &#8211; blind vertrauen?<\/em><\/p>\n\n\n\n<p><strong>Mehr unter <a href=\"http:\/\/www.kunsthaus-goettingen.de\">www.kunsthaus-goettingen.de<\/a><\/strong><\/p>\n\n\n\n<p><strong>Foto: <\/strong>Mehr als Comics \/ Graphic Novels zeigt &#8222;Togetherness&#8220; \u00a9Radio Leinewelle (ue)<\/p>\n","protected":false},"excerpt":{"rendered":"<p>Das G\u00f6ttinger Kunsthaus G\u00f6ttingen zeigt in der neuen Ausstellung &#8222;Togetherness&#8220; Comics &amp; Graphic Novels von Nino Bulling, Nina Ehrentraut, Marijpol und dem Australier Tommi Parrish. Wir haben mit der Gesch\u00e4ftsf\u00fchrerin und Kuratorin Dorle Meyer \u00fcber die Ausstellung gesprochen. Begleitet wird die Ausstellung von einem umfangreichen Rahmenprogramm &#8211; an diesem Sonntag (28.07.) gibt es ab 16:30 [&hellip;]<\/p>\n","protected":false},"author":1,"featured_media":25803,"comment_status":"open","ping_status":"open","sticky":true,"template":"","format":"standard","meta":{"saved_in_kubio":false,"footnotes":""},"categories":[2930,45],"tags":[],"class_list":["post-25800","post","type-post","status-publish","format-standard","has-post-thumbnail","hentry","category-ausstellungen","category-kultur"],"yoast_head":"<!-- This site is optimized with the Yoast SEO plugin v27.5 - https:\/\/yoast.com\/product\/yoast-seo-wordpress\/ -->\n<title>Zum Nachh\u00f6ren: &quot;Togetherness&quot; im Kunsthaus G\u00f6ttingen - Radio Leinewelle<\/title>\n<meta name=\"robots\" content=\"index, follow, max-snippet:-1, max-image-preview:large, max-video-preview:-1\" \/>\n<link rel=\"canonical\" href=\"https:\/\/radioleinewelle.de\/index.php\/2024\/07\/26\/zum-nachhoeren-togetherness-im-kunsthaus-goettingen\/\" \/>\n<meta property=\"og:locale\" content=\"de_DE\" \/>\n<meta property=\"og:type\" content=\"article\" \/>\n<meta property=\"og:title\" content=\"Zum Nachh\u00f6ren: &quot;Togetherness&quot; im Kunsthaus G\u00f6ttingen - Radio Leinewelle\" \/>\n<meta property=\"og:description\" content=\"Das G\u00f6ttinger Kunsthaus G\u00f6ttingen zeigt in der neuen Ausstellung &#8222;Togetherness&#8220; Comics &amp; Graphic Novels von Nino Bulling, Nina Ehrentraut, Marijpol und dem Australier Tommi Parrish. Wir haben mit der Gesch\u00e4ftsf\u00fchrerin und Kuratorin Dorle Meyer \u00fcber die Ausstellung gesprochen. Begleitet wird die Ausstellung von einem umfangreichen Rahmenprogramm &#8211; an diesem Sonntag (28.07.) gibt es ab 16:30 [&hellip;]\" \/>\n<meta property=\"og:url\" content=\"https:\/\/radioleinewelle.de\/index.php\/2024\/07\/26\/zum-nachhoeren-togetherness-im-kunsthaus-goettingen\/\" \/>\n<meta property=\"og:site_name\" content=\"Radio Leinewelle\" \/>\n<meta property=\"article:publisher\" content=\"https:\/\/www.facebook.com\/radioleinewelle\" \/>\n<meta property=\"article:author\" content=\"https:\/\/www.facebook.com\/radioleinewelle\" \/>\n<meta property=\"article:published_time\" content=\"2024-07-26T09:10:40+00:00\" \/>\n<meta property=\"article:modified_time\" content=\"2024-07-26T12:08:41+00:00\" \/>\n<meta property=\"og:image\" content=\"https:\/\/radioleinewelle.de\/wp-content\/uploads\/2024\/07\/Togetherness-\u00a9Radio-Leinewelle-ue-e1721984965191.jpg\" \/>\n\t<meta property=\"og:image:width\" content=\"1000\" \/>\n\t<meta property=\"og:image:height\" content=\"750\" \/>\n\t<meta property=\"og:image:type\" content=\"image\/jpeg\" \/>\n<meta name=\"author\" content=\"Leinewelle\" \/>\n<meta name=\"twitter:card\" content=\"summary_large_image\" \/>\n<meta name=\"twitter:creator\" content=\"@https:\/\/twitter.com\/RLeinewelle?ref_src=twsrcgoogletwcampserptwgrauthor\" \/>\n<meta name=\"twitter:site\" content=\"@RLeinewelle\" \/>\n<meta name=\"twitter:label1\" content=\"Verfasst von\" \/>\n\t<meta name=\"twitter:data1\" content=\"Leinewelle\" \/>\n\t<meta name=\"twitter:label2\" content=\"Gesch\u00e4tzte Lesezeit\" \/>\n\t<meta name=\"twitter:data2\" content=\"1\u00a0Minute\" \/>\n<script type=\"application\/ld+json\" class=\"yoast-schema-graph\">{\"@context\":\"https:\\\/\\\/schema.org\",\"@graph\":[{\"@type\":\"Article\",\"@id\":\"https:\\\/\\\/radioleinewelle.de\\\/index.php\\\/2024\\\/07\\\/26\\\/zum-nachhoeren-togetherness-im-kunsthaus-goettingen\\\/#article\",\"isPartOf\":{\"@id\":\"https:\\\/\\\/radioleinewelle.de\\\/index.php\\\/2024\\\/07\\\/26\\\/zum-nachhoeren-togetherness-im-kunsthaus-goettingen\\\/\"},\"author\":{\"name\":\"Leinewelle\",\"@id\":\"https:\\\/\\\/radioleinewelle.de\\\/#\\\/schema\\\/person\\\/45606f348637df637192dc1b68399a63\"},\"headline\":\"Zum Nachh\u00f6ren: &#8222;Togetherness&#8220; im Kunsthaus G\u00f6ttingen\",\"datePublished\":\"2024-07-26T09:10:40+00:00\",\"dateModified\":\"2024-07-26T12:08:41+00:00\",\"mainEntityOfPage\":{\"@id\":\"https:\\\/\\\/radioleinewelle.de\\\/index.php\\\/2024\\\/07\\\/26\\\/zum-nachhoeren-togetherness-im-kunsthaus-goettingen\\\/\"},\"wordCount\":93,\"commentCount\":0,\"publisher\":{\"@id\":\"https:\\\/\\\/radioleinewelle.de\\\/#organization\"},\"image\":{\"@id\":\"https:\\\/\\\/radioleinewelle.de\\\/index.php\\\/2024\\\/07\\\/26\\\/zum-nachhoeren-togetherness-im-kunsthaus-goettingen\\\/#primaryimage\"},\"thumbnailUrl\":\"https:\\\/\\\/radioleinewelle.de\\\/wp-content\\\/uploads\\\/2024\\\/07\\\/Togetherness-\u00a9Radio-Leinewelle-ue-e1721984965191.jpg\",\"articleSection\":[\"Ausstellungen\",\"Kultur\"],\"inLanguage\":\"de\",\"potentialAction\":[{\"@type\":\"CommentAction\",\"name\":\"Comment\",\"target\":[\"https:\\\/\\\/radioleinewelle.de\\\/index.php\\\/2024\\\/07\\\/26\\\/zum-nachhoeren-togetherness-im-kunsthaus-goettingen\\\/#respond\"]}]},{\"@type\":\"WebPage\",\"@id\":\"https:\\\/\\\/radioleinewelle.de\\\/index.php\\\/2024\\\/07\\\/26\\\/zum-nachhoeren-togetherness-im-kunsthaus-goettingen\\\/\",\"url\":\"https:\\\/\\\/radioleinewelle.de\\\/index.php\\\/2024\\\/07\\\/26\\\/zum-nachhoeren-togetherness-im-kunsthaus-goettingen\\\/\",\"name\":\"Zum Nachh\u00f6ren: \\\"Togetherness\\\" im Kunsthaus G\u00f6ttingen - Radio Leinewelle\",\"isPartOf\":{\"@id\":\"https:\\\/\\\/radioleinewelle.de\\\/#website\"},\"primaryImageOfPage\":{\"@id\":\"https:\\\/\\\/radioleinewelle.de\\\/index.php\\\/2024\\\/07\\\/26\\\/zum-nachhoeren-togetherness-im-kunsthaus-goettingen\\\/#primaryimage\"},\"image\":{\"@id\":\"https:\\\/\\\/radioleinewelle.de\\\/index.php\\\/2024\\\/07\\\/26\\\/zum-nachhoeren-togetherness-im-kunsthaus-goettingen\\\/#primaryimage\"},\"thumbnailUrl\":\"https:\\\/\\\/radioleinewelle.de\\\/wp-content\\\/uploads\\\/2024\\\/07\\\/Togetherness-\u00a9Radio-Leinewelle-ue-e1721984965191.jpg\",\"datePublished\":\"2024-07-26T09:10:40+00:00\",\"dateModified\":\"2024-07-26T12:08:41+00:00\",\"breadcrumb\":{\"@id\":\"https:\\\/\\\/radioleinewelle.de\\\/index.php\\\/2024\\\/07\\\/26\\\/zum-nachhoeren-togetherness-im-kunsthaus-goettingen\\\/#breadcrumb\"},\"inLanguage\":\"de\",\"potentialAction\":[{\"@type\":\"ReadAction\",\"target\":[\"https:\\\/\\\/radioleinewelle.de\\\/index.php\\\/2024\\\/07\\\/26\\\/zum-nachhoeren-togetherness-im-kunsthaus-goettingen\\\/\"]}]},{\"@type\":\"ImageObject\",\"inLanguage\":\"de\",\"@id\":\"https:\\\/\\\/radioleinewelle.de\\\/index.php\\\/2024\\\/07\\\/26\\\/zum-nachhoeren-togetherness-im-kunsthaus-goettingen\\\/#primaryimage\",\"url\":\"https:\\\/\\\/radioleinewelle.de\\\/wp-content\\\/uploads\\\/2024\\\/07\\\/Togetherness-\u00a9Radio-Leinewelle-ue-e1721984965191.jpg\",\"contentUrl\":\"https:\\\/\\\/radioleinewelle.de\\\/wp-content\\\/uploads\\\/2024\\\/07\\\/Togetherness-\u00a9Radio-Leinewelle-ue-e1721984965191.jpg\",\"width\":1000,\"height\":750},{\"@type\":\"BreadcrumbList\",\"@id\":\"https:\\\/\\\/radioleinewelle.de\\\/index.php\\\/2024\\\/07\\\/26\\\/zum-nachhoeren-togetherness-im-kunsthaus-goettingen\\\/#breadcrumb\",\"itemListElement\":[{\"@type\":\"ListItem\",\"position\":1,\"name\":\"Startseite\",\"item\":\"https:\\\/\\\/radioleinewelle.de\\\/\"},{\"@type\":\"ListItem\",\"position\":2,\"name\":\"Zum Nachh\u00f6ren: &#8220;Togetherness&#8221; im Kunsthaus G\u00f6ttingen\"}]},{\"@type\":\"WebSite\",\"@id\":\"https:\\\/\\\/radioleinewelle.de\\\/#website\",\"url\":\"https:\\\/\\\/radioleinewelle.de\\\/\",\"name\":\"Radio Leinewelle\",\"description\":\"\",\"publisher\":{\"@id\":\"https:\\\/\\\/radioleinewelle.de\\\/#organization\"},\"potentialAction\":[{\"@type\":\"SearchAction\",\"target\":{\"@type\":\"EntryPoint\",\"urlTemplate\":\"https:\\\/\\\/radioleinewelle.de\\\/?s={search_term_string}\"},\"query-input\":{\"@type\":\"PropertyValueSpecification\",\"valueRequired\":true,\"valueName\":\"search_term_string\"}}],\"inLanguage\":\"de\"},{\"@type\":\"Organization\",\"@id\":\"https:\\\/\\\/radioleinewelle.de\\\/#organization\",\"name\":\"Radio Leinewelle\",\"alternateName\":\"Mein Radio f\u00fcr S\u00fcdniedersachsen\",\"url\":\"https:\\\/\\\/radioleinewelle.de\\\/\",\"logo\":{\"@type\":\"ImageObject\",\"inLanguage\":\"de\",\"@id\":\"https:\\\/\\\/radioleinewelle.de\\\/#\\\/schema\\\/logo\\\/image\\\/\",\"url\":\"https:\\\/\\\/radioleinewelle.de\\\/wp-content\\\/uploads\\\/2023\\\/11\\\/cropped-Leinewelle_Logo_weiss.png\",\"contentUrl\":\"https:\\\/\\\/radioleinewelle.de\\\/wp-content\\\/uploads\\\/2023\\\/11\\\/cropped-Leinewelle_Logo_weiss.png\",\"width\":854,\"height\":260,\"caption\":\"Radio Leinewelle\"},\"image\":{\"@id\":\"https:\\\/\\\/radioleinewelle.de\\\/#\\\/schema\\\/logo\\\/image\\\/\"},\"sameAs\":[\"https:\\\/\\\/www.facebook.com\\\/radioleinewelle\",\"https:\\\/\\\/x.com\\\/RLeinewelle\",\"https:\\\/\\\/www.instagram.com\\\/radioleinewelle\\\/?hl=de\"]},{\"@type\":\"Person\",\"@id\":\"https:\\\/\\\/radioleinewelle.de\\\/#\\\/schema\\\/person\\\/45606f348637df637192dc1b68399a63\",\"name\":\"Leinewelle\",\"image\":{\"@type\":\"ImageObject\",\"inLanguage\":\"de\",\"@id\":\"https:\\\/\\\/secure.gravatar.com\\\/avatar\\\/05c9a17bc973052ee5d91549bd32fb4dd0dc85b7b85ae94b2e2b4943476bbea5?s=96&d=blank&r=g\",\"url\":\"https:\\\/\\\/secure.gravatar.com\\\/avatar\\\/05c9a17bc973052ee5d91549bd32fb4dd0dc85b7b85ae94b2e2b4943476bbea5?s=96&d=blank&r=g\",\"contentUrl\":\"https:\\\/\\\/secure.gravatar.com\\\/avatar\\\/05c9a17bc973052ee5d91549bd32fb4dd0dc85b7b85ae94b2e2b4943476bbea5?s=96&d=blank&r=g\",\"caption\":\"Leinewelle\"},\"sameAs\":[\"http:\\\/\\\/localhost\\\/radio%20leinewelle\\\/wordpress\",\"https:\\\/\\\/www.facebook.com\\\/radioleinewelle\",\"https:\\\/\\\/www.instagram.com\\\/radioleinewelle\",\"https:\\\/\\\/x.com\\\/https:\\\/\\\/twitter.com\\\/RLeinewelle?ref_src=twsrcgoogletwcampserptwgrauthor\",\"https:\\\/\\\/soundcloud.com\\\/foerderverein-lokalradio?utm_source=clipboard&utm_medium=text&utm_campaign=social_sharing\"],\"url\":\"https:\\\/\\\/radioleinewelle.de\\\/index.php\\\/author\\\/leinewelle\\\/\"}]}<\/script>\n<!-- \/ Yoast SEO plugin. -->","yoast_head_json":{"title":"Zum Nachh\u00f6ren: \"Togetherness\" im Kunsthaus G\u00f6ttingen - Radio Leinewelle","robots":{"index":"index","follow":"follow","max-snippet":"max-snippet:-1","max-image-preview":"max-image-preview:large","max-video-preview":"max-video-preview:-1"},"canonical":"https:\/\/radioleinewelle.de\/index.php\/2024\/07\/26\/zum-nachhoeren-togetherness-im-kunsthaus-goettingen\/","og_locale":"de_DE","og_type":"article","og_title":"Zum Nachh\u00f6ren: \"Togetherness\" im Kunsthaus G\u00f6ttingen - Radio Leinewelle","og_description":"Das G\u00f6ttinger Kunsthaus G\u00f6ttingen zeigt in der neuen Ausstellung &#8222;Togetherness&#8220; Comics &amp; Graphic Novels von Nino Bulling, Nina Ehrentraut, Marijpol und dem Australier Tommi Parrish. Wir haben mit der Gesch\u00e4ftsf\u00fchrerin und Kuratorin Dorle Meyer \u00fcber die Ausstellung gesprochen. Begleitet wird die Ausstellung von einem umfangreichen Rahmenprogramm &#8211; an diesem Sonntag (28.07.) gibt es ab 16:30 [&hellip;]","og_url":"https:\/\/radioleinewelle.de\/index.php\/2024\/07\/26\/zum-nachhoeren-togetherness-im-kunsthaus-goettingen\/","og_site_name":"Radio Leinewelle","article_publisher":"https:\/\/www.facebook.com\/radioleinewelle","article_author":"https:\/\/www.facebook.com\/radioleinewelle","article_published_time":"2024-07-26T09:10:40+00:00","article_modified_time":"2024-07-26T12:08:41+00:00","og_image":[{"width":1000,"height":750,"url":"https:\/\/radioleinewelle.de\/wp-content\/uploads\/2024\/07\/Togetherness-\u00a9Radio-Leinewelle-ue-e1721984965191.jpg","type":"image\/jpeg"}],"author":"Leinewelle","twitter_card":"summary_large_image","twitter_creator":"@https:\/\/twitter.com\/RLeinewelle?ref_src=twsrcgoogletwcampserptwgrauthor","twitter_site":"@RLeinewelle","twitter_misc":{"Verfasst von":"Leinewelle","Gesch\u00e4tzte Lesezeit":"1\u00a0Minute"},"schema":{"@context":"https:\/\/schema.org","@graph":[{"@type":"Article","@id":"https:\/\/radioleinewelle.de\/index.php\/2024\/07\/26\/zum-nachhoeren-togetherness-im-kunsthaus-goettingen\/#article","isPartOf":{"@id":"https:\/\/radioleinewelle.de\/index.php\/2024\/07\/26\/zum-nachhoeren-togetherness-im-kunsthaus-goettingen\/"},"author":{"name":"Leinewelle","@id":"https:\/\/radioleinewelle.de\/#\/schema\/person\/45606f348637df637192dc1b68399a63"},"headline":"Zum Nachh\u00f6ren: &#8222;Togetherness&#8220; im Kunsthaus G\u00f6ttingen","datePublished":"2024-07-26T09:10:40+00:00","dateModified":"2024-07-26T12:08:41+00:00","mainEntityOfPage":{"@id":"https:\/\/radioleinewelle.de\/index.php\/2024\/07\/26\/zum-nachhoeren-togetherness-im-kunsthaus-goettingen\/"},"wordCount":93,"commentCount":0,"publisher":{"@id":"https:\/\/radioleinewelle.de\/#organization"},"image":{"@id":"https:\/\/radioleinewelle.de\/index.php\/2024\/07\/26\/zum-nachhoeren-togetherness-im-kunsthaus-goettingen\/#primaryimage"},"thumbnailUrl":"https:\/\/radioleinewelle.de\/wp-content\/uploads\/2024\/07\/Togetherness-\u00a9Radio-Leinewelle-ue-e1721984965191.jpg","articleSection":["Ausstellungen","Kultur"],"inLanguage":"de","potentialAction":[{"@type":"CommentAction","name":"Comment","target":["https:\/\/radioleinewelle.de\/index.php\/2024\/07\/26\/zum-nachhoeren-togetherness-im-kunsthaus-goettingen\/#respond"]}]},{"@type":"WebPage","@id":"https:\/\/radioleinewelle.de\/index.php\/2024\/07\/26\/zum-nachhoeren-togetherness-im-kunsthaus-goettingen\/","url":"https:\/\/radioleinewelle.de\/index.php\/2024\/07\/26\/zum-nachhoeren-togetherness-im-kunsthaus-goettingen\/","name":"Zum Nachh\u00f6ren: \"Togetherness\" im Kunsthaus G\u00f6ttingen - Radio Leinewelle","isPartOf":{"@id":"https:\/\/radioleinewelle.de\/#website"},"primaryImageOfPage":{"@id":"https:\/\/radioleinewelle.de\/index.php\/2024\/07\/26\/zum-nachhoeren-togetherness-im-kunsthaus-goettingen\/#primaryimage"},"image":{"@id":"https:\/\/radioleinewelle.de\/index.php\/2024\/07\/26\/zum-nachhoeren-togetherness-im-kunsthaus-goettingen\/#primaryimage"},"thumbnailUrl":"https:\/\/radioleinewelle.de\/wp-content\/uploads\/2024\/07\/Togetherness-\u00a9Radio-Leinewelle-ue-e1721984965191.jpg","datePublished":"2024-07-26T09:10:40+00:00","dateModified":"2024-07-26T12:08:41+00:00","breadcrumb":{"@id":"https:\/\/radioleinewelle.de\/index.php\/2024\/07\/26\/zum-nachhoeren-togetherness-im-kunsthaus-goettingen\/#breadcrumb"},"inLanguage":"de","potentialAction":[{"@type":"ReadAction","target":["https:\/\/radioleinewelle.de\/index.php\/2024\/07\/26\/zum-nachhoeren-togetherness-im-kunsthaus-goettingen\/"]}]},{"@type":"ImageObject","inLanguage":"de","@id":"https:\/\/radioleinewelle.de\/index.php\/2024\/07\/26\/zum-nachhoeren-togetherness-im-kunsthaus-goettingen\/#primaryimage","url":"https:\/\/radioleinewelle.de\/wp-content\/uploads\/2024\/07\/Togetherness-\u00a9Radio-Leinewelle-ue-e1721984965191.jpg","contentUrl":"https:\/\/radioleinewelle.de\/wp-content\/uploads\/2024\/07\/Togetherness-\u00a9Radio-Leinewelle-ue-e1721984965191.jpg","width":1000,"height":750},{"@type":"BreadcrumbList","@id":"https:\/\/radioleinewelle.de\/index.php\/2024\/07\/26\/zum-nachhoeren-togetherness-im-kunsthaus-goettingen\/#breadcrumb","itemListElement":[{"@type":"ListItem","position":1,"name":"Startseite","item":"https:\/\/radioleinewelle.de\/"},{"@type":"ListItem","position":2,"name":"Zum Nachh\u00f6ren: &#8220;Togetherness&#8221; im Kunsthaus G\u00f6ttingen"}]},{"@type":"WebSite","@id":"https:\/\/radioleinewelle.de\/#website","url":"https:\/\/radioleinewelle.de\/","name":"Radio Leinewelle","description":"","publisher":{"@id":"https:\/\/radioleinewelle.de\/#organization"},"potentialAction":[{"@type":"SearchAction","target":{"@type":"EntryPoint","urlTemplate":"https:\/\/radioleinewelle.de\/?s={search_term_string}"},"query-input":{"@type":"PropertyValueSpecification","valueRequired":true,"valueName":"search_term_string"}}],"inLanguage":"de"},{"@type":"Organization","@id":"https:\/\/radioleinewelle.de\/#organization","name":"Radio Leinewelle","alternateName":"Mein Radio f\u00fcr S\u00fcdniedersachsen","url":"https:\/\/radioleinewelle.de\/","logo":{"@type":"ImageObject","inLanguage":"de","@id":"https:\/\/radioleinewelle.de\/#\/schema\/logo\/image\/","url":"https:\/\/radioleinewelle.de\/wp-content\/uploads\/2023\/11\/cropped-Leinewelle_Logo_weiss.png","contentUrl":"https:\/\/radioleinewelle.de\/wp-content\/uploads\/2023\/11\/cropped-Leinewelle_Logo_weiss.png","width":854,"height":260,"caption":"Radio Leinewelle"},"image":{"@id":"https:\/\/radioleinewelle.de\/#\/schema\/logo\/image\/"},"sameAs":["https:\/\/www.facebook.com\/radioleinewelle","https:\/\/x.com\/RLeinewelle","https:\/\/www.instagram.com\/radioleinewelle\/?hl=de"]},{"@type":"Person","@id":"https:\/\/radioleinewelle.de\/#\/schema\/person\/45606f348637df637192dc1b68399a63","name":"Leinewelle","image":{"@type":"ImageObject","inLanguage":"de","@id":"https:\/\/secure.gravatar.com\/avatar\/05c9a17bc973052ee5d91549bd32fb4dd0dc85b7b85ae94b2e2b4943476bbea5?s=96&d=blank&r=g","url":"https:\/\/secure.gravatar.com\/avatar\/05c9a17bc973052ee5d91549bd32fb4dd0dc85b7b85ae94b2e2b4943476bbea5?s=96&d=blank&r=g","contentUrl":"https:\/\/secure.gravatar.com\/avatar\/05c9a17bc973052ee5d91549bd32fb4dd0dc85b7b85ae94b2e2b4943476bbea5?s=96&d=blank&r=g","caption":"Leinewelle"},"sameAs":["http:\/\/localhost\/radio%20leinewelle\/wordpress","https:\/\/www.facebook.com\/radioleinewelle","https:\/\/www.instagram.com\/radioleinewelle","https:\/\/x.com\/https:\/\/twitter.com\/RLeinewelle?ref_src=twsrcgoogletwcampserptwgrauthor","https:\/\/soundcloud.com\/foerderverein-lokalradio?utm_source=clipboard&utm_medium=text&utm_campaign=social_sharing"],"url":"https:\/\/radioleinewelle.de\/index.php\/author\/leinewelle\/"}]}},"_links":{"self":[{"href":"https:\/\/radioleinewelle.de\/index.php\/wp-json\/wp\/v2\/posts\/25800","targetHints":{"allow":["GET"]}}],"collection":[{"href":"https:\/\/radioleinewelle.de\/index.php\/wp-json\/wp\/v2\/posts"}],"about":[{"href":"https:\/\/radioleinewelle.de\/index.php\/wp-json\/wp\/v2\/types\/post"}],"author":[{"embeddable":true,"href":"https:\/\/radioleinewelle.de\/index.php\/wp-json\/wp\/v2\/users\/1"}],"replies":[{"embeddable":true,"href":"https:\/\/radioleinewelle.de\/index.php\/wp-json\/wp\/v2\/comments?post=25800"}],"version-history":[{"count":1,"href":"https:\/\/radioleinewelle.de\/index.php\/wp-json\/wp\/v2\/posts\/25800\/revisions"}],"predecessor-version":[{"id":25802,"href":"https:\/\/radioleinewelle.de\/index.php\/wp-json\/wp\/v2\/posts\/25800\/revisions\/25802"}],"wp:featuredmedia":[{"embeddable":true,"href":"https:\/\/radioleinewelle.de\/index.php\/wp-json\/wp\/v2\/media\/25803"}],"wp:attachment":[{"href":"https:\/\/radioleinewelle.de\/index.php\/wp-json\/wp\/v2\/media?parent=25800"}],"wp:term":[{"taxonomy":"category","embeddable":true,"href":"https:\/\/radioleinewelle.de\/index.php\/wp-json\/wp\/v2\/categories?post=25800"},{"taxonomy":"post_tag","embeddable":true,"href":"https:\/\/radioleinewelle.de\/index.php\/wp-json\/wp\/v2\/tags?post=25800"}],"curies":[{"name":"wp","href":"https:\/\/api.w.org\/{rel}","templated":true}]}}