{"id":25804,"date":"2024-07-26T14:06:53","date_gmt":"2024-07-26T12:06:53","guid":{"rendered":"https:\/\/radioleinewelle.de\/?p=25804"},"modified":"2024-07-26T14:06:54","modified_gmt":"2024-07-26T12:06:54","slug":"illegales-autorennen-auf-der-a7-polizei-sucht-zeugen","status":"publish","type":"post","link":"https:\/\/radioleinewelle.de\/index.php\/2024\/07\/26\/illegales-autorennen-auf-der-a7-polizei-sucht-zeugen\/","title":{"rendered":"Illegales Autorennen auf der A7 ? Polizei sucht Zeugen"},"content":{"rendered":"\n<p>Gab es ein PKW-Rennen auf der A7? Nach Einsch\u00e4tzung der Polizei ist dies gestern Abend der Fall gewesen. Ein BMW M4 und ein VW T-Roc lieferten sich zwischen der Anschlussstelle Lutterberg und dem Autobahndreieck Drammetal in Richtung Hannover am fr\u00fchen Donnerstagabend (25.07.2024), in der Zeit zwischen 18:30 Uhr und 20:30 Uhr, allem Anschein nach ein illegales Rennen auf der A7.<\/p>\n\n\n\n<p>Nach ersten Informationen fielen ein silberner BMW M4 und ein beige-grauer VW T-Roc mit ihren auff\u00e4lligen Fahrweisen zwischen der Anschlussstelle Lutterberg und dem Autobahndreieck Drammetal in Richtung Hannover auf. Die beiden Pkw \u00fcberholten sich gegenseitig und andere Verkehrsteilnehmenden rechts und fuhren, insbesondere in der Baustelle bei Hedem\u00fcnden, mit deutlich \u00fcberh\u00f6hter Geschwindigkeit.<\/p>\n\n\n\n<p>Eine Funkstreife der Autobahnpolizei G\u00f6ttingen stellte den BMW fest und kontrollierte den 23-J\u00e4hrigen auf einem Autobahnparkplatz. Sein mutma\u00dflicher 22- j\u00e4hriger Kontrahent konnte wenig sp\u00e4ter von einer Funkstreife der Autobahnpolizei Hildesheim am Rasthof Hildesheimer B\u00f6rde kontrolliert werden. Die Ermittlungen in dem Fall dauern noch an.<\/p>\n\n\n\n<p><strong>Die Autobahnpolizei G\u00f6ttingen fragt:<\/strong><\/p>\n\n\n\n<p>Wer hat am Donnerstagabend, zwischen 18:30 Uhr und 20:30 Uhr, auf der A7 in Richtung Hannover einen silbernen BMW M4 und einen beige-grauen VW T-Roc mit einer auff\u00e4lligen Fahrweise zwischen Lutterberg und Drammetal beobachtet? Zeugen und Betroffene werden gebeten, sich bei der Autobahnpolizei G\u00f6ttingen unter der Telefonnummer 0551 491-6515 zu melden.<\/p>\n\n\n\n<p><strong>Symbolbild:<\/strong> Bild von <a href=\"https:\/\/pixabay.com\/de\/users\/techline-1486206\/?utm_source=link-attribution&amp;utm_medium=referral&amp;utm_campaign=image&amp;utm_content=974410\">Ingo Kramarek<\/a> auf <a href=\"https:\/\/pixabay.com\/de\/\/?utm_source=link-attribution&amp;utm_medium=referral&amp;utm_campaign=image&amp;utm_content=974410\">Pixabay<\/a><\/p>\n","protected":false},"excerpt":{"rendered":"<p>Gab es ein PKW-Rennen auf der A7? Nach Einsch\u00e4tzung der Polizei ist dies gestern Abend der Fall gewesen. Ein BMW M4 und ein VW T-Roc lieferten sich zwischen der Anschlussstelle Lutterberg und dem Autobahndreieck Drammetal in Richtung Hannover am fr\u00fchen Donnerstagabend (25.07.2024), in der Zeit zwischen 18:30 Uhr und 20:30 Uhr, allem Anschein nach ein [&hellip;]<\/p>\n","protected":false},"author":1,"featured_media":25808,"comment_status":"open","ping_status":"open","sticky":true,"template":"","format":"standard","meta":{"saved_in_kubio":false,"footnotes":""},"categories":[24],"tags":[],"class_list":["post-25804","post","type-post","status-publish","format-standard","has-post-thumbnail","hentry","category-news"],"yoast_head":"<!-- This site is optimized with the Yoast SEO plugin v27.5 - https:\/\/yoast.com\/product\/yoast-seo-wordpress\/ -->\n<title>Illegales Autorennen auf der A7 ? Polizei sucht Zeugen - Radio Leinewelle<\/title>\n<meta name=\"robots\" content=\"index, follow, max-snippet:-1, max-image-preview:large, max-video-preview:-1\" \/>\n<link rel=\"canonical\" href=\"https:\/\/radioleinewelle.de\/index.php\/2024\/07\/26\/illegales-autorennen-auf-der-a7-polizei-sucht-zeugen\/\" \/>\n<meta property=\"og:locale\" content=\"de_DE\" \/>\n<meta property=\"og:type\" content=\"article\" \/>\n<meta property=\"og:title\" content=\"Illegales Autorennen auf der A7 ? Polizei sucht Zeugen - Radio Leinewelle\" \/>\n<meta property=\"og:description\" content=\"Gab es ein PKW-Rennen auf der A7? Nach Einsch\u00e4tzung der Polizei ist dies gestern Abend der Fall gewesen. Ein BMW M4 und ein VW T-Roc lieferten sich zwischen der Anschlussstelle Lutterberg und dem Autobahndreieck Drammetal in Richtung Hannover am fr\u00fchen Donnerstagabend (25.07.2024), in der Zeit zwischen 18:30 Uhr und 20:30 Uhr, allem Anschein nach ein [&hellip;]\" \/>\n<meta property=\"og:url\" content=\"https:\/\/radioleinewelle.de\/index.php\/2024\/07\/26\/illegales-autorennen-auf-der-a7-polizei-sucht-zeugen\/\" \/>\n<meta property=\"og:site_name\" content=\"Radio Leinewelle\" \/>\n<meta property=\"article:publisher\" content=\"https:\/\/www.facebook.com\/radioleinewelle\" \/>\n<meta property=\"article:author\" content=\"https:\/\/www.facebook.com\/radioleinewelle\" \/>\n<meta property=\"article:published_time\" content=\"2024-07-26T12:06:53+00:00\" \/>\n<meta property=\"article:modified_time\" content=\"2024-07-26T12:06:54+00:00\" \/>\n<meta property=\"og:image\" content=\"https:\/\/radioleinewelle.de\/wp-content\/uploads\/2024\/07\/police-974410_1280.jpg\" \/>\n\t<meta property=\"og:image:width\" content=\"1280\" \/>\n\t<meta property=\"og:image:height\" content=\"853\" \/>\n\t<meta property=\"og:image:type\" content=\"image\/jpeg\" \/>\n<meta name=\"author\" content=\"Leinewelle\" \/>\n<meta name=\"twitter:card\" content=\"summary_large_image\" \/>\n<meta name=\"twitter:creator\" content=\"@https:\/\/twitter.com\/RLeinewelle?ref_src=twsrcgoogletwcampserptwgrauthor\" \/>\n<meta name=\"twitter:site\" content=\"@RLeinewelle\" \/>\n<meta name=\"twitter:label1\" content=\"Verfasst von\" \/>\n\t<meta name=\"twitter:data1\" content=\"Leinewelle\" \/>\n\t<meta name=\"twitter:label2\" content=\"Gesch\u00e4tzte Lesezeit\" \/>\n\t<meta name=\"twitter:data2\" content=\"2\u00a0Minuten\" \/>\n<script type=\"application\/ld+json\" class=\"yoast-schema-graph\">{\"@context\":\"https:\\\/\\\/schema.org\",\"@graph\":[{\"@type\":\"Article\",\"@id\":\"https:\\\/\\\/radioleinewelle.de\\\/index.php\\\/2024\\\/07\\\/26\\\/illegales-autorennen-auf-der-a7-polizei-sucht-zeugen\\\/#article\",\"isPartOf\":{\"@id\":\"https:\\\/\\\/radioleinewelle.de\\\/index.php\\\/2024\\\/07\\\/26\\\/illegales-autorennen-auf-der-a7-polizei-sucht-zeugen\\\/\"},\"author\":{\"name\":\"Leinewelle\",\"@id\":\"https:\\\/\\\/radioleinewelle.de\\\/#\\\/schema\\\/person\\\/45606f348637df637192dc1b68399a63\"},\"headline\":\"Illegales Autorennen auf der A7 ? Polizei sucht Zeugen\",\"datePublished\":\"2024-07-26T12:06:53+00:00\",\"dateModified\":\"2024-07-26T12:06:54+00:00\",\"mainEntityOfPage\":{\"@id\":\"https:\\\/\\\/radioleinewelle.de\\\/index.php\\\/2024\\\/07\\\/26\\\/illegales-autorennen-auf-der-a7-polizei-sucht-zeugen\\\/\"},\"wordCount\":233,\"commentCount\":0,\"publisher\":{\"@id\":\"https:\\\/\\\/radioleinewelle.de\\\/#organization\"},\"image\":{\"@id\":\"https:\\\/\\\/radioleinewelle.de\\\/index.php\\\/2024\\\/07\\\/26\\\/illegales-autorennen-auf-der-a7-polizei-sucht-zeugen\\\/#primaryimage\"},\"thumbnailUrl\":\"https:\\\/\\\/radioleinewelle.de\\\/wp-content\\\/uploads\\\/2024\\\/07\\\/police-974410_1280.jpg\",\"articleSection\":[\"Aktuelle Nachrichten\"],\"inLanguage\":\"de\",\"potentialAction\":[{\"@type\":\"CommentAction\",\"name\":\"Comment\",\"target\":[\"https:\\\/\\\/radioleinewelle.de\\\/index.php\\\/2024\\\/07\\\/26\\\/illegales-autorennen-auf-der-a7-polizei-sucht-zeugen\\\/#respond\"]}]},{\"@type\":\"WebPage\",\"@id\":\"https:\\\/\\\/radioleinewelle.de\\\/index.php\\\/2024\\\/07\\\/26\\\/illegales-autorennen-auf-der-a7-polizei-sucht-zeugen\\\/\",\"url\":\"https:\\\/\\\/radioleinewelle.de\\\/index.php\\\/2024\\\/07\\\/26\\\/illegales-autorennen-auf-der-a7-polizei-sucht-zeugen\\\/\",\"name\":\"Illegales Autorennen auf der A7 ? Polizei sucht Zeugen - Radio Leinewelle\",\"isPartOf\":{\"@id\":\"https:\\\/\\\/radioleinewelle.de\\\/#website\"},\"primaryImageOfPage\":{\"@id\":\"https:\\\/\\\/radioleinewelle.de\\\/index.php\\\/2024\\\/07\\\/26\\\/illegales-autorennen-auf-der-a7-polizei-sucht-zeugen\\\/#primaryimage\"},\"image\":{\"@id\":\"https:\\\/\\\/radioleinewelle.de\\\/index.php\\\/2024\\\/07\\\/26\\\/illegales-autorennen-auf-der-a7-polizei-sucht-zeugen\\\/#primaryimage\"},\"thumbnailUrl\":\"https:\\\/\\\/radioleinewelle.de\\\/wp-content\\\/uploads\\\/2024\\\/07\\\/police-974410_1280.jpg\",\"datePublished\":\"2024-07-26T12:06:53+00:00\",\"dateModified\":\"2024-07-26T12:06:54+00:00\",\"breadcrumb\":{\"@id\":\"https:\\\/\\\/radioleinewelle.de\\\/index.php\\\/2024\\\/07\\\/26\\\/illegales-autorennen-auf-der-a7-polizei-sucht-zeugen\\\/#breadcrumb\"},\"inLanguage\":\"de\",\"potentialAction\":[{\"@type\":\"ReadAction\",\"target\":[\"https:\\\/\\\/radioleinewelle.de\\\/index.php\\\/2024\\\/07\\\/26\\\/illegales-autorennen-auf-der-a7-polizei-sucht-zeugen\\\/\"]}]},{\"@type\":\"ImageObject\",\"inLanguage\":\"de\",\"@id\":\"https:\\\/\\\/radioleinewelle.de\\\/index.php\\\/2024\\\/07\\\/26\\\/illegales-autorennen-auf-der-a7-polizei-sucht-zeugen\\\/#primaryimage\",\"url\":\"https:\\\/\\\/radioleinewelle.de\\\/wp-content\\\/uploads\\\/2024\\\/07\\\/police-974410_1280.jpg\",\"contentUrl\":\"https:\\\/\\\/radioleinewelle.de\\\/wp-content\\\/uploads\\\/2024\\\/07\\\/police-974410_1280.jpg\",\"width\":1280,\"height\":853},{\"@type\":\"BreadcrumbList\",\"@id\":\"https:\\\/\\\/radioleinewelle.de\\\/index.php\\\/2024\\\/07\\\/26\\\/illegales-autorennen-auf-der-a7-polizei-sucht-zeugen\\\/#breadcrumb\",\"itemListElement\":[{\"@type\":\"ListItem\",\"position\":1,\"name\":\"Startseite\",\"item\":\"https:\\\/\\\/radioleinewelle.de\\\/\"},{\"@type\":\"ListItem\",\"position\":2,\"name\":\"Illegales Autorennen auf der A7 ? Polizei sucht Zeugen\"}]},{\"@type\":\"WebSite\",\"@id\":\"https:\\\/\\\/radioleinewelle.de\\\/#website\",\"url\":\"https:\\\/\\\/radioleinewelle.de\\\/\",\"name\":\"Radio Leinewelle\",\"description\":\"\",\"publisher\":{\"@id\":\"https:\\\/\\\/radioleinewelle.de\\\/#organization\"},\"potentialAction\":[{\"@type\":\"SearchAction\",\"target\":{\"@type\":\"EntryPoint\",\"urlTemplate\":\"https:\\\/\\\/radioleinewelle.de\\\/?s={search_term_string}\"},\"query-input\":{\"@type\":\"PropertyValueSpecification\",\"valueRequired\":true,\"valueName\":\"search_term_string\"}}],\"inLanguage\":\"de\"},{\"@type\":\"Organization\",\"@id\":\"https:\\\/\\\/radioleinewelle.de\\\/#organization\",\"name\":\"Radio Leinewelle\",\"alternateName\":\"Mein Radio f\u00fcr S\u00fcdniedersachsen\",\"url\":\"https:\\\/\\\/radioleinewelle.de\\\/\",\"logo\":{\"@type\":\"ImageObject\",\"inLanguage\":\"de\",\"@id\":\"https:\\\/\\\/radioleinewelle.de\\\/#\\\/schema\\\/logo\\\/image\\\/\",\"url\":\"https:\\\/\\\/radioleinewelle.de\\\/wp-content\\\/uploads\\\/2023\\\/11\\\/cropped-Leinewelle_Logo_weiss.png\",\"contentUrl\":\"https:\\\/\\\/radioleinewelle.de\\\/wp-content\\\/uploads\\\/2023\\\/11\\\/cropped-Leinewelle_Logo_weiss.png\",\"width\":854,\"height\":260,\"caption\":\"Radio Leinewelle\"},\"image\":{\"@id\":\"https:\\\/\\\/radioleinewelle.de\\\/#\\\/schema\\\/logo\\\/image\\\/\"},\"sameAs\":[\"https:\\\/\\\/www.facebook.com\\\/radioleinewelle\",\"https:\\\/\\\/x.com\\\/RLeinewelle\",\"https:\\\/\\\/www.instagram.com\\\/radioleinewelle\\\/?hl=de\"]},{\"@type\":\"Person\",\"@id\":\"https:\\\/\\\/radioleinewelle.de\\\/#\\\/schema\\\/person\\\/45606f348637df637192dc1b68399a63\",\"name\":\"Leinewelle\",\"image\":{\"@type\":\"ImageObject\",\"inLanguage\":\"de\",\"@id\":\"https:\\\/\\\/secure.gravatar.com\\\/avatar\\\/05c9a17bc973052ee5d91549bd32fb4dd0dc85b7b85ae94b2e2b4943476bbea5?s=96&d=blank&r=g\",\"url\":\"https:\\\/\\\/secure.gravatar.com\\\/avatar\\\/05c9a17bc973052ee5d91549bd32fb4dd0dc85b7b85ae94b2e2b4943476bbea5?s=96&d=blank&r=g\",\"contentUrl\":\"https:\\\/\\\/secure.gravatar.com\\\/avatar\\\/05c9a17bc973052ee5d91549bd32fb4dd0dc85b7b85ae94b2e2b4943476bbea5?s=96&d=blank&r=g\",\"caption\":\"Leinewelle\"},\"sameAs\":[\"http:\\\/\\\/localhost\\\/radio%20leinewelle\\\/wordpress\",\"https:\\\/\\\/www.facebook.com\\\/radioleinewelle\",\"https:\\\/\\\/www.instagram.com\\\/radioleinewelle\",\"https:\\\/\\\/x.com\\\/https:\\\/\\\/twitter.com\\\/RLeinewelle?ref_src=twsrcgoogletwcampserptwgrauthor\",\"https:\\\/\\\/soundcloud.com\\\/foerderverein-lokalradio?utm_source=clipboard&utm_medium=text&utm_campaign=social_sharing\"],\"url\":\"https:\\\/\\\/radioleinewelle.de\\\/index.php\\\/author\\\/leinewelle\\\/\"}]}<\/script>\n<!-- \/ Yoast SEO plugin. -->","yoast_head_json":{"title":"Illegales Autorennen auf der A7 ? Polizei sucht Zeugen - Radio Leinewelle","robots":{"index":"index","follow":"follow","max-snippet":"max-snippet:-1","max-image-preview":"max-image-preview:large","max-video-preview":"max-video-preview:-1"},"canonical":"https:\/\/radioleinewelle.de\/index.php\/2024\/07\/26\/illegales-autorennen-auf-der-a7-polizei-sucht-zeugen\/","og_locale":"de_DE","og_type":"article","og_title":"Illegales Autorennen auf der A7 ? Polizei sucht Zeugen - Radio Leinewelle","og_description":"Gab es ein PKW-Rennen auf der A7? Nach Einsch\u00e4tzung der Polizei ist dies gestern Abend der Fall gewesen. Ein BMW M4 und ein VW T-Roc lieferten sich zwischen der Anschlussstelle Lutterberg und dem Autobahndreieck Drammetal in Richtung Hannover am fr\u00fchen Donnerstagabend (25.07.2024), in der Zeit zwischen 18:30 Uhr und 20:30 Uhr, allem Anschein nach ein [&hellip;]","og_url":"https:\/\/radioleinewelle.de\/index.php\/2024\/07\/26\/illegales-autorennen-auf-der-a7-polizei-sucht-zeugen\/","og_site_name":"Radio Leinewelle","article_publisher":"https:\/\/www.facebook.com\/radioleinewelle","article_author":"https:\/\/www.facebook.com\/radioleinewelle","article_published_time":"2024-07-26T12:06:53+00:00","article_modified_time":"2024-07-26T12:06:54+00:00","og_image":[{"width":1280,"height":853,"url":"https:\/\/radioleinewelle.de\/wp-content\/uploads\/2024\/07\/police-974410_1280.jpg","type":"image\/jpeg"}],"author":"Leinewelle","twitter_card":"summary_large_image","twitter_creator":"@https:\/\/twitter.com\/RLeinewelle?ref_src=twsrcgoogletwcampserptwgrauthor","twitter_site":"@RLeinewelle","twitter_misc":{"Verfasst von":"Leinewelle","Gesch\u00e4tzte Lesezeit":"2\u00a0Minuten"},"schema":{"@context":"https:\/\/schema.org","@graph":[{"@type":"Article","@id":"https:\/\/radioleinewelle.de\/index.php\/2024\/07\/26\/illegales-autorennen-auf-der-a7-polizei-sucht-zeugen\/#article","isPartOf":{"@id":"https:\/\/radioleinewelle.de\/index.php\/2024\/07\/26\/illegales-autorennen-auf-der-a7-polizei-sucht-zeugen\/"},"author":{"name":"Leinewelle","@id":"https:\/\/radioleinewelle.de\/#\/schema\/person\/45606f348637df637192dc1b68399a63"},"headline":"Illegales Autorennen auf der A7 ? Polizei sucht Zeugen","datePublished":"2024-07-26T12:06:53+00:00","dateModified":"2024-07-26T12:06:54+00:00","mainEntityOfPage":{"@id":"https:\/\/radioleinewelle.de\/index.php\/2024\/07\/26\/illegales-autorennen-auf-der-a7-polizei-sucht-zeugen\/"},"wordCount":233,"commentCount":0,"publisher":{"@id":"https:\/\/radioleinewelle.de\/#organization"},"image":{"@id":"https:\/\/radioleinewelle.de\/index.php\/2024\/07\/26\/illegales-autorennen-auf-der-a7-polizei-sucht-zeugen\/#primaryimage"},"thumbnailUrl":"https:\/\/radioleinewelle.de\/wp-content\/uploads\/2024\/07\/police-974410_1280.jpg","articleSection":["Aktuelle Nachrichten"],"inLanguage":"de","potentialAction":[{"@type":"CommentAction","name":"Comment","target":["https:\/\/radioleinewelle.de\/index.php\/2024\/07\/26\/illegales-autorennen-auf-der-a7-polizei-sucht-zeugen\/#respond"]}]},{"@type":"WebPage","@id":"https:\/\/radioleinewelle.de\/index.php\/2024\/07\/26\/illegales-autorennen-auf-der-a7-polizei-sucht-zeugen\/","url":"https:\/\/radioleinewelle.de\/index.php\/2024\/07\/26\/illegales-autorennen-auf-der-a7-polizei-sucht-zeugen\/","name":"Illegales Autorennen auf der A7 ? Polizei sucht Zeugen - Radio Leinewelle","isPartOf":{"@id":"https:\/\/radioleinewelle.de\/#website"},"primaryImageOfPage":{"@id":"https:\/\/radioleinewelle.de\/index.php\/2024\/07\/26\/illegales-autorennen-auf-der-a7-polizei-sucht-zeugen\/#primaryimage"},"image":{"@id":"https:\/\/radioleinewelle.de\/index.php\/2024\/07\/26\/illegales-autorennen-auf-der-a7-polizei-sucht-zeugen\/#primaryimage"},"thumbnailUrl":"https:\/\/radioleinewelle.de\/wp-content\/uploads\/2024\/07\/police-974410_1280.jpg","datePublished":"2024-07-26T12:06:53+00:00","dateModified":"2024-07-26T12:06:54+00:00","breadcrumb":{"@id":"https:\/\/radioleinewelle.de\/index.php\/2024\/07\/26\/illegales-autorennen-auf-der-a7-polizei-sucht-zeugen\/#breadcrumb"},"inLanguage":"de","potentialAction":[{"@type":"ReadAction","target":["https:\/\/radioleinewelle.de\/index.php\/2024\/07\/26\/illegales-autorennen-auf-der-a7-polizei-sucht-zeugen\/"]}]},{"@type":"ImageObject","inLanguage":"de","@id":"https:\/\/radioleinewelle.de\/index.php\/2024\/07\/26\/illegales-autorennen-auf-der-a7-polizei-sucht-zeugen\/#primaryimage","url":"https:\/\/radioleinewelle.de\/wp-content\/uploads\/2024\/07\/police-974410_1280.jpg","contentUrl":"https:\/\/radioleinewelle.de\/wp-content\/uploads\/2024\/07\/police-974410_1280.jpg","width":1280,"height":853},{"@type":"BreadcrumbList","@id":"https:\/\/radioleinewelle.de\/index.php\/2024\/07\/26\/illegales-autorennen-auf-der-a7-polizei-sucht-zeugen\/#breadcrumb","itemListElement":[{"@type":"ListItem","position":1,"name":"Startseite","item":"https:\/\/radioleinewelle.de\/"},{"@type":"ListItem","position":2,"name":"Illegales Autorennen auf der A7 ? Polizei sucht Zeugen"}]},{"@type":"WebSite","@id":"https:\/\/radioleinewelle.de\/#website","url":"https:\/\/radioleinewelle.de\/","name":"Radio Leinewelle","description":"","publisher":{"@id":"https:\/\/radioleinewelle.de\/#organization"},"potentialAction":[{"@type":"SearchAction","target":{"@type":"EntryPoint","urlTemplate":"https:\/\/radioleinewelle.de\/?s={search_term_string}"},"query-input":{"@type":"PropertyValueSpecification","valueRequired":true,"valueName":"search_term_string"}}],"inLanguage":"de"},{"@type":"Organization","@id":"https:\/\/radioleinewelle.de\/#organization","name":"Radio Leinewelle","alternateName":"Mein Radio f\u00fcr S\u00fcdniedersachsen","url":"https:\/\/radioleinewelle.de\/","logo":{"@type":"ImageObject","inLanguage":"de","@id":"https:\/\/radioleinewelle.de\/#\/schema\/logo\/image\/","url":"https:\/\/radioleinewelle.de\/wp-content\/uploads\/2023\/11\/cropped-Leinewelle_Logo_weiss.png","contentUrl":"https:\/\/radioleinewelle.de\/wp-content\/uploads\/2023\/11\/cropped-Leinewelle_Logo_weiss.png","width":854,"height":260,"caption":"Radio Leinewelle"},"image":{"@id":"https:\/\/radioleinewelle.de\/#\/schema\/logo\/image\/"},"sameAs":["https:\/\/www.facebook.com\/radioleinewelle","https:\/\/x.com\/RLeinewelle","https:\/\/www.instagram.com\/radioleinewelle\/?hl=de"]},{"@type":"Person","@id":"https:\/\/radioleinewelle.de\/#\/schema\/person\/45606f348637df637192dc1b68399a63","name":"Leinewelle","image":{"@type":"ImageObject","inLanguage":"de","@id":"https:\/\/secure.gravatar.com\/avatar\/05c9a17bc973052ee5d91549bd32fb4dd0dc85b7b85ae94b2e2b4943476bbea5?s=96&d=blank&r=g","url":"https:\/\/secure.gravatar.com\/avatar\/05c9a17bc973052ee5d91549bd32fb4dd0dc85b7b85ae94b2e2b4943476bbea5?s=96&d=blank&r=g","contentUrl":"https:\/\/secure.gravatar.com\/avatar\/05c9a17bc973052ee5d91549bd32fb4dd0dc85b7b85ae94b2e2b4943476bbea5?s=96&d=blank&r=g","caption":"Leinewelle"},"sameAs":["http:\/\/localhost\/radio%20leinewelle\/wordpress","https:\/\/www.facebook.com\/radioleinewelle","https:\/\/www.instagram.com\/radioleinewelle","https:\/\/x.com\/https:\/\/twitter.com\/RLeinewelle?ref_src=twsrcgoogletwcampserptwgrauthor","https:\/\/soundcloud.com\/foerderverein-lokalradio?utm_source=clipboard&utm_medium=text&utm_campaign=social_sharing"],"url":"https:\/\/radioleinewelle.de\/index.php\/author\/leinewelle\/"}]}},"_links":{"self":[{"href":"https:\/\/radioleinewelle.de\/index.php\/wp-json\/wp\/v2\/posts\/25804","targetHints":{"allow":["GET"]}}],"collection":[{"href":"https:\/\/radioleinewelle.de\/index.php\/wp-json\/wp\/v2\/posts"}],"about":[{"href":"https:\/\/radioleinewelle.de\/index.php\/wp-json\/wp\/v2\/types\/post"}],"author":[{"embeddable":true,"href":"https:\/\/radioleinewelle.de\/index.php\/wp-json\/wp\/v2\/users\/1"}],"replies":[{"embeddable":true,"href":"https:\/\/radioleinewelle.de\/index.php\/wp-json\/wp\/v2\/comments?post=25804"}],"version-history":[{"count":3,"href":"https:\/\/radioleinewelle.de\/index.php\/wp-json\/wp\/v2\/posts\/25804\/revisions"}],"predecessor-version":[{"id":25807,"href":"https:\/\/radioleinewelle.de\/index.php\/wp-json\/wp\/v2\/posts\/25804\/revisions\/25807"}],"wp:featuredmedia":[{"embeddable":true,"href":"https:\/\/radioleinewelle.de\/index.php\/wp-json\/wp\/v2\/media\/25808"}],"wp:attachment":[{"href":"https:\/\/radioleinewelle.de\/index.php\/wp-json\/wp\/v2\/media?parent=25804"}],"wp:term":[{"taxonomy":"category","embeddable":true,"href":"https:\/\/radioleinewelle.de\/index.php\/wp-json\/wp\/v2\/categories?post=25804"},{"taxonomy":"post_tag","embeddable":true,"href":"https:\/\/radioleinewelle.de\/index.php\/wp-json\/wp\/v2\/tags?post=25804"}],"curies":[{"name":"wp","href":"https:\/\/api.w.org\/{rel}","templated":true}]}}