{"id":25815,"date":"2024-07-29T11:43:37","date_gmt":"2024-07-29T09:43:37","guid":{"rendered":"https:\/\/radioleinewelle.de\/?p=25815"},"modified":"2024-07-29T11:43:38","modified_gmt":"2024-07-29T09:43:38","slug":"prof-dr-michael-ghadimi-zum-mitglied-der-nationalen-akademie-der-wissenschaften-leopoldina-gewaehlt","status":"publish","type":"post","link":"https:\/\/radioleinewelle.de\/index.php\/2024\/07\/29\/prof-dr-michael-ghadimi-zum-mitglied-der-nationalen-akademie-der-wissenschaften-leopoldina-gewaehlt\/","title":{"rendered":"Prof. Dr. Michael Ghadimi zum Mitglied der Nationalen Akademie der Wissenschaften Leopoldina gew\u00e4hlt"},"content":{"rendered":"\n<p>Gro\u00dfe Auszeichnung f\u00fcr G\u00f6ttinger Wissenschaftler: die Nationale Akademie der Wissenschaften Leopoldina hat <strong>Prof. Dr. Michael Ghadimi, Direktor der Klinik f\u00fcr Allgemein-, Viszeral- und Kinderchirurgie der <a href=\"https:\/\/chirurgie.umg.eu\/ueber-uns\/direktion\/\">Universit\u00e4tsmedizin G\u00f6ttingen<\/a> (UMG)<\/strong>, zu ihrem Mitglied gew\u00e4hlt. Prof. Ghadimi wurde dabei f\u00fcr die Sektion \u201eChirurgie, Orthop\u00e4die und An\u00e4sthesiologie\u201c in der Medizin (Klasse III) bestimmt. Die Wahl zum Mitglied in der Akademie erfolgt nach strengen Ma\u00dfst\u00e4ben wissenschaftlicher Exzellenz und ist eine besondere Ehre.<\/p>\n\n\n\n<p>Prof. Ghadimi ist ein international anerkannter Chirurg mit besonderer Expertise auf dem Gebiet der Operation von Bauchspeicheldr\u00fcse, Enddarm, Speiser\u00f6hre und Leber. Zum Einsatz kommen dabei moderne Techniken wie die minimalinvasive roboterassistierte Chirurgie, bei der die operativen Eingriffe durch kleinste Schnitte beispielsweise in der Bauchdecke oder dem Brustkorb erfolgen. Weitere seiner chirurgischen Schwerpunkte sind die endokrine Chirurgie, welche die Schilddr\u00fcsen-, Nebenschilddr\u00fcsen und Nebennierenchirurgie umfasst, sowie die Entfernung komplexer Tumoren des Magen-Darm-Trakts, sogenannte gastrointestinale Stromatumoren (\u201eGIST\u201c), die zu den Weichteil- und Weichgewebstumoren (Sarkomen) z\u00e4hlen.<\/p>\n\n\n\n<p>Einer seiner wissenschaftlichen Schwerpunkte ist die Tumorbiologie, das hei\u00dft die Erforschung der Mechanismen, die f\u00fcr die Entstehung von Krebs verantwortlich sind. Sein Fokus liegt hierbei insbesondere auf Tumorneubildungen der Bauchspeicheldr\u00fcse, des Enddarms und der Speiser\u00f6hre. Weiterhin ist er an der Entwicklung individualisierter Therapien bei Enddarmkrebs beteiligt und leitet Patient*innenstudien zu Tumoren des Magen-Darm-Trakts.<\/p>\n\n\n\n<p>Dar\u00fcber hinaus engagiert sich Prof. Ghadimi f\u00fcr die innovative Entwicklung der chirurgischen Ausbildung angehender Mediziner*innen, um den besonderen Herausforderungen der heutigen und zuk\u00fcnftigen Chirurgie zu begegnen. Dieser Vision folgend, gr\u00fcndete er 2022 die G\u00f6ttinger School of Surgery. Sein gro\u00dfes Zukunftsprojekt, das Center for Digital Surgery wurde 2023 er\u00f6ffnet: Dieses breit vernetzte Zentrum soll die digitale Transformation der Chirurgie mit innovativen Technologien wie Virtual und Augmented Reality vorantreiben.<\/p>\n\n\n\n<p><strong>Leopoldina \u2013 Nationale Akademie der Wissenschaften<\/strong> <br><a href=\"http:\/\/www.leopoldina.org\">Die Leopoldina ist eine der \u00e4ltesten Wissenschaftsakademien der Welt<\/a>. 1652 gegr\u00fcndet, ist sie der freien Wissenschaft zum Wohle der Menschen und der Gestaltung der Zukunft verpflichtet. Ihr geh\u00f6ren rund 1.600 Mitglieder an. Dabei handelt es sich um hervorragende Wissenschaftler*innen aus Deutschland, \u00d6sterreich, der Schweiz und vielen weiteren L\u00e4ndern.<\/p>\n\n\n\n<p><strong>Foto:<\/strong> Prof. Dr. Michael Ghadimi, Direktor der Klinik f\u00fcr Allgemein-, Viszeral- und Kinderchirurgie der Universit\u00e4tsmedizin G\u00f6ttingen (UMG).\u00a9Peter-Paul Weiler\/DKG<\/p>\n","protected":false},"excerpt":{"rendered":"<p>Gro\u00dfe Auszeichnung f\u00fcr G\u00f6ttinger Wissenschaftler: die Nationale Akademie der Wissenschaften Leopoldina hat Prof. Dr. Michael Ghadimi, Direktor der Klinik f\u00fcr Allgemein-, Viszeral- und Kinderchirurgie der Universit\u00e4tsmedizin G\u00f6ttingen (UMG), zu ihrem Mitglied gew\u00e4hlt. Prof. Ghadimi wurde dabei f\u00fcr die Sektion \u201eChirurgie, Orthop\u00e4die und An\u00e4sthesiologie\u201c in der Medizin (Klasse III) bestimmt. Die Wahl zum Mitglied in der [&hellip;]<\/p>\n","protected":false},"author":1,"featured_media":25816,"comment_status":"open","ping_status":"open","sticky":true,"template":"","format":"standard","meta":{"saved_in_kubio":false,"footnotes":""},"categories":[698,4179],"tags":[],"class_list":["post-25815","post","type-post","status-publish","format-standard","has-post-thumbnail","hentry","category-personalia","category-universitaetsmedizin-goettingen-umg"],"yoast_head":"<!-- This site is optimized with the Yoast SEO plugin v27.5 - https:\/\/yoast.com\/product\/yoast-seo-wordpress\/ -->\n<title>Prof. Dr. Michael Ghadimi zum Mitglied der Nationalen Akademie der Wissenschaften Leopoldina gew\u00e4hlt - Radio Leinewelle<\/title>\n<meta name=\"robots\" content=\"index, follow, max-snippet:-1, max-image-preview:large, max-video-preview:-1\" \/>\n<link rel=\"canonical\" href=\"https:\/\/radioleinewelle.de\/index.php\/2024\/07\/29\/prof-dr-michael-ghadimi-zum-mitglied-der-nationalen-akademie-der-wissenschaften-leopoldina-gewaehlt\/\" \/>\n<meta property=\"og:locale\" content=\"de_DE\" \/>\n<meta property=\"og:type\" content=\"article\" \/>\n<meta property=\"og:title\" content=\"Prof. Dr. Michael Ghadimi zum Mitglied der Nationalen Akademie der Wissenschaften Leopoldina gew\u00e4hlt - Radio Leinewelle\" \/>\n<meta property=\"og:description\" content=\"Gro\u00dfe Auszeichnung f\u00fcr G\u00f6ttinger Wissenschaftler: die Nationale Akademie der Wissenschaften Leopoldina hat Prof. Dr. Michael Ghadimi, Direktor der Klinik f\u00fcr Allgemein-, Viszeral- und Kinderchirurgie der Universit\u00e4tsmedizin G\u00f6ttingen (UMG), zu ihrem Mitglied gew\u00e4hlt. Prof. Ghadimi wurde dabei f\u00fcr die Sektion \u201eChirurgie, Orthop\u00e4die und An\u00e4sthesiologie\u201c in der Medizin (Klasse III) bestimmt. Die Wahl zum Mitglied in der [&hellip;]\" \/>\n<meta property=\"og:url\" content=\"https:\/\/radioleinewelle.de\/index.php\/2024\/07\/29\/prof-dr-michael-ghadimi-zum-mitglied-der-nationalen-akademie-der-wissenschaften-leopoldina-gewaehlt\/\" \/>\n<meta property=\"og:site_name\" content=\"Radio Leinewelle\" \/>\n<meta property=\"article:publisher\" content=\"https:\/\/www.facebook.com\/radioleinewelle\" \/>\n<meta property=\"article:author\" content=\"https:\/\/www.facebook.com\/radioleinewelle\" \/>\n<meta property=\"article:published_time\" content=\"2024-07-29T09:43:37+00:00\" \/>\n<meta property=\"article:modified_time\" content=\"2024-07-29T09:43:38+00:00\" \/>\n<meta property=\"og:image\" content=\"https:\/\/radioleinewelle.de\/wp-content\/uploads\/2024\/07\/Prof_Dr_Michael_Ghadimi.jpg\" \/>\n\t<meta property=\"og:image:width\" content=\"1772\" \/>\n\t<meta property=\"og:image:height\" content=\"1181\" \/>\n\t<meta property=\"og:image:type\" content=\"image\/jpeg\" \/>\n<meta name=\"author\" content=\"Leinewelle\" \/>\n<meta name=\"twitter:card\" content=\"summary_large_image\" \/>\n<meta name=\"twitter:creator\" content=\"@https:\/\/twitter.com\/RLeinewelle?ref_src=twsrcgoogletwcampserptwgrauthor\" \/>\n<meta name=\"twitter:site\" content=\"@RLeinewelle\" \/>\n<meta name=\"twitter:label1\" content=\"Verfasst von\" \/>\n\t<meta name=\"twitter:data1\" content=\"Leinewelle\" \/>\n\t<meta name=\"twitter:label2\" content=\"Gesch\u00e4tzte Lesezeit\" \/>\n\t<meta name=\"twitter:data2\" content=\"3\u00a0Minuten\" \/>\n<script type=\"application\/ld+json\" class=\"yoast-schema-graph\">{\"@context\":\"https:\\\/\\\/schema.org\",\"@graph\":[{\"@type\":\"Article\",\"@id\":\"https:\\\/\\\/radioleinewelle.de\\\/index.php\\\/2024\\\/07\\\/29\\\/prof-dr-michael-ghadimi-zum-mitglied-der-nationalen-akademie-der-wissenschaften-leopoldina-gewaehlt\\\/#article\",\"isPartOf\":{\"@id\":\"https:\\\/\\\/radioleinewelle.de\\\/index.php\\\/2024\\\/07\\\/29\\\/prof-dr-michael-ghadimi-zum-mitglied-der-nationalen-akademie-der-wissenschaften-leopoldina-gewaehlt\\\/\"},\"author\":{\"name\":\"Leinewelle\",\"@id\":\"https:\\\/\\\/radioleinewelle.de\\\/#\\\/schema\\\/person\\\/45606f348637df637192dc1b68399a63\"},\"headline\":\"Prof. Dr. Michael Ghadimi zum Mitglied der Nationalen Akademie der Wissenschaften Leopoldina gew\u00e4hlt\",\"datePublished\":\"2024-07-29T09:43:37+00:00\",\"dateModified\":\"2024-07-29T09:43:38+00:00\",\"mainEntityOfPage\":{\"@id\":\"https:\\\/\\\/radioleinewelle.de\\\/index.php\\\/2024\\\/07\\\/29\\\/prof-dr-michael-ghadimi-zum-mitglied-der-nationalen-akademie-der-wissenschaften-leopoldina-gewaehlt\\\/\"},\"wordCount\":389,\"commentCount\":0,\"publisher\":{\"@id\":\"https:\\\/\\\/radioleinewelle.de\\\/#organization\"},\"image\":{\"@id\":\"https:\\\/\\\/radioleinewelle.de\\\/index.php\\\/2024\\\/07\\\/29\\\/prof-dr-michael-ghadimi-zum-mitglied-der-nationalen-akademie-der-wissenschaften-leopoldina-gewaehlt\\\/#primaryimage\"},\"thumbnailUrl\":\"https:\\\/\\\/radioleinewelle.de\\\/wp-content\\\/uploads\\\/2024\\\/07\\\/Prof_Dr_Michael_Ghadimi.jpg\",\"articleSection\":[\"Personalia\",\"Universit\u00e4tsmedizin G\u00f6ttingen UMG\"],\"inLanguage\":\"de\",\"potentialAction\":[{\"@type\":\"CommentAction\",\"name\":\"Comment\",\"target\":[\"https:\\\/\\\/radioleinewelle.de\\\/index.php\\\/2024\\\/07\\\/29\\\/prof-dr-michael-ghadimi-zum-mitglied-der-nationalen-akademie-der-wissenschaften-leopoldina-gewaehlt\\\/#respond\"]}]},{\"@type\":\"WebPage\",\"@id\":\"https:\\\/\\\/radioleinewelle.de\\\/index.php\\\/2024\\\/07\\\/29\\\/prof-dr-michael-ghadimi-zum-mitglied-der-nationalen-akademie-der-wissenschaften-leopoldina-gewaehlt\\\/\",\"url\":\"https:\\\/\\\/radioleinewelle.de\\\/index.php\\\/2024\\\/07\\\/29\\\/prof-dr-michael-ghadimi-zum-mitglied-der-nationalen-akademie-der-wissenschaften-leopoldina-gewaehlt\\\/\",\"name\":\"Prof. Dr. Michael Ghadimi zum Mitglied der Nationalen Akademie der Wissenschaften Leopoldina gew\u00e4hlt - Radio Leinewelle\",\"isPartOf\":{\"@id\":\"https:\\\/\\\/radioleinewelle.de\\\/#website\"},\"primaryImageOfPage\":{\"@id\":\"https:\\\/\\\/radioleinewelle.de\\\/index.php\\\/2024\\\/07\\\/29\\\/prof-dr-michael-ghadimi-zum-mitglied-der-nationalen-akademie-der-wissenschaften-leopoldina-gewaehlt\\\/#primaryimage\"},\"image\":{\"@id\":\"https:\\\/\\\/radioleinewelle.de\\\/index.php\\\/2024\\\/07\\\/29\\\/prof-dr-michael-ghadimi-zum-mitglied-der-nationalen-akademie-der-wissenschaften-leopoldina-gewaehlt\\\/#primaryimage\"},\"thumbnailUrl\":\"https:\\\/\\\/radioleinewelle.de\\\/wp-content\\\/uploads\\\/2024\\\/07\\\/Prof_Dr_Michael_Ghadimi.jpg\",\"datePublished\":\"2024-07-29T09:43:37+00:00\",\"dateModified\":\"2024-07-29T09:43:38+00:00\",\"breadcrumb\":{\"@id\":\"https:\\\/\\\/radioleinewelle.de\\\/index.php\\\/2024\\\/07\\\/29\\\/prof-dr-michael-ghadimi-zum-mitglied-der-nationalen-akademie-der-wissenschaften-leopoldina-gewaehlt\\\/#breadcrumb\"},\"inLanguage\":\"de\",\"potentialAction\":[{\"@type\":\"ReadAction\",\"target\":[\"https:\\\/\\\/radioleinewelle.de\\\/index.php\\\/2024\\\/07\\\/29\\\/prof-dr-michael-ghadimi-zum-mitglied-der-nationalen-akademie-der-wissenschaften-leopoldina-gewaehlt\\\/\"]}]},{\"@type\":\"ImageObject\",\"inLanguage\":\"de\",\"@id\":\"https:\\\/\\\/radioleinewelle.de\\\/index.php\\\/2024\\\/07\\\/29\\\/prof-dr-michael-ghadimi-zum-mitglied-der-nationalen-akademie-der-wissenschaften-leopoldina-gewaehlt\\\/#primaryimage\",\"url\":\"https:\\\/\\\/radioleinewelle.de\\\/wp-content\\\/uploads\\\/2024\\\/07\\\/Prof_Dr_Michael_Ghadimi.jpg\",\"contentUrl\":\"https:\\\/\\\/radioleinewelle.de\\\/wp-content\\\/uploads\\\/2024\\\/07\\\/Prof_Dr_Michael_Ghadimi.jpg\",\"width\":1772,\"height\":1181},{\"@type\":\"BreadcrumbList\",\"@id\":\"https:\\\/\\\/radioleinewelle.de\\\/index.php\\\/2024\\\/07\\\/29\\\/prof-dr-michael-ghadimi-zum-mitglied-der-nationalen-akademie-der-wissenschaften-leopoldina-gewaehlt\\\/#breadcrumb\",\"itemListElement\":[{\"@type\":\"ListItem\",\"position\":1,\"name\":\"Startseite\",\"item\":\"https:\\\/\\\/radioleinewelle.de\\\/\"},{\"@type\":\"ListItem\",\"position\":2,\"name\":\"Prof. Dr. Michael Ghadimi zum Mitglied der Nationalen Akademie der Wissenschaften Leopoldina gew\u00e4hlt\"}]},{\"@type\":\"WebSite\",\"@id\":\"https:\\\/\\\/radioleinewelle.de\\\/#website\",\"url\":\"https:\\\/\\\/radioleinewelle.de\\\/\",\"name\":\"Radio Leinewelle\",\"description\":\"\",\"publisher\":{\"@id\":\"https:\\\/\\\/radioleinewelle.de\\\/#organization\"},\"potentialAction\":[{\"@type\":\"SearchAction\",\"target\":{\"@type\":\"EntryPoint\",\"urlTemplate\":\"https:\\\/\\\/radioleinewelle.de\\\/?s={search_term_string}\"},\"query-input\":{\"@type\":\"PropertyValueSpecification\",\"valueRequired\":true,\"valueName\":\"search_term_string\"}}],\"inLanguage\":\"de\"},{\"@type\":\"Organization\",\"@id\":\"https:\\\/\\\/radioleinewelle.de\\\/#organization\",\"name\":\"Radio Leinewelle\",\"alternateName\":\"Mein Radio f\u00fcr S\u00fcdniedersachsen\",\"url\":\"https:\\\/\\\/radioleinewelle.de\\\/\",\"logo\":{\"@type\":\"ImageObject\",\"inLanguage\":\"de\",\"@id\":\"https:\\\/\\\/radioleinewelle.de\\\/#\\\/schema\\\/logo\\\/image\\\/\",\"url\":\"https:\\\/\\\/radioleinewelle.de\\\/wp-content\\\/uploads\\\/2023\\\/11\\\/cropped-Leinewelle_Logo_weiss.png\",\"contentUrl\":\"https:\\\/\\\/radioleinewelle.de\\\/wp-content\\\/uploads\\\/2023\\\/11\\\/cropped-Leinewelle_Logo_weiss.png\",\"width\":854,\"height\":260,\"caption\":\"Radio Leinewelle\"},\"image\":{\"@id\":\"https:\\\/\\\/radioleinewelle.de\\\/#\\\/schema\\\/logo\\\/image\\\/\"},\"sameAs\":[\"https:\\\/\\\/www.facebook.com\\\/radioleinewelle\",\"https:\\\/\\\/x.com\\\/RLeinewelle\",\"https:\\\/\\\/www.instagram.com\\\/radioleinewelle\\\/?hl=de\"]},{\"@type\":\"Person\",\"@id\":\"https:\\\/\\\/radioleinewelle.de\\\/#\\\/schema\\\/person\\\/45606f348637df637192dc1b68399a63\",\"name\":\"Leinewelle\",\"image\":{\"@type\":\"ImageObject\",\"inLanguage\":\"de\",\"@id\":\"https:\\\/\\\/secure.gravatar.com\\\/avatar\\\/05c9a17bc973052ee5d91549bd32fb4dd0dc85b7b85ae94b2e2b4943476bbea5?s=96&d=blank&r=g\",\"url\":\"https:\\\/\\\/secure.gravatar.com\\\/avatar\\\/05c9a17bc973052ee5d91549bd32fb4dd0dc85b7b85ae94b2e2b4943476bbea5?s=96&d=blank&r=g\",\"contentUrl\":\"https:\\\/\\\/secure.gravatar.com\\\/avatar\\\/05c9a17bc973052ee5d91549bd32fb4dd0dc85b7b85ae94b2e2b4943476bbea5?s=96&d=blank&r=g\",\"caption\":\"Leinewelle\"},\"sameAs\":[\"http:\\\/\\\/localhost\\\/radio%20leinewelle\\\/wordpress\",\"https:\\\/\\\/www.facebook.com\\\/radioleinewelle\",\"https:\\\/\\\/www.instagram.com\\\/radioleinewelle\",\"https:\\\/\\\/x.com\\\/https:\\\/\\\/twitter.com\\\/RLeinewelle?ref_src=twsrcgoogletwcampserptwgrauthor\",\"https:\\\/\\\/soundcloud.com\\\/foerderverein-lokalradio?utm_source=clipboard&utm_medium=text&utm_campaign=social_sharing\"],\"url\":\"https:\\\/\\\/radioleinewelle.de\\\/index.php\\\/author\\\/leinewelle\\\/\"}]}<\/script>\n<!-- \/ Yoast SEO plugin. -->","yoast_head_json":{"title":"Prof. Dr. Michael Ghadimi zum Mitglied der Nationalen Akademie der Wissenschaften Leopoldina gew\u00e4hlt - Radio Leinewelle","robots":{"index":"index","follow":"follow","max-snippet":"max-snippet:-1","max-image-preview":"max-image-preview:large","max-video-preview":"max-video-preview:-1"},"canonical":"https:\/\/radioleinewelle.de\/index.php\/2024\/07\/29\/prof-dr-michael-ghadimi-zum-mitglied-der-nationalen-akademie-der-wissenschaften-leopoldina-gewaehlt\/","og_locale":"de_DE","og_type":"article","og_title":"Prof. Dr. Michael Ghadimi zum Mitglied der Nationalen Akademie der Wissenschaften Leopoldina gew\u00e4hlt - Radio Leinewelle","og_description":"Gro\u00dfe Auszeichnung f\u00fcr G\u00f6ttinger Wissenschaftler: die Nationale Akademie der Wissenschaften Leopoldina hat Prof. Dr. Michael Ghadimi, Direktor der Klinik f\u00fcr Allgemein-, Viszeral- und Kinderchirurgie der Universit\u00e4tsmedizin G\u00f6ttingen (UMG), zu ihrem Mitglied gew\u00e4hlt. Prof. Ghadimi wurde dabei f\u00fcr die Sektion \u201eChirurgie, Orthop\u00e4die und An\u00e4sthesiologie\u201c in der Medizin (Klasse III) bestimmt. Die Wahl zum Mitglied in der [&hellip;]","og_url":"https:\/\/radioleinewelle.de\/index.php\/2024\/07\/29\/prof-dr-michael-ghadimi-zum-mitglied-der-nationalen-akademie-der-wissenschaften-leopoldina-gewaehlt\/","og_site_name":"Radio Leinewelle","article_publisher":"https:\/\/www.facebook.com\/radioleinewelle","article_author":"https:\/\/www.facebook.com\/radioleinewelle","article_published_time":"2024-07-29T09:43:37+00:00","article_modified_time":"2024-07-29T09:43:38+00:00","og_image":[{"width":1772,"height":1181,"url":"https:\/\/radioleinewelle.de\/wp-content\/uploads\/2024\/07\/Prof_Dr_Michael_Ghadimi.jpg","type":"image\/jpeg"}],"author":"Leinewelle","twitter_card":"summary_large_image","twitter_creator":"@https:\/\/twitter.com\/RLeinewelle?ref_src=twsrcgoogletwcampserptwgrauthor","twitter_site":"@RLeinewelle","twitter_misc":{"Verfasst von":"Leinewelle","Gesch\u00e4tzte Lesezeit":"3\u00a0Minuten"},"schema":{"@context":"https:\/\/schema.org","@graph":[{"@type":"Article","@id":"https:\/\/radioleinewelle.de\/index.php\/2024\/07\/29\/prof-dr-michael-ghadimi-zum-mitglied-der-nationalen-akademie-der-wissenschaften-leopoldina-gewaehlt\/#article","isPartOf":{"@id":"https:\/\/radioleinewelle.de\/index.php\/2024\/07\/29\/prof-dr-michael-ghadimi-zum-mitglied-der-nationalen-akademie-der-wissenschaften-leopoldina-gewaehlt\/"},"author":{"name":"Leinewelle","@id":"https:\/\/radioleinewelle.de\/#\/schema\/person\/45606f348637df637192dc1b68399a63"},"headline":"Prof. Dr. Michael Ghadimi zum Mitglied der Nationalen Akademie der Wissenschaften Leopoldina gew\u00e4hlt","datePublished":"2024-07-29T09:43:37+00:00","dateModified":"2024-07-29T09:43:38+00:00","mainEntityOfPage":{"@id":"https:\/\/radioleinewelle.de\/index.php\/2024\/07\/29\/prof-dr-michael-ghadimi-zum-mitglied-der-nationalen-akademie-der-wissenschaften-leopoldina-gewaehlt\/"},"wordCount":389,"commentCount":0,"publisher":{"@id":"https:\/\/radioleinewelle.de\/#organization"},"image":{"@id":"https:\/\/radioleinewelle.de\/index.php\/2024\/07\/29\/prof-dr-michael-ghadimi-zum-mitglied-der-nationalen-akademie-der-wissenschaften-leopoldina-gewaehlt\/#primaryimage"},"thumbnailUrl":"https:\/\/radioleinewelle.de\/wp-content\/uploads\/2024\/07\/Prof_Dr_Michael_Ghadimi.jpg","articleSection":["Personalia","Universit\u00e4tsmedizin G\u00f6ttingen UMG"],"inLanguage":"de","potentialAction":[{"@type":"CommentAction","name":"Comment","target":["https:\/\/radioleinewelle.de\/index.php\/2024\/07\/29\/prof-dr-michael-ghadimi-zum-mitglied-der-nationalen-akademie-der-wissenschaften-leopoldina-gewaehlt\/#respond"]}]},{"@type":"WebPage","@id":"https:\/\/radioleinewelle.de\/index.php\/2024\/07\/29\/prof-dr-michael-ghadimi-zum-mitglied-der-nationalen-akademie-der-wissenschaften-leopoldina-gewaehlt\/","url":"https:\/\/radioleinewelle.de\/index.php\/2024\/07\/29\/prof-dr-michael-ghadimi-zum-mitglied-der-nationalen-akademie-der-wissenschaften-leopoldina-gewaehlt\/","name":"Prof. Dr. Michael Ghadimi zum Mitglied der Nationalen Akademie der Wissenschaften Leopoldina gew\u00e4hlt - Radio Leinewelle","isPartOf":{"@id":"https:\/\/radioleinewelle.de\/#website"},"primaryImageOfPage":{"@id":"https:\/\/radioleinewelle.de\/index.php\/2024\/07\/29\/prof-dr-michael-ghadimi-zum-mitglied-der-nationalen-akademie-der-wissenschaften-leopoldina-gewaehlt\/#primaryimage"},"image":{"@id":"https:\/\/radioleinewelle.de\/index.php\/2024\/07\/29\/prof-dr-michael-ghadimi-zum-mitglied-der-nationalen-akademie-der-wissenschaften-leopoldina-gewaehlt\/#primaryimage"},"thumbnailUrl":"https:\/\/radioleinewelle.de\/wp-content\/uploads\/2024\/07\/Prof_Dr_Michael_Ghadimi.jpg","datePublished":"2024-07-29T09:43:37+00:00","dateModified":"2024-07-29T09:43:38+00:00","breadcrumb":{"@id":"https:\/\/radioleinewelle.de\/index.php\/2024\/07\/29\/prof-dr-michael-ghadimi-zum-mitglied-der-nationalen-akademie-der-wissenschaften-leopoldina-gewaehlt\/#breadcrumb"},"inLanguage":"de","potentialAction":[{"@type":"ReadAction","target":["https:\/\/radioleinewelle.de\/index.php\/2024\/07\/29\/prof-dr-michael-ghadimi-zum-mitglied-der-nationalen-akademie-der-wissenschaften-leopoldina-gewaehlt\/"]}]},{"@type":"ImageObject","inLanguage":"de","@id":"https:\/\/radioleinewelle.de\/index.php\/2024\/07\/29\/prof-dr-michael-ghadimi-zum-mitglied-der-nationalen-akademie-der-wissenschaften-leopoldina-gewaehlt\/#primaryimage","url":"https:\/\/radioleinewelle.de\/wp-content\/uploads\/2024\/07\/Prof_Dr_Michael_Ghadimi.jpg","contentUrl":"https:\/\/radioleinewelle.de\/wp-content\/uploads\/2024\/07\/Prof_Dr_Michael_Ghadimi.jpg","width":1772,"height":1181},{"@type":"BreadcrumbList","@id":"https:\/\/radioleinewelle.de\/index.php\/2024\/07\/29\/prof-dr-michael-ghadimi-zum-mitglied-der-nationalen-akademie-der-wissenschaften-leopoldina-gewaehlt\/#breadcrumb","itemListElement":[{"@type":"ListItem","position":1,"name":"Startseite","item":"https:\/\/radioleinewelle.de\/"},{"@type":"ListItem","position":2,"name":"Prof. Dr. Michael Ghadimi zum Mitglied der Nationalen Akademie der Wissenschaften Leopoldina gew\u00e4hlt"}]},{"@type":"WebSite","@id":"https:\/\/radioleinewelle.de\/#website","url":"https:\/\/radioleinewelle.de\/","name":"Radio Leinewelle","description":"","publisher":{"@id":"https:\/\/radioleinewelle.de\/#organization"},"potentialAction":[{"@type":"SearchAction","target":{"@type":"EntryPoint","urlTemplate":"https:\/\/radioleinewelle.de\/?s={search_term_string}"},"query-input":{"@type":"PropertyValueSpecification","valueRequired":true,"valueName":"search_term_string"}}],"inLanguage":"de"},{"@type":"Organization","@id":"https:\/\/radioleinewelle.de\/#organization","name":"Radio Leinewelle","alternateName":"Mein Radio f\u00fcr S\u00fcdniedersachsen","url":"https:\/\/radioleinewelle.de\/","logo":{"@type":"ImageObject","inLanguage":"de","@id":"https:\/\/radioleinewelle.de\/#\/schema\/logo\/image\/","url":"https:\/\/radioleinewelle.de\/wp-content\/uploads\/2023\/11\/cropped-Leinewelle_Logo_weiss.png","contentUrl":"https:\/\/radioleinewelle.de\/wp-content\/uploads\/2023\/11\/cropped-Leinewelle_Logo_weiss.png","width":854,"height":260,"caption":"Radio Leinewelle"},"image":{"@id":"https:\/\/radioleinewelle.de\/#\/schema\/logo\/image\/"},"sameAs":["https:\/\/www.facebook.com\/radioleinewelle","https:\/\/x.com\/RLeinewelle","https:\/\/www.instagram.com\/radioleinewelle\/?hl=de"]},{"@type":"Person","@id":"https:\/\/radioleinewelle.de\/#\/schema\/person\/45606f348637df637192dc1b68399a63","name":"Leinewelle","image":{"@type":"ImageObject","inLanguage":"de","@id":"https:\/\/secure.gravatar.com\/avatar\/05c9a17bc973052ee5d91549bd32fb4dd0dc85b7b85ae94b2e2b4943476bbea5?s=96&d=blank&r=g","url":"https:\/\/secure.gravatar.com\/avatar\/05c9a17bc973052ee5d91549bd32fb4dd0dc85b7b85ae94b2e2b4943476bbea5?s=96&d=blank&r=g","contentUrl":"https:\/\/secure.gravatar.com\/avatar\/05c9a17bc973052ee5d91549bd32fb4dd0dc85b7b85ae94b2e2b4943476bbea5?s=96&d=blank&r=g","caption":"Leinewelle"},"sameAs":["http:\/\/localhost\/radio%20leinewelle\/wordpress","https:\/\/www.facebook.com\/radioleinewelle","https:\/\/www.instagram.com\/radioleinewelle","https:\/\/x.com\/https:\/\/twitter.com\/RLeinewelle?ref_src=twsrcgoogletwcampserptwgrauthor","https:\/\/soundcloud.com\/foerderverein-lokalradio?utm_source=clipboard&utm_medium=text&utm_campaign=social_sharing"],"url":"https:\/\/radioleinewelle.de\/index.php\/author\/leinewelle\/"}]}},"_links":{"self":[{"href":"https:\/\/radioleinewelle.de\/index.php\/wp-json\/wp\/v2\/posts\/25815","targetHints":{"allow":["GET"]}}],"collection":[{"href":"https:\/\/radioleinewelle.de\/index.php\/wp-json\/wp\/v2\/posts"}],"about":[{"href":"https:\/\/radioleinewelle.de\/index.php\/wp-json\/wp\/v2\/types\/post"}],"author":[{"embeddable":true,"href":"https:\/\/radioleinewelle.de\/index.php\/wp-json\/wp\/v2\/users\/1"}],"replies":[{"embeddable":true,"href":"https:\/\/radioleinewelle.de\/index.php\/wp-json\/wp\/v2\/comments?post=25815"}],"version-history":[{"count":3,"href":"https:\/\/radioleinewelle.de\/index.php\/wp-json\/wp\/v2\/posts\/25815\/revisions"}],"predecessor-version":[{"id":25819,"href":"https:\/\/radioleinewelle.de\/index.php\/wp-json\/wp\/v2\/posts\/25815\/revisions\/25819"}],"wp:featuredmedia":[{"embeddable":true,"href":"https:\/\/radioleinewelle.de\/index.php\/wp-json\/wp\/v2\/media\/25816"}],"wp:attachment":[{"href":"https:\/\/radioleinewelle.de\/index.php\/wp-json\/wp\/v2\/media?parent=25815"}],"wp:term":[{"taxonomy":"category","embeddable":true,"href":"https:\/\/radioleinewelle.de\/index.php\/wp-json\/wp\/v2\/categories?post=25815"},{"taxonomy":"post_tag","embeddable":true,"href":"https:\/\/radioleinewelle.de\/index.php\/wp-json\/wp\/v2\/tags?post=25815"}],"curies":[{"name":"wp","href":"https:\/\/api.w.org\/{rel}","templated":true}]}}