{"id":25824,"date":"2024-09-04T05:34:19","date_gmt":"2024-09-04T03:34:19","guid":{"rendered":"https:\/\/radioleinewelle.de\/?p=25824"},"modified":"2024-09-04T05:34:21","modified_gmt":"2024-09-04T03:34:21","slug":"bild-der-woche-von-andreas-blomeyer","status":"publish","type":"post","link":"https:\/\/radioleinewelle.de\/index.php\/2024\/09\/04\/bild-der-woche-von-andreas-blomeyer\/","title":{"rendered":"Bild der Woche und neue Podcastfolge Fotografie von Andreas Blomeyer"},"content":{"rendered":"\n<p><\/p>\n\n\n\n<p>Ab sofort zeigt Radio Leinewelle regelm\u00e4\u00dfig Bilder aus der Region. Ungewohnte Perspektiven und Fotos abseits des Alltags und der Aktualit\u00e4t. Das Aktuelle k\u00f6nnen die professionellen Bildjournalisten besser. Wir stellen auch die Fotografen hinter dem Bild vor. Das heutige Foto stammt von dem G\u00f6ttinger Andreas Blomeyer. Viele seiner Bilder werden in den n\u00e4chsten Wochen hier zu sehen sein. Mehr noch: gerne gibt er sein umfangreiches Wissen an unsere H\u00f6rer*innen weiter. Die ersten Folgen einer entsprechenden Podcastreihe sind bereits produziert. Mehr \u00fcber Fotografie in seinem Fotopodcast. Jeden Monat erscheint eine neue Folge. Die ersten Podcasts findet ihr hier:<\/p>\n\n\n\n<figure class=\"wp-block-embed is-type-rich is-provider-soundcloud wp-block-embed-soundcloud\"><div class=\"wp-block-embed__wrapper\">\n<iframe loading=\"lazy\" title=\"Folge 1 Vorstellung Podcast Fotoaugenblick mit und von Andreas Blomeyer by F\u00f6rderverein Lokalradio S\u00fcdniedersachsen e.V.\" width=\"500\" height=\"400\" scrolling=\"no\" frameborder=\"no\" src=\"https:\/\/w.soundcloud.com\/player\/?visual=true&#038;url=https%3A%2F%2Fapi.soundcloud.com%2Ftracks%2F1873698924&#038;show_artwork=true&#038;maxheight=750&#038;maxwidth=500\"><\/iframe>\n<\/div><\/figure>\n\n\n\n<figure class=\"wp-block-embed is-type-rich is-provider-soundcloud wp-block-embed-soundcloud\"><div class=\"wp-block-embed__wrapper\">\n<iframe loading=\"lazy\" title=\"01 Folge 2 Technik Und Kreativitat by F\u00f6rderverein Lokalradio S\u00fcdniedersachsen e.V.\" width=\"500\" height=\"400\" scrolling=\"no\" frameborder=\"no\" src=\"https:\/\/w.soundcloud.com\/player\/?visual=true&#038;url=https%3A%2F%2Fapi.soundcloud.com%2Ftracks%2F1909853360&#038;show_artwork=true&#038;maxheight=750&#038;maxwidth=500\"><\/iframe>\n<\/div><\/figure>\n\n\n\n<p><strong>Foto:<\/strong> G\u00f6ttingen \u00a9Andreas Blomeyer<\/p>\n","protected":false},"excerpt":{"rendered":"<p>Ab sofort zeigt Radio Leinewelle regelm\u00e4\u00dfig Bilder aus der Region. Ungewohnte Perspektiven und Fotos abseits des Alltags und der Aktualit\u00e4t. Das Aktuelle k\u00f6nnen die professionellen Bildjournalisten besser. Wir stellen auch die Fotografen hinter dem Bild vor. Das heutige Foto stammt von dem G\u00f6ttinger Andreas Blomeyer. Viele seiner Bilder werden in den n\u00e4chsten Wochen hier zu [&hellip;]<\/p>\n","protected":false},"author":1,"featured_media":26108,"comment_status":"open","ping_status":"open","sticky":true,"template":"","format":"standard","meta":{"saved_in_kubio":false,"footnotes":""},"categories":[4169,2499],"tags":[],"class_list":["post-25824","post","type-post","status-publish","format-standard","has-post-thumbnail","hentry","category-bilder-aus-der-region","category-podcast"],"yoast_head":"<!-- This site is optimized with the Yoast SEO plugin v27.5 - https:\/\/yoast.com\/product\/yoast-seo-wordpress\/ -->\n<title>Bild der Woche und neue Podcastfolge Fotografie von Andreas Blomeyer - Radio Leinewelle<\/title>\n<meta name=\"robots\" content=\"index, follow, max-snippet:-1, max-image-preview:large, max-video-preview:-1\" \/>\n<link rel=\"canonical\" href=\"https:\/\/radioleinewelle.de\/index.php\/2024\/09\/04\/bild-der-woche-von-andreas-blomeyer\/\" \/>\n<meta property=\"og:locale\" content=\"de_DE\" \/>\n<meta property=\"og:type\" content=\"article\" \/>\n<meta property=\"og:title\" content=\"Bild der Woche und neue Podcastfolge Fotografie von Andreas Blomeyer - Radio Leinewelle\" \/>\n<meta property=\"og:description\" content=\"Ab sofort zeigt Radio Leinewelle regelm\u00e4\u00dfig Bilder aus der Region. Ungewohnte Perspektiven und Fotos abseits des Alltags und der Aktualit\u00e4t. Das Aktuelle k\u00f6nnen die professionellen Bildjournalisten besser. Wir stellen auch die Fotografen hinter dem Bild vor. Das heutige Foto stammt von dem G\u00f6ttinger Andreas Blomeyer. Viele seiner Bilder werden in den n\u00e4chsten Wochen hier zu [&hellip;]\" \/>\n<meta property=\"og:url\" content=\"https:\/\/radioleinewelle.de\/index.php\/2024\/09\/04\/bild-der-woche-von-andreas-blomeyer\/\" \/>\n<meta property=\"og:site_name\" content=\"Radio Leinewelle\" \/>\n<meta property=\"article:publisher\" content=\"https:\/\/www.facebook.com\/radioleinewelle\" \/>\n<meta property=\"article:author\" content=\"https:\/\/www.facebook.com\/radioleinewelle\" \/>\n<meta property=\"article:published_time\" content=\"2024-09-04T03:34:19+00:00\" \/>\n<meta property=\"article:modified_time\" content=\"2024-09-04T03:34:21+00:00\" \/>\n<meta property=\"og:image\" content=\"https:\/\/radioleinewelle.de\/wp-content\/uploads\/2024\/07\/Goettingen-in-schwarzweiss-von-Andreas-Blomeyer.jpg\" \/>\n\t<meta property=\"og:image:width\" content=\"1460\" \/>\n\t<meta property=\"og:image:height\" content=\"975\" \/>\n\t<meta property=\"og:image:type\" content=\"image\/jpeg\" \/>\n<meta name=\"author\" content=\"Leinewelle\" \/>\n<meta name=\"twitter:card\" content=\"summary_large_image\" \/>\n<meta name=\"twitter:creator\" content=\"@https:\/\/twitter.com\/RLeinewelle?ref_src=twsrcgoogletwcampserptwgrauthor\" \/>\n<meta name=\"twitter:site\" content=\"@RLeinewelle\" \/>\n<meta name=\"twitter:label1\" content=\"Verfasst von\" \/>\n\t<meta name=\"twitter:data1\" content=\"Leinewelle\" \/>\n\t<meta name=\"twitter:label2\" content=\"Gesch\u00e4tzte Lesezeit\" \/>\n\t<meta name=\"twitter:data2\" content=\"1\u00a0Minute\" \/>\n<script type=\"application\/ld+json\" class=\"yoast-schema-graph\">{\"@context\":\"https:\\\/\\\/schema.org\",\"@graph\":[{\"@type\":\"Article\",\"@id\":\"https:\\\/\\\/radioleinewelle.de\\\/index.php\\\/2024\\\/09\\\/04\\\/bild-der-woche-von-andreas-blomeyer\\\/#article\",\"isPartOf\":{\"@id\":\"https:\\\/\\\/radioleinewelle.de\\\/index.php\\\/2024\\\/09\\\/04\\\/bild-der-woche-von-andreas-blomeyer\\\/\"},\"author\":{\"name\":\"Leinewelle\",\"@id\":\"https:\\\/\\\/radioleinewelle.de\\\/#\\\/schema\\\/person\\\/45606f348637df637192dc1b68399a63\"},\"headline\":\"Bild der Woche und neue Podcastfolge Fotografie von Andreas Blomeyer\",\"datePublished\":\"2024-09-04T03:34:19+00:00\",\"dateModified\":\"2024-09-04T03:34:21+00:00\",\"mainEntityOfPage\":{\"@id\":\"https:\\\/\\\/radioleinewelle.de\\\/index.php\\\/2024\\\/09\\\/04\\\/bild-der-woche-von-andreas-blomeyer\\\/\"},\"wordCount\":149,\"commentCount\":0,\"publisher\":{\"@id\":\"https:\\\/\\\/radioleinewelle.de\\\/#organization\"},\"image\":{\"@id\":\"https:\\\/\\\/radioleinewelle.de\\\/index.php\\\/2024\\\/09\\\/04\\\/bild-der-woche-von-andreas-blomeyer\\\/#primaryimage\"},\"thumbnailUrl\":\"https:\\\/\\\/radioleinewelle.de\\\/wp-content\\\/uploads\\\/2024\\\/07\\\/Goettingen-in-schwarzweiss-von-Andreas-Blomeyer.jpg\",\"articleSection\":[\"Bilder aus der Region\",\"Podcast\"],\"inLanguage\":\"de\",\"potentialAction\":[{\"@type\":\"CommentAction\",\"name\":\"Comment\",\"target\":[\"https:\\\/\\\/radioleinewelle.de\\\/index.php\\\/2024\\\/09\\\/04\\\/bild-der-woche-von-andreas-blomeyer\\\/#respond\"]}]},{\"@type\":\"WebPage\",\"@id\":\"https:\\\/\\\/radioleinewelle.de\\\/index.php\\\/2024\\\/09\\\/04\\\/bild-der-woche-von-andreas-blomeyer\\\/\",\"url\":\"https:\\\/\\\/radioleinewelle.de\\\/index.php\\\/2024\\\/09\\\/04\\\/bild-der-woche-von-andreas-blomeyer\\\/\",\"name\":\"Bild der Woche und neue Podcastfolge Fotografie von Andreas Blomeyer - Radio Leinewelle\",\"isPartOf\":{\"@id\":\"https:\\\/\\\/radioleinewelle.de\\\/#website\"},\"primaryImageOfPage\":{\"@id\":\"https:\\\/\\\/radioleinewelle.de\\\/index.php\\\/2024\\\/09\\\/04\\\/bild-der-woche-von-andreas-blomeyer\\\/#primaryimage\"},\"image\":{\"@id\":\"https:\\\/\\\/radioleinewelle.de\\\/index.php\\\/2024\\\/09\\\/04\\\/bild-der-woche-von-andreas-blomeyer\\\/#primaryimage\"},\"thumbnailUrl\":\"https:\\\/\\\/radioleinewelle.de\\\/wp-content\\\/uploads\\\/2024\\\/07\\\/Goettingen-in-schwarzweiss-von-Andreas-Blomeyer.jpg\",\"datePublished\":\"2024-09-04T03:34:19+00:00\",\"dateModified\":\"2024-09-04T03:34:21+00:00\",\"breadcrumb\":{\"@id\":\"https:\\\/\\\/radioleinewelle.de\\\/index.php\\\/2024\\\/09\\\/04\\\/bild-der-woche-von-andreas-blomeyer\\\/#breadcrumb\"},\"inLanguage\":\"de\",\"potentialAction\":[{\"@type\":\"ReadAction\",\"target\":[\"https:\\\/\\\/radioleinewelle.de\\\/index.php\\\/2024\\\/09\\\/04\\\/bild-der-woche-von-andreas-blomeyer\\\/\"]}]},{\"@type\":\"ImageObject\",\"inLanguage\":\"de\",\"@id\":\"https:\\\/\\\/radioleinewelle.de\\\/index.php\\\/2024\\\/09\\\/04\\\/bild-der-woche-von-andreas-blomeyer\\\/#primaryimage\",\"url\":\"https:\\\/\\\/radioleinewelle.de\\\/wp-content\\\/uploads\\\/2024\\\/07\\\/Goettingen-in-schwarzweiss-von-Andreas-Blomeyer.jpg\",\"contentUrl\":\"https:\\\/\\\/radioleinewelle.de\\\/wp-content\\\/uploads\\\/2024\\\/07\\\/Goettingen-in-schwarzweiss-von-Andreas-Blomeyer.jpg\",\"width\":1460,\"height\":975},{\"@type\":\"BreadcrumbList\",\"@id\":\"https:\\\/\\\/radioleinewelle.de\\\/index.php\\\/2024\\\/09\\\/04\\\/bild-der-woche-von-andreas-blomeyer\\\/#breadcrumb\",\"itemListElement\":[{\"@type\":\"ListItem\",\"position\":1,\"name\":\"Startseite\",\"item\":\"https:\\\/\\\/radioleinewelle.de\\\/\"},{\"@type\":\"ListItem\",\"position\":2,\"name\":\"Bild der Woche und neue Podcastfolge Fotografie von Andreas Blomeyer\"}]},{\"@type\":\"WebSite\",\"@id\":\"https:\\\/\\\/radioleinewelle.de\\\/#website\",\"url\":\"https:\\\/\\\/radioleinewelle.de\\\/\",\"name\":\"Radio Leinewelle\",\"description\":\"\",\"publisher\":{\"@id\":\"https:\\\/\\\/radioleinewelle.de\\\/#organization\"},\"potentialAction\":[{\"@type\":\"SearchAction\",\"target\":{\"@type\":\"EntryPoint\",\"urlTemplate\":\"https:\\\/\\\/radioleinewelle.de\\\/?s={search_term_string}\"},\"query-input\":{\"@type\":\"PropertyValueSpecification\",\"valueRequired\":true,\"valueName\":\"search_term_string\"}}],\"inLanguage\":\"de\"},{\"@type\":\"Organization\",\"@id\":\"https:\\\/\\\/radioleinewelle.de\\\/#organization\",\"name\":\"Radio Leinewelle\",\"alternateName\":\"Mein Radio f\u00fcr S\u00fcdniedersachsen\",\"url\":\"https:\\\/\\\/radioleinewelle.de\\\/\",\"logo\":{\"@type\":\"ImageObject\",\"inLanguage\":\"de\",\"@id\":\"https:\\\/\\\/radioleinewelle.de\\\/#\\\/schema\\\/logo\\\/image\\\/\",\"url\":\"https:\\\/\\\/radioleinewelle.de\\\/wp-content\\\/uploads\\\/2023\\\/11\\\/cropped-Leinewelle_Logo_weiss.png\",\"contentUrl\":\"https:\\\/\\\/radioleinewelle.de\\\/wp-content\\\/uploads\\\/2023\\\/11\\\/cropped-Leinewelle_Logo_weiss.png\",\"width\":854,\"height\":260,\"caption\":\"Radio Leinewelle\"},\"image\":{\"@id\":\"https:\\\/\\\/radioleinewelle.de\\\/#\\\/schema\\\/logo\\\/image\\\/\"},\"sameAs\":[\"https:\\\/\\\/www.facebook.com\\\/radioleinewelle\",\"https:\\\/\\\/x.com\\\/RLeinewelle\",\"https:\\\/\\\/www.instagram.com\\\/radioleinewelle\\\/?hl=de\"]},{\"@type\":\"Person\",\"@id\":\"https:\\\/\\\/radioleinewelle.de\\\/#\\\/schema\\\/person\\\/45606f348637df637192dc1b68399a63\",\"name\":\"Leinewelle\",\"image\":{\"@type\":\"ImageObject\",\"inLanguage\":\"de\",\"@id\":\"https:\\\/\\\/secure.gravatar.com\\\/avatar\\\/05c9a17bc973052ee5d91549bd32fb4dd0dc85b7b85ae94b2e2b4943476bbea5?s=96&d=blank&r=g\",\"url\":\"https:\\\/\\\/secure.gravatar.com\\\/avatar\\\/05c9a17bc973052ee5d91549bd32fb4dd0dc85b7b85ae94b2e2b4943476bbea5?s=96&d=blank&r=g\",\"contentUrl\":\"https:\\\/\\\/secure.gravatar.com\\\/avatar\\\/05c9a17bc973052ee5d91549bd32fb4dd0dc85b7b85ae94b2e2b4943476bbea5?s=96&d=blank&r=g\",\"caption\":\"Leinewelle\"},\"sameAs\":[\"http:\\\/\\\/localhost\\\/radio%20leinewelle\\\/wordpress\",\"https:\\\/\\\/www.facebook.com\\\/radioleinewelle\",\"https:\\\/\\\/www.instagram.com\\\/radioleinewelle\",\"https:\\\/\\\/x.com\\\/https:\\\/\\\/twitter.com\\\/RLeinewelle?ref_src=twsrcgoogletwcampserptwgrauthor\",\"https:\\\/\\\/soundcloud.com\\\/foerderverein-lokalradio?utm_source=clipboard&utm_medium=text&utm_campaign=social_sharing\"],\"url\":\"https:\\\/\\\/radioleinewelle.de\\\/index.php\\\/author\\\/leinewelle\\\/\"}]}<\/script>\n<!-- \/ Yoast SEO plugin. -->","yoast_head_json":{"title":"Bild der Woche und neue Podcastfolge Fotografie von Andreas Blomeyer - Radio Leinewelle","robots":{"index":"index","follow":"follow","max-snippet":"max-snippet:-1","max-image-preview":"max-image-preview:large","max-video-preview":"max-video-preview:-1"},"canonical":"https:\/\/radioleinewelle.de\/index.php\/2024\/09\/04\/bild-der-woche-von-andreas-blomeyer\/","og_locale":"de_DE","og_type":"article","og_title":"Bild der Woche und neue Podcastfolge Fotografie von Andreas Blomeyer - Radio Leinewelle","og_description":"Ab sofort zeigt Radio Leinewelle regelm\u00e4\u00dfig Bilder aus der Region. Ungewohnte Perspektiven und Fotos abseits des Alltags und der Aktualit\u00e4t. Das Aktuelle k\u00f6nnen die professionellen Bildjournalisten besser. Wir stellen auch die Fotografen hinter dem Bild vor. Das heutige Foto stammt von dem G\u00f6ttinger Andreas Blomeyer. Viele seiner Bilder werden in den n\u00e4chsten Wochen hier zu [&hellip;]","og_url":"https:\/\/radioleinewelle.de\/index.php\/2024\/09\/04\/bild-der-woche-von-andreas-blomeyer\/","og_site_name":"Radio Leinewelle","article_publisher":"https:\/\/www.facebook.com\/radioleinewelle","article_author":"https:\/\/www.facebook.com\/radioleinewelle","article_published_time":"2024-09-04T03:34:19+00:00","article_modified_time":"2024-09-04T03:34:21+00:00","og_image":[{"width":1460,"height":975,"url":"https:\/\/radioleinewelle.de\/wp-content\/uploads\/2024\/07\/Goettingen-in-schwarzweiss-von-Andreas-Blomeyer.jpg","type":"image\/jpeg"}],"author":"Leinewelle","twitter_card":"summary_large_image","twitter_creator":"@https:\/\/twitter.com\/RLeinewelle?ref_src=twsrcgoogletwcampserptwgrauthor","twitter_site":"@RLeinewelle","twitter_misc":{"Verfasst von":"Leinewelle","Gesch\u00e4tzte Lesezeit":"1\u00a0Minute"},"schema":{"@context":"https:\/\/schema.org","@graph":[{"@type":"Article","@id":"https:\/\/radioleinewelle.de\/index.php\/2024\/09\/04\/bild-der-woche-von-andreas-blomeyer\/#article","isPartOf":{"@id":"https:\/\/radioleinewelle.de\/index.php\/2024\/09\/04\/bild-der-woche-von-andreas-blomeyer\/"},"author":{"name":"Leinewelle","@id":"https:\/\/radioleinewelle.de\/#\/schema\/person\/45606f348637df637192dc1b68399a63"},"headline":"Bild der Woche und neue Podcastfolge Fotografie von Andreas Blomeyer","datePublished":"2024-09-04T03:34:19+00:00","dateModified":"2024-09-04T03:34:21+00:00","mainEntityOfPage":{"@id":"https:\/\/radioleinewelle.de\/index.php\/2024\/09\/04\/bild-der-woche-von-andreas-blomeyer\/"},"wordCount":149,"commentCount":0,"publisher":{"@id":"https:\/\/radioleinewelle.de\/#organization"},"image":{"@id":"https:\/\/radioleinewelle.de\/index.php\/2024\/09\/04\/bild-der-woche-von-andreas-blomeyer\/#primaryimage"},"thumbnailUrl":"https:\/\/radioleinewelle.de\/wp-content\/uploads\/2024\/07\/Goettingen-in-schwarzweiss-von-Andreas-Blomeyer.jpg","articleSection":["Bilder aus der Region","Podcast"],"inLanguage":"de","potentialAction":[{"@type":"CommentAction","name":"Comment","target":["https:\/\/radioleinewelle.de\/index.php\/2024\/09\/04\/bild-der-woche-von-andreas-blomeyer\/#respond"]}]},{"@type":"WebPage","@id":"https:\/\/radioleinewelle.de\/index.php\/2024\/09\/04\/bild-der-woche-von-andreas-blomeyer\/","url":"https:\/\/radioleinewelle.de\/index.php\/2024\/09\/04\/bild-der-woche-von-andreas-blomeyer\/","name":"Bild der Woche und neue Podcastfolge Fotografie von Andreas Blomeyer - Radio Leinewelle","isPartOf":{"@id":"https:\/\/radioleinewelle.de\/#website"},"primaryImageOfPage":{"@id":"https:\/\/radioleinewelle.de\/index.php\/2024\/09\/04\/bild-der-woche-von-andreas-blomeyer\/#primaryimage"},"image":{"@id":"https:\/\/radioleinewelle.de\/index.php\/2024\/09\/04\/bild-der-woche-von-andreas-blomeyer\/#primaryimage"},"thumbnailUrl":"https:\/\/radioleinewelle.de\/wp-content\/uploads\/2024\/07\/Goettingen-in-schwarzweiss-von-Andreas-Blomeyer.jpg","datePublished":"2024-09-04T03:34:19+00:00","dateModified":"2024-09-04T03:34:21+00:00","breadcrumb":{"@id":"https:\/\/radioleinewelle.de\/index.php\/2024\/09\/04\/bild-der-woche-von-andreas-blomeyer\/#breadcrumb"},"inLanguage":"de","potentialAction":[{"@type":"ReadAction","target":["https:\/\/radioleinewelle.de\/index.php\/2024\/09\/04\/bild-der-woche-von-andreas-blomeyer\/"]}]},{"@type":"ImageObject","inLanguage":"de","@id":"https:\/\/radioleinewelle.de\/index.php\/2024\/09\/04\/bild-der-woche-von-andreas-blomeyer\/#primaryimage","url":"https:\/\/radioleinewelle.de\/wp-content\/uploads\/2024\/07\/Goettingen-in-schwarzweiss-von-Andreas-Blomeyer.jpg","contentUrl":"https:\/\/radioleinewelle.de\/wp-content\/uploads\/2024\/07\/Goettingen-in-schwarzweiss-von-Andreas-Blomeyer.jpg","width":1460,"height":975},{"@type":"BreadcrumbList","@id":"https:\/\/radioleinewelle.de\/index.php\/2024\/09\/04\/bild-der-woche-von-andreas-blomeyer\/#breadcrumb","itemListElement":[{"@type":"ListItem","position":1,"name":"Startseite","item":"https:\/\/radioleinewelle.de\/"},{"@type":"ListItem","position":2,"name":"Bild der Woche und neue Podcastfolge Fotografie von Andreas Blomeyer"}]},{"@type":"WebSite","@id":"https:\/\/radioleinewelle.de\/#website","url":"https:\/\/radioleinewelle.de\/","name":"Radio Leinewelle","description":"","publisher":{"@id":"https:\/\/radioleinewelle.de\/#organization"},"potentialAction":[{"@type":"SearchAction","target":{"@type":"EntryPoint","urlTemplate":"https:\/\/radioleinewelle.de\/?s={search_term_string}"},"query-input":{"@type":"PropertyValueSpecification","valueRequired":true,"valueName":"search_term_string"}}],"inLanguage":"de"},{"@type":"Organization","@id":"https:\/\/radioleinewelle.de\/#organization","name":"Radio Leinewelle","alternateName":"Mein Radio f\u00fcr S\u00fcdniedersachsen","url":"https:\/\/radioleinewelle.de\/","logo":{"@type":"ImageObject","inLanguage":"de","@id":"https:\/\/radioleinewelle.de\/#\/schema\/logo\/image\/","url":"https:\/\/radioleinewelle.de\/wp-content\/uploads\/2023\/11\/cropped-Leinewelle_Logo_weiss.png","contentUrl":"https:\/\/radioleinewelle.de\/wp-content\/uploads\/2023\/11\/cropped-Leinewelle_Logo_weiss.png","width":854,"height":260,"caption":"Radio Leinewelle"},"image":{"@id":"https:\/\/radioleinewelle.de\/#\/schema\/logo\/image\/"},"sameAs":["https:\/\/www.facebook.com\/radioleinewelle","https:\/\/x.com\/RLeinewelle","https:\/\/www.instagram.com\/radioleinewelle\/?hl=de"]},{"@type":"Person","@id":"https:\/\/radioleinewelle.de\/#\/schema\/person\/45606f348637df637192dc1b68399a63","name":"Leinewelle","image":{"@type":"ImageObject","inLanguage":"de","@id":"https:\/\/secure.gravatar.com\/avatar\/05c9a17bc973052ee5d91549bd32fb4dd0dc85b7b85ae94b2e2b4943476bbea5?s=96&d=blank&r=g","url":"https:\/\/secure.gravatar.com\/avatar\/05c9a17bc973052ee5d91549bd32fb4dd0dc85b7b85ae94b2e2b4943476bbea5?s=96&d=blank&r=g","contentUrl":"https:\/\/secure.gravatar.com\/avatar\/05c9a17bc973052ee5d91549bd32fb4dd0dc85b7b85ae94b2e2b4943476bbea5?s=96&d=blank&r=g","caption":"Leinewelle"},"sameAs":["http:\/\/localhost\/radio%20leinewelle\/wordpress","https:\/\/www.facebook.com\/radioleinewelle","https:\/\/www.instagram.com\/radioleinewelle","https:\/\/x.com\/https:\/\/twitter.com\/RLeinewelle?ref_src=twsrcgoogletwcampserptwgrauthor","https:\/\/soundcloud.com\/foerderverein-lokalradio?utm_source=clipboard&utm_medium=text&utm_campaign=social_sharing"],"url":"https:\/\/radioleinewelle.de\/index.php\/author\/leinewelle\/"}]}},"_links":{"self":[{"href":"https:\/\/radioleinewelle.de\/index.php\/wp-json\/wp\/v2\/posts\/25824","targetHints":{"allow":["GET"]}}],"collection":[{"href":"https:\/\/radioleinewelle.de\/index.php\/wp-json\/wp\/v2\/posts"}],"about":[{"href":"https:\/\/radioleinewelle.de\/index.php\/wp-json\/wp\/v2\/types\/post"}],"author":[{"embeddable":true,"href":"https:\/\/radioleinewelle.de\/index.php\/wp-json\/wp\/v2\/users\/1"}],"replies":[{"embeddable":true,"href":"https:\/\/radioleinewelle.de\/index.php\/wp-json\/wp\/v2\/comments?post=25824"}],"version-history":[{"count":10,"href":"https:\/\/radioleinewelle.de\/index.php\/wp-json\/wp\/v2\/posts\/25824\/revisions"}],"predecessor-version":[{"id":26109,"href":"https:\/\/radioleinewelle.de\/index.php\/wp-json\/wp\/v2\/posts\/25824\/revisions\/26109"}],"wp:featuredmedia":[{"embeddable":true,"href":"https:\/\/radioleinewelle.de\/index.php\/wp-json\/wp\/v2\/media\/26108"}],"wp:attachment":[{"href":"https:\/\/radioleinewelle.de\/index.php\/wp-json\/wp\/v2\/media?parent=25824"}],"wp:term":[{"taxonomy":"category","embeddable":true,"href":"https:\/\/radioleinewelle.de\/index.php\/wp-json\/wp\/v2\/categories?post=25824"},{"taxonomy":"post_tag","embeddable":true,"href":"https:\/\/radioleinewelle.de\/index.php\/wp-json\/wp\/v2\/tags?post=25824"}],"curies":[{"name":"wp","href":"https:\/\/api.w.org\/{rel}","templated":true}]}}