{"id":25865,"date":"2024-08-04T10:56:03","date_gmt":"2024-08-04T08:56:03","guid":{"rendered":"https:\/\/radioleinewelle.de\/?p=25865"},"modified":"2024-08-12T14:32:40","modified_gmt":"2024-08-12T12:32:40","slug":"nachbilder-ueberlebender-ausstellung-zu-den-atombombenabwuerfen-in-japan","status":"publish","type":"post","link":"https:\/\/radioleinewelle.de\/index.php\/2024\/08\/04\/nachbilder-ueberlebender-ausstellung-zu-den-atombombenabwuerfen-in-japan\/","title":{"rendered":"&#8222;Nachbilder \u00dcberlebender&#8220; &#8211; Ausstellung zu den Atombombenabw\u00fcrfen in Japan"},"content":{"rendered":"\n<p>Die Anti-Atom-Initiative G\u00f6ttingen l\u00e4dt ein zu mehreren Veranstaltungen zum Gedenken an die Opfer der Atombombenabw\u00fcrfe auf Hiroshima und Nagasaki.\u00a0<\/p>\n\n\n\n<p>Die erste Atombombe fiel am 6. August 1945 auf die Stadt Hiroshima &#8211; drei Tage sp\u00e4ter folgte die Bombe auf Nagasaki. Die verheerende Explosions- und Hitzewelle t\u00f6tete \u00fcber 100.000 Menschen, vor allem Zivilist:innen, sofort. Bis Ende 1945 starben weitere 130.000 Menschen und noch heute sterben Nachkommen an den Sp\u00e4tfolgen der Strahlenkrankheit. F\u00fcr dieses Kriegsverbrechen wurden die USA nie zur Rechenschaft gezogen. \u00dcber das unermessliche Leid der Opfer verh\u00e4ngte man damals Schweigen und es gab eine strenge Zensur der Berichterstattung. US-Wissenschaftler:innen kamen nach Japan, nicht etwa um zu helfen, sondern um die Strahlenkrankheit zu erforschen &#8211; den Opfern konnte damals niemand helfen.&nbsp;<\/p>\n\n\n\n<p><strong>Zu den Veranstaltungen:<\/strong>\u00a0<\/p>\n\n\n\n<p>Am 5. August 2024, dem Vorabend des Jahrestages des Bombenabwurfs auf Hiroshima, findet ein Konzert mit dem Liedermacher Gerd Schinkel statt, der Friedens- und politische Lieder singen wird. Beginn ist um 19:30 Uhr im Kleinen Ratskeller, J\u00fcdenstra\u00dfe 30 in G\u00f6ttingen. Der Eintritt ist frei, um Spenden wird gebeten. Das Konzert findet in Kooperation mit Kreuzberg on KulTour e.V. statt.<\/p>\n\n\n\n<p>Vom 6.-12-August zeigt die Anti-Atom-Initiative G\u00f6ttingen gemeinsam mit dem IPPNW e.V. und dem G\u00f6ttinger Friedensforum die Ausstellung &#8222;Nachbilder von \u00dcberlebenden&#8220; im Foyer des Neuen Rathauses, Hiroshimaplatz 1-4 in G\u00f6ttingen: Die \u00dcberlebenden der Atombombenabw\u00fcrfe schwiegen nicht. Es entstanden u.a. Bilder, gestaltet von den Menschen, die das Inferno erlebten. Sie haben versucht, in ihren Zeichnungen das Unfassbare darzustellen. Diese Bilder sind ersch\u00fctternd und muten den Betrachtenden einiges zu.<\/p>\n\n\n\n<p>Er\u00f6ffnet wird die Ausstellung am 6. August 2024 um 15:00 Uhr im Foyer des Neuen Rathauses.<\/p>\n\n\n\n<p>Besichtigt werden kann die Ausstellung zu den \u00d6ffnungszeiten des Neuen Rathauses: Mo-Mi 08.00 bis 14.00 Uhr, Do 08.00 bis 17.00 Uhr, Fr 08.00 bis 13.00 Uhr.<\/p>\n\n\n\n<p>Im Anschluss an die Er\u00f6ffnung der Ausstellung folgt um ca. 15:30 Uhr eine Kundgebung vor dem Neuen Rathaus mit Redebeitr\u00e4gen u.a. zu den Gefahren der Atombombe, gesundheitlichen Folgen, einem interessanten Einblick, wie in Japan mit der Thematik umgegangen wird und zur aktuellen Problematik der Wiederaufr\u00fcstung. Musikalisch begleitet wird das Programm durch Gerd Schinkel, der Anti-Atom-Lieder singen wird.&nbsp;<\/p>\n\n\n\n<p>Um 16:30 Uhr beginnt ein Rundgang auf den Spuren der &#8222;Bomben-V\u00e4ter&#8220;: G\u00f6ttingen war vor 100 Jahren das Mekka der Atomphysik. Rund um den Hiroshimaplatz begeben wir uns auf Spurensuche nach den (sp\u00e4teren) V\u00e4tern der US-amerikanischen, deutschen und sowjetischen Atombomben-Forschung. Der Rundgang dauert ungef\u00e4hr eine Stunde.<\/p>\n\n\n\n<p>Die Veranstaltungen am 6. August 2024 finden in Kooperation mit dem IPPNW e.V. und dem G\u00f6ttinger Friedensforum statt.<\/p>\n\n\n\n<p><strong>Foto:<\/strong> Veranstaltungsplakat<\/p>\n","protected":false},"excerpt":{"rendered":"<p>Die Anti-Atom-Initiative G\u00f6ttingen l\u00e4dt ein zu mehreren Veranstaltungen zum Gedenken an die Opfer der Atombombenabw\u00fcrfe auf Hiroshima und Nagasaki.\u00a0 Die erste Atombombe fiel am 6. August 1945 auf die Stadt Hiroshima &#8211; drei Tage sp\u00e4ter folgte die Bombe auf Nagasaki. Die verheerende Explosions- und Hitzewelle t\u00f6tete \u00fcber 100.000 Menschen, vor allem Zivilist:innen, sofort. Bis Ende [&hellip;]<\/p>\n","protected":false},"author":1,"featured_media":25867,"comment_status":"open","ping_status":"open","sticky":false,"template":"","format":"standard","meta":{"saved_in_kubio":false,"footnotes":""},"categories":[2930,4122],"tags":[],"class_list":["post-25865","post","type-post","status-publish","format-standard","has-post-thumbnail","hentry","category-ausstellungen","category-geschichte-und-erinnerungskultur"],"yoast_head":"<!-- This site is optimized with the Yoast SEO plugin v27.5 - https:\/\/yoast.com\/product\/yoast-seo-wordpress\/ -->\n<title>&quot;Nachbilder \u00dcberlebender&quot; - Ausstellung zu den Atombombenabw\u00fcrfen in Japan - Radio Leinewelle<\/title>\n<meta name=\"robots\" content=\"index, follow, max-snippet:-1, max-image-preview:large, max-video-preview:-1\" \/>\n<link rel=\"canonical\" href=\"https:\/\/radioleinewelle.de\/index.php\/2024\/08\/04\/nachbilder-ueberlebender-ausstellung-zu-den-atombombenabwuerfen-in-japan\/\" \/>\n<meta property=\"og:locale\" content=\"de_DE\" \/>\n<meta property=\"og:type\" content=\"article\" \/>\n<meta property=\"og:title\" content=\"&quot;Nachbilder \u00dcberlebender&quot; - Ausstellung zu den Atombombenabw\u00fcrfen in Japan - Radio Leinewelle\" \/>\n<meta property=\"og:description\" content=\"Die Anti-Atom-Initiative G\u00f6ttingen l\u00e4dt ein zu mehreren Veranstaltungen zum Gedenken an die Opfer der Atombombenabw\u00fcrfe auf Hiroshima und Nagasaki.\u00a0 Die erste Atombombe fiel am 6. August 1945 auf die Stadt Hiroshima &#8211; drei Tage sp\u00e4ter folgte die Bombe auf Nagasaki. Die verheerende Explosions- und Hitzewelle t\u00f6tete \u00fcber 100.000 Menschen, vor allem Zivilist:innen, sofort. Bis Ende [&hellip;]\" \/>\n<meta property=\"og:url\" content=\"https:\/\/radioleinewelle.de\/index.php\/2024\/08\/04\/nachbilder-ueberlebender-ausstellung-zu-den-atombombenabwuerfen-in-japan\/\" \/>\n<meta property=\"og:site_name\" content=\"Radio Leinewelle\" \/>\n<meta property=\"article:publisher\" content=\"https:\/\/www.facebook.com\/radioleinewelle\" \/>\n<meta property=\"article:author\" content=\"https:\/\/www.facebook.com\/radioleinewelle\" \/>\n<meta property=\"article:published_time\" content=\"2024-08-04T08:56:03+00:00\" \/>\n<meta property=\"article:modified_time\" content=\"2024-08-12T12:32:40+00:00\" \/>\n<meta property=\"og:image\" content=\"https:\/\/radioleinewelle.de\/wp-content\/uploads\/2024\/08\/Nachbilder-Ueberlebender.jpg\" \/>\n\t<meta property=\"og:image:width\" content=\"1290\" \/>\n\t<meta property=\"og:image:height\" content=\"1827\" \/>\n\t<meta property=\"og:image:type\" content=\"image\/jpeg\" \/>\n<meta name=\"author\" content=\"Leinewelle\" \/>\n<meta name=\"twitter:card\" content=\"summary_large_image\" \/>\n<meta name=\"twitter:creator\" content=\"@https:\/\/twitter.com\/RLeinewelle?ref_src=twsrcgoogletwcampserptwgrauthor\" \/>\n<meta name=\"twitter:site\" content=\"@RLeinewelle\" \/>\n<meta name=\"twitter:label1\" content=\"Verfasst von\" \/>\n\t<meta name=\"twitter:data1\" content=\"Leinewelle\" \/>\n\t<meta name=\"twitter:label2\" content=\"Gesch\u00e4tzte Lesezeit\" \/>\n\t<meta name=\"twitter:data2\" content=\"3\u00a0Minuten\" \/>\n<script type=\"application\/ld+json\" class=\"yoast-schema-graph\">{\"@context\":\"https:\\\/\\\/schema.org\",\"@graph\":[{\"@type\":\"Article\",\"@id\":\"https:\\\/\\\/radioleinewelle.de\\\/index.php\\\/2024\\\/08\\\/04\\\/nachbilder-ueberlebender-ausstellung-zu-den-atombombenabwuerfen-in-japan\\\/#article\",\"isPartOf\":{\"@id\":\"https:\\\/\\\/radioleinewelle.de\\\/index.php\\\/2024\\\/08\\\/04\\\/nachbilder-ueberlebender-ausstellung-zu-den-atombombenabwuerfen-in-japan\\\/\"},\"author\":{\"name\":\"Leinewelle\",\"@id\":\"https:\\\/\\\/radioleinewelle.de\\\/#\\\/schema\\\/person\\\/45606f348637df637192dc1b68399a63\"},\"headline\":\"&#8222;Nachbilder \u00dcberlebender&#8220; &#8211; Ausstellung zu den Atombombenabw\u00fcrfen in Japan\",\"datePublished\":\"2024-08-04T08:56:03+00:00\",\"dateModified\":\"2024-08-12T12:32:40+00:00\",\"mainEntityOfPage\":{\"@id\":\"https:\\\/\\\/radioleinewelle.de\\\/index.php\\\/2024\\\/08\\\/04\\\/nachbilder-ueberlebender-ausstellung-zu-den-atombombenabwuerfen-in-japan\\\/\"},\"wordCount\":435,\"commentCount\":0,\"publisher\":{\"@id\":\"https:\\\/\\\/radioleinewelle.de\\\/#organization\"},\"image\":{\"@id\":\"https:\\\/\\\/radioleinewelle.de\\\/index.php\\\/2024\\\/08\\\/04\\\/nachbilder-ueberlebender-ausstellung-zu-den-atombombenabwuerfen-in-japan\\\/#primaryimage\"},\"thumbnailUrl\":\"https:\\\/\\\/radioleinewelle.de\\\/wp-content\\\/uploads\\\/2024\\\/08\\\/Nachbilder-Ueberlebender.jpg\",\"articleSection\":[\"Ausstellungen\",\"Geschichte und Erinnerungskultur\"],\"inLanguage\":\"de\",\"potentialAction\":[{\"@type\":\"CommentAction\",\"name\":\"Comment\",\"target\":[\"https:\\\/\\\/radioleinewelle.de\\\/index.php\\\/2024\\\/08\\\/04\\\/nachbilder-ueberlebender-ausstellung-zu-den-atombombenabwuerfen-in-japan\\\/#respond\"]}]},{\"@type\":\"WebPage\",\"@id\":\"https:\\\/\\\/radioleinewelle.de\\\/index.php\\\/2024\\\/08\\\/04\\\/nachbilder-ueberlebender-ausstellung-zu-den-atombombenabwuerfen-in-japan\\\/\",\"url\":\"https:\\\/\\\/radioleinewelle.de\\\/index.php\\\/2024\\\/08\\\/04\\\/nachbilder-ueberlebender-ausstellung-zu-den-atombombenabwuerfen-in-japan\\\/\",\"name\":\"\\\"Nachbilder \u00dcberlebender\\\" - Ausstellung zu den Atombombenabw\u00fcrfen in Japan - Radio Leinewelle\",\"isPartOf\":{\"@id\":\"https:\\\/\\\/radioleinewelle.de\\\/#website\"},\"primaryImageOfPage\":{\"@id\":\"https:\\\/\\\/radioleinewelle.de\\\/index.php\\\/2024\\\/08\\\/04\\\/nachbilder-ueberlebender-ausstellung-zu-den-atombombenabwuerfen-in-japan\\\/#primaryimage\"},\"image\":{\"@id\":\"https:\\\/\\\/radioleinewelle.de\\\/index.php\\\/2024\\\/08\\\/04\\\/nachbilder-ueberlebender-ausstellung-zu-den-atombombenabwuerfen-in-japan\\\/#primaryimage\"},\"thumbnailUrl\":\"https:\\\/\\\/radioleinewelle.de\\\/wp-content\\\/uploads\\\/2024\\\/08\\\/Nachbilder-Ueberlebender.jpg\",\"datePublished\":\"2024-08-04T08:56:03+00:00\",\"dateModified\":\"2024-08-12T12:32:40+00:00\",\"breadcrumb\":{\"@id\":\"https:\\\/\\\/radioleinewelle.de\\\/index.php\\\/2024\\\/08\\\/04\\\/nachbilder-ueberlebender-ausstellung-zu-den-atombombenabwuerfen-in-japan\\\/#breadcrumb\"},\"inLanguage\":\"de\",\"potentialAction\":[{\"@type\":\"ReadAction\",\"target\":[\"https:\\\/\\\/radioleinewelle.de\\\/index.php\\\/2024\\\/08\\\/04\\\/nachbilder-ueberlebender-ausstellung-zu-den-atombombenabwuerfen-in-japan\\\/\"]}]},{\"@type\":\"ImageObject\",\"inLanguage\":\"de\",\"@id\":\"https:\\\/\\\/radioleinewelle.de\\\/index.php\\\/2024\\\/08\\\/04\\\/nachbilder-ueberlebender-ausstellung-zu-den-atombombenabwuerfen-in-japan\\\/#primaryimage\",\"url\":\"https:\\\/\\\/radioleinewelle.de\\\/wp-content\\\/uploads\\\/2024\\\/08\\\/Nachbilder-Ueberlebender.jpg\",\"contentUrl\":\"https:\\\/\\\/radioleinewelle.de\\\/wp-content\\\/uploads\\\/2024\\\/08\\\/Nachbilder-Ueberlebender.jpg\",\"width\":1290,\"height\":1827},{\"@type\":\"BreadcrumbList\",\"@id\":\"https:\\\/\\\/radioleinewelle.de\\\/index.php\\\/2024\\\/08\\\/04\\\/nachbilder-ueberlebender-ausstellung-zu-den-atombombenabwuerfen-in-japan\\\/#breadcrumb\",\"itemListElement\":[{\"@type\":\"ListItem\",\"position\":1,\"name\":\"Startseite\",\"item\":\"https:\\\/\\\/radioleinewelle.de\\\/\"},{\"@type\":\"ListItem\",\"position\":2,\"name\":\"&#8220;Nachbilder \u00dcberlebender&#8221; &#8211; Ausstellung zu den Atombombenabw\u00fcrfen in Japan\"}]},{\"@type\":\"WebSite\",\"@id\":\"https:\\\/\\\/radioleinewelle.de\\\/#website\",\"url\":\"https:\\\/\\\/radioleinewelle.de\\\/\",\"name\":\"Radio Leinewelle\",\"description\":\"\",\"publisher\":{\"@id\":\"https:\\\/\\\/radioleinewelle.de\\\/#organization\"},\"potentialAction\":[{\"@type\":\"SearchAction\",\"target\":{\"@type\":\"EntryPoint\",\"urlTemplate\":\"https:\\\/\\\/radioleinewelle.de\\\/?s={search_term_string}\"},\"query-input\":{\"@type\":\"PropertyValueSpecification\",\"valueRequired\":true,\"valueName\":\"search_term_string\"}}],\"inLanguage\":\"de\"},{\"@type\":\"Organization\",\"@id\":\"https:\\\/\\\/radioleinewelle.de\\\/#organization\",\"name\":\"Radio Leinewelle\",\"alternateName\":\"Mein Radio f\u00fcr S\u00fcdniedersachsen\",\"url\":\"https:\\\/\\\/radioleinewelle.de\\\/\",\"logo\":{\"@type\":\"ImageObject\",\"inLanguage\":\"de\",\"@id\":\"https:\\\/\\\/radioleinewelle.de\\\/#\\\/schema\\\/logo\\\/image\\\/\",\"url\":\"https:\\\/\\\/radioleinewelle.de\\\/wp-content\\\/uploads\\\/2023\\\/11\\\/cropped-Leinewelle_Logo_weiss.png\",\"contentUrl\":\"https:\\\/\\\/radioleinewelle.de\\\/wp-content\\\/uploads\\\/2023\\\/11\\\/cropped-Leinewelle_Logo_weiss.png\",\"width\":854,\"height\":260,\"caption\":\"Radio Leinewelle\"},\"image\":{\"@id\":\"https:\\\/\\\/radioleinewelle.de\\\/#\\\/schema\\\/logo\\\/image\\\/\"},\"sameAs\":[\"https:\\\/\\\/www.facebook.com\\\/radioleinewelle\",\"https:\\\/\\\/x.com\\\/RLeinewelle\",\"https:\\\/\\\/www.instagram.com\\\/radioleinewelle\\\/?hl=de\"]},{\"@type\":\"Person\",\"@id\":\"https:\\\/\\\/radioleinewelle.de\\\/#\\\/schema\\\/person\\\/45606f348637df637192dc1b68399a63\",\"name\":\"Leinewelle\",\"image\":{\"@type\":\"ImageObject\",\"inLanguage\":\"de\",\"@id\":\"https:\\\/\\\/secure.gravatar.com\\\/avatar\\\/05c9a17bc973052ee5d91549bd32fb4dd0dc85b7b85ae94b2e2b4943476bbea5?s=96&d=blank&r=g\",\"url\":\"https:\\\/\\\/secure.gravatar.com\\\/avatar\\\/05c9a17bc973052ee5d91549bd32fb4dd0dc85b7b85ae94b2e2b4943476bbea5?s=96&d=blank&r=g\",\"contentUrl\":\"https:\\\/\\\/secure.gravatar.com\\\/avatar\\\/05c9a17bc973052ee5d91549bd32fb4dd0dc85b7b85ae94b2e2b4943476bbea5?s=96&d=blank&r=g\",\"caption\":\"Leinewelle\"},\"sameAs\":[\"http:\\\/\\\/localhost\\\/radio%20leinewelle\\\/wordpress\",\"https:\\\/\\\/www.facebook.com\\\/radioleinewelle\",\"https:\\\/\\\/www.instagram.com\\\/radioleinewelle\",\"https:\\\/\\\/x.com\\\/https:\\\/\\\/twitter.com\\\/RLeinewelle?ref_src=twsrcgoogletwcampserptwgrauthor\",\"https:\\\/\\\/soundcloud.com\\\/foerderverein-lokalradio?utm_source=clipboard&utm_medium=text&utm_campaign=social_sharing\"],\"url\":\"https:\\\/\\\/radioleinewelle.de\\\/index.php\\\/author\\\/leinewelle\\\/\"}]}<\/script>\n<!-- \/ Yoast SEO plugin. -->","yoast_head_json":{"title":"\"Nachbilder \u00dcberlebender\" - Ausstellung zu den Atombombenabw\u00fcrfen in Japan - Radio Leinewelle","robots":{"index":"index","follow":"follow","max-snippet":"max-snippet:-1","max-image-preview":"max-image-preview:large","max-video-preview":"max-video-preview:-1"},"canonical":"https:\/\/radioleinewelle.de\/index.php\/2024\/08\/04\/nachbilder-ueberlebender-ausstellung-zu-den-atombombenabwuerfen-in-japan\/","og_locale":"de_DE","og_type":"article","og_title":"\"Nachbilder \u00dcberlebender\" - Ausstellung zu den Atombombenabw\u00fcrfen in Japan - Radio Leinewelle","og_description":"Die Anti-Atom-Initiative G\u00f6ttingen l\u00e4dt ein zu mehreren Veranstaltungen zum Gedenken an die Opfer der Atombombenabw\u00fcrfe auf Hiroshima und Nagasaki.\u00a0 Die erste Atombombe fiel am 6. August 1945 auf die Stadt Hiroshima &#8211; drei Tage sp\u00e4ter folgte die Bombe auf Nagasaki. Die verheerende Explosions- und Hitzewelle t\u00f6tete \u00fcber 100.000 Menschen, vor allem Zivilist:innen, sofort. Bis Ende [&hellip;]","og_url":"https:\/\/radioleinewelle.de\/index.php\/2024\/08\/04\/nachbilder-ueberlebender-ausstellung-zu-den-atombombenabwuerfen-in-japan\/","og_site_name":"Radio Leinewelle","article_publisher":"https:\/\/www.facebook.com\/radioleinewelle","article_author":"https:\/\/www.facebook.com\/radioleinewelle","article_published_time":"2024-08-04T08:56:03+00:00","article_modified_time":"2024-08-12T12:32:40+00:00","og_image":[{"width":1290,"height":1827,"url":"https:\/\/radioleinewelle.de\/wp-content\/uploads\/2024\/08\/Nachbilder-Ueberlebender.jpg","type":"image\/jpeg"}],"author":"Leinewelle","twitter_card":"summary_large_image","twitter_creator":"@https:\/\/twitter.com\/RLeinewelle?ref_src=twsrcgoogletwcampserptwgrauthor","twitter_site":"@RLeinewelle","twitter_misc":{"Verfasst von":"Leinewelle","Gesch\u00e4tzte Lesezeit":"3\u00a0Minuten"},"schema":{"@context":"https:\/\/schema.org","@graph":[{"@type":"Article","@id":"https:\/\/radioleinewelle.de\/index.php\/2024\/08\/04\/nachbilder-ueberlebender-ausstellung-zu-den-atombombenabwuerfen-in-japan\/#article","isPartOf":{"@id":"https:\/\/radioleinewelle.de\/index.php\/2024\/08\/04\/nachbilder-ueberlebender-ausstellung-zu-den-atombombenabwuerfen-in-japan\/"},"author":{"name":"Leinewelle","@id":"https:\/\/radioleinewelle.de\/#\/schema\/person\/45606f348637df637192dc1b68399a63"},"headline":"&#8222;Nachbilder \u00dcberlebender&#8220; &#8211; Ausstellung zu den Atombombenabw\u00fcrfen in Japan","datePublished":"2024-08-04T08:56:03+00:00","dateModified":"2024-08-12T12:32:40+00:00","mainEntityOfPage":{"@id":"https:\/\/radioleinewelle.de\/index.php\/2024\/08\/04\/nachbilder-ueberlebender-ausstellung-zu-den-atombombenabwuerfen-in-japan\/"},"wordCount":435,"commentCount":0,"publisher":{"@id":"https:\/\/radioleinewelle.de\/#organization"},"image":{"@id":"https:\/\/radioleinewelle.de\/index.php\/2024\/08\/04\/nachbilder-ueberlebender-ausstellung-zu-den-atombombenabwuerfen-in-japan\/#primaryimage"},"thumbnailUrl":"https:\/\/radioleinewelle.de\/wp-content\/uploads\/2024\/08\/Nachbilder-Ueberlebender.jpg","articleSection":["Ausstellungen","Geschichte und Erinnerungskultur"],"inLanguage":"de","potentialAction":[{"@type":"CommentAction","name":"Comment","target":["https:\/\/radioleinewelle.de\/index.php\/2024\/08\/04\/nachbilder-ueberlebender-ausstellung-zu-den-atombombenabwuerfen-in-japan\/#respond"]}]},{"@type":"WebPage","@id":"https:\/\/radioleinewelle.de\/index.php\/2024\/08\/04\/nachbilder-ueberlebender-ausstellung-zu-den-atombombenabwuerfen-in-japan\/","url":"https:\/\/radioleinewelle.de\/index.php\/2024\/08\/04\/nachbilder-ueberlebender-ausstellung-zu-den-atombombenabwuerfen-in-japan\/","name":"\"Nachbilder \u00dcberlebender\" - Ausstellung zu den Atombombenabw\u00fcrfen in Japan - Radio Leinewelle","isPartOf":{"@id":"https:\/\/radioleinewelle.de\/#website"},"primaryImageOfPage":{"@id":"https:\/\/radioleinewelle.de\/index.php\/2024\/08\/04\/nachbilder-ueberlebender-ausstellung-zu-den-atombombenabwuerfen-in-japan\/#primaryimage"},"image":{"@id":"https:\/\/radioleinewelle.de\/index.php\/2024\/08\/04\/nachbilder-ueberlebender-ausstellung-zu-den-atombombenabwuerfen-in-japan\/#primaryimage"},"thumbnailUrl":"https:\/\/radioleinewelle.de\/wp-content\/uploads\/2024\/08\/Nachbilder-Ueberlebender.jpg","datePublished":"2024-08-04T08:56:03+00:00","dateModified":"2024-08-12T12:32:40+00:00","breadcrumb":{"@id":"https:\/\/radioleinewelle.de\/index.php\/2024\/08\/04\/nachbilder-ueberlebender-ausstellung-zu-den-atombombenabwuerfen-in-japan\/#breadcrumb"},"inLanguage":"de","potentialAction":[{"@type":"ReadAction","target":["https:\/\/radioleinewelle.de\/index.php\/2024\/08\/04\/nachbilder-ueberlebender-ausstellung-zu-den-atombombenabwuerfen-in-japan\/"]}]},{"@type":"ImageObject","inLanguage":"de","@id":"https:\/\/radioleinewelle.de\/index.php\/2024\/08\/04\/nachbilder-ueberlebender-ausstellung-zu-den-atombombenabwuerfen-in-japan\/#primaryimage","url":"https:\/\/radioleinewelle.de\/wp-content\/uploads\/2024\/08\/Nachbilder-Ueberlebender.jpg","contentUrl":"https:\/\/radioleinewelle.de\/wp-content\/uploads\/2024\/08\/Nachbilder-Ueberlebender.jpg","width":1290,"height":1827},{"@type":"BreadcrumbList","@id":"https:\/\/radioleinewelle.de\/index.php\/2024\/08\/04\/nachbilder-ueberlebender-ausstellung-zu-den-atombombenabwuerfen-in-japan\/#breadcrumb","itemListElement":[{"@type":"ListItem","position":1,"name":"Startseite","item":"https:\/\/radioleinewelle.de\/"},{"@type":"ListItem","position":2,"name":"&#8220;Nachbilder \u00dcberlebender&#8221; &#8211; Ausstellung zu den Atombombenabw\u00fcrfen in Japan"}]},{"@type":"WebSite","@id":"https:\/\/radioleinewelle.de\/#website","url":"https:\/\/radioleinewelle.de\/","name":"Radio Leinewelle","description":"","publisher":{"@id":"https:\/\/radioleinewelle.de\/#organization"},"potentialAction":[{"@type":"SearchAction","target":{"@type":"EntryPoint","urlTemplate":"https:\/\/radioleinewelle.de\/?s={search_term_string}"},"query-input":{"@type":"PropertyValueSpecification","valueRequired":true,"valueName":"search_term_string"}}],"inLanguage":"de"},{"@type":"Organization","@id":"https:\/\/radioleinewelle.de\/#organization","name":"Radio Leinewelle","alternateName":"Mein Radio f\u00fcr S\u00fcdniedersachsen","url":"https:\/\/radioleinewelle.de\/","logo":{"@type":"ImageObject","inLanguage":"de","@id":"https:\/\/radioleinewelle.de\/#\/schema\/logo\/image\/","url":"https:\/\/radioleinewelle.de\/wp-content\/uploads\/2023\/11\/cropped-Leinewelle_Logo_weiss.png","contentUrl":"https:\/\/radioleinewelle.de\/wp-content\/uploads\/2023\/11\/cropped-Leinewelle_Logo_weiss.png","width":854,"height":260,"caption":"Radio Leinewelle"},"image":{"@id":"https:\/\/radioleinewelle.de\/#\/schema\/logo\/image\/"},"sameAs":["https:\/\/www.facebook.com\/radioleinewelle","https:\/\/x.com\/RLeinewelle","https:\/\/www.instagram.com\/radioleinewelle\/?hl=de"]},{"@type":"Person","@id":"https:\/\/radioleinewelle.de\/#\/schema\/person\/45606f348637df637192dc1b68399a63","name":"Leinewelle","image":{"@type":"ImageObject","inLanguage":"de","@id":"https:\/\/secure.gravatar.com\/avatar\/05c9a17bc973052ee5d91549bd32fb4dd0dc85b7b85ae94b2e2b4943476bbea5?s=96&d=blank&r=g","url":"https:\/\/secure.gravatar.com\/avatar\/05c9a17bc973052ee5d91549bd32fb4dd0dc85b7b85ae94b2e2b4943476bbea5?s=96&d=blank&r=g","contentUrl":"https:\/\/secure.gravatar.com\/avatar\/05c9a17bc973052ee5d91549bd32fb4dd0dc85b7b85ae94b2e2b4943476bbea5?s=96&d=blank&r=g","caption":"Leinewelle"},"sameAs":["http:\/\/localhost\/radio%20leinewelle\/wordpress","https:\/\/www.facebook.com\/radioleinewelle","https:\/\/www.instagram.com\/radioleinewelle","https:\/\/x.com\/https:\/\/twitter.com\/RLeinewelle?ref_src=twsrcgoogletwcampserptwgrauthor","https:\/\/soundcloud.com\/foerderverein-lokalradio?utm_source=clipboard&utm_medium=text&utm_campaign=social_sharing"],"url":"https:\/\/radioleinewelle.de\/index.php\/author\/leinewelle\/"}]}},"_links":{"self":[{"href":"https:\/\/radioleinewelle.de\/index.php\/wp-json\/wp\/v2\/posts\/25865","targetHints":{"allow":["GET"]}}],"collection":[{"href":"https:\/\/radioleinewelle.de\/index.php\/wp-json\/wp\/v2\/posts"}],"about":[{"href":"https:\/\/radioleinewelle.de\/index.php\/wp-json\/wp\/v2\/types\/post"}],"author":[{"embeddable":true,"href":"https:\/\/radioleinewelle.de\/index.php\/wp-json\/wp\/v2\/users\/1"}],"replies":[{"embeddable":true,"href":"https:\/\/radioleinewelle.de\/index.php\/wp-json\/wp\/v2\/comments?post=25865"}],"version-history":[{"count":2,"href":"https:\/\/radioleinewelle.de\/index.php\/wp-json\/wp\/v2\/posts\/25865\/revisions"}],"predecessor-version":[{"id":25868,"href":"https:\/\/radioleinewelle.de\/index.php\/wp-json\/wp\/v2\/posts\/25865\/revisions\/25868"}],"wp:featuredmedia":[{"embeddable":true,"href":"https:\/\/radioleinewelle.de\/index.php\/wp-json\/wp\/v2\/media\/25867"}],"wp:attachment":[{"href":"https:\/\/radioleinewelle.de\/index.php\/wp-json\/wp\/v2\/media?parent=25865"}],"wp:term":[{"taxonomy":"category","embeddable":true,"href":"https:\/\/radioleinewelle.de\/index.php\/wp-json\/wp\/v2\/categories?post=25865"},{"taxonomy":"post_tag","embeddable":true,"href":"https:\/\/radioleinewelle.de\/index.php\/wp-json\/wp\/v2\/tags?post=25865"}],"curies":[{"name":"wp","href":"https:\/\/api.w.org\/{rel}","templated":true}]}}