{"id":25886,"date":"2024-08-11T10:51:54","date_gmt":"2024-08-11T08:51:54","guid":{"rendered":"https:\/\/radioleinewelle.de\/?p=25886"},"modified":"2024-08-11T11:27:26","modified_gmt":"2024-08-11T09:27:26","slug":"kuenstlerin-der-woche-peggy-gou-und-ihr-album-i-hear-you","status":"publish","type":"post","link":"https:\/\/radioleinewelle.de\/index.php\/2024\/08\/11\/kuenstlerin-der-woche-peggy-gou-und-ihr-album-i-hear-you\/","title":{"rendered":"K\u00fcnstlerin der Woche: Peggy Gou und ihr Album &#8222;I Hear You&#8220;"},"content":{"rendered":"\n<p>Als DJ geh\u00f6rt Peggy Gou zu den weltweit gefragtesten Acts. Auch als Produzentin und Modedesignerin hat die geb\u00fcrtige S\u00fcdkoreanerin sich einen gro\u00dfen Namen gemacht. Nach sieben EPs jetzt das Deb\u00fctalbum &#8222;I Hear You&#8220;. Musikalische Vielfalt ist hier Programm, technoide Kl\u00e4nge findet man hier eher selten. Alles irgendwo zwischen gepflegten Elektropop und clubbigen Tracks angesiedelt. Klassiker von ihr sind ebenfalls enthalten, wie z.B. der Hit (It Goes Like) Nanana und ihr Duett mit Lenny Kravitz.<\/p>\n\n\n\n<figure class=\"wp-block-embed is-type-video is-provider-youtube wp-block-embed-youtube wp-embed-aspect-4-3 wp-has-aspect-ratio\"><div class=\"wp-block-embed__wrapper\">\n<iframe loading=\"lazy\" title=\"Peggy Gou - Lobster Telephone (Official Video)\" width=\"500\" height=\"375\" src=\"https:\/\/www.youtube.com\/embed\/bLsDLxISc5w?feature=oembed\" frameborder=\"0\" allow=\"accelerometer; autoplay; clipboard-write; encrypted-media; gyroscope; picture-in-picture; web-share\" referrerpolicy=\"strict-origin-when-cross-origin\" allowfullscreen><\/iframe>\n<\/div><\/figure>\n\n\n\n<p>Das macht die ganze Platte so entspannt und rund. Entdeckung ist die abgedrehte Nummer &#8222;Lobster Telephone&#8220;- ein Track,  der auf Radio Leinewelle wohl \u00f6fter zu h\u00f6ren sein wird. Mehr von Peggy Gou findet ihr auf ihrem formidablen Instagram Account peggygou_ und <a href=\"http:\/\/peggygou.x-l.co\/ihearyou\">peggygou.x-l.co\/ihearyou<\/a> Enjoy and Listen!<\/p>\n\n\n\n<p><strong>Foto:<\/strong> \u00a9Radio Leinewelle (jf)<\/p>\n","protected":false},"excerpt":{"rendered":"<p>Als DJ geh\u00f6rt Peggy Gou zu den weltweit gefragtesten Acts. Auch als Produzentin und Modedesignerin hat die geb\u00fcrtige S\u00fcdkoreanerin sich einen gro\u00dfen Namen gemacht. Nach sieben EPs jetzt das Deb\u00fctalbum &#8222;I Hear You&#8220;. Musikalische Vielfalt ist hier Programm, technoide Kl\u00e4nge findet man hier eher selten. Alles irgendwo zwischen gepflegten Elektropop und clubbigen Tracks angesiedelt. Klassiker [&hellip;]<\/p>\n","protected":false},"author":1,"featured_media":25888,"comment_status":"open","ping_status":"open","sticky":true,"template":"","format":"standard","meta":{"saved_in_kubio":false,"footnotes":""},"categories":[4013],"tags":[],"class_list":["post-25886","post","type-post","status-publish","format-standard","has-post-thumbnail","hentry","category-album-der-woche"],"yoast_head":"<!-- This site is optimized with the Yoast SEO plugin v27.4 - https:\/\/yoast.com\/product\/yoast-seo-wordpress\/ -->\n<title>K\u00fcnstlerin der Woche: Peggy Gou und ihr Album &quot;I Hear You&quot; - Radio Leinewelle<\/title>\n<meta name=\"robots\" content=\"index, follow, max-snippet:-1, max-image-preview:large, max-video-preview:-1\" \/>\n<link rel=\"canonical\" href=\"https:\/\/radioleinewelle.de\/index.php\/2024\/08\/11\/kuenstlerin-der-woche-peggy-gou-und-ihr-album-i-hear-you\/\" \/>\n<meta property=\"og:locale\" content=\"de_DE\" \/>\n<meta property=\"og:type\" content=\"article\" \/>\n<meta property=\"og:title\" content=\"K\u00fcnstlerin der Woche: Peggy Gou und ihr Album &quot;I Hear You&quot; - Radio Leinewelle\" \/>\n<meta property=\"og:description\" content=\"Als DJ geh\u00f6rt Peggy Gou zu den weltweit gefragtesten Acts. Auch als Produzentin und Modedesignerin hat die geb\u00fcrtige S\u00fcdkoreanerin sich einen gro\u00dfen Namen gemacht. Nach sieben EPs jetzt das Deb\u00fctalbum &#8222;I Hear You&#8220;. Musikalische Vielfalt ist hier Programm, technoide Kl\u00e4nge findet man hier eher selten. Alles irgendwo zwischen gepflegten Elektropop und clubbigen Tracks angesiedelt. Klassiker [&hellip;]\" \/>\n<meta property=\"og:url\" content=\"https:\/\/radioleinewelle.de\/index.php\/2024\/08\/11\/kuenstlerin-der-woche-peggy-gou-und-ihr-album-i-hear-you\/\" \/>\n<meta property=\"og:site_name\" content=\"Radio Leinewelle\" \/>\n<meta property=\"article:publisher\" content=\"https:\/\/www.facebook.com\/radioleinewelle\" \/>\n<meta property=\"article:author\" content=\"https:\/\/www.facebook.com\/radioleinewelle\" \/>\n<meta property=\"article:published_time\" content=\"2024-08-11T08:51:54+00:00\" \/>\n<meta property=\"article:modified_time\" content=\"2024-08-11T09:27:26+00:00\" \/>\n<meta property=\"og:image\" content=\"https:\/\/radioleinewelle.de\/wp-content\/uploads\/2024\/08\/Peggy-Gou-e1723364335465.jpg\" \/>\n\t<meta property=\"og:image:width\" content=\"944\" \/>\n\t<meta property=\"og:image:height\" content=\"736\" \/>\n\t<meta property=\"og:image:type\" content=\"image\/jpeg\" \/>\n<meta name=\"author\" content=\"Leinewelle\" \/>\n<meta name=\"twitter:card\" content=\"summary_large_image\" \/>\n<meta name=\"twitter:creator\" content=\"@https:\/\/twitter.com\/RLeinewelle?ref_src=twsrcgoogletwcampserptwgrauthor\" \/>\n<meta name=\"twitter:site\" content=\"@RLeinewelle\" \/>\n<meta name=\"twitter:label1\" content=\"Verfasst von\" \/>\n\t<meta name=\"twitter:data1\" content=\"Leinewelle\" \/>\n\t<meta name=\"twitter:label2\" content=\"Gesch\u00e4tzte Lesezeit\" \/>\n\t<meta name=\"twitter:data2\" content=\"1\u00a0Minute\" \/>\n<script type=\"application\/ld+json\" class=\"yoast-schema-graph\">{\"@context\":\"https:\\\/\\\/schema.org\",\"@graph\":[{\"@type\":\"Article\",\"@id\":\"https:\\\/\\\/radioleinewelle.de\\\/index.php\\\/2024\\\/08\\\/11\\\/kuenstlerin-der-woche-peggy-gou-und-ihr-album-i-hear-you\\\/#article\",\"isPartOf\":{\"@id\":\"https:\\\/\\\/radioleinewelle.de\\\/index.php\\\/2024\\\/08\\\/11\\\/kuenstlerin-der-woche-peggy-gou-und-ihr-album-i-hear-you\\\/\"},\"author\":{\"name\":\"Leinewelle\",\"@id\":\"https:\\\/\\\/radioleinewelle.de\\\/#\\\/schema\\\/person\\\/45606f348637df637192dc1b68399a63\"},\"headline\":\"K\u00fcnstlerin der Woche: Peggy Gou und ihr Album &#8222;I Hear You&#8220;\",\"datePublished\":\"2024-08-11T08:51:54+00:00\",\"dateModified\":\"2024-08-11T09:27:26+00:00\",\"mainEntityOfPage\":{\"@id\":\"https:\\\/\\\/radioleinewelle.de\\\/index.php\\\/2024\\\/08\\\/11\\\/kuenstlerin-der-woche-peggy-gou-und-ihr-album-i-hear-you\\\/\"},\"wordCount\":155,\"commentCount\":0,\"publisher\":{\"@id\":\"https:\\\/\\\/radioleinewelle.de\\\/#organization\"},\"image\":{\"@id\":\"https:\\\/\\\/radioleinewelle.de\\\/index.php\\\/2024\\\/08\\\/11\\\/kuenstlerin-der-woche-peggy-gou-und-ihr-album-i-hear-you\\\/#primaryimage\"},\"thumbnailUrl\":\"https:\\\/\\\/radioleinewelle.de\\\/wp-content\\\/uploads\\\/2024\\\/08\\\/Peggy-Gou-e1723364335465.jpg\",\"articleSection\":[\"Album der Woche\"],\"inLanguage\":\"de\",\"potentialAction\":[{\"@type\":\"CommentAction\",\"name\":\"Comment\",\"target\":[\"https:\\\/\\\/radioleinewelle.de\\\/index.php\\\/2024\\\/08\\\/11\\\/kuenstlerin-der-woche-peggy-gou-und-ihr-album-i-hear-you\\\/#respond\"]}]},{\"@type\":\"WebPage\",\"@id\":\"https:\\\/\\\/radioleinewelle.de\\\/index.php\\\/2024\\\/08\\\/11\\\/kuenstlerin-der-woche-peggy-gou-und-ihr-album-i-hear-you\\\/\",\"url\":\"https:\\\/\\\/radioleinewelle.de\\\/index.php\\\/2024\\\/08\\\/11\\\/kuenstlerin-der-woche-peggy-gou-und-ihr-album-i-hear-you\\\/\",\"name\":\"K\u00fcnstlerin der Woche: Peggy Gou und ihr Album \\\"I Hear You\\\" - Radio Leinewelle\",\"isPartOf\":{\"@id\":\"https:\\\/\\\/radioleinewelle.de\\\/#website\"},\"primaryImageOfPage\":{\"@id\":\"https:\\\/\\\/radioleinewelle.de\\\/index.php\\\/2024\\\/08\\\/11\\\/kuenstlerin-der-woche-peggy-gou-und-ihr-album-i-hear-you\\\/#primaryimage\"},\"image\":{\"@id\":\"https:\\\/\\\/radioleinewelle.de\\\/index.php\\\/2024\\\/08\\\/11\\\/kuenstlerin-der-woche-peggy-gou-und-ihr-album-i-hear-you\\\/#primaryimage\"},\"thumbnailUrl\":\"https:\\\/\\\/radioleinewelle.de\\\/wp-content\\\/uploads\\\/2024\\\/08\\\/Peggy-Gou-e1723364335465.jpg\",\"datePublished\":\"2024-08-11T08:51:54+00:00\",\"dateModified\":\"2024-08-11T09:27:26+00:00\",\"breadcrumb\":{\"@id\":\"https:\\\/\\\/radioleinewelle.de\\\/index.php\\\/2024\\\/08\\\/11\\\/kuenstlerin-der-woche-peggy-gou-und-ihr-album-i-hear-you\\\/#breadcrumb\"},\"inLanguage\":\"de\",\"potentialAction\":[{\"@type\":\"ReadAction\",\"target\":[\"https:\\\/\\\/radioleinewelle.de\\\/index.php\\\/2024\\\/08\\\/11\\\/kuenstlerin-der-woche-peggy-gou-und-ihr-album-i-hear-you\\\/\"]}]},{\"@type\":\"ImageObject\",\"inLanguage\":\"de\",\"@id\":\"https:\\\/\\\/radioleinewelle.de\\\/index.php\\\/2024\\\/08\\\/11\\\/kuenstlerin-der-woche-peggy-gou-und-ihr-album-i-hear-you\\\/#primaryimage\",\"url\":\"https:\\\/\\\/radioleinewelle.de\\\/wp-content\\\/uploads\\\/2024\\\/08\\\/Peggy-Gou-e1723364335465.jpg\",\"contentUrl\":\"https:\\\/\\\/radioleinewelle.de\\\/wp-content\\\/uploads\\\/2024\\\/08\\\/Peggy-Gou-e1723364335465.jpg\",\"width\":944,\"height\":736},{\"@type\":\"BreadcrumbList\",\"@id\":\"https:\\\/\\\/radioleinewelle.de\\\/index.php\\\/2024\\\/08\\\/11\\\/kuenstlerin-der-woche-peggy-gou-und-ihr-album-i-hear-you\\\/#breadcrumb\",\"itemListElement\":[{\"@type\":\"ListItem\",\"position\":1,\"name\":\"Startseite\",\"item\":\"https:\\\/\\\/radioleinewelle.de\\\/\"},{\"@type\":\"ListItem\",\"position\":2,\"name\":\"K\u00fcnstlerin der Woche: Peggy Gou und ihr Album &#8220;I Hear You&#8221;\"}]},{\"@type\":\"WebSite\",\"@id\":\"https:\\\/\\\/radioleinewelle.de\\\/#website\",\"url\":\"https:\\\/\\\/radioleinewelle.de\\\/\",\"name\":\"Radio Leinewelle\",\"description\":\"\",\"publisher\":{\"@id\":\"https:\\\/\\\/radioleinewelle.de\\\/#organization\"},\"potentialAction\":[{\"@type\":\"SearchAction\",\"target\":{\"@type\":\"EntryPoint\",\"urlTemplate\":\"https:\\\/\\\/radioleinewelle.de\\\/?s={search_term_string}\"},\"query-input\":{\"@type\":\"PropertyValueSpecification\",\"valueRequired\":true,\"valueName\":\"search_term_string\"}}],\"inLanguage\":\"de\"},{\"@type\":\"Organization\",\"@id\":\"https:\\\/\\\/radioleinewelle.de\\\/#organization\",\"name\":\"Radio Leinewelle\",\"alternateName\":\"Mein Radio f\u00fcr S\u00fcdniedersachsen\",\"url\":\"https:\\\/\\\/radioleinewelle.de\\\/\",\"logo\":{\"@type\":\"ImageObject\",\"inLanguage\":\"de\",\"@id\":\"https:\\\/\\\/radioleinewelle.de\\\/#\\\/schema\\\/logo\\\/image\\\/\",\"url\":\"https:\\\/\\\/radioleinewelle.de\\\/wp-content\\\/uploads\\\/2023\\\/11\\\/cropped-Leinewelle_Logo_weiss.png\",\"contentUrl\":\"https:\\\/\\\/radioleinewelle.de\\\/wp-content\\\/uploads\\\/2023\\\/11\\\/cropped-Leinewelle_Logo_weiss.png\",\"width\":854,\"height\":260,\"caption\":\"Radio Leinewelle\"},\"image\":{\"@id\":\"https:\\\/\\\/radioleinewelle.de\\\/#\\\/schema\\\/logo\\\/image\\\/\"},\"sameAs\":[\"https:\\\/\\\/www.facebook.com\\\/radioleinewelle\",\"https:\\\/\\\/x.com\\\/RLeinewelle\",\"https:\\\/\\\/www.instagram.com\\\/radioleinewelle\\\/?hl=de\"]},{\"@type\":\"Person\",\"@id\":\"https:\\\/\\\/radioleinewelle.de\\\/#\\\/schema\\\/person\\\/45606f348637df637192dc1b68399a63\",\"name\":\"Leinewelle\",\"image\":{\"@type\":\"ImageObject\",\"inLanguage\":\"de\",\"@id\":\"https:\\\/\\\/secure.gravatar.com\\\/avatar\\\/05c9a17bc973052ee5d91549bd32fb4dd0dc85b7b85ae94b2e2b4943476bbea5?s=96&d=blank&r=g\",\"url\":\"https:\\\/\\\/secure.gravatar.com\\\/avatar\\\/05c9a17bc973052ee5d91549bd32fb4dd0dc85b7b85ae94b2e2b4943476bbea5?s=96&d=blank&r=g\",\"contentUrl\":\"https:\\\/\\\/secure.gravatar.com\\\/avatar\\\/05c9a17bc973052ee5d91549bd32fb4dd0dc85b7b85ae94b2e2b4943476bbea5?s=96&d=blank&r=g\",\"caption\":\"Leinewelle\"},\"sameAs\":[\"http:\\\/\\\/localhost\\\/radio%20leinewelle\\\/wordpress\",\"https:\\\/\\\/www.facebook.com\\\/radioleinewelle\",\"https:\\\/\\\/www.instagram.com\\\/radioleinewelle\",\"https:\\\/\\\/x.com\\\/https:\\\/\\\/twitter.com\\\/RLeinewelle?ref_src=twsrcgoogletwcampserptwgrauthor\",\"https:\\\/\\\/soundcloud.com\\\/foerderverein-lokalradio?utm_source=clipboard&utm_medium=text&utm_campaign=social_sharing\"],\"url\":\"https:\\\/\\\/radioleinewelle.de\\\/index.php\\\/author\\\/leinewelle\\\/\"}]}<\/script>\n<!-- \/ Yoast SEO plugin. -->","yoast_head_json":{"title":"K\u00fcnstlerin der Woche: Peggy Gou und ihr Album \"I Hear You\" - Radio Leinewelle","robots":{"index":"index","follow":"follow","max-snippet":"max-snippet:-1","max-image-preview":"max-image-preview:large","max-video-preview":"max-video-preview:-1"},"canonical":"https:\/\/radioleinewelle.de\/index.php\/2024\/08\/11\/kuenstlerin-der-woche-peggy-gou-und-ihr-album-i-hear-you\/","og_locale":"de_DE","og_type":"article","og_title":"K\u00fcnstlerin der Woche: Peggy Gou und ihr Album \"I Hear You\" - Radio Leinewelle","og_description":"Als DJ geh\u00f6rt Peggy Gou zu den weltweit gefragtesten Acts. Auch als Produzentin und Modedesignerin hat die geb\u00fcrtige S\u00fcdkoreanerin sich einen gro\u00dfen Namen gemacht. Nach sieben EPs jetzt das Deb\u00fctalbum &#8222;I Hear You&#8220;. Musikalische Vielfalt ist hier Programm, technoide Kl\u00e4nge findet man hier eher selten. Alles irgendwo zwischen gepflegten Elektropop und clubbigen Tracks angesiedelt. Klassiker [&hellip;]","og_url":"https:\/\/radioleinewelle.de\/index.php\/2024\/08\/11\/kuenstlerin-der-woche-peggy-gou-und-ihr-album-i-hear-you\/","og_site_name":"Radio Leinewelle","article_publisher":"https:\/\/www.facebook.com\/radioleinewelle","article_author":"https:\/\/www.facebook.com\/radioleinewelle","article_published_time":"2024-08-11T08:51:54+00:00","article_modified_time":"2024-08-11T09:27:26+00:00","og_image":[{"width":944,"height":736,"url":"https:\/\/radioleinewelle.de\/wp-content\/uploads\/2024\/08\/Peggy-Gou-e1723364335465.jpg","type":"image\/jpeg"}],"author":"Leinewelle","twitter_card":"summary_large_image","twitter_creator":"@https:\/\/twitter.com\/RLeinewelle?ref_src=twsrcgoogletwcampserptwgrauthor","twitter_site":"@RLeinewelle","twitter_misc":{"Verfasst von":"Leinewelle","Gesch\u00e4tzte Lesezeit":"1\u00a0Minute"},"schema":{"@context":"https:\/\/schema.org","@graph":[{"@type":"Article","@id":"https:\/\/radioleinewelle.de\/index.php\/2024\/08\/11\/kuenstlerin-der-woche-peggy-gou-und-ihr-album-i-hear-you\/#article","isPartOf":{"@id":"https:\/\/radioleinewelle.de\/index.php\/2024\/08\/11\/kuenstlerin-der-woche-peggy-gou-und-ihr-album-i-hear-you\/"},"author":{"name":"Leinewelle","@id":"https:\/\/radioleinewelle.de\/#\/schema\/person\/45606f348637df637192dc1b68399a63"},"headline":"K\u00fcnstlerin der Woche: Peggy Gou und ihr Album &#8222;I Hear You&#8220;","datePublished":"2024-08-11T08:51:54+00:00","dateModified":"2024-08-11T09:27:26+00:00","mainEntityOfPage":{"@id":"https:\/\/radioleinewelle.de\/index.php\/2024\/08\/11\/kuenstlerin-der-woche-peggy-gou-und-ihr-album-i-hear-you\/"},"wordCount":155,"commentCount":0,"publisher":{"@id":"https:\/\/radioleinewelle.de\/#organization"},"image":{"@id":"https:\/\/radioleinewelle.de\/index.php\/2024\/08\/11\/kuenstlerin-der-woche-peggy-gou-und-ihr-album-i-hear-you\/#primaryimage"},"thumbnailUrl":"https:\/\/radioleinewelle.de\/wp-content\/uploads\/2024\/08\/Peggy-Gou-e1723364335465.jpg","articleSection":["Album der Woche"],"inLanguage":"de","potentialAction":[{"@type":"CommentAction","name":"Comment","target":["https:\/\/radioleinewelle.de\/index.php\/2024\/08\/11\/kuenstlerin-der-woche-peggy-gou-und-ihr-album-i-hear-you\/#respond"]}]},{"@type":"WebPage","@id":"https:\/\/radioleinewelle.de\/index.php\/2024\/08\/11\/kuenstlerin-der-woche-peggy-gou-und-ihr-album-i-hear-you\/","url":"https:\/\/radioleinewelle.de\/index.php\/2024\/08\/11\/kuenstlerin-der-woche-peggy-gou-und-ihr-album-i-hear-you\/","name":"K\u00fcnstlerin der Woche: Peggy Gou und ihr Album \"I Hear You\" - Radio Leinewelle","isPartOf":{"@id":"https:\/\/radioleinewelle.de\/#website"},"primaryImageOfPage":{"@id":"https:\/\/radioleinewelle.de\/index.php\/2024\/08\/11\/kuenstlerin-der-woche-peggy-gou-und-ihr-album-i-hear-you\/#primaryimage"},"image":{"@id":"https:\/\/radioleinewelle.de\/index.php\/2024\/08\/11\/kuenstlerin-der-woche-peggy-gou-und-ihr-album-i-hear-you\/#primaryimage"},"thumbnailUrl":"https:\/\/radioleinewelle.de\/wp-content\/uploads\/2024\/08\/Peggy-Gou-e1723364335465.jpg","datePublished":"2024-08-11T08:51:54+00:00","dateModified":"2024-08-11T09:27:26+00:00","breadcrumb":{"@id":"https:\/\/radioleinewelle.de\/index.php\/2024\/08\/11\/kuenstlerin-der-woche-peggy-gou-und-ihr-album-i-hear-you\/#breadcrumb"},"inLanguage":"de","potentialAction":[{"@type":"ReadAction","target":["https:\/\/radioleinewelle.de\/index.php\/2024\/08\/11\/kuenstlerin-der-woche-peggy-gou-und-ihr-album-i-hear-you\/"]}]},{"@type":"ImageObject","inLanguage":"de","@id":"https:\/\/radioleinewelle.de\/index.php\/2024\/08\/11\/kuenstlerin-der-woche-peggy-gou-und-ihr-album-i-hear-you\/#primaryimage","url":"https:\/\/radioleinewelle.de\/wp-content\/uploads\/2024\/08\/Peggy-Gou-e1723364335465.jpg","contentUrl":"https:\/\/radioleinewelle.de\/wp-content\/uploads\/2024\/08\/Peggy-Gou-e1723364335465.jpg","width":944,"height":736},{"@type":"BreadcrumbList","@id":"https:\/\/radioleinewelle.de\/index.php\/2024\/08\/11\/kuenstlerin-der-woche-peggy-gou-und-ihr-album-i-hear-you\/#breadcrumb","itemListElement":[{"@type":"ListItem","position":1,"name":"Startseite","item":"https:\/\/radioleinewelle.de\/"},{"@type":"ListItem","position":2,"name":"K\u00fcnstlerin der Woche: Peggy Gou und ihr Album &#8220;I Hear You&#8221;"}]},{"@type":"WebSite","@id":"https:\/\/radioleinewelle.de\/#website","url":"https:\/\/radioleinewelle.de\/","name":"Radio Leinewelle","description":"","publisher":{"@id":"https:\/\/radioleinewelle.de\/#organization"},"potentialAction":[{"@type":"SearchAction","target":{"@type":"EntryPoint","urlTemplate":"https:\/\/radioleinewelle.de\/?s={search_term_string}"},"query-input":{"@type":"PropertyValueSpecification","valueRequired":true,"valueName":"search_term_string"}}],"inLanguage":"de"},{"@type":"Organization","@id":"https:\/\/radioleinewelle.de\/#organization","name":"Radio Leinewelle","alternateName":"Mein Radio f\u00fcr S\u00fcdniedersachsen","url":"https:\/\/radioleinewelle.de\/","logo":{"@type":"ImageObject","inLanguage":"de","@id":"https:\/\/radioleinewelle.de\/#\/schema\/logo\/image\/","url":"https:\/\/radioleinewelle.de\/wp-content\/uploads\/2023\/11\/cropped-Leinewelle_Logo_weiss.png","contentUrl":"https:\/\/radioleinewelle.de\/wp-content\/uploads\/2023\/11\/cropped-Leinewelle_Logo_weiss.png","width":854,"height":260,"caption":"Radio Leinewelle"},"image":{"@id":"https:\/\/radioleinewelle.de\/#\/schema\/logo\/image\/"},"sameAs":["https:\/\/www.facebook.com\/radioleinewelle","https:\/\/x.com\/RLeinewelle","https:\/\/www.instagram.com\/radioleinewelle\/?hl=de"]},{"@type":"Person","@id":"https:\/\/radioleinewelle.de\/#\/schema\/person\/45606f348637df637192dc1b68399a63","name":"Leinewelle","image":{"@type":"ImageObject","inLanguage":"de","@id":"https:\/\/secure.gravatar.com\/avatar\/05c9a17bc973052ee5d91549bd32fb4dd0dc85b7b85ae94b2e2b4943476bbea5?s=96&d=blank&r=g","url":"https:\/\/secure.gravatar.com\/avatar\/05c9a17bc973052ee5d91549bd32fb4dd0dc85b7b85ae94b2e2b4943476bbea5?s=96&d=blank&r=g","contentUrl":"https:\/\/secure.gravatar.com\/avatar\/05c9a17bc973052ee5d91549bd32fb4dd0dc85b7b85ae94b2e2b4943476bbea5?s=96&d=blank&r=g","caption":"Leinewelle"},"sameAs":["http:\/\/localhost\/radio%20leinewelle\/wordpress","https:\/\/www.facebook.com\/radioleinewelle","https:\/\/www.instagram.com\/radioleinewelle","https:\/\/x.com\/https:\/\/twitter.com\/RLeinewelle?ref_src=twsrcgoogletwcampserptwgrauthor","https:\/\/soundcloud.com\/foerderverein-lokalradio?utm_source=clipboard&utm_medium=text&utm_campaign=social_sharing"],"url":"https:\/\/radioleinewelle.de\/index.php\/author\/leinewelle\/"}]}},"_links":{"self":[{"href":"https:\/\/radioleinewelle.de\/index.php\/wp-json\/wp\/v2\/posts\/25886","targetHints":{"allow":["GET"]}}],"collection":[{"href":"https:\/\/radioleinewelle.de\/index.php\/wp-json\/wp\/v2\/posts"}],"about":[{"href":"https:\/\/radioleinewelle.de\/index.php\/wp-json\/wp\/v2\/types\/post"}],"author":[{"embeddable":true,"href":"https:\/\/radioleinewelle.de\/index.php\/wp-json\/wp\/v2\/users\/1"}],"replies":[{"embeddable":true,"href":"https:\/\/radioleinewelle.de\/index.php\/wp-json\/wp\/v2\/comments?post=25886"}],"version-history":[{"count":8,"href":"https:\/\/radioleinewelle.de\/index.php\/wp-json\/wp\/v2\/posts\/25886\/revisions"}],"predecessor-version":[{"id":25895,"href":"https:\/\/radioleinewelle.de\/index.php\/wp-json\/wp\/v2\/posts\/25886\/revisions\/25895"}],"wp:featuredmedia":[{"embeddable":true,"href":"https:\/\/radioleinewelle.de\/index.php\/wp-json\/wp\/v2\/media\/25888"}],"wp:attachment":[{"href":"https:\/\/radioleinewelle.de\/index.php\/wp-json\/wp\/v2\/media?parent=25886"}],"wp:term":[{"taxonomy":"category","embeddable":true,"href":"https:\/\/radioleinewelle.de\/index.php\/wp-json\/wp\/v2\/categories?post=25886"},{"taxonomy":"post_tag","embeddable":true,"href":"https:\/\/radioleinewelle.de\/index.php\/wp-json\/wp\/v2\/tags?post=25886"}],"curies":[{"name":"wp","href":"https:\/\/api.w.org\/{rel}","templated":true}]}}