{"id":25897,"date":"2024-08-12T14:31:29","date_gmt":"2024-08-12T12:31:29","guid":{"rendered":"https:\/\/radioleinewelle.de\/?p=25897"},"modified":"2024-08-12T14:31:29","modified_gmt":"2024-08-12T12:31:29","slug":"die-un-und-wir-ausstellung-ab-donnerstag-im-neuen-rathaus","status":"publish","type":"post","link":"https:\/\/radioleinewelle.de\/index.php\/2024\/08\/12\/die-un-und-wir-ausstellung-ab-donnerstag-im-neuen-rathaus\/","title":{"rendered":"&#8222;Die UN und wir&#8220; Ausstellung ab Donnerstag im Neuen Rathaus"},"content":{"rendered":"\n<p>Ab Donnerstag, 15. August 2024, gastiert die multimediale Wanderausstellung #DieUNundWIR im Neuen Rathaus am Hiroshimaplatz 1 \u2013 4 in G\u00f6ttingen. Die Ausstellung vermittelt Themen wie Friedenssicherung, Menschenrechte, Umwelt und Entwicklung sowie Wissen rund um die Vereinten Nationen durch Texte, Illustrationen, Fotos sowie einen Film und ein Spiel.<\/p>\n\n\n\n<p>Mittels interaktiver Elemente kann die Bedeutung der Weltorganisation und die Auswirkungen ihres Handelns auf unseren Alltag erfahren werden. Die wichtigsten Arbeitsfelder der Vereinten Nationen werden unter Fragen wie &#8222;Was tun die UN konkret gegen Armut und f\u00fcr die Wahrung der Menschenrechte?&#8220; &#8222;Wie treten sie dem Klimawandel entgegen?&#8220; &#8222;Wie kann es ihnen besser gelingen, den Frieden zu sichern?&#8220; vorgestellt. Die Inhalte sind so konzipiert, dass Jugendliche sie verstehen k\u00f6nnen.<\/p>\n\n\n\n<figure class=\"wp-block-embed is-type-video is-provider-youtube wp-block-embed-youtube wp-embed-aspect-16-9 wp-has-aspect-ratio\"><div class=\"wp-block-embed__wrapper\">\n<iframe loading=\"lazy\" title=\"#DieUNundWIR | Was sind die Vereinten Nationen?\" width=\"500\" height=\"281\" src=\"https:\/\/www.youtube.com\/embed\/GH4ScSxHYx8?feature=oembed\" frameborder=\"0\" allow=\"accelerometer; autoplay; clipboard-write; encrypted-media; gyroscope; picture-in-picture; web-share\" referrerpolicy=\"strict-origin-when-cross-origin\" allowfullscreen><\/iframe>\n<\/div><\/figure>\n\n\n\n<p>B\u00fcrgermeisterin Jutta Steinke wird die Ausstellung zusammen mit Dr. Ekkehard Griep von der Deutschen Gesellschaft f\u00fcr die Vereinten Nationen und Dagmar Freudenberg  (G\u00f6ttinger Friedenspreis Stiftung Dr. Reinhard R\u00f6hl) am Donnerstag, 15. August 2024, um 15.00 Uhr im Foyer des Neuen Rathauses er\u00f6ffnen. Die Ausstellung ist zu den \u00d6ffnungszeiten des Neuen Rathauses noch bis Freitag, 30. August 2024, zu sehen.<\/p>\n\n\n\n<p><strong>Foto:<\/strong> Eingang neues Rathaus \u00a9Radio Leinewelle (ue)<\/p>\n","protected":false},"excerpt":{"rendered":"<p>Ab Donnerstag, 15. August 2024, gastiert die multimediale Wanderausstellung #DieUNundWIR im Neuen Rathaus am Hiroshimaplatz 1 \u2013 4 in G\u00f6ttingen. Die Ausstellung vermittelt Themen wie Friedenssicherung, Menschenrechte, Umwelt und Entwicklung sowie Wissen rund um die Vereinten Nationen durch Texte, Illustrationen, Fotos sowie einen Film und ein Spiel. Mittels interaktiver Elemente kann die Bedeutung der Weltorganisation [&hellip;]<\/p>\n","protected":false},"author":1,"featured_media":25899,"comment_status":"open","ping_status":"open","sticky":true,"template":"","format":"standard","meta":{"saved_in_kubio":false,"footnotes":""},"categories":[2930,53],"tags":[],"class_list":["post-25897","post","type-post","status-publish","format-standard","has-post-thumbnail","hentry","category-ausstellungen","category-gesellschaft"],"yoast_head":"<!-- This site is optimized with the Yoast SEO plugin v27.5 - https:\/\/yoast.com\/product\/yoast-seo-wordpress\/ -->\n<title>&quot;Die UN und wir&quot; Ausstellung ab Donnerstag im Neuen Rathaus - Radio Leinewelle<\/title>\n<meta name=\"robots\" content=\"index, follow, max-snippet:-1, max-image-preview:large, max-video-preview:-1\" \/>\n<link rel=\"canonical\" href=\"https:\/\/radioleinewelle.de\/index.php\/2024\/08\/12\/die-un-und-wir-ausstellung-ab-donnerstag-im-neuen-rathaus\/\" \/>\n<meta property=\"og:locale\" content=\"de_DE\" \/>\n<meta property=\"og:type\" content=\"article\" \/>\n<meta property=\"og:title\" content=\"&quot;Die UN und wir&quot; Ausstellung ab Donnerstag im Neuen Rathaus - Radio Leinewelle\" \/>\n<meta property=\"og:description\" content=\"Ab Donnerstag, 15. August 2024, gastiert die multimediale Wanderausstellung #DieUNundWIR im Neuen Rathaus am Hiroshimaplatz 1 \u2013 4 in G\u00f6ttingen. Die Ausstellung vermittelt Themen wie Friedenssicherung, Menschenrechte, Umwelt und Entwicklung sowie Wissen rund um die Vereinten Nationen durch Texte, Illustrationen, Fotos sowie einen Film und ein Spiel. Mittels interaktiver Elemente kann die Bedeutung der Weltorganisation [&hellip;]\" \/>\n<meta property=\"og:url\" content=\"https:\/\/radioleinewelle.de\/index.php\/2024\/08\/12\/die-un-und-wir-ausstellung-ab-donnerstag-im-neuen-rathaus\/\" \/>\n<meta property=\"og:site_name\" content=\"Radio Leinewelle\" \/>\n<meta property=\"article:publisher\" content=\"https:\/\/www.facebook.com\/radioleinewelle\" \/>\n<meta property=\"article:author\" content=\"https:\/\/www.facebook.com\/radioleinewelle\" \/>\n<meta property=\"article:published_time\" content=\"2024-08-12T12:31:29+00:00\" \/>\n<meta property=\"og:image\" content=\"https:\/\/radioleinewelle.de\/wp-content\/uploads\/2024\/08\/Neues-Rathaus-Eingang.jpg\" \/>\n\t<meta property=\"og:image:width\" content=\"2016\" \/>\n\t<meta property=\"og:image:height\" content=\"1512\" \/>\n\t<meta property=\"og:image:type\" content=\"image\/jpeg\" \/>\n<meta name=\"author\" content=\"Leinewelle\" \/>\n<meta name=\"twitter:card\" content=\"summary_large_image\" \/>\n<meta name=\"twitter:creator\" content=\"@https:\/\/twitter.com\/RLeinewelle?ref_src=twsrcgoogletwcampserptwgrauthor\" \/>\n<meta name=\"twitter:site\" content=\"@RLeinewelle\" \/>\n<meta name=\"twitter:label1\" content=\"Verfasst von\" \/>\n\t<meta name=\"twitter:data1\" content=\"Leinewelle\" \/>\n\t<meta name=\"twitter:label2\" content=\"Gesch\u00e4tzte Lesezeit\" \/>\n\t<meta name=\"twitter:data2\" content=\"2\u00a0Minuten\" \/>\n<script type=\"application\/ld+json\" class=\"yoast-schema-graph\">{\"@context\":\"https:\\\/\\\/schema.org\",\"@graph\":[{\"@type\":\"Article\",\"@id\":\"https:\\\/\\\/radioleinewelle.de\\\/index.php\\\/2024\\\/08\\\/12\\\/die-un-und-wir-ausstellung-ab-donnerstag-im-neuen-rathaus\\\/#article\",\"isPartOf\":{\"@id\":\"https:\\\/\\\/radioleinewelle.de\\\/index.php\\\/2024\\\/08\\\/12\\\/die-un-und-wir-ausstellung-ab-donnerstag-im-neuen-rathaus\\\/\"},\"author\":{\"name\":\"Leinewelle\",\"@id\":\"https:\\\/\\\/radioleinewelle.de\\\/#\\\/schema\\\/person\\\/45606f348637df637192dc1b68399a63\"},\"headline\":\"&#8222;Die UN und wir&#8220; Ausstellung ab Donnerstag im Neuen Rathaus\",\"datePublished\":\"2024-08-12T12:31:29+00:00\",\"mainEntityOfPage\":{\"@id\":\"https:\\\/\\\/radioleinewelle.de\\\/index.php\\\/2024\\\/08\\\/12\\\/die-un-und-wir-ausstellung-ab-donnerstag-im-neuen-rathaus\\\/\"},\"wordCount\":198,\"commentCount\":0,\"publisher\":{\"@id\":\"https:\\\/\\\/radioleinewelle.de\\\/#organization\"},\"image\":{\"@id\":\"https:\\\/\\\/radioleinewelle.de\\\/index.php\\\/2024\\\/08\\\/12\\\/die-un-und-wir-ausstellung-ab-donnerstag-im-neuen-rathaus\\\/#primaryimage\"},\"thumbnailUrl\":\"https:\\\/\\\/radioleinewelle.de\\\/wp-content\\\/uploads\\\/2024\\\/08\\\/Neues-Rathaus-Eingang.jpg\",\"articleSection\":[\"Ausstellungen\",\"Gesellschaft\"],\"inLanguage\":\"de\",\"potentialAction\":[{\"@type\":\"CommentAction\",\"name\":\"Comment\",\"target\":[\"https:\\\/\\\/radioleinewelle.de\\\/index.php\\\/2024\\\/08\\\/12\\\/die-un-und-wir-ausstellung-ab-donnerstag-im-neuen-rathaus\\\/#respond\"]}]},{\"@type\":\"WebPage\",\"@id\":\"https:\\\/\\\/radioleinewelle.de\\\/index.php\\\/2024\\\/08\\\/12\\\/die-un-und-wir-ausstellung-ab-donnerstag-im-neuen-rathaus\\\/\",\"url\":\"https:\\\/\\\/radioleinewelle.de\\\/index.php\\\/2024\\\/08\\\/12\\\/die-un-und-wir-ausstellung-ab-donnerstag-im-neuen-rathaus\\\/\",\"name\":\"\\\"Die UN und wir\\\" Ausstellung ab Donnerstag im Neuen Rathaus - Radio Leinewelle\",\"isPartOf\":{\"@id\":\"https:\\\/\\\/radioleinewelle.de\\\/#website\"},\"primaryImageOfPage\":{\"@id\":\"https:\\\/\\\/radioleinewelle.de\\\/index.php\\\/2024\\\/08\\\/12\\\/die-un-und-wir-ausstellung-ab-donnerstag-im-neuen-rathaus\\\/#primaryimage\"},\"image\":{\"@id\":\"https:\\\/\\\/radioleinewelle.de\\\/index.php\\\/2024\\\/08\\\/12\\\/die-un-und-wir-ausstellung-ab-donnerstag-im-neuen-rathaus\\\/#primaryimage\"},\"thumbnailUrl\":\"https:\\\/\\\/radioleinewelle.de\\\/wp-content\\\/uploads\\\/2024\\\/08\\\/Neues-Rathaus-Eingang.jpg\",\"datePublished\":\"2024-08-12T12:31:29+00:00\",\"breadcrumb\":{\"@id\":\"https:\\\/\\\/radioleinewelle.de\\\/index.php\\\/2024\\\/08\\\/12\\\/die-un-und-wir-ausstellung-ab-donnerstag-im-neuen-rathaus\\\/#breadcrumb\"},\"inLanguage\":\"de\",\"potentialAction\":[{\"@type\":\"ReadAction\",\"target\":[\"https:\\\/\\\/radioleinewelle.de\\\/index.php\\\/2024\\\/08\\\/12\\\/die-un-und-wir-ausstellung-ab-donnerstag-im-neuen-rathaus\\\/\"]}]},{\"@type\":\"ImageObject\",\"inLanguage\":\"de\",\"@id\":\"https:\\\/\\\/radioleinewelle.de\\\/index.php\\\/2024\\\/08\\\/12\\\/die-un-und-wir-ausstellung-ab-donnerstag-im-neuen-rathaus\\\/#primaryimage\",\"url\":\"https:\\\/\\\/radioleinewelle.de\\\/wp-content\\\/uploads\\\/2024\\\/08\\\/Neues-Rathaus-Eingang.jpg\",\"contentUrl\":\"https:\\\/\\\/radioleinewelle.de\\\/wp-content\\\/uploads\\\/2024\\\/08\\\/Neues-Rathaus-Eingang.jpg\",\"width\":2016,\"height\":1512},{\"@type\":\"BreadcrumbList\",\"@id\":\"https:\\\/\\\/radioleinewelle.de\\\/index.php\\\/2024\\\/08\\\/12\\\/die-un-und-wir-ausstellung-ab-donnerstag-im-neuen-rathaus\\\/#breadcrumb\",\"itemListElement\":[{\"@type\":\"ListItem\",\"position\":1,\"name\":\"Startseite\",\"item\":\"https:\\\/\\\/radioleinewelle.de\\\/\"},{\"@type\":\"ListItem\",\"position\":2,\"name\":\"&#8220;Die UN und wir&#8221; Ausstellung ab Donnerstag im Neuen Rathaus\"}]},{\"@type\":\"WebSite\",\"@id\":\"https:\\\/\\\/radioleinewelle.de\\\/#website\",\"url\":\"https:\\\/\\\/radioleinewelle.de\\\/\",\"name\":\"Radio Leinewelle\",\"description\":\"\",\"publisher\":{\"@id\":\"https:\\\/\\\/radioleinewelle.de\\\/#organization\"},\"potentialAction\":[{\"@type\":\"SearchAction\",\"target\":{\"@type\":\"EntryPoint\",\"urlTemplate\":\"https:\\\/\\\/radioleinewelle.de\\\/?s={search_term_string}\"},\"query-input\":{\"@type\":\"PropertyValueSpecification\",\"valueRequired\":true,\"valueName\":\"search_term_string\"}}],\"inLanguage\":\"de\"},{\"@type\":\"Organization\",\"@id\":\"https:\\\/\\\/radioleinewelle.de\\\/#organization\",\"name\":\"Radio Leinewelle\",\"alternateName\":\"Mein Radio f\u00fcr S\u00fcdniedersachsen\",\"url\":\"https:\\\/\\\/radioleinewelle.de\\\/\",\"logo\":{\"@type\":\"ImageObject\",\"inLanguage\":\"de\",\"@id\":\"https:\\\/\\\/radioleinewelle.de\\\/#\\\/schema\\\/logo\\\/image\\\/\",\"url\":\"https:\\\/\\\/radioleinewelle.de\\\/wp-content\\\/uploads\\\/2023\\\/11\\\/cropped-Leinewelle_Logo_weiss.png\",\"contentUrl\":\"https:\\\/\\\/radioleinewelle.de\\\/wp-content\\\/uploads\\\/2023\\\/11\\\/cropped-Leinewelle_Logo_weiss.png\",\"width\":854,\"height\":260,\"caption\":\"Radio Leinewelle\"},\"image\":{\"@id\":\"https:\\\/\\\/radioleinewelle.de\\\/#\\\/schema\\\/logo\\\/image\\\/\"},\"sameAs\":[\"https:\\\/\\\/www.facebook.com\\\/radioleinewelle\",\"https:\\\/\\\/x.com\\\/RLeinewelle\",\"https:\\\/\\\/www.instagram.com\\\/radioleinewelle\\\/?hl=de\"]},{\"@type\":\"Person\",\"@id\":\"https:\\\/\\\/radioleinewelle.de\\\/#\\\/schema\\\/person\\\/45606f348637df637192dc1b68399a63\",\"name\":\"Leinewelle\",\"image\":{\"@type\":\"ImageObject\",\"inLanguage\":\"de\",\"@id\":\"https:\\\/\\\/secure.gravatar.com\\\/avatar\\\/05c9a17bc973052ee5d91549bd32fb4dd0dc85b7b85ae94b2e2b4943476bbea5?s=96&d=blank&r=g\",\"url\":\"https:\\\/\\\/secure.gravatar.com\\\/avatar\\\/05c9a17bc973052ee5d91549bd32fb4dd0dc85b7b85ae94b2e2b4943476bbea5?s=96&d=blank&r=g\",\"contentUrl\":\"https:\\\/\\\/secure.gravatar.com\\\/avatar\\\/05c9a17bc973052ee5d91549bd32fb4dd0dc85b7b85ae94b2e2b4943476bbea5?s=96&d=blank&r=g\",\"caption\":\"Leinewelle\"},\"sameAs\":[\"http:\\\/\\\/localhost\\\/radio%20leinewelle\\\/wordpress\",\"https:\\\/\\\/www.facebook.com\\\/radioleinewelle\",\"https:\\\/\\\/www.instagram.com\\\/radioleinewelle\",\"https:\\\/\\\/x.com\\\/https:\\\/\\\/twitter.com\\\/RLeinewelle?ref_src=twsrcgoogletwcampserptwgrauthor\",\"https:\\\/\\\/soundcloud.com\\\/foerderverein-lokalradio?utm_source=clipboard&utm_medium=text&utm_campaign=social_sharing\"],\"url\":\"https:\\\/\\\/radioleinewelle.de\\\/index.php\\\/author\\\/leinewelle\\\/\"}]}<\/script>\n<!-- \/ Yoast SEO plugin. -->","yoast_head_json":{"title":"\"Die UN und wir\" Ausstellung ab Donnerstag im Neuen Rathaus - Radio Leinewelle","robots":{"index":"index","follow":"follow","max-snippet":"max-snippet:-1","max-image-preview":"max-image-preview:large","max-video-preview":"max-video-preview:-1"},"canonical":"https:\/\/radioleinewelle.de\/index.php\/2024\/08\/12\/die-un-und-wir-ausstellung-ab-donnerstag-im-neuen-rathaus\/","og_locale":"de_DE","og_type":"article","og_title":"\"Die UN und wir\" Ausstellung ab Donnerstag im Neuen Rathaus - Radio Leinewelle","og_description":"Ab Donnerstag, 15. August 2024, gastiert die multimediale Wanderausstellung #DieUNundWIR im Neuen Rathaus am Hiroshimaplatz 1 \u2013 4 in G\u00f6ttingen. Die Ausstellung vermittelt Themen wie Friedenssicherung, Menschenrechte, Umwelt und Entwicklung sowie Wissen rund um die Vereinten Nationen durch Texte, Illustrationen, Fotos sowie einen Film und ein Spiel. Mittels interaktiver Elemente kann die Bedeutung der Weltorganisation [&hellip;]","og_url":"https:\/\/radioleinewelle.de\/index.php\/2024\/08\/12\/die-un-und-wir-ausstellung-ab-donnerstag-im-neuen-rathaus\/","og_site_name":"Radio Leinewelle","article_publisher":"https:\/\/www.facebook.com\/radioleinewelle","article_author":"https:\/\/www.facebook.com\/radioleinewelle","article_published_time":"2024-08-12T12:31:29+00:00","og_image":[{"width":2016,"height":1512,"url":"https:\/\/radioleinewelle.de\/wp-content\/uploads\/2024\/08\/Neues-Rathaus-Eingang.jpg","type":"image\/jpeg"}],"author":"Leinewelle","twitter_card":"summary_large_image","twitter_creator":"@https:\/\/twitter.com\/RLeinewelle?ref_src=twsrcgoogletwcampserptwgrauthor","twitter_site":"@RLeinewelle","twitter_misc":{"Verfasst von":"Leinewelle","Gesch\u00e4tzte Lesezeit":"2\u00a0Minuten"},"schema":{"@context":"https:\/\/schema.org","@graph":[{"@type":"Article","@id":"https:\/\/radioleinewelle.de\/index.php\/2024\/08\/12\/die-un-und-wir-ausstellung-ab-donnerstag-im-neuen-rathaus\/#article","isPartOf":{"@id":"https:\/\/radioleinewelle.de\/index.php\/2024\/08\/12\/die-un-und-wir-ausstellung-ab-donnerstag-im-neuen-rathaus\/"},"author":{"name":"Leinewelle","@id":"https:\/\/radioleinewelle.de\/#\/schema\/person\/45606f348637df637192dc1b68399a63"},"headline":"&#8222;Die UN und wir&#8220; Ausstellung ab Donnerstag im Neuen Rathaus","datePublished":"2024-08-12T12:31:29+00:00","mainEntityOfPage":{"@id":"https:\/\/radioleinewelle.de\/index.php\/2024\/08\/12\/die-un-und-wir-ausstellung-ab-donnerstag-im-neuen-rathaus\/"},"wordCount":198,"commentCount":0,"publisher":{"@id":"https:\/\/radioleinewelle.de\/#organization"},"image":{"@id":"https:\/\/radioleinewelle.de\/index.php\/2024\/08\/12\/die-un-und-wir-ausstellung-ab-donnerstag-im-neuen-rathaus\/#primaryimage"},"thumbnailUrl":"https:\/\/radioleinewelle.de\/wp-content\/uploads\/2024\/08\/Neues-Rathaus-Eingang.jpg","articleSection":["Ausstellungen","Gesellschaft"],"inLanguage":"de","potentialAction":[{"@type":"CommentAction","name":"Comment","target":["https:\/\/radioleinewelle.de\/index.php\/2024\/08\/12\/die-un-und-wir-ausstellung-ab-donnerstag-im-neuen-rathaus\/#respond"]}]},{"@type":"WebPage","@id":"https:\/\/radioleinewelle.de\/index.php\/2024\/08\/12\/die-un-und-wir-ausstellung-ab-donnerstag-im-neuen-rathaus\/","url":"https:\/\/radioleinewelle.de\/index.php\/2024\/08\/12\/die-un-und-wir-ausstellung-ab-donnerstag-im-neuen-rathaus\/","name":"\"Die UN und wir\" Ausstellung ab Donnerstag im Neuen Rathaus - Radio Leinewelle","isPartOf":{"@id":"https:\/\/radioleinewelle.de\/#website"},"primaryImageOfPage":{"@id":"https:\/\/radioleinewelle.de\/index.php\/2024\/08\/12\/die-un-und-wir-ausstellung-ab-donnerstag-im-neuen-rathaus\/#primaryimage"},"image":{"@id":"https:\/\/radioleinewelle.de\/index.php\/2024\/08\/12\/die-un-und-wir-ausstellung-ab-donnerstag-im-neuen-rathaus\/#primaryimage"},"thumbnailUrl":"https:\/\/radioleinewelle.de\/wp-content\/uploads\/2024\/08\/Neues-Rathaus-Eingang.jpg","datePublished":"2024-08-12T12:31:29+00:00","breadcrumb":{"@id":"https:\/\/radioleinewelle.de\/index.php\/2024\/08\/12\/die-un-und-wir-ausstellung-ab-donnerstag-im-neuen-rathaus\/#breadcrumb"},"inLanguage":"de","potentialAction":[{"@type":"ReadAction","target":["https:\/\/radioleinewelle.de\/index.php\/2024\/08\/12\/die-un-und-wir-ausstellung-ab-donnerstag-im-neuen-rathaus\/"]}]},{"@type":"ImageObject","inLanguage":"de","@id":"https:\/\/radioleinewelle.de\/index.php\/2024\/08\/12\/die-un-und-wir-ausstellung-ab-donnerstag-im-neuen-rathaus\/#primaryimage","url":"https:\/\/radioleinewelle.de\/wp-content\/uploads\/2024\/08\/Neues-Rathaus-Eingang.jpg","contentUrl":"https:\/\/radioleinewelle.de\/wp-content\/uploads\/2024\/08\/Neues-Rathaus-Eingang.jpg","width":2016,"height":1512},{"@type":"BreadcrumbList","@id":"https:\/\/radioleinewelle.de\/index.php\/2024\/08\/12\/die-un-und-wir-ausstellung-ab-donnerstag-im-neuen-rathaus\/#breadcrumb","itemListElement":[{"@type":"ListItem","position":1,"name":"Startseite","item":"https:\/\/radioleinewelle.de\/"},{"@type":"ListItem","position":2,"name":"&#8220;Die UN und wir&#8221; Ausstellung ab Donnerstag im Neuen Rathaus"}]},{"@type":"WebSite","@id":"https:\/\/radioleinewelle.de\/#website","url":"https:\/\/radioleinewelle.de\/","name":"Radio Leinewelle","description":"","publisher":{"@id":"https:\/\/radioleinewelle.de\/#organization"},"potentialAction":[{"@type":"SearchAction","target":{"@type":"EntryPoint","urlTemplate":"https:\/\/radioleinewelle.de\/?s={search_term_string}"},"query-input":{"@type":"PropertyValueSpecification","valueRequired":true,"valueName":"search_term_string"}}],"inLanguage":"de"},{"@type":"Organization","@id":"https:\/\/radioleinewelle.de\/#organization","name":"Radio Leinewelle","alternateName":"Mein Radio f\u00fcr S\u00fcdniedersachsen","url":"https:\/\/radioleinewelle.de\/","logo":{"@type":"ImageObject","inLanguage":"de","@id":"https:\/\/radioleinewelle.de\/#\/schema\/logo\/image\/","url":"https:\/\/radioleinewelle.de\/wp-content\/uploads\/2023\/11\/cropped-Leinewelle_Logo_weiss.png","contentUrl":"https:\/\/radioleinewelle.de\/wp-content\/uploads\/2023\/11\/cropped-Leinewelle_Logo_weiss.png","width":854,"height":260,"caption":"Radio Leinewelle"},"image":{"@id":"https:\/\/radioleinewelle.de\/#\/schema\/logo\/image\/"},"sameAs":["https:\/\/www.facebook.com\/radioleinewelle","https:\/\/x.com\/RLeinewelle","https:\/\/www.instagram.com\/radioleinewelle\/?hl=de"]},{"@type":"Person","@id":"https:\/\/radioleinewelle.de\/#\/schema\/person\/45606f348637df637192dc1b68399a63","name":"Leinewelle","image":{"@type":"ImageObject","inLanguage":"de","@id":"https:\/\/secure.gravatar.com\/avatar\/05c9a17bc973052ee5d91549bd32fb4dd0dc85b7b85ae94b2e2b4943476bbea5?s=96&d=blank&r=g","url":"https:\/\/secure.gravatar.com\/avatar\/05c9a17bc973052ee5d91549bd32fb4dd0dc85b7b85ae94b2e2b4943476bbea5?s=96&d=blank&r=g","contentUrl":"https:\/\/secure.gravatar.com\/avatar\/05c9a17bc973052ee5d91549bd32fb4dd0dc85b7b85ae94b2e2b4943476bbea5?s=96&d=blank&r=g","caption":"Leinewelle"},"sameAs":["http:\/\/localhost\/radio%20leinewelle\/wordpress","https:\/\/www.facebook.com\/radioleinewelle","https:\/\/www.instagram.com\/radioleinewelle","https:\/\/x.com\/https:\/\/twitter.com\/RLeinewelle?ref_src=twsrcgoogletwcampserptwgrauthor","https:\/\/soundcloud.com\/foerderverein-lokalradio?utm_source=clipboard&utm_medium=text&utm_campaign=social_sharing"],"url":"https:\/\/radioleinewelle.de\/index.php\/author\/leinewelle\/"}]}},"_links":{"self":[{"href":"https:\/\/radioleinewelle.de\/index.php\/wp-json\/wp\/v2\/posts\/25897","targetHints":{"allow":["GET"]}}],"collection":[{"href":"https:\/\/radioleinewelle.de\/index.php\/wp-json\/wp\/v2\/posts"}],"about":[{"href":"https:\/\/radioleinewelle.de\/index.php\/wp-json\/wp\/v2\/types\/post"}],"author":[{"embeddable":true,"href":"https:\/\/radioleinewelle.de\/index.php\/wp-json\/wp\/v2\/users\/1"}],"replies":[{"embeddable":true,"href":"https:\/\/radioleinewelle.de\/index.php\/wp-json\/wp\/v2\/comments?post=25897"}],"version-history":[{"count":4,"href":"https:\/\/radioleinewelle.de\/index.php\/wp-json\/wp\/v2\/posts\/25897\/revisions"}],"predecessor-version":[{"id":25902,"href":"https:\/\/radioleinewelle.de\/index.php\/wp-json\/wp\/v2\/posts\/25897\/revisions\/25902"}],"wp:featuredmedia":[{"embeddable":true,"href":"https:\/\/radioleinewelle.de\/index.php\/wp-json\/wp\/v2\/media\/25899"}],"wp:attachment":[{"href":"https:\/\/radioleinewelle.de\/index.php\/wp-json\/wp\/v2\/media?parent=25897"}],"wp:term":[{"taxonomy":"category","embeddable":true,"href":"https:\/\/radioleinewelle.de\/index.php\/wp-json\/wp\/v2\/categories?post=25897"},{"taxonomy":"post_tag","embeddable":true,"href":"https:\/\/radioleinewelle.de\/index.php\/wp-json\/wp\/v2\/tags?post=25897"}],"curies":[{"name":"wp","href":"https:\/\/api.w.org\/{rel}","templated":true}]}}