{"id":2592,"date":"2020-10-26T05:41:33","date_gmt":"2020-10-26T04:41:33","guid":{"rendered":"https:\/\/radioleinewelle.de\/?p=2592"},"modified":"2020-10-26T05:41:33","modified_gmt":"2020-10-26T04:41:33","slug":"zwei-neue-infektionsfaelle-in-der-groner-landstrasse-kein-anlass-fuer-eine-quarantaeneanordnung-fuer-den-gesamten-gebaeudekomplex","status":"publish","type":"post","link":"https:\/\/radioleinewelle.de\/index.php\/2020\/10\/26\/zwei-neue-infektionsfaelle-in-der-groner-landstrasse-kein-anlass-fuer-eine-quarantaeneanordnung-fuer-den-gesamten-gebaeudekomplex\/","title":{"rendered":"Zwei neue Infektionsf\u00e4lle in der Groner Landstra\u00dfe &#8211; kein Anla\u00df f\u00fcr eine Quarant\u00e4neanordnung f\u00fcr den gesamten Geb\u00e4udekomplex"},"content":{"rendered":"<div class=\"magazinetext\">\n<div class=\"magazineshorttext\">\n<p>Im Wohnkomplex an der Groner Landstra\u00dfe gibt es neue Infektionen mit dem Corona-Virus. Bislang konnten zwei positive Personen festgestellt werden, beide sind unabh\u00e4ngig voneinander getestet worden. Sie und Kontaktpersonen der Kategorie 1 befinden sich in h\u00e4uslicher Quarant\u00e4ne. Die Einhaltung der Quarant\u00e4ne und der gesundheitliche Zustand der Infizierten wird regelm\u00e4\u00dfig \u00fcberwacht. F\u00fcr eine Quarant\u00e4neanordnung \u00fcber den gesamten Geb\u00e4udekomplex besteht kein Anlass. Wer also nicht infiziert oder Kontaktperson der Kategorie 1 ist, kann den Wohnkomplex verlassen und betreten. F\u00fcr Sch\u00fclerinnen und Sch\u00fcler gilt allerdings, dass sie erst nach Vorlage eines negativen Tests wieder zur Schule gehen d\u00fcrfen. Hierbei handelt es sich um eine rein vorsorgliche Schutzma\u00dfnahme, um eine etwaige Ausbreitung \u00fcber die Schulen von vornherein auszuschlie\u00dfen. F\u00fcr sie sowie f\u00fcr Menschen \u00fcber 60 Jahre wird am Montag, 26. Oktober 2020, eine kleine Teststation im Innenhof des Komplexes aufgebaut. Dar\u00fcber wurden die Bewohnerinnen und Bewohner noch am Sonntag, 25. Oktober 2020, auf mehreren Kan\u00e4len in Deutsch und Rum\u00e4nisch hingewiesen. \u201eWichtig ist, dass Infizierte und deren enge Kontaktpersonen die Quarant\u00e4ne einhalten\u201c, unterstreicht Petra Broistedt, Leiterin des Stabs f\u00fcr besondere Ereignisse der Stadt G\u00f6ttingen. \u201eUm H\u00fcrden in der Verst\u00e4ndigung zu vermeiden, werden alle notwendigen Informationen von Dolmetscher*innen bzw. in Textform zweisprachig vermittelt. Au\u00dferdem helfen wir den Menschen, indem wir sie beispielsweise kostenlos mit Lebensmitteln und anderen Dingen des t\u00e4glichen Bedarfs versorgen.\u201c Den infizierten Personen und ihren Familien wurde angeboten, die Quarant\u00e4ne in gr\u00f6\u00dferen, von der Stadt bereitgestellten Quarant\u00e4newohnungen mit Vollverpflegung abzuleisten.<\/p>\n<\/div>\n<\/div>\n","protected":false},"excerpt":{"rendered":"<p>Im Wohnkomplex an der Groner Landstra\u00dfe gibt es neue Infektionen mit dem Corona-Virus. Bislang konnten zwei positive Personen festgestellt werden, beide sind unabh\u00e4ngig voneinander getestet worden. Sie und Kontaktpersonen der Kategorie 1 befinden sich in h\u00e4uslicher Quarant\u00e4ne. Die Einhaltung der Quarant\u00e4ne und der gesundheitliche Zustand der Infizierten wird regelm\u00e4\u00dfig \u00fcberwacht. F\u00fcr eine Quarant\u00e4neanordnung \u00fcber den [&hellip;]<\/p>\n","protected":false},"author":1,"featured_media":0,"comment_status":"closed","ping_status":"closed","sticky":false,"template":"","format":"standard","meta":{"saved_in_kubio":false,"footnotes":""},"categories":[24],"tags":[],"class_list":["post-2592","post","type-post","status-publish","format-standard","hentry","category-news"],"yoast_head":"<!-- This site is optimized with the Yoast SEO plugin v27.5 - https:\/\/yoast.com\/product\/yoast-seo-wordpress\/ -->\n<title>Zwei neue Infektionsf\u00e4lle in der Groner Landstra\u00dfe - kein Anla\u00df f\u00fcr eine Quarant\u00e4neanordnung f\u00fcr den gesamten Geb\u00e4udekomplex - Radio Leinewelle<\/title>\n<meta name=\"robots\" content=\"index, follow, max-snippet:-1, max-image-preview:large, max-video-preview:-1\" \/>\n<link rel=\"canonical\" href=\"https:\/\/radioleinewelle.de\/index.php\/2020\/10\/26\/zwei-neue-infektionsfaelle-in-der-groner-landstrasse-kein-anlass-fuer-eine-quarantaeneanordnung-fuer-den-gesamten-gebaeudekomplex\/\" \/>\n<meta property=\"og:locale\" content=\"de_DE\" \/>\n<meta property=\"og:type\" content=\"article\" \/>\n<meta property=\"og:title\" content=\"Zwei neue Infektionsf\u00e4lle in der Groner Landstra\u00dfe - kein Anla\u00df f\u00fcr eine Quarant\u00e4neanordnung f\u00fcr den gesamten Geb\u00e4udekomplex - Radio Leinewelle\" \/>\n<meta property=\"og:description\" content=\"Im Wohnkomplex an der Groner Landstra\u00dfe gibt es neue Infektionen mit dem Corona-Virus. Bislang konnten zwei positive Personen festgestellt werden, beide sind unabh\u00e4ngig voneinander getestet worden. Sie und Kontaktpersonen der Kategorie 1 befinden sich in h\u00e4uslicher Quarant\u00e4ne. Die Einhaltung der Quarant\u00e4ne und der gesundheitliche Zustand der Infizierten wird regelm\u00e4\u00dfig \u00fcberwacht. F\u00fcr eine Quarant\u00e4neanordnung \u00fcber den [&hellip;]\" \/>\n<meta property=\"og:url\" content=\"https:\/\/radioleinewelle.de\/index.php\/2020\/10\/26\/zwei-neue-infektionsfaelle-in-der-groner-landstrasse-kein-anlass-fuer-eine-quarantaeneanordnung-fuer-den-gesamten-gebaeudekomplex\/\" \/>\n<meta property=\"og:site_name\" content=\"Radio Leinewelle\" \/>\n<meta property=\"article:publisher\" content=\"https:\/\/www.facebook.com\/radioleinewelle\" \/>\n<meta property=\"article:author\" content=\"https:\/\/www.facebook.com\/radioleinewelle\" \/>\n<meta property=\"article:published_time\" content=\"2020-10-26T04:41:33+00:00\" \/>\n<meta name=\"author\" content=\"Leinewelle\" \/>\n<meta name=\"twitter:card\" content=\"summary_large_image\" \/>\n<meta name=\"twitter:creator\" content=\"@https:\/\/twitter.com\/RLeinewelle?ref_src=twsrcgoogletwcampserptwgrauthor\" \/>\n<meta name=\"twitter:site\" content=\"@RLeinewelle\" \/>\n<meta name=\"twitter:label1\" content=\"Verfasst von\" \/>\n\t<meta name=\"twitter:data1\" content=\"Leinewelle\" \/>\n\t<meta name=\"twitter:label2\" content=\"Gesch\u00e4tzte Lesezeit\" \/>\n\t<meta name=\"twitter:data2\" content=\"1\u00a0Minute\" \/>\n<script type=\"application\/ld+json\" class=\"yoast-schema-graph\">{\"@context\":\"https:\\\/\\\/schema.org\",\"@graph\":[{\"@type\":\"Article\",\"@id\":\"https:\\\/\\\/radioleinewelle.de\\\/index.php\\\/2020\\\/10\\\/26\\\/zwei-neue-infektionsfaelle-in-der-groner-landstrasse-kein-anlass-fuer-eine-quarantaeneanordnung-fuer-den-gesamten-gebaeudekomplex\\\/#article\",\"isPartOf\":{\"@id\":\"https:\\\/\\\/radioleinewelle.de\\\/index.php\\\/2020\\\/10\\\/26\\\/zwei-neue-infektionsfaelle-in-der-groner-landstrasse-kein-anlass-fuer-eine-quarantaeneanordnung-fuer-den-gesamten-gebaeudekomplex\\\/\"},\"author\":{\"name\":\"Leinewelle\",\"@id\":\"https:\\\/\\\/radioleinewelle.de\\\/#\\\/schema\\\/person\\\/45606f348637df637192dc1b68399a63\"},\"headline\":\"Zwei neue Infektionsf\u00e4lle in der Groner Landstra\u00dfe &#8211; kein Anla\u00df f\u00fcr eine Quarant\u00e4neanordnung f\u00fcr den gesamten Geb\u00e4udekomplex\",\"datePublished\":\"2020-10-26T04:41:33+00:00\",\"mainEntityOfPage\":{\"@id\":\"https:\\\/\\\/radioleinewelle.de\\\/index.php\\\/2020\\\/10\\\/26\\\/zwei-neue-infektionsfaelle-in-der-groner-landstrasse-kein-anlass-fuer-eine-quarantaeneanordnung-fuer-den-gesamten-gebaeudekomplex\\\/\"},\"wordCount\":283,\"publisher\":{\"@id\":\"https:\\\/\\\/radioleinewelle.de\\\/#organization\"},\"articleSection\":[\"Aktuelle Nachrichten\"],\"inLanguage\":\"de\"},{\"@type\":\"WebPage\",\"@id\":\"https:\\\/\\\/radioleinewelle.de\\\/index.php\\\/2020\\\/10\\\/26\\\/zwei-neue-infektionsfaelle-in-der-groner-landstrasse-kein-anlass-fuer-eine-quarantaeneanordnung-fuer-den-gesamten-gebaeudekomplex\\\/\",\"url\":\"https:\\\/\\\/radioleinewelle.de\\\/index.php\\\/2020\\\/10\\\/26\\\/zwei-neue-infektionsfaelle-in-der-groner-landstrasse-kein-anlass-fuer-eine-quarantaeneanordnung-fuer-den-gesamten-gebaeudekomplex\\\/\",\"name\":\"Zwei neue Infektionsf\u00e4lle in der Groner Landstra\u00dfe - kein Anla\u00df f\u00fcr eine Quarant\u00e4neanordnung f\u00fcr den gesamten Geb\u00e4udekomplex - Radio Leinewelle\",\"isPartOf\":{\"@id\":\"https:\\\/\\\/radioleinewelle.de\\\/#website\"},\"datePublished\":\"2020-10-26T04:41:33+00:00\",\"breadcrumb\":{\"@id\":\"https:\\\/\\\/radioleinewelle.de\\\/index.php\\\/2020\\\/10\\\/26\\\/zwei-neue-infektionsfaelle-in-der-groner-landstrasse-kein-anlass-fuer-eine-quarantaeneanordnung-fuer-den-gesamten-gebaeudekomplex\\\/#breadcrumb\"},\"inLanguage\":\"de\",\"potentialAction\":[{\"@type\":\"ReadAction\",\"target\":[\"https:\\\/\\\/radioleinewelle.de\\\/index.php\\\/2020\\\/10\\\/26\\\/zwei-neue-infektionsfaelle-in-der-groner-landstrasse-kein-anlass-fuer-eine-quarantaeneanordnung-fuer-den-gesamten-gebaeudekomplex\\\/\"]}]},{\"@type\":\"BreadcrumbList\",\"@id\":\"https:\\\/\\\/radioleinewelle.de\\\/index.php\\\/2020\\\/10\\\/26\\\/zwei-neue-infektionsfaelle-in-der-groner-landstrasse-kein-anlass-fuer-eine-quarantaeneanordnung-fuer-den-gesamten-gebaeudekomplex\\\/#breadcrumb\",\"itemListElement\":[{\"@type\":\"ListItem\",\"position\":1,\"name\":\"Startseite\",\"item\":\"https:\\\/\\\/radioleinewelle.de\\\/\"},{\"@type\":\"ListItem\",\"position\":2,\"name\":\"Zwei neue Infektionsf\u00e4lle in der Groner Landstra\u00dfe &#8211; kein Anla\u00df f\u00fcr eine Quarant\u00e4neanordnung f\u00fcr den gesamten Geb\u00e4udekomplex\"}]},{\"@type\":\"WebSite\",\"@id\":\"https:\\\/\\\/radioleinewelle.de\\\/#website\",\"url\":\"https:\\\/\\\/radioleinewelle.de\\\/\",\"name\":\"Radio Leinewelle\",\"description\":\"\",\"publisher\":{\"@id\":\"https:\\\/\\\/radioleinewelle.de\\\/#organization\"},\"potentialAction\":[{\"@type\":\"SearchAction\",\"target\":{\"@type\":\"EntryPoint\",\"urlTemplate\":\"https:\\\/\\\/radioleinewelle.de\\\/?s={search_term_string}\"},\"query-input\":{\"@type\":\"PropertyValueSpecification\",\"valueRequired\":true,\"valueName\":\"search_term_string\"}}],\"inLanguage\":\"de\"},{\"@type\":\"Organization\",\"@id\":\"https:\\\/\\\/radioleinewelle.de\\\/#organization\",\"name\":\"Radio Leinewelle\",\"alternateName\":\"Mein Radio f\u00fcr S\u00fcdniedersachsen\",\"url\":\"https:\\\/\\\/radioleinewelle.de\\\/\",\"logo\":{\"@type\":\"ImageObject\",\"inLanguage\":\"de\",\"@id\":\"https:\\\/\\\/radioleinewelle.de\\\/#\\\/schema\\\/logo\\\/image\\\/\",\"url\":\"https:\\\/\\\/radioleinewelle.de\\\/wp-content\\\/uploads\\\/2023\\\/11\\\/cropped-Leinewelle_Logo_weiss.png\",\"contentUrl\":\"https:\\\/\\\/radioleinewelle.de\\\/wp-content\\\/uploads\\\/2023\\\/11\\\/cropped-Leinewelle_Logo_weiss.png\",\"width\":854,\"height\":260,\"caption\":\"Radio Leinewelle\"},\"image\":{\"@id\":\"https:\\\/\\\/radioleinewelle.de\\\/#\\\/schema\\\/logo\\\/image\\\/\"},\"sameAs\":[\"https:\\\/\\\/www.facebook.com\\\/radioleinewelle\",\"https:\\\/\\\/x.com\\\/RLeinewelle\",\"https:\\\/\\\/www.instagram.com\\\/radioleinewelle\\\/?hl=de\"]},{\"@type\":\"Person\",\"@id\":\"https:\\\/\\\/radioleinewelle.de\\\/#\\\/schema\\\/person\\\/45606f348637df637192dc1b68399a63\",\"name\":\"Leinewelle\",\"image\":{\"@type\":\"ImageObject\",\"inLanguage\":\"de\",\"@id\":\"https:\\\/\\\/secure.gravatar.com\\\/avatar\\\/05c9a17bc973052ee5d91549bd32fb4dd0dc85b7b85ae94b2e2b4943476bbea5?s=96&d=blank&r=g\",\"url\":\"https:\\\/\\\/secure.gravatar.com\\\/avatar\\\/05c9a17bc973052ee5d91549bd32fb4dd0dc85b7b85ae94b2e2b4943476bbea5?s=96&d=blank&r=g\",\"contentUrl\":\"https:\\\/\\\/secure.gravatar.com\\\/avatar\\\/05c9a17bc973052ee5d91549bd32fb4dd0dc85b7b85ae94b2e2b4943476bbea5?s=96&d=blank&r=g\",\"caption\":\"Leinewelle\"},\"sameAs\":[\"http:\\\/\\\/localhost\\\/radio%20leinewelle\\\/wordpress\",\"https:\\\/\\\/www.facebook.com\\\/radioleinewelle\",\"https:\\\/\\\/www.instagram.com\\\/radioleinewelle\",\"https:\\\/\\\/x.com\\\/https:\\\/\\\/twitter.com\\\/RLeinewelle?ref_src=twsrcgoogletwcampserptwgrauthor\",\"https:\\\/\\\/soundcloud.com\\\/foerderverein-lokalradio?utm_source=clipboard&utm_medium=text&utm_campaign=social_sharing\"],\"url\":\"https:\\\/\\\/radioleinewelle.de\\\/index.php\\\/author\\\/leinewelle\\\/\"}]}<\/script>\n<!-- \/ Yoast SEO plugin. -->","yoast_head_json":{"title":"Zwei neue Infektionsf\u00e4lle in der Groner Landstra\u00dfe - kein Anla\u00df f\u00fcr eine Quarant\u00e4neanordnung f\u00fcr den gesamten Geb\u00e4udekomplex - Radio Leinewelle","robots":{"index":"index","follow":"follow","max-snippet":"max-snippet:-1","max-image-preview":"max-image-preview:large","max-video-preview":"max-video-preview:-1"},"canonical":"https:\/\/radioleinewelle.de\/index.php\/2020\/10\/26\/zwei-neue-infektionsfaelle-in-der-groner-landstrasse-kein-anlass-fuer-eine-quarantaeneanordnung-fuer-den-gesamten-gebaeudekomplex\/","og_locale":"de_DE","og_type":"article","og_title":"Zwei neue Infektionsf\u00e4lle in der Groner Landstra\u00dfe - kein Anla\u00df f\u00fcr eine Quarant\u00e4neanordnung f\u00fcr den gesamten Geb\u00e4udekomplex - Radio Leinewelle","og_description":"Im Wohnkomplex an der Groner Landstra\u00dfe gibt es neue Infektionen mit dem Corona-Virus. Bislang konnten zwei positive Personen festgestellt werden, beide sind unabh\u00e4ngig voneinander getestet worden. Sie und Kontaktpersonen der Kategorie 1 befinden sich in h\u00e4uslicher Quarant\u00e4ne. Die Einhaltung der Quarant\u00e4ne und der gesundheitliche Zustand der Infizierten wird regelm\u00e4\u00dfig \u00fcberwacht. F\u00fcr eine Quarant\u00e4neanordnung \u00fcber den [&hellip;]","og_url":"https:\/\/radioleinewelle.de\/index.php\/2020\/10\/26\/zwei-neue-infektionsfaelle-in-der-groner-landstrasse-kein-anlass-fuer-eine-quarantaeneanordnung-fuer-den-gesamten-gebaeudekomplex\/","og_site_name":"Radio Leinewelle","article_publisher":"https:\/\/www.facebook.com\/radioleinewelle","article_author":"https:\/\/www.facebook.com\/radioleinewelle","article_published_time":"2020-10-26T04:41:33+00:00","author":"Leinewelle","twitter_card":"summary_large_image","twitter_creator":"@https:\/\/twitter.com\/RLeinewelle?ref_src=twsrcgoogletwcampserptwgrauthor","twitter_site":"@RLeinewelle","twitter_misc":{"Verfasst von":"Leinewelle","Gesch\u00e4tzte Lesezeit":"1\u00a0Minute"},"schema":{"@context":"https:\/\/schema.org","@graph":[{"@type":"Article","@id":"https:\/\/radioleinewelle.de\/index.php\/2020\/10\/26\/zwei-neue-infektionsfaelle-in-der-groner-landstrasse-kein-anlass-fuer-eine-quarantaeneanordnung-fuer-den-gesamten-gebaeudekomplex\/#article","isPartOf":{"@id":"https:\/\/radioleinewelle.de\/index.php\/2020\/10\/26\/zwei-neue-infektionsfaelle-in-der-groner-landstrasse-kein-anlass-fuer-eine-quarantaeneanordnung-fuer-den-gesamten-gebaeudekomplex\/"},"author":{"name":"Leinewelle","@id":"https:\/\/radioleinewelle.de\/#\/schema\/person\/45606f348637df637192dc1b68399a63"},"headline":"Zwei neue Infektionsf\u00e4lle in der Groner Landstra\u00dfe &#8211; kein Anla\u00df f\u00fcr eine Quarant\u00e4neanordnung f\u00fcr den gesamten Geb\u00e4udekomplex","datePublished":"2020-10-26T04:41:33+00:00","mainEntityOfPage":{"@id":"https:\/\/radioleinewelle.de\/index.php\/2020\/10\/26\/zwei-neue-infektionsfaelle-in-der-groner-landstrasse-kein-anlass-fuer-eine-quarantaeneanordnung-fuer-den-gesamten-gebaeudekomplex\/"},"wordCount":283,"publisher":{"@id":"https:\/\/radioleinewelle.de\/#organization"},"articleSection":["Aktuelle Nachrichten"],"inLanguage":"de"},{"@type":"WebPage","@id":"https:\/\/radioleinewelle.de\/index.php\/2020\/10\/26\/zwei-neue-infektionsfaelle-in-der-groner-landstrasse-kein-anlass-fuer-eine-quarantaeneanordnung-fuer-den-gesamten-gebaeudekomplex\/","url":"https:\/\/radioleinewelle.de\/index.php\/2020\/10\/26\/zwei-neue-infektionsfaelle-in-der-groner-landstrasse-kein-anlass-fuer-eine-quarantaeneanordnung-fuer-den-gesamten-gebaeudekomplex\/","name":"Zwei neue Infektionsf\u00e4lle in der Groner Landstra\u00dfe - kein Anla\u00df f\u00fcr eine Quarant\u00e4neanordnung f\u00fcr den gesamten Geb\u00e4udekomplex - Radio Leinewelle","isPartOf":{"@id":"https:\/\/radioleinewelle.de\/#website"},"datePublished":"2020-10-26T04:41:33+00:00","breadcrumb":{"@id":"https:\/\/radioleinewelle.de\/index.php\/2020\/10\/26\/zwei-neue-infektionsfaelle-in-der-groner-landstrasse-kein-anlass-fuer-eine-quarantaeneanordnung-fuer-den-gesamten-gebaeudekomplex\/#breadcrumb"},"inLanguage":"de","potentialAction":[{"@type":"ReadAction","target":["https:\/\/radioleinewelle.de\/index.php\/2020\/10\/26\/zwei-neue-infektionsfaelle-in-der-groner-landstrasse-kein-anlass-fuer-eine-quarantaeneanordnung-fuer-den-gesamten-gebaeudekomplex\/"]}]},{"@type":"BreadcrumbList","@id":"https:\/\/radioleinewelle.de\/index.php\/2020\/10\/26\/zwei-neue-infektionsfaelle-in-der-groner-landstrasse-kein-anlass-fuer-eine-quarantaeneanordnung-fuer-den-gesamten-gebaeudekomplex\/#breadcrumb","itemListElement":[{"@type":"ListItem","position":1,"name":"Startseite","item":"https:\/\/radioleinewelle.de\/"},{"@type":"ListItem","position":2,"name":"Zwei neue Infektionsf\u00e4lle in der Groner Landstra\u00dfe &#8211; kein Anla\u00df f\u00fcr eine Quarant\u00e4neanordnung f\u00fcr den gesamten Geb\u00e4udekomplex"}]},{"@type":"WebSite","@id":"https:\/\/radioleinewelle.de\/#website","url":"https:\/\/radioleinewelle.de\/","name":"Radio Leinewelle","description":"","publisher":{"@id":"https:\/\/radioleinewelle.de\/#organization"},"potentialAction":[{"@type":"SearchAction","target":{"@type":"EntryPoint","urlTemplate":"https:\/\/radioleinewelle.de\/?s={search_term_string}"},"query-input":{"@type":"PropertyValueSpecification","valueRequired":true,"valueName":"search_term_string"}}],"inLanguage":"de"},{"@type":"Organization","@id":"https:\/\/radioleinewelle.de\/#organization","name":"Radio Leinewelle","alternateName":"Mein Radio f\u00fcr S\u00fcdniedersachsen","url":"https:\/\/radioleinewelle.de\/","logo":{"@type":"ImageObject","inLanguage":"de","@id":"https:\/\/radioleinewelle.de\/#\/schema\/logo\/image\/","url":"https:\/\/radioleinewelle.de\/wp-content\/uploads\/2023\/11\/cropped-Leinewelle_Logo_weiss.png","contentUrl":"https:\/\/radioleinewelle.de\/wp-content\/uploads\/2023\/11\/cropped-Leinewelle_Logo_weiss.png","width":854,"height":260,"caption":"Radio Leinewelle"},"image":{"@id":"https:\/\/radioleinewelle.de\/#\/schema\/logo\/image\/"},"sameAs":["https:\/\/www.facebook.com\/radioleinewelle","https:\/\/x.com\/RLeinewelle","https:\/\/www.instagram.com\/radioleinewelle\/?hl=de"]},{"@type":"Person","@id":"https:\/\/radioleinewelle.de\/#\/schema\/person\/45606f348637df637192dc1b68399a63","name":"Leinewelle","image":{"@type":"ImageObject","inLanguage":"de","@id":"https:\/\/secure.gravatar.com\/avatar\/05c9a17bc973052ee5d91549bd32fb4dd0dc85b7b85ae94b2e2b4943476bbea5?s=96&d=blank&r=g","url":"https:\/\/secure.gravatar.com\/avatar\/05c9a17bc973052ee5d91549bd32fb4dd0dc85b7b85ae94b2e2b4943476bbea5?s=96&d=blank&r=g","contentUrl":"https:\/\/secure.gravatar.com\/avatar\/05c9a17bc973052ee5d91549bd32fb4dd0dc85b7b85ae94b2e2b4943476bbea5?s=96&d=blank&r=g","caption":"Leinewelle"},"sameAs":["http:\/\/localhost\/radio%20leinewelle\/wordpress","https:\/\/www.facebook.com\/radioleinewelle","https:\/\/www.instagram.com\/radioleinewelle","https:\/\/x.com\/https:\/\/twitter.com\/RLeinewelle?ref_src=twsrcgoogletwcampserptwgrauthor","https:\/\/soundcloud.com\/foerderverein-lokalradio?utm_source=clipboard&utm_medium=text&utm_campaign=social_sharing"],"url":"https:\/\/radioleinewelle.de\/index.php\/author\/leinewelle\/"}]}},"_links":{"self":[{"href":"https:\/\/radioleinewelle.de\/index.php\/wp-json\/wp\/v2\/posts\/2592","targetHints":{"allow":["GET"]}}],"collection":[{"href":"https:\/\/radioleinewelle.de\/index.php\/wp-json\/wp\/v2\/posts"}],"about":[{"href":"https:\/\/radioleinewelle.de\/index.php\/wp-json\/wp\/v2\/types\/post"}],"author":[{"embeddable":true,"href":"https:\/\/radioleinewelle.de\/index.php\/wp-json\/wp\/v2\/users\/1"}],"replies":[{"embeddable":true,"href":"https:\/\/radioleinewelle.de\/index.php\/wp-json\/wp\/v2\/comments?post=2592"}],"version-history":[{"count":0,"href":"https:\/\/radioleinewelle.de\/index.php\/wp-json\/wp\/v2\/posts\/2592\/revisions"}],"wp:attachment":[{"href":"https:\/\/radioleinewelle.de\/index.php\/wp-json\/wp\/v2\/media?parent=2592"}],"wp:term":[{"taxonomy":"category","embeddable":true,"href":"https:\/\/radioleinewelle.de\/index.php\/wp-json\/wp\/v2\/categories?post=2592"},{"taxonomy":"post_tag","embeddable":true,"href":"https:\/\/radioleinewelle.de\/index.php\/wp-json\/wp\/v2\/tags?post=2592"}],"curies":[{"name":"wp","href":"https:\/\/api.w.org\/{rel}","templated":true}]}}