{"id":25923,"date":"2024-08-13T08:08:26","date_gmt":"2024-08-13T06:08:26","guid":{"rendered":"https:\/\/radioleinewelle.de\/?p=25923"},"modified":"2024-08-13T08:08:27","modified_gmt":"2024-08-13T06:08:27","slug":"landkreise-goettingen-und-goslar-erlassen-betretungs-und-aufenthaltsverbot-fuer-rainbow-family","status":"publish","type":"post","link":"https:\/\/radioleinewelle.de\/index.php\/2024\/08\/13\/landkreise-goettingen-und-goslar-erlassen-betretungs-und-aufenthaltsverbot-fuer-rainbow-family\/","title":{"rendered":"Landkreise G\u00f6ttingen und Goslar erlassen Betretungs- und Aufenthaltsverbot f\u00fcr &#8222;Rainbow Family&#8220;"},"content":{"rendered":"\n<p>Wegen einer nicht angemeldeten Gro\u00dfveranstaltung in einem gemeindefreien Landschaftsschutzgebiet zwischen Bad Grund und Clausthal Zellerfeld nahe den Hahnebalzer Teichen und dem Taternplatz haben der Landkreis G\u00f6ttingen und der Landkreis Goslar ein Betretungs- und Aufenthaltsverbot in einem rund 200 Hektar gro\u00dfen Gebiet erlassen.<\/p>\n\n\n\n<p>Um die \u00f6ffentliche Sicherheit und Ordnung wiederherzustellen, wurde eine sogenannte <strong><a href=\"https:\/\/www.landkreisgoettingen.de\/aktuelles\/amtliche-bekanntmachungen\/amtsblatt\/amtsblatt-fuer-den-landkreis-goettingen-nr-35-vom-12082024\">&#8222;Allgemeinverf\u00fcgung&#8220;<\/a><\/strong> erlassen. Diese diene nicht zuletzt dazu, die erh\u00f6hte Gefahr f\u00fcr Leib und Leben der Teilnehmenden und der Rettungskr\u00e4fte zu minimieren, so die Landkreise in einer Stellungnahme.  Damit werden die derzeit rund 1.000 Teilnehmer*innen der nicht angemeldeten Zusammenkunft aufgefordert, das Gebiet zu verlassen.<\/p>\n\n\n\n<p>Seit Sonntag, 11. August 2024, haben sich bereits ca. 1.000 Mitglieder der sogenannten \u201eRainbow Family\u201c im Landschaftsschutzgebiet zwischen den Hahnebalzer Teichen und dem Taternplatz zu einer nicht-genehmigten Versammlung (Gathering) zusammengefunden. Zuvor war die Rainbow-J\u00fcngerschaft im Landkreis Northeim durch die Stadt Uslar aufgefordert worden, die dort illegal aufgeschlagenen Zelte abzubrechen. Die Zahl der Teilnehmenden steigt weiter, wozu die erh\u00f6hte mediale Aufmerksamkeit beitr\u00e4gt.<\/p>\n\n\n\n<p>Gespr\u00e4che mit den Teilnehmenden, sich an Vorschriften zu halten und beispielsweise offenes Feuer zu l\u00f6schen, blieben ergebnislos und wurden seitens der Beh\u00f6rdenvertreter*innen abgebrochen. Versuche, eventuell geeignete Grundst\u00fccke als Ausweichfl\u00e4che anbieten zu k\u00f6nnen, blieben bisher ebenso ergebnislos.&nbsp;<\/p>\n\n\n\n<p>\u201eJeder Veranstalter wei\u00df, welchen logistischen Aufwand man betreiben muss, um eine Veranstaltung dieser Gr\u00f6\u00dfe zu organisieren, die sicher durchgef\u00fchrt werden kann\u201c, sagt Kreisr\u00e4tin Marlies Dornieden in einer Stellungnahme. Man k\u00f6nne nicht einfach im Hochsommer irgendwo im Wald oder am Waldrand zusammenkommen, offenes Feuer machen und ohne sanit\u00e4re Einrichtungen eine Gro\u00dfveranstaltung stattfinden lassen. Dies erh\u00f6ht zudem tagt\u00e4glich auch das das Risiko einer m\u00f6glichen Infektion. Campen im Landschaftsschutzgebiet sei dar\u00fcber hinaus grunds\u00e4tzlich genehmigungspflichtig. Die Anmeldungspflicht \u00f6ffentlicher Veranstaltungen dient zum einen der Sicherheit und liegt zum anderen im Interesse der Organisierenden: Ob auf einem Privatgel\u00e4nde oder im \u00f6ffentlichen Raum \u2013 Veranstalter*innen eines \u00f6ffentlichen Ereignisses sind verantwortlich f\u00fcr den Schutz und die Sicherheit der Besucher*innen, Helfer*innen, Nachbar*innen und der \u00d6ffentlichkeit. \u201eWegen Waldbrandgefahr sind weder gro\u00dfe noch kleine Feuer zul\u00e4ssig, mehrere hundert Menschen, unter anderem auch Kleinkinder, und wild geparkte Fahrzeuge w\u00fcrden im Ernstfall eine Rettung erschweren bzw. unm\u00f6glich machen\u201c, erl\u00e4utert Marlies Dornieden, Dezernentin f\u00fcr Sicherheit, Ordnung und Feuerwehr, weiter.<\/p>\n","protected":false},"excerpt":{"rendered":"<p>Wegen einer nicht angemeldeten Gro\u00dfveranstaltung in einem gemeindefreien Landschaftsschutzgebiet zwischen Bad Grund und Clausthal Zellerfeld nahe den Hahnebalzer Teichen und dem Taternplatz haben der Landkreis G\u00f6ttingen und der Landkreis Goslar ein Betretungs- und Aufenthaltsverbot in einem rund 200 Hektar gro\u00dfen Gebiet erlassen. Um die \u00f6ffentliche Sicherheit und Ordnung wiederherzustellen, wurde eine sogenannte &#8222;Allgemeinverf\u00fcgung&#8220; erlassen. Diese [&hellip;]<\/p>\n","protected":false},"author":1,"featured_media":24274,"comment_status":"open","ping_status":"open","sticky":true,"template":"","format":"standard","meta":{"saved_in_kubio":false,"footnotes":""},"categories":[1],"tags":[],"class_list":["post-25923","post","type-post","status-publish","format-standard","has-post-thumbnail","hentry","category-allgemein"],"yoast_head":"<!-- This site is optimized with the Yoast SEO plugin v27.5 - https:\/\/yoast.com\/product\/yoast-seo-wordpress\/ -->\n<title>Landkreise G\u00f6ttingen und Goslar erlassen Betretungs- und Aufenthaltsverbot f\u00fcr &quot;Rainbow Family&quot; - Radio Leinewelle<\/title>\n<meta name=\"robots\" content=\"index, follow, max-snippet:-1, max-image-preview:large, max-video-preview:-1\" \/>\n<link rel=\"canonical\" href=\"https:\/\/radioleinewelle.de\/index.php\/2024\/08\/13\/landkreise-goettingen-und-goslar-erlassen-betretungs-und-aufenthaltsverbot-fuer-rainbow-family\/\" \/>\n<meta property=\"og:locale\" content=\"de_DE\" \/>\n<meta property=\"og:type\" content=\"article\" \/>\n<meta property=\"og:title\" content=\"Landkreise G\u00f6ttingen und Goslar erlassen Betretungs- und Aufenthaltsverbot f\u00fcr &quot;Rainbow Family&quot; - Radio Leinewelle\" \/>\n<meta property=\"og:description\" content=\"Wegen einer nicht angemeldeten Gro\u00dfveranstaltung in einem gemeindefreien Landschaftsschutzgebiet zwischen Bad Grund und Clausthal Zellerfeld nahe den Hahnebalzer Teichen und dem Taternplatz haben der Landkreis G\u00f6ttingen und der Landkreis Goslar ein Betretungs- und Aufenthaltsverbot in einem rund 200 Hektar gro\u00dfen Gebiet erlassen. Um die \u00f6ffentliche Sicherheit und Ordnung wiederherzustellen, wurde eine sogenannte &#8222;Allgemeinverf\u00fcgung&#8220; erlassen. Diese [&hellip;]\" \/>\n<meta property=\"og:url\" content=\"https:\/\/radioleinewelle.de\/index.php\/2024\/08\/13\/landkreise-goettingen-und-goslar-erlassen-betretungs-und-aufenthaltsverbot-fuer-rainbow-family\/\" \/>\n<meta property=\"og:site_name\" content=\"Radio Leinewelle\" \/>\n<meta property=\"article:publisher\" content=\"https:\/\/www.facebook.com\/radioleinewelle\" \/>\n<meta property=\"article:author\" content=\"https:\/\/www.facebook.com\/radioleinewelle\" \/>\n<meta property=\"article:published_time\" content=\"2024-08-13T06:08:26+00:00\" \/>\n<meta property=\"article:modified_time\" content=\"2024-08-13T06:08:27+00:00\" \/>\n<meta property=\"og:image\" content=\"https:\/\/radioleinewelle.de\/wp-content\/uploads\/2023\/11\/Leinewelle-News-scaled-1.jpeg\" \/>\n\t<meta property=\"og:image:width\" content=\"2560\" \/>\n\t<meta property=\"og:image:height\" content=\"2560\" \/>\n\t<meta property=\"og:image:type\" content=\"image\/jpeg\" \/>\n<meta name=\"author\" content=\"Leinewelle\" \/>\n<meta name=\"twitter:card\" content=\"summary_large_image\" \/>\n<meta name=\"twitter:creator\" content=\"@https:\/\/twitter.com\/RLeinewelle?ref_src=twsrcgoogletwcampserptwgrauthor\" \/>\n<meta name=\"twitter:site\" content=\"@RLeinewelle\" \/>\n<meta name=\"twitter:label1\" content=\"Verfasst von\" \/>\n\t<meta name=\"twitter:data1\" content=\"Leinewelle\" \/>\n\t<meta name=\"twitter:label2\" content=\"Gesch\u00e4tzte Lesezeit\" \/>\n\t<meta name=\"twitter:data2\" content=\"3\u00a0Minuten\" \/>\n<script type=\"application\/ld+json\" class=\"yoast-schema-graph\">{\"@context\":\"https:\\\/\\\/schema.org\",\"@graph\":[{\"@type\":\"Article\",\"@id\":\"https:\\\/\\\/radioleinewelle.de\\\/index.php\\\/2024\\\/08\\\/13\\\/landkreise-goettingen-und-goslar-erlassen-betretungs-und-aufenthaltsverbot-fuer-rainbow-family\\\/#article\",\"isPartOf\":{\"@id\":\"https:\\\/\\\/radioleinewelle.de\\\/index.php\\\/2024\\\/08\\\/13\\\/landkreise-goettingen-und-goslar-erlassen-betretungs-und-aufenthaltsverbot-fuer-rainbow-family\\\/\"},\"author\":{\"name\":\"Leinewelle\",\"@id\":\"https:\\\/\\\/radioleinewelle.de\\\/#\\\/schema\\\/person\\\/45606f348637df637192dc1b68399a63\"},\"headline\":\"Landkreise G\u00f6ttingen und Goslar erlassen Betretungs- und Aufenthaltsverbot f\u00fcr &#8222;Rainbow Family&#8220;\",\"datePublished\":\"2024-08-13T06:08:26+00:00\",\"dateModified\":\"2024-08-13T06:08:27+00:00\",\"mainEntityOfPage\":{\"@id\":\"https:\\\/\\\/radioleinewelle.de\\\/index.php\\\/2024\\\/08\\\/13\\\/landkreise-goettingen-und-goslar-erlassen-betretungs-und-aufenthaltsverbot-fuer-rainbow-family\\\/\"},\"wordCount\":396,\"commentCount\":0,\"publisher\":{\"@id\":\"https:\\\/\\\/radioleinewelle.de\\\/#organization\"},\"image\":{\"@id\":\"https:\\\/\\\/radioleinewelle.de\\\/index.php\\\/2024\\\/08\\\/13\\\/landkreise-goettingen-und-goslar-erlassen-betretungs-und-aufenthaltsverbot-fuer-rainbow-family\\\/#primaryimage\"},\"thumbnailUrl\":\"https:\\\/\\\/radioleinewelle.de\\\/wp-content\\\/uploads\\\/2023\\\/11\\\/Leinewelle-News-scaled-1.jpeg\",\"inLanguage\":\"de\",\"potentialAction\":[{\"@type\":\"CommentAction\",\"name\":\"Comment\",\"target\":[\"https:\\\/\\\/radioleinewelle.de\\\/index.php\\\/2024\\\/08\\\/13\\\/landkreise-goettingen-und-goslar-erlassen-betretungs-und-aufenthaltsverbot-fuer-rainbow-family\\\/#respond\"]}]},{\"@type\":\"WebPage\",\"@id\":\"https:\\\/\\\/radioleinewelle.de\\\/index.php\\\/2024\\\/08\\\/13\\\/landkreise-goettingen-und-goslar-erlassen-betretungs-und-aufenthaltsverbot-fuer-rainbow-family\\\/\",\"url\":\"https:\\\/\\\/radioleinewelle.de\\\/index.php\\\/2024\\\/08\\\/13\\\/landkreise-goettingen-und-goslar-erlassen-betretungs-und-aufenthaltsverbot-fuer-rainbow-family\\\/\",\"name\":\"Landkreise G\u00f6ttingen und Goslar erlassen Betretungs- und Aufenthaltsverbot f\u00fcr \\\"Rainbow Family\\\" - Radio Leinewelle\",\"isPartOf\":{\"@id\":\"https:\\\/\\\/radioleinewelle.de\\\/#website\"},\"primaryImageOfPage\":{\"@id\":\"https:\\\/\\\/radioleinewelle.de\\\/index.php\\\/2024\\\/08\\\/13\\\/landkreise-goettingen-und-goslar-erlassen-betretungs-und-aufenthaltsverbot-fuer-rainbow-family\\\/#primaryimage\"},\"image\":{\"@id\":\"https:\\\/\\\/radioleinewelle.de\\\/index.php\\\/2024\\\/08\\\/13\\\/landkreise-goettingen-und-goslar-erlassen-betretungs-und-aufenthaltsverbot-fuer-rainbow-family\\\/#primaryimage\"},\"thumbnailUrl\":\"https:\\\/\\\/radioleinewelle.de\\\/wp-content\\\/uploads\\\/2023\\\/11\\\/Leinewelle-News-scaled-1.jpeg\",\"datePublished\":\"2024-08-13T06:08:26+00:00\",\"dateModified\":\"2024-08-13T06:08:27+00:00\",\"breadcrumb\":{\"@id\":\"https:\\\/\\\/radioleinewelle.de\\\/index.php\\\/2024\\\/08\\\/13\\\/landkreise-goettingen-und-goslar-erlassen-betretungs-und-aufenthaltsverbot-fuer-rainbow-family\\\/#breadcrumb\"},\"inLanguage\":\"de\",\"potentialAction\":[{\"@type\":\"ReadAction\",\"target\":[\"https:\\\/\\\/radioleinewelle.de\\\/index.php\\\/2024\\\/08\\\/13\\\/landkreise-goettingen-und-goslar-erlassen-betretungs-und-aufenthaltsverbot-fuer-rainbow-family\\\/\"]}]},{\"@type\":\"ImageObject\",\"inLanguage\":\"de\",\"@id\":\"https:\\\/\\\/radioleinewelle.de\\\/index.php\\\/2024\\\/08\\\/13\\\/landkreise-goettingen-und-goslar-erlassen-betretungs-und-aufenthaltsverbot-fuer-rainbow-family\\\/#primaryimage\",\"url\":\"https:\\\/\\\/radioleinewelle.de\\\/wp-content\\\/uploads\\\/2023\\\/11\\\/Leinewelle-News-scaled-1.jpeg\",\"contentUrl\":\"https:\\\/\\\/radioleinewelle.de\\\/wp-content\\\/uploads\\\/2023\\\/11\\\/Leinewelle-News-scaled-1.jpeg\",\"width\":2560,\"height\":2560},{\"@type\":\"BreadcrumbList\",\"@id\":\"https:\\\/\\\/radioleinewelle.de\\\/index.php\\\/2024\\\/08\\\/13\\\/landkreise-goettingen-und-goslar-erlassen-betretungs-und-aufenthaltsverbot-fuer-rainbow-family\\\/#breadcrumb\",\"itemListElement\":[{\"@type\":\"ListItem\",\"position\":1,\"name\":\"Startseite\",\"item\":\"https:\\\/\\\/radioleinewelle.de\\\/\"},{\"@type\":\"ListItem\",\"position\":2,\"name\":\"Landkreise G\u00f6ttingen und Goslar erlassen Betretungs- und Aufenthaltsverbot f\u00fcr &#8220;Rainbow Family&#8221;\"}]},{\"@type\":\"WebSite\",\"@id\":\"https:\\\/\\\/radioleinewelle.de\\\/#website\",\"url\":\"https:\\\/\\\/radioleinewelle.de\\\/\",\"name\":\"Radio Leinewelle\",\"description\":\"\",\"publisher\":{\"@id\":\"https:\\\/\\\/radioleinewelle.de\\\/#organization\"},\"potentialAction\":[{\"@type\":\"SearchAction\",\"target\":{\"@type\":\"EntryPoint\",\"urlTemplate\":\"https:\\\/\\\/radioleinewelle.de\\\/?s={search_term_string}\"},\"query-input\":{\"@type\":\"PropertyValueSpecification\",\"valueRequired\":true,\"valueName\":\"search_term_string\"}}],\"inLanguage\":\"de\"},{\"@type\":\"Organization\",\"@id\":\"https:\\\/\\\/radioleinewelle.de\\\/#organization\",\"name\":\"Radio Leinewelle\",\"alternateName\":\"Mein Radio f\u00fcr S\u00fcdniedersachsen\",\"url\":\"https:\\\/\\\/radioleinewelle.de\\\/\",\"logo\":{\"@type\":\"ImageObject\",\"inLanguage\":\"de\",\"@id\":\"https:\\\/\\\/radioleinewelle.de\\\/#\\\/schema\\\/logo\\\/image\\\/\",\"url\":\"https:\\\/\\\/radioleinewelle.de\\\/wp-content\\\/uploads\\\/2023\\\/11\\\/cropped-Leinewelle_Logo_weiss.png\",\"contentUrl\":\"https:\\\/\\\/radioleinewelle.de\\\/wp-content\\\/uploads\\\/2023\\\/11\\\/cropped-Leinewelle_Logo_weiss.png\",\"width\":854,\"height\":260,\"caption\":\"Radio Leinewelle\"},\"image\":{\"@id\":\"https:\\\/\\\/radioleinewelle.de\\\/#\\\/schema\\\/logo\\\/image\\\/\"},\"sameAs\":[\"https:\\\/\\\/www.facebook.com\\\/radioleinewelle\",\"https:\\\/\\\/x.com\\\/RLeinewelle\",\"https:\\\/\\\/www.instagram.com\\\/radioleinewelle\\\/?hl=de\"]},{\"@type\":\"Person\",\"@id\":\"https:\\\/\\\/radioleinewelle.de\\\/#\\\/schema\\\/person\\\/45606f348637df637192dc1b68399a63\",\"name\":\"Leinewelle\",\"image\":{\"@type\":\"ImageObject\",\"inLanguage\":\"de\",\"@id\":\"https:\\\/\\\/secure.gravatar.com\\\/avatar\\\/05c9a17bc973052ee5d91549bd32fb4dd0dc85b7b85ae94b2e2b4943476bbea5?s=96&d=blank&r=g\",\"url\":\"https:\\\/\\\/secure.gravatar.com\\\/avatar\\\/05c9a17bc973052ee5d91549bd32fb4dd0dc85b7b85ae94b2e2b4943476bbea5?s=96&d=blank&r=g\",\"contentUrl\":\"https:\\\/\\\/secure.gravatar.com\\\/avatar\\\/05c9a17bc973052ee5d91549bd32fb4dd0dc85b7b85ae94b2e2b4943476bbea5?s=96&d=blank&r=g\",\"caption\":\"Leinewelle\"},\"sameAs\":[\"http:\\\/\\\/localhost\\\/radio%20leinewelle\\\/wordpress\",\"https:\\\/\\\/www.facebook.com\\\/radioleinewelle\",\"https:\\\/\\\/www.instagram.com\\\/radioleinewelle\",\"https:\\\/\\\/x.com\\\/https:\\\/\\\/twitter.com\\\/RLeinewelle?ref_src=twsrcgoogletwcampserptwgrauthor\",\"https:\\\/\\\/soundcloud.com\\\/foerderverein-lokalradio?utm_source=clipboard&utm_medium=text&utm_campaign=social_sharing\"],\"url\":\"https:\\\/\\\/radioleinewelle.de\\\/index.php\\\/author\\\/leinewelle\\\/\"}]}<\/script>\n<!-- \/ Yoast SEO plugin. -->","yoast_head_json":{"title":"Landkreise G\u00f6ttingen und Goslar erlassen Betretungs- und Aufenthaltsverbot f\u00fcr \"Rainbow Family\" - Radio Leinewelle","robots":{"index":"index","follow":"follow","max-snippet":"max-snippet:-1","max-image-preview":"max-image-preview:large","max-video-preview":"max-video-preview:-1"},"canonical":"https:\/\/radioleinewelle.de\/index.php\/2024\/08\/13\/landkreise-goettingen-und-goslar-erlassen-betretungs-und-aufenthaltsverbot-fuer-rainbow-family\/","og_locale":"de_DE","og_type":"article","og_title":"Landkreise G\u00f6ttingen und Goslar erlassen Betretungs- und Aufenthaltsverbot f\u00fcr \"Rainbow Family\" - Radio Leinewelle","og_description":"Wegen einer nicht angemeldeten Gro\u00dfveranstaltung in einem gemeindefreien Landschaftsschutzgebiet zwischen Bad Grund und Clausthal Zellerfeld nahe den Hahnebalzer Teichen und dem Taternplatz haben der Landkreis G\u00f6ttingen und der Landkreis Goslar ein Betretungs- und Aufenthaltsverbot in einem rund 200 Hektar gro\u00dfen Gebiet erlassen. Um die \u00f6ffentliche Sicherheit und Ordnung wiederherzustellen, wurde eine sogenannte &#8222;Allgemeinverf\u00fcgung&#8220; erlassen. Diese [&hellip;]","og_url":"https:\/\/radioleinewelle.de\/index.php\/2024\/08\/13\/landkreise-goettingen-und-goslar-erlassen-betretungs-und-aufenthaltsverbot-fuer-rainbow-family\/","og_site_name":"Radio Leinewelle","article_publisher":"https:\/\/www.facebook.com\/radioleinewelle","article_author":"https:\/\/www.facebook.com\/radioleinewelle","article_published_time":"2024-08-13T06:08:26+00:00","article_modified_time":"2024-08-13T06:08:27+00:00","og_image":[{"width":2560,"height":2560,"url":"https:\/\/radioleinewelle.de\/wp-content\/uploads\/2023\/11\/Leinewelle-News-scaled-1.jpeg","type":"image\/jpeg"}],"author":"Leinewelle","twitter_card":"summary_large_image","twitter_creator":"@https:\/\/twitter.com\/RLeinewelle?ref_src=twsrcgoogletwcampserptwgrauthor","twitter_site":"@RLeinewelle","twitter_misc":{"Verfasst von":"Leinewelle","Gesch\u00e4tzte Lesezeit":"3\u00a0Minuten"},"schema":{"@context":"https:\/\/schema.org","@graph":[{"@type":"Article","@id":"https:\/\/radioleinewelle.de\/index.php\/2024\/08\/13\/landkreise-goettingen-und-goslar-erlassen-betretungs-und-aufenthaltsverbot-fuer-rainbow-family\/#article","isPartOf":{"@id":"https:\/\/radioleinewelle.de\/index.php\/2024\/08\/13\/landkreise-goettingen-und-goslar-erlassen-betretungs-und-aufenthaltsverbot-fuer-rainbow-family\/"},"author":{"name":"Leinewelle","@id":"https:\/\/radioleinewelle.de\/#\/schema\/person\/45606f348637df637192dc1b68399a63"},"headline":"Landkreise G\u00f6ttingen und Goslar erlassen Betretungs- und Aufenthaltsverbot f\u00fcr &#8222;Rainbow Family&#8220;","datePublished":"2024-08-13T06:08:26+00:00","dateModified":"2024-08-13T06:08:27+00:00","mainEntityOfPage":{"@id":"https:\/\/radioleinewelle.de\/index.php\/2024\/08\/13\/landkreise-goettingen-und-goslar-erlassen-betretungs-und-aufenthaltsverbot-fuer-rainbow-family\/"},"wordCount":396,"commentCount":0,"publisher":{"@id":"https:\/\/radioleinewelle.de\/#organization"},"image":{"@id":"https:\/\/radioleinewelle.de\/index.php\/2024\/08\/13\/landkreise-goettingen-und-goslar-erlassen-betretungs-und-aufenthaltsverbot-fuer-rainbow-family\/#primaryimage"},"thumbnailUrl":"https:\/\/radioleinewelle.de\/wp-content\/uploads\/2023\/11\/Leinewelle-News-scaled-1.jpeg","inLanguage":"de","potentialAction":[{"@type":"CommentAction","name":"Comment","target":["https:\/\/radioleinewelle.de\/index.php\/2024\/08\/13\/landkreise-goettingen-und-goslar-erlassen-betretungs-und-aufenthaltsverbot-fuer-rainbow-family\/#respond"]}]},{"@type":"WebPage","@id":"https:\/\/radioleinewelle.de\/index.php\/2024\/08\/13\/landkreise-goettingen-und-goslar-erlassen-betretungs-und-aufenthaltsverbot-fuer-rainbow-family\/","url":"https:\/\/radioleinewelle.de\/index.php\/2024\/08\/13\/landkreise-goettingen-und-goslar-erlassen-betretungs-und-aufenthaltsverbot-fuer-rainbow-family\/","name":"Landkreise G\u00f6ttingen und Goslar erlassen Betretungs- und Aufenthaltsverbot f\u00fcr \"Rainbow Family\" - Radio Leinewelle","isPartOf":{"@id":"https:\/\/radioleinewelle.de\/#website"},"primaryImageOfPage":{"@id":"https:\/\/radioleinewelle.de\/index.php\/2024\/08\/13\/landkreise-goettingen-und-goslar-erlassen-betretungs-und-aufenthaltsverbot-fuer-rainbow-family\/#primaryimage"},"image":{"@id":"https:\/\/radioleinewelle.de\/index.php\/2024\/08\/13\/landkreise-goettingen-und-goslar-erlassen-betretungs-und-aufenthaltsverbot-fuer-rainbow-family\/#primaryimage"},"thumbnailUrl":"https:\/\/radioleinewelle.de\/wp-content\/uploads\/2023\/11\/Leinewelle-News-scaled-1.jpeg","datePublished":"2024-08-13T06:08:26+00:00","dateModified":"2024-08-13T06:08:27+00:00","breadcrumb":{"@id":"https:\/\/radioleinewelle.de\/index.php\/2024\/08\/13\/landkreise-goettingen-und-goslar-erlassen-betretungs-und-aufenthaltsverbot-fuer-rainbow-family\/#breadcrumb"},"inLanguage":"de","potentialAction":[{"@type":"ReadAction","target":["https:\/\/radioleinewelle.de\/index.php\/2024\/08\/13\/landkreise-goettingen-und-goslar-erlassen-betretungs-und-aufenthaltsverbot-fuer-rainbow-family\/"]}]},{"@type":"ImageObject","inLanguage":"de","@id":"https:\/\/radioleinewelle.de\/index.php\/2024\/08\/13\/landkreise-goettingen-und-goslar-erlassen-betretungs-und-aufenthaltsverbot-fuer-rainbow-family\/#primaryimage","url":"https:\/\/radioleinewelle.de\/wp-content\/uploads\/2023\/11\/Leinewelle-News-scaled-1.jpeg","contentUrl":"https:\/\/radioleinewelle.de\/wp-content\/uploads\/2023\/11\/Leinewelle-News-scaled-1.jpeg","width":2560,"height":2560},{"@type":"BreadcrumbList","@id":"https:\/\/radioleinewelle.de\/index.php\/2024\/08\/13\/landkreise-goettingen-und-goslar-erlassen-betretungs-und-aufenthaltsverbot-fuer-rainbow-family\/#breadcrumb","itemListElement":[{"@type":"ListItem","position":1,"name":"Startseite","item":"https:\/\/radioleinewelle.de\/"},{"@type":"ListItem","position":2,"name":"Landkreise G\u00f6ttingen und Goslar erlassen Betretungs- und Aufenthaltsverbot f\u00fcr &#8220;Rainbow Family&#8221;"}]},{"@type":"WebSite","@id":"https:\/\/radioleinewelle.de\/#website","url":"https:\/\/radioleinewelle.de\/","name":"Radio Leinewelle","description":"","publisher":{"@id":"https:\/\/radioleinewelle.de\/#organization"},"potentialAction":[{"@type":"SearchAction","target":{"@type":"EntryPoint","urlTemplate":"https:\/\/radioleinewelle.de\/?s={search_term_string}"},"query-input":{"@type":"PropertyValueSpecification","valueRequired":true,"valueName":"search_term_string"}}],"inLanguage":"de"},{"@type":"Organization","@id":"https:\/\/radioleinewelle.de\/#organization","name":"Radio Leinewelle","alternateName":"Mein Radio f\u00fcr S\u00fcdniedersachsen","url":"https:\/\/radioleinewelle.de\/","logo":{"@type":"ImageObject","inLanguage":"de","@id":"https:\/\/radioleinewelle.de\/#\/schema\/logo\/image\/","url":"https:\/\/radioleinewelle.de\/wp-content\/uploads\/2023\/11\/cropped-Leinewelle_Logo_weiss.png","contentUrl":"https:\/\/radioleinewelle.de\/wp-content\/uploads\/2023\/11\/cropped-Leinewelle_Logo_weiss.png","width":854,"height":260,"caption":"Radio Leinewelle"},"image":{"@id":"https:\/\/radioleinewelle.de\/#\/schema\/logo\/image\/"},"sameAs":["https:\/\/www.facebook.com\/radioleinewelle","https:\/\/x.com\/RLeinewelle","https:\/\/www.instagram.com\/radioleinewelle\/?hl=de"]},{"@type":"Person","@id":"https:\/\/radioleinewelle.de\/#\/schema\/person\/45606f348637df637192dc1b68399a63","name":"Leinewelle","image":{"@type":"ImageObject","inLanguage":"de","@id":"https:\/\/secure.gravatar.com\/avatar\/05c9a17bc973052ee5d91549bd32fb4dd0dc85b7b85ae94b2e2b4943476bbea5?s=96&d=blank&r=g","url":"https:\/\/secure.gravatar.com\/avatar\/05c9a17bc973052ee5d91549bd32fb4dd0dc85b7b85ae94b2e2b4943476bbea5?s=96&d=blank&r=g","contentUrl":"https:\/\/secure.gravatar.com\/avatar\/05c9a17bc973052ee5d91549bd32fb4dd0dc85b7b85ae94b2e2b4943476bbea5?s=96&d=blank&r=g","caption":"Leinewelle"},"sameAs":["http:\/\/localhost\/radio%20leinewelle\/wordpress","https:\/\/www.facebook.com\/radioleinewelle","https:\/\/www.instagram.com\/radioleinewelle","https:\/\/x.com\/https:\/\/twitter.com\/RLeinewelle?ref_src=twsrcgoogletwcampserptwgrauthor","https:\/\/soundcloud.com\/foerderverein-lokalradio?utm_source=clipboard&utm_medium=text&utm_campaign=social_sharing"],"url":"https:\/\/radioleinewelle.de\/index.php\/author\/leinewelle\/"}]}},"_links":{"self":[{"href":"https:\/\/radioleinewelle.de\/index.php\/wp-json\/wp\/v2\/posts\/25923","targetHints":{"allow":["GET"]}}],"collection":[{"href":"https:\/\/radioleinewelle.de\/index.php\/wp-json\/wp\/v2\/posts"}],"about":[{"href":"https:\/\/radioleinewelle.de\/index.php\/wp-json\/wp\/v2\/types\/post"}],"author":[{"embeddable":true,"href":"https:\/\/radioleinewelle.de\/index.php\/wp-json\/wp\/v2\/users\/1"}],"replies":[{"embeddable":true,"href":"https:\/\/radioleinewelle.de\/index.php\/wp-json\/wp\/v2\/comments?post=25923"}],"version-history":[{"count":4,"href":"https:\/\/radioleinewelle.de\/index.php\/wp-json\/wp\/v2\/posts\/25923\/revisions"}],"predecessor-version":[{"id":25927,"href":"https:\/\/radioleinewelle.de\/index.php\/wp-json\/wp\/v2\/posts\/25923\/revisions\/25927"}],"wp:featuredmedia":[{"embeddable":true,"href":"https:\/\/radioleinewelle.de\/index.php\/wp-json\/wp\/v2\/media\/24274"}],"wp:attachment":[{"href":"https:\/\/radioleinewelle.de\/index.php\/wp-json\/wp\/v2\/media?parent=25923"}],"wp:term":[{"taxonomy":"category","embeddable":true,"href":"https:\/\/radioleinewelle.de\/index.php\/wp-json\/wp\/v2\/categories?post=25923"},{"taxonomy":"post_tag","embeddable":true,"href":"https:\/\/radioleinewelle.de\/index.php\/wp-json\/wp\/v2\/tags?post=25923"}],"curies":[{"name":"wp","href":"https:\/\/api.w.org\/{rel}","templated":true}]}}