{"id":25929,"date":"2024-08-14T09:25:17","date_gmt":"2024-08-14T07:25:17","guid":{"rendered":"https:\/\/radioleinewelle.de\/?p=25929"},"modified":"2024-08-14T09:25:42","modified_gmt":"2024-08-14T07:25:42","slug":"nachrichten-und-infos-am-14-08","status":"publish","type":"post","link":"https:\/\/radioleinewelle.de\/index.php\/2024\/08\/14\/nachrichten-und-infos-am-14-08\/","title":{"rendered":"Nachrichten und Infos am 14.08."},"content":{"rendered":"\n<p>+++ Gute Nachrichten f\u00fcr ABBA Fans: dank der gro\u00dfen Nachfrage gibt es zwei weitere Zusatzvorstellungen vom Mamma Mia Sing-along Concert auf der <strong>Bremker Waldb\u00fchne<\/strong>. Und zwar: Samstag, den 24. August um 19 Uhr&nbsp; und  Sonntag, den 25. August um 17 Uhr. Tickets gibt es <strong><a href=\"http:\/\/www.goeticket.de\/event-organizer\/waldbuehne-bremke-e-v\/\">online<\/a><\/strong>&nbsp;und an der Abendkasse. Einlass eine Stund vor Beginn. Ein Nachmittag oder Abend gef\u00fcllt mit den bekannten ABBA Hits aus dem beliebten Musical \u201eMamma Mia\u201c.  +++<\/p>\n\n\n\n<p>+++ Auf der <strong>Bundesstra\u00dfe 27<\/strong> kommt es ab Mittwoch, 14. August 2024, im Zuge von Reparaturarbeiten zu Einschr\u00e4nkungen. Die Arbeiten sollen bis Freitag, 30. August 2024, abgeschlossen sein. Die Arbeiten beginnen im Bereich der Abbiegespur auf die Landesstra\u00dfe 554 in Richtung Adelebsen. Die Spur wird w\u00e4hrend der Arbeiten gesperrt, das Abbiegen bleibt \u00fcber den Kreisverkehr m\u00f6glich. Im Anschluss ist der Bereich an der Abfahrt in Richtung Holtensen betroffen. Die Abfahrt wird gesperrt, eine Umleitung f\u00fchrt \u00fcber den Kreisverkehr an der A7. Im weiteren Verlauf der Reparaturarbeiten sind folgende Bereiche von Einschr\u00e4nkungen betroffen: die Abfahrt in Richtung Industriegebiet, der Bereich zwischen der Kreuzung Knochenm\u00fchle und Roringen, der Bereich zwischen der Auffahrt Holtensen und der Abfahrt zur A7, Fahrtrichtung Adelebsen, sowie der Abschnitt \u00f6stlich der Kreuzung Knochenm\u00fchle. Der Verkehr wird jeweils an den Baustellen vorbeigef\u00fchrt. Im\u00a0<a href=\"https:\/\/stadtplan.goettingen.de\/Goettingen\/client\/gisclient\/index.html?&amp;applicationId=1105#layers\/66,67,69,68,64,63,65,62,58,61,59,60,57|header\/Baustellen\"><strong>digitalen Stadtplan<\/strong><\/a>\u00a0sind gr\u00f6\u00dfere Baustellen f\u00fcr die Dauer der Ma\u00dfnahmen zu finden. +++<\/p>\n\n\n\n<p>+++ An zwei Terminen im August sind Frauen zum <strong>Job-Fr\u00fchst\u00fcck<\/strong> eingeladen, um sich zum Thema Wiedereinstieg in die Erwerbst\u00e4tigkeit zu informieren und auszutauschen. Das neue Format wird bis Ende des Jahres alle zwei Monate an den Standorten G\u00f6ttingen, Hann. M\u00fcnden, Duderstadt und Osterode angeboten. Die Veranstaltungen im August finden am Freitag, 16. August 2024, von 9.30 bis 11.30 Uhr im Familienzentrum Rosdorf, Anne-Frank-Weg 2 in Rosdorf, und am Donnerstag, 29. August 2024, von 9.30 bis 11.30 Uhr im Familienzentrum Hann. M\u00fcnden, Kurhessenstra\u00dfe 4 in Hann. M\u00fcnden, statt. Teilnehmerinnen erhalten Informationen zum regionalen Arbeitsmarkt, Bewerbungstipps und Ratschl\u00e4ge von Expert*innen sowie eine M\u00f6glichkeit eines Bewerbungschecks. Kinder sind willkommen. Die Teilnahme ist kostenlos und ohne Anmeldung m\u00f6glich. Weitere Info auf&nbsp;<a href=\"http:\/\/www.frauen-wirtschaft.de\/\">www.frauen-wirtschaft.de<\/a>. +++<\/p>\n\n\n\n<p>+++ am\u00a0<strong>17.08.24\u00a0<\/strong>findet<strong>\u00a0<\/strong>von<strong>\u00a010 bis 13 Uhr<\/strong>\u00a0ein Kindergruppentreffen, organisiert vom <strong>BUND und BSG<\/strong>, zum Thema\u00a0<strong>&#8222;\u00dcberall Wasser&#8220;\u00a0<\/strong>statt.\u00a0Anme<strong>ldefrist ist am Freitag, den 16.08.24 um 12 Uhr.\u00a0<\/strong>Mit Experimenten und Spielen n\u00e4hern sich die Kinder den Besonderheiten und der Schutzbed\u00fcrftigkeit von Wasser auf unserem Planeten. Wann: 17.08.24 von 10:00-13:00 Uhr &#8211; der Treffpunkt wird nach Anmeldung bekannt gegeben. Die Anmeldung erfolgt \u00fcber unsere\u00a0<strong>E-Mail-Adresse:<\/strong>\u00a0<a href=\"mailto:%20naturforscher@bund-goettingen.de\">naturforscher@bund-goettingen.de<\/a> +++ <\/p>\n\n\n\n<p>+++ Wegen einer internen Veranstaltung bleibt das <strong>Kreishaus G\u00f6ttingen<\/strong>, Reinh\u00e4user Landstra\u00dfe 4, 37083 G\u00f6ttingen, am Mittwoch, 21.08.2024, f\u00fcr den Publikumsverkehr <strong>geschlossen<\/strong>. Aufgrund dieser Veranstaltung kann es auch dazu kommen, dass andere Fachbereiche an diesem Tag m\u00f6glicherweise nicht wie gewohnt erreichbar sein werden. Um Wartezeiten an diesem Tag zu vermeiden, wird empfohlen, sich vorab \u00fcber die Erreichbarkeit des jeweiligen Ansprechpartners oder des Fachbereichs zu informieren. +++<\/p>\n\n\n\n<p><\/p>\n","protected":false},"excerpt":{"rendered":"<p>+++ Gute Nachrichten f\u00fcr ABBA Fans: dank der gro\u00dfen Nachfrage gibt es zwei weitere Zusatzvorstellungen vom Mamma Mia Sing-along Concert auf der Bremker Waldb\u00fchne. Und zwar: Samstag, den 24. August um 19 Uhr&nbsp; und Sonntag, den 25. August um 17 Uhr. Tickets gibt es online&nbsp;und an der Abendkasse. Einlass eine Stund vor Beginn. Ein Nachmittag [&hellip;]<\/p>\n","protected":false},"author":1,"featured_media":24274,"comment_status":"open","ping_status":"open","sticky":true,"template":"","format":"standard","meta":{"saved_in_kubio":false,"footnotes":""},"categories":[1],"tags":[],"class_list":["post-25929","post","type-post","status-publish","format-standard","has-post-thumbnail","hentry","category-allgemein"],"yoast_head":"<!-- This site is optimized with the Yoast SEO plugin v27.5 - https:\/\/yoast.com\/product\/yoast-seo-wordpress\/ -->\n<title>Nachrichten und Infos am 14.08. - Radio Leinewelle<\/title>\n<meta name=\"robots\" content=\"index, follow, max-snippet:-1, max-image-preview:large, max-video-preview:-1\" \/>\n<link rel=\"canonical\" href=\"https:\/\/radioleinewelle.de\/index.php\/2024\/08\/14\/nachrichten-und-infos-am-14-08\/\" \/>\n<meta property=\"og:locale\" content=\"de_DE\" \/>\n<meta property=\"og:type\" content=\"article\" \/>\n<meta property=\"og:title\" content=\"Nachrichten und Infos am 14.08. - Radio Leinewelle\" \/>\n<meta property=\"og:description\" content=\"+++ Gute Nachrichten f\u00fcr ABBA Fans: dank der gro\u00dfen Nachfrage gibt es zwei weitere Zusatzvorstellungen vom Mamma Mia Sing-along Concert auf der Bremker Waldb\u00fchne. Und zwar: Samstag, den 24. August um 19 Uhr&nbsp; und Sonntag, den 25. August um 17 Uhr. Tickets gibt es online&nbsp;und an der Abendkasse. Einlass eine Stund vor Beginn. Ein Nachmittag [&hellip;]\" \/>\n<meta property=\"og:url\" content=\"https:\/\/radioleinewelle.de\/index.php\/2024\/08\/14\/nachrichten-und-infos-am-14-08\/\" \/>\n<meta property=\"og:site_name\" content=\"Radio Leinewelle\" \/>\n<meta property=\"article:publisher\" content=\"https:\/\/www.facebook.com\/radioleinewelle\" \/>\n<meta property=\"article:author\" content=\"https:\/\/www.facebook.com\/radioleinewelle\" \/>\n<meta property=\"article:published_time\" content=\"2024-08-14T07:25:17+00:00\" \/>\n<meta property=\"article:modified_time\" content=\"2024-08-14T07:25:42+00:00\" \/>\n<meta property=\"og:image\" content=\"https:\/\/radioleinewelle.de\/wp-content\/uploads\/2023\/11\/Leinewelle-News-scaled-1.jpeg\" \/>\n\t<meta property=\"og:image:width\" content=\"2560\" \/>\n\t<meta property=\"og:image:height\" content=\"2560\" \/>\n\t<meta property=\"og:image:type\" content=\"image\/jpeg\" \/>\n<meta name=\"author\" content=\"Leinewelle\" \/>\n<meta name=\"twitter:card\" content=\"summary_large_image\" \/>\n<meta name=\"twitter:creator\" content=\"@https:\/\/twitter.com\/RLeinewelle?ref_src=twsrcgoogletwcampserptwgrauthor\" \/>\n<meta name=\"twitter:site\" content=\"@RLeinewelle\" \/>\n<meta name=\"twitter:label1\" content=\"Verfasst von\" \/>\n\t<meta name=\"twitter:data1\" content=\"Leinewelle\" \/>\n\t<meta name=\"twitter:label2\" content=\"Gesch\u00e4tzte Lesezeit\" \/>\n\t<meta name=\"twitter:data2\" content=\"3\u00a0Minuten\" \/>\n<script type=\"application\/ld+json\" class=\"yoast-schema-graph\">{\"@context\":\"https:\\\/\\\/schema.org\",\"@graph\":[{\"@type\":\"Article\",\"@id\":\"https:\\\/\\\/radioleinewelle.de\\\/index.php\\\/2024\\\/08\\\/14\\\/nachrichten-und-infos-am-14-08\\\/#article\",\"isPartOf\":{\"@id\":\"https:\\\/\\\/radioleinewelle.de\\\/index.php\\\/2024\\\/08\\\/14\\\/nachrichten-und-infos-am-14-08\\\/\"},\"author\":{\"name\":\"Leinewelle\",\"@id\":\"https:\\\/\\\/radioleinewelle.de\\\/#\\\/schema\\\/person\\\/45606f348637df637192dc1b68399a63\"},\"headline\":\"Nachrichten und Infos am 14.08.\",\"datePublished\":\"2024-08-14T07:25:17+00:00\",\"dateModified\":\"2024-08-14T07:25:42+00:00\",\"mainEntityOfPage\":{\"@id\":\"https:\\\/\\\/radioleinewelle.de\\\/index.php\\\/2024\\\/08\\\/14\\\/nachrichten-und-infos-am-14-08\\\/\"},\"wordCount\":480,\"commentCount\":0,\"publisher\":{\"@id\":\"https:\\\/\\\/radioleinewelle.de\\\/#organization\"},\"image\":{\"@id\":\"https:\\\/\\\/radioleinewelle.de\\\/index.php\\\/2024\\\/08\\\/14\\\/nachrichten-und-infos-am-14-08\\\/#primaryimage\"},\"thumbnailUrl\":\"https:\\\/\\\/radioleinewelle.de\\\/wp-content\\\/uploads\\\/2023\\\/11\\\/Leinewelle-News-scaled-1.jpeg\",\"inLanguage\":\"de\",\"potentialAction\":[{\"@type\":\"CommentAction\",\"name\":\"Comment\",\"target\":[\"https:\\\/\\\/radioleinewelle.de\\\/index.php\\\/2024\\\/08\\\/14\\\/nachrichten-und-infos-am-14-08\\\/#respond\"]}]},{\"@type\":\"WebPage\",\"@id\":\"https:\\\/\\\/radioleinewelle.de\\\/index.php\\\/2024\\\/08\\\/14\\\/nachrichten-und-infos-am-14-08\\\/\",\"url\":\"https:\\\/\\\/radioleinewelle.de\\\/index.php\\\/2024\\\/08\\\/14\\\/nachrichten-und-infos-am-14-08\\\/\",\"name\":\"Nachrichten und Infos am 14.08. - Radio Leinewelle\",\"isPartOf\":{\"@id\":\"https:\\\/\\\/radioleinewelle.de\\\/#website\"},\"primaryImageOfPage\":{\"@id\":\"https:\\\/\\\/radioleinewelle.de\\\/index.php\\\/2024\\\/08\\\/14\\\/nachrichten-und-infos-am-14-08\\\/#primaryimage\"},\"image\":{\"@id\":\"https:\\\/\\\/radioleinewelle.de\\\/index.php\\\/2024\\\/08\\\/14\\\/nachrichten-und-infos-am-14-08\\\/#primaryimage\"},\"thumbnailUrl\":\"https:\\\/\\\/radioleinewelle.de\\\/wp-content\\\/uploads\\\/2023\\\/11\\\/Leinewelle-News-scaled-1.jpeg\",\"datePublished\":\"2024-08-14T07:25:17+00:00\",\"dateModified\":\"2024-08-14T07:25:42+00:00\",\"breadcrumb\":{\"@id\":\"https:\\\/\\\/radioleinewelle.de\\\/index.php\\\/2024\\\/08\\\/14\\\/nachrichten-und-infos-am-14-08\\\/#breadcrumb\"},\"inLanguage\":\"de\",\"potentialAction\":[{\"@type\":\"ReadAction\",\"target\":[\"https:\\\/\\\/radioleinewelle.de\\\/index.php\\\/2024\\\/08\\\/14\\\/nachrichten-und-infos-am-14-08\\\/\"]}]},{\"@type\":\"ImageObject\",\"inLanguage\":\"de\",\"@id\":\"https:\\\/\\\/radioleinewelle.de\\\/index.php\\\/2024\\\/08\\\/14\\\/nachrichten-und-infos-am-14-08\\\/#primaryimage\",\"url\":\"https:\\\/\\\/radioleinewelle.de\\\/wp-content\\\/uploads\\\/2023\\\/11\\\/Leinewelle-News-scaled-1.jpeg\",\"contentUrl\":\"https:\\\/\\\/radioleinewelle.de\\\/wp-content\\\/uploads\\\/2023\\\/11\\\/Leinewelle-News-scaled-1.jpeg\",\"width\":2560,\"height\":2560},{\"@type\":\"BreadcrumbList\",\"@id\":\"https:\\\/\\\/radioleinewelle.de\\\/index.php\\\/2024\\\/08\\\/14\\\/nachrichten-und-infos-am-14-08\\\/#breadcrumb\",\"itemListElement\":[{\"@type\":\"ListItem\",\"position\":1,\"name\":\"Startseite\",\"item\":\"https:\\\/\\\/radioleinewelle.de\\\/\"},{\"@type\":\"ListItem\",\"position\":2,\"name\":\"Nachrichten und Infos am 14.08.\"}]},{\"@type\":\"WebSite\",\"@id\":\"https:\\\/\\\/radioleinewelle.de\\\/#website\",\"url\":\"https:\\\/\\\/radioleinewelle.de\\\/\",\"name\":\"Radio Leinewelle\",\"description\":\"\",\"publisher\":{\"@id\":\"https:\\\/\\\/radioleinewelle.de\\\/#organization\"},\"potentialAction\":[{\"@type\":\"SearchAction\",\"target\":{\"@type\":\"EntryPoint\",\"urlTemplate\":\"https:\\\/\\\/radioleinewelle.de\\\/?s={search_term_string}\"},\"query-input\":{\"@type\":\"PropertyValueSpecification\",\"valueRequired\":true,\"valueName\":\"search_term_string\"}}],\"inLanguage\":\"de\"},{\"@type\":\"Organization\",\"@id\":\"https:\\\/\\\/radioleinewelle.de\\\/#organization\",\"name\":\"Radio Leinewelle\",\"alternateName\":\"Mein Radio f\u00fcr S\u00fcdniedersachsen\",\"url\":\"https:\\\/\\\/radioleinewelle.de\\\/\",\"logo\":{\"@type\":\"ImageObject\",\"inLanguage\":\"de\",\"@id\":\"https:\\\/\\\/radioleinewelle.de\\\/#\\\/schema\\\/logo\\\/image\\\/\",\"url\":\"https:\\\/\\\/radioleinewelle.de\\\/wp-content\\\/uploads\\\/2023\\\/11\\\/cropped-Leinewelle_Logo_weiss.png\",\"contentUrl\":\"https:\\\/\\\/radioleinewelle.de\\\/wp-content\\\/uploads\\\/2023\\\/11\\\/cropped-Leinewelle_Logo_weiss.png\",\"width\":854,\"height\":260,\"caption\":\"Radio Leinewelle\"},\"image\":{\"@id\":\"https:\\\/\\\/radioleinewelle.de\\\/#\\\/schema\\\/logo\\\/image\\\/\"},\"sameAs\":[\"https:\\\/\\\/www.facebook.com\\\/radioleinewelle\",\"https:\\\/\\\/x.com\\\/RLeinewelle\",\"https:\\\/\\\/www.instagram.com\\\/radioleinewelle\\\/?hl=de\"]},{\"@type\":\"Person\",\"@id\":\"https:\\\/\\\/radioleinewelle.de\\\/#\\\/schema\\\/person\\\/45606f348637df637192dc1b68399a63\",\"name\":\"Leinewelle\",\"image\":{\"@type\":\"ImageObject\",\"inLanguage\":\"de\",\"@id\":\"https:\\\/\\\/secure.gravatar.com\\\/avatar\\\/05c9a17bc973052ee5d91549bd32fb4dd0dc85b7b85ae94b2e2b4943476bbea5?s=96&d=blank&r=g\",\"url\":\"https:\\\/\\\/secure.gravatar.com\\\/avatar\\\/05c9a17bc973052ee5d91549bd32fb4dd0dc85b7b85ae94b2e2b4943476bbea5?s=96&d=blank&r=g\",\"contentUrl\":\"https:\\\/\\\/secure.gravatar.com\\\/avatar\\\/05c9a17bc973052ee5d91549bd32fb4dd0dc85b7b85ae94b2e2b4943476bbea5?s=96&d=blank&r=g\",\"caption\":\"Leinewelle\"},\"sameAs\":[\"http:\\\/\\\/localhost\\\/radio%20leinewelle\\\/wordpress\",\"https:\\\/\\\/www.facebook.com\\\/radioleinewelle\",\"https:\\\/\\\/www.instagram.com\\\/radioleinewelle\",\"https:\\\/\\\/x.com\\\/https:\\\/\\\/twitter.com\\\/RLeinewelle?ref_src=twsrcgoogletwcampserptwgrauthor\",\"https:\\\/\\\/soundcloud.com\\\/foerderverein-lokalradio?utm_source=clipboard&utm_medium=text&utm_campaign=social_sharing\"],\"url\":\"https:\\\/\\\/radioleinewelle.de\\\/index.php\\\/author\\\/leinewelle\\\/\"}]}<\/script>\n<!-- \/ Yoast SEO plugin. -->","yoast_head_json":{"title":"Nachrichten und Infos am 14.08. - Radio Leinewelle","robots":{"index":"index","follow":"follow","max-snippet":"max-snippet:-1","max-image-preview":"max-image-preview:large","max-video-preview":"max-video-preview:-1"},"canonical":"https:\/\/radioleinewelle.de\/index.php\/2024\/08\/14\/nachrichten-und-infos-am-14-08\/","og_locale":"de_DE","og_type":"article","og_title":"Nachrichten und Infos am 14.08. - Radio Leinewelle","og_description":"+++ Gute Nachrichten f\u00fcr ABBA Fans: dank der gro\u00dfen Nachfrage gibt es zwei weitere Zusatzvorstellungen vom Mamma Mia Sing-along Concert auf der Bremker Waldb\u00fchne. Und zwar: Samstag, den 24. August um 19 Uhr&nbsp; und Sonntag, den 25. August um 17 Uhr. Tickets gibt es online&nbsp;und an der Abendkasse. Einlass eine Stund vor Beginn. Ein Nachmittag [&hellip;]","og_url":"https:\/\/radioleinewelle.de\/index.php\/2024\/08\/14\/nachrichten-und-infos-am-14-08\/","og_site_name":"Radio Leinewelle","article_publisher":"https:\/\/www.facebook.com\/radioleinewelle","article_author":"https:\/\/www.facebook.com\/radioleinewelle","article_published_time":"2024-08-14T07:25:17+00:00","article_modified_time":"2024-08-14T07:25:42+00:00","og_image":[{"width":2560,"height":2560,"url":"https:\/\/radioleinewelle.de\/wp-content\/uploads\/2023\/11\/Leinewelle-News-scaled-1.jpeg","type":"image\/jpeg"}],"author":"Leinewelle","twitter_card":"summary_large_image","twitter_creator":"@https:\/\/twitter.com\/RLeinewelle?ref_src=twsrcgoogletwcampserptwgrauthor","twitter_site":"@RLeinewelle","twitter_misc":{"Verfasst von":"Leinewelle","Gesch\u00e4tzte Lesezeit":"3\u00a0Minuten"},"schema":{"@context":"https:\/\/schema.org","@graph":[{"@type":"Article","@id":"https:\/\/radioleinewelle.de\/index.php\/2024\/08\/14\/nachrichten-und-infos-am-14-08\/#article","isPartOf":{"@id":"https:\/\/radioleinewelle.de\/index.php\/2024\/08\/14\/nachrichten-und-infos-am-14-08\/"},"author":{"name":"Leinewelle","@id":"https:\/\/radioleinewelle.de\/#\/schema\/person\/45606f348637df637192dc1b68399a63"},"headline":"Nachrichten und Infos am 14.08.","datePublished":"2024-08-14T07:25:17+00:00","dateModified":"2024-08-14T07:25:42+00:00","mainEntityOfPage":{"@id":"https:\/\/radioleinewelle.de\/index.php\/2024\/08\/14\/nachrichten-und-infos-am-14-08\/"},"wordCount":480,"commentCount":0,"publisher":{"@id":"https:\/\/radioleinewelle.de\/#organization"},"image":{"@id":"https:\/\/radioleinewelle.de\/index.php\/2024\/08\/14\/nachrichten-und-infos-am-14-08\/#primaryimage"},"thumbnailUrl":"https:\/\/radioleinewelle.de\/wp-content\/uploads\/2023\/11\/Leinewelle-News-scaled-1.jpeg","inLanguage":"de","potentialAction":[{"@type":"CommentAction","name":"Comment","target":["https:\/\/radioleinewelle.de\/index.php\/2024\/08\/14\/nachrichten-und-infos-am-14-08\/#respond"]}]},{"@type":"WebPage","@id":"https:\/\/radioleinewelle.de\/index.php\/2024\/08\/14\/nachrichten-und-infos-am-14-08\/","url":"https:\/\/radioleinewelle.de\/index.php\/2024\/08\/14\/nachrichten-und-infos-am-14-08\/","name":"Nachrichten und Infos am 14.08. - Radio Leinewelle","isPartOf":{"@id":"https:\/\/radioleinewelle.de\/#website"},"primaryImageOfPage":{"@id":"https:\/\/radioleinewelle.de\/index.php\/2024\/08\/14\/nachrichten-und-infos-am-14-08\/#primaryimage"},"image":{"@id":"https:\/\/radioleinewelle.de\/index.php\/2024\/08\/14\/nachrichten-und-infos-am-14-08\/#primaryimage"},"thumbnailUrl":"https:\/\/radioleinewelle.de\/wp-content\/uploads\/2023\/11\/Leinewelle-News-scaled-1.jpeg","datePublished":"2024-08-14T07:25:17+00:00","dateModified":"2024-08-14T07:25:42+00:00","breadcrumb":{"@id":"https:\/\/radioleinewelle.de\/index.php\/2024\/08\/14\/nachrichten-und-infos-am-14-08\/#breadcrumb"},"inLanguage":"de","potentialAction":[{"@type":"ReadAction","target":["https:\/\/radioleinewelle.de\/index.php\/2024\/08\/14\/nachrichten-und-infos-am-14-08\/"]}]},{"@type":"ImageObject","inLanguage":"de","@id":"https:\/\/radioleinewelle.de\/index.php\/2024\/08\/14\/nachrichten-und-infos-am-14-08\/#primaryimage","url":"https:\/\/radioleinewelle.de\/wp-content\/uploads\/2023\/11\/Leinewelle-News-scaled-1.jpeg","contentUrl":"https:\/\/radioleinewelle.de\/wp-content\/uploads\/2023\/11\/Leinewelle-News-scaled-1.jpeg","width":2560,"height":2560},{"@type":"BreadcrumbList","@id":"https:\/\/radioleinewelle.de\/index.php\/2024\/08\/14\/nachrichten-und-infos-am-14-08\/#breadcrumb","itemListElement":[{"@type":"ListItem","position":1,"name":"Startseite","item":"https:\/\/radioleinewelle.de\/"},{"@type":"ListItem","position":2,"name":"Nachrichten und Infos am 14.08."}]},{"@type":"WebSite","@id":"https:\/\/radioleinewelle.de\/#website","url":"https:\/\/radioleinewelle.de\/","name":"Radio Leinewelle","description":"","publisher":{"@id":"https:\/\/radioleinewelle.de\/#organization"},"potentialAction":[{"@type":"SearchAction","target":{"@type":"EntryPoint","urlTemplate":"https:\/\/radioleinewelle.de\/?s={search_term_string}"},"query-input":{"@type":"PropertyValueSpecification","valueRequired":true,"valueName":"search_term_string"}}],"inLanguage":"de"},{"@type":"Organization","@id":"https:\/\/radioleinewelle.de\/#organization","name":"Radio Leinewelle","alternateName":"Mein Radio f\u00fcr S\u00fcdniedersachsen","url":"https:\/\/radioleinewelle.de\/","logo":{"@type":"ImageObject","inLanguage":"de","@id":"https:\/\/radioleinewelle.de\/#\/schema\/logo\/image\/","url":"https:\/\/radioleinewelle.de\/wp-content\/uploads\/2023\/11\/cropped-Leinewelle_Logo_weiss.png","contentUrl":"https:\/\/radioleinewelle.de\/wp-content\/uploads\/2023\/11\/cropped-Leinewelle_Logo_weiss.png","width":854,"height":260,"caption":"Radio Leinewelle"},"image":{"@id":"https:\/\/radioleinewelle.de\/#\/schema\/logo\/image\/"},"sameAs":["https:\/\/www.facebook.com\/radioleinewelle","https:\/\/x.com\/RLeinewelle","https:\/\/www.instagram.com\/radioleinewelle\/?hl=de"]},{"@type":"Person","@id":"https:\/\/radioleinewelle.de\/#\/schema\/person\/45606f348637df637192dc1b68399a63","name":"Leinewelle","image":{"@type":"ImageObject","inLanguage":"de","@id":"https:\/\/secure.gravatar.com\/avatar\/05c9a17bc973052ee5d91549bd32fb4dd0dc85b7b85ae94b2e2b4943476bbea5?s=96&d=blank&r=g","url":"https:\/\/secure.gravatar.com\/avatar\/05c9a17bc973052ee5d91549bd32fb4dd0dc85b7b85ae94b2e2b4943476bbea5?s=96&d=blank&r=g","contentUrl":"https:\/\/secure.gravatar.com\/avatar\/05c9a17bc973052ee5d91549bd32fb4dd0dc85b7b85ae94b2e2b4943476bbea5?s=96&d=blank&r=g","caption":"Leinewelle"},"sameAs":["http:\/\/localhost\/radio%20leinewelle\/wordpress","https:\/\/www.facebook.com\/radioleinewelle","https:\/\/www.instagram.com\/radioleinewelle","https:\/\/x.com\/https:\/\/twitter.com\/RLeinewelle?ref_src=twsrcgoogletwcampserptwgrauthor","https:\/\/soundcloud.com\/foerderverein-lokalradio?utm_source=clipboard&utm_medium=text&utm_campaign=social_sharing"],"url":"https:\/\/radioleinewelle.de\/index.php\/author\/leinewelle\/"}]}},"_links":{"self":[{"href":"https:\/\/radioleinewelle.de\/index.php\/wp-json\/wp\/v2\/posts\/25929","targetHints":{"allow":["GET"]}}],"collection":[{"href":"https:\/\/radioleinewelle.de\/index.php\/wp-json\/wp\/v2\/posts"}],"about":[{"href":"https:\/\/radioleinewelle.de\/index.php\/wp-json\/wp\/v2\/types\/post"}],"author":[{"embeddable":true,"href":"https:\/\/radioleinewelle.de\/index.php\/wp-json\/wp\/v2\/users\/1"}],"replies":[{"embeddable":true,"href":"https:\/\/radioleinewelle.de\/index.php\/wp-json\/wp\/v2\/comments?post=25929"}],"version-history":[{"count":8,"href":"https:\/\/radioleinewelle.de\/index.php\/wp-json\/wp\/v2\/posts\/25929\/revisions"}],"predecessor-version":[{"id":25944,"href":"https:\/\/radioleinewelle.de\/index.php\/wp-json\/wp\/v2\/posts\/25929\/revisions\/25944"}],"wp:featuredmedia":[{"embeddable":true,"href":"https:\/\/radioleinewelle.de\/index.php\/wp-json\/wp\/v2\/media\/24274"}],"wp:attachment":[{"href":"https:\/\/radioleinewelle.de\/index.php\/wp-json\/wp\/v2\/media?parent=25929"}],"wp:term":[{"taxonomy":"category","embeddable":true,"href":"https:\/\/radioleinewelle.de\/index.php\/wp-json\/wp\/v2\/categories?post=25929"},{"taxonomy":"post_tag","embeddable":true,"href":"https:\/\/radioleinewelle.de\/index.php\/wp-json\/wp\/v2\/tags?post=25929"}],"curies":[{"name":"wp","href":"https:\/\/api.w.org\/{rel}","templated":true}]}}