{"id":25945,"date":"2024-08-14T09:40:31","date_gmt":"2024-08-14T07:40:31","guid":{"rendered":"https:\/\/radioleinewelle.de\/?p=25945"},"modified":"2024-08-14T09:40:32","modified_gmt":"2024-08-14T07:40:32","slug":"podcast-des-landkreis-goettingen-zum-umgang-mit-demokratiefeinden","status":"publish","type":"post","link":"https:\/\/radioleinewelle.de\/index.php\/2024\/08\/14\/podcast-des-landkreis-goettingen-zum-umgang-mit-demokratiefeinden\/","title":{"rendered":"Podcast des Landkreis G\u00f6ttingen zum Umgang mit Demokratiefeinden"},"content":{"rendered":"\n<p><strong>Eine neue Folge des Podcast LANDKREIS ON AIR ist da<\/strong>. <strong>In der neuen Folge\u00a0spricht\u00a0Dezernent Conrad Finger \u00fcber den Umgang des Landkreises G\u00f6ttingen mit Demokratiefeinden, insbesondere mit extremen Rechten und Reichsb\u00fcrgern.<\/strong><\/p>\n\n\n\n<p>Die Folge ist wie immer abrufbar unter&nbsp;<a href=\"http:\/\/podcast.de\/\">podcast.de<\/a>, Spotify und iTunes. Hier geht es zu allen Folgen von LANDKREIS ON AIR:<\/p>\n\n\n\n<p><a href=\"https:\/\/www.podcast.de\/podcast\/2973505\/landkreis-on-air-der-podcast-der-kreisverwaltung-g%C3%B6ttingen\">https:\/\/www.podcast.de\/podcast\/2973505\/landkreis-on-air-der-podcast-der-kreisverwaltung-g%C3%B6ttingen<\/a><\/p>\n","protected":false},"excerpt":{"rendered":"<p>Eine neue Folge des Podcast LANDKREIS ON AIR ist da. In der neuen Folge\u00a0spricht\u00a0Dezernent Conrad Finger \u00fcber den Umgang des Landkreises G\u00f6ttingen mit Demokratiefeinden, insbesondere mit extremen Rechten und Reichsb\u00fcrgern. Die Folge ist wie immer abrufbar unter&nbsp;podcast.de, Spotify und iTunes. Hier geht es zu allen Folgen von LANDKREIS ON AIR: https:\/\/www.podcast.de\/podcast\/2973505\/landkreis-on-air-der-podcast-der-kreisverwaltung-g%C3%B6ttingen<\/p>\n","protected":false},"author":1,"featured_media":25949,"comment_status":"open","ping_status":"open","sticky":true,"template":"","format":"standard","meta":{"saved_in_kubio":false,"footnotes":""},"categories":[1,53,2499],"tags":[],"class_list":["post-25945","post","type-post","status-publish","format-standard","has-post-thumbnail","hentry","category-allgemein","category-gesellschaft","category-podcast"],"yoast_head":"<!-- This site is optimized with the Yoast SEO plugin v27.5 - https:\/\/yoast.com\/product\/yoast-seo-wordpress\/ -->\n<title>Podcast des Landkreis G\u00f6ttingen zum Umgang mit Demokratiefeinden - Radio Leinewelle<\/title>\n<meta name=\"robots\" content=\"index, follow, max-snippet:-1, max-image-preview:large, max-video-preview:-1\" \/>\n<link rel=\"canonical\" href=\"https:\/\/radioleinewelle.de\/index.php\/2024\/08\/14\/podcast-des-landkreis-goettingen-zum-umgang-mit-demokratiefeinden\/\" \/>\n<meta property=\"og:locale\" content=\"de_DE\" \/>\n<meta property=\"og:type\" content=\"article\" \/>\n<meta property=\"og:title\" content=\"Podcast des Landkreis G\u00f6ttingen zum Umgang mit Demokratiefeinden - Radio Leinewelle\" \/>\n<meta property=\"og:description\" content=\"Eine neue Folge des Podcast LANDKREIS ON AIR ist da. In der neuen Folge\u00a0spricht\u00a0Dezernent Conrad Finger \u00fcber den Umgang des Landkreises G\u00f6ttingen mit Demokratiefeinden, insbesondere mit extremen Rechten und Reichsb\u00fcrgern. Die Folge ist wie immer abrufbar unter&nbsp;podcast.de, Spotify und iTunes. Hier geht es zu allen Folgen von LANDKREIS ON AIR: https:\/\/www.podcast.de\/podcast\/2973505\/landkreis-on-air-der-podcast-der-kreisverwaltung-g%C3%B6ttingen\" \/>\n<meta property=\"og:url\" content=\"https:\/\/radioleinewelle.de\/index.php\/2024\/08\/14\/podcast-des-landkreis-goettingen-zum-umgang-mit-demokratiefeinden\/\" \/>\n<meta property=\"og:site_name\" content=\"Radio Leinewelle\" \/>\n<meta property=\"article:publisher\" content=\"https:\/\/www.facebook.com\/radioleinewelle\" \/>\n<meta property=\"article:author\" content=\"https:\/\/www.facebook.com\/radioleinewelle\" \/>\n<meta property=\"article:published_time\" content=\"2024-08-14T07:40:31+00:00\" \/>\n<meta property=\"article:modified_time\" content=\"2024-08-14T07:40:32+00:00\" \/>\n<meta property=\"og:image\" content=\"https:\/\/radioleinewelle.de\/wp-content\/uploads\/2024\/08\/Landkreis-Goettingen-e1723621166134.jpg\" \/>\n\t<meta property=\"og:image:width\" content=\"1575\" \/>\n\t<meta property=\"og:image:height\" content=\"1189\" \/>\n\t<meta property=\"og:image:type\" content=\"image\/jpeg\" \/>\n<meta name=\"author\" content=\"Leinewelle\" \/>\n<meta name=\"twitter:card\" content=\"summary_large_image\" \/>\n<meta name=\"twitter:creator\" content=\"@https:\/\/twitter.com\/RLeinewelle?ref_src=twsrcgoogletwcampserptwgrauthor\" \/>\n<meta name=\"twitter:site\" content=\"@RLeinewelle\" \/>\n<meta name=\"twitter:label1\" content=\"Verfasst von\" \/>\n\t<meta name=\"twitter:data1\" content=\"Leinewelle\" \/>\n\t<meta name=\"twitter:label2\" content=\"Gesch\u00e4tzte Lesezeit\" \/>\n\t<meta name=\"twitter:data2\" content=\"1\u00a0Minute\" \/>\n<script type=\"application\/ld+json\" class=\"yoast-schema-graph\">{\"@context\":\"https:\\\/\\\/schema.org\",\"@graph\":[{\"@type\":\"Article\",\"@id\":\"https:\\\/\\\/radioleinewelle.de\\\/index.php\\\/2024\\\/08\\\/14\\\/podcast-des-landkreis-goettingen-zum-umgang-mit-demokratiefeinden\\\/#article\",\"isPartOf\":{\"@id\":\"https:\\\/\\\/radioleinewelle.de\\\/index.php\\\/2024\\\/08\\\/14\\\/podcast-des-landkreis-goettingen-zum-umgang-mit-demokratiefeinden\\\/\"},\"author\":{\"name\":\"Leinewelle\",\"@id\":\"https:\\\/\\\/radioleinewelle.de\\\/#\\\/schema\\\/person\\\/45606f348637df637192dc1b68399a63\"},\"headline\":\"Podcast des Landkreis G\u00f6ttingen zum Umgang mit Demokratiefeinden\",\"datePublished\":\"2024-08-14T07:40:31+00:00\",\"dateModified\":\"2024-08-14T07:40:32+00:00\",\"mainEntityOfPage\":{\"@id\":\"https:\\\/\\\/radioleinewelle.de\\\/index.php\\\/2024\\\/08\\\/14\\\/podcast-des-landkreis-goettingen-zum-umgang-mit-demokratiefeinden\\\/\"},\"wordCount\":75,\"commentCount\":0,\"publisher\":{\"@id\":\"https:\\\/\\\/radioleinewelle.de\\\/#organization\"},\"image\":{\"@id\":\"https:\\\/\\\/radioleinewelle.de\\\/index.php\\\/2024\\\/08\\\/14\\\/podcast-des-landkreis-goettingen-zum-umgang-mit-demokratiefeinden\\\/#primaryimage\"},\"thumbnailUrl\":\"https:\\\/\\\/radioleinewelle.de\\\/wp-content\\\/uploads\\\/2024\\\/08\\\/Landkreis-Goettingen-e1723621166134.jpg\",\"articleSection\":{\"1\":\"Gesellschaft\",\"2\":\"Podcast\"},\"inLanguage\":\"de\",\"potentialAction\":[{\"@type\":\"CommentAction\",\"name\":\"Comment\",\"target\":[\"https:\\\/\\\/radioleinewelle.de\\\/index.php\\\/2024\\\/08\\\/14\\\/podcast-des-landkreis-goettingen-zum-umgang-mit-demokratiefeinden\\\/#respond\"]}]},{\"@type\":\"WebPage\",\"@id\":\"https:\\\/\\\/radioleinewelle.de\\\/index.php\\\/2024\\\/08\\\/14\\\/podcast-des-landkreis-goettingen-zum-umgang-mit-demokratiefeinden\\\/\",\"url\":\"https:\\\/\\\/radioleinewelle.de\\\/index.php\\\/2024\\\/08\\\/14\\\/podcast-des-landkreis-goettingen-zum-umgang-mit-demokratiefeinden\\\/\",\"name\":\"Podcast des Landkreis G\u00f6ttingen zum Umgang mit Demokratiefeinden - Radio Leinewelle\",\"isPartOf\":{\"@id\":\"https:\\\/\\\/radioleinewelle.de\\\/#website\"},\"primaryImageOfPage\":{\"@id\":\"https:\\\/\\\/radioleinewelle.de\\\/index.php\\\/2024\\\/08\\\/14\\\/podcast-des-landkreis-goettingen-zum-umgang-mit-demokratiefeinden\\\/#primaryimage\"},\"image\":{\"@id\":\"https:\\\/\\\/radioleinewelle.de\\\/index.php\\\/2024\\\/08\\\/14\\\/podcast-des-landkreis-goettingen-zum-umgang-mit-demokratiefeinden\\\/#primaryimage\"},\"thumbnailUrl\":\"https:\\\/\\\/radioleinewelle.de\\\/wp-content\\\/uploads\\\/2024\\\/08\\\/Landkreis-Goettingen-e1723621166134.jpg\",\"datePublished\":\"2024-08-14T07:40:31+00:00\",\"dateModified\":\"2024-08-14T07:40:32+00:00\",\"breadcrumb\":{\"@id\":\"https:\\\/\\\/radioleinewelle.de\\\/index.php\\\/2024\\\/08\\\/14\\\/podcast-des-landkreis-goettingen-zum-umgang-mit-demokratiefeinden\\\/#breadcrumb\"},\"inLanguage\":\"de\",\"potentialAction\":[{\"@type\":\"ReadAction\",\"target\":[\"https:\\\/\\\/radioleinewelle.de\\\/index.php\\\/2024\\\/08\\\/14\\\/podcast-des-landkreis-goettingen-zum-umgang-mit-demokratiefeinden\\\/\"]}]},{\"@type\":\"ImageObject\",\"inLanguage\":\"de\",\"@id\":\"https:\\\/\\\/radioleinewelle.de\\\/index.php\\\/2024\\\/08\\\/14\\\/podcast-des-landkreis-goettingen-zum-umgang-mit-demokratiefeinden\\\/#primaryimage\",\"url\":\"https:\\\/\\\/radioleinewelle.de\\\/wp-content\\\/uploads\\\/2024\\\/08\\\/Landkreis-Goettingen-e1723621166134.jpg\",\"contentUrl\":\"https:\\\/\\\/radioleinewelle.de\\\/wp-content\\\/uploads\\\/2024\\\/08\\\/Landkreis-Goettingen-e1723621166134.jpg\",\"width\":1575,\"height\":1189},{\"@type\":\"BreadcrumbList\",\"@id\":\"https:\\\/\\\/radioleinewelle.de\\\/index.php\\\/2024\\\/08\\\/14\\\/podcast-des-landkreis-goettingen-zum-umgang-mit-demokratiefeinden\\\/#breadcrumb\",\"itemListElement\":[{\"@type\":\"ListItem\",\"position\":1,\"name\":\"Startseite\",\"item\":\"https:\\\/\\\/radioleinewelle.de\\\/\"},{\"@type\":\"ListItem\",\"position\":2,\"name\":\"Podcast des Landkreis G\u00f6ttingen zum Umgang mit Demokratiefeinden\"}]},{\"@type\":\"WebSite\",\"@id\":\"https:\\\/\\\/radioleinewelle.de\\\/#website\",\"url\":\"https:\\\/\\\/radioleinewelle.de\\\/\",\"name\":\"Radio Leinewelle\",\"description\":\"\",\"publisher\":{\"@id\":\"https:\\\/\\\/radioleinewelle.de\\\/#organization\"},\"potentialAction\":[{\"@type\":\"SearchAction\",\"target\":{\"@type\":\"EntryPoint\",\"urlTemplate\":\"https:\\\/\\\/radioleinewelle.de\\\/?s={search_term_string}\"},\"query-input\":{\"@type\":\"PropertyValueSpecification\",\"valueRequired\":true,\"valueName\":\"search_term_string\"}}],\"inLanguage\":\"de\"},{\"@type\":\"Organization\",\"@id\":\"https:\\\/\\\/radioleinewelle.de\\\/#organization\",\"name\":\"Radio Leinewelle\",\"alternateName\":\"Mein Radio f\u00fcr S\u00fcdniedersachsen\",\"url\":\"https:\\\/\\\/radioleinewelle.de\\\/\",\"logo\":{\"@type\":\"ImageObject\",\"inLanguage\":\"de\",\"@id\":\"https:\\\/\\\/radioleinewelle.de\\\/#\\\/schema\\\/logo\\\/image\\\/\",\"url\":\"https:\\\/\\\/radioleinewelle.de\\\/wp-content\\\/uploads\\\/2023\\\/11\\\/cropped-Leinewelle_Logo_weiss.png\",\"contentUrl\":\"https:\\\/\\\/radioleinewelle.de\\\/wp-content\\\/uploads\\\/2023\\\/11\\\/cropped-Leinewelle_Logo_weiss.png\",\"width\":854,\"height\":260,\"caption\":\"Radio Leinewelle\"},\"image\":{\"@id\":\"https:\\\/\\\/radioleinewelle.de\\\/#\\\/schema\\\/logo\\\/image\\\/\"},\"sameAs\":[\"https:\\\/\\\/www.facebook.com\\\/radioleinewelle\",\"https:\\\/\\\/x.com\\\/RLeinewelle\",\"https:\\\/\\\/www.instagram.com\\\/radioleinewelle\\\/?hl=de\"]},{\"@type\":\"Person\",\"@id\":\"https:\\\/\\\/radioleinewelle.de\\\/#\\\/schema\\\/person\\\/45606f348637df637192dc1b68399a63\",\"name\":\"Leinewelle\",\"image\":{\"@type\":\"ImageObject\",\"inLanguage\":\"de\",\"@id\":\"https:\\\/\\\/secure.gravatar.com\\\/avatar\\\/05c9a17bc973052ee5d91549bd32fb4dd0dc85b7b85ae94b2e2b4943476bbea5?s=96&d=blank&r=g\",\"url\":\"https:\\\/\\\/secure.gravatar.com\\\/avatar\\\/05c9a17bc973052ee5d91549bd32fb4dd0dc85b7b85ae94b2e2b4943476bbea5?s=96&d=blank&r=g\",\"contentUrl\":\"https:\\\/\\\/secure.gravatar.com\\\/avatar\\\/05c9a17bc973052ee5d91549bd32fb4dd0dc85b7b85ae94b2e2b4943476bbea5?s=96&d=blank&r=g\",\"caption\":\"Leinewelle\"},\"sameAs\":[\"http:\\\/\\\/localhost\\\/radio%20leinewelle\\\/wordpress\",\"https:\\\/\\\/www.facebook.com\\\/radioleinewelle\",\"https:\\\/\\\/www.instagram.com\\\/radioleinewelle\",\"https:\\\/\\\/x.com\\\/https:\\\/\\\/twitter.com\\\/RLeinewelle?ref_src=twsrcgoogletwcampserptwgrauthor\",\"https:\\\/\\\/soundcloud.com\\\/foerderverein-lokalradio?utm_source=clipboard&utm_medium=text&utm_campaign=social_sharing\"],\"url\":\"https:\\\/\\\/radioleinewelle.de\\\/index.php\\\/author\\\/leinewelle\\\/\"}]}<\/script>\n<!-- \/ Yoast SEO plugin. -->","yoast_head_json":{"title":"Podcast des Landkreis G\u00f6ttingen zum Umgang mit Demokratiefeinden - Radio Leinewelle","robots":{"index":"index","follow":"follow","max-snippet":"max-snippet:-1","max-image-preview":"max-image-preview:large","max-video-preview":"max-video-preview:-1"},"canonical":"https:\/\/radioleinewelle.de\/index.php\/2024\/08\/14\/podcast-des-landkreis-goettingen-zum-umgang-mit-demokratiefeinden\/","og_locale":"de_DE","og_type":"article","og_title":"Podcast des Landkreis G\u00f6ttingen zum Umgang mit Demokratiefeinden - Radio Leinewelle","og_description":"Eine neue Folge des Podcast LANDKREIS ON AIR ist da. In der neuen Folge\u00a0spricht\u00a0Dezernent Conrad Finger \u00fcber den Umgang des Landkreises G\u00f6ttingen mit Demokratiefeinden, insbesondere mit extremen Rechten und Reichsb\u00fcrgern. Die Folge ist wie immer abrufbar unter&nbsp;podcast.de, Spotify und iTunes. Hier geht es zu allen Folgen von LANDKREIS ON AIR: https:\/\/www.podcast.de\/podcast\/2973505\/landkreis-on-air-der-podcast-der-kreisverwaltung-g%C3%B6ttingen","og_url":"https:\/\/radioleinewelle.de\/index.php\/2024\/08\/14\/podcast-des-landkreis-goettingen-zum-umgang-mit-demokratiefeinden\/","og_site_name":"Radio Leinewelle","article_publisher":"https:\/\/www.facebook.com\/radioleinewelle","article_author":"https:\/\/www.facebook.com\/radioleinewelle","article_published_time":"2024-08-14T07:40:31+00:00","article_modified_time":"2024-08-14T07:40:32+00:00","og_image":[{"width":1575,"height":1189,"url":"https:\/\/radioleinewelle.de\/wp-content\/uploads\/2024\/08\/Landkreis-Goettingen-e1723621166134.jpg","type":"image\/jpeg"}],"author":"Leinewelle","twitter_card":"summary_large_image","twitter_creator":"@https:\/\/twitter.com\/RLeinewelle?ref_src=twsrcgoogletwcampserptwgrauthor","twitter_site":"@RLeinewelle","twitter_misc":{"Verfasst von":"Leinewelle","Gesch\u00e4tzte Lesezeit":"1\u00a0Minute"},"schema":{"@context":"https:\/\/schema.org","@graph":[{"@type":"Article","@id":"https:\/\/radioleinewelle.de\/index.php\/2024\/08\/14\/podcast-des-landkreis-goettingen-zum-umgang-mit-demokratiefeinden\/#article","isPartOf":{"@id":"https:\/\/radioleinewelle.de\/index.php\/2024\/08\/14\/podcast-des-landkreis-goettingen-zum-umgang-mit-demokratiefeinden\/"},"author":{"name":"Leinewelle","@id":"https:\/\/radioleinewelle.de\/#\/schema\/person\/45606f348637df637192dc1b68399a63"},"headline":"Podcast des Landkreis G\u00f6ttingen zum Umgang mit Demokratiefeinden","datePublished":"2024-08-14T07:40:31+00:00","dateModified":"2024-08-14T07:40:32+00:00","mainEntityOfPage":{"@id":"https:\/\/radioleinewelle.de\/index.php\/2024\/08\/14\/podcast-des-landkreis-goettingen-zum-umgang-mit-demokratiefeinden\/"},"wordCount":75,"commentCount":0,"publisher":{"@id":"https:\/\/radioleinewelle.de\/#organization"},"image":{"@id":"https:\/\/radioleinewelle.de\/index.php\/2024\/08\/14\/podcast-des-landkreis-goettingen-zum-umgang-mit-demokratiefeinden\/#primaryimage"},"thumbnailUrl":"https:\/\/radioleinewelle.de\/wp-content\/uploads\/2024\/08\/Landkreis-Goettingen-e1723621166134.jpg","articleSection":{"1":"Gesellschaft","2":"Podcast"},"inLanguage":"de","potentialAction":[{"@type":"CommentAction","name":"Comment","target":["https:\/\/radioleinewelle.de\/index.php\/2024\/08\/14\/podcast-des-landkreis-goettingen-zum-umgang-mit-demokratiefeinden\/#respond"]}]},{"@type":"WebPage","@id":"https:\/\/radioleinewelle.de\/index.php\/2024\/08\/14\/podcast-des-landkreis-goettingen-zum-umgang-mit-demokratiefeinden\/","url":"https:\/\/radioleinewelle.de\/index.php\/2024\/08\/14\/podcast-des-landkreis-goettingen-zum-umgang-mit-demokratiefeinden\/","name":"Podcast des Landkreis G\u00f6ttingen zum Umgang mit Demokratiefeinden - Radio Leinewelle","isPartOf":{"@id":"https:\/\/radioleinewelle.de\/#website"},"primaryImageOfPage":{"@id":"https:\/\/radioleinewelle.de\/index.php\/2024\/08\/14\/podcast-des-landkreis-goettingen-zum-umgang-mit-demokratiefeinden\/#primaryimage"},"image":{"@id":"https:\/\/radioleinewelle.de\/index.php\/2024\/08\/14\/podcast-des-landkreis-goettingen-zum-umgang-mit-demokratiefeinden\/#primaryimage"},"thumbnailUrl":"https:\/\/radioleinewelle.de\/wp-content\/uploads\/2024\/08\/Landkreis-Goettingen-e1723621166134.jpg","datePublished":"2024-08-14T07:40:31+00:00","dateModified":"2024-08-14T07:40:32+00:00","breadcrumb":{"@id":"https:\/\/radioleinewelle.de\/index.php\/2024\/08\/14\/podcast-des-landkreis-goettingen-zum-umgang-mit-demokratiefeinden\/#breadcrumb"},"inLanguage":"de","potentialAction":[{"@type":"ReadAction","target":["https:\/\/radioleinewelle.de\/index.php\/2024\/08\/14\/podcast-des-landkreis-goettingen-zum-umgang-mit-demokratiefeinden\/"]}]},{"@type":"ImageObject","inLanguage":"de","@id":"https:\/\/radioleinewelle.de\/index.php\/2024\/08\/14\/podcast-des-landkreis-goettingen-zum-umgang-mit-demokratiefeinden\/#primaryimage","url":"https:\/\/radioleinewelle.de\/wp-content\/uploads\/2024\/08\/Landkreis-Goettingen-e1723621166134.jpg","contentUrl":"https:\/\/radioleinewelle.de\/wp-content\/uploads\/2024\/08\/Landkreis-Goettingen-e1723621166134.jpg","width":1575,"height":1189},{"@type":"BreadcrumbList","@id":"https:\/\/radioleinewelle.de\/index.php\/2024\/08\/14\/podcast-des-landkreis-goettingen-zum-umgang-mit-demokratiefeinden\/#breadcrumb","itemListElement":[{"@type":"ListItem","position":1,"name":"Startseite","item":"https:\/\/radioleinewelle.de\/"},{"@type":"ListItem","position":2,"name":"Podcast des Landkreis G\u00f6ttingen zum Umgang mit Demokratiefeinden"}]},{"@type":"WebSite","@id":"https:\/\/radioleinewelle.de\/#website","url":"https:\/\/radioleinewelle.de\/","name":"Radio Leinewelle","description":"","publisher":{"@id":"https:\/\/radioleinewelle.de\/#organization"},"potentialAction":[{"@type":"SearchAction","target":{"@type":"EntryPoint","urlTemplate":"https:\/\/radioleinewelle.de\/?s={search_term_string}"},"query-input":{"@type":"PropertyValueSpecification","valueRequired":true,"valueName":"search_term_string"}}],"inLanguage":"de"},{"@type":"Organization","@id":"https:\/\/radioleinewelle.de\/#organization","name":"Radio Leinewelle","alternateName":"Mein Radio f\u00fcr S\u00fcdniedersachsen","url":"https:\/\/radioleinewelle.de\/","logo":{"@type":"ImageObject","inLanguage":"de","@id":"https:\/\/radioleinewelle.de\/#\/schema\/logo\/image\/","url":"https:\/\/radioleinewelle.de\/wp-content\/uploads\/2023\/11\/cropped-Leinewelle_Logo_weiss.png","contentUrl":"https:\/\/radioleinewelle.de\/wp-content\/uploads\/2023\/11\/cropped-Leinewelle_Logo_weiss.png","width":854,"height":260,"caption":"Radio Leinewelle"},"image":{"@id":"https:\/\/radioleinewelle.de\/#\/schema\/logo\/image\/"},"sameAs":["https:\/\/www.facebook.com\/radioleinewelle","https:\/\/x.com\/RLeinewelle","https:\/\/www.instagram.com\/radioleinewelle\/?hl=de"]},{"@type":"Person","@id":"https:\/\/radioleinewelle.de\/#\/schema\/person\/45606f348637df637192dc1b68399a63","name":"Leinewelle","image":{"@type":"ImageObject","inLanguage":"de","@id":"https:\/\/secure.gravatar.com\/avatar\/05c9a17bc973052ee5d91549bd32fb4dd0dc85b7b85ae94b2e2b4943476bbea5?s=96&d=blank&r=g","url":"https:\/\/secure.gravatar.com\/avatar\/05c9a17bc973052ee5d91549bd32fb4dd0dc85b7b85ae94b2e2b4943476bbea5?s=96&d=blank&r=g","contentUrl":"https:\/\/secure.gravatar.com\/avatar\/05c9a17bc973052ee5d91549bd32fb4dd0dc85b7b85ae94b2e2b4943476bbea5?s=96&d=blank&r=g","caption":"Leinewelle"},"sameAs":["http:\/\/localhost\/radio%20leinewelle\/wordpress","https:\/\/www.facebook.com\/radioleinewelle","https:\/\/www.instagram.com\/radioleinewelle","https:\/\/x.com\/https:\/\/twitter.com\/RLeinewelle?ref_src=twsrcgoogletwcampserptwgrauthor","https:\/\/soundcloud.com\/foerderverein-lokalradio?utm_source=clipboard&utm_medium=text&utm_campaign=social_sharing"],"url":"https:\/\/radioleinewelle.de\/index.php\/author\/leinewelle\/"}]}},"_links":{"self":[{"href":"https:\/\/radioleinewelle.de\/index.php\/wp-json\/wp\/v2\/posts\/25945","targetHints":{"allow":["GET"]}}],"collection":[{"href":"https:\/\/radioleinewelle.de\/index.php\/wp-json\/wp\/v2\/posts"}],"about":[{"href":"https:\/\/radioleinewelle.de\/index.php\/wp-json\/wp\/v2\/types\/post"}],"author":[{"embeddable":true,"href":"https:\/\/radioleinewelle.de\/index.php\/wp-json\/wp\/v2\/users\/1"}],"replies":[{"embeddable":true,"href":"https:\/\/radioleinewelle.de\/index.php\/wp-json\/wp\/v2\/comments?post=25945"}],"version-history":[{"count":3,"href":"https:\/\/radioleinewelle.de\/index.php\/wp-json\/wp\/v2\/posts\/25945\/revisions"}],"predecessor-version":[{"id":25948,"href":"https:\/\/radioleinewelle.de\/index.php\/wp-json\/wp\/v2\/posts\/25945\/revisions\/25948"}],"wp:featuredmedia":[{"embeddable":true,"href":"https:\/\/radioleinewelle.de\/index.php\/wp-json\/wp\/v2\/media\/25949"}],"wp:attachment":[{"href":"https:\/\/radioleinewelle.de\/index.php\/wp-json\/wp\/v2\/media?parent=25945"}],"wp:term":[{"taxonomy":"category","embeddable":true,"href":"https:\/\/radioleinewelle.de\/index.php\/wp-json\/wp\/v2\/categories?post=25945"},{"taxonomy":"post_tag","embeddable":true,"href":"https:\/\/radioleinewelle.de\/index.php\/wp-json\/wp\/v2\/tags?post=25945"}],"curies":[{"name":"wp","href":"https:\/\/api.w.org\/{rel}","templated":true}]}}