{"id":25962,"date":"2024-08-16T08:24:37","date_gmt":"2024-08-16T06:24:37","guid":{"rendered":"https:\/\/radioleinewelle.de\/?p=25962"},"modified":"2024-08-16T08:24:38","modified_gmt":"2024-08-16T06:24:38","slug":"59-jaehriger-beim-baden-in-kiesteich-bei-goettingen-ertrunken","status":"publish","type":"post","link":"https:\/\/radioleinewelle.de\/index.php\/2024\/08\/16\/59-jaehriger-beim-baden-in-kiesteich-bei-goettingen-ertrunken\/","title":{"rendered":"59-J\u00e4hriger beim Baden in Kiesteich bei G\u00f6ttingen ertrunken"},"content":{"rendered":"\n<p>Tragischer Badeunfall bei G\u00f6ttingen. Im &#8222;Oppermann&#8217;schen Kiesteich&#8220; bei Reinshof  ist am Dienstagmittag ein Mann beim Baden ums Leben gekommen. Hinweise auf ein Fremdverschulden liegen bislang nicht vor. Es wird derzeit von einem  Badeunfall ausgegangen. Die Ermittlungen zur Todesursache dauern an. Der 59-J\u00e4hrige aus dem Landkreis G\u00f6ttingen war etwa gegen 12.00 Uhr aus bislang noch ungekl\u00e4rten Gr\u00fcnden beim Schwimmen pl\u00f6tzlich in dem See untergegangen. Weitere Badende versuchten sofort, den Untergegangenen im Wasser zu finden.<\/p>\n\n\n\n<p>Die alarmierte Feuerwehr leitete eine umfangreiche Suche nach dem Vermissten ein. Mehrere Feuerwehren aus der Region, Taucher, Boote und auch eine Drohne waren im Einsatz. Um kurz vor 14 Uhr stie\u00dfen Taucher der Feuerwehr Northeim auf den leblosen K\u00f6rper des 59-J\u00e4hrigen. Ein Notarzt konnte nur noch den Tod des Mannes feststellen.<\/p>\n\n\n\n<p><\/p>\n\n\n\n<p><strong>Symbolbild<\/strong> by <a href=\"https:\/\/pixabay.com\/users\/rammstainar-345965\/?utm_source=link-attribution&amp;utm_medium=referral&amp;utm_campaign=image&amp;utm_content=942358\">Ren\u00e9 Fischer<\/a> from <a href=\"https:\/\/pixabay.com\/\/?utm_source=link-attribution&amp;utm_medium=referral&amp;utm_campaign=image&amp;utm_content=942358\">Pixabay<\/a><\/p>\n","protected":false},"excerpt":{"rendered":"<p>Tragischer Badeunfall bei G\u00f6ttingen. Im &#8222;Oppermann&#8217;schen Kiesteich&#8220; bei Reinshof ist am Dienstagmittag ein Mann beim Baden ums Leben gekommen. Hinweise auf ein Fremdverschulden liegen bislang nicht vor. Es wird derzeit von einem Badeunfall ausgegangen. Die Ermittlungen zur Todesursache dauern an. Der 59-J\u00e4hrige aus dem Landkreis G\u00f6ttingen war etwa gegen 12.00 Uhr aus bislang noch ungekl\u00e4rten [&hellip;]<\/p>\n","protected":false},"author":1,"featured_media":25965,"comment_status":"open","ping_status":"open","sticky":true,"template":"","format":"standard","meta":{"saved_in_kubio":false,"footnotes":""},"categories":[1],"tags":[],"class_list":["post-25962","post","type-post","status-publish","format-standard","has-post-thumbnail","hentry","category-allgemein"],"yoast_head":"<!-- This site is optimized with the Yoast SEO plugin v27.5 - https:\/\/yoast.com\/product\/yoast-seo-wordpress\/ -->\n<title>59-J\u00e4hriger beim Baden in Kiesteich bei G\u00f6ttingen ertrunken - Radio Leinewelle<\/title>\n<meta name=\"robots\" content=\"index, follow, max-snippet:-1, max-image-preview:large, max-video-preview:-1\" \/>\n<link rel=\"canonical\" href=\"https:\/\/radioleinewelle.de\/index.php\/2024\/08\/16\/59-jaehriger-beim-baden-in-kiesteich-bei-goettingen-ertrunken\/\" \/>\n<meta property=\"og:locale\" content=\"de_DE\" \/>\n<meta property=\"og:type\" content=\"article\" \/>\n<meta property=\"og:title\" content=\"59-J\u00e4hriger beim Baden in Kiesteich bei G\u00f6ttingen ertrunken - Radio Leinewelle\" \/>\n<meta property=\"og:description\" content=\"Tragischer Badeunfall bei G\u00f6ttingen. Im &#8222;Oppermann&#8217;schen Kiesteich&#8220; bei Reinshof ist am Dienstagmittag ein Mann beim Baden ums Leben gekommen. Hinweise auf ein Fremdverschulden liegen bislang nicht vor. Es wird derzeit von einem Badeunfall ausgegangen. Die Ermittlungen zur Todesursache dauern an. Der 59-J\u00e4hrige aus dem Landkreis G\u00f6ttingen war etwa gegen 12.00 Uhr aus bislang noch ungekl\u00e4rten [&hellip;]\" \/>\n<meta property=\"og:url\" content=\"https:\/\/radioleinewelle.de\/index.php\/2024\/08\/16\/59-jaehriger-beim-baden-in-kiesteich-bei-goettingen-ertrunken\/\" \/>\n<meta property=\"og:site_name\" content=\"Radio Leinewelle\" \/>\n<meta property=\"article:publisher\" content=\"https:\/\/www.facebook.com\/radioleinewelle\" \/>\n<meta property=\"article:author\" content=\"https:\/\/www.facebook.com\/radioleinewelle\" \/>\n<meta property=\"article:published_time\" content=\"2024-08-16T06:24:37+00:00\" \/>\n<meta property=\"article:modified_time\" content=\"2024-08-16T06:24:38+00:00\" \/>\n<meta property=\"og:image\" content=\"https:\/\/radioleinewelle.de\/wp-content\/uploads\/2024\/08\/fire-fighters-942358_1280-e1723789222466.jpg\" \/>\n\t<meta property=\"og:image:width\" content=\"1073\" \/>\n\t<meta property=\"og:image:height\" content=\"878\" \/>\n\t<meta property=\"og:image:type\" content=\"image\/jpeg\" \/>\n<meta name=\"author\" content=\"Leinewelle\" \/>\n<meta name=\"twitter:card\" content=\"summary_large_image\" \/>\n<meta name=\"twitter:creator\" content=\"@https:\/\/twitter.com\/RLeinewelle?ref_src=twsrcgoogletwcampserptwgrauthor\" \/>\n<meta name=\"twitter:site\" content=\"@RLeinewelle\" \/>\n<meta name=\"twitter:label1\" content=\"Verfasst von\" \/>\n\t<meta name=\"twitter:data1\" content=\"Leinewelle\" \/>\n\t<meta name=\"twitter:label2\" content=\"Gesch\u00e4tzte Lesezeit\" \/>\n\t<meta name=\"twitter:data2\" content=\"1\u00a0Minute\" \/>\n<script type=\"application\/ld+json\" class=\"yoast-schema-graph\">{\"@context\":\"https:\\\/\\\/schema.org\",\"@graph\":[{\"@type\":\"Article\",\"@id\":\"https:\\\/\\\/radioleinewelle.de\\\/index.php\\\/2024\\\/08\\\/16\\\/59-jaehriger-beim-baden-in-kiesteich-bei-goettingen-ertrunken\\\/#article\",\"isPartOf\":{\"@id\":\"https:\\\/\\\/radioleinewelle.de\\\/index.php\\\/2024\\\/08\\\/16\\\/59-jaehriger-beim-baden-in-kiesteich-bei-goettingen-ertrunken\\\/\"},\"author\":{\"name\":\"Leinewelle\",\"@id\":\"https:\\\/\\\/radioleinewelle.de\\\/#\\\/schema\\\/person\\\/45606f348637df637192dc1b68399a63\"},\"headline\":\"59-J\u00e4hriger beim Baden in Kiesteich bei G\u00f6ttingen ertrunken\",\"datePublished\":\"2024-08-16T06:24:37+00:00\",\"dateModified\":\"2024-08-16T06:24:38+00:00\",\"mainEntityOfPage\":{\"@id\":\"https:\\\/\\\/radioleinewelle.de\\\/index.php\\\/2024\\\/08\\\/16\\\/59-jaehriger-beim-baden-in-kiesteich-bei-goettingen-ertrunken\\\/\"},\"wordCount\":148,\"commentCount\":0,\"publisher\":{\"@id\":\"https:\\\/\\\/radioleinewelle.de\\\/#organization\"},\"image\":{\"@id\":\"https:\\\/\\\/radioleinewelle.de\\\/index.php\\\/2024\\\/08\\\/16\\\/59-jaehriger-beim-baden-in-kiesteich-bei-goettingen-ertrunken\\\/#primaryimage\"},\"thumbnailUrl\":\"https:\\\/\\\/radioleinewelle.de\\\/wp-content\\\/uploads\\\/2024\\\/08\\\/fire-fighters-942358_1280-e1723789222466.jpg\",\"inLanguage\":\"de\",\"potentialAction\":[{\"@type\":\"CommentAction\",\"name\":\"Comment\",\"target\":[\"https:\\\/\\\/radioleinewelle.de\\\/index.php\\\/2024\\\/08\\\/16\\\/59-jaehriger-beim-baden-in-kiesteich-bei-goettingen-ertrunken\\\/#respond\"]}]},{\"@type\":\"WebPage\",\"@id\":\"https:\\\/\\\/radioleinewelle.de\\\/index.php\\\/2024\\\/08\\\/16\\\/59-jaehriger-beim-baden-in-kiesteich-bei-goettingen-ertrunken\\\/\",\"url\":\"https:\\\/\\\/radioleinewelle.de\\\/index.php\\\/2024\\\/08\\\/16\\\/59-jaehriger-beim-baden-in-kiesteich-bei-goettingen-ertrunken\\\/\",\"name\":\"59-J\u00e4hriger beim Baden in Kiesteich bei G\u00f6ttingen ertrunken - Radio Leinewelle\",\"isPartOf\":{\"@id\":\"https:\\\/\\\/radioleinewelle.de\\\/#website\"},\"primaryImageOfPage\":{\"@id\":\"https:\\\/\\\/radioleinewelle.de\\\/index.php\\\/2024\\\/08\\\/16\\\/59-jaehriger-beim-baden-in-kiesteich-bei-goettingen-ertrunken\\\/#primaryimage\"},\"image\":{\"@id\":\"https:\\\/\\\/radioleinewelle.de\\\/index.php\\\/2024\\\/08\\\/16\\\/59-jaehriger-beim-baden-in-kiesteich-bei-goettingen-ertrunken\\\/#primaryimage\"},\"thumbnailUrl\":\"https:\\\/\\\/radioleinewelle.de\\\/wp-content\\\/uploads\\\/2024\\\/08\\\/fire-fighters-942358_1280-e1723789222466.jpg\",\"datePublished\":\"2024-08-16T06:24:37+00:00\",\"dateModified\":\"2024-08-16T06:24:38+00:00\",\"breadcrumb\":{\"@id\":\"https:\\\/\\\/radioleinewelle.de\\\/index.php\\\/2024\\\/08\\\/16\\\/59-jaehriger-beim-baden-in-kiesteich-bei-goettingen-ertrunken\\\/#breadcrumb\"},\"inLanguage\":\"de\",\"potentialAction\":[{\"@type\":\"ReadAction\",\"target\":[\"https:\\\/\\\/radioleinewelle.de\\\/index.php\\\/2024\\\/08\\\/16\\\/59-jaehriger-beim-baden-in-kiesteich-bei-goettingen-ertrunken\\\/\"]}]},{\"@type\":\"ImageObject\",\"inLanguage\":\"de\",\"@id\":\"https:\\\/\\\/radioleinewelle.de\\\/index.php\\\/2024\\\/08\\\/16\\\/59-jaehriger-beim-baden-in-kiesteich-bei-goettingen-ertrunken\\\/#primaryimage\",\"url\":\"https:\\\/\\\/radioleinewelle.de\\\/wp-content\\\/uploads\\\/2024\\\/08\\\/fire-fighters-942358_1280-e1723789222466.jpg\",\"contentUrl\":\"https:\\\/\\\/radioleinewelle.de\\\/wp-content\\\/uploads\\\/2024\\\/08\\\/fire-fighters-942358_1280-e1723789222466.jpg\",\"width\":1073,\"height\":878},{\"@type\":\"BreadcrumbList\",\"@id\":\"https:\\\/\\\/radioleinewelle.de\\\/index.php\\\/2024\\\/08\\\/16\\\/59-jaehriger-beim-baden-in-kiesteich-bei-goettingen-ertrunken\\\/#breadcrumb\",\"itemListElement\":[{\"@type\":\"ListItem\",\"position\":1,\"name\":\"Startseite\",\"item\":\"https:\\\/\\\/radioleinewelle.de\\\/\"},{\"@type\":\"ListItem\",\"position\":2,\"name\":\"59-J\u00e4hriger beim Baden in Kiesteich bei G\u00f6ttingen ertrunken\"}]},{\"@type\":\"WebSite\",\"@id\":\"https:\\\/\\\/radioleinewelle.de\\\/#website\",\"url\":\"https:\\\/\\\/radioleinewelle.de\\\/\",\"name\":\"Radio Leinewelle\",\"description\":\"\",\"publisher\":{\"@id\":\"https:\\\/\\\/radioleinewelle.de\\\/#organization\"},\"potentialAction\":[{\"@type\":\"SearchAction\",\"target\":{\"@type\":\"EntryPoint\",\"urlTemplate\":\"https:\\\/\\\/radioleinewelle.de\\\/?s={search_term_string}\"},\"query-input\":{\"@type\":\"PropertyValueSpecification\",\"valueRequired\":true,\"valueName\":\"search_term_string\"}}],\"inLanguage\":\"de\"},{\"@type\":\"Organization\",\"@id\":\"https:\\\/\\\/radioleinewelle.de\\\/#organization\",\"name\":\"Radio Leinewelle\",\"alternateName\":\"Mein Radio f\u00fcr S\u00fcdniedersachsen\",\"url\":\"https:\\\/\\\/radioleinewelle.de\\\/\",\"logo\":{\"@type\":\"ImageObject\",\"inLanguage\":\"de\",\"@id\":\"https:\\\/\\\/radioleinewelle.de\\\/#\\\/schema\\\/logo\\\/image\\\/\",\"url\":\"https:\\\/\\\/radioleinewelle.de\\\/wp-content\\\/uploads\\\/2023\\\/11\\\/cropped-Leinewelle_Logo_weiss.png\",\"contentUrl\":\"https:\\\/\\\/radioleinewelle.de\\\/wp-content\\\/uploads\\\/2023\\\/11\\\/cropped-Leinewelle_Logo_weiss.png\",\"width\":854,\"height\":260,\"caption\":\"Radio Leinewelle\"},\"image\":{\"@id\":\"https:\\\/\\\/radioleinewelle.de\\\/#\\\/schema\\\/logo\\\/image\\\/\"},\"sameAs\":[\"https:\\\/\\\/www.facebook.com\\\/radioleinewelle\",\"https:\\\/\\\/x.com\\\/RLeinewelle\",\"https:\\\/\\\/www.instagram.com\\\/radioleinewelle\\\/?hl=de\"]},{\"@type\":\"Person\",\"@id\":\"https:\\\/\\\/radioleinewelle.de\\\/#\\\/schema\\\/person\\\/45606f348637df637192dc1b68399a63\",\"name\":\"Leinewelle\",\"image\":{\"@type\":\"ImageObject\",\"inLanguage\":\"de\",\"@id\":\"https:\\\/\\\/secure.gravatar.com\\\/avatar\\\/05c9a17bc973052ee5d91549bd32fb4dd0dc85b7b85ae94b2e2b4943476bbea5?s=96&d=blank&r=g\",\"url\":\"https:\\\/\\\/secure.gravatar.com\\\/avatar\\\/05c9a17bc973052ee5d91549bd32fb4dd0dc85b7b85ae94b2e2b4943476bbea5?s=96&d=blank&r=g\",\"contentUrl\":\"https:\\\/\\\/secure.gravatar.com\\\/avatar\\\/05c9a17bc973052ee5d91549bd32fb4dd0dc85b7b85ae94b2e2b4943476bbea5?s=96&d=blank&r=g\",\"caption\":\"Leinewelle\"},\"sameAs\":[\"http:\\\/\\\/localhost\\\/radio%20leinewelle\\\/wordpress\",\"https:\\\/\\\/www.facebook.com\\\/radioleinewelle\",\"https:\\\/\\\/www.instagram.com\\\/radioleinewelle\",\"https:\\\/\\\/x.com\\\/https:\\\/\\\/twitter.com\\\/RLeinewelle?ref_src=twsrcgoogletwcampserptwgrauthor\",\"https:\\\/\\\/soundcloud.com\\\/foerderverein-lokalradio?utm_source=clipboard&utm_medium=text&utm_campaign=social_sharing\"],\"url\":\"https:\\\/\\\/radioleinewelle.de\\\/index.php\\\/author\\\/leinewelle\\\/\"}]}<\/script>\n<!-- \/ Yoast SEO plugin. -->","yoast_head_json":{"title":"59-J\u00e4hriger beim Baden in Kiesteich bei G\u00f6ttingen ertrunken - Radio Leinewelle","robots":{"index":"index","follow":"follow","max-snippet":"max-snippet:-1","max-image-preview":"max-image-preview:large","max-video-preview":"max-video-preview:-1"},"canonical":"https:\/\/radioleinewelle.de\/index.php\/2024\/08\/16\/59-jaehriger-beim-baden-in-kiesteich-bei-goettingen-ertrunken\/","og_locale":"de_DE","og_type":"article","og_title":"59-J\u00e4hriger beim Baden in Kiesteich bei G\u00f6ttingen ertrunken - Radio Leinewelle","og_description":"Tragischer Badeunfall bei G\u00f6ttingen. Im &#8222;Oppermann&#8217;schen Kiesteich&#8220; bei Reinshof ist am Dienstagmittag ein Mann beim Baden ums Leben gekommen. Hinweise auf ein Fremdverschulden liegen bislang nicht vor. Es wird derzeit von einem Badeunfall ausgegangen. Die Ermittlungen zur Todesursache dauern an. Der 59-J\u00e4hrige aus dem Landkreis G\u00f6ttingen war etwa gegen 12.00 Uhr aus bislang noch ungekl\u00e4rten [&hellip;]","og_url":"https:\/\/radioleinewelle.de\/index.php\/2024\/08\/16\/59-jaehriger-beim-baden-in-kiesteich-bei-goettingen-ertrunken\/","og_site_name":"Radio Leinewelle","article_publisher":"https:\/\/www.facebook.com\/radioleinewelle","article_author":"https:\/\/www.facebook.com\/radioleinewelle","article_published_time":"2024-08-16T06:24:37+00:00","article_modified_time":"2024-08-16T06:24:38+00:00","og_image":[{"width":1073,"height":878,"url":"https:\/\/radioleinewelle.de\/wp-content\/uploads\/2024\/08\/fire-fighters-942358_1280-e1723789222466.jpg","type":"image\/jpeg"}],"author":"Leinewelle","twitter_card":"summary_large_image","twitter_creator":"@https:\/\/twitter.com\/RLeinewelle?ref_src=twsrcgoogletwcampserptwgrauthor","twitter_site":"@RLeinewelle","twitter_misc":{"Verfasst von":"Leinewelle","Gesch\u00e4tzte Lesezeit":"1\u00a0Minute"},"schema":{"@context":"https:\/\/schema.org","@graph":[{"@type":"Article","@id":"https:\/\/radioleinewelle.de\/index.php\/2024\/08\/16\/59-jaehriger-beim-baden-in-kiesteich-bei-goettingen-ertrunken\/#article","isPartOf":{"@id":"https:\/\/radioleinewelle.de\/index.php\/2024\/08\/16\/59-jaehriger-beim-baden-in-kiesteich-bei-goettingen-ertrunken\/"},"author":{"name":"Leinewelle","@id":"https:\/\/radioleinewelle.de\/#\/schema\/person\/45606f348637df637192dc1b68399a63"},"headline":"59-J\u00e4hriger beim Baden in Kiesteich bei G\u00f6ttingen ertrunken","datePublished":"2024-08-16T06:24:37+00:00","dateModified":"2024-08-16T06:24:38+00:00","mainEntityOfPage":{"@id":"https:\/\/radioleinewelle.de\/index.php\/2024\/08\/16\/59-jaehriger-beim-baden-in-kiesteich-bei-goettingen-ertrunken\/"},"wordCount":148,"commentCount":0,"publisher":{"@id":"https:\/\/radioleinewelle.de\/#organization"},"image":{"@id":"https:\/\/radioleinewelle.de\/index.php\/2024\/08\/16\/59-jaehriger-beim-baden-in-kiesteich-bei-goettingen-ertrunken\/#primaryimage"},"thumbnailUrl":"https:\/\/radioleinewelle.de\/wp-content\/uploads\/2024\/08\/fire-fighters-942358_1280-e1723789222466.jpg","inLanguage":"de","potentialAction":[{"@type":"CommentAction","name":"Comment","target":["https:\/\/radioleinewelle.de\/index.php\/2024\/08\/16\/59-jaehriger-beim-baden-in-kiesteich-bei-goettingen-ertrunken\/#respond"]}]},{"@type":"WebPage","@id":"https:\/\/radioleinewelle.de\/index.php\/2024\/08\/16\/59-jaehriger-beim-baden-in-kiesteich-bei-goettingen-ertrunken\/","url":"https:\/\/radioleinewelle.de\/index.php\/2024\/08\/16\/59-jaehriger-beim-baden-in-kiesteich-bei-goettingen-ertrunken\/","name":"59-J\u00e4hriger beim Baden in Kiesteich bei G\u00f6ttingen ertrunken - Radio Leinewelle","isPartOf":{"@id":"https:\/\/radioleinewelle.de\/#website"},"primaryImageOfPage":{"@id":"https:\/\/radioleinewelle.de\/index.php\/2024\/08\/16\/59-jaehriger-beim-baden-in-kiesteich-bei-goettingen-ertrunken\/#primaryimage"},"image":{"@id":"https:\/\/radioleinewelle.de\/index.php\/2024\/08\/16\/59-jaehriger-beim-baden-in-kiesteich-bei-goettingen-ertrunken\/#primaryimage"},"thumbnailUrl":"https:\/\/radioleinewelle.de\/wp-content\/uploads\/2024\/08\/fire-fighters-942358_1280-e1723789222466.jpg","datePublished":"2024-08-16T06:24:37+00:00","dateModified":"2024-08-16T06:24:38+00:00","breadcrumb":{"@id":"https:\/\/radioleinewelle.de\/index.php\/2024\/08\/16\/59-jaehriger-beim-baden-in-kiesteich-bei-goettingen-ertrunken\/#breadcrumb"},"inLanguage":"de","potentialAction":[{"@type":"ReadAction","target":["https:\/\/radioleinewelle.de\/index.php\/2024\/08\/16\/59-jaehriger-beim-baden-in-kiesteich-bei-goettingen-ertrunken\/"]}]},{"@type":"ImageObject","inLanguage":"de","@id":"https:\/\/radioleinewelle.de\/index.php\/2024\/08\/16\/59-jaehriger-beim-baden-in-kiesteich-bei-goettingen-ertrunken\/#primaryimage","url":"https:\/\/radioleinewelle.de\/wp-content\/uploads\/2024\/08\/fire-fighters-942358_1280-e1723789222466.jpg","contentUrl":"https:\/\/radioleinewelle.de\/wp-content\/uploads\/2024\/08\/fire-fighters-942358_1280-e1723789222466.jpg","width":1073,"height":878},{"@type":"BreadcrumbList","@id":"https:\/\/radioleinewelle.de\/index.php\/2024\/08\/16\/59-jaehriger-beim-baden-in-kiesteich-bei-goettingen-ertrunken\/#breadcrumb","itemListElement":[{"@type":"ListItem","position":1,"name":"Startseite","item":"https:\/\/radioleinewelle.de\/"},{"@type":"ListItem","position":2,"name":"59-J\u00e4hriger beim Baden in Kiesteich bei G\u00f6ttingen ertrunken"}]},{"@type":"WebSite","@id":"https:\/\/radioleinewelle.de\/#website","url":"https:\/\/radioleinewelle.de\/","name":"Radio Leinewelle","description":"","publisher":{"@id":"https:\/\/radioleinewelle.de\/#organization"},"potentialAction":[{"@type":"SearchAction","target":{"@type":"EntryPoint","urlTemplate":"https:\/\/radioleinewelle.de\/?s={search_term_string}"},"query-input":{"@type":"PropertyValueSpecification","valueRequired":true,"valueName":"search_term_string"}}],"inLanguage":"de"},{"@type":"Organization","@id":"https:\/\/radioleinewelle.de\/#organization","name":"Radio Leinewelle","alternateName":"Mein Radio f\u00fcr S\u00fcdniedersachsen","url":"https:\/\/radioleinewelle.de\/","logo":{"@type":"ImageObject","inLanguage":"de","@id":"https:\/\/radioleinewelle.de\/#\/schema\/logo\/image\/","url":"https:\/\/radioleinewelle.de\/wp-content\/uploads\/2023\/11\/cropped-Leinewelle_Logo_weiss.png","contentUrl":"https:\/\/radioleinewelle.de\/wp-content\/uploads\/2023\/11\/cropped-Leinewelle_Logo_weiss.png","width":854,"height":260,"caption":"Radio Leinewelle"},"image":{"@id":"https:\/\/radioleinewelle.de\/#\/schema\/logo\/image\/"},"sameAs":["https:\/\/www.facebook.com\/radioleinewelle","https:\/\/x.com\/RLeinewelle","https:\/\/www.instagram.com\/radioleinewelle\/?hl=de"]},{"@type":"Person","@id":"https:\/\/radioleinewelle.de\/#\/schema\/person\/45606f348637df637192dc1b68399a63","name":"Leinewelle","image":{"@type":"ImageObject","inLanguage":"de","@id":"https:\/\/secure.gravatar.com\/avatar\/05c9a17bc973052ee5d91549bd32fb4dd0dc85b7b85ae94b2e2b4943476bbea5?s=96&d=blank&r=g","url":"https:\/\/secure.gravatar.com\/avatar\/05c9a17bc973052ee5d91549bd32fb4dd0dc85b7b85ae94b2e2b4943476bbea5?s=96&d=blank&r=g","contentUrl":"https:\/\/secure.gravatar.com\/avatar\/05c9a17bc973052ee5d91549bd32fb4dd0dc85b7b85ae94b2e2b4943476bbea5?s=96&d=blank&r=g","caption":"Leinewelle"},"sameAs":["http:\/\/localhost\/radio%20leinewelle\/wordpress","https:\/\/www.facebook.com\/radioleinewelle","https:\/\/www.instagram.com\/radioleinewelle","https:\/\/x.com\/https:\/\/twitter.com\/RLeinewelle?ref_src=twsrcgoogletwcampserptwgrauthor","https:\/\/soundcloud.com\/foerderverein-lokalradio?utm_source=clipboard&utm_medium=text&utm_campaign=social_sharing"],"url":"https:\/\/radioleinewelle.de\/index.php\/author\/leinewelle\/"}]}},"_links":{"self":[{"href":"https:\/\/radioleinewelle.de\/index.php\/wp-json\/wp\/v2\/posts\/25962","targetHints":{"allow":["GET"]}}],"collection":[{"href":"https:\/\/radioleinewelle.de\/index.php\/wp-json\/wp\/v2\/posts"}],"about":[{"href":"https:\/\/radioleinewelle.de\/index.php\/wp-json\/wp\/v2\/types\/post"}],"author":[{"embeddable":true,"href":"https:\/\/radioleinewelle.de\/index.php\/wp-json\/wp\/v2\/users\/1"}],"replies":[{"embeddable":true,"href":"https:\/\/radioleinewelle.de\/index.php\/wp-json\/wp\/v2\/comments?post=25962"}],"version-history":[{"count":3,"href":"https:\/\/radioleinewelle.de\/index.php\/wp-json\/wp\/v2\/posts\/25962\/revisions"}],"predecessor-version":[{"id":25966,"href":"https:\/\/radioleinewelle.de\/index.php\/wp-json\/wp\/v2\/posts\/25962\/revisions\/25966"}],"wp:featuredmedia":[{"embeddable":true,"href":"https:\/\/radioleinewelle.de\/index.php\/wp-json\/wp\/v2\/media\/25965"}],"wp:attachment":[{"href":"https:\/\/radioleinewelle.de\/index.php\/wp-json\/wp\/v2\/media?parent=25962"}],"wp:term":[{"taxonomy":"category","embeddable":true,"href":"https:\/\/radioleinewelle.de\/index.php\/wp-json\/wp\/v2\/categories?post=25962"},{"taxonomy":"post_tag","embeddable":true,"href":"https:\/\/radioleinewelle.de\/index.php\/wp-json\/wp\/v2\/tags?post=25962"}],"curies":[{"name":"wp","href":"https:\/\/api.w.org\/{rel}","templated":true}]}}