{"id":25967,"date":"2024-08-16T08:42:22","date_gmt":"2024-08-16T06:42:22","guid":{"rendered":"https:\/\/radioleinewelle.de\/?p=25967"},"modified":"2024-08-16T08:42:23","modified_gmt":"2024-08-16T06:42:23","slug":"nachrichten-und-infos-am-16-08","status":"publish","type":"post","link":"https:\/\/radioleinewelle.de\/index.php\/2024\/08\/16\/nachrichten-und-infos-am-16-08\/","title":{"rendered":"Nachrichten und Infos am 16.08."},"content":{"rendered":"\n<p><\/p>\n\n\n\n<p><strong>Nachrichten<\/strong> <br>+++ Die <strong>S\u00fcdniedersachsenStiftung<\/strong> feierte am 13. August ihr 20-j\u00e4hriges Bestehen in der Stadthalle Northeim. Ministerpr\u00e4sident Stephan Weil hielt vor rund 220 G\u00e4sten aus Politik, Wirtschaft, Wissenschaft und Bildung die Festrede, in der er die besondere Rolle der S\u00fcdniedersachsenStiftung als Vordenker und verbindendes Element f\u00fcr die Region betonte. Im Rahmen des Festaktes beleuchtete eine von der k\u00fcnftigen Vorstandsvorsitzenden der S\u00fcdniedersachsenStiftung, Claudia Weitemeyer, moderierte Podiumsdiskussion zudem die Potenziale des neuen regionalen Markenkerns \u201eLife Science\u201c. +++ <br>+++ Nach zweieinhalb Jahren als <strong>Ratsvorsitzender der Gr\u00fcnen<\/strong> gibt Julian Schlumberger den Vorsitz ab, um sich seiner neuen Rolle als Co-Fraktionsvorsitzender der Gr\u00fcnen im Rat der Stadt G\u00f6ttingen zu widmen. Die Gr\u00fcne Ratsfraktion schl\u00e4gt in der Ratssitzung am Freitag, den 16. August den erfahrenen Ratspolitiker Michael H\u00f6fer als seinen Nachfolger vor. +++<br>+++ Die aus der fr\u00fcheren Linksfraktion im G\u00f6ttinger Kreistag hervorgegangene \u201eLinke f\u00fcr Vernunft und Gerechtigkeit\u201c hat auf ihrer Fraktionssitzung am Mittwoch den Beschluss gefasst, k\u00fcnftig unter der Bezeichnung \u201e<strong>BSW-Fraktion\u201c im G\u00f6ttinger Kreistag<\/strong> zu firmieren.\u00a0Kernbereich der Fraktionsarbeit bleibe die Sozialpolitik. Die Kritik am dreigliedrigen Schulsystem, die tarifliche Bezahlung Besch\u00e4ftigter oder auch die Rekommunalisierung der Daseinsvorsorge, seien weitere Themen der Fraktionsarbeit. Als weiterer Abgeordneter der BSW-Kreistagsfraktion setzt Andreas Gemmecke seine Arbeit im Kreistag fort, Fraktionsgesch\u00e4ftsf\u00fchrer bleibt Dietmar Reitemeyer. Sprechzeiten im Fraktionsb\u00fcro sind montags von 10 bis 12 Uhr und donnerstags von 14 bis 15.30 Uhr (Raum 66, Tel: 0551\/525-2108). +++  <br>+++ Im Shanghai-Ranking hat die <strong>Universit\u00e4t G\u00f6ttingen<\/strong> erneut eine gute Platzierung erzielt. Im aktuellen Academic Ranking of World Universities (ARWU) 2024 teilt sie sich deutschlandweit Platz sechs bis elf mit den Universit\u00e4ten Frankfurt, K\u00f6ln, Mainz, M\u00fcnster und T\u00fcbingen. Das ARWU orientiert sich in erster Linie an der Forschungsleistung einer Universit\u00e4t. F\u00fcr das Ranking wurden die Daten von mehr als 1.500 Universit\u00e4ten weltweit ausgewertet. Die Qualit\u00e4t der Universit\u00e4ten wurde insbesondere daran gemessen, wie viele Publikationen und Zitationen in internationalen Wissenschaftsmagazinen vorliegen. Das Verh\u00e4ltnis von Forschungsleistung zur Anzahl der Besch\u00e4ftigten flie\u00dft ebenfalls in die Wertung ein. <a href=\"http:\/\/www.shanghairanking.com\/rankings\/arwu\/2024\">www.shanghairanking.com\/rankings\/arwu\/2024<\/a> +++<\/p>\n\n\n\n<p><strong>F\u00fchrungen und Veranstaltungen<\/strong> <br>+++ Zu einem <strong>historischen Rundgang durch Osterode<\/strong> am Harz l\u00e4dt die Touristinformation am Dienstag, den 20. August ein. Die F\u00fchrung beginnt um 11.00 Uhr vor der Touristinformation an der Stadtmauer. Vorgestellt wird die Entwicklung Osterodes von der mittelalterlichen Siedlung bis in die Gegenwart. Die G\u00e4ste erfahren Wissenswertes vom Leben und Arbeiten der Ackerb\u00fcrger, Handwerker, H\u00e4ndler und Fabrikaten. Der Rundgang f\u00fchrt zu den historischen Bauwerken und Denkm\u00e4lern der Stadt. Alte Verkehrswege und Pl\u00e4tze werden erkundet und die Teilnehmer lernen auch die Liebensw\u00fcrdigkeiten und Eigent\u00fcmlichkeiten Osterodes kennen. +++<\/p>\n","protected":false},"excerpt":{"rendered":"<p>Nachrichten +++ Die S\u00fcdniedersachsenStiftung feierte am 13. August ihr 20-j\u00e4hriges Bestehen in der Stadthalle Northeim. Ministerpr\u00e4sident Stephan Weil hielt vor rund 220 G\u00e4sten aus Politik, Wirtschaft, Wissenschaft und Bildung die Festrede, in der er die besondere Rolle der S\u00fcdniedersachsenStiftung als Vordenker und verbindendes Element f\u00fcr die Region betonte. Im Rahmen des Festaktes beleuchtete eine von [&hellip;]<\/p>\n","protected":false},"author":1,"featured_media":24274,"comment_status":"open","ping_status":"open","sticky":true,"template":"","format":"standard","meta":{"saved_in_kubio":false,"footnotes":""},"categories":[1],"tags":[],"class_list":["post-25967","post","type-post","status-publish","format-standard","has-post-thumbnail","hentry","category-allgemein"],"yoast_head":"<!-- This site is optimized with the Yoast SEO plugin v27.5 - https:\/\/yoast.com\/product\/yoast-seo-wordpress\/ -->\n<title>Nachrichten und Infos am 16.08. - Radio Leinewelle<\/title>\n<meta name=\"robots\" content=\"index, follow, max-snippet:-1, max-image-preview:large, max-video-preview:-1\" \/>\n<link rel=\"canonical\" href=\"https:\/\/radioleinewelle.de\/index.php\/2024\/08\/16\/nachrichten-und-infos-am-16-08\/\" \/>\n<meta property=\"og:locale\" content=\"de_DE\" \/>\n<meta property=\"og:type\" content=\"article\" \/>\n<meta property=\"og:title\" content=\"Nachrichten und Infos am 16.08. - Radio Leinewelle\" \/>\n<meta property=\"og:description\" content=\"Nachrichten +++ Die S\u00fcdniedersachsenStiftung feierte am 13. August ihr 20-j\u00e4hriges Bestehen in der Stadthalle Northeim. Ministerpr\u00e4sident Stephan Weil hielt vor rund 220 G\u00e4sten aus Politik, Wirtschaft, Wissenschaft und Bildung die Festrede, in der er die besondere Rolle der S\u00fcdniedersachsenStiftung als Vordenker und verbindendes Element f\u00fcr die Region betonte. Im Rahmen des Festaktes beleuchtete eine von [&hellip;]\" \/>\n<meta property=\"og:url\" content=\"https:\/\/radioleinewelle.de\/index.php\/2024\/08\/16\/nachrichten-und-infos-am-16-08\/\" \/>\n<meta property=\"og:site_name\" content=\"Radio Leinewelle\" \/>\n<meta property=\"article:publisher\" content=\"https:\/\/www.facebook.com\/radioleinewelle\" \/>\n<meta property=\"article:author\" content=\"https:\/\/www.facebook.com\/radioleinewelle\" \/>\n<meta property=\"article:published_time\" content=\"2024-08-16T06:42:22+00:00\" \/>\n<meta property=\"article:modified_time\" content=\"2024-08-16T06:42:23+00:00\" \/>\n<meta property=\"og:image\" content=\"https:\/\/radioleinewelle.de\/wp-content\/uploads\/2023\/11\/Leinewelle-News-scaled-1.jpeg\" \/>\n\t<meta property=\"og:image:width\" content=\"2560\" \/>\n\t<meta property=\"og:image:height\" content=\"2560\" \/>\n\t<meta property=\"og:image:type\" content=\"image\/jpeg\" \/>\n<meta name=\"author\" content=\"Leinewelle\" \/>\n<meta name=\"twitter:card\" content=\"summary_large_image\" \/>\n<meta name=\"twitter:creator\" content=\"@https:\/\/twitter.com\/RLeinewelle?ref_src=twsrcgoogletwcampserptwgrauthor\" \/>\n<meta name=\"twitter:site\" content=\"@RLeinewelle\" \/>\n<meta name=\"twitter:label1\" content=\"Verfasst von\" \/>\n\t<meta name=\"twitter:data1\" content=\"Leinewelle\" \/>\n\t<meta name=\"twitter:label2\" content=\"Gesch\u00e4tzte Lesezeit\" \/>\n\t<meta name=\"twitter:data2\" content=\"3\u00a0Minuten\" \/>\n<script type=\"application\/ld+json\" class=\"yoast-schema-graph\">{\"@context\":\"https:\\\/\\\/schema.org\",\"@graph\":[{\"@type\":\"Article\",\"@id\":\"https:\\\/\\\/radioleinewelle.de\\\/index.php\\\/2024\\\/08\\\/16\\\/nachrichten-und-infos-am-16-08\\\/#article\",\"isPartOf\":{\"@id\":\"https:\\\/\\\/radioleinewelle.de\\\/index.php\\\/2024\\\/08\\\/16\\\/nachrichten-und-infos-am-16-08\\\/\"},\"author\":{\"name\":\"Leinewelle\",\"@id\":\"https:\\\/\\\/radioleinewelle.de\\\/#\\\/schema\\\/person\\\/45606f348637df637192dc1b68399a63\"},\"headline\":\"Nachrichten und Infos am 16.08.\",\"datePublished\":\"2024-08-16T06:42:22+00:00\",\"dateModified\":\"2024-08-16T06:42:23+00:00\",\"mainEntityOfPage\":{\"@id\":\"https:\\\/\\\/radioleinewelle.de\\\/index.php\\\/2024\\\/08\\\/16\\\/nachrichten-und-infos-am-16-08\\\/\"},\"wordCount\":444,\"commentCount\":0,\"publisher\":{\"@id\":\"https:\\\/\\\/radioleinewelle.de\\\/#organization\"},\"image\":{\"@id\":\"https:\\\/\\\/radioleinewelle.de\\\/index.php\\\/2024\\\/08\\\/16\\\/nachrichten-und-infos-am-16-08\\\/#primaryimage\"},\"thumbnailUrl\":\"https:\\\/\\\/radioleinewelle.de\\\/wp-content\\\/uploads\\\/2023\\\/11\\\/Leinewelle-News-scaled-1.jpeg\",\"inLanguage\":\"de\",\"potentialAction\":[{\"@type\":\"CommentAction\",\"name\":\"Comment\",\"target\":[\"https:\\\/\\\/radioleinewelle.de\\\/index.php\\\/2024\\\/08\\\/16\\\/nachrichten-und-infos-am-16-08\\\/#respond\"]}]},{\"@type\":\"WebPage\",\"@id\":\"https:\\\/\\\/radioleinewelle.de\\\/index.php\\\/2024\\\/08\\\/16\\\/nachrichten-und-infos-am-16-08\\\/\",\"url\":\"https:\\\/\\\/radioleinewelle.de\\\/index.php\\\/2024\\\/08\\\/16\\\/nachrichten-und-infos-am-16-08\\\/\",\"name\":\"Nachrichten und Infos am 16.08. - Radio Leinewelle\",\"isPartOf\":{\"@id\":\"https:\\\/\\\/radioleinewelle.de\\\/#website\"},\"primaryImageOfPage\":{\"@id\":\"https:\\\/\\\/radioleinewelle.de\\\/index.php\\\/2024\\\/08\\\/16\\\/nachrichten-und-infos-am-16-08\\\/#primaryimage\"},\"image\":{\"@id\":\"https:\\\/\\\/radioleinewelle.de\\\/index.php\\\/2024\\\/08\\\/16\\\/nachrichten-und-infos-am-16-08\\\/#primaryimage\"},\"thumbnailUrl\":\"https:\\\/\\\/radioleinewelle.de\\\/wp-content\\\/uploads\\\/2023\\\/11\\\/Leinewelle-News-scaled-1.jpeg\",\"datePublished\":\"2024-08-16T06:42:22+00:00\",\"dateModified\":\"2024-08-16T06:42:23+00:00\",\"breadcrumb\":{\"@id\":\"https:\\\/\\\/radioleinewelle.de\\\/index.php\\\/2024\\\/08\\\/16\\\/nachrichten-und-infos-am-16-08\\\/#breadcrumb\"},\"inLanguage\":\"de\",\"potentialAction\":[{\"@type\":\"ReadAction\",\"target\":[\"https:\\\/\\\/radioleinewelle.de\\\/index.php\\\/2024\\\/08\\\/16\\\/nachrichten-und-infos-am-16-08\\\/\"]}]},{\"@type\":\"ImageObject\",\"inLanguage\":\"de\",\"@id\":\"https:\\\/\\\/radioleinewelle.de\\\/index.php\\\/2024\\\/08\\\/16\\\/nachrichten-und-infos-am-16-08\\\/#primaryimage\",\"url\":\"https:\\\/\\\/radioleinewelle.de\\\/wp-content\\\/uploads\\\/2023\\\/11\\\/Leinewelle-News-scaled-1.jpeg\",\"contentUrl\":\"https:\\\/\\\/radioleinewelle.de\\\/wp-content\\\/uploads\\\/2023\\\/11\\\/Leinewelle-News-scaled-1.jpeg\",\"width\":2560,\"height\":2560},{\"@type\":\"BreadcrumbList\",\"@id\":\"https:\\\/\\\/radioleinewelle.de\\\/index.php\\\/2024\\\/08\\\/16\\\/nachrichten-und-infos-am-16-08\\\/#breadcrumb\",\"itemListElement\":[{\"@type\":\"ListItem\",\"position\":1,\"name\":\"Startseite\",\"item\":\"https:\\\/\\\/radioleinewelle.de\\\/\"},{\"@type\":\"ListItem\",\"position\":2,\"name\":\"Nachrichten und Infos am 16.08.\"}]},{\"@type\":\"WebSite\",\"@id\":\"https:\\\/\\\/radioleinewelle.de\\\/#website\",\"url\":\"https:\\\/\\\/radioleinewelle.de\\\/\",\"name\":\"Radio Leinewelle\",\"description\":\"\",\"publisher\":{\"@id\":\"https:\\\/\\\/radioleinewelle.de\\\/#organization\"},\"potentialAction\":[{\"@type\":\"SearchAction\",\"target\":{\"@type\":\"EntryPoint\",\"urlTemplate\":\"https:\\\/\\\/radioleinewelle.de\\\/?s={search_term_string}\"},\"query-input\":{\"@type\":\"PropertyValueSpecification\",\"valueRequired\":true,\"valueName\":\"search_term_string\"}}],\"inLanguage\":\"de\"},{\"@type\":\"Organization\",\"@id\":\"https:\\\/\\\/radioleinewelle.de\\\/#organization\",\"name\":\"Radio Leinewelle\",\"alternateName\":\"Mein Radio f\u00fcr S\u00fcdniedersachsen\",\"url\":\"https:\\\/\\\/radioleinewelle.de\\\/\",\"logo\":{\"@type\":\"ImageObject\",\"inLanguage\":\"de\",\"@id\":\"https:\\\/\\\/radioleinewelle.de\\\/#\\\/schema\\\/logo\\\/image\\\/\",\"url\":\"https:\\\/\\\/radioleinewelle.de\\\/wp-content\\\/uploads\\\/2023\\\/11\\\/cropped-Leinewelle_Logo_weiss.png\",\"contentUrl\":\"https:\\\/\\\/radioleinewelle.de\\\/wp-content\\\/uploads\\\/2023\\\/11\\\/cropped-Leinewelle_Logo_weiss.png\",\"width\":854,\"height\":260,\"caption\":\"Radio Leinewelle\"},\"image\":{\"@id\":\"https:\\\/\\\/radioleinewelle.de\\\/#\\\/schema\\\/logo\\\/image\\\/\"},\"sameAs\":[\"https:\\\/\\\/www.facebook.com\\\/radioleinewelle\",\"https:\\\/\\\/x.com\\\/RLeinewelle\",\"https:\\\/\\\/www.instagram.com\\\/radioleinewelle\\\/?hl=de\"]},{\"@type\":\"Person\",\"@id\":\"https:\\\/\\\/radioleinewelle.de\\\/#\\\/schema\\\/person\\\/45606f348637df637192dc1b68399a63\",\"name\":\"Leinewelle\",\"image\":{\"@type\":\"ImageObject\",\"inLanguage\":\"de\",\"@id\":\"https:\\\/\\\/secure.gravatar.com\\\/avatar\\\/05c9a17bc973052ee5d91549bd32fb4dd0dc85b7b85ae94b2e2b4943476bbea5?s=96&d=blank&r=g\",\"url\":\"https:\\\/\\\/secure.gravatar.com\\\/avatar\\\/05c9a17bc973052ee5d91549bd32fb4dd0dc85b7b85ae94b2e2b4943476bbea5?s=96&d=blank&r=g\",\"contentUrl\":\"https:\\\/\\\/secure.gravatar.com\\\/avatar\\\/05c9a17bc973052ee5d91549bd32fb4dd0dc85b7b85ae94b2e2b4943476bbea5?s=96&d=blank&r=g\",\"caption\":\"Leinewelle\"},\"sameAs\":[\"http:\\\/\\\/localhost\\\/radio%20leinewelle\\\/wordpress\",\"https:\\\/\\\/www.facebook.com\\\/radioleinewelle\",\"https:\\\/\\\/www.instagram.com\\\/radioleinewelle\",\"https:\\\/\\\/x.com\\\/https:\\\/\\\/twitter.com\\\/RLeinewelle?ref_src=twsrcgoogletwcampserptwgrauthor\",\"https:\\\/\\\/soundcloud.com\\\/foerderverein-lokalradio?utm_source=clipboard&utm_medium=text&utm_campaign=social_sharing\"],\"url\":\"https:\\\/\\\/radioleinewelle.de\\\/index.php\\\/author\\\/leinewelle\\\/\"}]}<\/script>\n<!-- \/ Yoast SEO plugin. -->","yoast_head_json":{"title":"Nachrichten und Infos am 16.08. - Radio Leinewelle","robots":{"index":"index","follow":"follow","max-snippet":"max-snippet:-1","max-image-preview":"max-image-preview:large","max-video-preview":"max-video-preview:-1"},"canonical":"https:\/\/radioleinewelle.de\/index.php\/2024\/08\/16\/nachrichten-und-infos-am-16-08\/","og_locale":"de_DE","og_type":"article","og_title":"Nachrichten und Infos am 16.08. - Radio Leinewelle","og_description":"Nachrichten +++ Die S\u00fcdniedersachsenStiftung feierte am 13. August ihr 20-j\u00e4hriges Bestehen in der Stadthalle Northeim. Ministerpr\u00e4sident Stephan Weil hielt vor rund 220 G\u00e4sten aus Politik, Wirtschaft, Wissenschaft und Bildung die Festrede, in der er die besondere Rolle der S\u00fcdniedersachsenStiftung als Vordenker und verbindendes Element f\u00fcr die Region betonte. Im Rahmen des Festaktes beleuchtete eine von [&hellip;]","og_url":"https:\/\/radioleinewelle.de\/index.php\/2024\/08\/16\/nachrichten-und-infos-am-16-08\/","og_site_name":"Radio Leinewelle","article_publisher":"https:\/\/www.facebook.com\/radioleinewelle","article_author":"https:\/\/www.facebook.com\/radioleinewelle","article_published_time":"2024-08-16T06:42:22+00:00","article_modified_time":"2024-08-16T06:42:23+00:00","og_image":[{"width":2560,"height":2560,"url":"https:\/\/radioleinewelle.de\/wp-content\/uploads\/2023\/11\/Leinewelle-News-scaled-1.jpeg","type":"image\/jpeg"}],"author":"Leinewelle","twitter_card":"summary_large_image","twitter_creator":"@https:\/\/twitter.com\/RLeinewelle?ref_src=twsrcgoogletwcampserptwgrauthor","twitter_site":"@RLeinewelle","twitter_misc":{"Verfasst von":"Leinewelle","Gesch\u00e4tzte Lesezeit":"3\u00a0Minuten"},"schema":{"@context":"https:\/\/schema.org","@graph":[{"@type":"Article","@id":"https:\/\/radioleinewelle.de\/index.php\/2024\/08\/16\/nachrichten-und-infos-am-16-08\/#article","isPartOf":{"@id":"https:\/\/radioleinewelle.de\/index.php\/2024\/08\/16\/nachrichten-und-infos-am-16-08\/"},"author":{"name":"Leinewelle","@id":"https:\/\/radioleinewelle.de\/#\/schema\/person\/45606f348637df637192dc1b68399a63"},"headline":"Nachrichten und Infos am 16.08.","datePublished":"2024-08-16T06:42:22+00:00","dateModified":"2024-08-16T06:42:23+00:00","mainEntityOfPage":{"@id":"https:\/\/radioleinewelle.de\/index.php\/2024\/08\/16\/nachrichten-und-infos-am-16-08\/"},"wordCount":444,"commentCount":0,"publisher":{"@id":"https:\/\/radioleinewelle.de\/#organization"},"image":{"@id":"https:\/\/radioleinewelle.de\/index.php\/2024\/08\/16\/nachrichten-und-infos-am-16-08\/#primaryimage"},"thumbnailUrl":"https:\/\/radioleinewelle.de\/wp-content\/uploads\/2023\/11\/Leinewelle-News-scaled-1.jpeg","inLanguage":"de","potentialAction":[{"@type":"CommentAction","name":"Comment","target":["https:\/\/radioleinewelle.de\/index.php\/2024\/08\/16\/nachrichten-und-infos-am-16-08\/#respond"]}]},{"@type":"WebPage","@id":"https:\/\/radioleinewelle.de\/index.php\/2024\/08\/16\/nachrichten-und-infos-am-16-08\/","url":"https:\/\/radioleinewelle.de\/index.php\/2024\/08\/16\/nachrichten-und-infos-am-16-08\/","name":"Nachrichten und Infos am 16.08. - Radio Leinewelle","isPartOf":{"@id":"https:\/\/radioleinewelle.de\/#website"},"primaryImageOfPage":{"@id":"https:\/\/radioleinewelle.de\/index.php\/2024\/08\/16\/nachrichten-und-infos-am-16-08\/#primaryimage"},"image":{"@id":"https:\/\/radioleinewelle.de\/index.php\/2024\/08\/16\/nachrichten-und-infos-am-16-08\/#primaryimage"},"thumbnailUrl":"https:\/\/radioleinewelle.de\/wp-content\/uploads\/2023\/11\/Leinewelle-News-scaled-1.jpeg","datePublished":"2024-08-16T06:42:22+00:00","dateModified":"2024-08-16T06:42:23+00:00","breadcrumb":{"@id":"https:\/\/radioleinewelle.de\/index.php\/2024\/08\/16\/nachrichten-und-infos-am-16-08\/#breadcrumb"},"inLanguage":"de","potentialAction":[{"@type":"ReadAction","target":["https:\/\/radioleinewelle.de\/index.php\/2024\/08\/16\/nachrichten-und-infos-am-16-08\/"]}]},{"@type":"ImageObject","inLanguage":"de","@id":"https:\/\/radioleinewelle.de\/index.php\/2024\/08\/16\/nachrichten-und-infos-am-16-08\/#primaryimage","url":"https:\/\/radioleinewelle.de\/wp-content\/uploads\/2023\/11\/Leinewelle-News-scaled-1.jpeg","contentUrl":"https:\/\/radioleinewelle.de\/wp-content\/uploads\/2023\/11\/Leinewelle-News-scaled-1.jpeg","width":2560,"height":2560},{"@type":"BreadcrumbList","@id":"https:\/\/radioleinewelle.de\/index.php\/2024\/08\/16\/nachrichten-und-infos-am-16-08\/#breadcrumb","itemListElement":[{"@type":"ListItem","position":1,"name":"Startseite","item":"https:\/\/radioleinewelle.de\/"},{"@type":"ListItem","position":2,"name":"Nachrichten und Infos am 16.08."}]},{"@type":"WebSite","@id":"https:\/\/radioleinewelle.de\/#website","url":"https:\/\/radioleinewelle.de\/","name":"Radio Leinewelle","description":"","publisher":{"@id":"https:\/\/radioleinewelle.de\/#organization"},"potentialAction":[{"@type":"SearchAction","target":{"@type":"EntryPoint","urlTemplate":"https:\/\/radioleinewelle.de\/?s={search_term_string}"},"query-input":{"@type":"PropertyValueSpecification","valueRequired":true,"valueName":"search_term_string"}}],"inLanguage":"de"},{"@type":"Organization","@id":"https:\/\/radioleinewelle.de\/#organization","name":"Radio Leinewelle","alternateName":"Mein Radio f\u00fcr S\u00fcdniedersachsen","url":"https:\/\/radioleinewelle.de\/","logo":{"@type":"ImageObject","inLanguage":"de","@id":"https:\/\/radioleinewelle.de\/#\/schema\/logo\/image\/","url":"https:\/\/radioleinewelle.de\/wp-content\/uploads\/2023\/11\/cropped-Leinewelle_Logo_weiss.png","contentUrl":"https:\/\/radioleinewelle.de\/wp-content\/uploads\/2023\/11\/cropped-Leinewelle_Logo_weiss.png","width":854,"height":260,"caption":"Radio Leinewelle"},"image":{"@id":"https:\/\/radioleinewelle.de\/#\/schema\/logo\/image\/"},"sameAs":["https:\/\/www.facebook.com\/radioleinewelle","https:\/\/x.com\/RLeinewelle","https:\/\/www.instagram.com\/radioleinewelle\/?hl=de"]},{"@type":"Person","@id":"https:\/\/radioleinewelle.de\/#\/schema\/person\/45606f348637df637192dc1b68399a63","name":"Leinewelle","image":{"@type":"ImageObject","inLanguage":"de","@id":"https:\/\/secure.gravatar.com\/avatar\/05c9a17bc973052ee5d91549bd32fb4dd0dc85b7b85ae94b2e2b4943476bbea5?s=96&d=blank&r=g","url":"https:\/\/secure.gravatar.com\/avatar\/05c9a17bc973052ee5d91549bd32fb4dd0dc85b7b85ae94b2e2b4943476bbea5?s=96&d=blank&r=g","contentUrl":"https:\/\/secure.gravatar.com\/avatar\/05c9a17bc973052ee5d91549bd32fb4dd0dc85b7b85ae94b2e2b4943476bbea5?s=96&d=blank&r=g","caption":"Leinewelle"},"sameAs":["http:\/\/localhost\/radio%20leinewelle\/wordpress","https:\/\/www.facebook.com\/radioleinewelle","https:\/\/www.instagram.com\/radioleinewelle","https:\/\/x.com\/https:\/\/twitter.com\/RLeinewelle?ref_src=twsrcgoogletwcampserptwgrauthor","https:\/\/soundcloud.com\/foerderverein-lokalradio?utm_source=clipboard&utm_medium=text&utm_campaign=social_sharing"],"url":"https:\/\/radioleinewelle.de\/index.php\/author\/leinewelle\/"}]}},"_links":{"self":[{"href":"https:\/\/radioleinewelle.de\/index.php\/wp-json\/wp\/v2\/posts\/25967","targetHints":{"allow":["GET"]}}],"collection":[{"href":"https:\/\/radioleinewelle.de\/index.php\/wp-json\/wp\/v2\/posts"}],"about":[{"href":"https:\/\/radioleinewelle.de\/index.php\/wp-json\/wp\/v2\/types\/post"}],"author":[{"embeddable":true,"href":"https:\/\/radioleinewelle.de\/index.php\/wp-json\/wp\/v2\/users\/1"}],"replies":[{"embeddable":true,"href":"https:\/\/radioleinewelle.de\/index.php\/wp-json\/wp\/v2\/comments?post=25967"}],"version-history":[{"count":3,"href":"https:\/\/radioleinewelle.de\/index.php\/wp-json\/wp\/v2\/posts\/25967\/revisions"}],"predecessor-version":[{"id":25970,"href":"https:\/\/radioleinewelle.de\/index.php\/wp-json\/wp\/v2\/posts\/25967\/revisions\/25970"}],"wp:featuredmedia":[{"embeddable":true,"href":"https:\/\/radioleinewelle.de\/index.php\/wp-json\/wp\/v2\/media\/24274"}],"wp:attachment":[{"href":"https:\/\/radioleinewelle.de\/index.php\/wp-json\/wp\/v2\/media?parent=25967"}],"wp:term":[{"taxonomy":"category","embeddable":true,"href":"https:\/\/radioleinewelle.de\/index.php\/wp-json\/wp\/v2\/categories?post=25967"},{"taxonomy":"post_tag","embeddable":true,"href":"https:\/\/radioleinewelle.de\/index.php\/wp-json\/wp\/v2\/tags?post=25967"}],"curies":[{"name":"wp","href":"https:\/\/api.w.org\/{rel}","templated":true}]}}