{"id":25975,"date":"2024-08-19T06:02:28","date_gmt":"2024-08-19T04:02:28","guid":{"rendered":"https:\/\/radioleinewelle.de\/?p=25975"},"modified":"2024-08-19T06:02:29","modified_gmt":"2024-08-19T04:02:29","slug":"filmbuero-goettingen-zeigt-heinz-ehrhardt-kultfilm","status":"publish","type":"post","link":"https:\/\/radioleinewelle.de\/index.php\/2024\/08\/19\/filmbuero-goettingen-zeigt-heinz-ehrhardt-kultfilm\/","title":{"rendered":"Filmb\u00fcro G\u00f6ttingen zeigt Heinz Ehrhardt Kultfilm"},"content":{"rendered":"\n<p>Als Abschluss des Jubil\u00e4umsjahrs \u201e75 Jahre Filmstadt G\u00f6ttingen\u201c zeigt das Filmb\u00fcro G\u00f6ttingen am 20. August im CinemaxX die Erhardtsche Kultkom\u00f6die \u201eNat\u00fcrlich die Autofahrer\u201c (gleichzeitig 65 Jahre Urauff\u00fchrung des Films und f\u00fcnfj\u00e4hriges Bestehen des Filmb\u00fcros G\u00f6ttingen). Der Vorverkauf hat bereits begonnen. Karten gibt\u2019s direkt an der Kinokasse oder online unter: <strong><a href=\"http:\/\/Der Vorverkauf hat bereits begonnen. Karten gibt\u2019s direkt an der Kinokasse oder online unter: www.cinemaxx.de\">www.cinemaxx.de<\/a><\/strong><br><strong>Die Handlung<\/strong><br>Polizeihauptwachtmeister Eberhard Dobermann ist ein ganz Eifriger. Auf seinem Posten an einer der verkehrsreichsten Kreuzungen der Stadt hagelt es geb\u00fchrenpflichtige Verwarnungen und selbst sein h\u00f6chster Vorgesetzter, der Herr Polizeipr\u00e4sident, bekommt die unbestechliche Strenge des wackeren Verkehrsh\u00fcters zu sp\u00fcren. Dabei ist der Witwer Dobermann au\u00dferhalb des Dienstes, den er wie ein Rachegott des Gesetzes versieht, ein friedliebender Mann, dem die Ruhe seiner b\u00fcrgerlichen H\u00e4uslichkeit und das Wohl seiner beiden Kinder \u00fcber alles geht.\u00a0<em>[Quelle: Filmjuwelen]<\/em><\/p>\n\n\n\n<p><br><strong>Heinz Erhardt<\/strong>\u00a0hat einen ganz besonderen Stellenwert. Er ist das Gesicht der Filmstadt G\u00f6ttingen. Hier spielte er seine erste Hauptrolle. Hier verdreifachte er sich sogar. Insgesamt drehte er acht Filme in den G\u00f6ttinger Ateliers. Meist waren es fr\u00f6hliche Familienkom\u00f6dien. Am bekanntesten ist \u201eNat\u00fcrlich die Autofahrer\u201c mit der legend\u00e4ren Er\u00f6ffnungssequenz am Weender Tor. In diesem Film mutiert Verkehrspolizist Dobermann zum Verkehrsrowdy, was schlie\u00dflich v\u00f6llig aus der Spur l\u00e4uft. Doch am Schluss, so will es das ungeschriebene Kom\u00f6diengesetz der 1950er-Jahre, wird alles gut.Den Titelsong aus \u201eNat\u00fcrlich die Autofahrer\u201c (\u201eSeid doch nett zueinander\u201c) singen Friedel Hensch und die Cyprys. Der Titel \u201eCowboy Mambo\u201c wird gesungen vom Schlagerduo Geschwister Duval. Frank Duval schrieb in den 1970er- und 1980er-Jahren Filmmusiken zu TV-Serien wie \u201eDerrick\u201c und \u201eDer Alte\u201c.<\/p>\n\n\n\n\n\n<p><strong>Foto: <\/strong>\u201eIhre Papiere, bitte!\u201c Heinz Erhardt (rechts) und Erik Schumann mit weiblicher Begleitung am Weender Tor (Blickrichtung Nikolausberger Weg). \/\/ Bildnachweis: Slg. Stefan Helfrich\/Heinzerhardtfreun.de<\/p>\n","protected":false},"excerpt":{"rendered":"<p>Als Abschluss des Jubil\u00e4umsjahrs \u201e75 Jahre Filmstadt G\u00f6ttingen\u201c zeigt das Filmb\u00fcro G\u00f6ttingen am 20. August im CinemaxX die Erhardtsche Kultkom\u00f6die \u201eNat\u00fcrlich die Autofahrer\u201c (gleichzeitig 65 Jahre Urauff\u00fchrung des Films und f\u00fcnfj\u00e4hriges Bestehen des Filmb\u00fcros G\u00f6ttingen). Der Vorverkauf hat bereits begonnen. Karten gibt\u2019s direkt an der Kinokasse oder online unter: www.cinemaxx.deDie HandlungPolizeihauptwachtmeister Eberhard Dobermann ist ein [&hellip;]<\/p>\n","protected":false},"author":1,"featured_media":25978,"comment_status":"open","ping_status":"open","sticky":true,"template":"","format":"standard","meta":{"saved_in_kubio":false,"footnotes":""},"categories":[4127,45],"tags":[],"class_list":["post-25975","post","type-post","status-publish","format-standard","has-post-thumbnail","hentry","category-filmtipp","category-kultur"],"yoast_head":"<!-- This site is optimized with the Yoast SEO plugin v27.5 - https:\/\/yoast.com\/product\/yoast-seo-wordpress\/ -->\n<title>Filmb\u00fcro G\u00f6ttingen zeigt Heinz Ehrhardt Kultfilm - Radio Leinewelle<\/title>\n<meta name=\"robots\" content=\"index, follow, max-snippet:-1, max-image-preview:large, max-video-preview:-1\" \/>\n<link rel=\"canonical\" href=\"https:\/\/radioleinewelle.de\/index.php\/2024\/08\/19\/filmbuero-goettingen-zeigt-heinz-ehrhardt-kultfilm\/\" \/>\n<meta property=\"og:locale\" content=\"de_DE\" \/>\n<meta property=\"og:type\" content=\"article\" \/>\n<meta property=\"og:title\" content=\"Filmb\u00fcro G\u00f6ttingen zeigt Heinz Ehrhardt Kultfilm - Radio Leinewelle\" \/>\n<meta property=\"og:description\" content=\"Als Abschluss des Jubil\u00e4umsjahrs \u201e75 Jahre Filmstadt G\u00f6ttingen\u201c zeigt das Filmb\u00fcro G\u00f6ttingen am 20. August im CinemaxX die Erhardtsche Kultkom\u00f6die \u201eNat\u00fcrlich die Autofahrer\u201c (gleichzeitig 65 Jahre Urauff\u00fchrung des Films und f\u00fcnfj\u00e4hriges Bestehen des Filmb\u00fcros G\u00f6ttingen). Der Vorverkauf hat bereits begonnen. Karten gibt\u2019s direkt an der Kinokasse oder online unter: www.cinemaxx.deDie HandlungPolizeihauptwachtmeister Eberhard Dobermann ist ein [&hellip;]\" \/>\n<meta property=\"og:url\" content=\"https:\/\/radioleinewelle.de\/index.php\/2024\/08\/19\/filmbuero-goettingen-zeigt-heinz-ehrhardt-kultfilm\/\" \/>\n<meta property=\"og:site_name\" content=\"Radio Leinewelle\" \/>\n<meta property=\"article:publisher\" content=\"https:\/\/www.facebook.com\/radioleinewelle\" \/>\n<meta property=\"article:author\" content=\"https:\/\/www.facebook.com\/radioleinewelle\" \/>\n<meta property=\"article:published_time\" content=\"2024-08-19T04:02:28+00:00\" \/>\n<meta property=\"article:modified_time\" content=\"2024-08-19T04:02:29+00:00\" \/>\n<meta property=\"og:image\" content=\"https:\/\/radioleinewelle.de\/wp-content\/uploads\/2024\/08\/Abb.-6-Naturlich-die-Autofahrer-1959-\u00a9-Slg.-Stefan-Helfrich.jpg\" \/>\n\t<meta property=\"og:image:width\" content=\"2000\" \/>\n\t<meta property=\"og:image:height\" content=\"1397\" \/>\n\t<meta property=\"og:image:type\" content=\"image\/jpeg\" \/>\n<meta name=\"author\" content=\"Leinewelle\" \/>\n<meta name=\"twitter:card\" content=\"summary_large_image\" \/>\n<meta name=\"twitter:creator\" content=\"@https:\/\/twitter.com\/RLeinewelle?ref_src=twsrcgoogletwcampserptwgrauthor\" \/>\n<meta name=\"twitter:site\" content=\"@RLeinewelle\" \/>\n<meta name=\"twitter:label1\" content=\"Verfasst von\" \/>\n\t<meta name=\"twitter:data1\" content=\"Leinewelle\" \/>\n\t<meta name=\"twitter:label2\" content=\"Gesch\u00e4tzte Lesezeit\" \/>\n\t<meta name=\"twitter:data2\" content=\"2\u00a0Minuten\" \/>\n<script type=\"application\/ld+json\" class=\"yoast-schema-graph\">{\"@context\":\"https:\\\/\\\/schema.org\",\"@graph\":[{\"@type\":\"Article\",\"@id\":\"https:\\\/\\\/radioleinewelle.de\\\/index.php\\\/2024\\\/08\\\/19\\\/filmbuero-goettingen-zeigt-heinz-ehrhardt-kultfilm\\\/#article\",\"isPartOf\":{\"@id\":\"https:\\\/\\\/radioleinewelle.de\\\/index.php\\\/2024\\\/08\\\/19\\\/filmbuero-goettingen-zeigt-heinz-ehrhardt-kultfilm\\\/\"},\"author\":{\"name\":\"Leinewelle\",\"@id\":\"https:\\\/\\\/radioleinewelle.de\\\/#\\\/schema\\\/person\\\/45606f348637df637192dc1b68399a63\"},\"headline\":\"Filmb\u00fcro G\u00f6ttingen zeigt Heinz Ehrhardt Kultfilm\",\"datePublished\":\"2024-08-19T04:02:28+00:00\",\"dateModified\":\"2024-08-19T04:02:29+00:00\",\"mainEntityOfPage\":{\"@id\":\"https:\\\/\\\/radioleinewelle.de\\\/index.php\\\/2024\\\/08\\\/19\\\/filmbuero-goettingen-zeigt-heinz-ehrhardt-kultfilm\\\/\"},\"wordCount\":313,\"commentCount\":0,\"publisher\":{\"@id\":\"https:\\\/\\\/radioleinewelle.de\\\/#organization\"},\"image\":{\"@id\":\"https:\\\/\\\/radioleinewelle.de\\\/index.php\\\/2024\\\/08\\\/19\\\/filmbuero-goettingen-zeigt-heinz-ehrhardt-kultfilm\\\/#primaryimage\"},\"thumbnailUrl\":\"https:\\\/\\\/radioleinewelle.de\\\/wp-content\\\/uploads\\\/2024\\\/08\\\/Abb.-6-Naturlich-die-Autofahrer-1959-\u00a9-Slg.-Stefan-Helfrich.jpg\",\"articleSection\":[\"Filmtipp\",\"Kultur\"],\"inLanguage\":\"de\",\"potentialAction\":[{\"@type\":\"CommentAction\",\"name\":\"Comment\",\"target\":[\"https:\\\/\\\/radioleinewelle.de\\\/index.php\\\/2024\\\/08\\\/19\\\/filmbuero-goettingen-zeigt-heinz-ehrhardt-kultfilm\\\/#respond\"]}]},{\"@type\":\"WebPage\",\"@id\":\"https:\\\/\\\/radioleinewelle.de\\\/index.php\\\/2024\\\/08\\\/19\\\/filmbuero-goettingen-zeigt-heinz-ehrhardt-kultfilm\\\/\",\"url\":\"https:\\\/\\\/radioleinewelle.de\\\/index.php\\\/2024\\\/08\\\/19\\\/filmbuero-goettingen-zeigt-heinz-ehrhardt-kultfilm\\\/\",\"name\":\"Filmb\u00fcro G\u00f6ttingen zeigt Heinz Ehrhardt Kultfilm - Radio Leinewelle\",\"isPartOf\":{\"@id\":\"https:\\\/\\\/radioleinewelle.de\\\/#website\"},\"primaryImageOfPage\":{\"@id\":\"https:\\\/\\\/radioleinewelle.de\\\/index.php\\\/2024\\\/08\\\/19\\\/filmbuero-goettingen-zeigt-heinz-ehrhardt-kultfilm\\\/#primaryimage\"},\"image\":{\"@id\":\"https:\\\/\\\/radioleinewelle.de\\\/index.php\\\/2024\\\/08\\\/19\\\/filmbuero-goettingen-zeigt-heinz-ehrhardt-kultfilm\\\/#primaryimage\"},\"thumbnailUrl\":\"https:\\\/\\\/radioleinewelle.de\\\/wp-content\\\/uploads\\\/2024\\\/08\\\/Abb.-6-Naturlich-die-Autofahrer-1959-\u00a9-Slg.-Stefan-Helfrich.jpg\",\"datePublished\":\"2024-08-19T04:02:28+00:00\",\"dateModified\":\"2024-08-19T04:02:29+00:00\",\"breadcrumb\":{\"@id\":\"https:\\\/\\\/radioleinewelle.de\\\/index.php\\\/2024\\\/08\\\/19\\\/filmbuero-goettingen-zeigt-heinz-ehrhardt-kultfilm\\\/#breadcrumb\"},\"inLanguage\":\"de\",\"potentialAction\":[{\"@type\":\"ReadAction\",\"target\":[\"https:\\\/\\\/radioleinewelle.de\\\/index.php\\\/2024\\\/08\\\/19\\\/filmbuero-goettingen-zeigt-heinz-ehrhardt-kultfilm\\\/\"]}]},{\"@type\":\"ImageObject\",\"inLanguage\":\"de\",\"@id\":\"https:\\\/\\\/radioleinewelle.de\\\/index.php\\\/2024\\\/08\\\/19\\\/filmbuero-goettingen-zeigt-heinz-ehrhardt-kultfilm\\\/#primaryimage\",\"url\":\"https:\\\/\\\/radioleinewelle.de\\\/wp-content\\\/uploads\\\/2024\\\/08\\\/Abb.-6-Naturlich-die-Autofahrer-1959-\u00a9-Slg.-Stefan-Helfrich.jpg\",\"contentUrl\":\"https:\\\/\\\/radioleinewelle.de\\\/wp-content\\\/uploads\\\/2024\\\/08\\\/Abb.-6-Naturlich-die-Autofahrer-1959-\u00a9-Slg.-Stefan-Helfrich.jpg\",\"width\":2000,\"height\":1397},{\"@type\":\"BreadcrumbList\",\"@id\":\"https:\\\/\\\/radioleinewelle.de\\\/index.php\\\/2024\\\/08\\\/19\\\/filmbuero-goettingen-zeigt-heinz-ehrhardt-kultfilm\\\/#breadcrumb\",\"itemListElement\":[{\"@type\":\"ListItem\",\"position\":1,\"name\":\"Startseite\",\"item\":\"https:\\\/\\\/radioleinewelle.de\\\/\"},{\"@type\":\"ListItem\",\"position\":2,\"name\":\"Filmb\u00fcro G\u00f6ttingen zeigt Heinz Ehrhardt Kultfilm\"}]},{\"@type\":\"WebSite\",\"@id\":\"https:\\\/\\\/radioleinewelle.de\\\/#website\",\"url\":\"https:\\\/\\\/radioleinewelle.de\\\/\",\"name\":\"Radio Leinewelle\",\"description\":\"\",\"publisher\":{\"@id\":\"https:\\\/\\\/radioleinewelle.de\\\/#organization\"},\"potentialAction\":[{\"@type\":\"SearchAction\",\"target\":{\"@type\":\"EntryPoint\",\"urlTemplate\":\"https:\\\/\\\/radioleinewelle.de\\\/?s={search_term_string}\"},\"query-input\":{\"@type\":\"PropertyValueSpecification\",\"valueRequired\":true,\"valueName\":\"search_term_string\"}}],\"inLanguage\":\"de\"},{\"@type\":\"Organization\",\"@id\":\"https:\\\/\\\/radioleinewelle.de\\\/#organization\",\"name\":\"Radio Leinewelle\",\"alternateName\":\"Mein Radio f\u00fcr S\u00fcdniedersachsen\",\"url\":\"https:\\\/\\\/radioleinewelle.de\\\/\",\"logo\":{\"@type\":\"ImageObject\",\"inLanguage\":\"de\",\"@id\":\"https:\\\/\\\/radioleinewelle.de\\\/#\\\/schema\\\/logo\\\/image\\\/\",\"url\":\"https:\\\/\\\/radioleinewelle.de\\\/wp-content\\\/uploads\\\/2023\\\/11\\\/cropped-Leinewelle_Logo_weiss.png\",\"contentUrl\":\"https:\\\/\\\/radioleinewelle.de\\\/wp-content\\\/uploads\\\/2023\\\/11\\\/cropped-Leinewelle_Logo_weiss.png\",\"width\":854,\"height\":260,\"caption\":\"Radio Leinewelle\"},\"image\":{\"@id\":\"https:\\\/\\\/radioleinewelle.de\\\/#\\\/schema\\\/logo\\\/image\\\/\"},\"sameAs\":[\"https:\\\/\\\/www.facebook.com\\\/radioleinewelle\",\"https:\\\/\\\/x.com\\\/RLeinewelle\",\"https:\\\/\\\/www.instagram.com\\\/radioleinewelle\\\/?hl=de\"]},{\"@type\":\"Person\",\"@id\":\"https:\\\/\\\/radioleinewelle.de\\\/#\\\/schema\\\/person\\\/45606f348637df637192dc1b68399a63\",\"name\":\"Leinewelle\",\"image\":{\"@type\":\"ImageObject\",\"inLanguage\":\"de\",\"@id\":\"https:\\\/\\\/secure.gravatar.com\\\/avatar\\\/05c9a17bc973052ee5d91549bd32fb4dd0dc85b7b85ae94b2e2b4943476bbea5?s=96&d=blank&r=g\",\"url\":\"https:\\\/\\\/secure.gravatar.com\\\/avatar\\\/05c9a17bc973052ee5d91549bd32fb4dd0dc85b7b85ae94b2e2b4943476bbea5?s=96&d=blank&r=g\",\"contentUrl\":\"https:\\\/\\\/secure.gravatar.com\\\/avatar\\\/05c9a17bc973052ee5d91549bd32fb4dd0dc85b7b85ae94b2e2b4943476bbea5?s=96&d=blank&r=g\",\"caption\":\"Leinewelle\"},\"sameAs\":[\"http:\\\/\\\/localhost\\\/radio%20leinewelle\\\/wordpress\",\"https:\\\/\\\/www.facebook.com\\\/radioleinewelle\",\"https:\\\/\\\/www.instagram.com\\\/radioleinewelle\",\"https:\\\/\\\/x.com\\\/https:\\\/\\\/twitter.com\\\/RLeinewelle?ref_src=twsrcgoogletwcampserptwgrauthor\",\"https:\\\/\\\/soundcloud.com\\\/foerderverein-lokalradio?utm_source=clipboard&utm_medium=text&utm_campaign=social_sharing\"],\"url\":\"https:\\\/\\\/radioleinewelle.de\\\/index.php\\\/author\\\/leinewelle\\\/\"}]}<\/script>\n<!-- \/ Yoast SEO plugin. -->","yoast_head_json":{"title":"Filmb\u00fcro G\u00f6ttingen zeigt Heinz Ehrhardt Kultfilm - Radio Leinewelle","robots":{"index":"index","follow":"follow","max-snippet":"max-snippet:-1","max-image-preview":"max-image-preview:large","max-video-preview":"max-video-preview:-1"},"canonical":"https:\/\/radioleinewelle.de\/index.php\/2024\/08\/19\/filmbuero-goettingen-zeigt-heinz-ehrhardt-kultfilm\/","og_locale":"de_DE","og_type":"article","og_title":"Filmb\u00fcro G\u00f6ttingen zeigt Heinz Ehrhardt Kultfilm - Radio Leinewelle","og_description":"Als Abschluss des Jubil\u00e4umsjahrs \u201e75 Jahre Filmstadt G\u00f6ttingen\u201c zeigt das Filmb\u00fcro G\u00f6ttingen am 20. August im CinemaxX die Erhardtsche Kultkom\u00f6die \u201eNat\u00fcrlich die Autofahrer\u201c (gleichzeitig 65 Jahre Urauff\u00fchrung des Films und f\u00fcnfj\u00e4hriges Bestehen des Filmb\u00fcros G\u00f6ttingen). Der Vorverkauf hat bereits begonnen. Karten gibt\u2019s direkt an der Kinokasse oder online unter: www.cinemaxx.deDie HandlungPolizeihauptwachtmeister Eberhard Dobermann ist ein [&hellip;]","og_url":"https:\/\/radioleinewelle.de\/index.php\/2024\/08\/19\/filmbuero-goettingen-zeigt-heinz-ehrhardt-kultfilm\/","og_site_name":"Radio Leinewelle","article_publisher":"https:\/\/www.facebook.com\/radioleinewelle","article_author":"https:\/\/www.facebook.com\/radioleinewelle","article_published_time":"2024-08-19T04:02:28+00:00","article_modified_time":"2024-08-19T04:02:29+00:00","og_image":[{"width":2000,"height":1397,"url":"https:\/\/radioleinewelle.de\/wp-content\/uploads\/2024\/08\/Abb.-6-Naturlich-die-Autofahrer-1959-\u00a9-Slg.-Stefan-Helfrich.jpg","type":"image\/jpeg"}],"author":"Leinewelle","twitter_card":"summary_large_image","twitter_creator":"@https:\/\/twitter.com\/RLeinewelle?ref_src=twsrcgoogletwcampserptwgrauthor","twitter_site":"@RLeinewelle","twitter_misc":{"Verfasst von":"Leinewelle","Gesch\u00e4tzte Lesezeit":"2\u00a0Minuten"},"schema":{"@context":"https:\/\/schema.org","@graph":[{"@type":"Article","@id":"https:\/\/radioleinewelle.de\/index.php\/2024\/08\/19\/filmbuero-goettingen-zeigt-heinz-ehrhardt-kultfilm\/#article","isPartOf":{"@id":"https:\/\/radioleinewelle.de\/index.php\/2024\/08\/19\/filmbuero-goettingen-zeigt-heinz-ehrhardt-kultfilm\/"},"author":{"name":"Leinewelle","@id":"https:\/\/radioleinewelle.de\/#\/schema\/person\/45606f348637df637192dc1b68399a63"},"headline":"Filmb\u00fcro G\u00f6ttingen zeigt Heinz Ehrhardt Kultfilm","datePublished":"2024-08-19T04:02:28+00:00","dateModified":"2024-08-19T04:02:29+00:00","mainEntityOfPage":{"@id":"https:\/\/radioleinewelle.de\/index.php\/2024\/08\/19\/filmbuero-goettingen-zeigt-heinz-ehrhardt-kultfilm\/"},"wordCount":313,"commentCount":0,"publisher":{"@id":"https:\/\/radioleinewelle.de\/#organization"},"image":{"@id":"https:\/\/radioleinewelle.de\/index.php\/2024\/08\/19\/filmbuero-goettingen-zeigt-heinz-ehrhardt-kultfilm\/#primaryimage"},"thumbnailUrl":"https:\/\/radioleinewelle.de\/wp-content\/uploads\/2024\/08\/Abb.-6-Naturlich-die-Autofahrer-1959-\u00a9-Slg.-Stefan-Helfrich.jpg","articleSection":["Filmtipp","Kultur"],"inLanguage":"de","potentialAction":[{"@type":"CommentAction","name":"Comment","target":["https:\/\/radioleinewelle.de\/index.php\/2024\/08\/19\/filmbuero-goettingen-zeigt-heinz-ehrhardt-kultfilm\/#respond"]}]},{"@type":"WebPage","@id":"https:\/\/radioleinewelle.de\/index.php\/2024\/08\/19\/filmbuero-goettingen-zeigt-heinz-ehrhardt-kultfilm\/","url":"https:\/\/radioleinewelle.de\/index.php\/2024\/08\/19\/filmbuero-goettingen-zeigt-heinz-ehrhardt-kultfilm\/","name":"Filmb\u00fcro G\u00f6ttingen zeigt Heinz Ehrhardt Kultfilm - Radio Leinewelle","isPartOf":{"@id":"https:\/\/radioleinewelle.de\/#website"},"primaryImageOfPage":{"@id":"https:\/\/radioleinewelle.de\/index.php\/2024\/08\/19\/filmbuero-goettingen-zeigt-heinz-ehrhardt-kultfilm\/#primaryimage"},"image":{"@id":"https:\/\/radioleinewelle.de\/index.php\/2024\/08\/19\/filmbuero-goettingen-zeigt-heinz-ehrhardt-kultfilm\/#primaryimage"},"thumbnailUrl":"https:\/\/radioleinewelle.de\/wp-content\/uploads\/2024\/08\/Abb.-6-Naturlich-die-Autofahrer-1959-\u00a9-Slg.-Stefan-Helfrich.jpg","datePublished":"2024-08-19T04:02:28+00:00","dateModified":"2024-08-19T04:02:29+00:00","breadcrumb":{"@id":"https:\/\/radioleinewelle.de\/index.php\/2024\/08\/19\/filmbuero-goettingen-zeigt-heinz-ehrhardt-kultfilm\/#breadcrumb"},"inLanguage":"de","potentialAction":[{"@type":"ReadAction","target":["https:\/\/radioleinewelle.de\/index.php\/2024\/08\/19\/filmbuero-goettingen-zeigt-heinz-ehrhardt-kultfilm\/"]}]},{"@type":"ImageObject","inLanguage":"de","@id":"https:\/\/radioleinewelle.de\/index.php\/2024\/08\/19\/filmbuero-goettingen-zeigt-heinz-ehrhardt-kultfilm\/#primaryimage","url":"https:\/\/radioleinewelle.de\/wp-content\/uploads\/2024\/08\/Abb.-6-Naturlich-die-Autofahrer-1959-\u00a9-Slg.-Stefan-Helfrich.jpg","contentUrl":"https:\/\/radioleinewelle.de\/wp-content\/uploads\/2024\/08\/Abb.-6-Naturlich-die-Autofahrer-1959-\u00a9-Slg.-Stefan-Helfrich.jpg","width":2000,"height":1397},{"@type":"BreadcrumbList","@id":"https:\/\/radioleinewelle.de\/index.php\/2024\/08\/19\/filmbuero-goettingen-zeigt-heinz-ehrhardt-kultfilm\/#breadcrumb","itemListElement":[{"@type":"ListItem","position":1,"name":"Startseite","item":"https:\/\/radioleinewelle.de\/"},{"@type":"ListItem","position":2,"name":"Filmb\u00fcro G\u00f6ttingen zeigt Heinz Ehrhardt Kultfilm"}]},{"@type":"WebSite","@id":"https:\/\/radioleinewelle.de\/#website","url":"https:\/\/radioleinewelle.de\/","name":"Radio Leinewelle","description":"","publisher":{"@id":"https:\/\/radioleinewelle.de\/#organization"},"potentialAction":[{"@type":"SearchAction","target":{"@type":"EntryPoint","urlTemplate":"https:\/\/radioleinewelle.de\/?s={search_term_string}"},"query-input":{"@type":"PropertyValueSpecification","valueRequired":true,"valueName":"search_term_string"}}],"inLanguage":"de"},{"@type":"Organization","@id":"https:\/\/radioleinewelle.de\/#organization","name":"Radio Leinewelle","alternateName":"Mein Radio f\u00fcr S\u00fcdniedersachsen","url":"https:\/\/radioleinewelle.de\/","logo":{"@type":"ImageObject","inLanguage":"de","@id":"https:\/\/radioleinewelle.de\/#\/schema\/logo\/image\/","url":"https:\/\/radioleinewelle.de\/wp-content\/uploads\/2023\/11\/cropped-Leinewelle_Logo_weiss.png","contentUrl":"https:\/\/radioleinewelle.de\/wp-content\/uploads\/2023\/11\/cropped-Leinewelle_Logo_weiss.png","width":854,"height":260,"caption":"Radio Leinewelle"},"image":{"@id":"https:\/\/radioleinewelle.de\/#\/schema\/logo\/image\/"},"sameAs":["https:\/\/www.facebook.com\/radioleinewelle","https:\/\/x.com\/RLeinewelle","https:\/\/www.instagram.com\/radioleinewelle\/?hl=de"]},{"@type":"Person","@id":"https:\/\/radioleinewelle.de\/#\/schema\/person\/45606f348637df637192dc1b68399a63","name":"Leinewelle","image":{"@type":"ImageObject","inLanguage":"de","@id":"https:\/\/secure.gravatar.com\/avatar\/05c9a17bc973052ee5d91549bd32fb4dd0dc85b7b85ae94b2e2b4943476bbea5?s=96&d=blank&r=g","url":"https:\/\/secure.gravatar.com\/avatar\/05c9a17bc973052ee5d91549bd32fb4dd0dc85b7b85ae94b2e2b4943476bbea5?s=96&d=blank&r=g","contentUrl":"https:\/\/secure.gravatar.com\/avatar\/05c9a17bc973052ee5d91549bd32fb4dd0dc85b7b85ae94b2e2b4943476bbea5?s=96&d=blank&r=g","caption":"Leinewelle"},"sameAs":["http:\/\/localhost\/radio%20leinewelle\/wordpress","https:\/\/www.facebook.com\/radioleinewelle","https:\/\/www.instagram.com\/radioleinewelle","https:\/\/x.com\/https:\/\/twitter.com\/RLeinewelle?ref_src=twsrcgoogletwcampserptwgrauthor","https:\/\/soundcloud.com\/foerderverein-lokalradio?utm_source=clipboard&utm_medium=text&utm_campaign=social_sharing"],"url":"https:\/\/radioleinewelle.de\/index.php\/author\/leinewelle\/"}]}},"_links":{"self":[{"href":"https:\/\/radioleinewelle.de\/index.php\/wp-json\/wp\/v2\/posts\/25975","targetHints":{"allow":["GET"]}}],"collection":[{"href":"https:\/\/radioleinewelle.de\/index.php\/wp-json\/wp\/v2\/posts"}],"about":[{"href":"https:\/\/radioleinewelle.de\/index.php\/wp-json\/wp\/v2\/types\/post"}],"author":[{"embeddable":true,"href":"https:\/\/radioleinewelle.de\/index.php\/wp-json\/wp\/v2\/users\/1"}],"replies":[{"embeddable":true,"href":"https:\/\/radioleinewelle.de\/index.php\/wp-json\/wp\/v2\/comments?post=25975"}],"version-history":[{"count":7,"href":"https:\/\/radioleinewelle.de\/index.php\/wp-json\/wp\/v2\/posts\/25975\/revisions"}],"predecessor-version":[{"id":26026,"href":"https:\/\/radioleinewelle.de\/index.php\/wp-json\/wp\/v2\/posts\/25975\/revisions\/26026"}],"wp:featuredmedia":[{"embeddable":true,"href":"https:\/\/radioleinewelle.de\/index.php\/wp-json\/wp\/v2\/media\/25978"}],"wp:attachment":[{"href":"https:\/\/radioleinewelle.de\/index.php\/wp-json\/wp\/v2\/media?parent=25975"}],"wp:term":[{"taxonomy":"category","embeddable":true,"href":"https:\/\/radioleinewelle.de\/index.php\/wp-json\/wp\/v2\/categories?post=25975"},{"taxonomy":"post_tag","embeddable":true,"href":"https:\/\/radioleinewelle.de\/index.php\/wp-json\/wp\/v2\/tags?post=25975"}],"curies":[{"name":"wp","href":"https:\/\/api.w.org\/{rel}","templated":true}]}}