{"id":26002,"date":"2024-08-24T09:45:27","date_gmt":"2024-08-24T07:45:27","guid":{"rendered":"https:\/\/radioleinewelle.de\/?p=26002"},"modified":"2024-08-24T09:58:13","modified_gmt":"2024-08-24T07:58:13","slug":"ein-denkmal-wird-laut-internationale-acts-spielen-sonntag-25-08-am-mahnmal-in-friedland","status":"publish","type":"post","link":"https:\/\/radioleinewelle.de\/index.php\/2024\/08\/24\/ein-denkmal-wird-laut-internationale-acts-spielen-sonntag-25-08-am-mahnmal-in-friedland\/","title":{"rendered":"Ein Denkmal wird laut &#8211; Internationale Acts spielen Sonntag 25.08. am Mahnmal in Friedland"},"content":{"rendered":"\n<p>Museum Friedland l\u00e4dt gemeinsam mit Kultur im Kreis am kommenden Sonntag zu einem Open-Air-Konzert am Mahnmal in Friedland ein.&nbsp;<\/p>\n\n\n\n<p>Nach \u201eEin Denkmal wird bunt\u201c in 2023 wird es in diesem Jahr am 25. August ab 14 Uhr laut auf dem Hagen in Friedland. Im Rahmen des diesj\u00e4hrigen Aktionstages f\u00fcr Vielfalt und Toleranz verwandelt sich der Platz vor dem Heimkehrer-Mahnmal in eine B\u00fchne f\u00fcr ein buntes Open-Air-Konzert mit musikalischen Einfl\u00fcssen aus aller Welt.&nbsp;<\/p>\n\n\n\n<p>F\u00fcr das Konzert haben drei international erfahrene Acts haben ihre Teilnahme zugesagt: Die zweifachen Preistr\u00e4ger des Creole Global Music Contest Makatumbe garantieren mit ihrer Mischung aus World Groove und Future Pop f\u00fcr Stimmung auf der B\u00fchne. Das ruandische Duo Bill Ruzima und Jason Irambona l\u00e4sst Afro Soul mit traditionellen Einfl\u00fcssen verschmelzen. Und die Hannoveraner S\u00e4ngerin Ayda Kirci verbindet mit ihrer Band Shanaya unter dem Label des Mig-Pop (kurz f\u00fcr Migrants Pop) deutschsprachige Popmusik mit orientalischen Einfl\u00fcssen.<\/p>\n\n\n\n<p>Auch das Rahmenprogramm l\u00e4sst aufhorchen und l\u00e4dt zum Mitmachen ein: Gro\u00dfe und kleine G\u00e4ste k\u00f6nnen das Mahnmal in Kreativ-Workshops erkunden und ihre Visionen f\u00fcr ganz neue Denkm\u00e4ler mit Knete oder Sand gestalten, eigene Inschriften pr\u00e4gen oder Ansteck-Buttons mit bunten Statements fertigen. F\u00fcr Kinder werden au\u00dferdem farbenfrohe Tattoos, Seifenblasen und Malspass geboten. Vielfalt ist am Sonntag also auch abseits der B\u00fchne Programm!<\/p>\n\n\n\n<p>Mit Warmen vom Grill und Kuchen sowie Getr\u00e4nken ist auch f\u00fcr das leibliche Wohl gesorgt. Die G\u00e4ste sind eingeladen, auch eigene Picknickdecken mitzubringen und den Sommernachmittag bei Musik und spannenden Angeboten auf der Wiese am Hagen zu verbringen.\u00a0<\/p>\n\n\n\n<p>Der Aktionstag findet mit Unterst\u00fctzung der Gemeinde Friedland statt und wird von der Partnerschaft f\u00fcr Demokratie im Landkreis G\u00f6ttingen gef\u00f6rdert.BU:&nbsp;In Vorbereitung auf das Konzert am Sonntag wurden jetzt zwei der vier Stelen des Mahnmals mit bunten Bannern versehen<\/p>\n\n\n\n<p><strong>Foto:<\/strong> Museum Frieland<\/p>\n","protected":false},"excerpt":{"rendered":"<p>Museum Friedland l\u00e4dt gemeinsam mit Kultur im Kreis am kommenden Sonntag zu einem Open-Air-Konzert am Mahnmal in Friedland ein.&nbsp; Nach \u201eEin Denkmal wird bunt\u201c in 2023 wird es in diesem Jahr am 25. August ab 14 Uhr laut auf dem Hagen in Friedland. Im Rahmen des diesj\u00e4hrigen Aktionstages f\u00fcr Vielfalt und Toleranz verwandelt sich der [&hellip;]<\/p>\n","protected":false},"author":1,"featured_media":26004,"comment_status":"open","ping_status":"open","sticky":true,"template":"","format":"standard","meta":{"saved_in_kubio":false,"footnotes":""},"categories":[53,43,41],"tags":[],"class_list":["post-26002","post","type-post","status-publish","format-standard","has-post-thumbnail","hentry","category-gesellschaft","category-migration","category-veranstaltungen"],"yoast_head":"<!-- This site is optimized with the Yoast SEO plugin v27.5 - https:\/\/yoast.com\/product\/yoast-seo-wordpress\/ -->\n<title>Ein Denkmal wird laut - Internationale Acts spielen Sonntag 25.08. am Mahnmal in Friedland - Radio Leinewelle<\/title>\n<meta name=\"robots\" content=\"index, follow, max-snippet:-1, max-image-preview:large, max-video-preview:-1\" \/>\n<link rel=\"canonical\" href=\"https:\/\/radioleinewelle.de\/index.php\/2024\/08\/24\/ein-denkmal-wird-laut-internationale-acts-spielen-sonntag-25-08-am-mahnmal-in-friedland\/\" \/>\n<meta property=\"og:locale\" content=\"de_DE\" \/>\n<meta property=\"og:type\" content=\"article\" \/>\n<meta property=\"og:title\" content=\"Ein Denkmal wird laut - Internationale Acts spielen Sonntag 25.08. am Mahnmal in Friedland - Radio Leinewelle\" \/>\n<meta property=\"og:description\" content=\"Museum Friedland l\u00e4dt gemeinsam mit Kultur im Kreis am kommenden Sonntag zu einem Open-Air-Konzert am Mahnmal in Friedland ein.&nbsp; Nach \u201eEin Denkmal wird bunt\u201c in 2023 wird es in diesem Jahr am 25. August ab 14 Uhr laut auf dem Hagen in Friedland. Im Rahmen des diesj\u00e4hrigen Aktionstages f\u00fcr Vielfalt und Toleranz verwandelt sich der [&hellip;]\" \/>\n<meta property=\"og:url\" content=\"https:\/\/radioleinewelle.de\/index.php\/2024\/08\/24\/ein-denkmal-wird-laut-internationale-acts-spielen-sonntag-25-08-am-mahnmal-in-friedland\/\" \/>\n<meta property=\"og:site_name\" content=\"Radio Leinewelle\" \/>\n<meta property=\"article:publisher\" content=\"https:\/\/www.facebook.com\/radioleinewelle\" \/>\n<meta property=\"article:author\" content=\"https:\/\/www.facebook.com\/radioleinewelle\" \/>\n<meta property=\"article:published_time\" content=\"2024-08-24T07:45:27+00:00\" \/>\n<meta property=\"article:modified_time\" content=\"2024-08-24T07:58:13+00:00\" \/>\n<meta property=\"og:image\" content=\"https:\/\/radioleinewelle.de\/wp-content\/uploads\/2024\/08\/Montage-der-Banner-am-Mahnmal-scaled-e1724485147839.jpg\" \/>\n\t<meta property=\"og:image:width\" content=\"1500\" \/>\n\t<meta property=\"og:image:height\" content=\"1125\" \/>\n\t<meta property=\"og:image:type\" content=\"image\/jpeg\" \/>\n<meta name=\"author\" content=\"Leinewelle\" \/>\n<meta name=\"twitter:card\" content=\"summary_large_image\" \/>\n<meta name=\"twitter:creator\" content=\"@https:\/\/twitter.com\/RLeinewelle?ref_src=twsrcgoogletwcampserptwgrauthor\" \/>\n<meta name=\"twitter:site\" content=\"@RLeinewelle\" \/>\n<meta name=\"twitter:label1\" content=\"Verfasst von\" \/>\n\t<meta name=\"twitter:data1\" content=\"Leinewelle\" \/>\n\t<meta name=\"twitter:label2\" content=\"Gesch\u00e4tzte Lesezeit\" \/>\n\t<meta name=\"twitter:data2\" content=\"2\u00a0Minuten\" \/>\n<script type=\"application\/ld+json\" class=\"yoast-schema-graph\">{\"@context\":\"https:\\\/\\\/schema.org\",\"@graph\":[{\"@type\":\"Article\",\"@id\":\"https:\\\/\\\/radioleinewelle.de\\\/index.php\\\/2024\\\/08\\\/24\\\/ein-denkmal-wird-laut-internationale-acts-spielen-sonntag-25-08-am-mahnmal-in-friedland\\\/#article\",\"isPartOf\":{\"@id\":\"https:\\\/\\\/radioleinewelle.de\\\/index.php\\\/2024\\\/08\\\/24\\\/ein-denkmal-wird-laut-internationale-acts-spielen-sonntag-25-08-am-mahnmal-in-friedland\\\/\"},\"author\":{\"name\":\"Leinewelle\",\"@id\":\"https:\\\/\\\/radioleinewelle.de\\\/#\\\/schema\\\/person\\\/45606f348637df637192dc1b68399a63\"},\"headline\":\"Ein Denkmal wird laut &#8211; Internationale Acts spielen Sonntag 25.08. am Mahnmal in Friedland\",\"datePublished\":\"2024-08-24T07:45:27+00:00\",\"dateModified\":\"2024-08-24T07:58:13+00:00\",\"mainEntityOfPage\":{\"@id\":\"https:\\\/\\\/radioleinewelle.de\\\/index.php\\\/2024\\\/08\\\/24\\\/ein-denkmal-wird-laut-internationale-acts-spielen-sonntag-25-08-am-mahnmal-in-friedland\\\/\"},\"wordCount\":336,\"commentCount\":0,\"publisher\":{\"@id\":\"https:\\\/\\\/radioleinewelle.de\\\/#organization\"},\"image\":{\"@id\":\"https:\\\/\\\/radioleinewelle.de\\\/index.php\\\/2024\\\/08\\\/24\\\/ein-denkmal-wird-laut-internationale-acts-spielen-sonntag-25-08-am-mahnmal-in-friedland\\\/#primaryimage\"},\"thumbnailUrl\":\"https:\\\/\\\/radioleinewelle.de\\\/wp-content\\\/uploads\\\/2024\\\/08\\\/Montage-der-Banner-am-Mahnmal-scaled-e1724485147839.jpg\",\"articleSection\":[\"Gesellschaft\",\"Migration\",\"Veranstaltungen\"],\"inLanguage\":\"de\",\"potentialAction\":[{\"@type\":\"CommentAction\",\"name\":\"Comment\",\"target\":[\"https:\\\/\\\/radioleinewelle.de\\\/index.php\\\/2024\\\/08\\\/24\\\/ein-denkmal-wird-laut-internationale-acts-spielen-sonntag-25-08-am-mahnmal-in-friedland\\\/#respond\"]}]},{\"@type\":\"WebPage\",\"@id\":\"https:\\\/\\\/radioleinewelle.de\\\/index.php\\\/2024\\\/08\\\/24\\\/ein-denkmal-wird-laut-internationale-acts-spielen-sonntag-25-08-am-mahnmal-in-friedland\\\/\",\"url\":\"https:\\\/\\\/radioleinewelle.de\\\/index.php\\\/2024\\\/08\\\/24\\\/ein-denkmal-wird-laut-internationale-acts-spielen-sonntag-25-08-am-mahnmal-in-friedland\\\/\",\"name\":\"Ein Denkmal wird laut - Internationale Acts spielen Sonntag 25.08. am Mahnmal in Friedland - Radio Leinewelle\",\"isPartOf\":{\"@id\":\"https:\\\/\\\/radioleinewelle.de\\\/#website\"},\"primaryImageOfPage\":{\"@id\":\"https:\\\/\\\/radioleinewelle.de\\\/index.php\\\/2024\\\/08\\\/24\\\/ein-denkmal-wird-laut-internationale-acts-spielen-sonntag-25-08-am-mahnmal-in-friedland\\\/#primaryimage\"},\"image\":{\"@id\":\"https:\\\/\\\/radioleinewelle.de\\\/index.php\\\/2024\\\/08\\\/24\\\/ein-denkmal-wird-laut-internationale-acts-spielen-sonntag-25-08-am-mahnmal-in-friedland\\\/#primaryimage\"},\"thumbnailUrl\":\"https:\\\/\\\/radioleinewelle.de\\\/wp-content\\\/uploads\\\/2024\\\/08\\\/Montage-der-Banner-am-Mahnmal-scaled-e1724485147839.jpg\",\"datePublished\":\"2024-08-24T07:45:27+00:00\",\"dateModified\":\"2024-08-24T07:58:13+00:00\",\"breadcrumb\":{\"@id\":\"https:\\\/\\\/radioleinewelle.de\\\/index.php\\\/2024\\\/08\\\/24\\\/ein-denkmal-wird-laut-internationale-acts-spielen-sonntag-25-08-am-mahnmal-in-friedland\\\/#breadcrumb\"},\"inLanguage\":\"de\",\"potentialAction\":[{\"@type\":\"ReadAction\",\"target\":[\"https:\\\/\\\/radioleinewelle.de\\\/index.php\\\/2024\\\/08\\\/24\\\/ein-denkmal-wird-laut-internationale-acts-spielen-sonntag-25-08-am-mahnmal-in-friedland\\\/\"]}]},{\"@type\":\"ImageObject\",\"inLanguage\":\"de\",\"@id\":\"https:\\\/\\\/radioleinewelle.de\\\/index.php\\\/2024\\\/08\\\/24\\\/ein-denkmal-wird-laut-internationale-acts-spielen-sonntag-25-08-am-mahnmal-in-friedland\\\/#primaryimage\",\"url\":\"https:\\\/\\\/radioleinewelle.de\\\/wp-content\\\/uploads\\\/2024\\\/08\\\/Montage-der-Banner-am-Mahnmal-scaled-e1724485147839.jpg\",\"contentUrl\":\"https:\\\/\\\/radioleinewelle.de\\\/wp-content\\\/uploads\\\/2024\\\/08\\\/Montage-der-Banner-am-Mahnmal-scaled-e1724485147839.jpg\",\"width\":1500,\"height\":1125},{\"@type\":\"BreadcrumbList\",\"@id\":\"https:\\\/\\\/radioleinewelle.de\\\/index.php\\\/2024\\\/08\\\/24\\\/ein-denkmal-wird-laut-internationale-acts-spielen-sonntag-25-08-am-mahnmal-in-friedland\\\/#breadcrumb\",\"itemListElement\":[{\"@type\":\"ListItem\",\"position\":1,\"name\":\"Startseite\",\"item\":\"https:\\\/\\\/radioleinewelle.de\\\/\"},{\"@type\":\"ListItem\",\"position\":2,\"name\":\"Ein Denkmal wird laut &#8211; Internationale Acts spielen Sonntag 25.08. am Mahnmal in Friedland\"}]},{\"@type\":\"WebSite\",\"@id\":\"https:\\\/\\\/radioleinewelle.de\\\/#website\",\"url\":\"https:\\\/\\\/radioleinewelle.de\\\/\",\"name\":\"Radio Leinewelle\",\"description\":\"\",\"publisher\":{\"@id\":\"https:\\\/\\\/radioleinewelle.de\\\/#organization\"},\"potentialAction\":[{\"@type\":\"SearchAction\",\"target\":{\"@type\":\"EntryPoint\",\"urlTemplate\":\"https:\\\/\\\/radioleinewelle.de\\\/?s={search_term_string}\"},\"query-input\":{\"@type\":\"PropertyValueSpecification\",\"valueRequired\":true,\"valueName\":\"search_term_string\"}}],\"inLanguage\":\"de\"},{\"@type\":\"Organization\",\"@id\":\"https:\\\/\\\/radioleinewelle.de\\\/#organization\",\"name\":\"Radio Leinewelle\",\"alternateName\":\"Mein Radio f\u00fcr S\u00fcdniedersachsen\",\"url\":\"https:\\\/\\\/radioleinewelle.de\\\/\",\"logo\":{\"@type\":\"ImageObject\",\"inLanguage\":\"de\",\"@id\":\"https:\\\/\\\/radioleinewelle.de\\\/#\\\/schema\\\/logo\\\/image\\\/\",\"url\":\"https:\\\/\\\/radioleinewelle.de\\\/wp-content\\\/uploads\\\/2023\\\/11\\\/cropped-Leinewelle_Logo_weiss.png\",\"contentUrl\":\"https:\\\/\\\/radioleinewelle.de\\\/wp-content\\\/uploads\\\/2023\\\/11\\\/cropped-Leinewelle_Logo_weiss.png\",\"width\":854,\"height\":260,\"caption\":\"Radio Leinewelle\"},\"image\":{\"@id\":\"https:\\\/\\\/radioleinewelle.de\\\/#\\\/schema\\\/logo\\\/image\\\/\"},\"sameAs\":[\"https:\\\/\\\/www.facebook.com\\\/radioleinewelle\",\"https:\\\/\\\/x.com\\\/RLeinewelle\",\"https:\\\/\\\/www.instagram.com\\\/radioleinewelle\\\/?hl=de\"]},{\"@type\":\"Person\",\"@id\":\"https:\\\/\\\/radioleinewelle.de\\\/#\\\/schema\\\/person\\\/45606f348637df637192dc1b68399a63\",\"name\":\"Leinewelle\",\"image\":{\"@type\":\"ImageObject\",\"inLanguage\":\"de\",\"@id\":\"https:\\\/\\\/secure.gravatar.com\\\/avatar\\\/05c9a17bc973052ee5d91549bd32fb4dd0dc85b7b85ae94b2e2b4943476bbea5?s=96&d=blank&r=g\",\"url\":\"https:\\\/\\\/secure.gravatar.com\\\/avatar\\\/05c9a17bc973052ee5d91549bd32fb4dd0dc85b7b85ae94b2e2b4943476bbea5?s=96&d=blank&r=g\",\"contentUrl\":\"https:\\\/\\\/secure.gravatar.com\\\/avatar\\\/05c9a17bc973052ee5d91549bd32fb4dd0dc85b7b85ae94b2e2b4943476bbea5?s=96&d=blank&r=g\",\"caption\":\"Leinewelle\"},\"sameAs\":[\"http:\\\/\\\/localhost\\\/radio%20leinewelle\\\/wordpress\",\"https:\\\/\\\/www.facebook.com\\\/radioleinewelle\",\"https:\\\/\\\/www.instagram.com\\\/radioleinewelle\",\"https:\\\/\\\/x.com\\\/https:\\\/\\\/twitter.com\\\/RLeinewelle?ref_src=twsrcgoogletwcampserptwgrauthor\",\"https:\\\/\\\/soundcloud.com\\\/foerderverein-lokalradio?utm_source=clipboard&utm_medium=text&utm_campaign=social_sharing\"],\"url\":\"https:\\\/\\\/radioleinewelle.de\\\/index.php\\\/author\\\/leinewelle\\\/\"}]}<\/script>\n<!-- \/ Yoast SEO plugin. -->","yoast_head_json":{"title":"Ein Denkmal wird laut - Internationale Acts spielen Sonntag 25.08. am Mahnmal in Friedland - Radio Leinewelle","robots":{"index":"index","follow":"follow","max-snippet":"max-snippet:-1","max-image-preview":"max-image-preview:large","max-video-preview":"max-video-preview:-1"},"canonical":"https:\/\/radioleinewelle.de\/index.php\/2024\/08\/24\/ein-denkmal-wird-laut-internationale-acts-spielen-sonntag-25-08-am-mahnmal-in-friedland\/","og_locale":"de_DE","og_type":"article","og_title":"Ein Denkmal wird laut - Internationale Acts spielen Sonntag 25.08. am Mahnmal in Friedland - Radio Leinewelle","og_description":"Museum Friedland l\u00e4dt gemeinsam mit Kultur im Kreis am kommenden Sonntag zu einem Open-Air-Konzert am Mahnmal in Friedland ein.&nbsp; Nach \u201eEin Denkmal wird bunt\u201c in 2023 wird es in diesem Jahr am 25. August ab 14 Uhr laut auf dem Hagen in Friedland. Im Rahmen des diesj\u00e4hrigen Aktionstages f\u00fcr Vielfalt und Toleranz verwandelt sich der [&hellip;]","og_url":"https:\/\/radioleinewelle.de\/index.php\/2024\/08\/24\/ein-denkmal-wird-laut-internationale-acts-spielen-sonntag-25-08-am-mahnmal-in-friedland\/","og_site_name":"Radio Leinewelle","article_publisher":"https:\/\/www.facebook.com\/radioleinewelle","article_author":"https:\/\/www.facebook.com\/radioleinewelle","article_published_time":"2024-08-24T07:45:27+00:00","article_modified_time":"2024-08-24T07:58:13+00:00","og_image":[{"width":1500,"height":1125,"url":"https:\/\/radioleinewelle.de\/wp-content\/uploads\/2024\/08\/Montage-der-Banner-am-Mahnmal-scaled-e1724485147839.jpg","type":"image\/jpeg"}],"author":"Leinewelle","twitter_card":"summary_large_image","twitter_creator":"@https:\/\/twitter.com\/RLeinewelle?ref_src=twsrcgoogletwcampserptwgrauthor","twitter_site":"@RLeinewelle","twitter_misc":{"Verfasst von":"Leinewelle","Gesch\u00e4tzte Lesezeit":"2\u00a0Minuten"},"schema":{"@context":"https:\/\/schema.org","@graph":[{"@type":"Article","@id":"https:\/\/radioleinewelle.de\/index.php\/2024\/08\/24\/ein-denkmal-wird-laut-internationale-acts-spielen-sonntag-25-08-am-mahnmal-in-friedland\/#article","isPartOf":{"@id":"https:\/\/radioleinewelle.de\/index.php\/2024\/08\/24\/ein-denkmal-wird-laut-internationale-acts-spielen-sonntag-25-08-am-mahnmal-in-friedland\/"},"author":{"name":"Leinewelle","@id":"https:\/\/radioleinewelle.de\/#\/schema\/person\/45606f348637df637192dc1b68399a63"},"headline":"Ein Denkmal wird laut &#8211; Internationale Acts spielen Sonntag 25.08. am Mahnmal in Friedland","datePublished":"2024-08-24T07:45:27+00:00","dateModified":"2024-08-24T07:58:13+00:00","mainEntityOfPage":{"@id":"https:\/\/radioleinewelle.de\/index.php\/2024\/08\/24\/ein-denkmal-wird-laut-internationale-acts-spielen-sonntag-25-08-am-mahnmal-in-friedland\/"},"wordCount":336,"commentCount":0,"publisher":{"@id":"https:\/\/radioleinewelle.de\/#organization"},"image":{"@id":"https:\/\/radioleinewelle.de\/index.php\/2024\/08\/24\/ein-denkmal-wird-laut-internationale-acts-spielen-sonntag-25-08-am-mahnmal-in-friedland\/#primaryimage"},"thumbnailUrl":"https:\/\/radioleinewelle.de\/wp-content\/uploads\/2024\/08\/Montage-der-Banner-am-Mahnmal-scaled-e1724485147839.jpg","articleSection":["Gesellschaft","Migration","Veranstaltungen"],"inLanguage":"de","potentialAction":[{"@type":"CommentAction","name":"Comment","target":["https:\/\/radioleinewelle.de\/index.php\/2024\/08\/24\/ein-denkmal-wird-laut-internationale-acts-spielen-sonntag-25-08-am-mahnmal-in-friedland\/#respond"]}]},{"@type":"WebPage","@id":"https:\/\/radioleinewelle.de\/index.php\/2024\/08\/24\/ein-denkmal-wird-laut-internationale-acts-spielen-sonntag-25-08-am-mahnmal-in-friedland\/","url":"https:\/\/radioleinewelle.de\/index.php\/2024\/08\/24\/ein-denkmal-wird-laut-internationale-acts-spielen-sonntag-25-08-am-mahnmal-in-friedland\/","name":"Ein Denkmal wird laut - Internationale Acts spielen Sonntag 25.08. am Mahnmal in Friedland - Radio Leinewelle","isPartOf":{"@id":"https:\/\/radioleinewelle.de\/#website"},"primaryImageOfPage":{"@id":"https:\/\/radioleinewelle.de\/index.php\/2024\/08\/24\/ein-denkmal-wird-laut-internationale-acts-spielen-sonntag-25-08-am-mahnmal-in-friedland\/#primaryimage"},"image":{"@id":"https:\/\/radioleinewelle.de\/index.php\/2024\/08\/24\/ein-denkmal-wird-laut-internationale-acts-spielen-sonntag-25-08-am-mahnmal-in-friedland\/#primaryimage"},"thumbnailUrl":"https:\/\/radioleinewelle.de\/wp-content\/uploads\/2024\/08\/Montage-der-Banner-am-Mahnmal-scaled-e1724485147839.jpg","datePublished":"2024-08-24T07:45:27+00:00","dateModified":"2024-08-24T07:58:13+00:00","breadcrumb":{"@id":"https:\/\/radioleinewelle.de\/index.php\/2024\/08\/24\/ein-denkmal-wird-laut-internationale-acts-spielen-sonntag-25-08-am-mahnmal-in-friedland\/#breadcrumb"},"inLanguage":"de","potentialAction":[{"@type":"ReadAction","target":["https:\/\/radioleinewelle.de\/index.php\/2024\/08\/24\/ein-denkmal-wird-laut-internationale-acts-spielen-sonntag-25-08-am-mahnmal-in-friedland\/"]}]},{"@type":"ImageObject","inLanguage":"de","@id":"https:\/\/radioleinewelle.de\/index.php\/2024\/08\/24\/ein-denkmal-wird-laut-internationale-acts-spielen-sonntag-25-08-am-mahnmal-in-friedland\/#primaryimage","url":"https:\/\/radioleinewelle.de\/wp-content\/uploads\/2024\/08\/Montage-der-Banner-am-Mahnmal-scaled-e1724485147839.jpg","contentUrl":"https:\/\/radioleinewelle.de\/wp-content\/uploads\/2024\/08\/Montage-der-Banner-am-Mahnmal-scaled-e1724485147839.jpg","width":1500,"height":1125},{"@type":"BreadcrumbList","@id":"https:\/\/radioleinewelle.de\/index.php\/2024\/08\/24\/ein-denkmal-wird-laut-internationale-acts-spielen-sonntag-25-08-am-mahnmal-in-friedland\/#breadcrumb","itemListElement":[{"@type":"ListItem","position":1,"name":"Startseite","item":"https:\/\/radioleinewelle.de\/"},{"@type":"ListItem","position":2,"name":"Ein Denkmal wird laut &#8211; Internationale Acts spielen Sonntag 25.08. am Mahnmal in Friedland"}]},{"@type":"WebSite","@id":"https:\/\/radioleinewelle.de\/#website","url":"https:\/\/radioleinewelle.de\/","name":"Radio Leinewelle","description":"","publisher":{"@id":"https:\/\/radioleinewelle.de\/#organization"},"potentialAction":[{"@type":"SearchAction","target":{"@type":"EntryPoint","urlTemplate":"https:\/\/radioleinewelle.de\/?s={search_term_string}"},"query-input":{"@type":"PropertyValueSpecification","valueRequired":true,"valueName":"search_term_string"}}],"inLanguage":"de"},{"@type":"Organization","@id":"https:\/\/radioleinewelle.de\/#organization","name":"Radio Leinewelle","alternateName":"Mein Radio f\u00fcr S\u00fcdniedersachsen","url":"https:\/\/radioleinewelle.de\/","logo":{"@type":"ImageObject","inLanguage":"de","@id":"https:\/\/radioleinewelle.de\/#\/schema\/logo\/image\/","url":"https:\/\/radioleinewelle.de\/wp-content\/uploads\/2023\/11\/cropped-Leinewelle_Logo_weiss.png","contentUrl":"https:\/\/radioleinewelle.de\/wp-content\/uploads\/2023\/11\/cropped-Leinewelle_Logo_weiss.png","width":854,"height":260,"caption":"Radio Leinewelle"},"image":{"@id":"https:\/\/radioleinewelle.de\/#\/schema\/logo\/image\/"},"sameAs":["https:\/\/www.facebook.com\/radioleinewelle","https:\/\/x.com\/RLeinewelle","https:\/\/www.instagram.com\/radioleinewelle\/?hl=de"]},{"@type":"Person","@id":"https:\/\/radioleinewelle.de\/#\/schema\/person\/45606f348637df637192dc1b68399a63","name":"Leinewelle","image":{"@type":"ImageObject","inLanguage":"de","@id":"https:\/\/secure.gravatar.com\/avatar\/05c9a17bc973052ee5d91549bd32fb4dd0dc85b7b85ae94b2e2b4943476bbea5?s=96&d=blank&r=g","url":"https:\/\/secure.gravatar.com\/avatar\/05c9a17bc973052ee5d91549bd32fb4dd0dc85b7b85ae94b2e2b4943476bbea5?s=96&d=blank&r=g","contentUrl":"https:\/\/secure.gravatar.com\/avatar\/05c9a17bc973052ee5d91549bd32fb4dd0dc85b7b85ae94b2e2b4943476bbea5?s=96&d=blank&r=g","caption":"Leinewelle"},"sameAs":["http:\/\/localhost\/radio%20leinewelle\/wordpress","https:\/\/www.facebook.com\/radioleinewelle","https:\/\/www.instagram.com\/radioleinewelle","https:\/\/x.com\/https:\/\/twitter.com\/RLeinewelle?ref_src=twsrcgoogletwcampserptwgrauthor","https:\/\/soundcloud.com\/foerderverein-lokalradio?utm_source=clipboard&utm_medium=text&utm_campaign=social_sharing"],"url":"https:\/\/radioleinewelle.de\/index.php\/author\/leinewelle\/"}]}},"_links":{"self":[{"href":"https:\/\/radioleinewelle.de\/index.php\/wp-json\/wp\/v2\/posts\/26002","targetHints":{"allow":["GET"]}}],"collection":[{"href":"https:\/\/radioleinewelle.de\/index.php\/wp-json\/wp\/v2\/posts"}],"about":[{"href":"https:\/\/radioleinewelle.de\/index.php\/wp-json\/wp\/v2\/types\/post"}],"author":[{"embeddable":true,"href":"https:\/\/radioleinewelle.de\/index.php\/wp-json\/wp\/v2\/users\/1"}],"replies":[{"embeddable":true,"href":"https:\/\/radioleinewelle.de\/index.php\/wp-json\/wp\/v2\/comments?post=26002"}],"version-history":[{"count":2,"href":"https:\/\/radioleinewelle.de\/index.php\/wp-json\/wp\/v2\/posts\/26002\/revisions"}],"predecessor-version":[{"id":26005,"href":"https:\/\/radioleinewelle.de\/index.php\/wp-json\/wp\/v2\/posts\/26002\/revisions\/26005"}],"wp:featuredmedia":[{"embeddable":true,"href":"https:\/\/radioleinewelle.de\/index.php\/wp-json\/wp\/v2\/media\/26004"}],"wp:attachment":[{"href":"https:\/\/radioleinewelle.de\/index.php\/wp-json\/wp\/v2\/media?parent=26002"}],"wp:term":[{"taxonomy":"category","embeddable":true,"href":"https:\/\/radioleinewelle.de\/index.php\/wp-json\/wp\/v2\/categories?post=26002"},{"taxonomy":"post_tag","embeddable":true,"href":"https:\/\/radioleinewelle.de\/index.php\/wp-json\/wp\/v2\/tags?post=26002"}],"curies":[{"name":"wp","href":"https:\/\/api.w.org\/{rel}","templated":true}]}}